{"id":78169,"date":"2026-04-27T12:03:04","date_gmt":"2026-04-27T15:03:04","guid":{"rendered":"https:\/\/noticiasemdestaque.com\/cd\/?p=78169"},"modified":"2026-04-27T12:03:04","modified_gmt":"2026-04-27T15:03:04","slug":"chuvas-intensas-na-paraiba-inmet-emite-alerta-de-chuvas-intensas-veja-cidades-sob-aviso","status":"publish","type":"post","link":"https:\/\/noticiasemdestaque.com\/cd\/?p=78169","title":{"rendered":"Chuvas intensas na Para\u00edba: Inmet emite alerta de chuvas intensas; veja cidades sob aviso"},"content":{"rendered":"<p><a href=\"https:\/\/noticiasemdestaque.com\/cd\/wp-content\/uploads\/2026\/04\/sousa-chuvas-foto-reproducao-750x390-1.webp\"><img fetchpriority=\"high\" decoding=\"async\" class=\" wp-image-78170 aligncenter\" src=\"https:\/\/noticiasemdestaque.com\/cd\/wp-content\/uploads\/2026\/04\/sousa-chuvas-foto-reproducao-750x390-1-300x156.webp\" alt=\"\" width=\"933\" height=\"485\" srcset=\"https:\/\/noticiasemdestaque.com\/cd\/wp-content\/uploads\/2026\/04\/sousa-chuvas-foto-reproducao-750x390-1-300x156.webp 300w, https:\/\/noticiasemdestaque.com\/cd\/wp-content\/uploads\/2026\/04\/sousa-chuvas-foto-reproducao-750x390-1.webp 750w\" sizes=\"(max-width: 933px) 100vw, 933px\" \/><\/a><\/p>\n<p>O Instituto Nacional de Meteorologia (Inmet) emitiu um alerta amarelo de perigo potencial de chuvas intensas para cidades da Para\u00edba nesta segunda-feira (27).\u00a0<strong><em>Veja cidades sob risco no fim da reportagem.<\/em><\/strong><\/p>\n<p>O alerta come\u00e7ou \u00e0s 00h00 e permanece v\u00e1lido para 149 cidades at\u00e9 as 23h59 do mesmo dia.<\/p>\n<p>Durante o alerta amarelo de chuvas intensas, podem acontecer chuvas entre 20 a 30 mm\/h ou at\u00e9 50 mm\/dia. Este n\u00edvel de chuva apresenta baixo risco de alagamentos e pequenos deslizamentos.<\/p>\n<h2 class=\"wp-block-heading\">Sistema do Inmet<\/h2>\n<p>O Inmet utiliza um sistema de cores para classificar tipos de alertas meteorol\u00f3gicos. O perigo pode ser representado pelas cores amarela, laranja ou vermelha.<\/p>\n<p><strong>Alerta amarelo:<\/strong>\u00a0classifica \u201cperigo potencial\u201d com chuvas que podem chegar de 20 a 30 mil\u00edmetros por hora com ventos de at\u00e9 60 km\/h. O risco de corte de energia e quedas de \u00e1rvores durante o alerta \u00e9 baixo.<\/p>\n<p><strong>Alerta laranja:\u00a0<\/strong>classifica \u201cperigo\u201d com chuvas que podem chegar de 30 a 60 mil\u00edmetros por hora com ventos de at\u00e9 100 km\/h. Durante o alerta existe risco para corte de energia, quedas de \u00e1rvores e alagamentos e descargas el\u00e9tricas.<\/p>\n<p><strong>Alerta vermelho:<\/strong>\u00a0\u00e9 o aviso mais preocupante do Inmet e classifica \u201cgrande perigo\u201d, com um volume de chuva que pode ser superior a 60 mil\u00edmetros por hora ou acima de 100 mil\u00edmetros por dia. Durante o alerta h\u00e1 probabilidade de grandes danos e acidentes, com risco de alagamentos e transbordamento de rios, al\u00e9m de deslizamentos de encostas.<\/p>\n<h2 class=\"wp-block-heading\">Recomenda\u00e7\u00f5es do Inmet<\/h2>\n<p>O Inmet recomenda que as pessoas n\u00e3o se abriguem debaixo de \u00e1rvores durante a chuva, pois h\u00e1 risco de queda e descargas el\u00e9tricas. O \u00f3rg\u00e3o tamb\u00e9m orienta que ve\u00edculos n\u00e3o sejam estacionados pr\u00f3ximos a torres de transmiss\u00e3o e placas de propaganda.<\/p>\n<p>Para as cidades sob alerta amarelo, o uso de aparelhos eletr\u00f4nicos ligados \u00e0 tomada deve ser evitado. No caso dos munic\u00edpios sob alerta laranja, o Inmet recomenda o desligamento de aparelhos el\u00e9tricos e o quadro geral de energia.<\/p>\n<p><strong>Canais de atendimento<\/strong><\/p>\n<p>Em casos de emerg\u00eancia, a popula\u00e7\u00e3o pode acionar a Defesa Civil pelo telefone 199 ou o Corpo de Bombeiros pelo telefone 193.<\/p>\n<h2 class=\"wp-block-heading\">Cidades em alerta amarelo<\/h2>\n<ol class=\"wp-block-list\">\n<li>Alagoa Grande<\/li>\n<li>Alagoa Nova<\/li>\n<li>Alagoinha<\/li>\n<li>Alcantil<\/li>\n<li>Algod\u00e3o de Janda\u00edra<\/li>\n<li>Alhandra<\/li>\n<li>Ara\u00e7agi<\/li>\n<li>Arara<\/li>\n<li>Araruna<\/li>\n<li>Areia<\/li>\n<li>Areia de Bara\u00fanas<\/li>\n<li>Areial<\/li>\n<li>Aroeiras<\/li>\n<li>Assun\u00e7\u00e3o<\/li>\n<li>Ba\u00eda da Trai\u00e7\u00e3o<\/li>\n<li>Bananeiras<\/li>\n<li>Bara\u00fana<\/li>\n<li>Barra de Santana<\/li>\n<li>Barra de Santa Rosa<\/li>\n<li>Barra de S\u00e3o Miguel<\/li>\n<li>Bayeux<\/li>\n<li>Bel\u00e9m<\/li>\n<li>Bel\u00e9m do Brejo do Cruz<\/li>\n<li>Boa Vista<\/li>\n<li>Bom Sucesso<\/li>\n<li>Boqueir\u00e3o<\/li>\n<li>Borborema<\/li>\n<li>Brejo do Cruz<\/li>\n<li>Brejo dos Santos<\/li>\n<li>Caapor\u00e3<\/li>\n<li>Cabaceiras<\/li>\n<li>Cabedelo<\/li>\n<li>Cacimba de Dentro<\/li>\n<li>Cai\u00e7ara<\/li>\n<li>Caldas Brand\u00e3o<\/li>\n<li>Camala\u00fa<\/li>\n<li>Campina Grande<\/li>\n<li>Capim<\/li>\n<li>Cara\u00fabas<\/li>\n<li>Casserengue<\/li>\n<li>Catol\u00e9 do Rocha<\/li>\n<li>Caturit\u00e9<\/li>\n<li>Conde<\/li>\n<li>Congo<\/li>\n<li>Coxixola<\/li>\n<li>Cruz do Esp\u00edrito Santo<\/li>\n<li>Cubati<\/li>\n<li>Cuit\u00e9<\/li>\n<li>Cuit\u00e9 de Mamanguape<\/li>\n<li>Cuitegi<\/li>\n<li>Curral de Cima<\/li>\n<li>Dami\u00e3o<\/li>\n<li>Dona In\u00eas<\/li>\n<li>Duas Estradas<\/li>\n<li>Esperan\u00e7a<\/li>\n<li>Fagundes<\/li>\n<li>Frei Martinho<\/li>\n<li>Gado Bravo<\/li>\n<li>Guarabira<\/li>\n<li>Gurinh\u00e9m<\/li>\n<li>Gurj\u00e3o<\/li>\n<li>Ing\u00e1<\/li>\n<li>Itabaiana<\/li>\n<li>Itapororoca<\/li>\n<li>Itatuba<\/li>\n<li>Jacara\u00fa<\/li>\n<li>Jeric\u00f3<\/li>\n<li>Jo\u00e3o Pessoa<\/li>\n<li>Juarez T\u00e1vora<\/li>\n<li>Juazeirinho<\/li>\n<li>Junco do Serid\u00f3<\/li>\n<li>Juripiranga<\/li>\n<li>Lagoa de Dentro<\/li>\n<li>Lagoa Seca<\/li>\n<li>Livramento<\/li>\n<li>Logradouro<\/li>\n<li>Lucena<\/li>\n<li>Mamanguape<\/li>\n<li>Marca\u00e7\u00e3o<\/li>\n<li>Mari<\/li>\n<li>Massaranduba<\/li>\n<li>Mataraca<\/li>\n<li>Matinhas<\/li>\n<li>Mato Grosso<\/li>\n<li>Mogeiro<\/li>\n<li>Montadas<\/li>\n<li>Mulungu<\/li>\n<li>Natuba<\/li>\n<li>Nova Floresta<\/li>\n<li>Nova Palmeira<\/li>\n<li>Olivedos<\/li>\n<li>Parari<\/li>\n<li>Passagem<\/li>\n<li>Patos<\/li>\n<li>Paulista<\/li>\n<li>Pedra Lavrada<\/li>\n<li>Pedras de Fogo<\/li>\n<li>Pedro R\u00e9gis<\/li>\n<li>Picu\u00ed<\/li>\n<li>Pilar<\/li>\n<li>Pil\u00f5es<\/li>\n<li>Pil\u00f5ezinhos<\/li>\n<li>Pirpirituba<\/li>\n<li>Pitimbu<\/li>\n<li>Pocinhos<\/li>\n<li>Puxinan\u00e3<\/li>\n<li>Queimadas<\/li>\n<li>Quixaba<\/li>\n<li>Rem\u00edgio<\/li>\n<li>Riach\u00e3o<\/li>\n<li>Riach\u00e3o do Bacamarte<\/li>\n<li>Riach\u00e3o do Po\u00e7o<\/li>\n<li>Riacho de Santo Ant\u00f4nio<\/li>\n<li>Riacho dos Cavalos<\/li>\n<li>Rio Tinto<\/li>\n<li>Salgadinho<\/li>\n<li>Salgado de S\u00e3o F\u00e9lix<\/li>\n<li>Santa Cec\u00edlia<\/li>\n<li>Santa Luzia<\/li>\n<li>Santa Rita<\/li>\n<li>Santo Andr\u00e9<\/li>\n<li>S\u00e3o Bento<\/li>\n<li>S\u00e3o Domingos do Cariri<\/li>\n<li>S\u00e3o Jo\u00e3o do Cariri<\/li>\n<li>S\u00e3o Jo\u00e3o do Tigre<\/li>\n<li>S\u00e3o Jos\u00e9 de Espinharas<\/li>\n<li>S\u00e3o Jos\u00e9 do Brejo do Cruz<\/li>\n<li>S\u00e3o Jos\u00e9 do Sabugi<\/li>\n<li>S\u00e3o Jos\u00e9 dos Cordeiros<\/li>\n<li>S\u00e3o Jos\u00e9 dos Ramos<\/li>\n<li>S\u00e3o Mamede<\/li>\n<li>S\u00e3o Miguel de Taipu<\/li>\n<li>S\u00e3o Sebasti\u00e3o de Lagoa de Ro\u00e7a<\/li>\n<li>S\u00e3o Vicente do Serid\u00f3<\/li>\n<li>Sap\u00e9<\/li>\n<li>Serra Branca<\/li>\n<li>Serra da Raiz<\/li>\n<li>Serra Redonda<\/li>\n<li>Serraria<\/li>\n<li>Sert\u00e3ozinho<\/li>\n<li>Sobrado<\/li>\n<li>Sol\u00e2nea<\/li>\n<li>Soledade<\/li>\n<li>Soss\u00eago<\/li>\n<li>Tacima<\/li>\n<li>Tapero\u00e1<\/li>\n<li>Ten\u00f3rio<\/li>\n<li>Umbuzeiro<\/li>\n<li>V\u00e1rzea<\/li>\n<\/ol>\n<p><strong>Noticias em Destaque<\/strong><\/p>\n<p style=\"text-align: right;\"><em>Fonte: Jornal da Para\u00edba<\/em><\/p>\n","protected":false},"excerpt":{"rendered":"<p>O Instituto Nacional de Meteorologia (Inmet) emitiu um alerta amarelo de perigo potencial de chuvas intensas para cidades da Para\u00edba nesta segunda-feira (27).\u00a0Veja cidades sob risco no fim da reportagem. O alerta come\u00e7ou \u00e0s 00h00 e permanece v\u00e1lido para 149 cidades at\u00e9 as 23h59 do mesmo dia. Durante o alerta amarelo de chuvas intensas, podem acontecer chuvas entre 20 a 30 mm\/h ou at\u00e9 50 mm\/dia. Este n\u00edvel de chuva apresenta baixo risco de alagamentos e pequenos deslizamentos. Sistema do Inmet O Inmet utiliza um sistema de cores para classificar tipos de alertas meteorol\u00f3gicos. O perigo pode ser representado pelas cores amarela, laranja ou vermelha. Alerta amarelo:\u00a0classifica \u201cperigo potencial\u201d com chuvas que podem chegar de 20 a 30 mil\u00edmetros por hora com ventos de at\u00e9 60 km\/h. O risco de corte de energia e quedas de \u00e1rvores durante o alerta \u00e9 baixo. Alerta laranja:\u00a0classifica \u201cperigo\u201d com chuvas que podem chegar de 30 a 60 mil\u00edmetros por hora com ventos de at\u00e9 100 km\/h. Durante o alerta existe risco para corte de energia, quedas de \u00e1rvores e alagamentos e descargas el\u00e9tricas. Alerta vermelho:\u00a0\u00e9 o aviso mais preocupante do Inmet e classifica \u201cgrande perigo\u201d, com um volume de chuva que pode ser superior a 60 mil\u00edmetros por hora ou acima de 100 mil\u00edmetros por dia. Durante o alerta h\u00e1 probabilidade de grandes danos e acidentes, com risco de alagamentos e transbordamento de rios, al\u00e9m de deslizamentos de encostas. Recomenda\u00e7\u00f5es do Inmet O Inmet recomenda que as pessoas n\u00e3o se abriguem debaixo de \u00e1rvores durante a chuva, pois h\u00e1 risco de queda e descargas el\u00e9tricas. O \u00f3rg\u00e3o tamb\u00e9m orienta que ve\u00edculos n\u00e3o sejam estacionados pr\u00f3ximos a torres de transmiss\u00e3o e placas de propaganda. Para as cidades sob alerta amarelo, o uso de aparelhos eletr\u00f4nicos ligados \u00e0 tomada deve ser evitado. No caso dos munic\u00edpios sob alerta laranja, o Inmet recomenda o desligamento de aparelhos el\u00e9tricos e o quadro geral de energia. Canais de atendimento Em casos de emerg\u00eancia, a popula\u00e7\u00e3o pode acionar a Defesa Civil pelo telefone 199 ou o Corpo de Bombeiros pelo telefone 193. Cidades em alerta amarelo Alagoa Grande Alagoa Nova Alagoinha Alcantil Algod\u00e3o de Janda\u00edra Alhandra Ara\u00e7agi Arara Araruna Areia Areia de Bara\u00fanas Areial Aroeiras Assun\u00e7\u00e3o Ba\u00eda da Trai\u00e7\u00e3o Bananeiras Bara\u00fana Barra de Santana Barra de Santa Rosa Barra de S\u00e3o Miguel Bayeux Bel\u00e9m Bel\u00e9m do Brejo do Cruz Boa Vista Bom Sucesso Boqueir\u00e3o Borborema Brejo do Cruz Brejo dos Santos Caapor\u00e3 Cabaceiras Cabedelo Cacimba de Dentro Cai\u00e7ara Caldas Brand\u00e3o Camala\u00fa Campina Grande Capim Cara\u00fabas Casserengue Catol\u00e9 do Rocha Caturit\u00e9 Conde Congo Coxixola Cruz do Esp\u00edrito Santo Cubati Cuit\u00e9 Cuit\u00e9 de Mamanguape Cuitegi Curral de Cima Dami\u00e3o Dona In\u00eas Duas Estradas Esperan\u00e7a Fagundes Frei Martinho Gado Bravo Guarabira Gurinh\u00e9m Gurj\u00e3o Ing\u00e1 Itabaiana Itapororoca Itatuba Jacara\u00fa Jeric\u00f3 Jo\u00e3o Pessoa Juarez T\u00e1vora Juazeirinho Junco do Serid\u00f3 Juripiranga Lagoa de Dentro Lagoa Seca Livramento Logradouro Lucena Mamanguape Marca\u00e7\u00e3o Mari Massaranduba Mataraca Matinhas Mato Grosso Mogeiro Montadas Mulungu Natuba Nova Floresta Nova Palmeira Olivedos Parari Passagem Patos Paulista Pedra Lavrada Pedras de Fogo Pedro R\u00e9gis Picu\u00ed Pilar Pil\u00f5es Pil\u00f5ezinhos Pirpirituba Pitimbu Pocinhos Puxinan\u00e3 Queimadas Quixaba Rem\u00edgio Riach\u00e3o Riach\u00e3o do Bacamarte Riach\u00e3o do Po\u00e7o Riacho de Santo Ant\u00f4nio Riacho dos Cavalos Rio Tinto Salgadinho Salgado de S\u00e3o F\u00e9lix Santa Cec\u00edlia Santa Luzia Santa Rita Santo Andr\u00e9 S\u00e3o Bento S\u00e3o Domingos do Cariri S\u00e3o Jo\u00e3o do Cariri S\u00e3o Jo\u00e3o do Tigre S\u00e3o Jos\u00e9 de Espinharas S\u00e3o Jos\u00e9 do Brejo do Cruz S\u00e3o Jos\u00e9 do Sabugi S\u00e3o Jos\u00e9 dos Cordeiros S\u00e3o Jos\u00e9 dos Ramos S\u00e3o Mamede S\u00e3o Miguel de Taipu S\u00e3o Sebasti\u00e3o de Lagoa de Ro\u00e7a S\u00e3o Vicente do Serid\u00f3 Sap\u00e9 Serra Branca Serra da Raiz Serra Redonda Serraria Sert\u00e3ozinho Sobrado Sol\u00e2nea Soledade Soss\u00eago Tacima Tapero\u00e1 Ten\u00f3rio Umbuzeiro V\u00e1rzea Noticias em Destaque Fonte: Jornal da Para\u00edba<\/p>\n","protected":false},"author":2,"featured_media":78170,"comment_status":"closed","ping_status":"closed","sticky":false,"template":"","format":"standard","meta":{"_eb_attr":"","_jetpack_memberships_contains_paid_content":false,"footnotes":""},"categories":[12],"tags":[],"class_list":["post-78169","post","type-post","status-publish","format-standard","has-post-thumbnail","hentry","category-geral"],"yoast_head":"<!-- This site is optimized with the Yoast SEO plugin v26.5 - https:\/\/yoast.com\/wordpress\/plugins\/seo\/ -->\n<title>Chuvas intensas na Para\u00edba: Inmet emite alerta de chuvas intensas; veja cidades sob aviso - Not&iacute;cias em Destaque<\/title>\n<meta name=\"robots\" content=\"index, follow, max-snippet:-1, max-image-preview:large, max-video-preview:-1\" \/>\n<link rel=\"canonical\" href=\"https:\/\/noticiasemdestaque.com\/cd\/?p=78169\" \/>\n<meta property=\"og:locale\" content=\"pt_BR\" \/>\n<meta property=\"og:type\" content=\"article\" \/>\n<meta property=\"og:title\" content=\"Chuvas intensas na Para\u00edba: Inmet emite alerta de chuvas intensas; veja cidades sob aviso - Not&iacute;cias em Destaque\" \/>\n<meta property=\"og:description\" content=\"O Instituto Nacional de Meteorologia (Inmet) emitiu um alerta amarelo de perigo potencial de chuvas intensas para cidades da Para\u00edba nesta segunda-feira (27).\u00a0Veja cidades sob risco no fim da reportagem. O alerta come\u00e7ou \u00e0s 00h00 e permanece v\u00e1lido para 149 cidades at\u00e9 as 23h59 do mesmo dia. Durante o alerta amarelo de chuvas intensas, podem acontecer chuvas entre 20 a 30 mm\/h ou at\u00e9 50 mm\/dia. Este n\u00edvel de chuva apresenta baixo risco de alagamentos e pequenos deslizamentos. Sistema do Inmet O Inmet utiliza um sistema de cores para classificar tipos de alertas meteorol\u00f3gicos. O perigo pode ser representado pelas cores amarela, laranja ou vermelha. Alerta amarelo:\u00a0classifica \u201cperigo potencial\u201d com chuvas que podem chegar de 20 a 30 mil\u00edmetros por hora com ventos de at\u00e9 60 km\/h. O risco de corte de energia e quedas de \u00e1rvores durante o alerta \u00e9 baixo. Alerta laranja:\u00a0classifica \u201cperigo\u201d com chuvas que podem chegar de 30 a 60 mil\u00edmetros por hora com ventos de at\u00e9 100 km\/h. Durante o alerta existe risco para corte de energia, quedas de \u00e1rvores e alagamentos e descargas el\u00e9tricas. Alerta vermelho:\u00a0\u00e9 o aviso mais preocupante do Inmet e classifica \u201cgrande perigo\u201d, com um volume de chuva que pode ser superior a 60 mil\u00edmetros por hora ou acima de 100 mil\u00edmetros por dia. Durante o alerta h\u00e1 probabilidade de grandes danos e acidentes, com risco de alagamentos e transbordamento de rios, al\u00e9m de deslizamentos de encostas. Recomenda\u00e7\u00f5es do Inmet O Inmet recomenda que as pessoas n\u00e3o se abriguem debaixo de \u00e1rvores durante a chuva, pois h\u00e1 risco de queda e descargas el\u00e9tricas. O \u00f3rg\u00e3o tamb\u00e9m orienta que ve\u00edculos n\u00e3o sejam estacionados pr\u00f3ximos a torres de transmiss\u00e3o e placas de propaganda. Para as cidades sob alerta amarelo, o uso de aparelhos eletr\u00f4nicos ligados \u00e0 tomada deve ser evitado. No caso dos munic\u00edpios sob alerta laranja, o Inmet recomenda o desligamento de aparelhos el\u00e9tricos e o quadro geral de energia. Canais de atendimento Em casos de emerg\u00eancia, a popula\u00e7\u00e3o pode acionar a Defesa Civil pelo telefone 199 ou o Corpo de Bombeiros pelo telefone 193. Cidades em alerta amarelo Alagoa Grande Alagoa Nova Alagoinha Alcantil Algod\u00e3o de Janda\u00edra Alhandra Ara\u00e7agi Arara Araruna Areia Areia de Bara\u00fanas Areial Aroeiras Assun\u00e7\u00e3o Ba\u00eda da Trai\u00e7\u00e3o Bananeiras Bara\u00fana Barra de Santana Barra de Santa Rosa Barra de S\u00e3o Miguel Bayeux Bel\u00e9m Bel\u00e9m do Brejo do Cruz Boa Vista Bom Sucesso Boqueir\u00e3o Borborema Brejo do Cruz Brejo dos Santos Caapor\u00e3 Cabaceiras Cabedelo Cacimba de Dentro Cai\u00e7ara Caldas Brand\u00e3o Camala\u00fa Campina Grande Capim Cara\u00fabas Casserengue Catol\u00e9 do Rocha Caturit\u00e9 Conde Congo Coxixola Cruz do Esp\u00edrito Santo Cubati Cuit\u00e9 Cuit\u00e9 de Mamanguape Cuitegi Curral de Cima Dami\u00e3o Dona In\u00eas Duas Estradas Esperan\u00e7a Fagundes Frei Martinho Gado Bravo Guarabira Gurinh\u00e9m Gurj\u00e3o Ing\u00e1 Itabaiana Itapororoca Itatuba Jacara\u00fa Jeric\u00f3 Jo\u00e3o Pessoa Juarez T\u00e1vora Juazeirinho Junco do Serid\u00f3 Juripiranga Lagoa de Dentro Lagoa Seca Livramento Logradouro Lucena Mamanguape Marca\u00e7\u00e3o Mari Massaranduba Mataraca Matinhas Mato Grosso Mogeiro Montadas Mulungu Natuba Nova Floresta Nova Palmeira Olivedos Parari Passagem Patos Paulista Pedra Lavrada Pedras de Fogo Pedro R\u00e9gis Picu\u00ed Pilar Pil\u00f5es Pil\u00f5ezinhos Pirpirituba Pitimbu Pocinhos Puxinan\u00e3 Queimadas Quixaba Rem\u00edgio Riach\u00e3o Riach\u00e3o do Bacamarte Riach\u00e3o do Po\u00e7o Riacho de Santo Ant\u00f4nio Riacho dos Cavalos Rio Tinto Salgadinho Salgado de S\u00e3o F\u00e9lix Santa Cec\u00edlia Santa Luzia Santa Rita Santo Andr\u00e9 S\u00e3o Bento S\u00e3o Domingos do Cariri S\u00e3o Jo\u00e3o do Cariri S\u00e3o Jo\u00e3o do Tigre S\u00e3o Jos\u00e9 de Espinharas S\u00e3o Jos\u00e9 do Brejo do Cruz S\u00e3o Jos\u00e9 do Sabugi S\u00e3o Jos\u00e9 dos Cordeiros S\u00e3o Jos\u00e9 dos Ramos S\u00e3o Mamede S\u00e3o Miguel de Taipu S\u00e3o Sebasti\u00e3o de Lagoa de Ro\u00e7a S\u00e3o Vicente do Serid\u00f3 Sap\u00e9 Serra Branca Serra da Raiz Serra Redonda Serraria Sert\u00e3ozinho Sobrado Sol\u00e2nea Soledade Soss\u00eago Tacima Tapero\u00e1 Ten\u00f3rio Umbuzeiro V\u00e1rzea Noticias em Destaque Fonte: Jornal da Para\u00edba\" \/>\n<meta property=\"og:url\" content=\"https:\/\/noticiasemdestaque.com\/cd\/?p=78169\" \/>\n<meta property=\"og:site_name\" content=\"Not&iacute;cias em Destaque\" \/>\n<meta property=\"article:published_time\" content=\"2026-04-27T15:03:04+00:00\" \/>\n<meta property=\"og:image\" content=\"https:\/\/noticiasemdestaque.com\/cd\/wp-content\/uploads\/2026\/04\/sousa-chuvas-foto-reproducao-750x390-1.webp\" \/>\n\t<meta property=\"og:image:width\" content=\"750\" \/>\n\t<meta property=\"og:image:height\" content=\"390\" \/>\n\t<meta property=\"og:image:type\" content=\"image\/webp\" \/>\n<meta name=\"author\" content=\"Not\u00edcias em Destaque\" \/>\n<meta name=\"twitter:card\" content=\"summary_large_image\" \/>\n<meta name=\"twitter:label1\" content=\"Escrito por\" \/>\n\t<meta name=\"twitter:data1\" content=\"Not\u00edcias em Destaque\" \/>\n\t<meta name=\"twitter:label2\" content=\"Est. tempo de leitura\" \/>\n\t<meta name=\"twitter:data2\" content=\"4 minutos\" \/>\n<script type=\"application\/ld+json\" class=\"yoast-schema-graph\">{\"@context\":\"https:\/\/schema.org\",\"@graph\":[{\"@type\":\"Article\",\"@id\":\"https:\/\/noticiasemdestaque.com\/cd\/?p=78169#article\",\"isPartOf\":{\"@id\":\"https:\/\/noticiasemdestaque.com\/cd\/?p=78169\"},\"author\":{\"name\":\"Not\u00edcias em Destaque\",\"@id\":\"https:\/\/noticiasemdestaque.com\/cd\/#\/schema\/person\/4a81fb71f77579d059c3045891fa1786\"},\"headline\":\"Chuvas intensas na Para\u00edba: Inmet emite alerta de chuvas intensas; veja cidades sob aviso\",\"datePublished\":\"2026-04-27T15:03:04+00:00\",\"mainEntityOfPage\":{\"@id\":\"https:\/\/noticiasemdestaque.com\/cd\/?p=78169\"},\"wordCount\":709,\"publisher\":{\"@id\":\"https:\/\/noticiasemdestaque.com\/cd\/#organization\"},\"image\":{\"@id\":\"https:\/\/noticiasemdestaque.com\/cd\/?p=78169#primaryimage\"},\"thumbnailUrl\":\"https:\/\/noticiasemdestaque.com\/cd\/wp-content\/uploads\/2026\/04\/sousa-chuvas-foto-reproducao-750x390-1.webp\",\"articleSection\":[\"Geral\"],\"inLanguage\":\"pt-BR\"},{\"@type\":\"WebPage\",\"@id\":\"https:\/\/noticiasemdestaque.com\/cd\/?p=78169\",\"url\":\"https:\/\/noticiasemdestaque.com\/cd\/?p=78169\",\"name\":\"Chuvas intensas na Para\u00edba: Inmet emite alerta de chuvas intensas; veja cidades sob aviso - Not&iacute;cias em Destaque\",\"isPartOf\":{\"@id\":\"https:\/\/noticiasemdestaque.com\/cd\/#website\"},\"primaryImageOfPage\":{\"@id\":\"https:\/\/noticiasemdestaque.com\/cd\/?p=78169#primaryimage\"},\"image\":{\"@id\":\"https:\/\/noticiasemdestaque.com\/cd\/?p=78169#primaryimage\"},\"thumbnailUrl\":\"https:\/\/noticiasemdestaque.com\/cd\/wp-content\/uploads\/2026\/04\/sousa-chuvas-foto-reproducao-750x390-1.webp\",\"datePublished\":\"2026-04-27T15:03:04+00:00\",\"breadcrumb\":{\"@id\":\"https:\/\/noticiasemdestaque.com\/cd\/?p=78169#breadcrumb\"},\"inLanguage\":\"pt-BR\",\"potentialAction\":[{\"@type\":\"ReadAction\",\"target\":[\"https:\/\/noticiasemdestaque.com\/cd\/?p=78169\"]}]},{\"@type\":\"ImageObject\",\"inLanguage\":\"pt-BR\",\"@id\":\"https:\/\/noticiasemdestaque.com\/cd\/?p=78169#primaryimage\",\"url\":\"https:\/\/noticiasemdestaque.com\/cd\/wp-content\/uploads\/2026\/04\/sousa-chuvas-foto-reproducao-750x390-1.webp\",\"contentUrl\":\"https:\/\/noticiasemdestaque.com\/cd\/wp-content\/uploads\/2026\/04\/sousa-chuvas-foto-reproducao-750x390-1.webp\",\"width\":750,\"height\":390},{\"@type\":\"BreadcrumbList\",\"@id\":\"https:\/\/noticiasemdestaque.com\/cd\/?p=78169#breadcrumb\",\"itemListElement\":[{\"@type\":\"ListItem\",\"position\":1,\"name\":\"In\u00edcio\",\"item\":\"https:\/\/noticiasemdestaque.com\/cd\/\"},{\"@type\":\"ListItem\",\"position\":2,\"name\":\"Chuvas intensas na Para\u00edba: Inmet emite alerta de chuvas intensas; veja cidades sob aviso\"}]},{\"@type\":\"WebSite\",\"@id\":\"https:\/\/noticiasemdestaque.com\/cd\/#website\",\"url\":\"https:\/\/noticiasemdestaque.com\/cd\/\",\"name\":\"Not&iacute;cias em Destaque\",\"description\":\"\",\"publisher\":{\"@id\":\"https:\/\/noticiasemdestaque.com\/cd\/#organization\"},\"potentialAction\":[{\"@type\":\"SearchAction\",\"target\":{\"@type\":\"EntryPoint\",\"urlTemplate\":\"https:\/\/noticiasemdestaque.com\/cd\/?s={search_term_string}\"},\"query-input\":{\"@type\":\"PropertyValueSpecification\",\"valueRequired\":true,\"valueName\":\"search_term_string\"}}],\"inLanguage\":\"pt-BR\"},{\"@type\":\"Organization\",\"@id\":\"https:\/\/noticiasemdestaque.com\/cd\/#organization\",\"name\":\"Not\u00edcias em Destaque\",\"url\":\"https:\/\/noticiasemdestaque.com\/cd\/\",\"logo\":{\"@type\":\"ImageObject\",\"inLanguage\":\"pt-BR\",\"@id\":\"https:\/\/noticiasemdestaque.com\/cd\/#\/schema\/logo\/image\/\",\"url\":\"https:\/\/noticiasemdestaque.com\/cd\/wp-content\/uploads\/2022\/05\/imagem-base-noticiasemdestaque.png\",\"contentUrl\":\"https:\/\/noticiasemdestaque.com\/cd\/wp-content\/uploads\/2022\/05\/imagem-base-noticiasemdestaque.png\",\"width\":1200,\"height\":630,\"caption\":\"Not\u00edcias em Destaque\"},\"image\":{\"@id\":\"https:\/\/noticiasemdestaque.com\/cd\/#\/schema\/logo\/image\/\"}},{\"@type\":\"Person\",\"@id\":\"https:\/\/noticiasemdestaque.com\/cd\/#\/schema\/person\/4a81fb71f77579d059c3045891fa1786\",\"name\":\"Not\u00edcias em Destaque\",\"url\":\"https:\/\/noticiasemdestaque.com\/cd\/?author=2\"}]}<\/script>\n<!-- \/ Yoast SEO plugin. -->","yoast_head_json":{"title":"Chuvas intensas na Para\u00edba: Inmet emite alerta de chuvas intensas; veja cidades sob aviso - Not&iacute;cias em Destaque","robots":{"index":"index","follow":"follow","max-snippet":"max-snippet:-1","max-image-preview":"max-image-preview:large","max-video-preview":"max-video-preview:-1"},"canonical":"https:\/\/noticiasemdestaque.com\/cd\/?p=78169","og_locale":"pt_BR","og_type":"article","og_title":"Chuvas intensas na Para\u00edba: Inmet emite alerta de chuvas intensas; veja cidades sob aviso - Not&iacute;cias em Destaque","og_description":"O Instituto Nacional de Meteorologia (Inmet) emitiu um alerta amarelo de perigo potencial de chuvas intensas para cidades da Para\u00edba nesta segunda-feira (27).\u00a0Veja cidades sob risco no fim da reportagem. O alerta come\u00e7ou \u00e0s 00h00 e permanece v\u00e1lido para 149 cidades at\u00e9 as 23h59 do mesmo dia. Durante o alerta amarelo de chuvas intensas, podem acontecer chuvas entre 20 a 30 mm\/h ou at\u00e9 50 mm\/dia. Este n\u00edvel de chuva apresenta baixo risco de alagamentos e pequenos deslizamentos. Sistema do Inmet O Inmet utiliza um sistema de cores para classificar tipos de alertas meteorol\u00f3gicos. O perigo pode ser representado pelas cores amarela, laranja ou vermelha. Alerta amarelo:\u00a0classifica \u201cperigo potencial\u201d com chuvas que podem chegar de 20 a 30 mil\u00edmetros por hora com ventos de at\u00e9 60 km\/h. O risco de corte de energia e quedas de \u00e1rvores durante o alerta \u00e9 baixo. Alerta laranja:\u00a0classifica \u201cperigo\u201d com chuvas que podem chegar de 30 a 60 mil\u00edmetros por hora com ventos de at\u00e9 100 km\/h. Durante o alerta existe risco para corte de energia, quedas de \u00e1rvores e alagamentos e descargas el\u00e9tricas. Alerta vermelho:\u00a0\u00e9 o aviso mais preocupante do Inmet e classifica \u201cgrande perigo\u201d, com um volume de chuva que pode ser superior a 60 mil\u00edmetros por hora ou acima de 100 mil\u00edmetros por dia. Durante o alerta h\u00e1 probabilidade de grandes danos e acidentes, com risco de alagamentos e transbordamento de rios, al\u00e9m de deslizamentos de encostas. Recomenda\u00e7\u00f5es do Inmet O Inmet recomenda que as pessoas n\u00e3o se abriguem debaixo de \u00e1rvores durante a chuva, pois h\u00e1 risco de queda e descargas el\u00e9tricas. O \u00f3rg\u00e3o tamb\u00e9m orienta que ve\u00edculos n\u00e3o sejam estacionados pr\u00f3ximos a torres de transmiss\u00e3o e placas de propaganda. Para as cidades sob alerta amarelo, o uso de aparelhos eletr\u00f4nicos ligados \u00e0 tomada deve ser evitado. No caso dos munic\u00edpios sob alerta laranja, o Inmet recomenda o desligamento de aparelhos el\u00e9tricos e o quadro geral de energia. Canais de atendimento Em casos de emerg\u00eancia, a popula\u00e7\u00e3o pode acionar a Defesa Civil pelo telefone 199 ou o Corpo de Bombeiros pelo telefone 193. Cidades em alerta amarelo Alagoa Grande Alagoa Nova Alagoinha Alcantil Algod\u00e3o de Janda\u00edra Alhandra Ara\u00e7agi Arara Araruna Areia Areia de Bara\u00fanas Areial Aroeiras Assun\u00e7\u00e3o Ba\u00eda da Trai\u00e7\u00e3o Bananeiras Bara\u00fana Barra de Santana Barra de Santa Rosa Barra de S\u00e3o Miguel Bayeux Bel\u00e9m Bel\u00e9m do Brejo do Cruz Boa Vista Bom Sucesso Boqueir\u00e3o Borborema Brejo do Cruz Brejo dos Santos Caapor\u00e3 Cabaceiras Cabedelo Cacimba de Dentro Cai\u00e7ara Caldas Brand\u00e3o Camala\u00fa Campina Grande Capim Cara\u00fabas Casserengue Catol\u00e9 do Rocha Caturit\u00e9 Conde Congo Coxixola Cruz do Esp\u00edrito Santo Cubati Cuit\u00e9 Cuit\u00e9 de Mamanguape Cuitegi Curral de Cima Dami\u00e3o Dona In\u00eas Duas Estradas Esperan\u00e7a Fagundes Frei Martinho Gado Bravo Guarabira Gurinh\u00e9m Gurj\u00e3o Ing\u00e1 Itabaiana Itapororoca Itatuba Jacara\u00fa Jeric\u00f3 Jo\u00e3o Pessoa Juarez T\u00e1vora Juazeirinho Junco do Serid\u00f3 Juripiranga Lagoa de Dentro Lagoa Seca Livramento Logradouro Lucena Mamanguape Marca\u00e7\u00e3o Mari Massaranduba Mataraca Matinhas Mato Grosso Mogeiro Montadas Mulungu Natuba Nova Floresta Nova Palmeira Olivedos Parari Passagem Patos Paulista Pedra Lavrada Pedras de Fogo Pedro R\u00e9gis Picu\u00ed Pilar Pil\u00f5es Pil\u00f5ezinhos Pirpirituba Pitimbu Pocinhos Puxinan\u00e3 Queimadas Quixaba Rem\u00edgio Riach\u00e3o Riach\u00e3o do Bacamarte Riach\u00e3o do Po\u00e7o Riacho de Santo Ant\u00f4nio Riacho dos Cavalos Rio Tinto Salgadinho Salgado de S\u00e3o F\u00e9lix Santa Cec\u00edlia Santa Luzia Santa Rita Santo Andr\u00e9 S\u00e3o Bento S\u00e3o Domingos do Cariri S\u00e3o Jo\u00e3o do Cariri S\u00e3o Jo\u00e3o do Tigre S\u00e3o Jos\u00e9 de Espinharas S\u00e3o Jos\u00e9 do Brejo do Cruz S\u00e3o Jos\u00e9 do Sabugi S\u00e3o Jos\u00e9 dos Cordeiros S\u00e3o Jos\u00e9 dos Ramos S\u00e3o Mamede S\u00e3o Miguel de Taipu S\u00e3o Sebasti\u00e3o de Lagoa de Ro\u00e7a S\u00e3o Vicente do Serid\u00f3 Sap\u00e9 Serra Branca Serra da Raiz Serra Redonda Serraria Sert\u00e3ozinho Sobrado Sol\u00e2nea Soledade Soss\u00eago Tacima Tapero\u00e1 Ten\u00f3rio Umbuzeiro V\u00e1rzea Noticias em Destaque Fonte: Jornal da Para\u00edba","og_url":"https:\/\/noticiasemdestaque.com\/cd\/?p=78169","og_site_name":"Not&iacute;cias em Destaque","article_published_time":"2026-04-27T15:03:04+00:00","og_image":[{"width":750,"height":390,"url":"https:\/\/noticiasemdestaque.com\/cd\/wp-content\/uploads\/2026\/04\/sousa-chuvas-foto-reproducao-750x390-1.webp","type":"image\/webp"}],"author":"Not\u00edcias em Destaque","twitter_card":"summary_large_image","twitter_misc":{"Escrito por":"Not\u00edcias em Destaque","Est. tempo de leitura":"4 minutos"},"schema":{"@context":"https:\/\/schema.org","@graph":[{"@type":"Article","@id":"https:\/\/noticiasemdestaque.com\/cd\/?p=78169#article","isPartOf":{"@id":"https:\/\/noticiasemdestaque.com\/cd\/?p=78169"},"author":{"name":"Not\u00edcias em Destaque","@id":"https:\/\/noticiasemdestaque.com\/cd\/#\/schema\/person\/4a81fb71f77579d059c3045891fa1786"},"headline":"Chuvas intensas na Para\u00edba: Inmet emite alerta de chuvas intensas; veja cidades sob aviso","datePublished":"2026-04-27T15:03:04+00:00","mainEntityOfPage":{"@id":"https:\/\/noticiasemdestaque.com\/cd\/?p=78169"},"wordCount":709,"publisher":{"@id":"https:\/\/noticiasemdestaque.com\/cd\/#organization"},"image":{"@id":"https:\/\/noticiasemdestaque.com\/cd\/?p=78169#primaryimage"},"thumbnailUrl":"https:\/\/noticiasemdestaque.com\/cd\/wp-content\/uploads\/2026\/04\/sousa-chuvas-foto-reproducao-750x390-1.webp","articleSection":["Geral"],"inLanguage":"pt-BR"},{"@type":"WebPage","@id":"https:\/\/noticiasemdestaque.com\/cd\/?p=78169","url":"https:\/\/noticiasemdestaque.com\/cd\/?p=78169","name":"Chuvas intensas na Para\u00edba: Inmet emite alerta de chuvas intensas; veja cidades sob aviso - Not&iacute;cias em Destaque","isPartOf":{"@id":"https:\/\/noticiasemdestaque.com\/cd\/#website"},"primaryImageOfPage":{"@id":"https:\/\/noticiasemdestaque.com\/cd\/?p=78169#primaryimage"},"image":{"@id":"https:\/\/noticiasemdestaque.com\/cd\/?p=78169#primaryimage"},"thumbnailUrl":"https:\/\/noticiasemdestaque.com\/cd\/wp-content\/uploads\/2026\/04\/sousa-chuvas-foto-reproducao-750x390-1.webp","datePublished":"2026-04-27T15:03:04+00:00","breadcrumb":{"@id":"https:\/\/noticiasemdestaque.com\/cd\/?p=78169#breadcrumb"},"inLanguage":"pt-BR","potentialAction":[{"@type":"ReadAction","target":["https:\/\/noticiasemdestaque.com\/cd\/?p=78169"]}]},{"@type":"ImageObject","inLanguage":"pt-BR","@id":"https:\/\/noticiasemdestaque.com\/cd\/?p=78169#primaryimage","url":"https:\/\/noticiasemdestaque.com\/cd\/wp-content\/uploads\/2026\/04\/sousa-chuvas-foto-reproducao-750x390-1.webp","contentUrl":"https:\/\/noticiasemdestaque.com\/cd\/wp-content\/uploads\/2026\/04\/sousa-chuvas-foto-reproducao-750x390-1.webp","width":750,"height":390},{"@type":"BreadcrumbList","@id":"https:\/\/noticiasemdestaque.com\/cd\/?p=78169#breadcrumb","itemListElement":[{"@type":"ListItem","position":1,"name":"In\u00edcio","item":"https:\/\/noticiasemdestaque.com\/cd\/"},{"@type":"ListItem","position":2,"name":"Chuvas intensas na Para\u00edba: Inmet emite alerta de chuvas intensas; veja cidades sob aviso"}]},{"@type":"WebSite","@id":"https:\/\/noticiasemdestaque.com\/cd\/#website","url":"https:\/\/noticiasemdestaque.com\/cd\/","name":"Not&iacute;cias em Destaque","description":"","publisher":{"@id":"https:\/\/noticiasemdestaque.com\/cd\/#organization"},"potentialAction":[{"@type":"SearchAction","target":{"@type":"EntryPoint","urlTemplate":"https:\/\/noticiasemdestaque.com\/cd\/?s={search_term_string}"},"query-input":{"@type":"PropertyValueSpecification","valueRequired":true,"valueName":"search_term_string"}}],"inLanguage":"pt-BR"},{"@type":"Organization","@id":"https:\/\/noticiasemdestaque.com\/cd\/#organization","name":"Not\u00edcias em Destaque","url":"https:\/\/noticiasemdestaque.com\/cd\/","logo":{"@type":"ImageObject","inLanguage":"pt-BR","@id":"https:\/\/noticiasemdestaque.com\/cd\/#\/schema\/logo\/image\/","url":"https:\/\/noticiasemdestaque.com\/cd\/wp-content\/uploads\/2022\/05\/imagem-base-noticiasemdestaque.png","contentUrl":"https:\/\/noticiasemdestaque.com\/cd\/wp-content\/uploads\/2022\/05\/imagem-base-noticiasemdestaque.png","width":1200,"height":630,"caption":"Not\u00edcias em Destaque"},"image":{"@id":"https:\/\/noticiasemdestaque.com\/cd\/#\/schema\/logo\/image\/"}},{"@type":"Person","@id":"https:\/\/noticiasemdestaque.com\/cd\/#\/schema\/person\/4a81fb71f77579d059c3045891fa1786","name":"Not\u00edcias em Destaque","url":"https:\/\/noticiasemdestaque.com\/cd\/?author=2"}]}},"jetpack_featured_media_url":"https:\/\/noticiasemdestaque.com\/cd\/wp-content\/uploads\/2026\/04\/sousa-chuvas-foto-reproducao-750x390-1.webp","jetpack_sharing_enabled":true,"_links":{"self":[{"href":"https:\/\/noticiasemdestaque.com\/cd\/index.php?rest_route=\/wp\/v2\/posts\/78169","targetHints":{"allow":["GET"]}}],"collection":[{"href":"https:\/\/noticiasemdestaque.com\/cd\/index.php?rest_route=\/wp\/v2\/posts"}],"about":[{"href":"https:\/\/noticiasemdestaque.com\/cd\/index.php?rest_route=\/wp\/v2\/types\/post"}],"author":[{"embeddable":true,"href":"https:\/\/noticiasemdestaque.com\/cd\/index.php?rest_route=\/wp\/v2\/users\/2"}],"replies":[{"embeddable":true,"href":"https:\/\/noticiasemdestaque.com\/cd\/index.php?rest_route=%2Fwp%2Fv2%2Fcomments&post=78169"}],"version-history":[{"count":1,"href":"https:\/\/noticiasemdestaque.com\/cd\/index.php?rest_route=\/wp\/v2\/posts\/78169\/revisions"}],"predecessor-version":[{"id":78171,"href":"https:\/\/noticiasemdestaque.com\/cd\/index.php?rest_route=\/wp\/v2\/posts\/78169\/revisions\/78171"}],"wp:featuredmedia":[{"embeddable":true,"href":"https:\/\/noticiasemdestaque.com\/cd\/index.php?rest_route=\/wp\/v2\/media\/78170"}],"wp:attachment":[{"href":"https:\/\/noticiasemdestaque.com\/cd\/index.php?rest_route=%2Fwp%2Fv2%2Fmedia&parent=78169"}],"wp:term":[{"taxonomy":"category","embeddable":true,"href":"https:\/\/noticiasemdestaque.com\/cd\/index.php?rest_route=%2Fwp%2Fv2%2Fcategories&post=78169"},{"taxonomy":"post_tag","embeddable":true,"href":"https:\/\/noticiasemdestaque.com\/cd\/index.php?rest_route=%2Fwp%2Fv2%2Ftags&post=78169"}],"curies":[{"name":"wp","href":"https:\/\/api.w.org\/{rel}","templated":true}]}}