{"id":78166,"date":"2026-04-27T10:27:50","date_gmt":"2026-04-27T13:27:50","guid":{"rendered":"https:\/\/noticiasemdestaque.com\/cd\/?p=78166"},"modified":"2026-04-27T10:27:50","modified_gmt":"2026-04-27T13:27:50","slug":"prata-lanca-edital-de-processo-seletivo-misto-para-selecao-de-gestor-escolar-da-rede-de-ensino-municipal","status":"publish","type":"post","link":"https:\/\/noticiasemdestaque.com\/cd\/?p=78166","title":{"rendered":"Prata lan\u00e7a edital de processo seletivo misto para sele\u00e7\u00e3o de gestor escolar da rede de ensino municipal"},"content":{"rendered":"<section class=\"text-token-text-primary w-full focus:outline-none [--shadow-height:45px] has-data-writing-block:pointer-events-none has-data-writing-block:-mt-(--shadow-height) has-data-writing-block:pt-(--shadow-height) [&amp;:has([data-writing-block])&gt;*]:pointer-events-auto R6Vx5W_threadScrollVars scroll-mb-[calc(var(--scroll-root-safe-area-inset-bottom,0px)+var(--thread-response-height))] scroll-mt-(--header-height)\" dir=\"auto\" data-turn-id=\"9ab76f85-0f41-4399-ab19-033a51451ab7\" data-testid=\"conversation-turn-3\" data-scroll-anchor=\"false\" data-turn=\"user\"><\/section>\n<section class=\"text-token-text-primary w-full focus:outline-none [--shadow-height:45px] has-data-writing-block:pointer-events-none has-data-writing-block:-mt-(--shadow-height) has-data-writing-block:pt-(--shadow-height) [&amp;:has([data-writing-block])&gt;*]:pointer-events-auto [content-visibility:auto] supports-[content-visibility:auto]:[contain-intrinsic-size:auto_100lvh] R6Vx5W_threadScrollVars scroll-mb-[calc(var(--scroll-root-safe-area-inset-bottom,0px)+var(--thread-response-height))] scroll-mt-[calc(var(--header-height)+min(200px,max(70px,20svh)))]\" dir=\"auto\" data-turn-id=\"request-WEB:709f8bad-c84f-4ab4-889e-215b0f9579d6-1\" data-testid=\"conversation-turn-4\" data-scroll-anchor=\"false\" data-turn=\"assistant\">\n<div class=\"text-base my-auto mx-auto pb-10 [--thread-content-margin:var(--thread-content-margin-xs,calc(var(--spacing)*4))] @w-sm\/main:[--thread-content-margin:var(--thread-content-margin-sm,calc(var(--spacing)*6))] @w-lg\/main:[--thread-content-margin:var(--thread-content-margin-lg,calc(var(--spacing)*16))] px-(--thread-content-margin)\">\n<div class=\"[--thread-content-max-width:40rem] @w-lg\/main:[--thread-content-max-width:48rem] mx-auto max-w-(--thread-content-max-width) flex-1 group\/turn-messages focus-visible:outline-hidden relative flex w-full min-w-0 flex-col agent-turn\">\n<div class=\"flex max-w-full flex-col gap-4 grow\">\n<div class=\"min-h-8 text-message relative flex w-full flex-col items-end gap-2 text-start break-words whitespace-normal outline-none keyboard-focused:focus-ring [.text-message+&amp;]:mt-1\" dir=\"auto\" tabindex=\"0\" data-message-author-role=\"assistant\" data-message-id=\"f5093b78-cd5f-443b-99b1-106eaccd40ca\" data-message-model-slug=\"gpt-5-3\" data-turn-start-message=\"true\">\n<div class=\"flex w-full flex-col gap-1 empty:hidden\">\n<div class=\"markdown prose dark:prose-invert w-full wrap-break-word dark markdown-new-styling\">\n<p data-start=\"0\" data-end=\"343\"><a href=\"https:\/\/noticiasemdestaque.com\/cd\/wp-content\/uploads\/2026\/04\/imagem_2026-04-27_102613491.png\"><img fetchpriority=\"high\" decoding=\"async\" class=\" wp-image-78167 aligncenter\" src=\"https:\/\/noticiasemdestaque.com\/cd\/wp-content\/uploads\/2026\/04\/imagem_2026-04-27_102613491-300x180.png\" alt=\"\" width=\"1158\" height=\"695\" srcset=\"https:\/\/noticiasemdestaque.com\/cd\/wp-content\/uploads\/2026\/04\/imagem_2026-04-27_102613491-300x180.png 300w, https:\/\/noticiasemdestaque.com\/cd\/wp-content\/uploads\/2026\/04\/imagem_2026-04-27_102613491-1024x614.png 1024w, https:\/\/noticiasemdestaque.com\/cd\/wp-content\/uploads\/2026\/04\/imagem_2026-04-27_102613491-768x461.png 768w, https:\/\/noticiasemdestaque.com\/cd\/wp-content\/uploads\/2026\/04\/imagem_2026-04-27_102613491.png 1277w\" sizes=\"(max-width: 1158px) 100vw, 1158px\" \/><\/a><\/p>\n<p data-start=\"0\" data-end=\"343\">A Prefeitura Municipal de <span class=\"hover:entity-accent entity-underline inline cursor-pointer align-baseline\"><span class=\"whitespace-normal\">Prata<\/span><\/span> anunciou a abertura de um Processo Seletivo Misto para a escolha de gestores escolares da rede municipal de ensino. O edital foi divulgado pelo prefeito do munic\u00edpio e segue as diretrizes estabelecidas pelo artigo 37 da Constitui\u00e7\u00e3o Federal, al\u00e9m da legisla\u00e7\u00e3o municipal vigente.<\/p>\n<p data-start=\"345\" data-end=\"657\">De acordo com o documento, a sele\u00e7\u00e3o ser\u00e1 organizada pela <span class=\"hover:entity-accent entity-underline inline cursor-pointer align-baseline\"><span class=\"whitespace-normal\">INEPAS Concursos<\/span><\/span> e tem como objetivo o preenchimento de duas vagas para o cargo de gestor escolar na educa\u00e7\u00e3o infantil. As oportunidades s\u00e3o destinadas \u00e0 Creche Escola Tia Mocinha e \u00e0 Creche Maria Nunes Bezerra (Dona Carminha Nunes).<\/p>\n<p data-start=\"659\" data-end=\"893\">O processo seletivo ser\u00e1 composto por quatro etapas: an\u00e1lise de t\u00edtulos, entrevista, apresenta\u00e7\u00e3o de proposta do Plano de Gest\u00e3o Escolar e comprova\u00e7\u00e3o de v\u00ednculo com a rede municipal de ensino, sendo o candidato efetivo ou contratado.<\/p>\n<p data-start=\"895\" data-end=\"1167\">As inscri\u00e7\u00f5es estar\u00e3o abertas entre os dias 22 de abril e 7 de maio de 2026, exclusivamente pela internet, no site da banca organizadora. O edital completo tamb\u00e9m estar\u00e1 dispon\u00edvel nos canais oficiais da Prefeitura de Prata e no portal da empresa respons\u00e1vel pela sele\u00e7\u00e3o. https:\/\/portal.inepasconcursos.com.br\/edital\/searchEdital?search=prata<\/p>\n<p data-start=\"1169\" data-end=\"1371\" data-is-last-node=\"\" data-is-only-node=\"\">A iniciativa busca fortalecer a gest\u00e3o das unidades escolares do munic\u00edpio, garantindo mais qualidade na administra\u00e7\u00e3o da educa\u00e7\u00e3o infantil e contribuindo para o desenvolvimento do ensino p\u00fablico local.<\/p>\n<p data-start=\"1169\" data-end=\"1371\" data-is-last-node=\"\" data-is-only-node=\"\"><strong>Noticias em Destaque<\/strong><\/p>\n<p style=\"text-align: right;\" data-start=\"1169\" data-end=\"1371\" data-is-last-node=\"\" data-is-only-node=\"\"><em>Fonte: Assessoria<\/em><\/p>\n<\/div>\n<\/div>\n<\/div>\n<\/div>\n<\/div>\n<\/div>\n<\/section>\n","protected":false},"excerpt":{"rendered":"<p>A Prefeitura Municipal de Prata anunciou a abertura de um Processo Seletivo Misto para a escolha de gestores escolares da rede municipal de ensino. O edital foi divulgado pelo prefeito do munic\u00edpio e segue as diretrizes estabelecidas pelo artigo 37 da Constitui\u00e7\u00e3o Federal, al\u00e9m da legisla\u00e7\u00e3o municipal vigente. De acordo com o documento, a sele\u00e7\u00e3o ser\u00e1 organizada pela INEPAS Concursos e tem como objetivo o preenchimento de duas vagas para o cargo de gestor escolar na educa\u00e7\u00e3o infantil. As oportunidades s\u00e3o destinadas \u00e0 Creche Escola Tia Mocinha e \u00e0 Creche Maria Nunes Bezerra (Dona Carminha Nunes). O processo seletivo ser\u00e1 composto por quatro etapas: an\u00e1lise de t\u00edtulos, entrevista, apresenta\u00e7\u00e3o de proposta do Plano de Gest\u00e3o Escolar e comprova\u00e7\u00e3o de v\u00ednculo com a rede municipal de ensino, sendo o candidato efetivo ou contratado. As inscri\u00e7\u00f5es estar\u00e3o abertas entre os dias 22 de abril e 7 de maio de 2026, exclusivamente pela internet, no site da banca organizadora. O edital completo tamb\u00e9m estar\u00e1 dispon\u00edvel nos canais oficiais da Prefeitura de Prata e no portal da empresa respons\u00e1vel pela sele\u00e7\u00e3o. https:\/\/portal.inepasconcursos.com.br\/edital\/searchEdital?search=prata A iniciativa busca fortalecer a gest\u00e3o das unidades escolares do munic\u00edpio, garantindo mais qualidade na administra\u00e7\u00e3o da educa\u00e7\u00e3o infantil e contribuindo para o desenvolvimento do ensino p\u00fablico local. Noticias em Destaque Fonte: Assessoria<\/p>\n","protected":false},"author":2,"featured_media":78167,"comment_status":"closed","ping_status":"closed","sticky":false,"template":"","format":"standard","meta":{"_eb_attr":"","_jetpack_memberships_contains_paid_content":false,"footnotes":""},"categories":[3],"tags":[],"class_list":["post-78166","post","type-post","status-publish","format-standard","has-post-thumbnail","hentry","category-cidades"],"yoast_head":"<!-- This site is optimized with the Yoast SEO plugin v26.5 - https:\/\/yoast.com\/wordpress\/plugins\/seo\/ -->\n<title>Prata lan\u00e7a edital de processo seletivo misto para sele\u00e7\u00e3o de gestor escolar da rede de ensino municipal - Not&iacute;cias em Destaque<\/title>\n<meta name=\"robots\" content=\"index, follow, max-snippet:-1, max-image-preview:large, max-video-preview:-1\" \/>\n<link rel=\"canonical\" href=\"https:\/\/noticiasemdestaque.com\/cd\/?p=78166\" \/>\n<meta property=\"og:locale\" content=\"pt_BR\" \/>\n<meta property=\"og:type\" content=\"article\" \/>\n<meta property=\"og:title\" content=\"Prata lan\u00e7a edital de processo seletivo misto para sele\u00e7\u00e3o de gestor escolar da rede de ensino municipal - Not&iacute;cias em Destaque\" \/>\n<meta property=\"og:description\" content=\"A Prefeitura Municipal de Prata anunciou a abertura de um Processo Seletivo Misto para a escolha de gestores escolares da rede municipal de ensino. O edital foi divulgado pelo prefeito do munic\u00edpio e segue as diretrizes estabelecidas pelo artigo 37 da Constitui\u00e7\u00e3o Federal, al\u00e9m da legisla\u00e7\u00e3o municipal vigente. De acordo com o documento, a sele\u00e7\u00e3o ser\u00e1 organizada pela INEPAS Concursos e tem como objetivo o preenchimento de duas vagas para o cargo de gestor escolar na educa\u00e7\u00e3o infantil. As oportunidades s\u00e3o destinadas \u00e0 Creche Escola Tia Mocinha e \u00e0 Creche Maria Nunes Bezerra (Dona Carminha Nunes). O processo seletivo ser\u00e1 composto por quatro etapas: an\u00e1lise de t\u00edtulos, entrevista, apresenta\u00e7\u00e3o de proposta do Plano de Gest\u00e3o Escolar e comprova\u00e7\u00e3o de v\u00ednculo com a rede municipal de ensino, sendo o candidato efetivo ou contratado. As inscri\u00e7\u00f5es estar\u00e3o abertas entre os dias 22 de abril e 7 de maio de 2026, exclusivamente pela internet, no site da banca organizadora. O edital completo tamb\u00e9m estar\u00e1 dispon\u00edvel nos canais oficiais da Prefeitura de Prata e no portal da empresa respons\u00e1vel pela sele\u00e7\u00e3o. https:\/\/portal.inepasconcursos.com.br\/edital\/searchEdital?search=prata A iniciativa busca fortalecer a gest\u00e3o das unidades escolares do munic\u00edpio, garantindo mais qualidade na administra\u00e7\u00e3o da educa\u00e7\u00e3o infantil e contribuindo para o desenvolvimento do ensino p\u00fablico local. Noticias em Destaque Fonte: Assessoria\" \/>\n<meta property=\"og:url\" content=\"https:\/\/noticiasemdestaque.com\/cd\/?p=78166\" \/>\n<meta property=\"og:site_name\" content=\"Not&iacute;cias em Destaque\" \/>\n<meta property=\"article:published_time\" content=\"2026-04-27T13:27:50+00:00\" \/>\n<meta property=\"og:image\" content=\"https:\/\/noticiasemdestaque.com\/cd\/wp-content\/uploads\/2026\/04\/imagem_2026-04-27_102613491.png\" \/>\n\t<meta property=\"og:image:width\" content=\"1277\" \/>\n\t<meta property=\"og:image:height\" content=\"766\" \/>\n\t<meta property=\"og:image:type\" content=\"image\/png\" \/>\n<meta name=\"author\" content=\"Not\u00edcias em Destaque\" \/>\n<meta name=\"twitter:card\" content=\"summary_large_image\" \/>\n<meta name=\"twitter:label1\" content=\"Escrito por\" \/>\n\t<meta name=\"twitter:data1\" content=\"Not\u00edcias em Destaque\" \/>\n\t<meta name=\"twitter:label2\" content=\"Est. tempo de leitura\" \/>\n\t<meta name=\"twitter:data2\" content=\"2 minutos\" \/>\n<script type=\"application\/ld+json\" class=\"yoast-schema-graph\">{\"@context\":\"https:\/\/schema.org\",\"@graph\":[{\"@type\":\"Article\",\"@id\":\"https:\/\/noticiasemdestaque.com\/cd\/?p=78166#article\",\"isPartOf\":{\"@id\":\"https:\/\/noticiasemdestaque.com\/cd\/?p=78166\"},\"author\":{\"name\":\"Not\u00edcias em Destaque\",\"@id\":\"https:\/\/noticiasemdestaque.com\/cd\/#\/schema\/person\/4a81fb71f77579d059c3045891fa1786\"},\"headline\":\"Prata lan\u00e7a edital de processo seletivo misto para sele\u00e7\u00e3o de gestor escolar da rede de ensino municipal\",\"datePublished\":\"2026-04-27T13:27:50+00:00\",\"mainEntityOfPage\":{\"@id\":\"https:\/\/noticiasemdestaque.com\/cd\/?p=78166\"},\"wordCount\":256,\"publisher\":{\"@id\":\"https:\/\/noticiasemdestaque.com\/cd\/#organization\"},\"image\":{\"@id\":\"https:\/\/noticiasemdestaque.com\/cd\/?p=78166#primaryimage\"},\"thumbnailUrl\":\"https:\/\/noticiasemdestaque.com\/cd\/wp-content\/uploads\/2026\/04\/imagem_2026-04-27_102613491.png\",\"articleSection\":[\"Cidades\"],\"inLanguage\":\"pt-BR\"},{\"@type\":\"WebPage\",\"@id\":\"https:\/\/noticiasemdestaque.com\/cd\/?p=78166\",\"url\":\"https:\/\/noticiasemdestaque.com\/cd\/?p=78166\",\"name\":\"Prata lan\u00e7a edital de processo seletivo misto para sele\u00e7\u00e3o de gestor escolar da rede de ensino municipal - Not&iacute;cias em Destaque\",\"isPartOf\":{\"@id\":\"https:\/\/noticiasemdestaque.com\/cd\/#website\"},\"primaryImageOfPage\":{\"@id\":\"https:\/\/noticiasemdestaque.com\/cd\/?p=78166#primaryimage\"},\"image\":{\"@id\":\"https:\/\/noticiasemdestaque.com\/cd\/?p=78166#primaryimage\"},\"thumbnailUrl\":\"https:\/\/noticiasemdestaque.com\/cd\/wp-content\/uploads\/2026\/04\/imagem_2026-04-27_102613491.png\",\"datePublished\":\"2026-04-27T13:27:50+00:00\",\"breadcrumb\":{\"@id\":\"https:\/\/noticiasemdestaque.com\/cd\/?p=78166#breadcrumb\"},\"inLanguage\":\"pt-BR\",\"potentialAction\":[{\"@type\":\"ReadAction\",\"target\":[\"https:\/\/noticiasemdestaque.com\/cd\/?p=78166\"]}]},{\"@type\":\"ImageObject\",\"inLanguage\":\"pt-BR\",\"@id\":\"https:\/\/noticiasemdestaque.com\/cd\/?p=78166#primaryimage\",\"url\":\"https:\/\/noticiasemdestaque.com\/cd\/wp-content\/uploads\/2026\/04\/imagem_2026-04-27_102613491.png\",\"contentUrl\":\"https:\/\/noticiasemdestaque.com\/cd\/wp-content\/uploads\/2026\/04\/imagem_2026-04-27_102613491.png\",\"width\":1277,\"height\":766},{\"@type\":\"BreadcrumbList\",\"@id\":\"https:\/\/noticiasemdestaque.com\/cd\/?p=78166#breadcrumb\",\"itemListElement\":[{\"@type\":\"ListItem\",\"position\":1,\"name\":\"In\u00edcio\",\"item\":\"https:\/\/noticiasemdestaque.com\/cd\/\"},{\"@type\":\"ListItem\",\"position\":2,\"name\":\"Prata lan\u00e7a edital de processo seletivo misto para sele\u00e7\u00e3o de gestor escolar da rede de ensino municipal\"}]},{\"@type\":\"WebSite\",\"@id\":\"https:\/\/noticiasemdestaque.com\/cd\/#website\",\"url\":\"https:\/\/noticiasemdestaque.com\/cd\/\",\"name\":\"Not&iacute;cias em Destaque\",\"description\":\"\",\"publisher\":{\"@id\":\"https:\/\/noticiasemdestaque.com\/cd\/#organization\"},\"potentialAction\":[{\"@type\":\"SearchAction\",\"target\":{\"@type\":\"EntryPoint\",\"urlTemplate\":\"https:\/\/noticiasemdestaque.com\/cd\/?s={search_term_string}\"},\"query-input\":{\"@type\":\"PropertyValueSpecification\",\"valueRequired\":true,\"valueName\":\"search_term_string\"}}],\"inLanguage\":\"pt-BR\"},{\"@type\":\"Organization\",\"@id\":\"https:\/\/noticiasemdestaque.com\/cd\/#organization\",\"name\":\"Not\u00edcias em Destaque\",\"url\":\"https:\/\/noticiasemdestaque.com\/cd\/\",\"logo\":{\"@type\":\"ImageObject\",\"inLanguage\":\"pt-BR\",\"@id\":\"https:\/\/noticiasemdestaque.com\/cd\/#\/schema\/logo\/image\/\",\"url\":\"https:\/\/noticiasemdestaque.com\/cd\/wp-content\/uploads\/2022\/05\/imagem-base-noticiasemdestaque.png\",\"contentUrl\":\"https:\/\/noticiasemdestaque.com\/cd\/wp-content\/uploads\/2022\/05\/imagem-base-noticiasemdestaque.png\",\"width\":1200,\"height\":630,\"caption\":\"Not\u00edcias em Destaque\"},\"image\":{\"@id\":\"https:\/\/noticiasemdestaque.com\/cd\/#\/schema\/logo\/image\/\"}},{\"@type\":\"Person\",\"@id\":\"https:\/\/noticiasemdestaque.com\/cd\/#\/schema\/person\/4a81fb71f77579d059c3045891fa1786\",\"name\":\"Not\u00edcias em Destaque\",\"url\":\"https:\/\/noticiasemdestaque.com\/cd\/?author=2\"}]}<\/script>\n<!-- \/ Yoast SEO plugin. -->","yoast_head_json":{"title":"Prata lan\u00e7a edital de processo seletivo misto para sele\u00e7\u00e3o de gestor escolar da rede de ensino municipal - Not&iacute;cias em Destaque","robots":{"index":"index","follow":"follow","max-snippet":"max-snippet:-1","max-image-preview":"max-image-preview:large","max-video-preview":"max-video-preview:-1"},"canonical":"https:\/\/noticiasemdestaque.com\/cd\/?p=78166","og_locale":"pt_BR","og_type":"article","og_title":"Prata lan\u00e7a edital de processo seletivo misto para sele\u00e7\u00e3o de gestor escolar da rede de ensino municipal - Not&iacute;cias em Destaque","og_description":"A Prefeitura Municipal de Prata anunciou a abertura de um Processo Seletivo Misto para a escolha de gestores escolares da rede municipal de ensino. O edital foi divulgado pelo prefeito do munic\u00edpio e segue as diretrizes estabelecidas pelo artigo 37 da Constitui\u00e7\u00e3o Federal, al\u00e9m da legisla\u00e7\u00e3o municipal vigente. De acordo com o documento, a sele\u00e7\u00e3o ser\u00e1 organizada pela INEPAS Concursos e tem como objetivo o preenchimento de duas vagas para o cargo de gestor escolar na educa\u00e7\u00e3o infantil. As oportunidades s\u00e3o destinadas \u00e0 Creche Escola Tia Mocinha e \u00e0 Creche Maria Nunes Bezerra (Dona Carminha Nunes). O processo seletivo ser\u00e1 composto por quatro etapas: an\u00e1lise de t\u00edtulos, entrevista, apresenta\u00e7\u00e3o de proposta do Plano de Gest\u00e3o Escolar e comprova\u00e7\u00e3o de v\u00ednculo com a rede municipal de ensino, sendo o candidato efetivo ou contratado. As inscri\u00e7\u00f5es estar\u00e3o abertas entre os dias 22 de abril e 7 de maio de 2026, exclusivamente pela internet, no site da banca organizadora. O edital completo tamb\u00e9m estar\u00e1 dispon\u00edvel nos canais oficiais da Prefeitura de Prata e no portal da empresa respons\u00e1vel pela sele\u00e7\u00e3o. https:\/\/portal.inepasconcursos.com.br\/edital\/searchEdital?search=prata A iniciativa busca fortalecer a gest\u00e3o das unidades escolares do munic\u00edpio, garantindo mais qualidade na administra\u00e7\u00e3o da educa\u00e7\u00e3o infantil e contribuindo para o desenvolvimento do ensino p\u00fablico local. Noticias em Destaque Fonte: Assessoria","og_url":"https:\/\/noticiasemdestaque.com\/cd\/?p=78166","og_site_name":"Not&iacute;cias em Destaque","article_published_time":"2026-04-27T13:27:50+00:00","og_image":[{"width":1277,"height":766,"url":"https:\/\/noticiasemdestaque.com\/cd\/wp-content\/uploads\/2026\/04\/imagem_2026-04-27_102613491.png","type":"image\/png"}],"author":"Not\u00edcias em Destaque","twitter_card":"summary_large_image","twitter_misc":{"Escrito por":"Not\u00edcias em Destaque","Est. tempo de leitura":"2 minutos"},"schema":{"@context":"https:\/\/schema.org","@graph":[{"@type":"Article","@id":"https:\/\/noticiasemdestaque.com\/cd\/?p=78166#article","isPartOf":{"@id":"https:\/\/noticiasemdestaque.com\/cd\/?p=78166"},"author":{"name":"Not\u00edcias em Destaque","@id":"https:\/\/noticiasemdestaque.com\/cd\/#\/schema\/person\/4a81fb71f77579d059c3045891fa1786"},"headline":"Prata lan\u00e7a edital de processo seletivo misto para sele\u00e7\u00e3o de gestor escolar da rede de ensino municipal","datePublished":"2026-04-27T13:27:50+00:00","mainEntityOfPage":{"@id":"https:\/\/noticiasemdestaque.com\/cd\/?p=78166"},"wordCount":256,"publisher":{"@id":"https:\/\/noticiasemdestaque.com\/cd\/#organization"},"image":{"@id":"https:\/\/noticiasemdestaque.com\/cd\/?p=78166#primaryimage"},"thumbnailUrl":"https:\/\/noticiasemdestaque.com\/cd\/wp-content\/uploads\/2026\/04\/imagem_2026-04-27_102613491.png","articleSection":["Cidades"],"inLanguage":"pt-BR"},{"@type":"WebPage","@id":"https:\/\/noticiasemdestaque.com\/cd\/?p=78166","url":"https:\/\/noticiasemdestaque.com\/cd\/?p=78166","name":"Prata lan\u00e7a edital de processo seletivo misto para sele\u00e7\u00e3o de gestor escolar da rede de ensino municipal - Not&iacute;cias em Destaque","isPartOf":{"@id":"https:\/\/noticiasemdestaque.com\/cd\/#website"},"primaryImageOfPage":{"@id":"https:\/\/noticiasemdestaque.com\/cd\/?p=78166#primaryimage"},"image":{"@id":"https:\/\/noticiasemdestaque.com\/cd\/?p=78166#primaryimage"},"thumbnailUrl":"https:\/\/noticiasemdestaque.com\/cd\/wp-content\/uploads\/2026\/04\/imagem_2026-04-27_102613491.png","datePublished":"2026-04-27T13:27:50+00:00","breadcrumb":{"@id":"https:\/\/noticiasemdestaque.com\/cd\/?p=78166#breadcrumb"},"inLanguage":"pt-BR","potentialAction":[{"@type":"ReadAction","target":["https:\/\/noticiasemdestaque.com\/cd\/?p=78166"]}]},{"@type":"ImageObject","inLanguage":"pt-BR","@id":"https:\/\/noticiasemdestaque.com\/cd\/?p=78166#primaryimage","url":"https:\/\/noticiasemdestaque.com\/cd\/wp-content\/uploads\/2026\/04\/imagem_2026-04-27_102613491.png","contentUrl":"https:\/\/noticiasemdestaque.com\/cd\/wp-content\/uploads\/2026\/04\/imagem_2026-04-27_102613491.png","width":1277,"height":766},{"@type":"BreadcrumbList","@id":"https:\/\/noticiasemdestaque.com\/cd\/?p=78166#breadcrumb","itemListElement":[{"@type":"ListItem","position":1,"name":"In\u00edcio","item":"https:\/\/noticiasemdestaque.com\/cd\/"},{"@type":"ListItem","position":2,"name":"Prata lan\u00e7a edital de processo seletivo misto para sele\u00e7\u00e3o de gestor escolar da rede de ensino municipal"}]},{"@type":"WebSite","@id":"https:\/\/noticiasemdestaque.com\/cd\/#website","url":"https:\/\/noticiasemdestaque.com\/cd\/","name":"Not&iacute;cias em Destaque","description":"","publisher":{"@id":"https:\/\/noticiasemdestaque.com\/cd\/#organization"},"potentialAction":[{"@type":"SearchAction","target":{"@type":"EntryPoint","urlTemplate":"https:\/\/noticiasemdestaque.com\/cd\/?s={search_term_string}"},"query-input":{"@type":"PropertyValueSpecification","valueRequired":true,"valueName":"search_term_string"}}],"inLanguage":"pt-BR"},{"@type":"Organization","@id":"https:\/\/noticiasemdestaque.com\/cd\/#organization","name":"Not\u00edcias em Destaque","url":"https:\/\/noticiasemdestaque.com\/cd\/","logo":{"@type":"ImageObject","inLanguage":"pt-BR","@id":"https:\/\/noticiasemdestaque.com\/cd\/#\/schema\/logo\/image\/","url":"https:\/\/noticiasemdestaque.com\/cd\/wp-content\/uploads\/2022\/05\/imagem-base-noticiasemdestaque.png","contentUrl":"https:\/\/noticiasemdestaque.com\/cd\/wp-content\/uploads\/2022\/05\/imagem-base-noticiasemdestaque.png","width":1200,"height":630,"caption":"Not\u00edcias em Destaque"},"image":{"@id":"https:\/\/noticiasemdestaque.com\/cd\/#\/schema\/logo\/image\/"}},{"@type":"Person","@id":"https:\/\/noticiasemdestaque.com\/cd\/#\/schema\/person\/4a81fb71f77579d059c3045891fa1786","name":"Not\u00edcias em Destaque","url":"https:\/\/noticiasemdestaque.com\/cd\/?author=2"}]}},"jetpack_featured_media_url":"https:\/\/noticiasemdestaque.com\/cd\/wp-content\/uploads\/2026\/04\/imagem_2026-04-27_102613491.png","jetpack_sharing_enabled":true,"_links":{"self":[{"href":"https:\/\/noticiasemdestaque.com\/cd\/index.php?rest_route=\/wp\/v2\/posts\/78166","targetHints":{"allow":["GET"]}}],"collection":[{"href":"https:\/\/noticiasemdestaque.com\/cd\/index.php?rest_route=\/wp\/v2\/posts"}],"about":[{"href":"https:\/\/noticiasemdestaque.com\/cd\/index.php?rest_route=\/wp\/v2\/types\/post"}],"author":[{"embeddable":true,"href":"https:\/\/noticiasemdestaque.com\/cd\/index.php?rest_route=\/wp\/v2\/users\/2"}],"replies":[{"embeddable":true,"href":"https:\/\/noticiasemdestaque.com\/cd\/index.php?rest_route=%2Fwp%2Fv2%2Fcomments&post=78166"}],"version-history":[{"count":1,"href":"https:\/\/noticiasemdestaque.com\/cd\/index.php?rest_route=\/wp\/v2\/posts\/78166\/revisions"}],"predecessor-version":[{"id":78168,"href":"https:\/\/noticiasemdestaque.com\/cd\/index.php?rest_route=\/wp\/v2\/posts\/78166\/revisions\/78168"}],"wp:featuredmedia":[{"embeddable":true,"href":"https:\/\/noticiasemdestaque.com\/cd\/index.php?rest_route=\/wp\/v2\/media\/78167"}],"wp:attachment":[{"href":"https:\/\/noticiasemdestaque.com\/cd\/index.php?rest_route=%2Fwp%2Fv2%2Fmedia&parent=78166"}],"wp:term":[{"taxonomy":"category","embeddable":true,"href":"https:\/\/noticiasemdestaque.com\/cd\/index.php?rest_route=%2Fwp%2Fv2%2Fcategories&post=78166"},{"taxonomy":"post_tag","embeddable":true,"href":"https:\/\/noticiasemdestaque.com\/cd\/index.php?rest_route=%2Fwp%2Fv2%2Ftags&post=78166"}],"curies":[{"name":"wp","href":"https:\/\/api.w.org\/{rel}","templated":true}]}}