{"id":78163,"date":"2026-04-27T10:19:29","date_gmt":"2026-04-27T13:19:29","guid":{"rendered":"https:\/\/noticiasemdestaque.com\/cd\/?p=78163"},"modified":"2026-04-27T10:19:29","modified_gmt":"2026-04-27T13:19:29","slug":"prefeito-dr-junior-inaugura-passagens-molhadas-e-fortalece-infraestrutura-em-ouro-velho","status":"publish","type":"post","link":"https:\/\/noticiasemdestaque.com\/cd\/?p=78163","title":{"rendered":"Prefeito Dr. J\u00fanior inaugura passagens molhadas e fortalece infraestrutura em Ouro Velho"},"content":{"rendered":"<p><a href=\"https:\/\/noticiasemdestaque.com\/cd\/wp-content\/uploads\/2026\/04\/WhatsApp-Image-2026-04-27-at-07.21.07.jpeg\"><img fetchpriority=\"high\" decoding=\"async\" class=\" wp-image-78164 aligncenter\" src=\"https:\/\/noticiasemdestaque.com\/cd\/wp-content\/uploads\/2026\/04\/WhatsApp-Image-2026-04-27-at-07.21.07-300x225.jpeg\" alt=\"\" width=\"965\" height=\"724\" srcset=\"https:\/\/noticiasemdestaque.com\/cd\/wp-content\/uploads\/2026\/04\/WhatsApp-Image-2026-04-27-at-07.21.07-300x225.jpeg 300w, https:\/\/noticiasemdestaque.com\/cd\/wp-content\/uploads\/2026\/04\/WhatsApp-Image-2026-04-27-at-07.21.07-1024x768.jpeg 1024w, https:\/\/noticiasemdestaque.com\/cd\/wp-content\/uploads\/2026\/04\/WhatsApp-Image-2026-04-27-at-07.21.07-768x576.jpeg 768w, https:\/\/noticiasemdestaque.com\/cd\/wp-content\/uploads\/2026\/04\/WhatsApp-Image-2026-04-27-at-07.21.07-1536x1152.jpeg 1536w, https:\/\/noticiasemdestaque.com\/cd\/wp-content\/uploads\/2026\/04\/WhatsApp-Image-2026-04-27-at-07.21.07.jpeg 1600w\" sizes=\"(max-width: 965px) 100vw, 965px\" \/><\/a><\/p>\n<p>A Prefeitura de Ouro Velho realizou, no \u00faltimo s\u00e1bado (25), a entrega de duas novas passagens molhadas, refor\u00e7ando os investimentos em infraestrutura no munic\u00edpio e garantindo melhores condi\u00e7\u00f5es de mobilidade para a popula\u00e7\u00e3o da zona rural.<\/p>\n<p>As obras foram conclu\u00eddas nas comunidades de Lava P\u00e9s e Depend\u00eancia, locais que enfrentavam dificuldades de acesso, principalmente durante o per\u00edodo de chuvas. Com a inaugura\u00e7\u00e3o, os moradores passam a contar com mais seguran\u00e7a e facilidade no deslocamento di\u00e1rio.<\/p>\n<p>Durante a solenidade, o prefeito Dr. J\u00fanior destacou que as melhorias trazem impactos diretos na vida das fam\u00edlias atendidas. Ele ressaltou que as passagens molhadas contribuem para facilitar o tr\u00e1fego, ampliar a acessibilidade e oferecer mais tranquilidade para quem vive nessas regi\u00f5es.<\/p>\n<p>O gestor tamb\u00e9m refor\u00e7ou que a aten\u00e7\u00e3o \u00e0 zona rural segue como uma das prioridades da administra\u00e7\u00e3o municipal. Segundo ele, as obras permitem que estudantes tenham mais facilidade para chegar \u00e0s escolas, que atendimentos de urg\u00eancia ocorram com mais rapidez e que produtores consigam escoar sua produ\u00e7\u00e3o com mais efici\u00eancia.<\/p>\n<p><strong>Noticias em Destaque<\/strong><\/p>\n","protected":false},"excerpt":{"rendered":"<p>A Prefeitura de Ouro Velho realizou, no \u00faltimo s\u00e1bado (25), a entrega de duas novas passagens molhadas, refor\u00e7ando os investimentos em infraestrutura no munic\u00edpio e garantindo melhores condi\u00e7\u00f5es de mobilidade para a popula\u00e7\u00e3o da zona rural. As obras foram conclu\u00eddas nas comunidades de Lava P\u00e9s e Depend\u00eancia, locais que enfrentavam dificuldades de acesso, principalmente durante o per\u00edodo de chuvas. Com a inaugura\u00e7\u00e3o, os moradores passam a contar com mais seguran\u00e7a e facilidade no deslocamento di\u00e1rio. Durante a solenidade, o prefeito Dr. J\u00fanior destacou que as melhorias trazem impactos diretos na vida das fam\u00edlias atendidas. Ele ressaltou que as passagens molhadas contribuem para facilitar o tr\u00e1fego, ampliar a acessibilidade e oferecer mais tranquilidade para quem vive nessas regi\u00f5es. O gestor tamb\u00e9m refor\u00e7ou que a aten\u00e7\u00e3o \u00e0 zona rural segue como uma das prioridades da administra\u00e7\u00e3o municipal. Segundo ele, as obras permitem que estudantes tenham mais facilidade para chegar \u00e0s escolas, que atendimentos de urg\u00eancia ocorram com mais rapidez e que produtores consigam escoar sua produ\u00e7\u00e3o com mais efici\u00eancia. Noticias em Destaque<\/p>\n","protected":false},"author":2,"featured_media":78164,"comment_status":"closed","ping_status":"closed","sticky":false,"template":"","format":"standard","meta":{"_eb_attr":"","_jetpack_memberships_contains_paid_content":false,"footnotes":""},"categories":[3],"tags":[],"class_list":["post-78163","post","type-post","status-publish","format-standard","has-post-thumbnail","hentry","category-cidades"],"yoast_head":"<!-- This site is optimized with the Yoast SEO plugin v26.5 - https:\/\/yoast.com\/wordpress\/plugins\/seo\/ -->\n<title>Prefeito Dr. J\u00fanior inaugura passagens molhadas e fortalece infraestrutura em Ouro Velho - Not&iacute;cias em Destaque<\/title>\n<meta name=\"robots\" content=\"index, follow, max-snippet:-1, max-image-preview:large, max-video-preview:-1\" \/>\n<link rel=\"canonical\" href=\"https:\/\/noticiasemdestaque.com\/cd\/?p=78163\" \/>\n<meta property=\"og:locale\" content=\"pt_BR\" \/>\n<meta property=\"og:type\" content=\"article\" \/>\n<meta property=\"og:title\" content=\"Prefeito Dr. J\u00fanior inaugura passagens molhadas e fortalece infraestrutura em Ouro Velho - Not&iacute;cias em Destaque\" \/>\n<meta property=\"og:description\" content=\"A Prefeitura de Ouro Velho realizou, no \u00faltimo s\u00e1bado (25), a entrega de duas novas passagens molhadas, refor\u00e7ando os investimentos em infraestrutura no munic\u00edpio e garantindo melhores condi\u00e7\u00f5es de mobilidade para a popula\u00e7\u00e3o da zona rural. As obras foram conclu\u00eddas nas comunidades de Lava P\u00e9s e Depend\u00eancia, locais que enfrentavam dificuldades de acesso, principalmente durante o per\u00edodo de chuvas. Com a inaugura\u00e7\u00e3o, os moradores passam a contar com mais seguran\u00e7a e facilidade no deslocamento di\u00e1rio. Durante a solenidade, o prefeito Dr. J\u00fanior destacou que as melhorias trazem impactos diretos na vida das fam\u00edlias atendidas. Ele ressaltou que as passagens molhadas contribuem para facilitar o tr\u00e1fego, ampliar a acessibilidade e oferecer mais tranquilidade para quem vive nessas regi\u00f5es. O gestor tamb\u00e9m refor\u00e7ou que a aten\u00e7\u00e3o \u00e0 zona rural segue como uma das prioridades da administra\u00e7\u00e3o municipal. Segundo ele, as obras permitem que estudantes tenham mais facilidade para chegar \u00e0s escolas, que atendimentos de urg\u00eancia ocorram com mais rapidez e que produtores consigam escoar sua produ\u00e7\u00e3o com mais efici\u00eancia. Noticias em Destaque\" \/>\n<meta property=\"og:url\" content=\"https:\/\/noticiasemdestaque.com\/cd\/?p=78163\" \/>\n<meta property=\"og:site_name\" content=\"Not&iacute;cias em Destaque\" \/>\n<meta property=\"article:published_time\" content=\"2026-04-27T13:19:29+00:00\" \/>\n<meta property=\"og:image\" content=\"https:\/\/noticiasemdestaque.com\/cd\/wp-content\/uploads\/2026\/04\/WhatsApp-Image-2026-04-27-at-07.21.07.jpeg\" \/>\n\t<meta property=\"og:image:width\" content=\"1600\" \/>\n\t<meta property=\"og:image:height\" content=\"1200\" \/>\n\t<meta property=\"og:image:type\" content=\"image\/jpeg\" \/>\n<meta name=\"author\" content=\"Not\u00edcias em Destaque\" \/>\n<meta name=\"twitter:card\" content=\"summary_large_image\" \/>\n<meta name=\"twitter:label1\" content=\"Escrito por\" \/>\n\t<meta name=\"twitter:data1\" content=\"Not\u00edcias em Destaque\" \/>\n\t<meta name=\"twitter:label2\" content=\"Est. tempo de leitura\" \/>\n\t<meta name=\"twitter:data2\" content=\"2 minutos\" \/>\n<script type=\"application\/ld+json\" class=\"yoast-schema-graph\">{\"@context\":\"https:\/\/schema.org\",\"@graph\":[{\"@type\":\"Article\",\"@id\":\"https:\/\/noticiasemdestaque.com\/cd\/?p=78163#article\",\"isPartOf\":{\"@id\":\"https:\/\/noticiasemdestaque.com\/cd\/?p=78163\"},\"author\":{\"name\":\"Not\u00edcias em Destaque\",\"@id\":\"https:\/\/noticiasemdestaque.com\/cd\/#\/schema\/person\/4a81fb71f77579d059c3045891fa1786\"},\"headline\":\"Prefeito Dr. J\u00fanior inaugura passagens molhadas e fortalece infraestrutura em Ouro Velho\",\"datePublished\":\"2026-04-27T13:19:29+00:00\",\"mainEntityOfPage\":{\"@id\":\"https:\/\/noticiasemdestaque.com\/cd\/?p=78163\"},\"wordCount\":204,\"publisher\":{\"@id\":\"https:\/\/noticiasemdestaque.com\/cd\/#organization\"},\"image\":{\"@id\":\"https:\/\/noticiasemdestaque.com\/cd\/?p=78163#primaryimage\"},\"thumbnailUrl\":\"https:\/\/noticiasemdestaque.com\/cd\/wp-content\/uploads\/2026\/04\/WhatsApp-Image-2026-04-27-at-07.21.07.jpeg\",\"articleSection\":[\"Cidades\"],\"inLanguage\":\"pt-BR\"},{\"@type\":\"WebPage\",\"@id\":\"https:\/\/noticiasemdestaque.com\/cd\/?p=78163\",\"url\":\"https:\/\/noticiasemdestaque.com\/cd\/?p=78163\",\"name\":\"Prefeito Dr. J\u00fanior inaugura passagens molhadas e fortalece infraestrutura em Ouro Velho - Not&iacute;cias em Destaque\",\"isPartOf\":{\"@id\":\"https:\/\/noticiasemdestaque.com\/cd\/#website\"},\"primaryImageOfPage\":{\"@id\":\"https:\/\/noticiasemdestaque.com\/cd\/?p=78163#primaryimage\"},\"image\":{\"@id\":\"https:\/\/noticiasemdestaque.com\/cd\/?p=78163#primaryimage\"},\"thumbnailUrl\":\"https:\/\/noticiasemdestaque.com\/cd\/wp-content\/uploads\/2026\/04\/WhatsApp-Image-2026-04-27-at-07.21.07.jpeg\",\"datePublished\":\"2026-04-27T13:19:29+00:00\",\"breadcrumb\":{\"@id\":\"https:\/\/noticiasemdestaque.com\/cd\/?p=78163#breadcrumb\"},\"inLanguage\":\"pt-BR\",\"potentialAction\":[{\"@type\":\"ReadAction\",\"target\":[\"https:\/\/noticiasemdestaque.com\/cd\/?p=78163\"]}]},{\"@type\":\"ImageObject\",\"inLanguage\":\"pt-BR\",\"@id\":\"https:\/\/noticiasemdestaque.com\/cd\/?p=78163#primaryimage\",\"url\":\"https:\/\/noticiasemdestaque.com\/cd\/wp-content\/uploads\/2026\/04\/WhatsApp-Image-2026-04-27-at-07.21.07.jpeg\",\"contentUrl\":\"https:\/\/noticiasemdestaque.com\/cd\/wp-content\/uploads\/2026\/04\/WhatsApp-Image-2026-04-27-at-07.21.07.jpeg\",\"width\":1600,\"height\":1200},{\"@type\":\"BreadcrumbList\",\"@id\":\"https:\/\/noticiasemdestaque.com\/cd\/?p=78163#breadcrumb\",\"itemListElement\":[{\"@type\":\"ListItem\",\"position\":1,\"name\":\"In\u00edcio\",\"item\":\"https:\/\/noticiasemdestaque.com\/cd\/\"},{\"@type\":\"ListItem\",\"position\":2,\"name\":\"Prefeito Dr. J\u00fanior inaugura passagens molhadas e fortalece infraestrutura em Ouro Velho\"}]},{\"@type\":\"WebSite\",\"@id\":\"https:\/\/noticiasemdestaque.com\/cd\/#website\",\"url\":\"https:\/\/noticiasemdestaque.com\/cd\/\",\"name\":\"Not&iacute;cias em Destaque\",\"description\":\"\",\"publisher\":{\"@id\":\"https:\/\/noticiasemdestaque.com\/cd\/#organization\"},\"potentialAction\":[{\"@type\":\"SearchAction\",\"target\":{\"@type\":\"EntryPoint\",\"urlTemplate\":\"https:\/\/noticiasemdestaque.com\/cd\/?s={search_term_string}\"},\"query-input\":{\"@type\":\"PropertyValueSpecification\",\"valueRequired\":true,\"valueName\":\"search_term_string\"}}],\"inLanguage\":\"pt-BR\"},{\"@type\":\"Organization\",\"@id\":\"https:\/\/noticiasemdestaque.com\/cd\/#organization\",\"name\":\"Not\u00edcias em Destaque\",\"url\":\"https:\/\/noticiasemdestaque.com\/cd\/\",\"logo\":{\"@type\":\"ImageObject\",\"inLanguage\":\"pt-BR\",\"@id\":\"https:\/\/noticiasemdestaque.com\/cd\/#\/schema\/logo\/image\/\",\"url\":\"https:\/\/noticiasemdestaque.com\/cd\/wp-content\/uploads\/2022\/05\/imagem-base-noticiasemdestaque.png\",\"contentUrl\":\"https:\/\/noticiasemdestaque.com\/cd\/wp-content\/uploads\/2022\/05\/imagem-base-noticiasemdestaque.png\",\"width\":1200,\"height\":630,\"caption\":\"Not\u00edcias em Destaque\"},\"image\":{\"@id\":\"https:\/\/noticiasemdestaque.com\/cd\/#\/schema\/logo\/image\/\"}},{\"@type\":\"Person\",\"@id\":\"https:\/\/noticiasemdestaque.com\/cd\/#\/schema\/person\/4a81fb71f77579d059c3045891fa1786\",\"name\":\"Not\u00edcias em Destaque\",\"url\":\"https:\/\/noticiasemdestaque.com\/cd\/?author=2\"}]}<\/script>\n<!-- \/ Yoast SEO plugin. -->","yoast_head_json":{"title":"Prefeito Dr. J\u00fanior inaugura passagens molhadas e fortalece infraestrutura em Ouro Velho - Not&iacute;cias em Destaque","robots":{"index":"index","follow":"follow","max-snippet":"max-snippet:-1","max-image-preview":"max-image-preview:large","max-video-preview":"max-video-preview:-1"},"canonical":"https:\/\/noticiasemdestaque.com\/cd\/?p=78163","og_locale":"pt_BR","og_type":"article","og_title":"Prefeito Dr. J\u00fanior inaugura passagens molhadas e fortalece infraestrutura em Ouro Velho - Not&iacute;cias em Destaque","og_description":"A Prefeitura de Ouro Velho realizou, no \u00faltimo s\u00e1bado (25), a entrega de duas novas passagens molhadas, refor\u00e7ando os investimentos em infraestrutura no munic\u00edpio e garantindo melhores condi\u00e7\u00f5es de mobilidade para a popula\u00e7\u00e3o da zona rural. As obras foram conclu\u00eddas nas comunidades de Lava P\u00e9s e Depend\u00eancia, locais que enfrentavam dificuldades de acesso, principalmente durante o per\u00edodo de chuvas. Com a inaugura\u00e7\u00e3o, os moradores passam a contar com mais seguran\u00e7a e facilidade no deslocamento di\u00e1rio. Durante a solenidade, o prefeito Dr. J\u00fanior destacou que as melhorias trazem impactos diretos na vida das fam\u00edlias atendidas. Ele ressaltou que as passagens molhadas contribuem para facilitar o tr\u00e1fego, ampliar a acessibilidade e oferecer mais tranquilidade para quem vive nessas regi\u00f5es. O gestor tamb\u00e9m refor\u00e7ou que a aten\u00e7\u00e3o \u00e0 zona rural segue como uma das prioridades da administra\u00e7\u00e3o municipal. Segundo ele, as obras permitem que estudantes tenham mais facilidade para chegar \u00e0s escolas, que atendimentos de urg\u00eancia ocorram com mais rapidez e que produtores consigam escoar sua produ\u00e7\u00e3o com mais efici\u00eancia. Noticias em Destaque","og_url":"https:\/\/noticiasemdestaque.com\/cd\/?p=78163","og_site_name":"Not&iacute;cias em Destaque","article_published_time":"2026-04-27T13:19:29+00:00","og_image":[{"width":1600,"height":1200,"url":"https:\/\/noticiasemdestaque.com\/cd\/wp-content\/uploads\/2026\/04\/WhatsApp-Image-2026-04-27-at-07.21.07.jpeg","type":"image\/jpeg"}],"author":"Not\u00edcias em Destaque","twitter_card":"summary_large_image","twitter_misc":{"Escrito por":"Not\u00edcias em Destaque","Est. tempo de leitura":"2 minutos"},"schema":{"@context":"https:\/\/schema.org","@graph":[{"@type":"Article","@id":"https:\/\/noticiasemdestaque.com\/cd\/?p=78163#article","isPartOf":{"@id":"https:\/\/noticiasemdestaque.com\/cd\/?p=78163"},"author":{"name":"Not\u00edcias em Destaque","@id":"https:\/\/noticiasemdestaque.com\/cd\/#\/schema\/person\/4a81fb71f77579d059c3045891fa1786"},"headline":"Prefeito Dr. J\u00fanior inaugura passagens molhadas e fortalece infraestrutura em Ouro Velho","datePublished":"2026-04-27T13:19:29+00:00","mainEntityOfPage":{"@id":"https:\/\/noticiasemdestaque.com\/cd\/?p=78163"},"wordCount":204,"publisher":{"@id":"https:\/\/noticiasemdestaque.com\/cd\/#organization"},"image":{"@id":"https:\/\/noticiasemdestaque.com\/cd\/?p=78163#primaryimage"},"thumbnailUrl":"https:\/\/noticiasemdestaque.com\/cd\/wp-content\/uploads\/2026\/04\/WhatsApp-Image-2026-04-27-at-07.21.07.jpeg","articleSection":["Cidades"],"inLanguage":"pt-BR"},{"@type":"WebPage","@id":"https:\/\/noticiasemdestaque.com\/cd\/?p=78163","url":"https:\/\/noticiasemdestaque.com\/cd\/?p=78163","name":"Prefeito Dr. J\u00fanior inaugura passagens molhadas e fortalece infraestrutura em Ouro Velho - Not&iacute;cias em Destaque","isPartOf":{"@id":"https:\/\/noticiasemdestaque.com\/cd\/#website"},"primaryImageOfPage":{"@id":"https:\/\/noticiasemdestaque.com\/cd\/?p=78163#primaryimage"},"image":{"@id":"https:\/\/noticiasemdestaque.com\/cd\/?p=78163#primaryimage"},"thumbnailUrl":"https:\/\/noticiasemdestaque.com\/cd\/wp-content\/uploads\/2026\/04\/WhatsApp-Image-2026-04-27-at-07.21.07.jpeg","datePublished":"2026-04-27T13:19:29+00:00","breadcrumb":{"@id":"https:\/\/noticiasemdestaque.com\/cd\/?p=78163#breadcrumb"},"inLanguage":"pt-BR","potentialAction":[{"@type":"ReadAction","target":["https:\/\/noticiasemdestaque.com\/cd\/?p=78163"]}]},{"@type":"ImageObject","inLanguage":"pt-BR","@id":"https:\/\/noticiasemdestaque.com\/cd\/?p=78163#primaryimage","url":"https:\/\/noticiasemdestaque.com\/cd\/wp-content\/uploads\/2026\/04\/WhatsApp-Image-2026-04-27-at-07.21.07.jpeg","contentUrl":"https:\/\/noticiasemdestaque.com\/cd\/wp-content\/uploads\/2026\/04\/WhatsApp-Image-2026-04-27-at-07.21.07.jpeg","width":1600,"height":1200},{"@type":"BreadcrumbList","@id":"https:\/\/noticiasemdestaque.com\/cd\/?p=78163#breadcrumb","itemListElement":[{"@type":"ListItem","position":1,"name":"In\u00edcio","item":"https:\/\/noticiasemdestaque.com\/cd\/"},{"@type":"ListItem","position":2,"name":"Prefeito Dr. J\u00fanior inaugura passagens molhadas e fortalece infraestrutura em Ouro Velho"}]},{"@type":"WebSite","@id":"https:\/\/noticiasemdestaque.com\/cd\/#website","url":"https:\/\/noticiasemdestaque.com\/cd\/","name":"Not&iacute;cias em Destaque","description":"","publisher":{"@id":"https:\/\/noticiasemdestaque.com\/cd\/#organization"},"potentialAction":[{"@type":"SearchAction","target":{"@type":"EntryPoint","urlTemplate":"https:\/\/noticiasemdestaque.com\/cd\/?s={search_term_string}"},"query-input":{"@type":"PropertyValueSpecification","valueRequired":true,"valueName":"search_term_string"}}],"inLanguage":"pt-BR"},{"@type":"Organization","@id":"https:\/\/noticiasemdestaque.com\/cd\/#organization","name":"Not\u00edcias em Destaque","url":"https:\/\/noticiasemdestaque.com\/cd\/","logo":{"@type":"ImageObject","inLanguage":"pt-BR","@id":"https:\/\/noticiasemdestaque.com\/cd\/#\/schema\/logo\/image\/","url":"https:\/\/noticiasemdestaque.com\/cd\/wp-content\/uploads\/2022\/05\/imagem-base-noticiasemdestaque.png","contentUrl":"https:\/\/noticiasemdestaque.com\/cd\/wp-content\/uploads\/2022\/05\/imagem-base-noticiasemdestaque.png","width":1200,"height":630,"caption":"Not\u00edcias em Destaque"},"image":{"@id":"https:\/\/noticiasemdestaque.com\/cd\/#\/schema\/logo\/image\/"}},{"@type":"Person","@id":"https:\/\/noticiasemdestaque.com\/cd\/#\/schema\/person\/4a81fb71f77579d059c3045891fa1786","name":"Not\u00edcias em Destaque","url":"https:\/\/noticiasemdestaque.com\/cd\/?author=2"}]}},"jetpack_featured_media_url":"https:\/\/noticiasemdestaque.com\/cd\/wp-content\/uploads\/2026\/04\/WhatsApp-Image-2026-04-27-at-07.21.07.jpeg","jetpack_sharing_enabled":true,"_links":{"self":[{"href":"https:\/\/noticiasemdestaque.com\/cd\/index.php?rest_route=\/wp\/v2\/posts\/78163","targetHints":{"allow":["GET"]}}],"collection":[{"href":"https:\/\/noticiasemdestaque.com\/cd\/index.php?rest_route=\/wp\/v2\/posts"}],"about":[{"href":"https:\/\/noticiasemdestaque.com\/cd\/index.php?rest_route=\/wp\/v2\/types\/post"}],"author":[{"embeddable":true,"href":"https:\/\/noticiasemdestaque.com\/cd\/index.php?rest_route=\/wp\/v2\/users\/2"}],"replies":[{"embeddable":true,"href":"https:\/\/noticiasemdestaque.com\/cd\/index.php?rest_route=%2Fwp%2Fv2%2Fcomments&post=78163"}],"version-history":[{"count":1,"href":"https:\/\/noticiasemdestaque.com\/cd\/index.php?rest_route=\/wp\/v2\/posts\/78163\/revisions"}],"predecessor-version":[{"id":78165,"href":"https:\/\/noticiasemdestaque.com\/cd\/index.php?rest_route=\/wp\/v2\/posts\/78163\/revisions\/78165"}],"wp:featuredmedia":[{"embeddable":true,"href":"https:\/\/noticiasemdestaque.com\/cd\/index.php?rest_route=\/wp\/v2\/media\/78164"}],"wp:attachment":[{"href":"https:\/\/noticiasemdestaque.com\/cd\/index.php?rest_route=%2Fwp%2Fv2%2Fmedia&parent=78163"}],"wp:term":[{"taxonomy":"category","embeddable":true,"href":"https:\/\/noticiasemdestaque.com\/cd\/index.php?rest_route=%2Fwp%2Fv2%2Fcategories&post=78163"},{"taxonomy":"post_tag","embeddable":true,"href":"https:\/\/noticiasemdestaque.com\/cd\/index.php?rest_route=%2Fwp%2Fv2%2Ftags&post=78163"}],"curies":[{"name":"wp","href":"https:\/\/api.w.org\/{rel}","templated":true}]}}