{"id":78158,"date":"2026-04-27T10:11:51","date_gmt":"2026-04-27T13:11:51","guid":{"rendered":"https:\/\/noticiasemdestaque.com\/cd\/?p=78158"},"modified":"2026-04-27T10:11:51","modified_gmt":"2026-04-27T13:11:51","slug":"prefeitura-de-amparo-entrega-obras-e-reforca-desenvolvimento-no-municipio","status":"publish","type":"post","link":"https:\/\/noticiasemdestaque.com\/cd\/?p=78158","title":{"rendered":"Prefeitura de Amparo entrega obras e refor\u00e7a desenvolvimento no munic\u00edpio"},"content":{"rendered":"<p><a href=\"https:\/\/noticiasemdestaque.com\/cd\/wp-content\/uploads\/2026\/04\/WhatsApp-Image-2026-04-27-at-07.09.44.jpeg\"><img fetchpriority=\"high\" decoding=\"async\" class=\" wp-image-78160 aligncenter\" src=\"https:\/\/noticiasemdestaque.com\/cd\/wp-content\/uploads\/2026\/04\/WhatsApp-Image-2026-04-27-at-07.09.44-300x225.jpeg\" alt=\"\" width=\"969\" height=\"727\" srcset=\"https:\/\/noticiasemdestaque.com\/cd\/wp-content\/uploads\/2026\/04\/WhatsApp-Image-2026-04-27-at-07.09.44-300x225.jpeg 300w, https:\/\/noticiasemdestaque.com\/cd\/wp-content\/uploads\/2026\/04\/WhatsApp-Image-2026-04-27-at-07.09.44-1024x768.jpeg 1024w, https:\/\/noticiasemdestaque.com\/cd\/wp-content\/uploads\/2026\/04\/WhatsApp-Image-2026-04-27-at-07.09.44-768x576.jpeg 768w, https:\/\/noticiasemdestaque.com\/cd\/wp-content\/uploads\/2026\/04\/WhatsApp-Image-2026-04-27-at-07.09.44-1536x1152.jpeg 1536w, https:\/\/noticiasemdestaque.com\/cd\/wp-content\/uploads\/2026\/04\/WhatsApp-Image-2026-04-27-at-07.09.44.jpeg 1600w\" sizes=\"(max-width: 969px) 100vw, 969px\" \/><\/a><\/p>\n<p>A Prefeitura de Amparo, sob a gest\u00e3o do prefeito Tarc\u00edo Gabriel, realizou na \u00faltima sexta-feira a entrega de uma s\u00e9rie de obras que representam avan\u00e7os importantes para o desenvolvimento do munic\u00edpio e a melhoria da qualidade de vida da popula\u00e7\u00e3o.<\/p>\n<p>Entre as a\u00e7\u00f5es entregues, est\u00e1 a constru\u00e7\u00e3o de uma passagem molhada no S\u00edtio Riacho do Cariri, garantindo mais seguran\u00e7a e mobilidade para os moradores, especialmente em per\u00edodos de chuva. Tamb\u00e9m foram inaugurados novos canteiros centrais, contribuindo para a organiza\u00e7\u00e3o urbana e valoriza\u00e7\u00e3o da cidade.<\/p>\n<p>Outro destaque foi a entrega da Pra\u00e7a da Sa\u00fade, localizada no Conjunto Francisco de P. Arruda, oferecendo um novo espa\u00e7o de conviv\u00eancia e incentivo \u00e0 pr\u00e1tica de atividades f\u00edsicas. Na zona rural, a gest\u00e3o tamb\u00e9m realizou a instala\u00e7\u00e3o de uma caixa d\u2019\u00e1gua no S\u00edtio Salgadinho, refor\u00e7ando o abastecimento h\u00eddrico da comunidade.<\/p>\n<p><a href=\"https:\/\/noticiasemdestaque.com\/cd\/wp-content\/uploads\/2026\/04\/WhatsApp-Image-2026-04-27-at-07.10.17.jpeg\"><img decoding=\"async\" class=\" wp-image-78159 aligncenter\" src=\"https:\/\/noticiasemdestaque.com\/cd\/wp-content\/uploads\/2026\/04\/WhatsApp-Image-2026-04-27-at-07.10.17-300x225.jpeg\" alt=\"\" width=\"728\" height=\"546\" srcset=\"https:\/\/noticiasemdestaque.com\/cd\/wp-content\/uploads\/2026\/04\/WhatsApp-Image-2026-04-27-at-07.10.17-300x225.jpeg 300w, https:\/\/noticiasemdestaque.com\/cd\/wp-content\/uploads\/2026\/04\/WhatsApp-Image-2026-04-27-at-07.10.17-1024x768.jpeg 1024w, https:\/\/noticiasemdestaque.com\/cd\/wp-content\/uploads\/2026\/04\/WhatsApp-Image-2026-04-27-at-07.10.17-768x576.jpeg 768w, https:\/\/noticiasemdestaque.com\/cd\/wp-content\/uploads\/2026\/04\/WhatsApp-Image-2026-04-27-at-07.10.17-1536x1152.jpeg 1536w, https:\/\/noticiasemdestaque.com\/cd\/wp-content\/uploads\/2026\/04\/WhatsApp-Image-2026-04-27-at-07.10.17.jpeg 1600w\" sizes=\"(max-width: 728px) 100vw, 728px\" \/><\/a><\/p>\n<p>Al\u00e9m disso, a Vila S\u00edtio Salgadinho foi contemplada com pavimenta\u00e7\u00e3o e ilumina\u00e7\u00e3o p\u00fablica, garantindo mais conforto, seguran\u00e7a e qualidade de vida para os moradores da localidade.<\/p>\n<p>A solenidade contou com a presen\u00e7a do vice-prefeito C\u00edcero Maciel, do ex-prefeito Z\u00e9 Arnaldo, vereadores, secret\u00e1rios municipais e da pr\u00e9-candidata a deputada estadual Anna Lorena.<\/p>\n<p>De acordo com o prefeito Tarc\u00edo Gabriel, as entregas fazem parte de um conjunto de a\u00e7\u00f5es planejadas para promover o crescimento de Amparo. Ele destacou o compromisso da gest\u00e3o em continuar investindo em obras que tragam benef\u00edcios diretos para a popula\u00e7\u00e3o, tanto na cidade quanto na zona rural.<\/p>\n<p><a href=\"https:\/\/noticiasemdestaque.com\/cd\/wp-content\/uploads\/2026\/04\/WhatsApp-Image-2026-04-27-at-07.10.17-1.jpeg\"><img decoding=\"async\" class=\" wp-image-78161 aligncenter\" src=\"https:\/\/noticiasemdestaque.com\/cd\/wp-content\/uploads\/2026\/04\/WhatsApp-Image-2026-04-27-at-07.10.17-1-300x225.jpeg\" alt=\"\" width=\"667\" height=\"500\" srcset=\"https:\/\/noticiasemdestaque.com\/cd\/wp-content\/uploads\/2026\/04\/WhatsApp-Image-2026-04-27-at-07.10.17-1-300x225.jpeg 300w, https:\/\/noticiasemdestaque.com\/cd\/wp-content\/uploads\/2026\/04\/WhatsApp-Image-2026-04-27-at-07.10.17-1-1024x768.jpeg 1024w, https:\/\/noticiasemdestaque.com\/cd\/wp-content\/uploads\/2026\/04\/WhatsApp-Image-2026-04-27-at-07.10.17-1-768x576.jpeg 768w, https:\/\/noticiasemdestaque.com\/cd\/wp-content\/uploads\/2026\/04\/WhatsApp-Image-2026-04-27-at-07.10.17-1-1536x1152.jpeg 1536w, https:\/\/noticiasemdestaque.com\/cd\/wp-content\/uploads\/2026\/04\/WhatsApp-Image-2026-04-27-at-07.10.17-1.jpeg 1600w\" sizes=\"(max-width: 667px) 100vw, 667px\" \/><\/a><\/p>\n<p><strong>Noticias em Destaque<\/strong><\/p>\n","protected":false},"excerpt":{"rendered":"<p>A Prefeitura de Amparo, sob a gest\u00e3o do prefeito Tarc\u00edo Gabriel, realizou na \u00faltima sexta-feira a entrega de uma s\u00e9rie de obras que representam avan\u00e7os importantes para o desenvolvimento do munic\u00edpio e a melhoria da qualidade de vida da popula\u00e7\u00e3o. Entre as a\u00e7\u00f5es entregues, est\u00e1 a constru\u00e7\u00e3o de uma passagem molhada no S\u00edtio Riacho do Cariri, garantindo mais seguran\u00e7a e mobilidade para os moradores, especialmente em per\u00edodos de chuva. Tamb\u00e9m foram inaugurados novos canteiros centrais, contribuindo para a organiza\u00e7\u00e3o urbana e valoriza\u00e7\u00e3o da cidade. Outro destaque foi a entrega da Pra\u00e7a da Sa\u00fade, localizada no Conjunto Francisco de P. Arruda, oferecendo um novo espa\u00e7o de conviv\u00eancia e incentivo \u00e0 pr\u00e1tica de atividades f\u00edsicas. Na zona rural, a gest\u00e3o tamb\u00e9m realizou a instala\u00e7\u00e3o de uma caixa d\u2019\u00e1gua no S\u00edtio Salgadinho, refor\u00e7ando o abastecimento h\u00eddrico da comunidade. Al\u00e9m disso, a Vila S\u00edtio Salgadinho foi contemplada com pavimenta\u00e7\u00e3o e ilumina\u00e7\u00e3o p\u00fablica, garantindo mais conforto, seguran\u00e7a e qualidade de vida para os moradores da localidade. A solenidade contou com a presen\u00e7a do vice-prefeito C\u00edcero Maciel, do ex-prefeito Z\u00e9 Arnaldo, vereadores, secret\u00e1rios municipais e da pr\u00e9-candidata a deputada estadual Anna Lorena. De acordo com o prefeito Tarc\u00edo Gabriel, as entregas fazem parte de um conjunto de a\u00e7\u00f5es planejadas para promover o crescimento de Amparo. Ele destacou o compromisso da gest\u00e3o em continuar investindo em obras que tragam benef\u00edcios diretos para a popula\u00e7\u00e3o, tanto na cidade quanto na zona rural. Noticias em Destaque<\/p>\n","protected":false},"author":2,"featured_media":78160,"comment_status":"closed","ping_status":"closed","sticky":false,"template":"","format":"standard","meta":{"_eb_attr":"","_jetpack_memberships_contains_paid_content":false,"footnotes":""},"categories":[4],"tags":[],"class_list":["post-78158","post","type-post","status-publish","format-standard","has-post-thumbnail","hentry","category-politica"],"yoast_head":"<!-- This site is optimized with the Yoast SEO plugin v26.5 - https:\/\/yoast.com\/wordpress\/plugins\/seo\/ -->\n<title>Prefeitura de Amparo entrega obras e refor\u00e7a desenvolvimento no munic\u00edpio - Not&iacute;cias em Destaque<\/title>\n<meta name=\"robots\" content=\"index, follow, max-snippet:-1, max-image-preview:large, max-video-preview:-1\" \/>\n<link rel=\"canonical\" href=\"https:\/\/noticiasemdestaque.com\/cd\/?p=78158\" \/>\n<meta property=\"og:locale\" content=\"pt_BR\" \/>\n<meta property=\"og:type\" content=\"article\" \/>\n<meta property=\"og:title\" content=\"Prefeitura de Amparo entrega obras e refor\u00e7a desenvolvimento no munic\u00edpio - Not&iacute;cias em Destaque\" \/>\n<meta property=\"og:description\" content=\"A Prefeitura de Amparo, sob a gest\u00e3o do prefeito Tarc\u00edo Gabriel, realizou na \u00faltima sexta-feira a entrega de uma s\u00e9rie de obras que representam avan\u00e7os importantes para o desenvolvimento do munic\u00edpio e a melhoria da qualidade de vida da popula\u00e7\u00e3o. Entre as a\u00e7\u00f5es entregues, est\u00e1 a constru\u00e7\u00e3o de uma passagem molhada no S\u00edtio Riacho do Cariri, garantindo mais seguran\u00e7a e mobilidade para os moradores, especialmente em per\u00edodos de chuva. Tamb\u00e9m foram inaugurados novos canteiros centrais, contribuindo para a organiza\u00e7\u00e3o urbana e valoriza\u00e7\u00e3o da cidade. Outro destaque foi a entrega da Pra\u00e7a da Sa\u00fade, localizada no Conjunto Francisco de P. Arruda, oferecendo um novo espa\u00e7o de conviv\u00eancia e incentivo \u00e0 pr\u00e1tica de atividades f\u00edsicas. Na zona rural, a gest\u00e3o tamb\u00e9m realizou a instala\u00e7\u00e3o de uma caixa d\u2019\u00e1gua no S\u00edtio Salgadinho, refor\u00e7ando o abastecimento h\u00eddrico da comunidade. Al\u00e9m disso, a Vila S\u00edtio Salgadinho foi contemplada com pavimenta\u00e7\u00e3o e ilumina\u00e7\u00e3o p\u00fablica, garantindo mais conforto, seguran\u00e7a e qualidade de vida para os moradores da localidade. A solenidade contou com a presen\u00e7a do vice-prefeito C\u00edcero Maciel, do ex-prefeito Z\u00e9 Arnaldo, vereadores, secret\u00e1rios municipais e da pr\u00e9-candidata a deputada estadual Anna Lorena. De acordo com o prefeito Tarc\u00edo Gabriel, as entregas fazem parte de um conjunto de a\u00e7\u00f5es planejadas para promover o crescimento de Amparo. Ele destacou o compromisso da gest\u00e3o em continuar investindo em obras que tragam benef\u00edcios diretos para a popula\u00e7\u00e3o, tanto na cidade quanto na zona rural. Noticias em Destaque\" \/>\n<meta property=\"og:url\" content=\"https:\/\/noticiasemdestaque.com\/cd\/?p=78158\" \/>\n<meta property=\"og:site_name\" content=\"Not&iacute;cias em Destaque\" \/>\n<meta property=\"article:published_time\" content=\"2026-04-27T13:11:51+00:00\" \/>\n<meta property=\"og:image\" content=\"https:\/\/noticiasemdestaque.com\/cd\/wp-content\/uploads\/2026\/04\/WhatsApp-Image-2026-04-27-at-07.09.44.jpeg\" \/>\n\t<meta property=\"og:image:width\" content=\"1600\" \/>\n\t<meta property=\"og:image:height\" content=\"1200\" \/>\n\t<meta property=\"og:image:type\" content=\"image\/jpeg\" \/>\n<meta name=\"author\" content=\"Not\u00edcias em Destaque\" \/>\n<meta name=\"twitter:card\" content=\"summary_large_image\" \/>\n<meta name=\"twitter:label1\" content=\"Escrito por\" \/>\n\t<meta name=\"twitter:data1\" content=\"Not\u00edcias em Destaque\" \/>\n\t<meta name=\"twitter:label2\" content=\"Est. tempo de leitura\" \/>\n\t<meta name=\"twitter:data2\" content=\"3 minutos\" \/>\n<script type=\"application\/ld+json\" class=\"yoast-schema-graph\">{\"@context\":\"https:\/\/schema.org\",\"@graph\":[{\"@type\":\"Article\",\"@id\":\"https:\/\/noticiasemdestaque.com\/cd\/?p=78158#article\",\"isPartOf\":{\"@id\":\"https:\/\/noticiasemdestaque.com\/cd\/?p=78158\"},\"author\":{\"name\":\"Not\u00edcias em Destaque\",\"@id\":\"https:\/\/noticiasemdestaque.com\/cd\/#\/schema\/person\/4a81fb71f77579d059c3045891fa1786\"},\"headline\":\"Prefeitura de Amparo entrega obras e refor\u00e7a desenvolvimento no munic\u00edpio\",\"datePublished\":\"2026-04-27T13:11:51+00:00\",\"mainEntityOfPage\":{\"@id\":\"https:\/\/noticiasemdestaque.com\/cd\/?p=78158\"},\"wordCount\":290,\"publisher\":{\"@id\":\"https:\/\/noticiasemdestaque.com\/cd\/#organization\"},\"image\":{\"@id\":\"https:\/\/noticiasemdestaque.com\/cd\/?p=78158#primaryimage\"},\"thumbnailUrl\":\"https:\/\/noticiasemdestaque.com\/cd\/wp-content\/uploads\/2026\/04\/WhatsApp-Image-2026-04-27-at-07.09.44.jpeg\",\"articleSection\":[\"Pol\u00edtica\"],\"inLanguage\":\"pt-BR\"},{\"@type\":\"WebPage\",\"@id\":\"https:\/\/noticiasemdestaque.com\/cd\/?p=78158\",\"url\":\"https:\/\/noticiasemdestaque.com\/cd\/?p=78158\",\"name\":\"Prefeitura de Amparo entrega obras e refor\u00e7a desenvolvimento no munic\u00edpio - Not&iacute;cias em Destaque\",\"isPartOf\":{\"@id\":\"https:\/\/noticiasemdestaque.com\/cd\/#website\"},\"primaryImageOfPage\":{\"@id\":\"https:\/\/noticiasemdestaque.com\/cd\/?p=78158#primaryimage\"},\"image\":{\"@id\":\"https:\/\/noticiasemdestaque.com\/cd\/?p=78158#primaryimage\"},\"thumbnailUrl\":\"https:\/\/noticiasemdestaque.com\/cd\/wp-content\/uploads\/2026\/04\/WhatsApp-Image-2026-04-27-at-07.09.44.jpeg\",\"datePublished\":\"2026-04-27T13:11:51+00:00\",\"breadcrumb\":{\"@id\":\"https:\/\/noticiasemdestaque.com\/cd\/?p=78158#breadcrumb\"},\"inLanguage\":\"pt-BR\",\"potentialAction\":[{\"@type\":\"ReadAction\",\"target\":[\"https:\/\/noticiasemdestaque.com\/cd\/?p=78158\"]}]},{\"@type\":\"ImageObject\",\"inLanguage\":\"pt-BR\",\"@id\":\"https:\/\/noticiasemdestaque.com\/cd\/?p=78158#primaryimage\",\"url\":\"https:\/\/noticiasemdestaque.com\/cd\/wp-content\/uploads\/2026\/04\/WhatsApp-Image-2026-04-27-at-07.09.44.jpeg\",\"contentUrl\":\"https:\/\/noticiasemdestaque.com\/cd\/wp-content\/uploads\/2026\/04\/WhatsApp-Image-2026-04-27-at-07.09.44.jpeg\",\"width\":1600,\"height\":1200},{\"@type\":\"BreadcrumbList\",\"@id\":\"https:\/\/noticiasemdestaque.com\/cd\/?p=78158#breadcrumb\",\"itemListElement\":[{\"@type\":\"ListItem\",\"position\":1,\"name\":\"In\u00edcio\",\"item\":\"https:\/\/noticiasemdestaque.com\/cd\/\"},{\"@type\":\"ListItem\",\"position\":2,\"name\":\"Prefeitura de Amparo entrega obras e refor\u00e7a desenvolvimento no munic\u00edpio\"}]},{\"@type\":\"WebSite\",\"@id\":\"https:\/\/noticiasemdestaque.com\/cd\/#website\",\"url\":\"https:\/\/noticiasemdestaque.com\/cd\/\",\"name\":\"Not&iacute;cias em Destaque\",\"description\":\"\",\"publisher\":{\"@id\":\"https:\/\/noticiasemdestaque.com\/cd\/#organization\"},\"potentialAction\":[{\"@type\":\"SearchAction\",\"target\":{\"@type\":\"EntryPoint\",\"urlTemplate\":\"https:\/\/noticiasemdestaque.com\/cd\/?s={search_term_string}\"},\"query-input\":{\"@type\":\"PropertyValueSpecification\",\"valueRequired\":true,\"valueName\":\"search_term_string\"}}],\"inLanguage\":\"pt-BR\"},{\"@type\":\"Organization\",\"@id\":\"https:\/\/noticiasemdestaque.com\/cd\/#organization\",\"name\":\"Not\u00edcias em Destaque\",\"url\":\"https:\/\/noticiasemdestaque.com\/cd\/\",\"logo\":{\"@type\":\"ImageObject\",\"inLanguage\":\"pt-BR\",\"@id\":\"https:\/\/noticiasemdestaque.com\/cd\/#\/schema\/logo\/image\/\",\"url\":\"https:\/\/noticiasemdestaque.com\/cd\/wp-content\/uploads\/2022\/05\/imagem-base-noticiasemdestaque.png\",\"contentUrl\":\"https:\/\/noticiasemdestaque.com\/cd\/wp-content\/uploads\/2022\/05\/imagem-base-noticiasemdestaque.png\",\"width\":1200,\"height\":630,\"caption\":\"Not\u00edcias em Destaque\"},\"image\":{\"@id\":\"https:\/\/noticiasemdestaque.com\/cd\/#\/schema\/logo\/image\/\"}},{\"@type\":\"Person\",\"@id\":\"https:\/\/noticiasemdestaque.com\/cd\/#\/schema\/person\/4a81fb71f77579d059c3045891fa1786\",\"name\":\"Not\u00edcias em Destaque\",\"url\":\"https:\/\/noticiasemdestaque.com\/cd\/?author=2\"}]}<\/script>\n<!-- \/ Yoast SEO plugin. -->","yoast_head_json":{"title":"Prefeitura de Amparo entrega obras e refor\u00e7a desenvolvimento no munic\u00edpio - Not&iacute;cias em Destaque","robots":{"index":"index","follow":"follow","max-snippet":"max-snippet:-1","max-image-preview":"max-image-preview:large","max-video-preview":"max-video-preview:-1"},"canonical":"https:\/\/noticiasemdestaque.com\/cd\/?p=78158","og_locale":"pt_BR","og_type":"article","og_title":"Prefeitura de Amparo entrega obras e refor\u00e7a desenvolvimento no munic\u00edpio - Not&iacute;cias em Destaque","og_description":"A Prefeitura de Amparo, sob a gest\u00e3o do prefeito Tarc\u00edo Gabriel, realizou na \u00faltima sexta-feira a entrega de uma s\u00e9rie de obras que representam avan\u00e7os importantes para o desenvolvimento do munic\u00edpio e a melhoria da qualidade de vida da popula\u00e7\u00e3o. Entre as a\u00e7\u00f5es entregues, est\u00e1 a constru\u00e7\u00e3o de uma passagem molhada no S\u00edtio Riacho do Cariri, garantindo mais seguran\u00e7a e mobilidade para os moradores, especialmente em per\u00edodos de chuva. Tamb\u00e9m foram inaugurados novos canteiros centrais, contribuindo para a organiza\u00e7\u00e3o urbana e valoriza\u00e7\u00e3o da cidade. Outro destaque foi a entrega da Pra\u00e7a da Sa\u00fade, localizada no Conjunto Francisco de P. Arruda, oferecendo um novo espa\u00e7o de conviv\u00eancia e incentivo \u00e0 pr\u00e1tica de atividades f\u00edsicas. Na zona rural, a gest\u00e3o tamb\u00e9m realizou a instala\u00e7\u00e3o de uma caixa d\u2019\u00e1gua no S\u00edtio Salgadinho, refor\u00e7ando o abastecimento h\u00eddrico da comunidade. Al\u00e9m disso, a Vila S\u00edtio Salgadinho foi contemplada com pavimenta\u00e7\u00e3o e ilumina\u00e7\u00e3o p\u00fablica, garantindo mais conforto, seguran\u00e7a e qualidade de vida para os moradores da localidade. A solenidade contou com a presen\u00e7a do vice-prefeito C\u00edcero Maciel, do ex-prefeito Z\u00e9 Arnaldo, vereadores, secret\u00e1rios municipais e da pr\u00e9-candidata a deputada estadual Anna Lorena. De acordo com o prefeito Tarc\u00edo Gabriel, as entregas fazem parte de um conjunto de a\u00e7\u00f5es planejadas para promover o crescimento de Amparo. Ele destacou o compromisso da gest\u00e3o em continuar investindo em obras que tragam benef\u00edcios diretos para a popula\u00e7\u00e3o, tanto na cidade quanto na zona rural. Noticias em Destaque","og_url":"https:\/\/noticiasemdestaque.com\/cd\/?p=78158","og_site_name":"Not&iacute;cias em Destaque","article_published_time":"2026-04-27T13:11:51+00:00","og_image":[{"width":1600,"height":1200,"url":"https:\/\/noticiasemdestaque.com\/cd\/wp-content\/uploads\/2026\/04\/WhatsApp-Image-2026-04-27-at-07.09.44.jpeg","type":"image\/jpeg"}],"author":"Not\u00edcias em Destaque","twitter_card":"summary_large_image","twitter_misc":{"Escrito por":"Not\u00edcias em Destaque","Est. tempo de leitura":"3 minutos"},"schema":{"@context":"https:\/\/schema.org","@graph":[{"@type":"Article","@id":"https:\/\/noticiasemdestaque.com\/cd\/?p=78158#article","isPartOf":{"@id":"https:\/\/noticiasemdestaque.com\/cd\/?p=78158"},"author":{"name":"Not\u00edcias em Destaque","@id":"https:\/\/noticiasemdestaque.com\/cd\/#\/schema\/person\/4a81fb71f77579d059c3045891fa1786"},"headline":"Prefeitura de Amparo entrega obras e refor\u00e7a desenvolvimento no munic\u00edpio","datePublished":"2026-04-27T13:11:51+00:00","mainEntityOfPage":{"@id":"https:\/\/noticiasemdestaque.com\/cd\/?p=78158"},"wordCount":290,"publisher":{"@id":"https:\/\/noticiasemdestaque.com\/cd\/#organization"},"image":{"@id":"https:\/\/noticiasemdestaque.com\/cd\/?p=78158#primaryimage"},"thumbnailUrl":"https:\/\/noticiasemdestaque.com\/cd\/wp-content\/uploads\/2026\/04\/WhatsApp-Image-2026-04-27-at-07.09.44.jpeg","articleSection":["Pol\u00edtica"],"inLanguage":"pt-BR"},{"@type":"WebPage","@id":"https:\/\/noticiasemdestaque.com\/cd\/?p=78158","url":"https:\/\/noticiasemdestaque.com\/cd\/?p=78158","name":"Prefeitura de Amparo entrega obras e refor\u00e7a desenvolvimento no munic\u00edpio - Not&iacute;cias em Destaque","isPartOf":{"@id":"https:\/\/noticiasemdestaque.com\/cd\/#website"},"primaryImageOfPage":{"@id":"https:\/\/noticiasemdestaque.com\/cd\/?p=78158#primaryimage"},"image":{"@id":"https:\/\/noticiasemdestaque.com\/cd\/?p=78158#primaryimage"},"thumbnailUrl":"https:\/\/noticiasemdestaque.com\/cd\/wp-content\/uploads\/2026\/04\/WhatsApp-Image-2026-04-27-at-07.09.44.jpeg","datePublished":"2026-04-27T13:11:51+00:00","breadcrumb":{"@id":"https:\/\/noticiasemdestaque.com\/cd\/?p=78158#breadcrumb"},"inLanguage":"pt-BR","potentialAction":[{"@type":"ReadAction","target":["https:\/\/noticiasemdestaque.com\/cd\/?p=78158"]}]},{"@type":"ImageObject","inLanguage":"pt-BR","@id":"https:\/\/noticiasemdestaque.com\/cd\/?p=78158#primaryimage","url":"https:\/\/noticiasemdestaque.com\/cd\/wp-content\/uploads\/2026\/04\/WhatsApp-Image-2026-04-27-at-07.09.44.jpeg","contentUrl":"https:\/\/noticiasemdestaque.com\/cd\/wp-content\/uploads\/2026\/04\/WhatsApp-Image-2026-04-27-at-07.09.44.jpeg","width":1600,"height":1200},{"@type":"BreadcrumbList","@id":"https:\/\/noticiasemdestaque.com\/cd\/?p=78158#breadcrumb","itemListElement":[{"@type":"ListItem","position":1,"name":"In\u00edcio","item":"https:\/\/noticiasemdestaque.com\/cd\/"},{"@type":"ListItem","position":2,"name":"Prefeitura de Amparo entrega obras e refor\u00e7a desenvolvimento no munic\u00edpio"}]},{"@type":"WebSite","@id":"https:\/\/noticiasemdestaque.com\/cd\/#website","url":"https:\/\/noticiasemdestaque.com\/cd\/","name":"Not&iacute;cias em Destaque","description":"","publisher":{"@id":"https:\/\/noticiasemdestaque.com\/cd\/#organization"},"potentialAction":[{"@type":"SearchAction","target":{"@type":"EntryPoint","urlTemplate":"https:\/\/noticiasemdestaque.com\/cd\/?s={search_term_string}"},"query-input":{"@type":"PropertyValueSpecification","valueRequired":true,"valueName":"search_term_string"}}],"inLanguage":"pt-BR"},{"@type":"Organization","@id":"https:\/\/noticiasemdestaque.com\/cd\/#organization","name":"Not\u00edcias em Destaque","url":"https:\/\/noticiasemdestaque.com\/cd\/","logo":{"@type":"ImageObject","inLanguage":"pt-BR","@id":"https:\/\/noticiasemdestaque.com\/cd\/#\/schema\/logo\/image\/","url":"https:\/\/noticiasemdestaque.com\/cd\/wp-content\/uploads\/2022\/05\/imagem-base-noticiasemdestaque.png","contentUrl":"https:\/\/noticiasemdestaque.com\/cd\/wp-content\/uploads\/2022\/05\/imagem-base-noticiasemdestaque.png","width":1200,"height":630,"caption":"Not\u00edcias em Destaque"},"image":{"@id":"https:\/\/noticiasemdestaque.com\/cd\/#\/schema\/logo\/image\/"}},{"@type":"Person","@id":"https:\/\/noticiasemdestaque.com\/cd\/#\/schema\/person\/4a81fb71f77579d059c3045891fa1786","name":"Not\u00edcias em Destaque","url":"https:\/\/noticiasemdestaque.com\/cd\/?author=2"}]}},"jetpack_featured_media_url":"https:\/\/noticiasemdestaque.com\/cd\/wp-content\/uploads\/2026\/04\/WhatsApp-Image-2026-04-27-at-07.09.44.jpeg","jetpack_sharing_enabled":true,"_links":{"self":[{"href":"https:\/\/noticiasemdestaque.com\/cd\/index.php?rest_route=\/wp\/v2\/posts\/78158","targetHints":{"allow":["GET"]}}],"collection":[{"href":"https:\/\/noticiasemdestaque.com\/cd\/index.php?rest_route=\/wp\/v2\/posts"}],"about":[{"href":"https:\/\/noticiasemdestaque.com\/cd\/index.php?rest_route=\/wp\/v2\/types\/post"}],"author":[{"embeddable":true,"href":"https:\/\/noticiasemdestaque.com\/cd\/index.php?rest_route=\/wp\/v2\/users\/2"}],"replies":[{"embeddable":true,"href":"https:\/\/noticiasemdestaque.com\/cd\/index.php?rest_route=%2Fwp%2Fv2%2Fcomments&post=78158"}],"version-history":[{"count":1,"href":"https:\/\/noticiasemdestaque.com\/cd\/index.php?rest_route=\/wp\/v2\/posts\/78158\/revisions"}],"predecessor-version":[{"id":78162,"href":"https:\/\/noticiasemdestaque.com\/cd\/index.php?rest_route=\/wp\/v2\/posts\/78158\/revisions\/78162"}],"wp:featuredmedia":[{"embeddable":true,"href":"https:\/\/noticiasemdestaque.com\/cd\/index.php?rest_route=\/wp\/v2\/media\/78160"}],"wp:attachment":[{"href":"https:\/\/noticiasemdestaque.com\/cd\/index.php?rest_route=%2Fwp%2Fv2%2Fmedia&parent=78158"}],"wp:term":[{"taxonomy":"category","embeddable":true,"href":"https:\/\/noticiasemdestaque.com\/cd\/index.php?rest_route=%2Fwp%2Fv2%2Fcategories&post=78158"},{"taxonomy":"post_tag","embeddable":true,"href":"https:\/\/noticiasemdestaque.com\/cd\/index.php?rest_route=%2Fwp%2Fv2%2Ftags&post=78158"}],"curies":[{"name":"wp","href":"https:\/\/api.w.org\/{rel}","templated":true}]}}