{"id":78155,"date":"2026-04-26T13:03:28","date_gmt":"2026-04-26T16:03:28","guid":{"rendered":"https:\/\/noticiasemdestaque.com\/cd\/?p=78155"},"modified":"2026-04-26T13:03:28","modified_gmt":"2026-04-26T16:03:28","slug":"ex-prefeito-caririzeiro-e-condenado-por-improbidade-administrativa-confira-a-decisao","status":"publish","type":"post","link":"https:\/\/noticiasemdestaque.com\/cd\/?p=78155","title":{"rendered":"Ex-prefeito caririzeiro \u00e9 condenado por improbidade administrativa; confira a decis\u00e3o"},"content":{"rendered":"<p><a href=\"https:\/\/noticiasemdestaque.com\/cd\/wp-content\/uploads\/2026\/04\/WhatsApp-Image-2026-04-25-at-15.51.01.jpeg\"><img fetchpriority=\"high\" decoding=\"async\" class=\" wp-image-78156 aligncenter\" src=\"https:\/\/noticiasemdestaque.com\/cd\/wp-content\/uploads\/2026\/04\/WhatsApp-Image-2026-04-25-at-15.51.01-300x300.jpeg\" alt=\"\" width=\"956\" height=\"956\" srcset=\"https:\/\/noticiasemdestaque.com\/cd\/wp-content\/uploads\/2026\/04\/WhatsApp-Image-2026-04-25-at-15.51.01-300x300.jpeg 300w, https:\/\/noticiasemdestaque.com\/cd\/wp-content\/uploads\/2026\/04\/WhatsApp-Image-2026-04-25-at-15.51.01-150x150.jpeg 150w, https:\/\/noticiasemdestaque.com\/cd\/wp-content\/uploads\/2026\/04\/WhatsApp-Image-2026-04-25-at-15.51.01.jpeg 581w\" sizes=\"(max-width: 956px) 100vw, 956px\" \/><\/a><\/p>\n<p>O ex-prefeito de S\u00e3o Jo\u00e3o do Tigre, Jos\u00e9 Mauc\u00e9lio Barbosa, foi condenado por ato de improbidade administrativa em decis\u00e3o da Justi\u00e7a da Para\u00edba. A senten\u00e7a foi proferida no dia 24 de abril de 2026, \u00e0s 13h08, pelo juiz Ronald Neves Pereira, da 1\u00aa Vara Mista de Monteiro.<\/p>\n<p>A a\u00e7\u00e3o, movida pelo Minist\u00e9rio P\u00fablico do Estado da Para\u00edba, apontou que o ex-gestor realizou contrata\u00e7\u00f5es tempor\u00e1rias irregulares, a partir de 2017, para fun\u00e7\u00f5es permanentes da administra\u00e7\u00e3o p\u00fablica, sem concurso.<\/p>\n<p>Na decis\u00e3o, a Justi\u00e7a entendeu que houve viola\u00e7\u00e3o aos princ\u00edpios da administra\u00e7\u00e3o p\u00fablica e condenou o ex-prefeito ao pagamento de multa equivalente a 18 vezes o sal\u00e1rio da \u00e9poca, al\u00e9m da proibi\u00e7\u00e3o de contratar com o poder p\u00fablico por 3 anos.<\/p>\n<p>Ap\u00f3s o tr\u00e2nsito em julgado, a decis\u00e3o ainda poder\u00e1 gerar efeitos na esfera eleitoral, conforme a legisla\u00e7\u00e3o vigente.<\/p>\n<p><a title=\"CLIQUE AQUI E VEJA A DECIS\u00c3O\" href=\"https:\/\/www.paraibamix.com.br\/wp-content\/uploads\/2026\/04\/%C2%B7-TJPB-1o-Grau-Processo-Judicial-Eletronico.pdf\">CLIQUE AQUI E VEJA A DECIS\u00c3O<\/a><\/p>\n<p><strong>Noticias em Destaque<\/strong><\/p>\n<p style=\"text-align: right;\"><em>Fonte: Para\u00edba Mix\u00a0<\/em><\/p>\n","protected":false},"excerpt":{"rendered":"<p>O ex-prefeito de S\u00e3o Jo\u00e3o do Tigre, Jos\u00e9 Mauc\u00e9lio Barbosa, foi condenado por ato de improbidade administrativa em decis\u00e3o da Justi\u00e7a da Para\u00edba. A senten\u00e7a foi proferida no dia 24 de abril de 2026, \u00e0s 13h08, pelo juiz Ronald Neves Pereira, da 1\u00aa Vara Mista de Monteiro. A a\u00e7\u00e3o, movida pelo Minist\u00e9rio P\u00fablico do Estado da Para\u00edba, apontou que o ex-gestor realizou contrata\u00e7\u00f5es tempor\u00e1rias irregulares, a partir de 2017, para fun\u00e7\u00f5es permanentes da administra\u00e7\u00e3o p\u00fablica, sem concurso. Na decis\u00e3o, a Justi\u00e7a entendeu que houve viola\u00e7\u00e3o aos princ\u00edpios da administra\u00e7\u00e3o p\u00fablica e condenou o ex-prefeito ao pagamento de multa equivalente a 18 vezes o sal\u00e1rio da \u00e9poca, al\u00e9m da proibi\u00e7\u00e3o de contratar com o poder p\u00fablico por 3 anos. Ap\u00f3s o tr\u00e2nsito em julgado, a decis\u00e3o ainda poder\u00e1 gerar efeitos na esfera eleitoral, conforme a legisla\u00e7\u00e3o vigente. CLIQUE AQUI E VEJA A DECIS\u00c3O Noticias em Destaque Fonte: Para\u00edba Mix\u00a0<\/p>\n","protected":false},"author":2,"featured_media":78156,"comment_status":"closed","ping_status":"closed","sticky":false,"template":"","format":"standard","meta":{"_eb_attr":"","_jetpack_memberships_contains_paid_content":false,"footnotes":""},"categories":[4],"tags":[],"class_list":["post-78155","post","type-post","status-publish","format-standard","has-post-thumbnail","hentry","category-politica"],"yoast_head":"<!-- This site is optimized with the Yoast SEO plugin v26.5 - https:\/\/yoast.com\/wordpress\/plugins\/seo\/ -->\n<title>Ex-prefeito caririzeiro \u00e9 condenado por improbidade administrativa; confira a decis\u00e3o - Not&iacute;cias em Destaque<\/title>\n<meta name=\"robots\" content=\"index, follow, max-snippet:-1, max-image-preview:large, max-video-preview:-1\" \/>\n<link rel=\"canonical\" href=\"https:\/\/noticiasemdestaque.com\/cd\/?p=78155\" \/>\n<meta property=\"og:locale\" content=\"pt_BR\" \/>\n<meta property=\"og:type\" content=\"article\" \/>\n<meta property=\"og:title\" content=\"Ex-prefeito caririzeiro \u00e9 condenado por improbidade administrativa; confira a decis\u00e3o - Not&iacute;cias em Destaque\" \/>\n<meta property=\"og:description\" content=\"O ex-prefeito de S\u00e3o Jo\u00e3o do Tigre, Jos\u00e9 Mauc\u00e9lio Barbosa, foi condenado por ato de improbidade administrativa em decis\u00e3o da Justi\u00e7a da Para\u00edba. A senten\u00e7a foi proferida no dia 24 de abril de 2026, \u00e0s 13h08, pelo juiz Ronald Neves Pereira, da 1\u00aa Vara Mista de Monteiro. A a\u00e7\u00e3o, movida pelo Minist\u00e9rio P\u00fablico do Estado da Para\u00edba, apontou que o ex-gestor realizou contrata\u00e7\u00f5es tempor\u00e1rias irregulares, a partir de 2017, para fun\u00e7\u00f5es permanentes da administra\u00e7\u00e3o p\u00fablica, sem concurso. Na decis\u00e3o, a Justi\u00e7a entendeu que houve viola\u00e7\u00e3o aos princ\u00edpios da administra\u00e7\u00e3o p\u00fablica e condenou o ex-prefeito ao pagamento de multa equivalente a 18 vezes o sal\u00e1rio da \u00e9poca, al\u00e9m da proibi\u00e7\u00e3o de contratar com o poder p\u00fablico por 3 anos. Ap\u00f3s o tr\u00e2nsito em julgado, a decis\u00e3o ainda poder\u00e1 gerar efeitos na esfera eleitoral, conforme a legisla\u00e7\u00e3o vigente. CLIQUE AQUI E VEJA A DECIS\u00c3O Noticias em Destaque Fonte: Para\u00edba Mix\u00a0\" \/>\n<meta property=\"og:url\" content=\"https:\/\/noticiasemdestaque.com\/cd\/?p=78155\" \/>\n<meta property=\"og:site_name\" content=\"Not&iacute;cias em Destaque\" \/>\n<meta property=\"article:published_time\" content=\"2026-04-26T16:03:28+00:00\" \/>\n<meta property=\"og:image\" content=\"https:\/\/noticiasemdestaque.com\/cd\/wp-content\/uploads\/2026\/04\/WhatsApp-Image-2026-04-25-at-15.51.01.jpeg\" \/>\n\t<meta property=\"og:image:width\" content=\"581\" \/>\n\t<meta property=\"og:image:height\" content=\"581\" \/>\n\t<meta property=\"og:image:type\" content=\"image\/jpeg\" \/>\n<meta name=\"author\" content=\"Not\u00edcias em Destaque\" \/>\n<meta name=\"twitter:card\" content=\"summary_large_image\" \/>\n<meta name=\"twitter:label1\" content=\"Escrito por\" \/>\n\t<meta name=\"twitter:data1\" content=\"Not\u00edcias em Destaque\" \/>\n\t<meta name=\"twitter:label2\" content=\"Est. tempo de leitura\" \/>\n\t<meta name=\"twitter:data2\" content=\"2 minutos\" \/>\n<script type=\"application\/ld+json\" class=\"yoast-schema-graph\">{\"@context\":\"https:\/\/schema.org\",\"@graph\":[{\"@type\":\"Article\",\"@id\":\"https:\/\/noticiasemdestaque.com\/cd\/?p=78155#article\",\"isPartOf\":{\"@id\":\"https:\/\/noticiasemdestaque.com\/cd\/?p=78155\"},\"author\":{\"name\":\"Not\u00edcias em Destaque\",\"@id\":\"https:\/\/noticiasemdestaque.com\/cd\/#\/schema\/person\/4a81fb71f77579d059c3045891fa1786\"},\"headline\":\"Ex-prefeito caririzeiro \u00e9 condenado por improbidade administrativa; confira a decis\u00e3o\",\"datePublished\":\"2026-04-26T16:03:28+00:00\",\"mainEntityOfPage\":{\"@id\":\"https:\/\/noticiasemdestaque.com\/cd\/?p=78155\"},\"wordCount\":184,\"publisher\":{\"@id\":\"https:\/\/noticiasemdestaque.com\/cd\/#organization\"},\"image\":{\"@id\":\"https:\/\/noticiasemdestaque.com\/cd\/?p=78155#primaryimage\"},\"thumbnailUrl\":\"https:\/\/noticiasemdestaque.com\/cd\/wp-content\/uploads\/2026\/04\/WhatsApp-Image-2026-04-25-at-15.51.01.jpeg\",\"articleSection\":[\"Pol\u00edtica\"],\"inLanguage\":\"pt-BR\"},{\"@type\":\"WebPage\",\"@id\":\"https:\/\/noticiasemdestaque.com\/cd\/?p=78155\",\"url\":\"https:\/\/noticiasemdestaque.com\/cd\/?p=78155\",\"name\":\"Ex-prefeito caririzeiro \u00e9 condenado por improbidade administrativa; confira a decis\u00e3o - Not&iacute;cias em Destaque\",\"isPartOf\":{\"@id\":\"https:\/\/noticiasemdestaque.com\/cd\/#website\"},\"primaryImageOfPage\":{\"@id\":\"https:\/\/noticiasemdestaque.com\/cd\/?p=78155#primaryimage\"},\"image\":{\"@id\":\"https:\/\/noticiasemdestaque.com\/cd\/?p=78155#primaryimage\"},\"thumbnailUrl\":\"https:\/\/noticiasemdestaque.com\/cd\/wp-content\/uploads\/2026\/04\/WhatsApp-Image-2026-04-25-at-15.51.01.jpeg\",\"datePublished\":\"2026-04-26T16:03:28+00:00\",\"breadcrumb\":{\"@id\":\"https:\/\/noticiasemdestaque.com\/cd\/?p=78155#breadcrumb\"},\"inLanguage\":\"pt-BR\",\"potentialAction\":[{\"@type\":\"ReadAction\",\"target\":[\"https:\/\/noticiasemdestaque.com\/cd\/?p=78155\"]}]},{\"@type\":\"ImageObject\",\"inLanguage\":\"pt-BR\",\"@id\":\"https:\/\/noticiasemdestaque.com\/cd\/?p=78155#primaryimage\",\"url\":\"https:\/\/noticiasemdestaque.com\/cd\/wp-content\/uploads\/2026\/04\/WhatsApp-Image-2026-04-25-at-15.51.01.jpeg\",\"contentUrl\":\"https:\/\/noticiasemdestaque.com\/cd\/wp-content\/uploads\/2026\/04\/WhatsApp-Image-2026-04-25-at-15.51.01.jpeg\",\"width\":581,\"height\":581},{\"@type\":\"BreadcrumbList\",\"@id\":\"https:\/\/noticiasemdestaque.com\/cd\/?p=78155#breadcrumb\",\"itemListElement\":[{\"@type\":\"ListItem\",\"position\":1,\"name\":\"In\u00edcio\",\"item\":\"https:\/\/noticiasemdestaque.com\/cd\/\"},{\"@type\":\"ListItem\",\"position\":2,\"name\":\"Ex-prefeito caririzeiro \u00e9 condenado por improbidade administrativa; confira a decis\u00e3o\"}]},{\"@type\":\"WebSite\",\"@id\":\"https:\/\/noticiasemdestaque.com\/cd\/#website\",\"url\":\"https:\/\/noticiasemdestaque.com\/cd\/\",\"name\":\"Not&iacute;cias em Destaque\",\"description\":\"\",\"publisher\":{\"@id\":\"https:\/\/noticiasemdestaque.com\/cd\/#organization\"},\"potentialAction\":[{\"@type\":\"SearchAction\",\"target\":{\"@type\":\"EntryPoint\",\"urlTemplate\":\"https:\/\/noticiasemdestaque.com\/cd\/?s={search_term_string}\"},\"query-input\":{\"@type\":\"PropertyValueSpecification\",\"valueRequired\":true,\"valueName\":\"search_term_string\"}}],\"inLanguage\":\"pt-BR\"},{\"@type\":\"Organization\",\"@id\":\"https:\/\/noticiasemdestaque.com\/cd\/#organization\",\"name\":\"Not\u00edcias em Destaque\",\"url\":\"https:\/\/noticiasemdestaque.com\/cd\/\",\"logo\":{\"@type\":\"ImageObject\",\"inLanguage\":\"pt-BR\",\"@id\":\"https:\/\/noticiasemdestaque.com\/cd\/#\/schema\/logo\/image\/\",\"url\":\"https:\/\/noticiasemdestaque.com\/cd\/wp-content\/uploads\/2022\/05\/imagem-base-noticiasemdestaque.png\",\"contentUrl\":\"https:\/\/noticiasemdestaque.com\/cd\/wp-content\/uploads\/2022\/05\/imagem-base-noticiasemdestaque.png\",\"width\":1200,\"height\":630,\"caption\":\"Not\u00edcias em Destaque\"},\"image\":{\"@id\":\"https:\/\/noticiasemdestaque.com\/cd\/#\/schema\/logo\/image\/\"}},{\"@type\":\"Person\",\"@id\":\"https:\/\/noticiasemdestaque.com\/cd\/#\/schema\/person\/4a81fb71f77579d059c3045891fa1786\",\"name\":\"Not\u00edcias em Destaque\",\"url\":\"https:\/\/noticiasemdestaque.com\/cd\/?author=2\"}]}<\/script>\n<!-- \/ Yoast SEO plugin. -->","yoast_head_json":{"title":"Ex-prefeito caririzeiro \u00e9 condenado por improbidade administrativa; confira a decis\u00e3o - Not&iacute;cias em Destaque","robots":{"index":"index","follow":"follow","max-snippet":"max-snippet:-1","max-image-preview":"max-image-preview:large","max-video-preview":"max-video-preview:-1"},"canonical":"https:\/\/noticiasemdestaque.com\/cd\/?p=78155","og_locale":"pt_BR","og_type":"article","og_title":"Ex-prefeito caririzeiro \u00e9 condenado por improbidade administrativa; confira a decis\u00e3o - Not&iacute;cias em Destaque","og_description":"O ex-prefeito de S\u00e3o Jo\u00e3o do Tigre, Jos\u00e9 Mauc\u00e9lio Barbosa, foi condenado por ato de improbidade administrativa em decis\u00e3o da Justi\u00e7a da Para\u00edba. A senten\u00e7a foi proferida no dia 24 de abril de 2026, \u00e0s 13h08, pelo juiz Ronald Neves Pereira, da 1\u00aa Vara Mista de Monteiro. A a\u00e7\u00e3o, movida pelo Minist\u00e9rio P\u00fablico do Estado da Para\u00edba, apontou que o ex-gestor realizou contrata\u00e7\u00f5es tempor\u00e1rias irregulares, a partir de 2017, para fun\u00e7\u00f5es permanentes da administra\u00e7\u00e3o p\u00fablica, sem concurso. Na decis\u00e3o, a Justi\u00e7a entendeu que houve viola\u00e7\u00e3o aos princ\u00edpios da administra\u00e7\u00e3o p\u00fablica e condenou o ex-prefeito ao pagamento de multa equivalente a 18 vezes o sal\u00e1rio da \u00e9poca, al\u00e9m da proibi\u00e7\u00e3o de contratar com o poder p\u00fablico por 3 anos. Ap\u00f3s o tr\u00e2nsito em julgado, a decis\u00e3o ainda poder\u00e1 gerar efeitos na esfera eleitoral, conforme a legisla\u00e7\u00e3o vigente. CLIQUE AQUI E VEJA A DECIS\u00c3O Noticias em Destaque Fonte: Para\u00edba Mix\u00a0","og_url":"https:\/\/noticiasemdestaque.com\/cd\/?p=78155","og_site_name":"Not&iacute;cias em Destaque","article_published_time":"2026-04-26T16:03:28+00:00","og_image":[{"width":581,"height":581,"url":"https:\/\/noticiasemdestaque.com\/cd\/wp-content\/uploads\/2026\/04\/WhatsApp-Image-2026-04-25-at-15.51.01.jpeg","type":"image\/jpeg"}],"author":"Not\u00edcias em Destaque","twitter_card":"summary_large_image","twitter_misc":{"Escrito por":"Not\u00edcias em Destaque","Est. tempo de leitura":"2 minutos"},"schema":{"@context":"https:\/\/schema.org","@graph":[{"@type":"Article","@id":"https:\/\/noticiasemdestaque.com\/cd\/?p=78155#article","isPartOf":{"@id":"https:\/\/noticiasemdestaque.com\/cd\/?p=78155"},"author":{"name":"Not\u00edcias em Destaque","@id":"https:\/\/noticiasemdestaque.com\/cd\/#\/schema\/person\/4a81fb71f77579d059c3045891fa1786"},"headline":"Ex-prefeito caririzeiro \u00e9 condenado por improbidade administrativa; confira a decis\u00e3o","datePublished":"2026-04-26T16:03:28+00:00","mainEntityOfPage":{"@id":"https:\/\/noticiasemdestaque.com\/cd\/?p=78155"},"wordCount":184,"publisher":{"@id":"https:\/\/noticiasemdestaque.com\/cd\/#organization"},"image":{"@id":"https:\/\/noticiasemdestaque.com\/cd\/?p=78155#primaryimage"},"thumbnailUrl":"https:\/\/noticiasemdestaque.com\/cd\/wp-content\/uploads\/2026\/04\/WhatsApp-Image-2026-04-25-at-15.51.01.jpeg","articleSection":["Pol\u00edtica"],"inLanguage":"pt-BR"},{"@type":"WebPage","@id":"https:\/\/noticiasemdestaque.com\/cd\/?p=78155","url":"https:\/\/noticiasemdestaque.com\/cd\/?p=78155","name":"Ex-prefeito caririzeiro \u00e9 condenado por improbidade administrativa; confira a decis\u00e3o - Not&iacute;cias em Destaque","isPartOf":{"@id":"https:\/\/noticiasemdestaque.com\/cd\/#website"},"primaryImageOfPage":{"@id":"https:\/\/noticiasemdestaque.com\/cd\/?p=78155#primaryimage"},"image":{"@id":"https:\/\/noticiasemdestaque.com\/cd\/?p=78155#primaryimage"},"thumbnailUrl":"https:\/\/noticiasemdestaque.com\/cd\/wp-content\/uploads\/2026\/04\/WhatsApp-Image-2026-04-25-at-15.51.01.jpeg","datePublished":"2026-04-26T16:03:28+00:00","breadcrumb":{"@id":"https:\/\/noticiasemdestaque.com\/cd\/?p=78155#breadcrumb"},"inLanguage":"pt-BR","potentialAction":[{"@type":"ReadAction","target":["https:\/\/noticiasemdestaque.com\/cd\/?p=78155"]}]},{"@type":"ImageObject","inLanguage":"pt-BR","@id":"https:\/\/noticiasemdestaque.com\/cd\/?p=78155#primaryimage","url":"https:\/\/noticiasemdestaque.com\/cd\/wp-content\/uploads\/2026\/04\/WhatsApp-Image-2026-04-25-at-15.51.01.jpeg","contentUrl":"https:\/\/noticiasemdestaque.com\/cd\/wp-content\/uploads\/2026\/04\/WhatsApp-Image-2026-04-25-at-15.51.01.jpeg","width":581,"height":581},{"@type":"BreadcrumbList","@id":"https:\/\/noticiasemdestaque.com\/cd\/?p=78155#breadcrumb","itemListElement":[{"@type":"ListItem","position":1,"name":"In\u00edcio","item":"https:\/\/noticiasemdestaque.com\/cd\/"},{"@type":"ListItem","position":2,"name":"Ex-prefeito caririzeiro \u00e9 condenado por improbidade administrativa; confira a decis\u00e3o"}]},{"@type":"WebSite","@id":"https:\/\/noticiasemdestaque.com\/cd\/#website","url":"https:\/\/noticiasemdestaque.com\/cd\/","name":"Not&iacute;cias em Destaque","description":"","publisher":{"@id":"https:\/\/noticiasemdestaque.com\/cd\/#organization"},"potentialAction":[{"@type":"SearchAction","target":{"@type":"EntryPoint","urlTemplate":"https:\/\/noticiasemdestaque.com\/cd\/?s={search_term_string}"},"query-input":{"@type":"PropertyValueSpecification","valueRequired":true,"valueName":"search_term_string"}}],"inLanguage":"pt-BR"},{"@type":"Organization","@id":"https:\/\/noticiasemdestaque.com\/cd\/#organization","name":"Not\u00edcias em Destaque","url":"https:\/\/noticiasemdestaque.com\/cd\/","logo":{"@type":"ImageObject","inLanguage":"pt-BR","@id":"https:\/\/noticiasemdestaque.com\/cd\/#\/schema\/logo\/image\/","url":"https:\/\/noticiasemdestaque.com\/cd\/wp-content\/uploads\/2022\/05\/imagem-base-noticiasemdestaque.png","contentUrl":"https:\/\/noticiasemdestaque.com\/cd\/wp-content\/uploads\/2022\/05\/imagem-base-noticiasemdestaque.png","width":1200,"height":630,"caption":"Not\u00edcias em Destaque"},"image":{"@id":"https:\/\/noticiasemdestaque.com\/cd\/#\/schema\/logo\/image\/"}},{"@type":"Person","@id":"https:\/\/noticiasemdestaque.com\/cd\/#\/schema\/person\/4a81fb71f77579d059c3045891fa1786","name":"Not\u00edcias em Destaque","url":"https:\/\/noticiasemdestaque.com\/cd\/?author=2"}]}},"jetpack_featured_media_url":"https:\/\/noticiasemdestaque.com\/cd\/wp-content\/uploads\/2026\/04\/WhatsApp-Image-2026-04-25-at-15.51.01.jpeg","jetpack_sharing_enabled":true,"_links":{"self":[{"href":"https:\/\/noticiasemdestaque.com\/cd\/index.php?rest_route=\/wp\/v2\/posts\/78155","targetHints":{"allow":["GET"]}}],"collection":[{"href":"https:\/\/noticiasemdestaque.com\/cd\/index.php?rest_route=\/wp\/v2\/posts"}],"about":[{"href":"https:\/\/noticiasemdestaque.com\/cd\/index.php?rest_route=\/wp\/v2\/types\/post"}],"author":[{"embeddable":true,"href":"https:\/\/noticiasemdestaque.com\/cd\/index.php?rest_route=\/wp\/v2\/users\/2"}],"replies":[{"embeddable":true,"href":"https:\/\/noticiasemdestaque.com\/cd\/index.php?rest_route=%2Fwp%2Fv2%2Fcomments&post=78155"}],"version-history":[{"count":1,"href":"https:\/\/noticiasemdestaque.com\/cd\/index.php?rest_route=\/wp\/v2\/posts\/78155\/revisions"}],"predecessor-version":[{"id":78157,"href":"https:\/\/noticiasemdestaque.com\/cd\/index.php?rest_route=\/wp\/v2\/posts\/78155\/revisions\/78157"}],"wp:featuredmedia":[{"embeddable":true,"href":"https:\/\/noticiasemdestaque.com\/cd\/index.php?rest_route=\/wp\/v2\/media\/78156"}],"wp:attachment":[{"href":"https:\/\/noticiasemdestaque.com\/cd\/index.php?rest_route=%2Fwp%2Fv2%2Fmedia&parent=78155"}],"wp:term":[{"taxonomy":"category","embeddable":true,"href":"https:\/\/noticiasemdestaque.com\/cd\/index.php?rest_route=%2Fwp%2Fv2%2Fcategories&post=78155"},{"taxonomy":"post_tag","embeddable":true,"href":"https:\/\/noticiasemdestaque.com\/cd\/index.php?rest_route=%2Fwp%2Fv2%2Ftags&post=78155"}],"curies":[{"name":"wp","href":"https:\/\/api.w.org\/{rel}","templated":true}]}}