{"id":78152,"date":"2026-04-26T12:11:58","date_gmt":"2026-04-26T15:11:58","guid":{"rendered":"https:\/\/noticiasemdestaque.com\/cd\/?p=78152"},"modified":"2026-04-26T12:11:58","modified_gmt":"2026-04-26T15:11:58","slug":"em-amparo-ex-vereadora-e-ex-candidata-maria-pedrosa-declara-apoio-a-pre-candidata-a-deputada-anna-lorena","status":"publish","type":"post","link":"https:\/\/noticiasemdestaque.com\/cd\/?p=78152","title":{"rendered":"Em Amparo, ex-vereadora e ex-candidata Maria Pedrosa declara apoio \u00e0 pr\u00e9-candidata a deputada Anna Lorena"},"content":{"rendered":"<p><a href=\"https:\/\/noticiasemdestaque.com\/cd\/wp-content\/uploads\/2026\/04\/WhatsApp-Image-2026-04-26-at-11.48.08.jpeg\"><img fetchpriority=\"high\" decoding=\"async\" class=\" wp-image-78153 aligncenter\" src=\"https:\/\/noticiasemdestaque.com\/cd\/wp-content\/uploads\/2026\/04\/WhatsApp-Image-2026-04-26-at-11.48.08-268x300.jpeg\" alt=\"\" width=\"1046\" height=\"1171\" srcset=\"https:\/\/noticiasemdestaque.com\/cd\/wp-content\/uploads\/2026\/04\/WhatsApp-Image-2026-04-26-at-11.48.08-268x300.jpeg 268w, https:\/\/noticiasemdestaque.com\/cd\/wp-content\/uploads\/2026\/04\/WhatsApp-Image-2026-04-26-at-11.48.08-768x860.jpeg 768w, https:\/\/noticiasemdestaque.com\/cd\/wp-content\/uploads\/2026\/04\/WhatsApp-Image-2026-04-26-at-11.48.08.jpeg 900w\" sizes=\"(max-width: 1046px) 100vw, 1046px\" \/><\/a><\/p>\n<p>A ex-vereadora e ex-candidata \u00e0 Prefeitura de Amparo, Maria Pedrosa, oficializou seu apoio \u00e0 pr\u00e9-candidatura de Anna Lorena para Deputada Estadual. Reconhecida por sua atua\u00e7\u00e3o no munic\u00edpio e pelo compromisso com as demandas da popula\u00e7\u00e3o, Maria destacou a import\u00e2ncia de fortalecer representa\u00e7\u00f5es pol\u00edticas que aliem experi\u00eancia, responsabilidade e dedica\u00e7\u00e3o ao desenvolvimento regional.<\/p>\n<p>Durante o an\u00fancio, Maria Pedrosa ressaltou a trajet\u00f3ria de Anna Lorena e sua capacidade de representar a regi\u00e3o na Assembleia Legislativa. \u201cAnna Lorena tem um hist\u00f3rico de trabalho e compromisso com o povo. Acredito que ela ser\u00e1 uma voz forte na Assembleia Legislativa, defendendo os interesses da nossa regi\u00e3o\u201d, afirmou.<\/p>\n<p>O apoio chega em um momento estrat\u00e9gico e refor\u00e7a a pr\u00e9-candidatura de Anna Lorena, que vem ampliando sua base pol\u00edtica e consolidando alian\u00e7as importantes em diversas cidades da Para\u00edba.<\/p>\n<p>Al\u00e9m disso, a decis\u00e3o de Maria Pedrosa acompanha o posicionamento do prefeito Tarc\u00edo, que tamb\u00e9m j\u00e1 sinalizou apoio ao nome de Anna Lorena. O alinhamento entre lideran\u00e7as locais evidencia um movimento pol\u00edtico de uni\u00e3o em torno de um projeto comum.<\/p>\n<p><strong>Noticias em Destaque<\/strong><\/p>\n","protected":false},"excerpt":{"rendered":"<p>A ex-vereadora e ex-candidata \u00e0 Prefeitura de Amparo, Maria Pedrosa, oficializou seu apoio \u00e0 pr\u00e9-candidatura de Anna Lorena para Deputada Estadual. Reconhecida por sua atua\u00e7\u00e3o no munic\u00edpio e pelo compromisso com as demandas da popula\u00e7\u00e3o, Maria destacou a import\u00e2ncia de fortalecer representa\u00e7\u00f5es pol\u00edticas que aliem experi\u00eancia, responsabilidade e dedica\u00e7\u00e3o ao desenvolvimento regional. Durante o an\u00fancio, Maria Pedrosa ressaltou a trajet\u00f3ria de Anna Lorena e sua capacidade de representar a regi\u00e3o na Assembleia Legislativa. \u201cAnna Lorena tem um hist\u00f3rico de trabalho e compromisso com o povo. Acredito que ela ser\u00e1 uma voz forte na Assembleia Legislativa, defendendo os interesses da nossa regi\u00e3o\u201d, afirmou. O apoio chega em um momento estrat\u00e9gico e refor\u00e7a a pr\u00e9-candidatura de Anna Lorena, que vem ampliando sua base pol\u00edtica e consolidando alian\u00e7as importantes em diversas cidades da Para\u00edba. Al\u00e9m disso, a decis\u00e3o de Maria Pedrosa acompanha o posicionamento do prefeito Tarc\u00edo, que tamb\u00e9m j\u00e1 sinalizou apoio ao nome de Anna Lorena. O alinhamento entre lideran\u00e7as locais evidencia um movimento pol\u00edtico de uni\u00e3o em torno de um projeto comum. Noticias em Destaque<\/p>\n","protected":false},"author":2,"featured_media":78153,"comment_status":"closed","ping_status":"closed","sticky":false,"template":"","format":"standard","meta":{"_eb_attr":"","_jetpack_memberships_contains_paid_content":false,"footnotes":""},"categories":[4],"tags":[],"class_list":["post-78152","post","type-post","status-publish","format-standard","has-post-thumbnail","hentry","category-politica"],"yoast_head":"<!-- This site is optimized with the Yoast SEO plugin v26.5 - https:\/\/yoast.com\/wordpress\/plugins\/seo\/ -->\n<title>Em Amparo, ex-vereadora e ex-candidata Maria Pedrosa declara apoio \u00e0 pr\u00e9-candidata a deputada Anna Lorena - Not&iacute;cias em Destaque<\/title>\n<meta name=\"robots\" content=\"index, follow, max-snippet:-1, max-image-preview:large, max-video-preview:-1\" \/>\n<link rel=\"canonical\" href=\"https:\/\/noticiasemdestaque.com\/cd\/?p=78152\" \/>\n<meta property=\"og:locale\" content=\"pt_BR\" \/>\n<meta property=\"og:type\" content=\"article\" \/>\n<meta property=\"og:title\" content=\"Em Amparo, ex-vereadora e ex-candidata Maria Pedrosa declara apoio \u00e0 pr\u00e9-candidata a deputada Anna Lorena - Not&iacute;cias em Destaque\" \/>\n<meta property=\"og:description\" content=\"A ex-vereadora e ex-candidata \u00e0 Prefeitura de Amparo, Maria Pedrosa, oficializou seu apoio \u00e0 pr\u00e9-candidatura de Anna Lorena para Deputada Estadual. Reconhecida por sua atua\u00e7\u00e3o no munic\u00edpio e pelo compromisso com as demandas da popula\u00e7\u00e3o, Maria destacou a import\u00e2ncia de fortalecer representa\u00e7\u00f5es pol\u00edticas que aliem experi\u00eancia, responsabilidade e dedica\u00e7\u00e3o ao desenvolvimento regional. Durante o an\u00fancio, Maria Pedrosa ressaltou a trajet\u00f3ria de Anna Lorena e sua capacidade de representar a regi\u00e3o na Assembleia Legislativa. \u201cAnna Lorena tem um hist\u00f3rico de trabalho e compromisso com o povo. Acredito que ela ser\u00e1 uma voz forte na Assembleia Legislativa, defendendo os interesses da nossa regi\u00e3o\u201d, afirmou. O apoio chega em um momento estrat\u00e9gico e refor\u00e7a a pr\u00e9-candidatura de Anna Lorena, que vem ampliando sua base pol\u00edtica e consolidando alian\u00e7as importantes em diversas cidades da Para\u00edba. Al\u00e9m disso, a decis\u00e3o de Maria Pedrosa acompanha o posicionamento do prefeito Tarc\u00edo, que tamb\u00e9m j\u00e1 sinalizou apoio ao nome de Anna Lorena. O alinhamento entre lideran\u00e7as locais evidencia um movimento pol\u00edtico de uni\u00e3o em torno de um projeto comum. Noticias em Destaque\" \/>\n<meta property=\"og:url\" content=\"https:\/\/noticiasemdestaque.com\/cd\/?p=78152\" \/>\n<meta property=\"og:site_name\" content=\"Not&iacute;cias em Destaque\" \/>\n<meta property=\"article:published_time\" content=\"2026-04-26T15:11:58+00:00\" \/>\n<meta property=\"og:image\" content=\"https:\/\/noticiasemdestaque.com\/cd\/wp-content\/uploads\/2026\/04\/WhatsApp-Image-2026-04-26-at-11.48.08.jpeg\" \/>\n\t<meta property=\"og:image:width\" content=\"900\" \/>\n\t<meta property=\"og:image:height\" content=\"1008\" \/>\n\t<meta property=\"og:image:type\" content=\"image\/jpeg\" \/>\n<meta name=\"author\" content=\"Not\u00edcias em Destaque\" \/>\n<meta name=\"twitter:card\" content=\"summary_large_image\" \/>\n<meta name=\"twitter:label1\" content=\"Escrito por\" \/>\n\t<meta name=\"twitter:data1\" content=\"Not\u00edcias em Destaque\" \/>\n\t<meta name=\"twitter:label2\" content=\"Est. tempo de leitura\" \/>\n\t<meta name=\"twitter:data2\" content=\"2 minutos\" \/>\n<script type=\"application\/ld+json\" class=\"yoast-schema-graph\">{\"@context\":\"https:\/\/schema.org\",\"@graph\":[{\"@type\":\"Article\",\"@id\":\"https:\/\/noticiasemdestaque.com\/cd\/?p=78152#article\",\"isPartOf\":{\"@id\":\"https:\/\/noticiasemdestaque.com\/cd\/?p=78152\"},\"author\":{\"name\":\"Not\u00edcias em Destaque\",\"@id\":\"https:\/\/noticiasemdestaque.com\/cd\/#\/schema\/person\/4a81fb71f77579d059c3045891fa1786\"},\"headline\":\"Em Amparo, ex-vereadora e ex-candidata Maria Pedrosa declara apoio \u00e0 pr\u00e9-candidata a deputada Anna Lorena\",\"datePublished\":\"2026-04-26T15:11:58+00:00\",\"mainEntityOfPage\":{\"@id\":\"https:\/\/noticiasemdestaque.com\/cd\/?p=78152\"},\"wordCount\":214,\"publisher\":{\"@id\":\"https:\/\/noticiasemdestaque.com\/cd\/#organization\"},\"image\":{\"@id\":\"https:\/\/noticiasemdestaque.com\/cd\/?p=78152#primaryimage\"},\"thumbnailUrl\":\"https:\/\/noticiasemdestaque.com\/cd\/wp-content\/uploads\/2026\/04\/WhatsApp-Image-2026-04-26-at-11.48.08.jpeg\",\"articleSection\":[\"Pol\u00edtica\"],\"inLanguage\":\"pt-BR\"},{\"@type\":\"WebPage\",\"@id\":\"https:\/\/noticiasemdestaque.com\/cd\/?p=78152\",\"url\":\"https:\/\/noticiasemdestaque.com\/cd\/?p=78152\",\"name\":\"Em Amparo, ex-vereadora e ex-candidata Maria Pedrosa declara apoio \u00e0 pr\u00e9-candidata a deputada Anna Lorena - Not&iacute;cias em Destaque\",\"isPartOf\":{\"@id\":\"https:\/\/noticiasemdestaque.com\/cd\/#website\"},\"primaryImageOfPage\":{\"@id\":\"https:\/\/noticiasemdestaque.com\/cd\/?p=78152#primaryimage\"},\"image\":{\"@id\":\"https:\/\/noticiasemdestaque.com\/cd\/?p=78152#primaryimage\"},\"thumbnailUrl\":\"https:\/\/noticiasemdestaque.com\/cd\/wp-content\/uploads\/2026\/04\/WhatsApp-Image-2026-04-26-at-11.48.08.jpeg\",\"datePublished\":\"2026-04-26T15:11:58+00:00\",\"breadcrumb\":{\"@id\":\"https:\/\/noticiasemdestaque.com\/cd\/?p=78152#breadcrumb\"},\"inLanguage\":\"pt-BR\",\"potentialAction\":[{\"@type\":\"ReadAction\",\"target\":[\"https:\/\/noticiasemdestaque.com\/cd\/?p=78152\"]}]},{\"@type\":\"ImageObject\",\"inLanguage\":\"pt-BR\",\"@id\":\"https:\/\/noticiasemdestaque.com\/cd\/?p=78152#primaryimage\",\"url\":\"https:\/\/noticiasemdestaque.com\/cd\/wp-content\/uploads\/2026\/04\/WhatsApp-Image-2026-04-26-at-11.48.08.jpeg\",\"contentUrl\":\"https:\/\/noticiasemdestaque.com\/cd\/wp-content\/uploads\/2026\/04\/WhatsApp-Image-2026-04-26-at-11.48.08.jpeg\",\"width\":900,\"height\":1008},{\"@type\":\"BreadcrumbList\",\"@id\":\"https:\/\/noticiasemdestaque.com\/cd\/?p=78152#breadcrumb\",\"itemListElement\":[{\"@type\":\"ListItem\",\"position\":1,\"name\":\"In\u00edcio\",\"item\":\"https:\/\/noticiasemdestaque.com\/cd\/\"},{\"@type\":\"ListItem\",\"position\":2,\"name\":\"Em Amparo, ex-vereadora e ex-candidata Maria Pedrosa declara apoio \u00e0 pr\u00e9-candidata a deputada Anna Lorena\"}]},{\"@type\":\"WebSite\",\"@id\":\"https:\/\/noticiasemdestaque.com\/cd\/#website\",\"url\":\"https:\/\/noticiasemdestaque.com\/cd\/\",\"name\":\"Not&iacute;cias em Destaque\",\"description\":\"\",\"publisher\":{\"@id\":\"https:\/\/noticiasemdestaque.com\/cd\/#organization\"},\"potentialAction\":[{\"@type\":\"SearchAction\",\"target\":{\"@type\":\"EntryPoint\",\"urlTemplate\":\"https:\/\/noticiasemdestaque.com\/cd\/?s={search_term_string}\"},\"query-input\":{\"@type\":\"PropertyValueSpecification\",\"valueRequired\":true,\"valueName\":\"search_term_string\"}}],\"inLanguage\":\"pt-BR\"},{\"@type\":\"Organization\",\"@id\":\"https:\/\/noticiasemdestaque.com\/cd\/#organization\",\"name\":\"Not\u00edcias em Destaque\",\"url\":\"https:\/\/noticiasemdestaque.com\/cd\/\",\"logo\":{\"@type\":\"ImageObject\",\"inLanguage\":\"pt-BR\",\"@id\":\"https:\/\/noticiasemdestaque.com\/cd\/#\/schema\/logo\/image\/\",\"url\":\"https:\/\/noticiasemdestaque.com\/cd\/wp-content\/uploads\/2022\/05\/imagem-base-noticiasemdestaque.png\",\"contentUrl\":\"https:\/\/noticiasemdestaque.com\/cd\/wp-content\/uploads\/2022\/05\/imagem-base-noticiasemdestaque.png\",\"width\":1200,\"height\":630,\"caption\":\"Not\u00edcias em Destaque\"},\"image\":{\"@id\":\"https:\/\/noticiasemdestaque.com\/cd\/#\/schema\/logo\/image\/\"}},{\"@type\":\"Person\",\"@id\":\"https:\/\/noticiasemdestaque.com\/cd\/#\/schema\/person\/4a81fb71f77579d059c3045891fa1786\",\"name\":\"Not\u00edcias em Destaque\",\"url\":\"https:\/\/noticiasemdestaque.com\/cd\/?author=2\"}]}<\/script>\n<!-- \/ Yoast SEO plugin. -->","yoast_head_json":{"title":"Em Amparo, ex-vereadora e ex-candidata Maria Pedrosa declara apoio \u00e0 pr\u00e9-candidata a deputada Anna Lorena - Not&iacute;cias em Destaque","robots":{"index":"index","follow":"follow","max-snippet":"max-snippet:-1","max-image-preview":"max-image-preview:large","max-video-preview":"max-video-preview:-1"},"canonical":"https:\/\/noticiasemdestaque.com\/cd\/?p=78152","og_locale":"pt_BR","og_type":"article","og_title":"Em Amparo, ex-vereadora e ex-candidata Maria Pedrosa declara apoio \u00e0 pr\u00e9-candidata a deputada Anna Lorena - Not&iacute;cias em Destaque","og_description":"A ex-vereadora e ex-candidata \u00e0 Prefeitura de Amparo, Maria Pedrosa, oficializou seu apoio \u00e0 pr\u00e9-candidatura de Anna Lorena para Deputada Estadual. Reconhecida por sua atua\u00e7\u00e3o no munic\u00edpio e pelo compromisso com as demandas da popula\u00e7\u00e3o, Maria destacou a import\u00e2ncia de fortalecer representa\u00e7\u00f5es pol\u00edticas que aliem experi\u00eancia, responsabilidade e dedica\u00e7\u00e3o ao desenvolvimento regional. Durante o an\u00fancio, Maria Pedrosa ressaltou a trajet\u00f3ria de Anna Lorena e sua capacidade de representar a regi\u00e3o na Assembleia Legislativa. \u201cAnna Lorena tem um hist\u00f3rico de trabalho e compromisso com o povo. Acredito que ela ser\u00e1 uma voz forte na Assembleia Legislativa, defendendo os interesses da nossa regi\u00e3o\u201d, afirmou. O apoio chega em um momento estrat\u00e9gico e refor\u00e7a a pr\u00e9-candidatura de Anna Lorena, que vem ampliando sua base pol\u00edtica e consolidando alian\u00e7as importantes em diversas cidades da Para\u00edba. Al\u00e9m disso, a decis\u00e3o de Maria Pedrosa acompanha o posicionamento do prefeito Tarc\u00edo, que tamb\u00e9m j\u00e1 sinalizou apoio ao nome de Anna Lorena. O alinhamento entre lideran\u00e7as locais evidencia um movimento pol\u00edtico de uni\u00e3o em torno de um projeto comum. Noticias em Destaque","og_url":"https:\/\/noticiasemdestaque.com\/cd\/?p=78152","og_site_name":"Not&iacute;cias em Destaque","article_published_time":"2026-04-26T15:11:58+00:00","og_image":[{"width":900,"height":1008,"url":"https:\/\/noticiasemdestaque.com\/cd\/wp-content\/uploads\/2026\/04\/WhatsApp-Image-2026-04-26-at-11.48.08.jpeg","type":"image\/jpeg"}],"author":"Not\u00edcias em Destaque","twitter_card":"summary_large_image","twitter_misc":{"Escrito por":"Not\u00edcias em Destaque","Est. tempo de leitura":"2 minutos"},"schema":{"@context":"https:\/\/schema.org","@graph":[{"@type":"Article","@id":"https:\/\/noticiasemdestaque.com\/cd\/?p=78152#article","isPartOf":{"@id":"https:\/\/noticiasemdestaque.com\/cd\/?p=78152"},"author":{"name":"Not\u00edcias em Destaque","@id":"https:\/\/noticiasemdestaque.com\/cd\/#\/schema\/person\/4a81fb71f77579d059c3045891fa1786"},"headline":"Em Amparo, ex-vereadora e ex-candidata Maria Pedrosa declara apoio \u00e0 pr\u00e9-candidata a deputada Anna Lorena","datePublished":"2026-04-26T15:11:58+00:00","mainEntityOfPage":{"@id":"https:\/\/noticiasemdestaque.com\/cd\/?p=78152"},"wordCount":214,"publisher":{"@id":"https:\/\/noticiasemdestaque.com\/cd\/#organization"},"image":{"@id":"https:\/\/noticiasemdestaque.com\/cd\/?p=78152#primaryimage"},"thumbnailUrl":"https:\/\/noticiasemdestaque.com\/cd\/wp-content\/uploads\/2026\/04\/WhatsApp-Image-2026-04-26-at-11.48.08.jpeg","articleSection":["Pol\u00edtica"],"inLanguage":"pt-BR"},{"@type":"WebPage","@id":"https:\/\/noticiasemdestaque.com\/cd\/?p=78152","url":"https:\/\/noticiasemdestaque.com\/cd\/?p=78152","name":"Em Amparo, ex-vereadora e ex-candidata Maria Pedrosa declara apoio \u00e0 pr\u00e9-candidata a deputada Anna Lorena - Not&iacute;cias em Destaque","isPartOf":{"@id":"https:\/\/noticiasemdestaque.com\/cd\/#website"},"primaryImageOfPage":{"@id":"https:\/\/noticiasemdestaque.com\/cd\/?p=78152#primaryimage"},"image":{"@id":"https:\/\/noticiasemdestaque.com\/cd\/?p=78152#primaryimage"},"thumbnailUrl":"https:\/\/noticiasemdestaque.com\/cd\/wp-content\/uploads\/2026\/04\/WhatsApp-Image-2026-04-26-at-11.48.08.jpeg","datePublished":"2026-04-26T15:11:58+00:00","breadcrumb":{"@id":"https:\/\/noticiasemdestaque.com\/cd\/?p=78152#breadcrumb"},"inLanguage":"pt-BR","potentialAction":[{"@type":"ReadAction","target":["https:\/\/noticiasemdestaque.com\/cd\/?p=78152"]}]},{"@type":"ImageObject","inLanguage":"pt-BR","@id":"https:\/\/noticiasemdestaque.com\/cd\/?p=78152#primaryimage","url":"https:\/\/noticiasemdestaque.com\/cd\/wp-content\/uploads\/2026\/04\/WhatsApp-Image-2026-04-26-at-11.48.08.jpeg","contentUrl":"https:\/\/noticiasemdestaque.com\/cd\/wp-content\/uploads\/2026\/04\/WhatsApp-Image-2026-04-26-at-11.48.08.jpeg","width":900,"height":1008},{"@type":"BreadcrumbList","@id":"https:\/\/noticiasemdestaque.com\/cd\/?p=78152#breadcrumb","itemListElement":[{"@type":"ListItem","position":1,"name":"In\u00edcio","item":"https:\/\/noticiasemdestaque.com\/cd\/"},{"@type":"ListItem","position":2,"name":"Em Amparo, ex-vereadora e ex-candidata Maria Pedrosa declara apoio \u00e0 pr\u00e9-candidata a deputada Anna Lorena"}]},{"@type":"WebSite","@id":"https:\/\/noticiasemdestaque.com\/cd\/#website","url":"https:\/\/noticiasemdestaque.com\/cd\/","name":"Not&iacute;cias em Destaque","description":"","publisher":{"@id":"https:\/\/noticiasemdestaque.com\/cd\/#organization"},"potentialAction":[{"@type":"SearchAction","target":{"@type":"EntryPoint","urlTemplate":"https:\/\/noticiasemdestaque.com\/cd\/?s={search_term_string}"},"query-input":{"@type":"PropertyValueSpecification","valueRequired":true,"valueName":"search_term_string"}}],"inLanguage":"pt-BR"},{"@type":"Organization","@id":"https:\/\/noticiasemdestaque.com\/cd\/#organization","name":"Not\u00edcias em Destaque","url":"https:\/\/noticiasemdestaque.com\/cd\/","logo":{"@type":"ImageObject","inLanguage":"pt-BR","@id":"https:\/\/noticiasemdestaque.com\/cd\/#\/schema\/logo\/image\/","url":"https:\/\/noticiasemdestaque.com\/cd\/wp-content\/uploads\/2022\/05\/imagem-base-noticiasemdestaque.png","contentUrl":"https:\/\/noticiasemdestaque.com\/cd\/wp-content\/uploads\/2022\/05\/imagem-base-noticiasemdestaque.png","width":1200,"height":630,"caption":"Not\u00edcias em Destaque"},"image":{"@id":"https:\/\/noticiasemdestaque.com\/cd\/#\/schema\/logo\/image\/"}},{"@type":"Person","@id":"https:\/\/noticiasemdestaque.com\/cd\/#\/schema\/person\/4a81fb71f77579d059c3045891fa1786","name":"Not\u00edcias em Destaque","url":"https:\/\/noticiasemdestaque.com\/cd\/?author=2"}]}},"jetpack_featured_media_url":"https:\/\/noticiasemdestaque.com\/cd\/wp-content\/uploads\/2026\/04\/WhatsApp-Image-2026-04-26-at-11.48.08.jpeg","jetpack_sharing_enabled":true,"_links":{"self":[{"href":"https:\/\/noticiasemdestaque.com\/cd\/index.php?rest_route=\/wp\/v2\/posts\/78152","targetHints":{"allow":["GET"]}}],"collection":[{"href":"https:\/\/noticiasemdestaque.com\/cd\/index.php?rest_route=\/wp\/v2\/posts"}],"about":[{"href":"https:\/\/noticiasemdestaque.com\/cd\/index.php?rest_route=\/wp\/v2\/types\/post"}],"author":[{"embeddable":true,"href":"https:\/\/noticiasemdestaque.com\/cd\/index.php?rest_route=\/wp\/v2\/users\/2"}],"replies":[{"embeddable":true,"href":"https:\/\/noticiasemdestaque.com\/cd\/index.php?rest_route=%2Fwp%2Fv2%2Fcomments&post=78152"}],"version-history":[{"count":1,"href":"https:\/\/noticiasemdestaque.com\/cd\/index.php?rest_route=\/wp\/v2\/posts\/78152\/revisions"}],"predecessor-version":[{"id":78154,"href":"https:\/\/noticiasemdestaque.com\/cd\/index.php?rest_route=\/wp\/v2\/posts\/78152\/revisions\/78154"}],"wp:featuredmedia":[{"embeddable":true,"href":"https:\/\/noticiasemdestaque.com\/cd\/index.php?rest_route=\/wp\/v2\/media\/78153"}],"wp:attachment":[{"href":"https:\/\/noticiasemdestaque.com\/cd\/index.php?rest_route=%2Fwp%2Fv2%2Fmedia&parent=78152"}],"wp:term":[{"taxonomy":"category","embeddable":true,"href":"https:\/\/noticiasemdestaque.com\/cd\/index.php?rest_route=%2Fwp%2Fv2%2Fcategories&post=78152"},{"taxonomy":"post_tag","embeddable":true,"href":"https:\/\/noticiasemdestaque.com\/cd\/index.php?rest_route=%2Fwp%2Fv2%2Ftags&post=78152"}],"curies":[{"name":"wp","href":"https:\/\/api.w.org\/{rel}","templated":true}]}}