{"id":78149,"date":"2026-04-25T16:37:02","date_gmt":"2026-04-25T19:37:02","guid":{"rendered":"https:\/\/noticiasemdestaque.com\/cd\/?p=78149"},"modified":"2026-04-25T16:37:02","modified_gmt":"2026-04-25T19:37:02","slug":"prefeito-bira-mariano-anuncia-mudancas-no-secretariado-municipal-de-camalau","status":"publish","type":"post","link":"https:\/\/noticiasemdestaque.com\/cd\/?p=78149","title":{"rendered":"Prefeito Bira Mariano anuncia mudan\u00e7as no secretariado municipal de Camala\u00fa"},"content":{"rendered":"<p><a href=\"https:\/\/noticiasemdestaque.com\/cd\/wp-content\/uploads\/2026\/04\/WhatsApp-Image-2026-04-25-at-16.20.34.jpeg\"><img fetchpriority=\"high\" decoding=\"async\" class=\" wp-image-78150 aligncenter\" src=\"https:\/\/noticiasemdestaque.com\/cd\/wp-content\/uploads\/2026\/04\/WhatsApp-Image-2026-04-25-at-16.20.34-300x225.jpeg\" alt=\"\" width=\"1019\" height=\"764\" srcset=\"https:\/\/noticiasemdestaque.com\/cd\/wp-content\/uploads\/2026\/04\/WhatsApp-Image-2026-04-25-at-16.20.34-300x225.jpeg 300w, https:\/\/noticiasemdestaque.com\/cd\/wp-content\/uploads\/2026\/04\/WhatsApp-Image-2026-04-25-at-16.20.34-1024x768.jpeg 1024w, https:\/\/noticiasemdestaque.com\/cd\/wp-content\/uploads\/2026\/04\/WhatsApp-Image-2026-04-25-at-16.20.34-768x576.jpeg 768w, https:\/\/noticiasemdestaque.com\/cd\/wp-content\/uploads\/2026\/04\/WhatsApp-Image-2026-04-25-at-16.20.34-1536x1152.jpeg 1536w, https:\/\/noticiasemdestaque.com\/cd\/wp-content\/uploads\/2026\/04\/WhatsApp-Image-2026-04-25-at-16.20.34.jpeg 1600w\" sizes=\"(max-width: 1019px) 100vw, 1019px\" \/><\/a><\/p>\n<p>O prefeito de Camala\u00fa, Bira Mariano, anunciou na tarde deste s\u00e1bado (25), durante entrevista ao programa de r\u00e1dio da Prefeitura na 95 FM, mudan\u00e7as no secretariado municipal.<\/p>\n<p>A secret\u00e1ria de Educa\u00e7\u00e3o, Renata Tamires, deixa o cargo ap\u00f3s ser aprovada em concurso p\u00fablico para professora no Governo de Pernambuco. Para a pasta, K\u00e1tia Monteiro, que at\u00e9 ent\u00e3o ocupava a chefia de Gabinete, foi escolhida para dar seguimento \u00e0s a\u00e7\u00f5es na educa\u00e7\u00e3o do munic\u00edpio.<\/p>\n<p>Bira Mariano agradeceu a Renata pelos servi\u00e7os prestados e pelos avan\u00e7os alcan\u00e7ados na educa\u00e7\u00e3o durante sua gest\u00e3o. Ele tamb\u00e9m desejou boa sorte na nova etapa e afirmou ter confian\u00e7a no trabalho da nova secret\u00e1ria, K\u00e1tia Monteiro.<\/p>\n<p>O prefeito destacou ainda que os investimentos na educa\u00e7\u00e3o do munic\u00edpio continuar\u00e3o, com o objetivo de fortalecer ainda mais a qualidade do ensino e garantir melhores oportunidades para os estudantes de Camala\u00fa.<\/p>\n<p><strong>Noticias em Destaque<\/strong><\/p>\n","protected":false},"excerpt":{"rendered":"<p>O prefeito de Camala\u00fa, Bira Mariano, anunciou na tarde deste s\u00e1bado (25), durante entrevista ao programa de r\u00e1dio da Prefeitura na 95 FM, mudan\u00e7as no secretariado municipal. A secret\u00e1ria de Educa\u00e7\u00e3o, Renata Tamires, deixa o cargo ap\u00f3s ser aprovada em concurso p\u00fablico para professora no Governo de Pernambuco. Para a pasta, K\u00e1tia Monteiro, que at\u00e9 ent\u00e3o ocupava a chefia de Gabinete, foi escolhida para dar seguimento \u00e0s a\u00e7\u00f5es na educa\u00e7\u00e3o do munic\u00edpio. Bira Mariano agradeceu a Renata pelos servi\u00e7os prestados e pelos avan\u00e7os alcan\u00e7ados na educa\u00e7\u00e3o durante sua gest\u00e3o. Ele tamb\u00e9m desejou boa sorte na nova etapa e afirmou ter confian\u00e7a no trabalho da nova secret\u00e1ria, K\u00e1tia Monteiro. O prefeito destacou ainda que os investimentos na educa\u00e7\u00e3o do munic\u00edpio continuar\u00e3o, com o objetivo de fortalecer ainda mais a qualidade do ensino e garantir melhores oportunidades para os estudantes de Camala\u00fa. Noticias em Destaque<\/p>\n","protected":false},"author":2,"featured_media":78150,"comment_status":"closed","ping_status":"closed","sticky":false,"template":"","format":"standard","meta":{"_eb_attr":"","_jetpack_memberships_contains_paid_content":false,"footnotes":""},"categories":[4],"tags":[],"class_list":["post-78149","post","type-post","status-publish","format-standard","has-post-thumbnail","hentry","category-politica"],"yoast_head":"<!-- This site is optimized with the Yoast SEO plugin v26.5 - https:\/\/yoast.com\/wordpress\/plugins\/seo\/ -->\n<title>Prefeito Bira Mariano anuncia mudan\u00e7as no secretariado municipal de Camala\u00fa - Not&iacute;cias em Destaque<\/title>\n<meta name=\"robots\" content=\"index, follow, max-snippet:-1, max-image-preview:large, max-video-preview:-1\" \/>\n<link rel=\"canonical\" href=\"https:\/\/noticiasemdestaque.com\/cd\/?p=78149\" \/>\n<meta property=\"og:locale\" content=\"pt_BR\" \/>\n<meta property=\"og:type\" content=\"article\" \/>\n<meta property=\"og:title\" content=\"Prefeito Bira Mariano anuncia mudan\u00e7as no secretariado municipal de Camala\u00fa - Not&iacute;cias em Destaque\" \/>\n<meta property=\"og:description\" content=\"O prefeito de Camala\u00fa, Bira Mariano, anunciou na tarde deste s\u00e1bado (25), durante entrevista ao programa de r\u00e1dio da Prefeitura na 95 FM, mudan\u00e7as no secretariado municipal. A secret\u00e1ria de Educa\u00e7\u00e3o, Renata Tamires, deixa o cargo ap\u00f3s ser aprovada em concurso p\u00fablico para professora no Governo de Pernambuco. Para a pasta, K\u00e1tia Monteiro, que at\u00e9 ent\u00e3o ocupava a chefia de Gabinete, foi escolhida para dar seguimento \u00e0s a\u00e7\u00f5es na educa\u00e7\u00e3o do munic\u00edpio. Bira Mariano agradeceu a Renata pelos servi\u00e7os prestados e pelos avan\u00e7os alcan\u00e7ados na educa\u00e7\u00e3o durante sua gest\u00e3o. Ele tamb\u00e9m desejou boa sorte na nova etapa e afirmou ter confian\u00e7a no trabalho da nova secret\u00e1ria, K\u00e1tia Monteiro. O prefeito destacou ainda que os investimentos na educa\u00e7\u00e3o do munic\u00edpio continuar\u00e3o, com o objetivo de fortalecer ainda mais a qualidade do ensino e garantir melhores oportunidades para os estudantes de Camala\u00fa. Noticias em Destaque\" \/>\n<meta property=\"og:url\" content=\"https:\/\/noticiasemdestaque.com\/cd\/?p=78149\" \/>\n<meta property=\"og:site_name\" content=\"Not&iacute;cias em Destaque\" \/>\n<meta property=\"article:published_time\" content=\"2026-04-25T19:37:02+00:00\" \/>\n<meta property=\"og:image\" content=\"https:\/\/noticiasemdestaque.com\/cd\/wp-content\/uploads\/2026\/04\/WhatsApp-Image-2026-04-25-at-16.20.34.jpeg\" \/>\n\t<meta property=\"og:image:width\" content=\"1600\" \/>\n\t<meta property=\"og:image:height\" content=\"1200\" \/>\n\t<meta property=\"og:image:type\" content=\"image\/jpeg\" \/>\n<meta name=\"author\" content=\"Not\u00edcias em Destaque\" \/>\n<meta name=\"twitter:card\" content=\"summary_large_image\" \/>\n<meta name=\"twitter:label1\" content=\"Escrito por\" \/>\n\t<meta name=\"twitter:data1\" content=\"Not\u00edcias em Destaque\" \/>\n\t<meta name=\"twitter:label2\" content=\"Est. tempo de leitura\" \/>\n\t<meta name=\"twitter:data2\" content=\"2 minutos\" \/>\n<script type=\"application\/ld+json\" class=\"yoast-schema-graph\">{\"@context\":\"https:\/\/schema.org\",\"@graph\":[{\"@type\":\"Article\",\"@id\":\"https:\/\/noticiasemdestaque.com\/cd\/?p=78149#article\",\"isPartOf\":{\"@id\":\"https:\/\/noticiasemdestaque.com\/cd\/?p=78149\"},\"author\":{\"name\":\"Not\u00edcias em Destaque\",\"@id\":\"https:\/\/noticiasemdestaque.com\/cd\/#\/schema\/person\/47f7d4f55eec17c6b2ca036c5500f6ce\"},\"headline\":\"Prefeito Bira Mariano anuncia mudan\u00e7as no secretariado municipal de Camala\u00fa\",\"datePublished\":\"2026-04-25T19:37:02+00:00\",\"mainEntityOfPage\":{\"@id\":\"https:\/\/noticiasemdestaque.com\/cd\/?p=78149\"},\"wordCount\":176,\"publisher\":{\"@id\":\"https:\/\/noticiasemdestaque.com\/cd\/#organization\"},\"image\":{\"@id\":\"https:\/\/noticiasemdestaque.com\/cd\/?p=78149#primaryimage\"},\"thumbnailUrl\":\"https:\/\/noticiasemdestaque.com\/cd\/wp-content\/uploads\/2026\/04\/WhatsApp-Image-2026-04-25-at-16.20.34.jpeg\",\"articleSection\":[\"Pol\u00edtica\"],\"inLanguage\":\"pt-BR\"},{\"@type\":\"WebPage\",\"@id\":\"https:\/\/noticiasemdestaque.com\/cd\/?p=78149\",\"url\":\"https:\/\/noticiasemdestaque.com\/cd\/?p=78149\",\"name\":\"Prefeito Bira Mariano anuncia mudan\u00e7as no secretariado municipal de Camala\u00fa - Not&iacute;cias em Destaque\",\"isPartOf\":{\"@id\":\"https:\/\/noticiasemdestaque.com\/cd\/#website\"},\"primaryImageOfPage\":{\"@id\":\"https:\/\/noticiasemdestaque.com\/cd\/?p=78149#primaryimage\"},\"image\":{\"@id\":\"https:\/\/noticiasemdestaque.com\/cd\/?p=78149#primaryimage\"},\"thumbnailUrl\":\"https:\/\/noticiasemdestaque.com\/cd\/wp-content\/uploads\/2026\/04\/WhatsApp-Image-2026-04-25-at-16.20.34.jpeg\",\"datePublished\":\"2026-04-25T19:37:02+00:00\",\"breadcrumb\":{\"@id\":\"https:\/\/noticiasemdestaque.com\/cd\/?p=78149#breadcrumb\"},\"inLanguage\":\"pt-BR\",\"potentialAction\":[{\"@type\":\"ReadAction\",\"target\":[\"https:\/\/noticiasemdestaque.com\/cd\/?p=78149\"]}]},{\"@type\":\"ImageObject\",\"inLanguage\":\"pt-BR\",\"@id\":\"https:\/\/noticiasemdestaque.com\/cd\/?p=78149#primaryimage\",\"url\":\"https:\/\/noticiasemdestaque.com\/cd\/wp-content\/uploads\/2026\/04\/WhatsApp-Image-2026-04-25-at-16.20.34.jpeg\",\"contentUrl\":\"https:\/\/noticiasemdestaque.com\/cd\/wp-content\/uploads\/2026\/04\/WhatsApp-Image-2026-04-25-at-16.20.34.jpeg\",\"width\":1600,\"height\":1200},{\"@type\":\"BreadcrumbList\",\"@id\":\"https:\/\/noticiasemdestaque.com\/cd\/?p=78149#breadcrumb\",\"itemListElement\":[{\"@type\":\"ListItem\",\"position\":1,\"name\":\"In\u00edcio\",\"item\":\"https:\/\/noticiasemdestaque.com\/cd\/\"},{\"@type\":\"ListItem\",\"position\":2,\"name\":\"Prefeito Bira Mariano anuncia mudan\u00e7as no secretariado municipal de Camala\u00fa\"}]},{\"@type\":\"WebSite\",\"@id\":\"https:\/\/noticiasemdestaque.com\/cd\/#website\",\"url\":\"https:\/\/noticiasemdestaque.com\/cd\/\",\"name\":\"Not&iacute;cias em Destaque\",\"description\":\"\",\"publisher\":{\"@id\":\"https:\/\/noticiasemdestaque.com\/cd\/#organization\"},\"potentialAction\":[{\"@type\":\"SearchAction\",\"target\":{\"@type\":\"EntryPoint\",\"urlTemplate\":\"https:\/\/noticiasemdestaque.com\/cd\/?s={search_term_string}\"},\"query-input\":{\"@type\":\"PropertyValueSpecification\",\"valueRequired\":true,\"valueName\":\"search_term_string\"}}],\"inLanguage\":\"pt-BR\"},{\"@type\":\"Organization\",\"@id\":\"https:\/\/noticiasemdestaque.com\/cd\/#organization\",\"name\":\"Not\u00edcias em Destaque\",\"url\":\"https:\/\/noticiasemdestaque.com\/cd\/\",\"logo\":{\"@type\":\"ImageObject\",\"inLanguage\":\"pt-BR\",\"@id\":\"https:\/\/noticiasemdestaque.com\/cd\/#\/schema\/logo\/image\/\",\"url\":\"https:\/\/noticiasemdestaque.com\/cd\/wp-content\/uploads\/2022\/05\/imagem-base-noticiasemdestaque.png\",\"contentUrl\":\"https:\/\/noticiasemdestaque.com\/cd\/wp-content\/uploads\/2022\/05\/imagem-base-noticiasemdestaque.png\",\"width\":1200,\"height\":630,\"caption\":\"Not\u00edcias em Destaque\"},\"image\":{\"@id\":\"https:\/\/noticiasemdestaque.com\/cd\/#\/schema\/logo\/image\/\"}},{\"@type\":\"Person\",\"@id\":\"https:\/\/noticiasemdestaque.com\/cd\/#\/schema\/person\/47f7d4f55eec17c6b2ca036c5500f6ce\",\"name\":\"Not\u00edcias em Destaque\",\"url\":\"https:\/\/noticiasemdestaque.com\/cd\/?author=2\"}]}<\/script>\n<!-- \/ Yoast SEO plugin. -->","yoast_head_json":{"title":"Prefeito Bira Mariano anuncia mudan\u00e7as no secretariado municipal de Camala\u00fa - Not&iacute;cias em Destaque","robots":{"index":"index","follow":"follow","max-snippet":"max-snippet:-1","max-image-preview":"max-image-preview:large","max-video-preview":"max-video-preview:-1"},"canonical":"https:\/\/noticiasemdestaque.com\/cd\/?p=78149","og_locale":"pt_BR","og_type":"article","og_title":"Prefeito Bira Mariano anuncia mudan\u00e7as no secretariado municipal de Camala\u00fa - Not&iacute;cias em Destaque","og_description":"O prefeito de Camala\u00fa, Bira Mariano, anunciou na tarde deste s\u00e1bado (25), durante entrevista ao programa de r\u00e1dio da Prefeitura na 95 FM, mudan\u00e7as no secretariado municipal. A secret\u00e1ria de Educa\u00e7\u00e3o, Renata Tamires, deixa o cargo ap\u00f3s ser aprovada em concurso p\u00fablico para professora no Governo de Pernambuco. Para a pasta, K\u00e1tia Monteiro, que at\u00e9 ent\u00e3o ocupava a chefia de Gabinete, foi escolhida para dar seguimento \u00e0s a\u00e7\u00f5es na educa\u00e7\u00e3o do munic\u00edpio. Bira Mariano agradeceu a Renata pelos servi\u00e7os prestados e pelos avan\u00e7os alcan\u00e7ados na educa\u00e7\u00e3o durante sua gest\u00e3o. Ele tamb\u00e9m desejou boa sorte na nova etapa e afirmou ter confian\u00e7a no trabalho da nova secret\u00e1ria, K\u00e1tia Monteiro. O prefeito destacou ainda que os investimentos na educa\u00e7\u00e3o do munic\u00edpio continuar\u00e3o, com o objetivo de fortalecer ainda mais a qualidade do ensino e garantir melhores oportunidades para os estudantes de Camala\u00fa. Noticias em Destaque","og_url":"https:\/\/noticiasemdestaque.com\/cd\/?p=78149","og_site_name":"Not&iacute;cias em Destaque","article_published_time":"2026-04-25T19:37:02+00:00","og_image":[{"width":1600,"height":1200,"url":"https:\/\/noticiasemdestaque.com\/cd\/wp-content\/uploads\/2026\/04\/WhatsApp-Image-2026-04-25-at-16.20.34.jpeg","type":"image\/jpeg"}],"author":"Not\u00edcias em Destaque","twitter_card":"summary_large_image","twitter_misc":{"Escrito por":"Not\u00edcias em Destaque","Est. tempo de leitura":"2 minutos"},"schema":{"@context":"https:\/\/schema.org","@graph":[{"@type":"Article","@id":"https:\/\/noticiasemdestaque.com\/cd\/?p=78149#article","isPartOf":{"@id":"https:\/\/noticiasemdestaque.com\/cd\/?p=78149"},"author":{"name":"Not\u00edcias em Destaque","@id":"https:\/\/noticiasemdestaque.com\/cd\/#\/schema\/person\/47f7d4f55eec17c6b2ca036c5500f6ce"},"headline":"Prefeito Bira Mariano anuncia mudan\u00e7as no secretariado municipal de Camala\u00fa","datePublished":"2026-04-25T19:37:02+00:00","mainEntityOfPage":{"@id":"https:\/\/noticiasemdestaque.com\/cd\/?p=78149"},"wordCount":176,"publisher":{"@id":"https:\/\/noticiasemdestaque.com\/cd\/#organization"},"image":{"@id":"https:\/\/noticiasemdestaque.com\/cd\/?p=78149#primaryimage"},"thumbnailUrl":"https:\/\/noticiasemdestaque.com\/cd\/wp-content\/uploads\/2026\/04\/WhatsApp-Image-2026-04-25-at-16.20.34.jpeg","articleSection":["Pol\u00edtica"],"inLanguage":"pt-BR"},{"@type":"WebPage","@id":"https:\/\/noticiasemdestaque.com\/cd\/?p=78149","url":"https:\/\/noticiasemdestaque.com\/cd\/?p=78149","name":"Prefeito Bira Mariano anuncia mudan\u00e7as no secretariado municipal de Camala\u00fa - Not&iacute;cias em Destaque","isPartOf":{"@id":"https:\/\/noticiasemdestaque.com\/cd\/#website"},"primaryImageOfPage":{"@id":"https:\/\/noticiasemdestaque.com\/cd\/?p=78149#primaryimage"},"image":{"@id":"https:\/\/noticiasemdestaque.com\/cd\/?p=78149#primaryimage"},"thumbnailUrl":"https:\/\/noticiasemdestaque.com\/cd\/wp-content\/uploads\/2026\/04\/WhatsApp-Image-2026-04-25-at-16.20.34.jpeg","datePublished":"2026-04-25T19:37:02+00:00","breadcrumb":{"@id":"https:\/\/noticiasemdestaque.com\/cd\/?p=78149#breadcrumb"},"inLanguage":"pt-BR","potentialAction":[{"@type":"ReadAction","target":["https:\/\/noticiasemdestaque.com\/cd\/?p=78149"]}]},{"@type":"ImageObject","inLanguage":"pt-BR","@id":"https:\/\/noticiasemdestaque.com\/cd\/?p=78149#primaryimage","url":"https:\/\/noticiasemdestaque.com\/cd\/wp-content\/uploads\/2026\/04\/WhatsApp-Image-2026-04-25-at-16.20.34.jpeg","contentUrl":"https:\/\/noticiasemdestaque.com\/cd\/wp-content\/uploads\/2026\/04\/WhatsApp-Image-2026-04-25-at-16.20.34.jpeg","width":1600,"height":1200},{"@type":"BreadcrumbList","@id":"https:\/\/noticiasemdestaque.com\/cd\/?p=78149#breadcrumb","itemListElement":[{"@type":"ListItem","position":1,"name":"In\u00edcio","item":"https:\/\/noticiasemdestaque.com\/cd\/"},{"@type":"ListItem","position":2,"name":"Prefeito Bira Mariano anuncia mudan\u00e7as no secretariado municipal de Camala\u00fa"}]},{"@type":"WebSite","@id":"https:\/\/noticiasemdestaque.com\/cd\/#website","url":"https:\/\/noticiasemdestaque.com\/cd\/","name":"Not&iacute;cias em Destaque","description":"","publisher":{"@id":"https:\/\/noticiasemdestaque.com\/cd\/#organization"},"potentialAction":[{"@type":"SearchAction","target":{"@type":"EntryPoint","urlTemplate":"https:\/\/noticiasemdestaque.com\/cd\/?s={search_term_string}"},"query-input":{"@type":"PropertyValueSpecification","valueRequired":true,"valueName":"search_term_string"}}],"inLanguage":"pt-BR"},{"@type":"Organization","@id":"https:\/\/noticiasemdestaque.com\/cd\/#organization","name":"Not\u00edcias em Destaque","url":"https:\/\/noticiasemdestaque.com\/cd\/","logo":{"@type":"ImageObject","inLanguage":"pt-BR","@id":"https:\/\/noticiasemdestaque.com\/cd\/#\/schema\/logo\/image\/","url":"https:\/\/noticiasemdestaque.com\/cd\/wp-content\/uploads\/2022\/05\/imagem-base-noticiasemdestaque.png","contentUrl":"https:\/\/noticiasemdestaque.com\/cd\/wp-content\/uploads\/2022\/05\/imagem-base-noticiasemdestaque.png","width":1200,"height":630,"caption":"Not\u00edcias em Destaque"},"image":{"@id":"https:\/\/noticiasemdestaque.com\/cd\/#\/schema\/logo\/image\/"}},{"@type":"Person","@id":"https:\/\/noticiasemdestaque.com\/cd\/#\/schema\/person\/47f7d4f55eec17c6b2ca036c5500f6ce","name":"Not\u00edcias em Destaque","url":"https:\/\/noticiasemdestaque.com\/cd\/?author=2"}]}},"jetpack_featured_media_url":"https:\/\/noticiasemdestaque.com\/cd\/wp-content\/uploads\/2026\/04\/WhatsApp-Image-2026-04-25-at-16.20.34.jpeg","jetpack_sharing_enabled":true,"_links":{"self":[{"href":"https:\/\/noticiasemdestaque.com\/cd\/index.php?rest_route=\/wp\/v2\/posts\/78149","targetHints":{"allow":["GET"]}}],"collection":[{"href":"https:\/\/noticiasemdestaque.com\/cd\/index.php?rest_route=\/wp\/v2\/posts"}],"about":[{"href":"https:\/\/noticiasemdestaque.com\/cd\/index.php?rest_route=\/wp\/v2\/types\/post"}],"author":[{"embeddable":true,"href":"https:\/\/noticiasemdestaque.com\/cd\/index.php?rest_route=\/wp\/v2\/users\/2"}],"replies":[{"embeddable":true,"href":"https:\/\/noticiasemdestaque.com\/cd\/index.php?rest_route=%2Fwp%2Fv2%2Fcomments&post=78149"}],"version-history":[{"count":1,"href":"https:\/\/noticiasemdestaque.com\/cd\/index.php?rest_route=\/wp\/v2\/posts\/78149\/revisions"}],"predecessor-version":[{"id":78151,"href":"https:\/\/noticiasemdestaque.com\/cd\/index.php?rest_route=\/wp\/v2\/posts\/78149\/revisions\/78151"}],"wp:featuredmedia":[{"embeddable":true,"href":"https:\/\/noticiasemdestaque.com\/cd\/index.php?rest_route=\/wp\/v2\/media\/78150"}],"wp:attachment":[{"href":"https:\/\/noticiasemdestaque.com\/cd\/index.php?rest_route=%2Fwp%2Fv2%2Fmedia&parent=78149"}],"wp:term":[{"taxonomy":"category","embeddable":true,"href":"https:\/\/noticiasemdestaque.com\/cd\/index.php?rest_route=%2Fwp%2Fv2%2Fcategories&post=78149"},{"taxonomy":"post_tag","embeddable":true,"href":"https:\/\/noticiasemdestaque.com\/cd\/index.php?rest_route=%2Fwp%2Fv2%2Ftags&post=78149"}],"curies":[{"name":"wp","href":"https:\/\/api.w.org\/{rel}","templated":true}]}}