{"id":78146,"date":"2026-04-25T14:33:30","date_gmt":"2026-04-25T17:33:30","guid":{"rendered":"https:\/\/noticiasemdestaque.com\/cd\/?p=78146"},"modified":"2026-04-25T14:33:30","modified_gmt":"2026-04-25T17:33:30","slug":"paraiba-prazo-para-pedir-isencao-da-taxa-do-enem-2026-e-prorrogado-ate-30-de-abril","status":"publish","type":"post","link":"https:\/\/noticiasemdestaque.com\/cd\/?p=78146","title":{"rendered":"Para\u00edba: prazo para pedir isen\u00e7\u00e3o da taxa do Enem 2026 \u00e9 prorrogado at\u00e9 30 de abril"},"content":{"rendered":"<p><a href=\"https:\/\/noticiasemdestaque.com\/cd\/wp-content\/uploads\/2026\/04\/enem-mc_abr_16112025-3-860x515-1.webp\"><img fetchpriority=\"high\" decoding=\"async\" class=\" wp-image-78147 aligncenter\" src=\"https:\/\/noticiasemdestaque.com\/cd\/wp-content\/uploads\/2026\/04\/enem-mc_abr_16112025-3-860x515-1-300x180.webp\" alt=\"\" width=\"937\" height=\"562\" srcset=\"https:\/\/noticiasemdestaque.com\/cd\/wp-content\/uploads\/2026\/04\/enem-mc_abr_16112025-3-860x515-1-300x180.webp 300w, https:\/\/noticiasemdestaque.com\/cd\/wp-content\/uploads\/2026\/04\/enem-mc_abr_16112025-3-860x515-1-768x460.webp 768w, https:\/\/noticiasemdestaque.com\/cd\/wp-content\/uploads\/2026\/04\/enem-mc_abr_16112025-3-860x515-1.webp 860w\" sizes=\"(max-width: 937px) 100vw, 937px\" \/><\/a><\/p>\n<p>Estudantes da Para\u00edba e de todo o Brasil ganharam mais prazo para solicitar a isen\u00e7\u00e3o da taxa de inscri\u00e7\u00e3o do Exame Nacional do Ensino M\u00e9dio (Enem) 2026. O Minist\u00e9rio da Educa\u00e7\u00e3o (MEC), por meio do Instituto Nacional de Estudos e Pesquisas Educacionais An\u00edsio Teixeira, anunciou nesta sexta-feira (24) a prorroga\u00e7\u00e3o do prazo at\u00e9 o dia 30 de abril. A nova data tamb\u00e9m vale para quem precisa justificar aus\u00eancia no Enem 2025.<\/p>\n<p>O pedido deve ser feito exclusivamente na\u00a0<strong>P\u00e1gina do Participante<\/strong>, utilizando login \u00fanico do\u00a0<strong>Gov.br<\/strong>.<\/p>\n<p>T\u00eam direito \u00e0 isen\u00e7\u00e3o candidatos que se enquadram em um dos seguintes crit\u00e9rios:<\/p>\n<ul class=\"wp-block-list\">\n<li>Estar matriculado no \u00faltimo ano do ensino m\u00e9dio em escola p\u00fablica em 2026;<\/li>\n<li>Ter cursado todo o ensino m\u00e9dio em escola p\u00fablica ou como bolsista integral em escola privada, com renda familiar de at\u00e9 1,5 sal\u00e1rio m\u00ednimo por pessoa;<\/li>\n<li>Estar inscrito no\u00a0<strong>Cadastro \u00danico para Programas Sociais do Governo Federal (Cad\u00danico)<\/strong>;<\/li>\n<li>Ser participante do programa P\u00e9-de-Meia.<\/li>\n<\/ul>\n<p>Mesmo com a aprova\u00e7\u00e3o da isen\u00e7\u00e3o, o estudante ainda precisar\u00e1 realizar a inscri\u00e7\u00e3o oficial no Enem dentro do prazo que ser\u00e1 divulgado futuramente pelo MEC.<\/p>\n<p>A justificativa de aus\u00eancia \u00e9 destinada aos participantes que conseguiram isen\u00e7\u00e3o no Enem 2025, mas faltaram aos dois dias de prova e desejam solicitar novamente a gratuidade em 2026.<\/p>\n<p>Participantes do programa P\u00e9-de-Meia que conclu\u00edrem o ensino m\u00e9dio em 2026 e comparecerem aos dois dias de prova poder\u00e3o receber um incentivo extra de R$ 200.<\/p>\n<p>J\u00e1 os inscritos no Cad\u00danico devem manter os dados atualizados para evitar o indeferimento do pedido.<\/p>\n<p><strong>Confira o novo calend\u00e1rio:<\/strong><\/p>\n<ul class=\"wp-block-list\">\n<li>Pedido de isen\u00e7\u00e3o e justificativa de aus\u00eancia: at\u00e9 30 de abril<\/li>\n<li>Resultado dos pedidos: 13 de maio<\/li>\n<li>Per\u00edodo para recurso: de 13 a 19 de maio<\/li>\n<li>Resultado dos recursos: 25 de maio<\/li>\n<\/ul>\n<p>Criado h\u00e1 mais de duas d\u00e9cadas, o Exame Nacional do Ensino M\u00e9dio \u00e9 a principal porta de entrada para o ensino superior no pa\u00eds, sendo utilizado em programas como Sistema de Sele\u00e7\u00e3o Unificada, Programa Universidade para Todos e Fundo de Financiamento Estudantil, al\u00e9m de processos seletivos em institui\u00e7\u00f5es brasileiras e portuguesas.<\/p>\n<p><strong>Noticias em Destaque<\/strong><\/p>\n<p style=\"text-align: right;\"><em>Fonte: RotaPB<\/em><\/p>\n","protected":false},"excerpt":{"rendered":"<p>Estudantes da Para\u00edba e de todo o Brasil ganharam mais prazo para solicitar a isen\u00e7\u00e3o da taxa de inscri\u00e7\u00e3o do Exame Nacional do Ensino M\u00e9dio (Enem) 2026. O Minist\u00e9rio da Educa\u00e7\u00e3o (MEC), por meio do Instituto Nacional de Estudos e Pesquisas Educacionais An\u00edsio Teixeira, anunciou nesta sexta-feira (24) a prorroga\u00e7\u00e3o do prazo at\u00e9 o dia 30 de abril. A nova data tamb\u00e9m vale para quem precisa justificar aus\u00eancia no Enem 2025. O pedido deve ser feito exclusivamente na\u00a0P\u00e1gina do Participante, utilizando login \u00fanico do\u00a0Gov.br. T\u00eam direito \u00e0 isen\u00e7\u00e3o candidatos que se enquadram em um dos seguintes crit\u00e9rios: Estar matriculado no \u00faltimo ano do ensino m\u00e9dio em escola p\u00fablica em 2026; Ter cursado todo o ensino m\u00e9dio em escola p\u00fablica ou como bolsista integral em escola privada, com renda familiar de at\u00e9 1,5 sal\u00e1rio m\u00ednimo por pessoa; Estar inscrito no\u00a0Cadastro \u00danico para Programas Sociais do Governo Federal (Cad\u00danico); Ser participante do programa P\u00e9-de-Meia. Mesmo com a aprova\u00e7\u00e3o da isen\u00e7\u00e3o, o estudante ainda precisar\u00e1 realizar a inscri\u00e7\u00e3o oficial no Enem dentro do prazo que ser\u00e1 divulgado futuramente pelo MEC. A justificativa de aus\u00eancia \u00e9 destinada aos participantes que conseguiram isen\u00e7\u00e3o no Enem 2025, mas faltaram aos dois dias de prova e desejam solicitar novamente a gratuidade em 2026. Participantes do programa P\u00e9-de-Meia que conclu\u00edrem o ensino m\u00e9dio em 2026 e comparecerem aos dois dias de prova poder\u00e3o receber um incentivo extra de R$ 200. J\u00e1 os inscritos no Cad\u00danico devem manter os dados atualizados para evitar o indeferimento do pedido. Confira o novo calend\u00e1rio: Pedido de isen\u00e7\u00e3o e justificativa de aus\u00eancia: at\u00e9 30 de abril Resultado dos pedidos: 13 de maio Per\u00edodo para recurso: de 13 a 19 de maio Resultado dos recursos: 25 de maio Criado h\u00e1 mais de duas d\u00e9cadas, o Exame Nacional do Ensino M\u00e9dio \u00e9 a principal porta de entrada para o ensino superior no pa\u00eds, sendo utilizado em programas como Sistema de Sele\u00e7\u00e3o Unificada, Programa Universidade para Todos e Fundo de Financiamento Estudantil, al\u00e9m de processos seletivos em institui\u00e7\u00f5es brasileiras e portuguesas. Noticias em Destaque Fonte: RotaPB<\/p>\n","protected":false},"author":2,"featured_media":78147,"comment_status":"closed","ping_status":"closed","sticky":false,"template":"","format":"standard","meta":{"_eb_attr":"","_jetpack_memberships_contains_paid_content":false,"footnotes":""},"categories":[6,12],"tags":[],"class_list":["post-78146","post","type-post","status-publish","format-standard","has-post-thumbnail","hentry","category-educacao","category-geral"],"yoast_head":"<!-- This site is optimized with the Yoast SEO plugin v26.5 - https:\/\/yoast.com\/wordpress\/plugins\/seo\/ -->\n<title>Para\u00edba: prazo para pedir isen\u00e7\u00e3o da taxa do Enem 2026 \u00e9 prorrogado at\u00e9 30 de abril - Not&iacute;cias em Destaque<\/title>\n<meta name=\"robots\" content=\"index, follow, max-snippet:-1, max-image-preview:large, max-video-preview:-1\" \/>\n<link rel=\"canonical\" href=\"https:\/\/noticiasemdestaque.com\/cd\/?p=78146\" \/>\n<meta property=\"og:locale\" content=\"pt_BR\" \/>\n<meta property=\"og:type\" content=\"article\" \/>\n<meta property=\"og:title\" content=\"Para\u00edba: prazo para pedir isen\u00e7\u00e3o da taxa do Enem 2026 \u00e9 prorrogado at\u00e9 30 de abril - Not&iacute;cias em Destaque\" \/>\n<meta property=\"og:description\" content=\"Estudantes da Para\u00edba e de todo o Brasil ganharam mais prazo para solicitar a isen\u00e7\u00e3o da taxa de inscri\u00e7\u00e3o do Exame Nacional do Ensino M\u00e9dio (Enem) 2026. O Minist\u00e9rio da Educa\u00e7\u00e3o (MEC), por meio do Instituto Nacional de Estudos e Pesquisas Educacionais An\u00edsio Teixeira, anunciou nesta sexta-feira (24) a prorroga\u00e7\u00e3o do prazo at\u00e9 o dia 30 de abril. A nova data tamb\u00e9m vale para quem precisa justificar aus\u00eancia no Enem 2025. O pedido deve ser feito exclusivamente na\u00a0P\u00e1gina do Participante, utilizando login \u00fanico do\u00a0Gov.br. T\u00eam direito \u00e0 isen\u00e7\u00e3o candidatos que se enquadram em um dos seguintes crit\u00e9rios: Estar matriculado no \u00faltimo ano do ensino m\u00e9dio em escola p\u00fablica em 2026; Ter cursado todo o ensino m\u00e9dio em escola p\u00fablica ou como bolsista integral em escola privada, com renda familiar de at\u00e9 1,5 sal\u00e1rio m\u00ednimo por pessoa; Estar inscrito no\u00a0Cadastro \u00danico para Programas Sociais do Governo Federal (Cad\u00danico); Ser participante do programa P\u00e9-de-Meia. Mesmo com a aprova\u00e7\u00e3o da isen\u00e7\u00e3o, o estudante ainda precisar\u00e1 realizar a inscri\u00e7\u00e3o oficial no Enem dentro do prazo que ser\u00e1 divulgado futuramente pelo MEC. A justificativa de aus\u00eancia \u00e9 destinada aos participantes que conseguiram isen\u00e7\u00e3o no Enem 2025, mas faltaram aos dois dias de prova e desejam solicitar novamente a gratuidade em 2026. Participantes do programa P\u00e9-de-Meia que conclu\u00edrem o ensino m\u00e9dio em 2026 e comparecerem aos dois dias de prova poder\u00e3o receber um incentivo extra de R$ 200. J\u00e1 os inscritos no Cad\u00danico devem manter os dados atualizados para evitar o indeferimento do pedido. Confira o novo calend\u00e1rio: Pedido de isen\u00e7\u00e3o e justificativa de aus\u00eancia: at\u00e9 30 de abril Resultado dos pedidos: 13 de maio Per\u00edodo para recurso: de 13 a 19 de maio Resultado dos recursos: 25 de maio Criado h\u00e1 mais de duas d\u00e9cadas, o Exame Nacional do Ensino M\u00e9dio \u00e9 a principal porta de entrada para o ensino superior no pa\u00eds, sendo utilizado em programas como Sistema de Sele\u00e7\u00e3o Unificada, Programa Universidade para Todos e Fundo de Financiamento Estudantil, al\u00e9m de processos seletivos em institui\u00e7\u00f5es brasileiras e portuguesas. Noticias em Destaque Fonte: RotaPB\" \/>\n<meta property=\"og:url\" content=\"https:\/\/noticiasemdestaque.com\/cd\/?p=78146\" \/>\n<meta property=\"og:site_name\" content=\"Not&iacute;cias em Destaque\" \/>\n<meta property=\"article:published_time\" content=\"2026-04-25T17:33:30+00:00\" \/>\n<meta property=\"og:image\" content=\"https:\/\/noticiasemdestaque.com\/cd\/wp-content\/uploads\/2026\/04\/enem-mc_abr_16112025-3-860x515-1.webp\" \/>\n\t<meta property=\"og:image:width\" content=\"860\" \/>\n\t<meta property=\"og:image:height\" content=\"515\" \/>\n\t<meta property=\"og:image:type\" content=\"image\/webp\" \/>\n<meta name=\"author\" content=\"Not\u00edcias em Destaque\" \/>\n<meta name=\"twitter:card\" content=\"summary_large_image\" \/>\n<meta name=\"twitter:label1\" content=\"Escrito por\" \/>\n\t<meta name=\"twitter:data1\" content=\"Not\u00edcias em Destaque\" \/>\n\t<meta name=\"twitter:label2\" content=\"Est. tempo de leitura\" \/>\n\t<meta name=\"twitter:data2\" content=\"3 minutos\" \/>\n<script type=\"application\/ld+json\" class=\"yoast-schema-graph\">{\"@context\":\"https:\/\/schema.org\",\"@graph\":[{\"@type\":\"Article\",\"@id\":\"https:\/\/noticiasemdestaque.com\/cd\/?p=78146#article\",\"isPartOf\":{\"@id\":\"https:\/\/noticiasemdestaque.com\/cd\/?p=78146\"},\"author\":{\"name\":\"Not\u00edcias em Destaque\",\"@id\":\"https:\/\/noticiasemdestaque.com\/cd\/#\/schema\/person\/47f7d4f55eec17c6b2ca036c5500f6ce\"},\"headline\":\"Para\u00edba: prazo para pedir isen\u00e7\u00e3o da taxa do Enem 2026 \u00e9 prorrogado at\u00e9 30 de abril\",\"datePublished\":\"2026-04-25T17:33:30+00:00\",\"mainEntityOfPage\":{\"@id\":\"https:\/\/noticiasemdestaque.com\/cd\/?p=78146\"},\"wordCount\":383,\"publisher\":{\"@id\":\"https:\/\/noticiasemdestaque.com\/cd\/#organization\"},\"image\":{\"@id\":\"https:\/\/noticiasemdestaque.com\/cd\/?p=78146#primaryimage\"},\"thumbnailUrl\":\"https:\/\/noticiasemdestaque.com\/cd\/wp-content\/uploads\/2026\/04\/enem-mc_abr_16112025-3-860x515-1.webp\",\"articleSection\":[\"Educa\u00e7\u00e3o\",\"Geral\"],\"inLanguage\":\"pt-BR\"},{\"@type\":\"WebPage\",\"@id\":\"https:\/\/noticiasemdestaque.com\/cd\/?p=78146\",\"url\":\"https:\/\/noticiasemdestaque.com\/cd\/?p=78146\",\"name\":\"Para\u00edba: prazo para pedir isen\u00e7\u00e3o da taxa do Enem 2026 \u00e9 prorrogado at\u00e9 30 de abril - Not&iacute;cias em Destaque\",\"isPartOf\":{\"@id\":\"https:\/\/noticiasemdestaque.com\/cd\/#website\"},\"primaryImageOfPage\":{\"@id\":\"https:\/\/noticiasemdestaque.com\/cd\/?p=78146#primaryimage\"},\"image\":{\"@id\":\"https:\/\/noticiasemdestaque.com\/cd\/?p=78146#primaryimage\"},\"thumbnailUrl\":\"https:\/\/noticiasemdestaque.com\/cd\/wp-content\/uploads\/2026\/04\/enem-mc_abr_16112025-3-860x515-1.webp\",\"datePublished\":\"2026-04-25T17:33:30+00:00\",\"breadcrumb\":{\"@id\":\"https:\/\/noticiasemdestaque.com\/cd\/?p=78146#breadcrumb\"},\"inLanguage\":\"pt-BR\",\"potentialAction\":[{\"@type\":\"ReadAction\",\"target\":[\"https:\/\/noticiasemdestaque.com\/cd\/?p=78146\"]}]},{\"@type\":\"ImageObject\",\"inLanguage\":\"pt-BR\",\"@id\":\"https:\/\/noticiasemdestaque.com\/cd\/?p=78146#primaryimage\",\"url\":\"https:\/\/noticiasemdestaque.com\/cd\/wp-content\/uploads\/2026\/04\/enem-mc_abr_16112025-3-860x515-1.webp\",\"contentUrl\":\"https:\/\/noticiasemdestaque.com\/cd\/wp-content\/uploads\/2026\/04\/enem-mc_abr_16112025-3-860x515-1.webp\",\"width\":860,\"height\":515},{\"@type\":\"BreadcrumbList\",\"@id\":\"https:\/\/noticiasemdestaque.com\/cd\/?p=78146#breadcrumb\",\"itemListElement\":[{\"@type\":\"ListItem\",\"position\":1,\"name\":\"In\u00edcio\",\"item\":\"https:\/\/noticiasemdestaque.com\/cd\/\"},{\"@type\":\"ListItem\",\"position\":2,\"name\":\"Para\u00edba: prazo para pedir isen\u00e7\u00e3o da taxa do Enem 2026 \u00e9 prorrogado at\u00e9 30 de abril\"}]},{\"@type\":\"WebSite\",\"@id\":\"https:\/\/noticiasemdestaque.com\/cd\/#website\",\"url\":\"https:\/\/noticiasemdestaque.com\/cd\/\",\"name\":\"Not&iacute;cias em Destaque\",\"description\":\"\",\"publisher\":{\"@id\":\"https:\/\/noticiasemdestaque.com\/cd\/#organization\"},\"potentialAction\":[{\"@type\":\"SearchAction\",\"target\":{\"@type\":\"EntryPoint\",\"urlTemplate\":\"https:\/\/noticiasemdestaque.com\/cd\/?s={search_term_string}\"},\"query-input\":{\"@type\":\"PropertyValueSpecification\",\"valueRequired\":true,\"valueName\":\"search_term_string\"}}],\"inLanguage\":\"pt-BR\"},{\"@type\":\"Organization\",\"@id\":\"https:\/\/noticiasemdestaque.com\/cd\/#organization\",\"name\":\"Not\u00edcias em Destaque\",\"url\":\"https:\/\/noticiasemdestaque.com\/cd\/\",\"logo\":{\"@type\":\"ImageObject\",\"inLanguage\":\"pt-BR\",\"@id\":\"https:\/\/noticiasemdestaque.com\/cd\/#\/schema\/logo\/image\/\",\"url\":\"https:\/\/noticiasemdestaque.com\/cd\/wp-content\/uploads\/2022\/05\/imagem-base-noticiasemdestaque.png\",\"contentUrl\":\"https:\/\/noticiasemdestaque.com\/cd\/wp-content\/uploads\/2022\/05\/imagem-base-noticiasemdestaque.png\",\"width\":1200,\"height\":630,\"caption\":\"Not\u00edcias em Destaque\"},\"image\":{\"@id\":\"https:\/\/noticiasemdestaque.com\/cd\/#\/schema\/logo\/image\/\"}},{\"@type\":\"Person\",\"@id\":\"https:\/\/noticiasemdestaque.com\/cd\/#\/schema\/person\/47f7d4f55eec17c6b2ca036c5500f6ce\",\"name\":\"Not\u00edcias em Destaque\",\"url\":\"https:\/\/noticiasemdestaque.com\/cd\/?author=2\"}]}<\/script>\n<!-- \/ Yoast SEO plugin. -->","yoast_head_json":{"title":"Para\u00edba: prazo para pedir isen\u00e7\u00e3o da taxa do Enem 2026 \u00e9 prorrogado at\u00e9 30 de abril - Not&iacute;cias em Destaque","robots":{"index":"index","follow":"follow","max-snippet":"max-snippet:-1","max-image-preview":"max-image-preview:large","max-video-preview":"max-video-preview:-1"},"canonical":"https:\/\/noticiasemdestaque.com\/cd\/?p=78146","og_locale":"pt_BR","og_type":"article","og_title":"Para\u00edba: prazo para pedir isen\u00e7\u00e3o da taxa do Enem 2026 \u00e9 prorrogado at\u00e9 30 de abril - Not&iacute;cias em Destaque","og_description":"Estudantes da Para\u00edba e de todo o Brasil ganharam mais prazo para solicitar a isen\u00e7\u00e3o da taxa de inscri\u00e7\u00e3o do Exame Nacional do Ensino M\u00e9dio (Enem) 2026. O Minist\u00e9rio da Educa\u00e7\u00e3o (MEC), por meio do Instituto Nacional de Estudos e Pesquisas Educacionais An\u00edsio Teixeira, anunciou nesta sexta-feira (24) a prorroga\u00e7\u00e3o do prazo at\u00e9 o dia 30 de abril. A nova data tamb\u00e9m vale para quem precisa justificar aus\u00eancia no Enem 2025. O pedido deve ser feito exclusivamente na\u00a0P\u00e1gina do Participante, utilizando login \u00fanico do\u00a0Gov.br. T\u00eam direito \u00e0 isen\u00e7\u00e3o candidatos que se enquadram em um dos seguintes crit\u00e9rios: Estar matriculado no \u00faltimo ano do ensino m\u00e9dio em escola p\u00fablica em 2026; Ter cursado todo o ensino m\u00e9dio em escola p\u00fablica ou como bolsista integral em escola privada, com renda familiar de at\u00e9 1,5 sal\u00e1rio m\u00ednimo por pessoa; Estar inscrito no\u00a0Cadastro \u00danico para Programas Sociais do Governo Federal (Cad\u00danico); Ser participante do programa P\u00e9-de-Meia. Mesmo com a aprova\u00e7\u00e3o da isen\u00e7\u00e3o, o estudante ainda precisar\u00e1 realizar a inscri\u00e7\u00e3o oficial no Enem dentro do prazo que ser\u00e1 divulgado futuramente pelo MEC. A justificativa de aus\u00eancia \u00e9 destinada aos participantes que conseguiram isen\u00e7\u00e3o no Enem 2025, mas faltaram aos dois dias de prova e desejam solicitar novamente a gratuidade em 2026. Participantes do programa P\u00e9-de-Meia que conclu\u00edrem o ensino m\u00e9dio em 2026 e comparecerem aos dois dias de prova poder\u00e3o receber um incentivo extra de R$ 200. J\u00e1 os inscritos no Cad\u00danico devem manter os dados atualizados para evitar o indeferimento do pedido. Confira o novo calend\u00e1rio: Pedido de isen\u00e7\u00e3o e justificativa de aus\u00eancia: at\u00e9 30 de abril Resultado dos pedidos: 13 de maio Per\u00edodo para recurso: de 13 a 19 de maio Resultado dos recursos: 25 de maio Criado h\u00e1 mais de duas d\u00e9cadas, o Exame Nacional do Ensino M\u00e9dio \u00e9 a principal porta de entrada para o ensino superior no pa\u00eds, sendo utilizado em programas como Sistema de Sele\u00e7\u00e3o Unificada, Programa Universidade para Todos e Fundo de Financiamento Estudantil, al\u00e9m de processos seletivos em institui\u00e7\u00f5es brasileiras e portuguesas. Noticias em Destaque Fonte: RotaPB","og_url":"https:\/\/noticiasemdestaque.com\/cd\/?p=78146","og_site_name":"Not&iacute;cias em Destaque","article_published_time":"2026-04-25T17:33:30+00:00","og_image":[{"width":860,"height":515,"url":"https:\/\/noticiasemdestaque.com\/cd\/wp-content\/uploads\/2026\/04\/enem-mc_abr_16112025-3-860x515-1.webp","type":"image\/webp"}],"author":"Not\u00edcias em Destaque","twitter_card":"summary_large_image","twitter_misc":{"Escrito por":"Not\u00edcias em Destaque","Est. tempo de leitura":"3 minutos"},"schema":{"@context":"https:\/\/schema.org","@graph":[{"@type":"Article","@id":"https:\/\/noticiasemdestaque.com\/cd\/?p=78146#article","isPartOf":{"@id":"https:\/\/noticiasemdestaque.com\/cd\/?p=78146"},"author":{"name":"Not\u00edcias em Destaque","@id":"https:\/\/noticiasemdestaque.com\/cd\/#\/schema\/person\/47f7d4f55eec17c6b2ca036c5500f6ce"},"headline":"Para\u00edba: prazo para pedir isen\u00e7\u00e3o da taxa do Enem 2026 \u00e9 prorrogado at\u00e9 30 de abril","datePublished":"2026-04-25T17:33:30+00:00","mainEntityOfPage":{"@id":"https:\/\/noticiasemdestaque.com\/cd\/?p=78146"},"wordCount":383,"publisher":{"@id":"https:\/\/noticiasemdestaque.com\/cd\/#organization"},"image":{"@id":"https:\/\/noticiasemdestaque.com\/cd\/?p=78146#primaryimage"},"thumbnailUrl":"https:\/\/noticiasemdestaque.com\/cd\/wp-content\/uploads\/2026\/04\/enem-mc_abr_16112025-3-860x515-1.webp","articleSection":["Educa\u00e7\u00e3o","Geral"],"inLanguage":"pt-BR"},{"@type":"WebPage","@id":"https:\/\/noticiasemdestaque.com\/cd\/?p=78146","url":"https:\/\/noticiasemdestaque.com\/cd\/?p=78146","name":"Para\u00edba: prazo para pedir isen\u00e7\u00e3o da taxa do Enem 2026 \u00e9 prorrogado at\u00e9 30 de abril - Not&iacute;cias em Destaque","isPartOf":{"@id":"https:\/\/noticiasemdestaque.com\/cd\/#website"},"primaryImageOfPage":{"@id":"https:\/\/noticiasemdestaque.com\/cd\/?p=78146#primaryimage"},"image":{"@id":"https:\/\/noticiasemdestaque.com\/cd\/?p=78146#primaryimage"},"thumbnailUrl":"https:\/\/noticiasemdestaque.com\/cd\/wp-content\/uploads\/2026\/04\/enem-mc_abr_16112025-3-860x515-1.webp","datePublished":"2026-04-25T17:33:30+00:00","breadcrumb":{"@id":"https:\/\/noticiasemdestaque.com\/cd\/?p=78146#breadcrumb"},"inLanguage":"pt-BR","potentialAction":[{"@type":"ReadAction","target":["https:\/\/noticiasemdestaque.com\/cd\/?p=78146"]}]},{"@type":"ImageObject","inLanguage":"pt-BR","@id":"https:\/\/noticiasemdestaque.com\/cd\/?p=78146#primaryimage","url":"https:\/\/noticiasemdestaque.com\/cd\/wp-content\/uploads\/2026\/04\/enem-mc_abr_16112025-3-860x515-1.webp","contentUrl":"https:\/\/noticiasemdestaque.com\/cd\/wp-content\/uploads\/2026\/04\/enem-mc_abr_16112025-3-860x515-1.webp","width":860,"height":515},{"@type":"BreadcrumbList","@id":"https:\/\/noticiasemdestaque.com\/cd\/?p=78146#breadcrumb","itemListElement":[{"@type":"ListItem","position":1,"name":"In\u00edcio","item":"https:\/\/noticiasemdestaque.com\/cd\/"},{"@type":"ListItem","position":2,"name":"Para\u00edba: prazo para pedir isen\u00e7\u00e3o da taxa do Enem 2026 \u00e9 prorrogado at\u00e9 30 de abril"}]},{"@type":"WebSite","@id":"https:\/\/noticiasemdestaque.com\/cd\/#website","url":"https:\/\/noticiasemdestaque.com\/cd\/","name":"Not&iacute;cias em Destaque","description":"","publisher":{"@id":"https:\/\/noticiasemdestaque.com\/cd\/#organization"},"potentialAction":[{"@type":"SearchAction","target":{"@type":"EntryPoint","urlTemplate":"https:\/\/noticiasemdestaque.com\/cd\/?s={search_term_string}"},"query-input":{"@type":"PropertyValueSpecification","valueRequired":true,"valueName":"search_term_string"}}],"inLanguage":"pt-BR"},{"@type":"Organization","@id":"https:\/\/noticiasemdestaque.com\/cd\/#organization","name":"Not\u00edcias em Destaque","url":"https:\/\/noticiasemdestaque.com\/cd\/","logo":{"@type":"ImageObject","inLanguage":"pt-BR","@id":"https:\/\/noticiasemdestaque.com\/cd\/#\/schema\/logo\/image\/","url":"https:\/\/noticiasemdestaque.com\/cd\/wp-content\/uploads\/2022\/05\/imagem-base-noticiasemdestaque.png","contentUrl":"https:\/\/noticiasemdestaque.com\/cd\/wp-content\/uploads\/2022\/05\/imagem-base-noticiasemdestaque.png","width":1200,"height":630,"caption":"Not\u00edcias em Destaque"},"image":{"@id":"https:\/\/noticiasemdestaque.com\/cd\/#\/schema\/logo\/image\/"}},{"@type":"Person","@id":"https:\/\/noticiasemdestaque.com\/cd\/#\/schema\/person\/47f7d4f55eec17c6b2ca036c5500f6ce","name":"Not\u00edcias em Destaque","url":"https:\/\/noticiasemdestaque.com\/cd\/?author=2"}]}},"jetpack_featured_media_url":"https:\/\/noticiasemdestaque.com\/cd\/wp-content\/uploads\/2026\/04\/enem-mc_abr_16112025-3-860x515-1.webp","jetpack_sharing_enabled":true,"_links":{"self":[{"href":"https:\/\/noticiasemdestaque.com\/cd\/index.php?rest_route=\/wp\/v2\/posts\/78146","targetHints":{"allow":["GET"]}}],"collection":[{"href":"https:\/\/noticiasemdestaque.com\/cd\/index.php?rest_route=\/wp\/v2\/posts"}],"about":[{"href":"https:\/\/noticiasemdestaque.com\/cd\/index.php?rest_route=\/wp\/v2\/types\/post"}],"author":[{"embeddable":true,"href":"https:\/\/noticiasemdestaque.com\/cd\/index.php?rest_route=\/wp\/v2\/users\/2"}],"replies":[{"embeddable":true,"href":"https:\/\/noticiasemdestaque.com\/cd\/index.php?rest_route=%2Fwp%2Fv2%2Fcomments&post=78146"}],"version-history":[{"count":1,"href":"https:\/\/noticiasemdestaque.com\/cd\/index.php?rest_route=\/wp\/v2\/posts\/78146\/revisions"}],"predecessor-version":[{"id":78148,"href":"https:\/\/noticiasemdestaque.com\/cd\/index.php?rest_route=\/wp\/v2\/posts\/78146\/revisions\/78148"}],"wp:featuredmedia":[{"embeddable":true,"href":"https:\/\/noticiasemdestaque.com\/cd\/index.php?rest_route=\/wp\/v2\/media\/78147"}],"wp:attachment":[{"href":"https:\/\/noticiasemdestaque.com\/cd\/index.php?rest_route=%2Fwp%2Fv2%2Fmedia&parent=78146"}],"wp:term":[{"taxonomy":"category","embeddable":true,"href":"https:\/\/noticiasemdestaque.com\/cd\/index.php?rest_route=%2Fwp%2Fv2%2Fcategories&post=78146"},{"taxonomy":"post_tag","embeddable":true,"href":"https:\/\/noticiasemdestaque.com\/cd\/index.php?rest_route=%2Fwp%2Fv2%2Ftags&post=78146"}],"curies":[{"name":"wp","href":"https:\/\/api.w.org\/{rel}","templated":true}]}}