{"id":78140,"date":"2026-04-25T10:50:28","date_gmt":"2026-04-25T13:50:28","guid":{"rendered":"https:\/\/noticiasemdestaque.com\/cd\/?p=78140"},"modified":"2026-04-25T10:50:28","modified_gmt":"2026-04-25T13:50:28","slug":"orcamento-democratico-2026-tera-audiencia-em-monteiro-no-dia-28-de-maio-anuncia-governador","status":"publish","type":"post","link":"https:\/\/noticiasemdestaque.com\/cd\/?p=78140","title":{"rendered":"Or\u00e7amento Democr\u00e1tico 2026 ter\u00e1 audi\u00eancia em Monteiro no dia 28 de maio, anuncia governador"},"content":{"rendered":"<p><a href=\"https:\/\/noticiasemdestaque.com\/cd\/wp-content\/uploads\/2026\/04\/unnamed-89-convertido-de-jpg-1-1024x681-1.webp\"><img fetchpriority=\"high\" decoding=\"async\" class=\" wp-image-78141 aligncenter\" src=\"https:\/\/noticiasemdestaque.com\/cd\/wp-content\/uploads\/2026\/04\/unnamed-89-convertido-de-jpg-1-1024x681-1-300x200.webp\" alt=\"\" width=\"996\" height=\"664\" srcset=\"https:\/\/noticiasemdestaque.com\/cd\/wp-content\/uploads\/2026\/04\/unnamed-89-convertido-de-jpg-1-1024x681-1-300x200.webp 300w, https:\/\/noticiasemdestaque.com\/cd\/wp-content\/uploads\/2026\/04\/unnamed-89-convertido-de-jpg-1-1024x681-1-768x511.webp 768w\" sizes=\"(max-width: 996px) 100vw, 996px\" \/><\/a><\/p>\n<p>O governador Lucas Ribeiro lan\u00e7ou, nesta sexta-feira (24), em Jo\u00e3o Pessoa, o Ciclo 2026 do Or\u00e7amento Democr\u00e1tico Estadual (ODE), iniciativa que promove a participa\u00e7\u00e3o popular na defini\u00e7\u00e3o de investimentos em todo o estado.<\/p>\n<p>Durante o an\u00fancio, foi divulgado o calend\u00e1rio oficial das audi\u00eancias p\u00fablicas, que percorrer\u00e3o as regi\u00f5es da Para\u00edba. Um dos destaques \u00e9 a cidade de Monteiro, que sediar\u00e1 a plen\u00e1ria no pr\u00f3ximo dia 28 de maio, reunindo moradores de toda a regi\u00e3o do Cariri para discutir prioridades e demandas locais.<\/p>\n<p>Ao todo, ser\u00e3o realizadas 16 plen\u00e1rias em diferentes munic\u00edpios, com o objetivo de ouvir a popula\u00e7\u00e3o dos 223 munic\u00edpios paraibanos e subsidiar a elabora\u00e7\u00e3o do or\u00e7amento estadual. As audi\u00eancias come\u00e7am no dia 7 de maio, em Cajazeiras, e seguem at\u00e9 o dia 2 de julho, quando se encerram em Jo\u00e3o Pessoa.<\/p>\n<p>Durante o lan\u00e7amento, Lucas Ribeiro destacou a import\u00e2ncia do ODE como instrumento de escuta ativa da popula\u00e7\u00e3o.<\/p>\n<blockquote><p>\u201cNosso compromisso \u00e9 construir pol\u00edticas p\u00fablicas com as pessoas. O Or\u00e7amento Democr\u00e1tico \u00e9 fundamental porque permite ouvir diretamente a popula\u00e7\u00e3o e entender suas reais necessidades\u201d, afirmou o governador.<\/p><\/blockquote>\n<p>O programa \u00e9 considerado uma das principais ferramentas de participa\u00e7\u00e3o popular do estado, permitindo que a pr\u00f3pria popula\u00e7\u00e3o indique \u00e1reas priorit\u00e1rias para investimentos, como sa\u00fade, educa\u00e7\u00e3o e infraestrutura.<\/p>\n<p>A audi\u00eancia em Monteiro deve mobilizar lideran\u00e7as pol\u00edticas, representantes da sociedade civil e moradores de toda a regi\u00e3o, refor\u00e7ando o papel estrat\u00e9gico do munic\u00edpio dentro do planejamento estadual.<\/p>\n<p><strong>Calend\u00e1rio\/Audi\u00eancias ODE<\/strong><\/p>\n<p>7 de maio \u2014 Cajazeiras (9\u00aa RGA)<\/p>\n<p>8 de maio \u2014 Itaporanga (7\u00aa RGA)<\/p>\n<p>9 de maio \u2014 Princesa Isabel (11\u00aa RGA)<\/p>\n<p>13 de maio \u2014 Catol\u00e9 do Rocha (8\u00aa RGA)<\/p>\n<p>14 de maio \u2014 Sousa (10\u00aa RGA)<\/p>\n<p>28 de maio \u2014 Monteiro (5\u00aa RGA)<\/p>\n<p>29 de maio \u2014 Campina Grande (3\u00aa RGA)<\/p>\n<p>30 de maio \u2014 Cuit\u00e9 (4\u00aa RGA)<\/p>\n<p>5 de junho \u2014 Pombal (13\u00aa RGA)<\/p>\n<p>6 de junho \u2014 Patos (6\u00aa RGA)<\/p>\n<p>9 de junho \u2014 Guarabira (2\u00aa RGA)<\/p>\n<p>10 de junho \u2014 Esperan\u00e7a (3\u00aa RGA)<\/p>\n<p>17 de junho \u2014 Mamanguape (14\u00aa RGA)<\/p>\n<p>18 de junho \u2014 Pedras de Fogo (12\u00aa RGA)<\/p>\n<p>1 de julho \u2014 Itabaiana (12\u00aa RGA)<\/p>\n<p>2 de julho \u2014 Jo\u00e3o Pessoa (1\u00aa RGA)<\/p>\n<p><strong>Noticias em Destaque<\/strong><\/p>\n<p style=\"text-align: right;\"><em>Fonte: De Olho no Cariri<\/em><\/p>\n","protected":false},"excerpt":{"rendered":"<p>O governador Lucas Ribeiro lan\u00e7ou, nesta sexta-feira (24), em Jo\u00e3o Pessoa, o Ciclo 2026 do Or\u00e7amento Democr\u00e1tico Estadual (ODE), iniciativa que promove a participa\u00e7\u00e3o popular na defini\u00e7\u00e3o de investimentos em todo o estado. Durante o an\u00fancio, foi divulgado o calend\u00e1rio oficial das audi\u00eancias p\u00fablicas, que percorrer\u00e3o as regi\u00f5es da Para\u00edba. Um dos destaques \u00e9 a cidade de Monteiro, que sediar\u00e1 a plen\u00e1ria no pr\u00f3ximo dia 28 de maio, reunindo moradores de toda a regi\u00e3o do Cariri para discutir prioridades e demandas locais. Ao todo, ser\u00e3o realizadas 16 plen\u00e1rias em diferentes munic\u00edpios, com o objetivo de ouvir a popula\u00e7\u00e3o dos 223 munic\u00edpios paraibanos e subsidiar a elabora\u00e7\u00e3o do or\u00e7amento estadual. As audi\u00eancias come\u00e7am no dia 7 de maio, em Cajazeiras, e seguem at\u00e9 o dia 2 de julho, quando se encerram em Jo\u00e3o Pessoa. Durante o lan\u00e7amento, Lucas Ribeiro destacou a import\u00e2ncia do ODE como instrumento de escuta ativa da popula\u00e7\u00e3o. \u201cNosso compromisso \u00e9 construir pol\u00edticas p\u00fablicas com as pessoas. O Or\u00e7amento Democr\u00e1tico \u00e9 fundamental porque permite ouvir diretamente a popula\u00e7\u00e3o e entender suas reais necessidades\u201d, afirmou o governador. O programa \u00e9 considerado uma das principais ferramentas de participa\u00e7\u00e3o popular do estado, permitindo que a pr\u00f3pria popula\u00e7\u00e3o indique \u00e1reas priorit\u00e1rias para investimentos, como sa\u00fade, educa\u00e7\u00e3o e infraestrutura. A audi\u00eancia em Monteiro deve mobilizar lideran\u00e7as pol\u00edticas, representantes da sociedade civil e moradores de toda a regi\u00e3o, refor\u00e7ando o papel estrat\u00e9gico do munic\u00edpio dentro do planejamento estadual. Calend\u00e1rio\/Audi\u00eancias ODE 7 de maio \u2014 Cajazeiras (9\u00aa RGA) 8 de maio \u2014 Itaporanga (7\u00aa RGA) 9 de maio \u2014 Princesa Isabel (11\u00aa RGA) 13 de maio \u2014 Catol\u00e9 do Rocha (8\u00aa RGA) 14 de maio \u2014 Sousa (10\u00aa RGA) 28 de maio \u2014 Monteiro (5\u00aa RGA) 29 de maio \u2014 Campina Grande (3\u00aa RGA) 30 de maio \u2014 Cuit\u00e9 (4\u00aa RGA) 5 de junho \u2014 Pombal (13\u00aa RGA) 6 de junho \u2014 Patos (6\u00aa RGA) 9 de junho \u2014 Guarabira (2\u00aa RGA) 10 de junho \u2014 Esperan\u00e7a (3\u00aa RGA) 17 de junho \u2014 Mamanguape (14\u00aa RGA) 18 de junho \u2014 Pedras de Fogo (12\u00aa RGA) 1 de julho \u2014 Itabaiana (12\u00aa RGA) 2 de julho \u2014 Jo\u00e3o Pessoa (1\u00aa RGA) Noticias em Destaque Fonte: De Olho no Cariri<\/p>\n","protected":false},"author":2,"featured_media":78141,"comment_status":"closed","ping_status":"closed","sticky":false,"template":"","format":"standard","meta":{"_eb_attr":"","_jetpack_memberships_contains_paid_content":false,"footnotes":""},"categories":[4],"tags":[],"class_list":["post-78140","post","type-post","status-publish","format-standard","has-post-thumbnail","hentry","category-politica"],"yoast_head":"<!-- This site is optimized with the Yoast SEO plugin v26.5 - https:\/\/yoast.com\/wordpress\/plugins\/seo\/ -->\n<title>Or\u00e7amento Democr\u00e1tico 2026 ter\u00e1 audi\u00eancia em Monteiro no dia 28 de maio, anuncia governador - Not&iacute;cias em Destaque<\/title>\n<meta name=\"robots\" content=\"index, follow, max-snippet:-1, max-image-preview:large, max-video-preview:-1\" \/>\n<link rel=\"canonical\" href=\"https:\/\/noticiasemdestaque.com\/cd\/?p=78140\" \/>\n<meta property=\"og:locale\" content=\"pt_BR\" \/>\n<meta property=\"og:type\" content=\"article\" \/>\n<meta property=\"og:title\" content=\"Or\u00e7amento Democr\u00e1tico 2026 ter\u00e1 audi\u00eancia em Monteiro no dia 28 de maio, anuncia governador - Not&iacute;cias em Destaque\" \/>\n<meta property=\"og:description\" content=\"O governador Lucas Ribeiro lan\u00e7ou, nesta sexta-feira (24), em Jo\u00e3o Pessoa, o Ciclo 2026 do Or\u00e7amento Democr\u00e1tico Estadual (ODE), iniciativa que promove a participa\u00e7\u00e3o popular na defini\u00e7\u00e3o de investimentos em todo o estado. Durante o an\u00fancio, foi divulgado o calend\u00e1rio oficial das audi\u00eancias p\u00fablicas, que percorrer\u00e3o as regi\u00f5es da Para\u00edba. Um dos destaques \u00e9 a cidade de Monteiro, que sediar\u00e1 a plen\u00e1ria no pr\u00f3ximo dia 28 de maio, reunindo moradores de toda a regi\u00e3o do Cariri para discutir prioridades e demandas locais. Ao todo, ser\u00e3o realizadas 16 plen\u00e1rias em diferentes munic\u00edpios, com o objetivo de ouvir a popula\u00e7\u00e3o dos 223 munic\u00edpios paraibanos e subsidiar a elabora\u00e7\u00e3o do or\u00e7amento estadual. As audi\u00eancias come\u00e7am no dia 7 de maio, em Cajazeiras, e seguem at\u00e9 o dia 2 de julho, quando se encerram em Jo\u00e3o Pessoa. Durante o lan\u00e7amento, Lucas Ribeiro destacou a import\u00e2ncia do ODE como instrumento de escuta ativa da popula\u00e7\u00e3o. \u201cNosso compromisso \u00e9 construir pol\u00edticas p\u00fablicas com as pessoas. O Or\u00e7amento Democr\u00e1tico \u00e9 fundamental porque permite ouvir diretamente a popula\u00e7\u00e3o e entender suas reais necessidades\u201d, afirmou o governador. O programa \u00e9 considerado uma das principais ferramentas de participa\u00e7\u00e3o popular do estado, permitindo que a pr\u00f3pria popula\u00e7\u00e3o indique \u00e1reas priorit\u00e1rias para investimentos, como sa\u00fade, educa\u00e7\u00e3o e infraestrutura. A audi\u00eancia em Monteiro deve mobilizar lideran\u00e7as pol\u00edticas, representantes da sociedade civil e moradores de toda a regi\u00e3o, refor\u00e7ando o papel estrat\u00e9gico do munic\u00edpio dentro do planejamento estadual. Calend\u00e1rio\/Audi\u00eancias ODE 7 de maio \u2014 Cajazeiras (9\u00aa RGA) 8 de maio \u2014 Itaporanga (7\u00aa RGA) 9 de maio \u2014 Princesa Isabel (11\u00aa RGA) 13 de maio \u2014 Catol\u00e9 do Rocha (8\u00aa RGA) 14 de maio \u2014 Sousa (10\u00aa RGA) 28 de maio \u2014 Monteiro (5\u00aa RGA) 29 de maio \u2014 Campina Grande (3\u00aa RGA) 30 de maio \u2014 Cuit\u00e9 (4\u00aa RGA) 5 de junho \u2014 Pombal (13\u00aa RGA) 6 de junho \u2014 Patos (6\u00aa RGA) 9 de junho \u2014 Guarabira (2\u00aa RGA) 10 de junho \u2014 Esperan\u00e7a (3\u00aa RGA) 17 de junho \u2014 Mamanguape (14\u00aa RGA) 18 de junho \u2014 Pedras de Fogo (12\u00aa RGA) 1 de julho \u2014 Itabaiana (12\u00aa RGA) 2 de julho \u2014 Jo\u00e3o Pessoa (1\u00aa RGA) Noticias em Destaque Fonte: De Olho no Cariri\" \/>\n<meta property=\"og:url\" content=\"https:\/\/noticiasemdestaque.com\/cd\/?p=78140\" \/>\n<meta property=\"og:site_name\" content=\"Not&iacute;cias em Destaque\" \/>\n<meta property=\"article:published_time\" content=\"2026-04-25T13:50:28+00:00\" \/>\n<meta property=\"og:image\" content=\"https:\/\/noticiasemdestaque.com\/cd\/wp-content\/uploads\/2026\/04\/unnamed-89-convertido-de-jpg-1-1024x681-1.webp\" \/>\n\t<meta property=\"og:image:width\" content=\"1024\" \/>\n\t<meta property=\"og:image:height\" content=\"681\" \/>\n\t<meta property=\"og:image:type\" content=\"image\/webp\" \/>\n<meta name=\"author\" content=\"Not\u00edcias em Destaque\" \/>\n<meta name=\"twitter:card\" content=\"summary_large_image\" \/>\n<meta name=\"twitter:label1\" content=\"Escrito por\" \/>\n\t<meta name=\"twitter:data1\" content=\"Not\u00edcias em Destaque\" \/>\n\t<meta name=\"twitter:label2\" content=\"Est. tempo de leitura\" \/>\n\t<meta name=\"twitter:data2\" content=\"3 minutos\" \/>\n<script type=\"application\/ld+json\" class=\"yoast-schema-graph\">{\"@context\":\"https:\/\/schema.org\",\"@graph\":[{\"@type\":\"Article\",\"@id\":\"https:\/\/noticiasemdestaque.com\/cd\/?p=78140#article\",\"isPartOf\":{\"@id\":\"https:\/\/noticiasemdestaque.com\/cd\/?p=78140\"},\"author\":{\"name\":\"Not\u00edcias em Destaque\",\"@id\":\"https:\/\/noticiasemdestaque.com\/cd\/#\/schema\/person\/47f7d4f55eec17c6b2ca036c5500f6ce\"},\"headline\":\"Or\u00e7amento Democr\u00e1tico 2026 ter\u00e1 audi\u00eancia em Monteiro no dia 28 de maio, anuncia governador\",\"datePublished\":\"2026-04-25T13:50:28+00:00\",\"mainEntityOfPage\":{\"@id\":\"https:\/\/noticiasemdestaque.com\/cd\/?p=78140\"},\"wordCount\":371,\"publisher\":{\"@id\":\"https:\/\/noticiasemdestaque.com\/cd\/#organization\"},\"image\":{\"@id\":\"https:\/\/noticiasemdestaque.com\/cd\/?p=78140#primaryimage\"},\"thumbnailUrl\":\"https:\/\/noticiasemdestaque.com\/cd\/wp-content\/uploads\/2026\/04\/unnamed-89-convertido-de-jpg-1-1024x681-1.webp\",\"articleSection\":[\"Pol\u00edtica\"],\"inLanguage\":\"pt-BR\"},{\"@type\":\"WebPage\",\"@id\":\"https:\/\/noticiasemdestaque.com\/cd\/?p=78140\",\"url\":\"https:\/\/noticiasemdestaque.com\/cd\/?p=78140\",\"name\":\"Or\u00e7amento Democr\u00e1tico 2026 ter\u00e1 audi\u00eancia em Monteiro no dia 28 de maio, anuncia governador - Not&iacute;cias em Destaque\",\"isPartOf\":{\"@id\":\"https:\/\/noticiasemdestaque.com\/cd\/#website\"},\"primaryImageOfPage\":{\"@id\":\"https:\/\/noticiasemdestaque.com\/cd\/?p=78140#primaryimage\"},\"image\":{\"@id\":\"https:\/\/noticiasemdestaque.com\/cd\/?p=78140#primaryimage\"},\"thumbnailUrl\":\"https:\/\/noticiasemdestaque.com\/cd\/wp-content\/uploads\/2026\/04\/unnamed-89-convertido-de-jpg-1-1024x681-1.webp\",\"datePublished\":\"2026-04-25T13:50:28+00:00\",\"breadcrumb\":{\"@id\":\"https:\/\/noticiasemdestaque.com\/cd\/?p=78140#breadcrumb\"},\"inLanguage\":\"pt-BR\",\"potentialAction\":[{\"@type\":\"ReadAction\",\"target\":[\"https:\/\/noticiasemdestaque.com\/cd\/?p=78140\"]}]},{\"@type\":\"ImageObject\",\"inLanguage\":\"pt-BR\",\"@id\":\"https:\/\/noticiasemdestaque.com\/cd\/?p=78140#primaryimage\",\"url\":\"https:\/\/noticiasemdestaque.com\/cd\/wp-content\/uploads\/2026\/04\/unnamed-89-convertido-de-jpg-1-1024x681-1.webp\",\"contentUrl\":\"https:\/\/noticiasemdestaque.com\/cd\/wp-content\/uploads\/2026\/04\/unnamed-89-convertido-de-jpg-1-1024x681-1.webp\",\"width\":1024,\"height\":681},{\"@type\":\"BreadcrumbList\",\"@id\":\"https:\/\/noticiasemdestaque.com\/cd\/?p=78140#breadcrumb\",\"itemListElement\":[{\"@type\":\"ListItem\",\"position\":1,\"name\":\"In\u00edcio\",\"item\":\"https:\/\/noticiasemdestaque.com\/cd\/\"},{\"@type\":\"ListItem\",\"position\":2,\"name\":\"Or\u00e7amento Democr\u00e1tico 2026 ter\u00e1 audi\u00eancia em Monteiro no dia 28 de maio, anuncia governador\"}]},{\"@type\":\"WebSite\",\"@id\":\"https:\/\/noticiasemdestaque.com\/cd\/#website\",\"url\":\"https:\/\/noticiasemdestaque.com\/cd\/\",\"name\":\"Not&iacute;cias em Destaque\",\"description\":\"\",\"publisher\":{\"@id\":\"https:\/\/noticiasemdestaque.com\/cd\/#organization\"},\"potentialAction\":[{\"@type\":\"SearchAction\",\"target\":{\"@type\":\"EntryPoint\",\"urlTemplate\":\"https:\/\/noticiasemdestaque.com\/cd\/?s={search_term_string}\"},\"query-input\":{\"@type\":\"PropertyValueSpecification\",\"valueRequired\":true,\"valueName\":\"search_term_string\"}}],\"inLanguage\":\"pt-BR\"},{\"@type\":\"Organization\",\"@id\":\"https:\/\/noticiasemdestaque.com\/cd\/#organization\",\"name\":\"Not\u00edcias em Destaque\",\"url\":\"https:\/\/noticiasemdestaque.com\/cd\/\",\"logo\":{\"@type\":\"ImageObject\",\"inLanguage\":\"pt-BR\",\"@id\":\"https:\/\/noticiasemdestaque.com\/cd\/#\/schema\/logo\/image\/\",\"url\":\"https:\/\/noticiasemdestaque.com\/cd\/wp-content\/uploads\/2022\/05\/imagem-base-noticiasemdestaque.png\",\"contentUrl\":\"https:\/\/noticiasemdestaque.com\/cd\/wp-content\/uploads\/2022\/05\/imagem-base-noticiasemdestaque.png\",\"width\":1200,\"height\":630,\"caption\":\"Not\u00edcias em Destaque\"},\"image\":{\"@id\":\"https:\/\/noticiasemdestaque.com\/cd\/#\/schema\/logo\/image\/\"}},{\"@type\":\"Person\",\"@id\":\"https:\/\/noticiasemdestaque.com\/cd\/#\/schema\/person\/47f7d4f55eec17c6b2ca036c5500f6ce\",\"name\":\"Not\u00edcias em Destaque\",\"url\":\"https:\/\/noticiasemdestaque.com\/cd\/?author=2\"}]}<\/script>\n<!-- \/ Yoast SEO plugin. -->","yoast_head_json":{"title":"Or\u00e7amento Democr\u00e1tico 2026 ter\u00e1 audi\u00eancia em Monteiro no dia 28 de maio, anuncia governador - Not&iacute;cias em Destaque","robots":{"index":"index","follow":"follow","max-snippet":"max-snippet:-1","max-image-preview":"max-image-preview:large","max-video-preview":"max-video-preview:-1"},"canonical":"https:\/\/noticiasemdestaque.com\/cd\/?p=78140","og_locale":"pt_BR","og_type":"article","og_title":"Or\u00e7amento Democr\u00e1tico 2026 ter\u00e1 audi\u00eancia em Monteiro no dia 28 de maio, anuncia governador - Not&iacute;cias em Destaque","og_description":"O governador Lucas Ribeiro lan\u00e7ou, nesta sexta-feira (24), em Jo\u00e3o Pessoa, o Ciclo 2026 do Or\u00e7amento Democr\u00e1tico Estadual (ODE), iniciativa que promove a participa\u00e7\u00e3o popular na defini\u00e7\u00e3o de investimentos em todo o estado. Durante o an\u00fancio, foi divulgado o calend\u00e1rio oficial das audi\u00eancias p\u00fablicas, que percorrer\u00e3o as regi\u00f5es da Para\u00edba. Um dos destaques \u00e9 a cidade de Monteiro, que sediar\u00e1 a plen\u00e1ria no pr\u00f3ximo dia 28 de maio, reunindo moradores de toda a regi\u00e3o do Cariri para discutir prioridades e demandas locais. Ao todo, ser\u00e3o realizadas 16 plen\u00e1rias em diferentes munic\u00edpios, com o objetivo de ouvir a popula\u00e7\u00e3o dos 223 munic\u00edpios paraibanos e subsidiar a elabora\u00e7\u00e3o do or\u00e7amento estadual. As audi\u00eancias come\u00e7am no dia 7 de maio, em Cajazeiras, e seguem at\u00e9 o dia 2 de julho, quando se encerram em Jo\u00e3o Pessoa. Durante o lan\u00e7amento, Lucas Ribeiro destacou a import\u00e2ncia do ODE como instrumento de escuta ativa da popula\u00e7\u00e3o. \u201cNosso compromisso \u00e9 construir pol\u00edticas p\u00fablicas com as pessoas. O Or\u00e7amento Democr\u00e1tico \u00e9 fundamental porque permite ouvir diretamente a popula\u00e7\u00e3o e entender suas reais necessidades\u201d, afirmou o governador. O programa \u00e9 considerado uma das principais ferramentas de participa\u00e7\u00e3o popular do estado, permitindo que a pr\u00f3pria popula\u00e7\u00e3o indique \u00e1reas priorit\u00e1rias para investimentos, como sa\u00fade, educa\u00e7\u00e3o e infraestrutura. A audi\u00eancia em Monteiro deve mobilizar lideran\u00e7as pol\u00edticas, representantes da sociedade civil e moradores de toda a regi\u00e3o, refor\u00e7ando o papel estrat\u00e9gico do munic\u00edpio dentro do planejamento estadual. Calend\u00e1rio\/Audi\u00eancias ODE 7 de maio \u2014 Cajazeiras (9\u00aa RGA) 8 de maio \u2014 Itaporanga (7\u00aa RGA) 9 de maio \u2014 Princesa Isabel (11\u00aa RGA) 13 de maio \u2014 Catol\u00e9 do Rocha (8\u00aa RGA) 14 de maio \u2014 Sousa (10\u00aa RGA) 28 de maio \u2014 Monteiro (5\u00aa RGA) 29 de maio \u2014 Campina Grande (3\u00aa RGA) 30 de maio \u2014 Cuit\u00e9 (4\u00aa RGA) 5 de junho \u2014 Pombal (13\u00aa RGA) 6 de junho \u2014 Patos (6\u00aa RGA) 9 de junho \u2014 Guarabira (2\u00aa RGA) 10 de junho \u2014 Esperan\u00e7a (3\u00aa RGA) 17 de junho \u2014 Mamanguape (14\u00aa RGA) 18 de junho \u2014 Pedras de Fogo (12\u00aa RGA) 1 de julho \u2014 Itabaiana (12\u00aa RGA) 2 de julho \u2014 Jo\u00e3o Pessoa (1\u00aa RGA) Noticias em Destaque Fonte: De Olho no Cariri","og_url":"https:\/\/noticiasemdestaque.com\/cd\/?p=78140","og_site_name":"Not&iacute;cias em Destaque","article_published_time":"2026-04-25T13:50:28+00:00","og_image":[{"width":1024,"height":681,"url":"https:\/\/noticiasemdestaque.com\/cd\/wp-content\/uploads\/2026\/04\/unnamed-89-convertido-de-jpg-1-1024x681-1.webp","type":"image\/webp"}],"author":"Not\u00edcias em Destaque","twitter_card":"summary_large_image","twitter_misc":{"Escrito por":"Not\u00edcias em Destaque","Est. tempo de leitura":"3 minutos"},"schema":{"@context":"https:\/\/schema.org","@graph":[{"@type":"Article","@id":"https:\/\/noticiasemdestaque.com\/cd\/?p=78140#article","isPartOf":{"@id":"https:\/\/noticiasemdestaque.com\/cd\/?p=78140"},"author":{"name":"Not\u00edcias em Destaque","@id":"https:\/\/noticiasemdestaque.com\/cd\/#\/schema\/person\/47f7d4f55eec17c6b2ca036c5500f6ce"},"headline":"Or\u00e7amento Democr\u00e1tico 2026 ter\u00e1 audi\u00eancia em Monteiro no dia 28 de maio, anuncia governador","datePublished":"2026-04-25T13:50:28+00:00","mainEntityOfPage":{"@id":"https:\/\/noticiasemdestaque.com\/cd\/?p=78140"},"wordCount":371,"publisher":{"@id":"https:\/\/noticiasemdestaque.com\/cd\/#organization"},"image":{"@id":"https:\/\/noticiasemdestaque.com\/cd\/?p=78140#primaryimage"},"thumbnailUrl":"https:\/\/noticiasemdestaque.com\/cd\/wp-content\/uploads\/2026\/04\/unnamed-89-convertido-de-jpg-1-1024x681-1.webp","articleSection":["Pol\u00edtica"],"inLanguage":"pt-BR"},{"@type":"WebPage","@id":"https:\/\/noticiasemdestaque.com\/cd\/?p=78140","url":"https:\/\/noticiasemdestaque.com\/cd\/?p=78140","name":"Or\u00e7amento Democr\u00e1tico 2026 ter\u00e1 audi\u00eancia em Monteiro no dia 28 de maio, anuncia governador - Not&iacute;cias em Destaque","isPartOf":{"@id":"https:\/\/noticiasemdestaque.com\/cd\/#website"},"primaryImageOfPage":{"@id":"https:\/\/noticiasemdestaque.com\/cd\/?p=78140#primaryimage"},"image":{"@id":"https:\/\/noticiasemdestaque.com\/cd\/?p=78140#primaryimage"},"thumbnailUrl":"https:\/\/noticiasemdestaque.com\/cd\/wp-content\/uploads\/2026\/04\/unnamed-89-convertido-de-jpg-1-1024x681-1.webp","datePublished":"2026-04-25T13:50:28+00:00","breadcrumb":{"@id":"https:\/\/noticiasemdestaque.com\/cd\/?p=78140#breadcrumb"},"inLanguage":"pt-BR","potentialAction":[{"@type":"ReadAction","target":["https:\/\/noticiasemdestaque.com\/cd\/?p=78140"]}]},{"@type":"ImageObject","inLanguage":"pt-BR","@id":"https:\/\/noticiasemdestaque.com\/cd\/?p=78140#primaryimage","url":"https:\/\/noticiasemdestaque.com\/cd\/wp-content\/uploads\/2026\/04\/unnamed-89-convertido-de-jpg-1-1024x681-1.webp","contentUrl":"https:\/\/noticiasemdestaque.com\/cd\/wp-content\/uploads\/2026\/04\/unnamed-89-convertido-de-jpg-1-1024x681-1.webp","width":1024,"height":681},{"@type":"BreadcrumbList","@id":"https:\/\/noticiasemdestaque.com\/cd\/?p=78140#breadcrumb","itemListElement":[{"@type":"ListItem","position":1,"name":"In\u00edcio","item":"https:\/\/noticiasemdestaque.com\/cd\/"},{"@type":"ListItem","position":2,"name":"Or\u00e7amento Democr\u00e1tico 2026 ter\u00e1 audi\u00eancia em Monteiro no dia 28 de maio, anuncia governador"}]},{"@type":"WebSite","@id":"https:\/\/noticiasemdestaque.com\/cd\/#website","url":"https:\/\/noticiasemdestaque.com\/cd\/","name":"Not&iacute;cias em Destaque","description":"","publisher":{"@id":"https:\/\/noticiasemdestaque.com\/cd\/#organization"},"potentialAction":[{"@type":"SearchAction","target":{"@type":"EntryPoint","urlTemplate":"https:\/\/noticiasemdestaque.com\/cd\/?s={search_term_string}"},"query-input":{"@type":"PropertyValueSpecification","valueRequired":true,"valueName":"search_term_string"}}],"inLanguage":"pt-BR"},{"@type":"Organization","@id":"https:\/\/noticiasemdestaque.com\/cd\/#organization","name":"Not\u00edcias em Destaque","url":"https:\/\/noticiasemdestaque.com\/cd\/","logo":{"@type":"ImageObject","inLanguage":"pt-BR","@id":"https:\/\/noticiasemdestaque.com\/cd\/#\/schema\/logo\/image\/","url":"https:\/\/noticiasemdestaque.com\/cd\/wp-content\/uploads\/2022\/05\/imagem-base-noticiasemdestaque.png","contentUrl":"https:\/\/noticiasemdestaque.com\/cd\/wp-content\/uploads\/2022\/05\/imagem-base-noticiasemdestaque.png","width":1200,"height":630,"caption":"Not\u00edcias em Destaque"},"image":{"@id":"https:\/\/noticiasemdestaque.com\/cd\/#\/schema\/logo\/image\/"}},{"@type":"Person","@id":"https:\/\/noticiasemdestaque.com\/cd\/#\/schema\/person\/47f7d4f55eec17c6b2ca036c5500f6ce","name":"Not\u00edcias em Destaque","url":"https:\/\/noticiasemdestaque.com\/cd\/?author=2"}]}},"jetpack_featured_media_url":"https:\/\/noticiasemdestaque.com\/cd\/wp-content\/uploads\/2026\/04\/unnamed-89-convertido-de-jpg-1-1024x681-1.webp","jetpack_sharing_enabled":true,"_links":{"self":[{"href":"https:\/\/noticiasemdestaque.com\/cd\/index.php?rest_route=\/wp\/v2\/posts\/78140","targetHints":{"allow":["GET"]}}],"collection":[{"href":"https:\/\/noticiasemdestaque.com\/cd\/index.php?rest_route=\/wp\/v2\/posts"}],"about":[{"href":"https:\/\/noticiasemdestaque.com\/cd\/index.php?rest_route=\/wp\/v2\/types\/post"}],"author":[{"embeddable":true,"href":"https:\/\/noticiasemdestaque.com\/cd\/index.php?rest_route=\/wp\/v2\/users\/2"}],"replies":[{"embeddable":true,"href":"https:\/\/noticiasemdestaque.com\/cd\/index.php?rest_route=%2Fwp%2Fv2%2Fcomments&post=78140"}],"version-history":[{"count":1,"href":"https:\/\/noticiasemdestaque.com\/cd\/index.php?rest_route=\/wp\/v2\/posts\/78140\/revisions"}],"predecessor-version":[{"id":78142,"href":"https:\/\/noticiasemdestaque.com\/cd\/index.php?rest_route=\/wp\/v2\/posts\/78140\/revisions\/78142"}],"wp:featuredmedia":[{"embeddable":true,"href":"https:\/\/noticiasemdestaque.com\/cd\/index.php?rest_route=\/wp\/v2\/media\/78141"}],"wp:attachment":[{"href":"https:\/\/noticiasemdestaque.com\/cd\/index.php?rest_route=%2Fwp%2Fv2%2Fmedia&parent=78140"}],"wp:term":[{"taxonomy":"category","embeddable":true,"href":"https:\/\/noticiasemdestaque.com\/cd\/index.php?rest_route=%2Fwp%2Fv2%2Fcategories&post=78140"},{"taxonomy":"post_tag","embeddable":true,"href":"https:\/\/noticiasemdestaque.com\/cd\/index.php?rest_route=%2Fwp%2Fv2%2Ftags&post=78140"}],"curies":[{"name":"wp","href":"https:\/\/api.w.org\/{rel}","templated":true}]}}