{"id":78137,"date":"2026-04-25T10:42:19","date_gmt":"2026-04-25T13:42:19","guid":{"rendered":"https:\/\/noticiasemdestaque.com\/cd\/?p=78137"},"modified":"2026-04-25T10:42:19","modified_gmt":"2026-04-25T13:42:19","slug":"sao-joao-de-monteiro-2026-tera-lancamento-oficial-no-dia-29-de-abril","status":"publish","type":"post","link":"https:\/\/noticiasemdestaque.com\/cd\/?p=78137","title":{"rendered":"S\u00e3o Jo\u00e3o de Monteiro 2026 ter\u00e1 lan\u00e7amento oficial no dia 29 de abril"},"content":{"rendered":"<p><a href=\"https:\/\/noticiasemdestaque.com\/cd\/wp-content\/uploads\/2026\/04\/F_24_01_2025_258-8.jpeg\"><img fetchpriority=\"high\" decoding=\"async\" class=\" wp-image-78138 aligncenter\" src=\"https:\/\/noticiasemdestaque.com\/cd\/wp-content\/uploads\/2026\/04\/F_24_01_2025_258-8-300x160.jpeg\" alt=\"\" width=\"838\" height=\"447\" srcset=\"https:\/\/noticiasemdestaque.com\/cd\/wp-content\/uploads\/2026\/04\/F_24_01_2025_258-8-300x160.jpeg 300w, https:\/\/noticiasemdestaque.com\/cd\/wp-content\/uploads\/2026\/04\/F_24_01_2025_258-8.jpeg 750w\" sizes=\"(max-width: 838px) 100vw, 838px\" \/><\/a><\/p>\n<p>O clima junino j\u00e1 come\u00e7a a ganhar for\u00e7a em Monteiro. A Prefeitura anunciou a data oficial de lan\u00e7amento da programa\u00e7\u00e3o do S\u00e3o Jo\u00e3o 2026, um dos eventos mais tradicionais e aguardados do Cariri paraibano.<\/p>\n<p>A divulga\u00e7\u00e3o acontecer\u00e1 no pr\u00f3ximo dia 29 de abril, \u00e0s 10h30, no Centro de Treinamento e Capacita\u00e7\u00e3o (antigo Clube Municipal). A expectativa \u00e9 grande entre a popula\u00e7\u00e3o e visitantes, que aguardam ansiosos pelas atra\u00e7\u00f5es que ir\u00e3o compor a festa.<\/p>\n<p>Reconhecido por reunir grandes nomes da m\u00fasica nordestina e nacional, o S\u00e3o Jo\u00e3o de Monteiro se consolidou como um dos principais eventos juninos da Para\u00edba, movimentando a economia local e atraindo turistas de diversas regi\u00f5es.<\/p>\n<p>A prefeita Ana Paula destacou a import\u00e2ncia do evento e a prepara\u00e7\u00e3o da gest\u00e3o para mais uma grande edi\u00e7\u00e3o. \u201cEstamos preparando tudo com muito carinho para realizar um S\u00e3o Jo\u00e3o \u00e0 altura da nossa tradi\u00e7\u00e3o. Ser\u00e1 uma festa pensada para valorizar nossa cultura, movimentar a economia e proporcionar momentos de alegria para o nosso povo e para todos que visitarem Monteiro\u201d, afirmou.<\/p>\n<p>A promessa \u00e9 de uma edi\u00e7\u00e3o marcada por grandes shows, valoriza\u00e7\u00e3o da cultura regional e estrutura preparada para receber o p\u00fablico com conforto e seguran\u00e7a. Durante o lan\u00e7amento, ser\u00e3o apresentados todos os detalhes da programa\u00e7\u00e3o e as novidades preparadas para 2026.<\/p>\n<p><strong>Noticias em Destaque<\/strong><\/p>\n<p style=\"text-align: right;\"><em>Fonte: Vitrine do Cariri<\/em><\/p>\n","protected":false},"excerpt":{"rendered":"<p>O clima junino j\u00e1 come\u00e7a a ganhar for\u00e7a em Monteiro. A Prefeitura anunciou a data oficial de lan\u00e7amento da programa\u00e7\u00e3o do S\u00e3o Jo\u00e3o 2026, um dos eventos mais tradicionais e aguardados do Cariri paraibano. A divulga\u00e7\u00e3o acontecer\u00e1 no pr\u00f3ximo dia 29 de abril, \u00e0s 10h30, no Centro de Treinamento e Capacita\u00e7\u00e3o (antigo Clube Municipal). A expectativa \u00e9 grande entre a popula\u00e7\u00e3o e visitantes, que aguardam ansiosos pelas atra\u00e7\u00f5es que ir\u00e3o compor a festa. Reconhecido por reunir grandes nomes da m\u00fasica nordestina e nacional, o S\u00e3o Jo\u00e3o de Monteiro se consolidou como um dos principais eventos juninos da Para\u00edba, movimentando a economia local e atraindo turistas de diversas regi\u00f5es. A prefeita Ana Paula destacou a import\u00e2ncia do evento e a prepara\u00e7\u00e3o da gest\u00e3o para mais uma grande edi\u00e7\u00e3o. \u201cEstamos preparando tudo com muito carinho para realizar um S\u00e3o Jo\u00e3o \u00e0 altura da nossa tradi\u00e7\u00e3o. Ser\u00e1 uma festa pensada para valorizar nossa cultura, movimentar a economia e proporcionar momentos de alegria para o nosso povo e para todos que visitarem Monteiro\u201d, afirmou. A promessa \u00e9 de uma edi\u00e7\u00e3o marcada por grandes shows, valoriza\u00e7\u00e3o da cultura regional e estrutura preparada para receber o p\u00fablico com conforto e seguran\u00e7a. Durante o lan\u00e7amento, ser\u00e3o apresentados todos os detalhes da programa\u00e7\u00e3o e as novidades preparadas para 2026. Noticias em Destaque Fonte: Vitrine do Cariri<\/p>\n","protected":false},"author":2,"featured_media":78138,"comment_status":"closed","ping_status":"closed","sticky":false,"template":"","format":"standard","meta":{"_eb_attr":"","_jetpack_memberships_contains_paid_content":false,"footnotes":""},"categories":[3],"tags":[],"class_list":["post-78137","post","type-post","status-publish","format-standard","has-post-thumbnail","hentry","category-cidades"],"yoast_head":"<!-- This site is optimized with the Yoast SEO plugin v26.5 - https:\/\/yoast.com\/wordpress\/plugins\/seo\/ -->\n<title>S\u00e3o Jo\u00e3o de Monteiro 2026 ter\u00e1 lan\u00e7amento oficial no dia 29 de abril - Not&iacute;cias em Destaque<\/title>\n<meta name=\"robots\" content=\"index, follow, max-snippet:-1, max-image-preview:large, max-video-preview:-1\" \/>\n<link rel=\"canonical\" href=\"https:\/\/noticiasemdestaque.com\/cd\/?p=78137\" \/>\n<meta property=\"og:locale\" content=\"pt_BR\" \/>\n<meta property=\"og:type\" content=\"article\" \/>\n<meta property=\"og:title\" content=\"S\u00e3o Jo\u00e3o de Monteiro 2026 ter\u00e1 lan\u00e7amento oficial no dia 29 de abril - Not&iacute;cias em Destaque\" \/>\n<meta property=\"og:description\" content=\"O clima junino j\u00e1 come\u00e7a a ganhar for\u00e7a em Monteiro. A Prefeitura anunciou a data oficial de lan\u00e7amento da programa\u00e7\u00e3o do S\u00e3o Jo\u00e3o 2026, um dos eventos mais tradicionais e aguardados do Cariri paraibano. A divulga\u00e7\u00e3o acontecer\u00e1 no pr\u00f3ximo dia 29 de abril, \u00e0s 10h30, no Centro de Treinamento e Capacita\u00e7\u00e3o (antigo Clube Municipal). A expectativa \u00e9 grande entre a popula\u00e7\u00e3o e visitantes, que aguardam ansiosos pelas atra\u00e7\u00f5es que ir\u00e3o compor a festa. Reconhecido por reunir grandes nomes da m\u00fasica nordestina e nacional, o S\u00e3o Jo\u00e3o de Monteiro se consolidou como um dos principais eventos juninos da Para\u00edba, movimentando a economia local e atraindo turistas de diversas regi\u00f5es. A prefeita Ana Paula destacou a import\u00e2ncia do evento e a prepara\u00e7\u00e3o da gest\u00e3o para mais uma grande edi\u00e7\u00e3o. \u201cEstamos preparando tudo com muito carinho para realizar um S\u00e3o Jo\u00e3o \u00e0 altura da nossa tradi\u00e7\u00e3o. Ser\u00e1 uma festa pensada para valorizar nossa cultura, movimentar a economia e proporcionar momentos de alegria para o nosso povo e para todos que visitarem Monteiro\u201d, afirmou. A promessa \u00e9 de uma edi\u00e7\u00e3o marcada por grandes shows, valoriza\u00e7\u00e3o da cultura regional e estrutura preparada para receber o p\u00fablico com conforto e seguran\u00e7a. Durante o lan\u00e7amento, ser\u00e3o apresentados todos os detalhes da programa\u00e7\u00e3o e as novidades preparadas para 2026. Noticias em Destaque Fonte: Vitrine do Cariri\" \/>\n<meta property=\"og:url\" content=\"https:\/\/noticiasemdestaque.com\/cd\/?p=78137\" \/>\n<meta property=\"og:site_name\" content=\"Not&iacute;cias em Destaque\" \/>\n<meta property=\"article:published_time\" content=\"2026-04-25T13:42:19+00:00\" \/>\n<meta property=\"og:image\" content=\"https:\/\/noticiasemdestaque.com\/cd\/wp-content\/uploads\/2026\/04\/F_24_01_2025_258-8.jpeg\" \/>\n\t<meta property=\"og:image:width\" content=\"750\" \/>\n\t<meta property=\"og:image:height\" content=\"400\" \/>\n\t<meta property=\"og:image:type\" content=\"image\/jpeg\" \/>\n<meta name=\"author\" content=\"Not\u00edcias em Destaque\" \/>\n<meta name=\"twitter:card\" content=\"summary_large_image\" \/>\n<meta name=\"twitter:label1\" content=\"Escrito por\" \/>\n\t<meta name=\"twitter:data1\" content=\"Not\u00edcias em Destaque\" \/>\n\t<meta name=\"twitter:label2\" content=\"Est. tempo de leitura\" \/>\n\t<meta name=\"twitter:data2\" content=\"2 minutos\" \/>\n<script type=\"application\/ld+json\" class=\"yoast-schema-graph\">{\"@context\":\"https:\/\/schema.org\",\"@graph\":[{\"@type\":\"Article\",\"@id\":\"https:\/\/noticiasemdestaque.com\/cd\/?p=78137#article\",\"isPartOf\":{\"@id\":\"https:\/\/noticiasemdestaque.com\/cd\/?p=78137\"},\"author\":{\"name\":\"Not\u00edcias em Destaque\",\"@id\":\"https:\/\/noticiasemdestaque.com\/cd\/#\/schema\/person\/47f7d4f55eec17c6b2ca036c5500f6ce\"},\"headline\":\"S\u00e3o Jo\u00e3o de Monteiro 2026 ter\u00e1 lan\u00e7amento oficial no dia 29 de abril\",\"datePublished\":\"2026-04-25T13:42:19+00:00\",\"mainEntityOfPage\":{\"@id\":\"https:\/\/noticiasemdestaque.com\/cd\/?p=78137\"},\"wordCount\":257,\"publisher\":{\"@id\":\"https:\/\/noticiasemdestaque.com\/cd\/#organization\"},\"image\":{\"@id\":\"https:\/\/noticiasemdestaque.com\/cd\/?p=78137#primaryimage\"},\"thumbnailUrl\":\"https:\/\/noticiasemdestaque.com\/cd\/wp-content\/uploads\/2026\/04\/F_24_01_2025_258-8.jpeg\",\"articleSection\":[\"Cidades\"],\"inLanguage\":\"pt-BR\"},{\"@type\":\"WebPage\",\"@id\":\"https:\/\/noticiasemdestaque.com\/cd\/?p=78137\",\"url\":\"https:\/\/noticiasemdestaque.com\/cd\/?p=78137\",\"name\":\"S\u00e3o Jo\u00e3o de Monteiro 2026 ter\u00e1 lan\u00e7amento oficial no dia 29 de abril - Not&iacute;cias em Destaque\",\"isPartOf\":{\"@id\":\"https:\/\/noticiasemdestaque.com\/cd\/#website\"},\"primaryImageOfPage\":{\"@id\":\"https:\/\/noticiasemdestaque.com\/cd\/?p=78137#primaryimage\"},\"image\":{\"@id\":\"https:\/\/noticiasemdestaque.com\/cd\/?p=78137#primaryimage\"},\"thumbnailUrl\":\"https:\/\/noticiasemdestaque.com\/cd\/wp-content\/uploads\/2026\/04\/F_24_01_2025_258-8.jpeg\",\"datePublished\":\"2026-04-25T13:42:19+00:00\",\"breadcrumb\":{\"@id\":\"https:\/\/noticiasemdestaque.com\/cd\/?p=78137#breadcrumb\"},\"inLanguage\":\"pt-BR\",\"potentialAction\":[{\"@type\":\"ReadAction\",\"target\":[\"https:\/\/noticiasemdestaque.com\/cd\/?p=78137\"]}]},{\"@type\":\"ImageObject\",\"inLanguage\":\"pt-BR\",\"@id\":\"https:\/\/noticiasemdestaque.com\/cd\/?p=78137#primaryimage\",\"url\":\"https:\/\/noticiasemdestaque.com\/cd\/wp-content\/uploads\/2026\/04\/F_24_01_2025_258-8.jpeg\",\"contentUrl\":\"https:\/\/noticiasemdestaque.com\/cd\/wp-content\/uploads\/2026\/04\/F_24_01_2025_258-8.jpeg\",\"width\":750,\"height\":400},{\"@type\":\"BreadcrumbList\",\"@id\":\"https:\/\/noticiasemdestaque.com\/cd\/?p=78137#breadcrumb\",\"itemListElement\":[{\"@type\":\"ListItem\",\"position\":1,\"name\":\"In\u00edcio\",\"item\":\"https:\/\/noticiasemdestaque.com\/cd\/\"},{\"@type\":\"ListItem\",\"position\":2,\"name\":\"S\u00e3o Jo\u00e3o de Monteiro 2026 ter\u00e1 lan\u00e7amento oficial no dia 29 de abril\"}]},{\"@type\":\"WebSite\",\"@id\":\"https:\/\/noticiasemdestaque.com\/cd\/#website\",\"url\":\"https:\/\/noticiasemdestaque.com\/cd\/\",\"name\":\"Not&iacute;cias em Destaque\",\"description\":\"\",\"publisher\":{\"@id\":\"https:\/\/noticiasemdestaque.com\/cd\/#organization\"},\"potentialAction\":[{\"@type\":\"SearchAction\",\"target\":{\"@type\":\"EntryPoint\",\"urlTemplate\":\"https:\/\/noticiasemdestaque.com\/cd\/?s={search_term_string}\"},\"query-input\":{\"@type\":\"PropertyValueSpecification\",\"valueRequired\":true,\"valueName\":\"search_term_string\"}}],\"inLanguage\":\"pt-BR\"},{\"@type\":\"Organization\",\"@id\":\"https:\/\/noticiasemdestaque.com\/cd\/#organization\",\"name\":\"Not\u00edcias em Destaque\",\"url\":\"https:\/\/noticiasemdestaque.com\/cd\/\",\"logo\":{\"@type\":\"ImageObject\",\"inLanguage\":\"pt-BR\",\"@id\":\"https:\/\/noticiasemdestaque.com\/cd\/#\/schema\/logo\/image\/\",\"url\":\"https:\/\/noticiasemdestaque.com\/cd\/wp-content\/uploads\/2022\/05\/imagem-base-noticiasemdestaque.png\",\"contentUrl\":\"https:\/\/noticiasemdestaque.com\/cd\/wp-content\/uploads\/2022\/05\/imagem-base-noticiasemdestaque.png\",\"width\":1200,\"height\":630,\"caption\":\"Not\u00edcias em Destaque\"},\"image\":{\"@id\":\"https:\/\/noticiasemdestaque.com\/cd\/#\/schema\/logo\/image\/\"}},{\"@type\":\"Person\",\"@id\":\"https:\/\/noticiasemdestaque.com\/cd\/#\/schema\/person\/47f7d4f55eec17c6b2ca036c5500f6ce\",\"name\":\"Not\u00edcias em Destaque\",\"url\":\"https:\/\/noticiasemdestaque.com\/cd\/?author=2\"}]}<\/script>\n<!-- \/ Yoast SEO plugin. -->","yoast_head_json":{"title":"S\u00e3o Jo\u00e3o de Monteiro 2026 ter\u00e1 lan\u00e7amento oficial no dia 29 de abril - Not&iacute;cias em Destaque","robots":{"index":"index","follow":"follow","max-snippet":"max-snippet:-1","max-image-preview":"max-image-preview:large","max-video-preview":"max-video-preview:-1"},"canonical":"https:\/\/noticiasemdestaque.com\/cd\/?p=78137","og_locale":"pt_BR","og_type":"article","og_title":"S\u00e3o Jo\u00e3o de Monteiro 2026 ter\u00e1 lan\u00e7amento oficial no dia 29 de abril - Not&iacute;cias em Destaque","og_description":"O clima junino j\u00e1 come\u00e7a a ganhar for\u00e7a em Monteiro. A Prefeitura anunciou a data oficial de lan\u00e7amento da programa\u00e7\u00e3o do S\u00e3o Jo\u00e3o 2026, um dos eventos mais tradicionais e aguardados do Cariri paraibano. A divulga\u00e7\u00e3o acontecer\u00e1 no pr\u00f3ximo dia 29 de abril, \u00e0s 10h30, no Centro de Treinamento e Capacita\u00e7\u00e3o (antigo Clube Municipal). A expectativa \u00e9 grande entre a popula\u00e7\u00e3o e visitantes, que aguardam ansiosos pelas atra\u00e7\u00f5es que ir\u00e3o compor a festa. Reconhecido por reunir grandes nomes da m\u00fasica nordestina e nacional, o S\u00e3o Jo\u00e3o de Monteiro se consolidou como um dos principais eventos juninos da Para\u00edba, movimentando a economia local e atraindo turistas de diversas regi\u00f5es. A prefeita Ana Paula destacou a import\u00e2ncia do evento e a prepara\u00e7\u00e3o da gest\u00e3o para mais uma grande edi\u00e7\u00e3o. \u201cEstamos preparando tudo com muito carinho para realizar um S\u00e3o Jo\u00e3o \u00e0 altura da nossa tradi\u00e7\u00e3o. Ser\u00e1 uma festa pensada para valorizar nossa cultura, movimentar a economia e proporcionar momentos de alegria para o nosso povo e para todos que visitarem Monteiro\u201d, afirmou. A promessa \u00e9 de uma edi\u00e7\u00e3o marcada por grandes shows, valoriza\u00e7\u00e3o da cultura regional e estrutura preparada para receber o p\u00fablico com conforto e seguran\u00e7a. Durante o lan\u00e7amento, ser\u00e3o apresentados todos os detalhes da programa\u00e7\u00e3o e as novidades preparadas para 2026. Noticias em Destaque Fonte: Vitrine do Cariri","og_url":"https:\/\/noticiasemdestaque.com\/cd\/?p=78137","og_site_name":"Not&iacute;cias em Destaque","article_published_time":"2026-04-25T13:42:19+00:00","og_image":[{"width":750,"height":400,"url":"https:\/\/noticiasemdestaque.com\/cd\/wp-content\/uploads\/2026\/04\/F_24_01_2025_258-8.jpeg","type":"image\/jpeg"}],"author":"Not\u00edcias em Destaque","twitter_card":"summary_large_image","twitter_misc":{"Escrito por":"Not\u00edcias em Destaque","Est. tempo de leitura":"2 minutos"},"schema":{"@context":"https:\/\/schema.org","@graph":[{"@type":"Article","@id":"https:\/\/noticiasemdestaque.com\/cd\/?p=78137#article","isPartOf":{"@id":"https:\/\/noticiasemdestaque.com\/cd\/?p=78137"},"author":{"name":"Not\u00edcias em Destaque","@id":"https:\/\/noticiasemdestaque.com\/cd\/#\/schema\/person\/47f7d4f55eec17c6b2ca036c5500f6ce"},"headline":"S\u00e3o Jo\u00e3o de Monteiro 2026 ter\u00e1 lan\u00e7amento oficial no dia 29 de abril","datePublished":"2026-04-25T13:42:19+00:00","mainEntityOfPage":{"@id":"https:\/\/noticiasemdestaque.com\/cd\/?p=78137"},"wordCount":257,"publisher":{"@id":"https:\/\/noticiasemdestaque.com\/cd\/#organization"},"image":{"@id":"https:\/\/noticiasemdestaque.com\/cd\/?p=78137#primaryimage"},"thumbnailUrl":"https:\/\/noticiasemdestaque.com\/cd\/wp-content\/uploads\/2026\/04\/F_24_01_2025_258-8.jpeg","articleSection":["Cidades"],"inLanguage":"pt-BR"},{"@type":"WebPage","@id":"https:\/\/noticiasemdestaque.com\/cd\/?p=78137","url":"https:\/\/noticiasemdestaque.com\/cd\/?p=78137","name":"S\u00e3o Jo\u00e3o de Monteiro 2026 ter\u00e1 lan\u00e7amento oficial no dia 29 de abril - Not&iacute;cias em Destaque","isPartOf":{"@id":"https:\/\/noticiasemdestaque.com\/cd\/#website"},"primaryImageOfPage":{"@id":"https:\/\/noticiasemdestaque.com\/cd\/?p=78137#primaryimage"},"image":{"@id":"https:\/\/noticiasemdestaque.com\/cd\/?p=78137#primaryimage"},"thumbnailUrl":"https:\/\/noticiasemdestaque.com\/cd\/wp-content\/uploads\/2026\/04\/F_24_01_2025_258-8.jpeg","datePublished":"2026-04-25T13:42:19+00:00","breadcrumb":{"@id":"https:\/\/noticiasemdestaque.com\/cd\/?p=78137#breadcrumb"},"inLanguage":"pt-BR","potentialAction":[{"@type":"ReadAction","target":["https:\/\/noticiasemdestaque.com\/cd\/?p=78137"]}]},{"@type":"ImageObject","inLanguage":"pt-BR","@id":"https:\/\/noticiasemdestaque.com\/cd\/?p=78137#primaryimage","url":"https:\/\/noticiasemdestaque.com\/cd\/wp-content\/uploads\/2026\/04\/F_24_01_2025_258-8.jpeg","contentUrl":"https:\/\/noticiasemdestaque.com\/cd\/wp-content\/uploads\/2026\/04\/F_24_01_2025_258-8.jpeg","width":750,"height":400},{"@type":"BreadcrumbList","@id":"https:\/\/noticiasemdestaque.com\/cd\/?p=78137#breadcrumb","itemListElement":[{"@type":"ListItem","position":1,"name":"In\u00edcio","item":"https:\/\/noticiasemdestaque.com\/cd\/"},{"@type":"ListItem","position":2,"name":"S\u00e3o Jo\u00e3o de Monteiro 2026 ter\u00e1 lan\u00e7amento oficial no dia 29 de abril"}]},{"@type":"WebSite","@id":"https:\/\/noticiasemdestaque.com\/cd\/#website","url":"https:\/\/noticiasemdestaque.com\/cd\/","name":"Not&iacute;cias em Destaque","description":"","publisher":{"@id":"https:\/\/noticiasemdestaque.com\/cd\/#organization"},"potentialAction":[{"@type":"SearchAction","target":{"@type":"EntryPoint","urlTemplate":"https:\/\/noticiasemdestaque.com\/cd\/?s={search_term_string}"},"query-input":{"@type":"PropertyValueSpecification","valueRequired":true,"valueName":"search_term_string"}}],"inLanguage":"pt-BR"},{"@type":"Organization","@id":"https:\/\/noticiasemdestaque.com\/cd\/#organization","name":"Not\u00edcias em Destaque","url":"https:\/\/noticiasemdestaque.com\/cd\/","logo":{"@type":"ImageObject","inLanguage":"pt-BR","@id":"https:\/\/noticiasemdestaque.com\/cd\/#\/schema\/logo\/image\/","url":"https:\/\/noticiasemdestaque.com\/cd\/wp-content\/uploads\/2022\/05\/imagem-base-noticiasemdestaque.png","contentUrl":"https:\/\/noticiasemdestaque.com\/cd\/wp-content\/uploads\/2022\/05\/imagem-base-noticiasemdestaque.png","width":1200,"height":630,"caption":"Not\u00edcias em Destaque"},"image":{"@id":"https:\/\/noticiasemdestaque.com\/cd\/#\/schema\/logo\/image\/"}},{"@type":"Person","@id":"https:\/\/noticiasemdestaque.com\/cd\/#\/schema\/person\/47f7d4f55eec17c6b2ca036c5500f6ce","name":"Not\u00edcias em Destaque","url":"https:\/\/noticiasemdestaque.com\/cd\/?author=2"}]}},"jetpack_featured_media_url":"https:\/\/noticiasemdestaque.com\/cd\/wp-content\/uploads\/2026\/04\/F_24_01_2025_258-8.jpeg","jetpack_sharing_enabled":true,"_links":{"self":[{"href":"https:\/\/noticiasemdestaque.com\/cd\/index.php?rest_route=\/wp\/v2\/posts\/78137","targetHints":{"allow":["GET"]}}],"collection":[{"href":"https:\/\/noticiasemdestaque.com\/cd\/index.php?rest_route=\/wp\/v2\/posts"}],"about":[{"href":"https:\/\/noticiasemdestaque.com\/cd\/index.php?rest_route=\/wp\/v2\/types\/post"}],"author":[{"embeddable":true,"href":"https:\/\/noticiasemdestaque.com\/cd\/index.php?rest_route=\/wp\/v2\/users\/2"}],"replies":[{"embeddable":true,"href":"https:\/\/noticiasemdestaque.com\/cd\/index.php?rest_route=%2Fwp%2Fv2%2Fcomments&post=78137"}],"version-history":[{"count":1,"href":"https:\/\/noticiasemdestaque.com\/cd\/index.php?rest_route=\/wp\/v2\/posts\/78137\/revisions"}],"predecessor-version":[{"id":78139,"href":"https:\/\/noticiasemdestaque.com\/cd\/index.php?rest_route=\/wp\/v2\/posts\/78137\/revisions\/78139"}],"wp:featuredmedia":[{"embeddable":true,"href":"https:\/\/noticiasemdestaque.com\/cd\/index.php?rest_route=\/wp\/v2\/media\/78138"}],"wp:attachment":[{"href":"https:\/\/noticiasemdestaque.com\/cd\/index.php?rest_route=%2Fwp%2Fv2%2Fmedia&parent=78137"}],"wp:term":[{"taxonomy":"category","embeddable":true,"href":"https:\/\/noticiasemdestaque.com\/cd\/index.php?rest_route=%2Fwp%2Fv2%2Fcategories&post=78137"},{"taxonomy":"post_tag","embeddable":true,"href":"https:\/\/noticiasemdestaque.com\/cd\/index.php?rest_route=%2Fwp%2Fv2%2Ftags&post=78137"}],"curies":[{"name":"wp","href":"https:\/\/api.w.org\/{rel}","templated":true}]}}