{"id":78134,"date":"2026-04-24T16:19:23","date_gmt":"2026-04-24T19:19:23","guid":{"rendered":"https:\/\/noticiasemdestaque.com\/cd\/?p=78134"},"modified":"2026-04-24T16:19:23","modified_gmt":"2026-04-24T19:19:23","slug":"cisco-promove-reuniao-com-municipios-para-alinhar-marcacao-de-exames-e-planejamento-de-servicos","status":"publish","type":"post","link":"https:\/\/noticiasemdestaque.com\/cd\/?p=78134","title":{"rendered":"CISCO promove reuni\u00e3o com munic\u00edpios para alinhar marca\u00e7\u00e3o de exames e planejamento de servi\u00e7os"},"content":{"rendered":"<p><a href=\"https:\/\/noticiasemdestaque.com\/cd\/wp-content\/uploads\/2026\/04\/WhatsApp-Image-2026-04-24-at-15.37.42.jpeg\"><img fetchpriority=\"high\" decoding=\"async\" class=\" wp-image-78135 aligncenter\" src=\"https:\/\/noticiasemdestaque.com\/cd\/wp-content\/uploads\/2026\/04\/WhatsApp-Image-2026-04-24-at-15.37.42-300x225.jpeg\" alt=\"\" width=\"968\" height=\"726\" srcset=\"https:\/\/noticiasemdestaque.com\/cd\/wp-content\/uploads\/2026\/04\/WhatsApp-Image-2026-04-24-at-15.37.42-300x225.jpeg 300w, https:\/\/noticiasemdestaque.com\/cd\/wp-content\/uploads\/2026\/04\/WhatsApp-Image-2026-04-24-at-15.37.42.jpeg 600w\" sizes=\"(max-width: 968px) 100vw, 968px\" \/><\/a><\/p>\n<p>O Cons\u00f3rcio P\u00fablico Intermunicipal de Sa\u00fade do Cariri (CISCO) realizou, nesta sexta-feira (24), uma reuni\u00e3o com representantes respons\u00e1veis pela marca\u00e7\u00e3o de exames dos munic\u00edpios consorciados, com o objetivo de alinhar fluxos, demandas e a oferta de servi\u00e7os e especialidades na regi\u00e3o.<\/p>\n<p>Durante o encontro, tamb\u00e9m foram discutidos pontos estrat\u00e9gicos relacionados ao chamamento p\u00fablico previsto para 2026, voltado \u00e0 contrata\u00e7\u00e3o de servi\u00e7os de sa\u00fade. A iniciativa busca organizar de forma antecipada as necessidades dos munic\u00edpios, garantindo maior efici\u00eancia na presta\u00e7\u00e3o dos atendimentos.<\/p>\n<p>De acordo com o secret\u00e1rio executivo do CISCO, S\u00e9rgio Sousa, a orienta\u00e7\u00e3o do presidente do cons\u00f3rcio, Genivaldo Temb\u00f3rio, \u00e9 manter um di\u00e1logo cont\u00ednuo com os munic\u00edpios, fortalecendo a integra\u00e7\u00e3o regional e aprimorando os servi\u00e7os ofertados \u00e0 popula\u00e7\u00e3o.<\/p>\n<p>A reuni\u00e3o refor\u00e7a a import\u00e2ncia do planejamento conjunto entre os entes consorciados, contribuindo para a melhoria do acesso e da qualidade da assist\u00eancia em sa\u00fade no Cariri paraibano.<\/p>\n<p><strong>Noticias em Destaque<\/strong><\/p>\n<p style=\"text-align: right;\"><em>Fonte: Assessoria<\/em><\/p>\n","protected":false},"excerpt":{"rendered":"<p>O Cons\u00f3rcio P\u00fablico Intermunicipal de Sa\u00fade do Cariri (CISCO) realizou, nesta sexta-feira (24), uma reuni\u00e3o com representantes respons\u00e1veis pela marca\u00e7\u00e3o de exames dos munic\u00edpios consorciados, com o objetivo de alinhar fluxos, demandas e a oferta de servi\u00e7os e especialidades na regi\u00e3o. Durante o encontro, tamb\u00e9m foram discutidos pontos estrat\u00e9gicos relacionados ao chamamento p\u00fablico previsto para 2026, voltado \u00e0 contrata\u00e7\u00e3o de servi\u00e7os de sa\u00fade. A iniciativa busca organizar de forma antecipada as necessidades dos munic\u00edpios, garantindo maior efici\u00eancia na presta\u00e7\u00e3o dos atendimentos. De acordo com o secret\u00e1rio executivo do CISCO, S\u00e9rgio Sousa, a orienta\u00e7\u00e3o do presidente do cons\u00f3rcio, Genivaldo Temb\u00f3rio, \u00e9 manter um di\u00e1logo cont\u00ednuo com os munic\u00edpios, fortalecendo a integra\u00e7\u00e3o regional e aprimorando os servi\u00e7os ofertados \u00e0 popula\u00e7\u00e3o. A reuni\u00e3o refor\u00e7a a import\u00e2ncia do planejamento conjunto entre os entes consorciados, contribuindo para a melhoria do acesso e da qualidade da assist\u00eancia em sa\u00fade no Cariri paraibano. Noticias em Destaque Fonte: Assessoria<\/p>\n","protected":false},"author":2,"featured_media":78135,"comment_status":"closed","ping_status":"closed","sticky":false,"template":"","format":"standard","meta":{"_eb_attr":"","_jetpack_memberships_contains_paid_content":false,"footnotes":""},"categories":[3],"tags":[],"class_list":["post-78134","post","type-post","status-publish","format-standard","has-post-thumbnail","hentry","category-cidades"],"yoast_head":"<!-- This site is optimized with the Yoast SEO plugin v26.5 - https:\/\/yoast.com\/wordpress\/plugins\/seo\/ -->\n<title>CISCO promove reuni\u00e3o com munic\u00edpios para alinhar marca\u00e7\u00e3o de exames e planejamento de servi\u00e7os - Not&iacute;cias em Destaque<\/title>\n<meta name=\"robots\" content=\"index, follow, max-snippet:-1, max-image-preview:large, max-video-preview:-1\" \/>\n<link rel=\"canonical\" href=\"https:\/\/noticiasemdestaque.com\/cd\/?p=78134\" \/>\n<meta property=\"og:locale\" content=\"pt_BR\" \/>\n<meta property=\"og:type\" content=\"article\" \/>\n<meta property=\"og:title\" content=\"CISCO promove reuni\u00e3o com munic\u00edpios para alinhar marca\u00e7\u00e3o de exames e planejamento de servi\u00e7os - Not&iacute;cias em Destaque\" \/>\n<meta property=\"og:description\" content=\"O Cons\u00f3rcio P\u00fablico Intermunicipal de Sa\u00fade do Cariri (CISCO) realizou, nesta sexta-feira (24), uma reuni\u00e3o com representantes respons\u00e1veis pela marca\u00e7\u00e3o de exames dos munic\u00edpios consorciados, com o objetivo de alinhar fluxos, demandas e a oferta de servi\u00e7os e especialidades na regi\u00e3o. Durante o encontro, tamb\u00e9m foram discutidos pontos estrat\u00e9gicos relacionados ao chamamento p\u00fablico previsto para 2026, voltado \u00e0 contrata\u00e7\u00e3o de servi\u00e7os de sa\u00fade. A iniciativa busca organizar de forma antecipada as necessidades dos munic\u00edpios, garantindo maior efici\u00eancia na presta\u00e7\u00e3o dos atendimentos. De acordo com o secret\u00e1rio executivo do CISCO, S\u00e9rgio Sousa, a orienta\u00e7\u00e3o do presidente do cons\u00f3rcio, Genivaldo Temb\u00f3rio, \u00e9 manter um di\u00e1logo cont\u00ednuo com os munic\u00edpios, fortalecendo a integra\u00e7\u00e3o regional e aprimorando os servi\u00e7os ofertados \u00e0 popula\u00e7\u00e3o. A reuni\u00e3o refor\u00e7a a import\u00e2ncia do planejamento conjunto entre os entes consorciados, contribuindo para a melhoria do acesso e da qualidade da assist\u00eancia em sa\u00fade no Cariri paraibano. Noticias em Destaque Fonte: Assessoria\" \/>\n<meta property=\"og:url\" content=\"https:\/\/noticiasemdestaque.com\/cd\/?p=78134\" \/>\n<meta property=\"og:site_name\" content=\"Not&iacute;cias em Destaque\" \/>\n<meta property=\"article:published_time\" content=\"2026-04-24T19:19:23+00:00\" \/>\n<meta property=\"og:image\" content=\"https:\/\/noticiasemdestaque.com\/cd\/wp-content\/uploads\/2026\/04\/WhatsApp-Image-2026-04-24-at-15.37.42.jpeg\" \/>\n\t<meta property=\"og:image:width\" content=\"600\" \/>\n\t<meta property=\"og:image:height\" content=\"450\" \/>\n\t<meta property=\"og:image:type\" content=\"image\/jpeg\" \/>\n<meta name=\"author\" content=\"Not\u00edcias em Destaque\" \/>\n<meta name=\"twitter:card\" content=\"summary_large_image\" \/>\n<meta name=\"twitter:label1\" content=\"Escrito por\" \/>\n\t<meta name=\"twitter:data1\" content=\"Not\u00edcias em Destaque\" \/>\n\t<meta name=\"twitter:label2\" content=\"Est. tempo de leitura\" \/>\n\t<meta name=\"twitter:data2\" content=\"2 minutos\" \/>\n<script type=\"application\/ld+json\" class=\"yoast-schema-graph\">{\"@context\":\"https:\/\/schema.org\",\"@graph\":[{\"@type\":\"Article\",\"@id\":\"https:\/\/noticiasemdestaque.com\/cd\/?p=78134#article\",\"isPartOf\":{\"@id\":\"https:\/\/noticiasemdestaque.com\/cd\/?p=78134\"},\"author\":{\"name\":\"Not\u00edcias em Destaque\",\"@id\":\"https:\/\/noticiasemdestaque.com\/cd\/#\/schema\/person\/47f7d4f55eec17c6b2ca036c5500f6ce\"},\"headline\":\"CISCO promove reuni\u00e3o com munic\u00edpios para alinhar marca\u00e7\u00e3o de exames e planejamento de servi\u00e7os\",\"datePublished\":\"2026-04-24T19:19:23+00:00\",\"mainEntityOfPage\":{\"@id\":\"https:\/\/noticiasemdestaque.com\/cd\/?p=78134\"},\"wordCount\":198,\"publisher\":{\"@id\":\"https:\/\/noticiasemdestaque.com\/cd\/#organization\"},\"image\":{\"@id\":\"https:\/\/noticiasemdestaque.com\/cd\/?p=78134#primaryimage\"},\"thumbnailUrl\":\"https:\/\/noticiasemdestaque.com\/cd\/wp-content\/uploads\/2026\/04\/WhatsApp-Image-2026-04-24-at-15.37.42.jpeg\",\"articleSection\":[\"Cidades\"],\"inLanguage\":\"pt-BR\"},{\"@type\":\"WebPage\",\"@id\":\"https:\/\/noticiasemdestaque.com\/cd\/?p=78134\",\"url\":\"https:\/\/noticiasemdestaque.com\/cd\/?p=78134\",\"name\":\"CISCO promove reuni\u00e3o com munic\u00edpios para alinhar marca\u00e7\u00e3o de exames e planejamento de servi\u00e7os - Not&iacute;cias em Destaque\",\"isPartOf\":{\"@id\":\"https:\/\/noticiasemdestaque.com\/cd\/#website\"},\"primaryImageOfPage\":{\"@id\":\"https:\/\/noticiasemdestaque.com\/cd\/?p=78134#primaryimage\"},\"image\":{\"@id\":\"https:\/\/noticiasemdestaque.com\/cd\/?p=78134#primaryimage\"},\"thumbnailUrl\":\"https:\/\/noticiasemdestaque.com\/cd\/wp-content\/uploads\/2026\/04\/WhatsApp-Image-2026-04-24-at-15.37.42.jpeg\",\"datePublished\":\"2026-04-24T19:19:23+00:00\",\"breadcrumb\":{\"@id\":\"https:\/\/noticiasemdestaque.com\/cd\/?p=78134#breadcrumb\"},\"inLanguage\":\"pt-BR\",\"potentialAction\":[{\"@type\":\"ReadAction\",\"target\":[\"https:\/\/noticiasemdestaque.com\/cd\/?p=78134\"]}]},{\"@type\":\"ImageObject\",\"inLanguage\":\"pt-BR\",\"@id\":\"https:\/\/noticiasemdestaque.com\/cd\/?p=78134#primaryimage\",\"url\":\"https:\/\/noticiasemdestaque.com\/cd\/wp-content\/uploads\/2026\/04\/WhatsApp-Image-2026-04-24-at-15.37.42.jpeg\",\"contentUrl\":\"https:\/\/noticiasemdestaque.com\/cd\/wp-content\/uploads\/2026\/04\/WhatsApp-Image-2026-04-24-at-15.37.42.jpeg\",\"width\":600,\"height\":450},{\"@type\":\"BreadcrumbList\",\"@id\":\"https:\/\/noticiasemdestaque.com\/cd\/?p=78134#breadcrumb\",\"itemListElement\":[{\"@type\":\"ListItem\",\"position\":1,\"name\":\"In\u00edcio\",\"item\":\"https:\/\/noticiasemdestaque.com\/cd\/\"},{\"@type\":\"ListItem\",\"position\":2,\"name\":\"CISCO promove reuni\u00e3o com munic\u00edpios para alinhar marca\u00e7\u00e3o de exames e planejamento de servi\u00e7os\"}]},{\"@type\":\"WebSite\",\"@id\":\"https:\/\/noticiasemdestaque.com\/cd\/#website\",\"url\":\"https:\/\/noticiasemdestaque.com\/cd\/\",\"name\":\"Not&iacute;cias em Destaque\",\"description\":\"\",\"publisher\":{\"@id\":\"https:\/\/noticiasemdestaque.com\/cd\/#organization\"},\"potentialAction\":[{\"@type\":\"SearchAction\",\"target\":{\"@type\":\"EntryPoint\",\"urlTemplate\":\"https:\/\/noticiasemdestaque.com\/cd\/?s={search_term_string}\"},\"query-input\":{\"@type\":\"PropertyValueSpecification\",\"valueRequired\":true,\"valueName\":\"search_term_string\"}}],\"inLanguage\":\"pt-BR\"},{\"@type\":\"Organization\",\"@id\":\"https:\/\/noticiasemdestaque.com\/cd\/#organization\",\"name\":\"Not\u00edcias em Destaque\",\"url\":\"https:\/\/noticiasemdestaque.com\/cd\/\",\"logo\":{\"@type\":\"ImageObject\",\"inLanguage\":\"pt-BR\",\"@id\":\"https:\/\/noticiasemdestaque.com\/cd\/#\/schema\/logo\/image\/\",\"url\":\"https:\/\/noticiasemdestaque.com\/cd\/wp-content\/uploads\/2022\/05\/imagem-base-noticiasemdestaque.png\",\"contentUrl\":\"https:\/\/noticiasemdestaque.com\/cd\/wp-content\/uploads\/2022\/05\/imagem-base-noticiasemdestaque.png\",\"width\":1200,\"height\":630,\"caption\":\"Not\u00edcias em Destaque\"},\"image\":{\"@id\":\"https:\/\/noticiasemdestaque.com\/cd\/#\/schema\/logo\/image\/\"}},{\"@type\":\"Person\",\"@id\":\"https:\/\/noticiasemdestaque.com\/cd\/#\/schema\/person\/47f7d4f55eec17c6b2ca036c5500f6ce\",\"name\":\"Not\u00edcias em Destaque\",\"url\":\"https:\/\/noticiasemdestaque.com\/cd\/?author=2\"}]}<\/script>\n<!-- \/ Yoast SEO plugin. -->","yoast_head_json":{"title":"CISCO promove reuni\u00e3o com munic\u00edpios para alinhar marca\u00e7\u00e3o de exames e planejamento de servi\u00e7os - Not&iacute;cias em Destaque","robots":{"index":"index","follow":"follow","max-snippet":"max-snippet:-1","max-image-preview":"max-image-preview:large","max-video-preview":"max-video-preview:-1"},"canonical":"https:\/\/noticiasemdestaque.com\/cd\/?p=78134","og_locale":"pt_BR","og_type":"article","og_title":"CISCO promove reuni\u00e3o com munic\u00edpios para alinhar marca\u00e7\u00e3o de exames e planejamento de servi\u00e7os - Not&iacute;cias em Destaque","og_description":"O Cons\u00f3rcio P\u00fablico Intermunicipal de Sa\u00fade do Cariri (CISCO) realizou, nesta sexta-feira (24), uma reuni\u00e3o com representantes respons\u00e1veis pela marca\u00e7\u00e3o de exames dos munic\u00edpios consorciados, com o objetivo de alinhar fluxos, demandas e a oferta de servi\u00e7os e especialidades na regi\u00e3o. Durante o encontro, tamb\u00e9m foram discutidos pontos estrat\u00e9gicos relacionados ao chamamento p\u00fablico previsto para 2026, voltado \u00e0 contrata\u00e7\u00e3o de servi\u00e7os de sa\u00fade. A iniciativa busca organizar de forma antecipada as necessidades dos munic\u00edpios, garantindo maior efici\u00eancia na presta\u00e7\u00e3o dos atendimentos. De acordo com o secret\u00e1rio executivo do CISCO, S\u00e9rgio Sousa, a orienta\u00e7\u00e3o do presidente do cons\u00f3rcio, Genivaldo Temb\u00f3rio, \u00e9 manter um di\u00e1logo cont\u00ednuo com os munic\u00edpios, fortalecendo a integra\u00e7\u00e3o regional e aprimorando os servi\u00e7os ofertados \u00e0 popula\u00e7\u00e3o. A reuni\u00e3o refor\u00e7a a import\u00e2ncia do planejamento conjunto entre os entes consorciados, contribuindo para a melhoria do acesso e da qualidade da assist\u00eancia em sa\u00fade no Cariri paraibano. Noticias em Destaque Fonte: Assessoria","og_url":"https:\/\/noticiasemdestaque.com\/cd\/?p=78134","og_site_name":"Not&iacute;cias em Destaque","article_published_time":"2026-04-24T19:19:23+00:00","og_image":[{"width":600,"height":450,"url":"https:\/\/noticiasemdestaque.com\/cd\/wp-content\/uploads\/2026\/04\/WhatsApp-Image-2026-04-24-at-15.37.42.jpeg","type":"image\/jpeg"}],"author":"Not\u00edcias em Destaque","twitter_card":"summary_large_image","twitter_misc":{"Escrito por":"Not\u00edcias em Destaque","Est. tempo de leitura":"2 minutos"},"schema":{"@context":"https:\/\/schema.org","@graph":[{"@type":"Article","@id":"https:\/\/noticiasemdestaque.com\/cd\/?p=78134#article","isPartOf":{"@id":"https:\/\/noticiasemdestaque.com\/cd\/?p=78134"},"author":{"name":"Not\u00edcias em Destaque","@id":"https:\/\/noticiasemdestaque.com\/cd\/#\/schema\/person\/47f7d4f55eec17c6b2ca036c5500f6ce"},"headline":"CISCO promove reuni\u00e3o com munic\u00edpios para alinhar marca\u00e7\u00e3o de exames e planejamento de servi\u00e7os","datePublished":"2026-04-24T19:19:23+00:00","mainEntityOfPage":{"@id":"https:\/\/noticiasemdestaque.com\/cd\/?p=78134"},"wordCount":198,"publisher":{"@id":"https:\/\/noticiasemdestaque.com\/cd\/#organization"},"image":{"@id":"https:\/\/noticiasemdestaque.com\/cd\/?p=78134#primaryimage"},"thumbnailUrl":"https:\/\/noticiasemdestaque.com\/cd\/wp-content\/uploads\/2026\/04\/WhatsApp-Image-2026-04-24-at-15.37.42.jpeg","articleSection":["Cidades"],"inLanguage":"pt-BR"},{"@type":"WebPage","@id":"https:\/\/noticiasemdestaque.com\/cd\/?p=78134","url":"https:\/\/noticiasemdestaque.com\/cd\/?p=78134","name":"CISCO promove reuni\u00e3o com munic\u00edpios para alinhar marca\u00e7\u00e3o de exames e planejamento de servi\u00e7os - Not&iacute;cias em Destaque","isPartOf":{"@id":"https:\/\/noticiasemdestaque.com\/cd\/#website"},"primaryImageOfPage":{"@id":"https:\/\/noticiasemdestaque.com\/cd\/?p=78134#primaryimage"},"image":{"@id":"https:\/\/noticiasemdestaque.com\/cd\/?p=78134#primaryimage"},"thumbnailUrl":"https:\/\/noticiasemdestaque.com\/cd\/wp-content\/uploads\/2026\/04\/WhatsApp-Image-2026-04-24-at-15.37.42.jpeg","datePublished":"2026-04-24T19:19:23+00:00","breadcrumb":{"@id":"https:\/\/noticiasemdestaque.com\/cd\/?p=78134#breadcrumb"},"inLanguage":"pt-BR","potentialAction":[{"@type":"ReadAction","target":["https:\/\/noticiasemdestaque.com\/cd\/?p=78134"]}]},{"@type":"ImageObject","inLanguage":"pt-BR","@id":"https:\/\/noticiasemdestaque.com\/cd\/?p=78134#primaryimage","url":"https:\/\/noticiasemdestaque.com\/cd\/wp-content\/uploads\/2026\/04\/WhatsApp-Image-2026-04-24-at-15.37.42.jpeg","contentUrl":"https:\/\/noticiasemdestaque.com\/cd\/wp-content\/uploads\/2026\/04\/WhatsApp-Image-2026-04-24-at-15.37.42.jpeg","width":600,"height":450},{"@type":"BreadcrumbList","@id":"https:\/\/noticiasemdestaque.com\/cd\/?p=78134#breadcrumb","itemListElement":[{"@type":"ListItem","position":1,"name":"In\u00edcio","item":"https:\/\/noticiasemdestaque.com\/cd\/"},{"@type":"ListItem","position":2,"name":"CISCO promove reuni\u00e3o com munic\u00edpios para alinhar marca\u00e7\u00e3o de exames e planejamento de servi\u00e7os"}]},{"@type":"WebSite","@id":"https:\/\/noticiasemdestaque.com\/cd\/#website","url":"https:\/\/noticiasemdestaque.com\/cd\/","name":"Not&iacute;cias em Destaque","description":"","publisher":{"@id":"https:\/\/noticiasemdestaque.com\/cd\/#organization"},"potentialAction":[{"@type":"SearchAction","target":{"@type":"EntryPoint","urlTemplate":"https:\/\/noticiasemdestaque.com\/cd\/?s={search_term_string}"},"query-input":{"@type":"PropertyValueSpecification","valueRequired":true,"valueName":"search_term_string"}}],"inLanguage":"pt-BR"},{"@type":"Organization","@id":"https:\/\/noticiasemdestaque.com\/cd\/#organization","name":"Not\u00edcias em Destaque","url":"https:\/\/noticiasemdestaque.com\/cd\/","logo":{"@type":"ImageObject","inLanguage":"pt-BR","@id":"https:\/\/noticiasemdestaque.com\/cd\/#\/schema\/logo\/image\/","url":"https:\/\/noticiasemdestaque.com\/cd\/wp-content\/uploads\/2022\/05\/imagem-base-noticiasemdestaque.png","contentUrl":"https:\/\/noticiasemdestaque.com\/cd\/wp-content\/uploads\/2022\/05\/imagem-base-noticiasemdestaque.png","width":1200,"height":630,"caption":"Not\u00edcias em Destaque"},"image":{"@id":"https:\/\/noticiasemdestaque.com\/cd\/#\/schema\/logo\/image\/"}},{"@type":"Person","@id":"https:\/\/noticiasemdestaque.com\/cd\/#\/schema\/person\/47f7d4f55eec17c6b2ca036c5500f6ce","name":"Not\u00edcias em Destaque","url":"https:\/\/noticiasemdestaque.com\/cd\/?author=2"}]}},"jetpack_featured_media_url":"https:\/\/noticiasemdestaque.com\/cd\/wp-content\/uploads\/2026\/04\/WhatsApp-Image-2026-04-24-at-15.37.42.jpeg","jetpack_sharing_enabled":true,"_links":{"self":[{"href":"https:\/\/noticiasemdestaque.com\/cd\/index.php?rest_route=\/wp\/v2\/posts\/78134","targetHints":{"allow":["GET"]}}],"collection":[{"href":"https:\/\/noticiasemdestaque.com\/cd\/index.php?rest_route=\/wp\/v2\/posts"}],"about":[{"href":"https:\/\/noticiasemdestaque.com\/cd\/index.php?rest_route=\/wp\/v2\/types\/post"}],"author":[{"embeddable":true,"href":"https:\/\/noticiasemdestaque.com\/cd\/index.php?rest_route=\/wp\/v2\/users\/2"}],"replies":[{"embeddable":true,"href":"https:\/\/noticiasemdestaque.com\/cd\/index.php?rest_route=%2Fwp%2Fv2%2Fcomments&post=78134"}],"version-history":[{"count":1,"href":"https:\/\/noticiasemdestaque.com\/cd\/index.php?rest_route=\/wp\/v2\/posts\/78134\/revisions"}],"predecessor-version":[{"id":78136,"href":"https:\/\/noticiasemdestaque.com\/cd\/index.php?rest_route=\/wp\/v2\/posts\/78134\/revisions\/78136"}],"wp:featuredmedia":[{"embeddable":true,"href":"https:\/\/noticiasemdestaque.com\/cd\/index.php?rest_route=\/wp\/v2\/media\/78135"}],"wp:attachment":[{"href":"https:\/\/noticiasemdestaque.com\/cd\/index.php?rest_route=%2Fwp%2Fv2%2Fmedia&parent=78134"}],"wp:term":[{"taxonomy":"category","embeddable":true,"href":"https:\/\/noticiasemdestaque.com\/cd\/index.php?rest_route=%2Fwp%2Fv2%2Fcategories&post=78134"},{"taxonomy":"post_tag","embeddable":true,"href":"https:\/\/noticiasemdestaque.com\/cd\/index.php?rest_route=%2Fwp%2Fv2%2Ftags&post=78134"}],"curies":[{"name":"wp","href":"https:\/\/api.w.org\/{rel}","templated":true}]}}