{"id":78131,"date":"2026-04-24T11:34:05","date_gmt":"2026-04-24T14:34:05","guid":{"rendered":"https:\/\/noticiasemdestaque.com\/cd\/?p=78131"},"modified":"2026-04-24T11:34:05","modified_gmt":"2026-04-24T14:34:05","slug":"vi-mostra-sume-de-cinema-abre-inscricoes-e-destaca-preservacao-da-memoria-cultural","status":"publish","type":"post","link":"https:\/\/noticiasemdestaque.com\/cd\/?p=78131","title":{"rendered":"VI Mostra Sum\u00e9 de Cinema abre inscri\u00e7\u00f5es e destaca preserva\u00e7\u00e3o da mem\u00f3ria cultural"},"content":{"rendered":"<p><a href=\"https:\/\/noticiasemdestaque.com\/cd\/wp-content\/uploads\/2026\/04\/WhatsApp-Image-2026-04-23-at-14.04.40-convertido-de-jpeg.webp\"><img fetchpriority=\"high\" decoding=\"async\" class=\" wp-image-78132 aligncenter\" src=\"https:\/\/noticiasemdestaque.com\/cd\/wp-content\/uploads\/2026\/04\/WhatsApp-Image-2026-04-23-at-14.04.40-convertido-de-jpeg-239x300.webp\" alt=\"\" width=\"844\" height=\"1059\" srcset=\"https:\/\/noticiasemdestaque.com\/cd\/wp-content\/uploads\/2026\/04\/WhatsApp-Image-2026-04-23-at-14.04.40-convertido-de-jpeg-239x300.webp 239w, https:\/\/noticiasemdestaque.com\/cd\/wp-content\/uploads\/2026\/04\/WhatsApp-Image-2026-04-23-at-14.04.40-convertido-de-jpeg.webp 600w\" sizes=\"(max-width: 844px) 100vw, 844px\" \/><\/a><\/p>\n<p>A cidade de Sum\u00e9 se prepara para receber mais uma edi\u00e7\u00e3o da Mostra Sum\u00e9 de Cinema. A sexta edi\u00e7\u00e3o do evento j\u00e1 tem data confirmada e contar\u00e1 com a abertura oficial das inscri\u00e7\u00f5es de filmes entre os dias 21 de abril e 30 de maio de 2026.<\/p>\n<p>Mais do que um festival, a edi\u00e7\u00e3o deste ano traz como destaque a valoriza\u00e7\u00e3o da mem\u00f3ria cultural. A identidade visual de 2026 foi inspirada na hist\u00f3ria do Cine Teatro Municipal de Sum\u00e9, espa\u00e7o que marcou gera\u00e7\u00f5es como palco de diversas express\u00f5es art\u00edsticas, como cinema, teatro, m\u00fasica e comunica\u00e7\u00e3o.<\/p>\n<p>Ao resgatar esse patrim\u00f4nio, a Mostra tamb\u00e9m levanta um debate importante sobre a preserva\u00e7\u00e3o e revitaliza\u00e7\u00e3o dos chamados \u201ccinemas de rua\u201d, reconhecendo esses espa\u00e7os como fundamentais para a constru\u00e7\u00e3o da identidade cultural das cidades.<\/p>\n<p>A proposta do evento refor\u00e7a o papel do cinema como instrumento de mem\u00f3ria, resist\u00eancia e express\u00e3o social, incentivando a produ\u00e7\u00e3o audiovisual e a participa\u00e7\u00e3o de novos realizadores.<\/p>\n<p>A organiza\u00e7\u00e3o convida cineastas e interessados a participarem da programa\u00e7\u00e3o, destacando que a Mostra \u00e9 um espa\u00e7o aberto \u00e0 arte, \u00e0 diversidade e \u00e0 valoriza\u00e7\u00e3o da cultura.<\/p>\n<p>As inscri\u00e7\u00f5es podem ser realizadas no per\u00edodo de 21 de abril a 30 de maio, por meio do link disponibilizado na bio oficial do evento.<\/p>\n<p><strong>Noticias em Destaque<\/strong><\/p>\n<p style=\"text-align: right;\"><em>Fonte: De Olho no Cariri<\/em><\/p>\n","protected":false},"excerpt":{"rendered":"<p>A cidade de Sum\u00e9 se prepara para receber mais uma edi\u00e7\u00e3o da Mostra Sum\u00e9 de Cinema. A sexta edi\u00e7\u00e3o do evento j\u00e1 tem data confirmada e contar\u00e1 com a abertura oficial das inscri\u00e7\u00f5es de filmes entre os dias 21 de abril e 30 de maio de 2026. Mais do que um festival, a edi\u00e7\u00e3o deste ano traz como destaque a valoriza\u00e7\u00e3o da mem\u00f3ria cultural. A identidade visual de 2026 foi inspirada na hist\u00f3ria do Cine Teatro Municipal de Sum\u00e9, espa\u00e7o que marcou gera\u00e7\u00f5es como palco de diversas express\u00f5es art\u00edsticas, como cinema, teatro, m\u00fasica e comunica\u00e7\u00e3o. Ao resgatar esse patrim\u00f4nio, a Mostra tamb\u00e9m levanta um debate importante sobre a preserva\u00e7\u00e3o e revitaliza\u00e7\u00e3o dos chamados \u201ccinemas de rua\u201d, reconhecendo esses espa\u00e7os como fundamentais para a constru\u00e7\u00e3o da identidade cultural das cidades. A proposta do evento refor\u00e7a o papel do cinema como instrumento de mem\u00f3ria, resist\u00eancia e express\u00e3o social, incentivando a produ\u00e7\u00e3o audiovisual e a participa\u00e7\u00e3o de novos realizadores. A organiza\u00e7\u00e3o convida cineastas e interessados a participarem da programa\u00e7\u00e3o, destacando que a Mostra \u00e9 um espa\u00e7o aberto \u00e0 arte, \u00e0 diversidade e \u00e0 valoriza\u00e7\u00e3o da cultura. As inscri\u00e7\u00f5es podem ser realizadas no per\u00edodo de 21 de abril a 30 de maio, por meio do link disponibilizado na bio oficial do evento. Noticias em Destaque Fonte: De Olho no Cariri<\/p>\n","protected":false},"author":2,"featured_media":78132,"comment_status":"closed","ping_status":"closed","sticky":false,"template":"","format":"standard","meta":{"_eb_attr":"","_jetpack_memberships_contains_paid_content":false,"footnotes":""},"categories":[3],"tags":[],"class_list":["post-78131","post","type-post","status-publish","format-standard","has-post-thumbnail","hentry","category-cidades"],"yoast_head":"<!-- This site is optimized with the Yoast SEO plugin v26.5 - https:\/\/yoast.com\/wordpress\/plugins\/seo\/ -->\n<title>VI Mostra Sum\u00e9 de Cinema abre inscri\u00e7\u00f5es e destaca preserva\u00e7\u00e3o da mem\u00f3ria cultural - Not&iacute;cias em Destaque<\/title>\n<meta name=\"robots\" content=\"index, follow, max-snippet:-1, max-image-preview:large, max-video-preview:-1\" \/>\n<link rel=\"canonical\" href=\"https:\/\/noticiasemdestaque.com\/cd\/?p=78131\" \/>\n<meta property=\"og:locale\" content=\"pt_BR\" \/>\n<meta property=\"og:type\" content=\"article\" \/>\n<meta property=\"og:title\" content=\"VI Mostra Sum\u00e9 de Cinema abre inscri\u00e7\u00f5es e destaca preserva\u00e7\u00e3o da mem\u00f3ria cultural - Not&iacute;cias em Destaque\" \/>\n<meta property=\"og:description\" content=\"A cidade de Sum\u00e9 se prepara para receber mais uma edi\u00e7\u00e3o da Mostra Sum\u00e9 de Cinema. A sexta edi\u00e7\u00e3o do evento j\u00e1 tem data confirmada e contar\u00e1 com a abertura oficial das inscri\u00e7\u00f5es de filmes entre os dias 21 de abril e 30 de maio de 2026. Mais do que um festival, a edi\u00e7\u00e3o deste ano traz como destaque a valoriza\u00e7\u00e3o da mem\u00f3ria cultural. A identidade visual de 2026 foi inspirada na hist\u00f3ria do Cine Teatro Municipal de Sum\u00e9, espa\u00e7o que marcou gera\u00e7\u00f5es como palco de diversas express\u00f5es art\u00edsticas, como cinema, teatro, m\u00fasica e comunica\u00e7\u00e3o. Ao resgatar esse patrim\u00f4nio, a Mostra tamb\u00e9m levanta um debate importante sobre a preserva\u00e7\u00e3o e revitaliza\u00e7\u00e3o dos chamados \u201ccinemas de rua\u201d, reconhecendo esses espa\u00e7os como fundamentais para a constru\u00e7\u00e3o da identidade cultural das cidades. A proposta do evento refor\u00e7a o papel do cinema como instrumento de mem\u00f3ria, resist\u00eancia e express\u00e3o social, incentivando a produ\u00e7\u00e3o audiovisual e a participa\u00e7\u00e3o de novos realizadores. A organiza\u00e7\u00e3o convida cineastas e interessados a participarem da programa\u00e7\u00e3o, destacando que a Mostra \u00e9 um espa\u00e7o aberto \u00e0 arte, \u00e0 diversidade e \u00e0 valoriza\u00e7\u00e3o da cultura. As inscri\u00e7\u00f5es podem ser realizadas no per\u00edodo de 21 de abril a 30 de maio, por meio do link disponibilizado na bio oficial do evento. Noticias em Destaque Fonte: De Olho no Cariri\" \/>\n<meta property=\"og:url\" content=\"https:\/\/noticiasemdestaque.com\/cd\/?p=78131\" \/>\n<meta property=\"og:site_name\" content=\"Not&iacute;cias em Destaque\" \/>\n<meta property=\"article:published_time\" content=\"2026-04-24T14:34:05+00:00\" \/>\n<meta property=\"og:image\" content=\"https:\/\/noticiasemdestaque.com\/cd\/wp-content\/uploads\/2026\/04\/WhatsApp-Image-2026-04-23-at-14.04.40-convertido-de-jpeg.webp\" \/>\n\t<meta property=\"og:image:width\" content=\"600\" \/>\n\t<meta property=\"og:image:height\" content=\"752\" \/>\n\t<meta property=\"og:image:type\" content=\"image\/webp\" \/>\n<meta name=\"author\" content=\"Not\u00edcias em Destaque\" \/>\n<meta name=\"twitter:card\" content=\"summary_large_image\" \/>\n<meta name=\"twitter:label1\" content=\"Escrito por\" \/>\n\t<meta name=\"twitter:data1\" content=\"Not\u00edcias em Destaque\" \/>\n\t<meta name=\"twitter:label2\" content=\"Est. tempo de leitura\" \/>\n\t<meta name=\"twitter:data2\" content=\"2 minutos\" \/>\n<script type=\"application\/ld+json\" class=\"yoast-schema-graph\">{\"@context\":\"https:\/\/schema.org\",\"@graph\":[{\"@type\":\"Article\",\"@id\":\"https:\/\/noticiasemdestaque.com\/cd\/?p=78131#article\",\"isPartOf\":{\"@id\":\"https:\/\/noticiasemdestaque.com\/cd\/?p=78131\"},\"author\":{\"name\":\"Not\u00edcias em Destaque\",\"@id\":\"https:\/\/noticiasemdestaque.com\/cd\/#\/schema\/person\/47f7d4f55eec17c6b2ca036c5500f6ce\"},\"headline\":\"VI Mostra Sum\u00e9 de Cinema abre inscri\u00e7\u00f5es e destaca preserva\u00e7\u00e3o da mem\u00f3ria cultural\",\"datePublished\":\"2026-04-24T14:34:05+00:00\",\"mainEntityOfPage\":{\"@id\":\"https:\/\/noticiasemdestaque.com\/cd\/?p=78131\"},\"wordCount\":253,\"publisher\":{\"@id\":\"https:\/\/noticiasemdestaque.com\/cd\/#organization\"},\"image\":{\"@id\":\"https:\/\/noticiasemdestaque.com\/cd\/?p=78131#primaryimage\"},\"thumbnailUrl\":\"https:\/\/noticiasemdestaque.com\/cd\/wp-content\/uploads\/2026\/04\/WhatsApp-Image-2026-04-23-at-14.04.40-convertido-de-jpeg.webp\",\"articleSection\":[\"Cidades\"],\"inLanguage\":\"pt-BR\"},{\"@type\":\"WebPage\",\"@id\":\"https:\/\/noticiasemdestaque.com\/cd\/?p=78131\",\"url\":\"https:\/\/noticiasemdestaque.com\/cd\/?p=78131\",\"name\":\"VI Mostra Sum\u00e9 de Cinema abre inscri\u00e7\u00f5es e destaca preserva\u00e7\u00e3o da mem\u00f3ria cultural - Not&iacute;cias em Destaque\",\"isPartOf\":{\"@id\":\"https:\/\/noticiasemdestaque.com\/cd\/#website\"},\"primaryImageOfPage\":{\"@id\":\"https:\/\/noticiasemdestaque.com\/cd\/?p=78131#primaryimage\"},\"image\":{\"@id\":\"https:\/\/noticiasemdestaque.com\/cd\/?p=78131#primaryimage\"},\"thumbnailUrl\":\"https:\/\/noticiasemdestaque.com\/cd\/wp-content\/uploads\/2026\/04\/WhatsApp-Image-2026-04-23-at-14.04.40-convertido-de-jpeg.webp\",\"datePublished\":\"2026-04-24T14:34:05+00:00\",\"breadcrumb\":{\"@id\":\"https:\/\/noticiasemdestaque.com\/cd\/?p=78131#breadcrumb\"},\"inLanguage\":\"pt-BR\",\"potentialAction\":[{\"@type\":\"ReadAction\",\"target\":[\"https:\/\/noticiasemdestaque.com\/cd\/?p=78131\"]}]},{\"@type\":\"ImageObject\",\"inLanguage\":\"pt-BR\",\"@id\":\"https:\/\/noticiasemdestaque.com\/cd\/?p=78131#primaryimage\",\"url\":\"https:\/\/noticiasemdestaque.com\/cd\/wp-content\/uploads\/2026\/04\/WhatsApp-Image-2026-04-23-at-14.04.40-convertido-de-jpeg.webp\",\"contentUrl\":\"https:\/\/noticiasemdestaque.com\/cd\/wp-content\/uploads\/2026\/04\/WhatsApp-Image-2026-04-23-at-14.04.40-convertido-de-jpeg.webp\",\"width\":600,\"height\":752},{\"@type\":\"BreadcrumbList\",\"@id\":\"https:\/\/noticiasemdestaque.com\/cd\/?p=78131#breadcrumb\",\"itemListElement\":[{\"@type\":\"ListItem\",\"position\":1,\"name\":\"In\u00edcio\",\"item\":\"https:\/\/noticiasemdestaque.com\/cd\/\"},{\"@type\":\"ListItem\",\"position\":2,\"name\":\"VI Mostra Sum\u00e9 de Cinema abre inscri\u00e7\u00f5es e destaca preserva\u00e7\u00e3o da mem\u00f3ria cultural\"}]},{\"@type\":\"WebSite\",\"@id\":\"https:\/\/noticiasemdestaque.com\/cd\/#website\",\"url\":\"https:\/\/noticiasemdestaque.com\/cd\/\",\"name\":\"Not&iacute;cias em Destaque\",\"description\":\"\",\"publisher\":{\"@id\":\"https:\/\/noticiasemdestaque.com\/cd\/#organization\"},\"potentialAction\":[{\"@type\":\"SearchAction\",\"target\":{\"@type\":\"EntryPoint\",\"urlTemplate\":\"https:\/\/noticiasemdestaque.com\/cd\/?s={search_term_string}\"},\"query-input\":{\"@type\":\"PropertyValueSpecification\",\"valueRequired\":true,\"valueName\":\"search_term_string\"}}],\"inLanguage\":\"pt-BR\"},{\"@type\":\"Organization\",\"@id\":\"https:\/\/noticiasemdestaque.com\/cd\/#organization\",\"name\":\"Not\u00edcias em Destaque\",\"url\":\"https:\/\/noticiasemdestaque.com\/cd\/\",\"logo\":{\"@type\":\"ImageObject\",\"inLanguage\":\"pt-BR\",\"@id\":\"https:\/\/noticiasemdestaque.com\/cd\/#\/schema\/logo\/image\/\",\"url\":\"https:\/\/noticiasemdestaque.com\/cd\/wp-content\/uploads\/2022\/05\/imagem-base-noticiasemdestaque.png\",\"contentUrl\":\"https:\/\/noticiasemdestaque.com\/cd\/wp-content\/uploads\/2022\/05\/imagem-base-noticiasemdestaque.png\",\"width\":1200,\"height\":630,\"caption\":\"Not\u00edcias em Destaque\"},\"image\":{\"@id\":\"https:\/\/noticiasemdestaque.com\/cd\/#\/schema\/logo\/image\/\"}},{\"@type\":\"Person\",\"@id\":\"https:\/\/noticiasemdestaque.com\/cd\/#\/schema\/person\/47f7d4f55eec17c6b2ca036c5500f6ce\",\"name\":\"Not\u00edcias em Destaque\",\"url\":\"https:\/\/noticiasemdestaque.com\/cd\/?author=2\"}]}<\/script>\n<!-- \/ Yoast SEO plugin. -->","yoast_head_json":{"title":"VI Mostra Sum\u00e9 de Cinema abre inscri\u00e7\u00f5es e destaca preserva\u00e7\u00e3o da mem\u00f3ria cultural - Not&iacute;cias em Destaque","robots":{"index":"index","follow":"follow","max-snippet":"max-snippet:-1","max-image-preview":"max-image-preview:large","max-video-preview":"max-video-preview:-1"},"canonical":"https:\/\/noticiasemdestaque.com\/cd\/?p=78131","og_locale":"pt_BR","og_type":"article","og_title":"VI Mostra Sum\u00e9 de Cinema abre inscri\u00e7\u00f5es e destaca preserva\u00e7\u00e3o da mem\u00f3ria cultural - Not&iacute;cias em Destaque","og_description":"A cidade de Sum\u00e9 se prepara para receber mais uma edi\u00e7\u00e3o da Mostra Sum\u00e9 de Cinema. A sexta edi\u00e7\u00e3o do evento j\u00e1 tem data confirmada e contar\u00e1 com a abertura oficial das inscri\u00e7\u00f5es de filmes entre os dias 21 de abril e 30 de maio de 2026. Mais do que um festival, a edi\u00e7\u00e3o deste ano traz como destaque a valoriza\u00e7\u00e3o da mem\u00f3ria cultural. A identidade visual de 2026 foi inspirada na hist\u00f3ria do Cine Teatro Municipal de Sum\u00e9, espa\u00e7o que marcou gera\u00e7\u00f5es como palco de diversas express\u00f5es art\u00edsticas, como cinema, teatro, m\u00fasica e comunica\u00e7\u00e3o. Ao resgatar esse patrim\u00f4nio, a Mostra tamb\u00e9m levanta um debate importante sobre a preserva\u00e7\u00e3o e revitaliza\u00e7\u00e3o dos chamados \u201ccinemas de rua\u201d, reconhecendo esses espa\u00e7os como fundamentais para a constru\u00e7\u00e3o da identidade cultural das cidades. A proposta do evento refor\u00e7a o papel do cinema como instrumento de mem\u00f3ria, resist\u00eancia e express\u00e3o social, incentivando a produ\u00e7\u00e3o audiovisual e a participa\u00e7\u00e3o de novos realizadores. A organiza\u00e7\u00e3o convida cineastas e interessados a participarem da programa\u00e7\u00e3o, destacando que a Mostra \u00e9 um espa\u00e7o aberto \u00e0 arte, \u00e0 diversidade e \u00e0 valoriza\u00e7\u00e3o da cultura. As inscri\u00e7\u00f5es podem ser realizadas no per\u00edodo de 21 de abril a 30 de maio, por meio do link disponibilizado na bio oficial do evento. Noticias em Destaque Fonte: De Olho no Cariri","og_url":"https:\/\/noticiasemdestaque.com\/cd\/?p=78131","og_site_name":"Not&iacute;cias em Destaque","article_published_time":"2026-04-24T14:34:05+00:00","og_image":[{"width":600,"height":752,"url":"https:\/\/noticiasemdestaque.com\/cd\/wp-content\/uploads\/2026\/04\/WhatsApp-Image-2026-04-23-at-14.04.40-convertido-de-jpeg.webp","type":"image\/webp"}],"author":"Not\u00edcias em Destaque","twitter_card":"summary_large_image","twitter_misc":{"Escrito por":"Not\u00edcias em Destaque","Est. tempo de leitura":"2 minutos"},"schema":{"@context":"https:\/\/schema.org","@graph":[{"@type":"Article","@id":"https:\/\/noticiasemdestaque.com\/cd\/?p=78131#article","isPartOf":{"@id":"https:\/\/noticiasemdestaque.com\/cd\/?p=78131"},"author":{"name":"Not\u00edcias em Destaque","@id":"https:\/\/noticiasemdestaque.com\/cd\/#\/schema\/person\/47f7d4f55eec17c6b2ca036c5500f6ce"},"headline":"VI Mostra Sum\u00e9 de Cinema abre inscri\u00e7\u00f5es e destaca preserva\u00e7\u00e3o da mem\u00f3ria cultural","datePublished":"2026-04-24T14:34:05+00:00","mainEntityOfPage":{"@id":"https:\/\/noticiasemdestaque.com\/cd\/?p=78131"},"wordCount":253,"publisher":{"@id":"https:\/\/noticiasemdestaque.com\/cd\/#organization"},"image":{"@id":"https:\/\/noticiasemdestaque.com\/cd\/?p=78131#primaryimage"},"thumbnailUrl":"https:\/\/noticiasemdestaque.com\/cd\/wp-content\/uploads\/2026\/04\/WhatsApp-Image-2026-04-23-at-14.04.40-convertido-de-jpeg.webp","articleSection":["Cidades"],"inLanguage":"pt-BR"},{"@type":"WebPage","@id":"https:\/\/noticiasemdestaque.com\/cd\/?p=78131","url":"https:\/\/noticiasemdestaque.com\/cd\/?p=78131","name":"VI Mostra Sum\u00e9 de Cinema abre inscri\u00e7\u00f5es e destaca preserva\u00e7\u00e3o da mem\u00f3ria cultural - Not&iacute;cias em Destaque","isPartOf":{"@id":"https:\/\/noticiasemdestaque.com\/cd\/#website"},"primaryImageOfPage":{"@id":"https:\/\/noticiasemdestaque.com\/cd\/?p=78131#primaryimage"},"image":{"@id":"https:\/\/noticiasemdestaque.com\/cd\/?p=78131#primaryimage"},"thumbnailUrl":"https:\/\/noticiasemdestaque.com\/cd\/wp-content\/uploads\/2026\/04\/WhatsApp-Image-2026-04-23-at-14.04.40-convertido-de-jpeg.webp","datePublished":"2026-04-24T14:34:05+00:00","breadcrumb":{"@id":"https:\/\/noticiasemdestaque.com\/cd\/?p=78131#breadcrumb"},"inLanguage":"pt-BR","potentialAction":[{"@type":"ReadAction","target":["https:\/\/noticiasemdestaque.com\/cd\/?p=78131"]}]},{"@type":"ImageObject","inLanguage":"pt-BR","@id":"https:\/\/noticiasemdestaque.com\/cd\/?p=78131#primaryimage","url":"https:\/\/noticiasemdestaque.com\/cd\/wp-content\/uploads\/2026\/04\/WhatsApp-Image-2026-04-23-at-14.04.40-convertido-de-jpeg.webp","contentUrl":"https:\/\/noticiasemdestaque.com\/cd\/wp-content\/uploads\/2026\/04\/WhatsApp-Image-2026-04-23-at-14.04.40-convertido-de-jpeg.webp","width":600,"height":752},{"@type":"BreadcrumbList","@id":"https:\/\/noticiasemdestaque.com\/cd\/?p=78131#breadcrumb","itemListElement":[{"@type":"ListItem","position":1,"name":"In\u00edcio","item":"https:\/\/noticiasemdestaque.com\/cd\/"},{"@type":"ListItem","position":2,"name":"VI Mostra Sum\u00e9 de Cinema abre inscri\u00e7\u00f5es e destaca preserva\u00e7\u00e3o da mem\u00f3ria cultural"}]},{"@type":"WebSite","@id":"https:\/\/noticiasemdestaque.com\/cd\/#website","url":"https:\/\/noticiasemdestaque.com\/cd\/","name":"Not&iacute;cias em Destaque","description":"","publisher":{"@id":"https:\/\/noticiasemdestaque.com\/cd\/#organization"},"potentialAction":[{"@type":"SearchAction","target":{"@type":"EntryPoint","urlTemplate":"https:\/\/noticiasemdestaque.com\/cd\/?s={search_term_string}"},"query-input":{"@type":"PropertyValueSpecification","valueRequired":true,"valueName":"search_term_string"}}],"inLanguage":"pt-BR"},{"@type":"Organization","@id":"https:\/\/noticiasemdestaque.com\/cd\/#organization","name":"Not\u00edcias em Destaque","url":"https:\/\/noticiasemdestaque.com\/cd\/","logo":{"@type":"ImageObject","inLanguage":"pt-BR","@id":"https:\/\/noticiasemdestaque.com\/cd\/#\/schema\/logo\/image\/","url":"https:\/\/noticiasemdestaque.com\/cd\/wp-content\/uploads\/2022\/05\/imagem-base-noticiasemdestaque.png","contentUrl":"https:\/\/noticiasemdestaque.com\/cd\/wp-content\/uploads\/2022\/05\/imagem-base-noticiasemdestaque.png","width":1200,"height":630,"caption":"Not\u00edcias em Destaque"},"image":{"@id":"https:\/\/noticiasemdestaque.com\/cd\/#\/schema\/logo\/image\/"}},{"@type":"Person","@id":"https:\/\/noticiasemdestaque.com\/cd\/#\/schema\/person\/47f7d4f55eec17c6b2ca036c5500f6ce","name":"Not\u00edcias em Destaque","url":"https:\/\/noticiasemdestaque.com\/cd\/?author=2"}]}},"jetpack_featured_media_url":"https:\/\/noticiasemdestaque.com\/cd\/wp-content\/uploads\/2026\/04\/WhatsApp-Image-2026-04-23-at-14.04.40-convertido-de-jpeg.webp","jetpack_sharing_enabled":true,"_links":{"self":[{"href":"https:\/\/noticiasemdestaque.com\/cd\/index.php?rest_route=\/wp\/v2\/posts\/78131","targetHints":{"allow":["GET"]}}],"collection":[{"href":"https:\/\/noticiasemdestaque.com\/cd\/index.php?rest_route=\/wp\/v2\/posts"}],"about":[{"href":"https:\/\/noticiasemdestaque.com\/cd\/index.php?rest_route=\/wp\/v2\/types\/post"}],"author":[{"embeddable":true,"href":"https:\/\/noticiasemdestaque.com\/cd\/index.php?rest_route=\/wp\/v2\/users\/2"}],"replies":[{"embeddable":true,"href":"https:\/\/noticiasemdestaque.com\/cd\/index.php?rest_route=%2Fwp%2Fv2%2Fcomments&post=78131"}],"version-history":[{"count":1,"href":"https:\/\/noticiasemdestaque.com\/cd\/index.php?rest_route=\/wp\/v2\/posts\/78131\/revisions"}],"predecessor-version":[{"id":78133,"href":"https:\/\/noticiasemdestaque.com\/cd\/index.php?rest_route=\/wp\/v2\/posts\/78131\/revisions\/78133"}],"wp:featuredmedia":[{"embeddable":true,"href":"https:\/\/noticiasemdestaque.com\/cd\/index.php?rest_route=\/wp\/v2\/media\/78132"}],"wp:attachment":[{"href":"https:\/\/noticiasemdestaque.com\/cd\/index.php?rest_route=%2Fwp%2Fv2%2Fmedia&parent=78131"}],"wp:term":[{"taxonomy":"category","embeddable":true,"href":"https:\/\/noticiasemdestaque.com\/cd\/index.php?rest_route=%2Fwp%2Fv2%2Fcategories&post=78131"},{"taxonomy":"post_tag","embeddable":true,"href":"https:\/\/noticiasemdestaque.com\/cd\/index.php?rest_route=%2Fwp%2Fv2%2Ftags&post=78131"}],"curies":[{"name":"wp","href":"https:\/\/api.w.org\/{rel}","templated":true}]}}