{"id":78128,"date":"2026-04-24T11:23:18","date_gmt":"2026-04-24T14:23:18","guid":{"rendered":"https:\/\/noticiasemdestaque.com\/cd\/?p=78128"},"modified":"2026-04-24T11:23:18","modified_gmt":"2026-04-24T14:23:18","slug":"conselheiro-tutelar-morre-eletrocutado-na-zona-rural-de-sao-sebastiao-do-umbuzeiro","status":"publish","type":"post","link":"https:\/\/noticiasemdestaque.com\/cd\/?p=78128","title":{"rendered":"Conselheiro tutelar morre eletrocutado na zona rural de S\u00e3o Sebasti\u00e3o do Umbuzeiro"},"content":{"rendered":"<p><a href=\"https:\/\/noticiasemdestaque.com\/cd\/wp-content\/uploads\/2026\/04\/WhatsApp-Image-2026-04-23-at-21.08.12.jpeg\"><img fetchpriority=\"high\" decoding=\"async\" class=\" wp-image-78129 aligncenter\" src=\"https:\/\/noticiasemdestaque.com\/cd\/wp-content\/uploads\/2026\/04\/WhatsApp-Image-2026-04-23-at-21.08.12-169x300.jpeg\" alt=\"\" width=\"853\" height=\"1514\" srcset=\"https:\/\/noticiasemdestaque.com\/cd\/wp-content\/uploads\/2026\/04\/WhatsApp-Image-2026-04-23-at-21.08.12-169x300.jpeg 169w, https:\/\/noticiasemdestaque.com\/cd\/wp-content\/uploads\/2026\/04\/WhatsApp-Image-2026-04-23-at-21.08.12-577x1024.jpeg 577w, https:\/\/noticiasemdestaque.com\/cd\/wp-content\/uploads\/2026\/04\/WhatsApp-Image-2026-04-23-at-21.08.12-768x1363.jpeg 768w, https:\/\/noticiasemdestaque.com\/cd\/wp-content\/uploads\/2026\/04\/WhatsApp-Image-2026-04-23-at-21.08.12-866x1536.jpeg 866w, https:\/\/noticiasemdestaque.com\/cd\/wp-content\/uploads\/2026\/04\/WhatsApp-Image-2026-04-23-at-21.08.12.jpeg 1154w\" sizes=\"(max-width: 853px) 100vw, 853px\" \/><\/a><\/p>\n<p>Um conselheiro tutelar do munic\u00edpio de S\u00e3o Sebasti\u00e3o do Umbuzeiro morreu na tarde desta ter\u00e7a-feira (23) ap\u00f3s sofrer um choque el\u00e9trico. A v\u00edtima foi identificada como Lucivando da Silva Lira, conhecido como Vandinho.<\/p>\n<p>De acordo com informa\u00e7\u00f5es preliminares, o caso ocorreu no S\u00edtio Santo Ant\u00f4nio, na zona rural do munic\u00edpio, em uma \u00e1rea de plantio de tomates. Lucivando realizava a troca de uma l\u00e2mpada instalada em uma liga\u00e7\u00e3o improvisada \u2014 conhecida como \u201cgambiarra\u201d \u2014 utilizada para ilumina\u00e7\u00e3o noturna da planta\u00e7\u00e3o, quando sofreu uma descarga el\u00e9trica proveniente de uma bomba.<\/p>\n<p>Lucivando da Silva Lira atuava como conselheiro tutelar e era conhecido pela atua\u00e7\u00e3o junto \u00e0 comunidade, exercendo suas fun\u00e7\u00f5es com dedica\u00e7\u00e3o no atendimento \u00e0s fam\u00edlias do munic\u00edpio.<\/p>\n<p>A Prefeitura de S\u00e3o Sebasti\u00e3o do Umbuzeiro decretou luto oficial em raz\u00e3o do falecimento, em reconhecimento aos servi\u00e7os prestados por Vandinho.<\/p>\n<p><strong>Noticias em Destaque<\/strong><\/p>\n<p style=\"text-align: right;\"><em>Fonte: Para\u00edba Mix<\/em><\/p>\n","protected":false},"excerpt":{"rendered":"<p>Um conselheiro tutelar do munic\u00edpio de S\u00e3o Sebasti\u00e3o do Umbuzeiro morreu na tarde desta ter\u00e7a-feira (23) ap\u00f3s sofrer um choque el\u00e9trico. A v\u00edtima foi identificada como Lucivando da Silva Lira, conhecido como Vandinho. De acordo com informa\u00e7\u00f5es preliminares, o caso ocorreu no S\u00edtio Santo Ant\u00f4nio, na zona rural do munic\u00edpio, em uma \u00e1rea de plantio de tomates. Lucivando realizava a troca de uma l\u00e2mpada instalada em uma liga\u00e7\u00e3o improvisada \u2014 conhecida como \u201cgambiarra\u201d \u2014 utilizada para ilumina\u00e7\u00e3o noturna da planta\u00e7\u00e3o, quando sofreu uma descarga el\u00e9trica proveniente de uma bomba. Lucivando da Silva Lira atuava como conselheiro tutelar e era conhecido pela atua\u00e7\u00e3o junto \u00e0 comunidade, exercendo suas fun\u00e7\u00f5es com dedica\u00e7\u00e3o no atendimento \u00e0s fam\u00edlias do munic\u00edpio. A Prefeitura de S\u00e3o Sebasti\u00e3o do Umbuzeiro decretou luto oficial em raz\u00e3o do falecimento, em reconhecimento aos servi\u00e7os prestados por Vandinho. Noticias em Destaque Fonte: Para\u00edba Mix<\/p>\n","protected":false},"author":2,"featured_media":78129,"comment_status":"closed","ping_status":"closed","sticky":false,"template":"","format":"standard","meta":{"_eb_attr":"","_jetpack_memberships_contains_paid_content":false,"footnotes":""},"categories":[20],"tags":[],"class_list":["post-78128","post","type-post","status-publish","format-standard","has-post-thumbnail","hentry","category-policia"],"yoast_head":"<!-- This site is optimized with the Yoast SEO plugin v26.5 - https:\/\/yoast.com\/wordpress\/plugins\/seo\/ -->\n<title>Conselheiro tutelar morre eletrocutado na zona rural de S\u00e3o Sebasti\u00e3o do Umbuzeiro - Not&iacute;cias em Destaque<\/title>\n<meta name=\"robots\" content=\"index, follow, max-snippet:-1, max-image-preview:large, max-video-preview:-1\" \/>\n<link rel=\"canonical\" href=\"https:\/\/noticiasemdestaque.com\/cd\/?p=78128\" \/>\n<meta property=\"og:locale\" content=\"pt_BR\" \/>\n<meta property=\"og:type\" content=\"article\" \/>\n<meta property=\"og:title\" content=\"Conselheiro tutelar morre eletrocutado na zona rural de S\u00e3o Sebasti\u00e3o do Umbuzeiro - Not&iacute;cias em Destaque\" \/>\n<meta property=\"og:description\" content=\"Um conselheiro tutelar do munic\u00edpio de S\u00e3o Sebasti\u00e3o do Umbuzeiro morreu na tarde desta ter\u00e7a-feira (23) ap\u00f3s sofrer um choque el\u00e9trico. A v\u00edtima foi identificada como Lucivando da Silva Lira, conhecido como Vandinho. De acordo com informa\u00e7\u00f5es preliminares, o caso ocorreu no S\u00edtio Santo Ant\u00f4nio, na zona rural do munic\u00edpio, em uma \u00e1rea de plantio de tomates. Lucivando realizava a troca de uma l\u00e2mpada instalada em uma liga\u00e7\u00e3o improvisada \u2014 conhecida como \u201cgambiarra\u201d \u2014 utilizada para ilumina\u00e7\u00e3o noturna da planta\u00e7\u00e3o, quando sofreu uma descarga el\u00e9trica proveniente de uma bomba. Lucivando da Silva Lira atuava como conselheiro tutelar e era conhecido pela atua\u00e7\u00e3o junto \u00e0 comunidade, exercendo suas fun\u00e7\u00f5es com dedica\u00e7\u00e3o no atendimento \u00e0s fam\u00edlias do munic\u00edpio. A Prefeitura de S\u00e3o Sebasti\u00e3o do Umbuzeiro decretou luto oficial em raz\u00e3o do falecimento, em reconhecimento aos servi\u00e7os prestados por Vandinho. Noticias em Destaque Fonte: Para\u00edba Mix\" \/>\n<meta property=\"og:url\" content=\"https:\/\/noticiasemdestaque.com\/cd\/?p=78128\" \/>\n<meta property=\"og:site_name\" content=\"Not&iacute;cias em Destaque\" \/>\n<meta property=\"article:published_time\" content=\"2026-04-24T14:23:18+00:00\" \/>\n<meta property=\"og:image\" content=\"https:\/\/noticiasemdestaque.com\/cd\/wp-content\/uploads\/2026\/04\/WhatsApp-Image-2026-04-23-at-21.08.12.jpeg\" \/>\n\t<meta property=\"og:image:width\" content=\"1154\" \/>\n\t<meta property=\"og:image:height\" content=\"2048\" \/>\n\t<meta property=\"og:image:type\" content=\"image\/jpeg\" \/>\n<meta name=\"author\" content=\"Not\u00edcias em Destaque\" \/>\n<meta name=\"twitter:card\" content=\"summary_large_image\" \/>\n<meta name=\"twitter:label1\" content=\"Escrito por\" \/>\n\t<meta name=\"twitter:data1\" content=\"Not\u00edcias em Destaque\" \/>\n\t<meta name=\"twitter:label2\" content=\"Est. tempo de leitura\" \/>\n\t<meta name=\"twitter:data2\" content=\"2 minutos\" \/>\n<script type=\"application\/ld+json\" class=\"yoast-schema-graph\">{\"@context\":\"https:\/\/schema.org\",\"@graph\":[{\"@type\":\"Article\",\"@id\":\"https:\/\/noticiasemdestaque.com\/cd\/?p=78128#article\",\"isPartOf\":{\"@id\":\"https:\/\/noticiasemdestaque.com\/cd\/?p=78128\"},\"author\":{\"name\":\"Not\u00edcias em Destaque\",\"@id\":\"https:\/\/noticiasemdestaque.com\/cd\/#\/schema\/person\/47f7d4f55eec17c6b2ca036c5500f6ce\"},\"headline\":\"Conselheiro tutelar morre eletrocutado na zona rural de S\u00e3o Sebasti\u00e3o do Umbuzeiro\",\"datePublished\":\"2026-04-24T14:23:18+00:00\",\"mainEntityOfPage\":{\"@id\":\"https:\/\/noticiasemdestaque.com\/cd\/?p=78128\"},\"wordCount\":179,\"publisher\":{\"@id\":\"https:\/\/noticiasemdestaque.com\/cd\/#organization\"},\"image\":{\"@id\":\"https:\/\/noticiasemdestaque.com\/cd\/?p=78128#primaryimage\"},\"thumbnailUrl\":\"https:\/\/noticiasemdestaque.com\/cd\/wp-content\/uploads\/2026\/04\/WhatsApp-Image-2026-04-23-at-21.08.12.jpeg\",\"articleSection\":[\"Pol\u00edcia\"],\"inLanguage\":\"pt-BR\"},{\"@type\":\"WebPage\",\"@id\":\"https:\/\/noticiasemdestaque.com\/cd\/?p=78128\",\"url\":\"https:\/\/noticiasemdestaque.com\/cd\/?p=78128\",\"name\":\"Conselheiro tutelar morre eletrocutado na zona rural de S\u00e3o Sebasti\u00e3o do Umbuzeiro - Not&iacute;cias em Destaque\",\"isPartOf\":{\"@id\":\"https:\/\/noticiasemdestaque.com\/cd\/#website\"},\"primaryImageOfPage\":{\"@id\":\"https:\/\/noticiasemdestaque.com\/cd\/?p=78128#primaryimage\"},\"image\":{\"@id\":\"https:\/\/noticiasemdestaque.com\/cd\/?p=78128#primaryimage\"},\"thumbnailUrl\":\"https:\/\/noticiasemdestaque.com\/cd\/wp-content\/uploads\/2026\/04\/WhatsApp-Image-2026-04-23-at-21.08.12.jpeg\",\"datePublished\":\"2026-04-24T14:23:18+00:00\",\"breadcrumb\":{\"@id\":\"https:\/\/noticiasemdestaque.com\/cd\/?p=78128#breadcrumb\"},\"inLanguage\":\"pt-BR\",\"potentialAction\":[{\"@type\":\"ReadAction\",\"target\":[\"https:\/\/noticiasemdestaque.com\/cd\/?p=78128\"]}]},{\"@type\":\"ImageObject\",\"inLanguage\":\"pt-BR\",\"@id\":\"https:\/\/noticiasemdestaque.com\/cd\/?p=78128#primaryimage\",\"url\":\"https:\/\/noticiasemdestaque.com\/cd\/wp-content\/uploads\/2026\/04\/WhatsApp-Image-2026-04-23-at-21.08.12.jpeg\",\"contentUrl\":\"https:\/\/noticiasemdestaque.com\/cd\/wp-content\/uploads\/2026\/04\/WhatsApp-Image-2026-04-23-at-21.08.12.jpeg\",\"width\":1154,\"height\":2048},{\"@type\":\"BreadcrumbList\",\"@id\":\"https:\/\/noticiasemdestaque.com\/cd\/?p=78128#breadcrumb\",\"itemListElement\":[{\"@type\":\"ListItem\",\"position\":1,\"name\":\"In\u00edcio\",\"item\":\"https:\/\/noticiasemdestaque.com\/cd\/\"},{\"@type\":\"ListItem\",\"position\":2,\"name\":\"Conselheiro tutelar morre eletrocutado na zona rural de S\u00e3o Sebasti\u00e3o do Umbuzeiro\"}]},{\"@type\":\"WebSite\",\"@id\":\"https:\/\/noticiasemdestaque.com\/cd\/#website\",\"url\":\"https:\/\/noticiasemdestaque.com\/cd\/\",\"name\":\"Not&iacute;cias em Destaque\",\"description\":\"\",\"publisher\":{\"@id\":\"https:\/\/noticiasemdestaque.com\/cd\/#organization\"},\"potentialAction\":[{\"@type\":\"SearchAction\",\"target\":{\"@type\":\"EntryPoint\",\"urlTemplate\":\"https:\/\/noticiasemdestaque.com\/cd\/?s={search_term_string}\"},\"query-input\":{\"@type\":\"PropertyValueSpecification\",\"valueRequired\":true,\"valueName\":\"search_term_string\"}}],\"inLanguage\":\"pt-BR\"},{\"@type\":\"Organization\",\"@id\":\"https:\/\/noticiasemdestaque.com\/cd\/#organization\",\"name\":\"Not\u00edcias em Destaque\",\"url\":\"https:\/\/noticiasemdestaque.com\/cd\/\",\"logo\":{\"@type\":\"ImageObject\",\"inLanguage\":\"pt-BR\",\"@id\":\"https:\/\/noticiasemdestaque.com\/cd\/#\/schema\/logo\/image\/\",\"url\":\"https:\/\/noticiasemdestaque.com\/cd\/wp-content\/uploads\/2022\/05\/imagem-base-noticiasemdestaque.png\",\"contentUrl\":\"https:\/\/noticiasemdestaque.com\/cd\/wp-content\/uploads\/2022\/05\/imagem-base-noticiasemdestaque.png\",\"width\":1200,\"height\":630,\"caption\":\"Not\u00edcias em Destaque\"},\"image\":{\"@id\":\"https:\/\/noticiasemdestaque.com\/cd\/#\/schema\/logo\/image\/\"}},{\"@type\":\"Person\",\"@id\":\"https:\/\/noticiasemdestaque.com\/cd\/#\/schema\/person\/47f7d4f55eec17c6b2ca036c5500f6ce\",\"name\":\"Not\u00edcias em Destaque\",\"url\":\"https:\/\/noticiasemdestaque.com\/cd\/?author=2\"}]}<\/script>\n<!-- \/ Yoast SEO plugin. -->","yoast_head_json":{"title":"Conselheiro tutelar morre eletrocutado na zona rural de S\u00e3o Sebasti\u00e3o do Umbuzeiro - Not&iacute;cias em Destaque","robots":{"index":"index","follow":"follow","max-snippet":"max-snippet:-1","max-image-preview":"max-image-preview:large","max-video-preview":"max-video-preview:-1"},"canonical":"https:\/\/noticiasemdestaque.com\/cd\/?p=78128","og_locale":"pt_BR","og_type":"article","og_title":"Conselheiro tutelar morre eletrocutado na zona rural de S\u00e3o Sebasti\u00e3o do Umbuzeiro - Not&iacute;cias em Destaque","og_description":"Um conselheiro tutelar do munic\u00edpio de S\u00e3o Sebasti\u00e3o do Umbuzeiro morreu na tarde desta ter\u00e7a-feira (23) ap\u00f3s sofrer um choque el\u00e9trico. A v\u00edtima foi identificada como Lucivando da Silva Lira, conhecido como Vandinho. De acordo com informa\u00e7\u00f5es preliminares, o caso ocorreu no S\u00edtio Santo Ant\u00f4nio, na zona rural do munic\u00edpio, em uma \u00e1rea de plantio de tomates. Lucivando realizava a troca de uma l\u00e2mpada instalada em uma liga\u00e7\u00e3o improvisada \u2014 conhecida como \u201cgambiarra\u201d \u2014 utilizada para ilumina\u00e7\u00e3o noturna da planta\u00e7\u00e3o, quando sofreu uma descarga el\u00e9trica proveniente de uma bomba. Lucivando da Silva Lira atuava como conselheiro tutelar e era conhecido pela atua\u00e7\u00e3o junto \u00e0 comunidade, exercendo suas fun\u00e7\u00f5es com dedica\u00e7\u00e3o no atendimento \u00e0s fam\u00edlias do munic\u00edpio. A Prefeitura de S\u00e3o Sebasti\u00e3o do Umbuzeiro decretou luto oficial em raz\u00e3o do falecimento, em reconhecimento aos servi\u00e7os prestados por Vandinho. Noticias em Destaque Fonte: Para\u00edba Mix","og_url":"https:\/\/noticiasemdestaque.com\/cd\/?p=78128","og_site_name":"Not&iacute;cias em Destaque","article_published_time":"2026-04-24T14:23:18+00:00","og_image":[{"width":1154,"height":2048,"url":"https:\/\/noticiasemdestaque.com\/cd\/wp-content\/uploads\/2026\/04\/WhatsApp-Image-2026-04-23-at-21.08.12.jpeg","type":"image\/jpeg"}],"author":"Not\u00edcias em Destaque","twitter_card":"summary_large_image","twitter_misc":{"Escrito por":"Not\u00edcias em Destaque","Est. tempo de leitura":"2 minutos"},"schema":{"@context":"https:\/\/schema.org","@graph":[{"@type":"Article","@id":"https:\/\/noticiasemdestaque.com\/cd\/?p=78128#article","isPartOf":{"@id":"https:\/\/noticiasemdestaque.com\/cd\/?p=78128"},"author":{"name":"Not\u00edcias em Destaque","@id":"https:\/\/noticiasemdestaque.com\/cd\/#\/schema\/person\/47f7d4f55eec17c6b2ca036c5500f6ce"},"headline":"Conselheiro tutelar morre eletrocutado na zona rural de S\u00e3o Sebasti\u00e3o do Umbuzeiro","datePublished":"2026-04-24T14:23:18+00:00","mainEntityOfPage":{"@id":"https:\/\/noticiasemdestaque.com\/cd\/?p=78128"},"wordCount":179,"publisher":{"@id":"https:\/\/noticiasemdestaque.com\/cd\/#organization"},"image":{"@id":"https:\/\/noticiasemdestaque.com\/cd\/?p=78128#primaryimage"},"thumbnailUrl":"https:\/\/noticiasemdestaque.com\/cd\/wp-content\/uploads\/2026\/04\/WhatsApp-Image-2026-04-23-at-21.08.12.jpeg","articleSection":["Pol\u00edcia"],"inLanguage":"pt-BR"},{"@type":"WebPage","@id":"https:\/\/noticiasemdestaque.com\/cd\/?p=78128","url":"https:\/\/noticiasemdestaque.com\/cd\/?p=78128","name":"Conselheiro tutelar morre eletrocutado na zona rural de S\u00e3o Sebasti\u00e3o do Umbuzeiro - Not&iacute;cias em Destaque","isPartOf":{"@id":"https:\/\/noticiasemdestaque.com\/cd\/#website"},"primaryImageOfPage":{"@id":"https:\/\/noticiasemdestaque.com\/cd\/?p=78128#primaryimage"},"image":{"@id":"https:\/\/noticiasemdestaque.com\/cd\/?p=78128#primaryimage"},"thumbnailUrl":"https:\/\/noticiasemdestaque.com\/cd\/wp-content\/uploads\/2026\/04\/WhatsApp-Image-2026-04-23-at-21.08.12.jpeg","datePublished":"2026-04-24T14:23:18+00:00","breadcrumb":{"@id":"https:\/\/noticiasemdestaque.com\/cd\/?p=78128#breadcrumb"},"inLanguage":"pt-BR","potentialAction":[{"@type":"ReadAction","target":["https:\/\/noticiasemdestaque.com\/cd\/?p=78128"]}]},{"@type":"ImageObject","inLanguage":"pt-BR","@id":"https:\/\/noticiasemdestaque.com\/cd\/?p=78128#primaryimage","url":"https:\/\/noticiasemdestaque.com\/cd\/wp-content\/uploads\/2026\/04\/WhatsApp-Image-2026-04-23-at-21.08.12.jpeg","contentUrl":"https:\/\/noticiasemdestaque.com\/cd\/wp-content\/uploads\/2026\/04\/WhatsApp-Image-2026-04-23-at-21.08.12.jpeg","width":1154,"height":2048},{"@type":"BreadcrumbList","@id":"https:\/\/noticiasemdestaque.com\/cd\/?p=78128#breadcrumb","itemListElement":[{"@type":"ListItem","position":1,"name":"In\u00edcio","item":"https:\/\/noticiasemdestaque.com\/cd\/"},{"@type":"ListItem","position":2,"name":"Conselheiro tutelar morre eletrocutado na zona rural de S\u00e3o Sebasti\u00e3o do Umbuzeiro"}]},{"@type":"WebSite","@id":"https:\/\/noticiasemdestaque.com\/cd\/#website","url":"https:\/\/noticiasemdestaque.com\/cd\/","name":"Not&iacute;cias em Destaque","description":"","publisher":{"@id":"https:\/\/noticiasemdestaque.com\/cd\/#organization"},"potentialAction":[{"@type":"SearchAction","target":{"@type":"EntryPoint","urlTemplate":"https:\/\/noticiasemdestaque.com\/cd\/?s={search_term_string}"},"query-input":{"@type":"PropertyValueSpecification","valueRequired":true,"valueName":"search_term_string"}}],"inLanguage":"pt-BR"},{"@type":"Organization","@id":"https:\/\/noticiasemdestaque.com\/cd\/#organization","name":"Not\u00edcias em Destaque","url":"https:\/\/noticiasemdestaque.com\/cd\/","logo":{"@type":"ImageObject","inLanguage":"pt-BR","@id":"https:\/\/noticiasemdestaque.com\/cd\/#\/schema\/logo\/image\/","url":"https:\/\/noticiasemdestaque.com\/cd\/wp-content\/uploads\/2022\/05\/imagem-base-noticiasemdestaque.png","contentUrl":"https:\/\/noticiasemdestaque.com\/cd\/wp-content\/uploads\/2022\/05\/imagem-base-noticiasemdestaque.png","width":1200,"height":630,"caption":"Not\u00edcias em Destaque"},"image":{"@id":"https:\/\/noticiasemdestaque.com\/cd\/#\/schema\/logo\/image\/"}},{"@type":"Person","@id":"https:\/\/noticiasemdestaque.com\/cd\/#\/schema\/person\/47f7d4f55eec17c6b2ca036c5500f6ce","name":"Not\u00edcias em Destaque","url":"https:\/\/noticiasemdestaque.com\/cd\/?author=2"}]}},"jetpack_featured_media_url":"https:\/\/noticiasemdestaque.com\/cd\/wp-content\/uploads\/2026\/04\/WhatsApp-Image-2026-04-23-at-21.08.12.jpeg","jetpack_sharing_enabled":true,"_links":{"self":[{"href":"https:\/\/noticiasemdestaque.com\/cd\/index.php?rest_route=\/wp\/v2\/posts\/78128","targetHints":{"allow":["GET"]}}],"collection":[{"href":"https:\/\/noticiasemdestaque.com\/cd\/index.php?rest_route=\/wp\/v2\/posts"}],"about":[{"href":"https:\/\/noticiasemdestaque.com\/cd\/index.php?rest_route=\/wp\/v2\/types\/post"}],"author":[{"embeddable":true,"href":"https:\/\/noticiasemdestaque.com\/cd\/index.php?rest_route=\/wp\/v2\/users\/2"}],"replies":[{"embeddable":true,"href":"https:\/\/noticiasemdestaque.com\/cd\/index.php?rest_route=%2Fwp%2Fv2%2Fcomments&post=78128"}],"version-history":[{"count":1,"href":"https:\/\/noticiasemdestaque.com\/cd\/index.php?rest_route=\/wp\/v2\/posts\/78128\/revisions"}],"predecessor-version":[{"id":78130,"href":"https:\/\/noticiasemdestaque.com\/cd\/index.php?rest_route=\/wp\/v2\/posts\/78128\/revisions\/78130"}],"wp:featuredmedia":[{"embeddable":true,"href":"https:\/\/noticiasemdestaque.com\/cd\/index.php?rest_route=\/wp\/v2\/media\/78129"}],"wp:attachment":[{"href":"https:\/\/noticiasemdestaque.com\/cd\/index.php?rest_route=%2Fwp%2Fv2%2Fmedia&parent=78128"}],"wp:term":[{"taxonomy":"category","embeddable":true,"href":"https:\/\/noticiasemdestaque.com\/cd\/index.php?rest_route=%2Fwp%2Fv2%2Fcategories&post=78128"},{"taxonomy":"post_tag","embeddable":true,"href":"https:\/\/noticiasemdestaque.com\/cd\/index.php?rest_route=%2Fwp%2Fv2%2Ftags&post=78128"}],"curies":[{"name":"wp","href":"https:\/\/api.w.org\/{rel}","templated":true}]}}