{"id":78125,"date":"2026-04-24T11:06:50","date_gmt":"2026-04-24T14:06:50","guid":{"rendered":"https:\/\/noticiasemdestaque.com\/cd\/?p=78125"},"modified":"2026-04-24T11:06:50","modified_gmt":"2026-04-24T14:06:50","slug":"prefeito-de-parari-genival-queiroz-se-reune-com-joao-azevedo-e-reafirma-apoio-ao-senado","status":"publish","type":"post","link":"https:\/\/noticiasemdestaque.com\/cd\/?p=78125","title":{"rendered":"Prefeito de Parari, Genival Queiroz, se re\u00fane com Jo\u00e3o Azev\u00eado e reafirma apoio ao Senado"},"content":{"rendered":"<p><a href=\"https:\/\/noticiasemdestaque.com\/cd\/wp-content\/uploads\/2026\/04\/IMG_7849-1024x682-1.webp\"><img fetchpriority=\"high\" decoding=\"async\" class=\" wp-image-78126 aligncenter\" src=\"https:\/\/noticiasemdestaque.com\/cd\/wp-content\/uploads\/2026\/04\/IMG_7849-1024x682-1-300x200.webp\" alt=\"\" width=\"995\" height=\"663\" srcset=\"https:\/\/noticiasemdestaque.com\/cd\/wp-content\/uploads\/2026\/04\/IMG_7849-1024x682-1-300x200.webp 300w, https:\/\/noticiasemdestaque.com\/cd\/wp-content\/uploads\/2026\/04\/IMG_7849-1024x682-1-768x512.webp 768w, https:\/\/noticiasemdestaque.com\/cd\/wp-content\/uploads\/2026\/04\/IMG_7849-1024x682-1.webp 1024w\" sizes=\"(max-width: 995px) 100vw, 995px\" \/><\/a><\/p>\n<p>O prefeito de Parari, Genival Queiroz, esteve reunido com o ex-governador da Para\u00edba e pr\u00e9-candidato ao Senado, Jo\u00e3o Azev\u00eado, em um encontro marcado pelo fortalecimento de parcerias pol\u00edticas e institucionais.<\/p>\n<p>Na oportunidade, Genival agradeceu o apoio recebido ao longo dos \u00faltimos anos, destacando a destina\u00e7\u00e3o de obras, investimentos e recursos que contribu\u00edram diretamente para o desenvolvimento do munic\u00edpio de Parari. Segundo o gestor, a parceria com o ex-governador foi fundamental para a realiza\u00e7\u00e3o de importantes a\u00e7\u00f5es na cidade.<\/p>\n<p>Durante a reuni\u00e3o, o prefeito tamb\u00e9m reafirmou seu apoio \u00e0 pr\u00e9-candidatura de Jo\u00e3o Azev\u00eado ao Senado Federal, ressaltando a confian\u00e7a no trabalho e na continuidade de projetos que possam beneficiar n\u00e3o apenas Parari, mas toda a regi\u00e3o do Cariri paraibano.<\/p>\n<p><strong>Noticias em Destaque<\/strong><\/p>\n<p style=\"text-align: right;\"><em>Fonte: Assessoria<\/em><\/p>\n","protected":false},"excerpt":{"rendered":"<p>O prefeito de Parari, Genival Queiroz, esteve reunido com o ex-governador da Para\u00edba e pr\u00e9-candidato ao Senado, Jo\u00e3o Azev\u00eado, em um encontro marcado pelo fortalecimento de parcerias pol\u00edticas e institucionais. Na oportunidade, Genival agradeceu o apoio recebido ao longo dos \u00faltimos anos, destacando a destina\u00e7\u00e3o de obras, investimentos e recursos que contribu\u00edram diretamente para o desenvolvimento do munic\u00edpio de Parari. Segundo o gestor, a parceria com o ex-governador foi fundamental para a realiza\u00e7\u00e3o de importantes a\u00e7\u00f5es na cidade. Durante a reuni\u00e3o, o prefeito tamb\u00e9m reafirmou seu apoio \u00e0 pr\u00e9-candidatura de Jo\u00e3o Azev\u00eado ao Senado Federal, ressaltando a confian\u00e7a no trabalho e na continuidade de projetos que possam beneficiar n\u00e3o apenas Parari, mas toda a regi\u00e3o do Cariri paraibano. Noticias em Destaque Fonte: Assessoria<\/p>\n","protected":false},"author":2,"featured_media":78126,"comment_status":"closed","ping_status":"closed","sticky":false,"template":"","format":"standard","meta":{"_eb_attr":"","_jetpack_memberships_contains_paid_content":false,"footnotes":""},"categories":[4],"tags":[],"class_list":["post-78125","post","type-post","status-publish","format-standard","has-post-thumbnail","hentry","category-politica"],"yoast_head":"<!-- This site is optimized with the Yoast SEO plugin v26.5 - https:\/\/yoast.com\/wordpress\/plugins\/seo\/ -->\n<title>Prefeito de Parari, Genival Queiroz, se re\u00fane com Jo\u00e3o Azev\u00eado e reafirma apoio ao Senado - Not&iacute;cias em Destaque<\/title>\n<meta name=\"robots\" content=\"index, follow, max-snippet:-1, max-image-preview:large, max-video-preview:-1\" \/>\n<link rel=\"canonical\" href=\"https:\/\/noticiasemdestaque.com\/cd\/?p=78125\" \/>\n<meta property=\"og:locale\" content=\"pt_BR\" \/>\n<meta property=\"og:type\" content=\"article\" \/>\n<meta property=\"og:title\" content=\"Prefeito de Parari, Genival Queiroz, se re\u00fane com Jo\u00e3o Azev\u00eado e reafirma apoio ao Senado - Not&iacute;cias em Destaque\" \/>\n<meta property=\"og:description\" content=\"O prefeito de Parari, Genival Queiroz, esteve reunido com o ex-governador da Para\u00edba e pr\u00e9-candidato ao Senado, Jo\u00e3o Azev\u00eado, em um encontro marcado pelo fortalecimento de parcerias pol\u00edticas e institucionais. Na oportunidade, Genival agradeceu o apoio recebido ao longo dos \u00faltimos anos, destacando a destina\u00e7\u00e3o de obras, investimentos e recursos que contribu\u00edram diretamente para o desenvolvimento do munic\u00edpio de Parari. Segundo o gestor, a parceria com o ex-governador foi fundamental para a realiza\u00e7\u00e3o de importantes a\u00e7\u00f5es na cidade. Durante a reuni\u00e3o, o prefeito tamb\u00e9m reafirmou seu apoio \u00e0 pr\u00e9-candidatura de Jo\u00e3o Azev\u00eado ao Senado Federal, ressaltando a confian\u00e7a no trabalho e na continuidade de projetos que possam beneficiar n\u00e3o apenas Parari, mas toda a regi\u00e3o do Cariri paraibano. Noticias em Destaque Fonte: Assessoria\" \/>\n<meta property=\"og:url\" content=\"https:\/\/noticiasemdestaque.com\/cd\/?p=78125\" \/>\n<meta property=\"og:site_name\" content=\"Not&iacute;cias em Destaque\" \/>\n<meta property=\"article:published_time\" content=\"2026-04-24T14:06:50+00:00\" \/>\n<meta property=\"og:image\" content=\"https:\/\/noticiasemdestaque.com\/cd\/wp-content\/uploads\/2026\/04\/IMG_7849-1024x682-1.webp\" \/>\n\t<meta property=\"og:image:width\" content=\"1024\" \/>\n\t<meta property=\"og:image:height\" content=\"682\" \/>\n\t<meta property=\"og:image:type\" content=\"image\/webp\" \/>\n<meta name=\"author\" content=\"Not\u00edcias em Destaque\" \/>\n<meta name=\"twitter:card\" content=\"summary_large_image\" \/>\n<meta name=\"twitter:label1\" content=\"Escrito por\" \/>\n\t<meta name=\"twitter:data1\" content=\"Not\u00edcias em Destaque\" \/>\n\t<meta name=\"twitter:label2\" content=\"Est. tempo de leitura\" \/>\n\t<meta name=\"twitter:data2\" content=\"1 minuto\" \/>\n<script type=\"application\/ld+json\" class=\"yoast-schema-graph\">{\"@context\":\"https:\/\/schema.org\",\"@graph\":[{\"@type\":\"Article\",\"@id\":\"https:\/\/noticiasemdestaque.com\/cd\/?p=78125#article\",\"isPartOf\":{\"@id\":\"https:\/\/noticiasemdestaque.com\/cd\/?p=78125\"},\"author\":{\"name\":\"Not\u00edcias em Destaque\",\"@id\":\"https:\/\/noticiasemdestaque.com\/cd\/#\/schema\/person\/47f7d4f55eec17c6b2ca036c5500f6ce\"},\"headline\":\"Prefeito de Parari, Genival Queiroz, se re\u00fane com Jo\u00e3o Azev\u00eado e reafirma apoio ao Senado\",\"datePublished\":\"2026-04-24T14:06:50+00:00\",\"mainEntityOfPage\":{\"@id\":\"https:\/\/noticiasemdestaque.com\/cd\/?p=78125\"},\"wordCount\":158,\"publisher\":{\"@id\":\"https:\/\/noticiasemdestaque.com\/cd\/#organization\"},\"image\":{\"@id\":\"https:\/\/noticiasemdestaque.com\/cd\/?p=78125#primaryimage\"},\"thumbnailUrl\":\"https:\/\/noticiasemdestaque.com\/cd\/wp-content\/uploads\/2026\/04\/IMG_7849-1024x682-1.webp\",\"articleSection\":[\"Pol\u00edtica\"],\"inLanguage\":\"pt-BR\"},{\"@type\":\"WebPage\",\"@id\":\"https:\/\/noticiasemdestaque.com\/cd\/?p=78125\",\"url\":\"https:\/\/noticiasemdestaque.com\/cd\/?p=78125\",\"name\":\"Prefeito de Parari, Genival Queiroz, se re\u00fane com Jo\u00e3o Azev\u00eado e reafirma apoio ao Senado - Not&iacute;cias em Destaque\",\"isPartOf\":{\"@id\":\"https:\/\/noticiasemdestaque.com\/cd\/#website\"},\"primaryImageOfPage\":{\"@id\":\"https:\/\/noticiasemdestaque.com\/cd\/?p=78125#primaryimage\"},\"image\":{\"@id\":\"https:\/\/noticiasemdestaque.com\/cd\/?p=78125#primaryimage\"},\"thumbnailUrl\":\"https:\/\/noticiasemdestaque.com\/cd\/wp-content\/uploads\/2026\/04\/IMG_7849-1024x682-1.webp\",\"datePublished\":\"2026-04-24T14:06:50+00:00\",\"breadcrumb\":{\"@id\":\"https:\/\/noticiasemdestaque.com\/cd\/?p=78125#breadcrumb\"},\"inLanguage\":\"pt-BR\",\"potentialAction\":[{\"@type\":\"ReadAction\",\"target\":[\"https:\/\/noticiasemdestaque.com\/cd\/?p=78125\"]}]},{\"@type\":\"ImageObject\",\"inLanguage\":\"pt-BR\",\"@id\":\"https:\/\/noticiasemdestaque.com\/cd\/?p=78125#primaryimage\",\"url\":\"https:\/\/noticiasemdestaque.com\/cd\/wp-content\/uploads\/2026\/04\/IMG_7849-1024x682-1.webp\",\"contentUrl\":\"https:\/\/noticiasemdestaque.com\/cd\/wp-content\/uploads\/2026\/04\/IMG_7849-1024x682-1.webp\",\"width\":1024,\"height\":682},{\"@type\":\"BreadcrumbList\",\"@id\":\"https:\/\/noticiasemdestaque.com\/cd\/?p=78125#breadcrumb\",\"itemListElement\":[{\"@type\":\"ListItem\",\"position\":1,\"name\":\"In\u00edcio\",\"item\":\"https:\/\/noticiasemdestaque.com\/cd\/\"},{\"@type\":\"ListItem\",\"position\":2,\"name\":\"Prefeito de Parari, Genival Queiroz, se re\u00fane com Jo\u00e3o Azev\u00eado e reafirma apoio ao Senado\"}]},{\"@type\":\"WebSite\",\"@id\":\"https:\/\/noticiasemdestaque.com\/cd\/#website\",\"url\":\"https:\/\/noticiasemdestaque.com\/cd\/\",\"name\":\"Not&iacute;cias em Destaque\",\"description\":\"\",\"publisher\":{\"@id\":\"https:\/\/noticiasemdestaque.com\/cd\/#organization\"},\"potentialAction\":[{\"@type\":\"SearchAction\",\"target\":{\"@type\":\"EntryPoint\",\"urlTemplate\":\"https:\/\/noticiasemdestaque.com\/cd\/?s={search_term_string}\"},\"query-input\":{\"@type\":\"PropertyValueSpecification\",\"valueRequired\":true,\"valueName\":\"search_term_string\"}}],\"inLanguage\":\"pt-BR\"},{\"@type\":\"Organization\",\"@id\":\"https:\/\/noticiasemdestaque.com\/cd\/#organization\",\"name\":\"Not\u00edcias em Destaque\",\"url\":\"https:\/\/noticiasemdestaque.com\/cd\/\",\"logo\":{\"@type\":\"ImageObject\",\"inLanguage\":\"pt-BR\",\"@id\":\"https:\/\/noticiasemdestaque.com\/cd\/#\/schema\/logo\/image\/\",\"url\":\"https:\/\/noticiasemdestaque.com\/cd\/wp-content\/uploads\/2022\/05\/imagem-base-noticiasemdestaque.png\",\"contentUrl\":\"https:\/\/noticiasemdestaque.com\/cd\/wp-content\/uploads\/2022\/05\/imagem-base-noticiasemdestaque.png\",\"width\":1200,\"height\":630,\"caption\":\"Not\u00edcias em Destaque\"},\"image\":{\"@id\":\"https:\/\/noticiasemdestaque.com\/cd\/#\/schema\/logo\/image\/\"}},{\"@type\":\"Person\",\"@id\":\"https:\/\/noticiasemdestaque.com\/cd\/#\/schema\/person\/47f7d4f55eec17c6b2ca036c5500f6ce\",\"name\":\"Not\u00edcias em Destaque\",\"url\":\"https:\/\/noticiasemdestaque.com\/cd\/?author=2\"}]}<\/script>\n<!-- \/ Yoast SEO plugin. -->","yoast_head_json":{"title":"Prefeito de Parari, Genival Queiroz, se re\u00fane com Jo\u00e3o Azev\u00eado e reafirma apoio ao Senado - Not&iacute;cias em Destaque","robots":{"index":"index","follow":"follow","max-snippet":"max-snippet:-1","max-image-preview":"max-image-preview:large","max-video-preview":"max-video-preview:-1"},"canonical":"https:\/\/noticiasemdestaque.com\/cd\/?p=78125","og_locale":"pt_BR","og_type":"article","og_title":"Prefeito de Parari, Genival Queiroz, se re\u00fane com Jo\u00e3o Azev\u00eado e reafirma apoio ao Senado - Not&iacute;cias em Destaque","og_description":"O prefeito de Parari, Genival Queiroz, esteve reunido com o ex-governador da Para\u00edba e pr\u00e9-candidato ao Senado, Jo\u00e3o Azev\u00eado, em um encontro marcado pelo fortalecimento de parcerias pol\u00edticas e institucionais. Na oportunidade, Genival agradeceu o apoio recebido ao longo dos \u00faltimos anos, destacando a destina\u00e7\u00e3o de obras, investimentos e recursos que contribu\u00edram diretamente para o desenvolvimento do munic\u00edpio de Parari. Segundo o gestor, a parceria com o ex-governador foi fundamental para a realiza\u00e7\u00e3o de importantes a\u00e7\u00f5es na cidade. Durante a reuni\u00e3o, o prefeito tamb\u00e9m reafirmou seu apoio \u00e0 pr\u00e9-candidatura de Jo\u00e3o Azev\u00eado ao Senado Federal, ressaltando a confian\u00e7a no trabalho e na continuidade de projetos que possam beneficiar n\u00e3o apenas Parari, mas toda a regi\u00e3o do Cariri paraibano. Noticias em Destaque Fonte: Assessoria","og_url":"https:\/\/noticiasemdestaque.com\/cd\/?p=78125","og_site_name":"Not&iacute;cias em Destaque","article_published_time":"2026-04-24T14:06:50+00:00","og_image":[{"width":1024,"height":682,"url":"https:\/\/noticiasemdestaque.com\/cd\/wp-content\/uploads\/2026\/04\/IMG_7849-1024x682-1.webp","type":"image\/webp"}],"author":"Not\u00edcias em Destaque","twitter_card":"summary_large_image","twitter_misc":{"Escrito por":"Not\u00edcias em Destaque","Est. tempo de leitura":"1 minuto"},"schema":{"@context":"https:\/\/schema.org","@graph":[{"@type":"Article","@id":"https:\/\/noticiasemdestaque.com\/cd\/?p=78125#article","isPartOf":{"@id":"https:\/\/noticiasemdestaque.com\/cd\/?p=78125"},"author":{"name":"Not\u00edcias em Destaque","@id":"https:\/\/noticiasemdestaque.com\/cd\/#\/schema\/person\/47f7d4f55eec17c6b2ca036c5500f6ce"},"headline":"Prefeito de Parari, Genival Queiroz, se re\u00fane com Jo\u00e3o Azev\u00eado e reafirma apoio ao Senado","datePublished":"2026-04-24T14:06:50+00:00","mainEntityOfPage":{"@id":"https:\/\/noticiasemdestaque.com\/cd\/?p=78125"},"wordCount":158,"publisher":{"@id":"https:\/\/noticiasemdestaque.com\/cd\/#organization"},"image":{"@id":"https:\/\/noticiasemdestaque.com\/cd\/?p=78125#primaryimage"},"thumbnailUrl":"https:\/\/noticiasemdestaque.com\/cd\/wp-content\/uploads\/2026\/04\/IMG_7849-1024x682-1.webp","articleSection":["Pol\u00edtica"],"inLanguage":"pt-BR"},{"@type":"WebPage","@id":"https:\/\/noticiasemdestaque.com\/cd\/?p=78125","url":"https:\/\/noticiasemdestaque.com\/cd\/?p=78125","name":"Prefeito de Parari, Genival Queiroz, se re\u00fane com Jo\u00e3o Azev\u00eado e reafirma apoio ao Senado - Not&iacute;cias em Destaque","isPartOf":{"@id":"https:\/\/noticiasemdestaque.com\/cd\/#website"},"primaryImageOfPage":{"@id":"https:\/\/noticiasemdestaque.com\/cd\/?p=78125#primaryimage"},"image":{"@id":"https:\/\/noticiasemdestaque.com\/cd\/?p=78125#primaryimage"},"thumbnailUrl":"https:\/\/noticiasemdestaque.com\/cd\/wp-content\/uploads\/2026\/04\/IMG_7849-1024x682-1.webp","datePublished":"2026-04-24T14:06:50+00:00","breadcrumb":{"@id":"https:\/\/noticiasemdestaque.com\/cd\/?p=78125#breadcrumb"},"inLanguage":"pt-BR","potentialAction":[{"@type":"ReadAction","target":["https:\/\/noticiasemdestaque.com\/cd\/?p=78125"]}]},{"@type":"ImageObject","inLanguage":"pt-BR","@id":"https:\/\/noticiasemdestaque.com\/cd\/?p=78125#primaryimage","url":"https:\/\/noticiasemdestaque.com\/cd\/wp-content\/uploads\/2026\/04\/IMG_7849-1024x682-1.webp","contentUrl":"https:\/\/noticiasemdestaque.com\/cd\/wp-content\/uploads\/2026\/04\/IMG_7849-1024x682-1.webp","width":1024,"height":682},{"@type":"BreadcrumbList","@id":"https:\/\/noticiasemdestaque.com\/cd\/?p=78125#breadcrumb","itemListElement":[{"@type":"ListItem","position":1,"name":"In\u00edcio","item":"https:\/\/noticiasemdestaque.com\/cd\/"},{"@type":"ListItem","position":2,"name":"Prefeito de Parari, Genival Queiroz, se re\u00fane com Jo\u00e3o Azev\u00eado e reafirma apoio ao Senado"}]},{"@type":"WebSite","@id":"https:\/\/noticiasemdestaque.com\/cd\/#website","url":"https:\/\/noticiasemdestaque.com\/cd\/","name":"Not&iacute;cias em Destaque","description":"","publisher":{"@id":"https:\/\/noticiasemdestaque.com\/cd\/#organization"},"potentialAction":[{"@type":"SearchAction","target":{"@type":"EntryPoint","urlTemplate":"https:\/\/noticiasemdestaque.com\/cd\/?s={search_term_string}"},"query-input":{"@type":"PropertyValueSpecification","valueRequired":true,"valueName":"search_term_string"}}],"inLanguage":"pt-BR"},{"@type":"Organization","@id":"https:\/\/noticiasemdestaque.com\/cd\/#organization","name":"Not\u00edcias em Destaque","url":"https:\/\/noticiasemdestaque.com\/cd\/","logo":{"@type":"ImageObject","inLanguage":"pt-BR","@id":"https:\/\/noticiasemdestaque.com\/cd\/#\/schema\/logo\/image\/","url":"https:\/\/noticiasemdestaque.com\/cd\/wp-content\/uploads\/2022\/05\/imagem-base-noticiasemdestaque.png","contentUrl":"https:\/\/noticiasemdestaque.com\/cd\/wp-content\/uploads\/2022\/05\/imagem-base-noticiasemdestaque.png","width":1200,"height":630,"caption":"Not\u00edcias em Destaque"},"image":{"@id":"https:\/\/noticiasemdestaque.com\/cd\/#\/schema\/logo\/image\/"}},{"@type":"Person","@id":"https:\/\/noticiasemdestaque.com\/cd\/#\/schema\/person\/47f7d4f55eec17c6b2ca036c5500f6ce","name":"Not\u00edcias em Destaque","url":"https:\/\/noticiasemdestaque.com\/cd\/?author=2"}]}},"jetpack_featured_media_url":"https:\/\/noticiasemdestaque.com\/cd\/wp-content\/uploads\/2026\/04\/IMG_7849-1024x682-1.webp","jetpack_sharing_enabled":true,"_links":{"self":[{"href":"https:\/\/noticiasemdestaque.com\/cd\/index.php?rest_route=\/wp\/v2\/posts\/78125","targetHints":{"allow":["GET"]}}],"collection":[{"href":"https:\/\/noticiasemdestaque.com\/cd\/index.php?rest_route=\/wp\/v2\/posts"}],"about":[{"href":"https:\/\/noticiasemdestaque.com\/cd\/index.php?rest_route=\/wp\/v2\/types\/post"}],"author":[{"embeddable":true,"href":"https:\/\/noticiasemdestaque.com\/cd\/index.php?rest_route=\/wp\/v2\/users\/2"}],"replies":[{"embeddable":true,"href":"https:\/\/noticiasemdestaque.com\/cd\/index.php?rest_route=%2Fwp%2Fv2%2Fcomments&post=78125"}],"version-history":[{"count":1,"href":"https:\/\/noticiasemdestaque.com\/cd\/index.php?rest_route=\/wp\/v2\/posts\/78125\/revisions"}],"predecessor-version":[{"id":78127,"href":"https:\/\/noticiasemdestaque.com\/cd\/index.php?rest_route=\/wp\/v2\/posts\/78125\/revisions\/78127"}],"wp:featuredmedia":[{"embeddable":true,"href":"https:\/\/noticiasemdestaque.com\/cd\/index.php?rest_route=\/wp\/v2\/media\/78126"}],"wp:attachment":[{"href":"https:\/\/noticiasemdestaque.com\/cd\/index.php?rest_route=%2Fwp%2Fv2%2Fmedia&parent=78125"}],"wp:term":[{"taxonomy":"category","embeddable":true,"href":"https:\/\/noticiasemdestaque.com\/cd\/index.php?rest_route=%2Fwp%2Fv2%2Fcategories&post=78125"},{"taxonomy":"post_tag","embeddable":true,"href":"https:\/\/noticiasemdestaque.com\/cd\/index.php?rest_route=%2Fwp%2Fv2%2Ftags&post=78125"}],"curies":[{"name":"wp","href":"https:\/\/api.w.org\/{rel}","templated":true}]}}