{"id":78122,"date":"2026-04-24T11:02:52","date_gmt":"2026-04-24T14:02:52","guid":{"rendered":"https:\/\/noticiasemdestaque.com\/cd\/?p=78122"},"modified":"2026-04-24T11:02:52","modified_gmt":"2026-04-24T14:02:52","slug":"preco-do-gas-do-povo-e-reajustado-saiba-o-novo-valor-na-paraiba","status":"publish","type":"post","link":"https:\/\/noticiasemdestaque.com\/cd\/?p=78122","title":{"rendered":"Pre\u00e7o do G\u00e1s do Povo e reajustado; saiba o novo valor na Para\u00edba"},"content":{"rendered":"<p><a href=\"https:\/\/noticiasemdestaque.com\/cd\/wp-content\/uploads\/2026\/04\/Gas-de-cozinha-800x400-1-768x384-1.webp\"><img fetchpriority=\"high\" decoding=\"async\" class=\" wp-image-78123 aligncenter\" src=\"https:\/\/noticiasemdestaque.com\/cd\/wp-content\/uploads\/2026\/04\/Gas-de-cozinha-800x400-1-768x384-1-300x150.webp\" alt=\"\" width=\"1126\" height=\"563\" srcset=\"https:\/\/noticiasemdestaque.com\/cd\/wp-content\/uploads\/2026\/04\/Gas-de-cozinha-800x400-1-768x384-1-300x150.webp 300w, https:\/\/noticiasemdestaque.com\/cd\/wp-content\/uploads\/2026\/04\/Gas-de-cozinha-800x400-1-768x384-1.webp 768w\" sizes=\"(max-width: 1126px) 100vw, 1126px\" \/><\/a><\/p>\n<p>Os minist\u00e9rios da Fazenda e de Minas e Energia reajustaram valores dos vouchers recebidos por benefici\u00e1rios do programa G\u00e1s do Povo em 22 estados.<\/p>\n<p>Ficaram de fora Acre, Esp\u00edrito Santo, Mato Grosso e Rio de Janeiro, al\u00e9m do Distrito Federal.<\/p>\n<p>O valor j\u00e1 havia sido reajustado no \u00faltimo lote liberado, devido \u00e0 press\u00e3o do setor, mas o governo afirma que o aumento de agora tem rela\u00e7\u00e3o com os impactos da guerra do Oriente M\u00e9dio nos pre\u00e7os do GLP (g\u00e1s liquefeito de petr\u00f3leo), o g\u00e1s de cozinha.<\/p>\n<p>Tr\u00eas estados (Cear\u00e1, Rond\u00f4nia e Tocantins) tiveram aumentos pr\u00f3ximos a R$ 10, mas, segundo a Abrag\u00e1s (Associa\u00e7\u00e3o Brasileira dos Revendedores de GLP), a maioria das regi\u00f5es teve valores \u201cdecepcionantes\u201d, com centavos de reajuste, como Sergipe e Rio Grande do Norte.<\/p>\n<blockquote><p>\u201cNo Esp\u00edrito Santo, que n\u00e3o teve aumento, o valor do governo est\u00e1 quase R$ 10 abaixo do pre\u00e7o m\u00e9dio regional da ANP [Ag\u00eancia Nacional do Petr\u00f3leo, G\u00e1s Natural e Biocombust\u00edveis]\u201d, afirma o presidente Jos\u00e9 Luiz Rocha.<\/p><\/blockquote>\n<p>A associa\u00e7\u00e3o j\u00e1 havia alertado o governo sobre os valores baixos dos vouchers, e voltou no assunto quando benefici\u00e1rios do G\u00e1s do Povo reclamaram de taxas praticadas pelas revendedoras para cobrir o pre\u00e7o integral do produto.<\/p>\n<p>VEJA VALORES E AUMENTOS POR ESTADO (EM R$\/13kg)<\/p>\n<p>ESTADO \u2013 VALOR DE JAN\/26 \u2013 VALOR DE ABR\/26<\/p>\n<p>Acre \u2013 123,16 \u2013 123,16<br \/>\nAlagoas \u2013 92,53 \u2013 97,77<br \/>\nAmap\u00e1 \u2013 115,21 \u2013 118,08<br \/>\nAmazonas \u2013 114,04 \u2013 120,36<br \/>\nBahia \u2013 106,39 \u2013 108,6<br \/>\nCear\u00e1 \u2013 103,17 \u2013 112,2<br \/>\nDistrito Federal \u2013 96,56 \u2013 96,56<br \/>\nEsp\u00edrito Santo \u2013 94,78 \u2013 94,78<br \/>\nGoi\u00e1s \u2013 99,36 \u2013 104,98<br \/>\nMaranh\u00e3o \u2013 108,84 \u2013 112,53<br \/>\nMato Grosso \u2013 126,09 \u2013 126,09<br \/>\nMato Grosso do Sul \u2013 101,08 \u2013 108,71<br \/>\nMinas Gerais \u2013 95,52 \u2013 101,82<br \/>\nPar\u00e1 \u2013 106,28 \u2013 108,9<br \/>\nPara\u00edba \u2013 95,92 \u2013 100,06<br \/>\nParan\u00e1 \u2013 97,04 \u2013 101,08<br \/>\nPernambuco \u2013 90,71 \u2013 95,94<br \/>\nPiau\u00ed \u2013 102,6 \u2013 107,98<br \/>\nRio de Janeiro \u2013 93,16 \u2013 93,16<br \/>\nRio Grande do Norte \u2013 102,07 \u2013 102,8<br \/>\nRio Grande do Sul \u2013 102,37 \u2013 109,09<br \/>\nRond\u00f4nia \u2013 109,38 \u2013 119,59<br \/>\nRoraima \u2013 128,48 \u2013 135,7<br \/>\nSanta Catarina \u2013 109,49 \u2013 112,18<br \/>\nS\u00e3o Paulo \u2013 100,23 \u2013 107,02<br \/>\nSergipe \u2013 103,88 \u2013 104,51<br \/>\nTocantins \u2013 115,91 \u2013 124,24<\/p>\n<p><strong>Noticias em Destaque<\/strong><\/p>\n<p style=\"text-align: right;\"><em>Fonte: FolhaPress<\/em><\/p>\n","protected":false},"excerpt":{"rendered":"<p>Os minist\u00e9rios da Fazenda e de Minas e Energia reajustaram valores dos vouchers recebidos por benefici\u00e1rios do programa G\u00e1s do Povo em 22 estados. Ficaram de fora Acre, Esp\u00edrito Santo, Mato Grosso e Rio de Janeiro, al\u00e9m do Distrito Federal. O valor j\u00e1 havia sido reajustado no \u00faltimo lote liberado, devido \u00e0 press\u00e3o do setor, mas o governo afirma que o aumento de agora tem rela\u00e7\u00e3o com os impactos da guerra do Oriente M\u00e9dio nos pre\u00e7os do GLP (g\u00e1s liquefeito de petr\u00f3leo), o g\u00e1s de cozinha. Tr\u00eas estados (Cear\u00e1, Rond\u00f4nia e Tocantins) tiveram aumentos pr\u00f3ximos a R$ 10, mas, segundo a Abrag\u00e1s (Associa\u00e7\u00e3o Brasileira dos Revendedores de GLP), a maioria das regi\u00f5es teve valores \u201cdecepcionantes\u201d, com centavos de reajuste, como Sergipe e Rio Grande do Norte. \u201cNo Esp\u00edrito Santo, que n\u00e3o teve aumento, o valor do governo est\u00e1 quase R$ 10 abaixo do pre\u00e7o m\u00e9dio regional da ANP [Ag\u00eancia Nacional do Petr\u00f3leo, G\u00e1s Natural e Biocombust\u00edveis]\u201d, afirma o presidente Jos\u00e9 Luiz Rocha. A associa\u00e7\u00e3o j\u00e1 havia alertado o governo sobre os valores baixos dos vouchers, e voltou no assunto quando benefici\u00e1rios do G\u00e1s do Povo reclamaram de taxas praticadas pelas revendedoras para cobrir o pre\u00e7o integral do produto. VEJA VALORES E AUMENTOS POR ESTADO (EM R$\/13kg) ESTADO \u2013 VALOR DE JAN\/26 \u2013 VALOR DE ABR\/26 Acre \u2013 123,16 \u2013 123,16 Alagoas \u2013 92,53 \u2013 97,77 Amap\u00e1 \u2013 115,21 \u2013 118,08 Amazonas \u2013 114,04 \u2013 120,36 Bahia \u2013 106,39 \u2013 108,6 Cear\u00e1 \u2013 103,17 \u2013 112,2 Distrito Federal \u2013 96,56 \u2013 96,56 Esp\u00edrito Santo \u2013 94,78 \u2013 94,78 Goi\u00e1s \u2013 99,36 \u2013 104,98 Maranh\u00e3o \u2013 108,84 \u2013 112,53 Mato Grosso \u2013 126,09 \u2013 126,09 Mato Grosso do Sul \u2013 101,08 \u2013 108,71 Minas Gerais \u2013 95,52 \u2013 101,82 Par\u00e1 \u2013 106,28 \u2013 108,9 Para\u00edba \u2013 95,92 \u2013 100,06 Paran\u00e1 \u2013 97,04 \u2013 101,08 Pernambuco \u2013 90,71 \u2013 95,94 Piau\u00ed \u2013 102,6 \u2013 107,98 Rio de Janeiro \u2013 93,16 \u2013 93,16 Rio Grande do Norte \u2013 102,07 \u2013 102,8 Rio Grande do Sul \u2013 102,37 \u2013 109,09 Rond\u00f4nia \u2013 109,38 \u2013 119,59 Roraima \u2013 128,48 \u2013 135,7 Santa Catarina \u2013 109,49 \u2013 112,18 S\u00e3o Paulo \u2013 100,23 \u2013 107,02 Sergipe \u2013 103,88 \u2013 104,51 Tocantins \u2013 115,91 \u2013 124,24 Noticias em Destaque Fonte: FolhaPress<\/p>\n","protected":false},"author":2,"featured_media":78123,"comment_status":"closed","ping_status":"closed","sticky":false,"template":"","format":"standard","meta":{"_eb_attr":"","_jetpack_memberships_contains_paid_content":false,"footnotes":""},"categories":[12],"tags":[],"class_list":["post-78122","post","type-post","status-publish","format-standard","has-post-thumbnail","hentry","category-geral"],"yoast_head":"<!-- This site is optimized with the Yoast SEO plugin v26.5 - https:\/\/yoast.com\/wordpress\/plugins\/seo\/ -->\n<title>Pre\u00e7o do G\u00e1s do Povo e reajustado; saiba o novo valor na Para\u00edba - Not&iacute;cias em Destaque<\/title>\n<meta name=\"robots\" content=\"index, follow, max-snippet:-1, max-image-preview:large, max-video-preview:-1\" \/>\n<link rel=\"canonical\" href=\"https:\/\/noticiasemdestaque.com\/cd\/?p=78122\" \/>\n<meta property=\"og:locale\" content=\"pt_BR\" \/>\n<meta property=\"og:type\" content=\"article\" \/>\n<meta property=\"og:title\" content=\"Pre\u00e7o do G\u00e1s do Povo e reajustado; saiba o novo valor na Para\u00edba - Not&iacute;cias em Destaque\" \/>\n<meta property=\"og:description\" content=\"Os minist\u00e9rios da Fazenda e de Minas e Energia reajustaram valores dos vouchers recebidos por benefici\u00e1rios do programa G\u00e1s do Povo em 22 estados. Ficaram de fora Acre, Esp\u00edrito Santo, Mato Grosso e Rio de Janeiro, al\u00e9m do Distrito Federal. O valor j\u00e1 havia sido reajustado no \u00faltimo lote liberado, devido \u00e0 press\u00e3o do setor, mas o governo afirma que o aumento de agora tem rela\u00e7\u00e3o com os impactos da guerra do Oriente M\u00e9dio nos pre\u00e7os do GLP (g\u00e1s liquefeito de petr\u00f3leo), o g\u00e1s de cozinha. Tr\u00eas estados (Cear\u00e1, Rond\u00f4nia e Tocantins) tiveram aumentos pr\u00f3ximos a R$ 10, mas, segundo a Abrag\u00e1s (Associa\u00e7\u00e3o Brasileira dos Revendedores de GLP), a maioria das regi\u00f5es teve valores \u201cdecepcionantes\u201d, com centavos de reajuste, como Sergipe e Rio Grande do Norte. \u201cNo Esp\u00edrito Santo, que n\u00e3o teve aumento, o valor do governo est\u00e1 quase R$ 10 abaixo do pre\u00e7o m\u00e9dio regional da ANP [Ag\u00eancia Nacional do Petr\u00f3leo, G\u00e1s Natural e Biocombust\u00edveis]\u201d, afirma o presidente Jos\u00e9 Luiz Rocha. A associa\u00e7\u00e3o j\u00e1 havia alertado o governo sobre os valores baixos dos vouchers, e voltou no assunto quando benefici\u00e1rios do G\u00e1s do Povo reclamaram de taxas praticadas pelas revendedoras para cobrir o pre\u00e7o integral do produto. VEJA VALORES E AUMENTOS POR ESTADO (EM R$\/13kg) ESTADO \u2013 VALOR DE JAN\/26 \u2013 VALOR DE ABR\/26 Acre \u2013 123,16 \u2013 123,16 Alagoas \u2013 92,53 \u2013 97,77 Amap\u00e1 \u2013 115,21 \u2013 118,08 Amazonas \u2013 114,04 \u2013 120,36 Bahia \u2013 106,39 \u2013 108,6 Cear\u00e1 \u2013 103,17 \u2013 112,2 Distrito Federal \u2013 96,56 \u2013 96,56 Esp\u00edrito Santo \u2013 94,78 \u2013 94,78 Goi\u00e1s \u2013 99,36 \u2013 104,98 Maranh\u00e3o \u2013 108,84 \u2013 112,53 Mato Grosso \u2013 126,09 \u2013 126,09 Mato Grosso do Sul \u2013 101,08 \u2013 108,71 Minas Gerais \u2013 95,52 \u2013 101,82 Par\u00e1 \u2013 106,28 \u2013 108,9 Para\u00edba \u2013 95,92 \u2013 100,06 Paran\u00e1 \u2013 97,04 \u2013 101,08 Pernambuco \u2013 90,71 \u2013 95,94 Piau\u00ed \u2013 102,6 \u2013 107,98 Rio de Janeiro \u2013 93,16 \u2013 93,16 Rio Grande do Norte \u2013 102,07 \u2013 102,8 Rio Grande do Sul \u2013 102,37 \u2013 109,09 Rond\u00f4nia \u2013 109,38 \u2013 119,59 Roraima \u2013 128,48 \u2013 135,7 Santa Catarina \u2013 109,49 \u2013 112,18 S\u00e3o Paulo \u2013 100,23 \u2013 107,02 Sergipe \u2013 103,88 \u2013 104,51 Tocantins \u2013 115,91 \u2013 124,24 Noticias em Destaque Fonte: FolhaPress\" \/>\n<meta property=\"og:url\" content=\"https:\/\/noticiasemdestaque.com\/cd\/?p=78122\" \/>\n<meta property=\"og:site_name\" content=\"Not&iacute;cias em Destaque\" \/>\n<meta property=\"article:published_time\" content=\"2026-04-24T14:02:52+00:00\" \/>\n<meta property=\"og:image\" content=\"https:\/\/noticiasemdestaque.com\/cd\/wp-content\/uploads\/2026\/04\/Gas-de-cozinha-800x400-1-768x384-1.webp\" \/>\n\t<meta property=\"og:image:width\" content=\"768\" \/>\n\t<meta property=\"og:image:height\" content=\"384\" \/>\n\t<meta property=\"og:image:type\" content=\"image\/webp\" \/>\n<meta name=\"author\" content=\"Not\u00edcias em Destaque\" \/>\n<meta name=\"twitter:card\" content=\"summary_large_image\" \/>\n<meta name=\"twitter:label1\" content=\"Escrito por\" \/>\n\t<meta name=\"twitter:data1\" content=\"Not\u00edcias em Destaque\" \/>\n\t<meta name=\"twitter:label2\" content=\"Est. tempo de leitura\" \/>\n\t<meta name=\"twitter:data2\" content=\"2 minutos\" \/>\n<script type=\"application\/ld+json\" class=\"yoast-schema-graph\">{\"@context\":\"https:\/\/schema.org\",\"@graph\":[{\"@type\":\"Article\",\"@id\":\"https:\/\/noticiasemdestaque.com\/cd\/?p=78122#article\",\"isPartOf\":{\"@id\":\"https:\/\/noticiasemdestaque.com\/cd\/?p=78122\"},\"author\":{\"name\":\"Not\u00edcias em Destaque\",\"@id\":\"https:\/\/noticiasemdestaque.com\/cd\/#\/schema\/person\/47f7d4f55eec17c6b2ca036c5500f6ce\"},\"headline\":\"Pre\u00e7o do G\u00e1s do Povo e reajustado; saiba o novo valor na Para\u00edba\",\"datePublished\":\"2026-04-24T14:02:52+00:00\",\"mainEntityOfPage\":{\"@id\":\"https:\/\/noticiasemdestaque.com\/cd\/?p=78122\"},\"wordCount\":311,\"publisher\":{\"@id\":\"https:\/\/noticiasemdestaque.com\/cd\/#organization\"},\"image\":{\"@id\":\"https:\/\/noticiasemdestaque.com\/cd\/?p=78122#primaryimage\"},\"thumbnailUrl\":\"https:\/\/noticiasemdestaque.com\/cd\/wp-content\/uploads\/2026\/04\/Gas-de-cozinha-800x400-1-768x384-1.webp\",\"articleSection\":[\"Geral\"],\"inLanguage\":\"pt-BR\"},{\"@type\":\"WebPage\",\"@id\":\"https:\/\/noticiasemdestaque.com\/cd\/?p=78122\",\"url\":\"https:\/\/noticiasemdestaque.com\/cd\/?p=78122\",\"name\":\"Pre\u00e7o do G\u00e1s do Povo e reajustado; saiba o novo valor na Para\u00edba - Not&iacute;cias em Destaque\",\"isPartOf\":{\"@id\":\"https:\/\/noticiasemdestaque.com\/cd\/#website\"},\"primaryImageOfPage\":{\"@id\":\"https:\/\/noticiasemdestaque.com\/cd\/?p=78122#primaryimage\"},\"image\":{\"@id\":\"https:\/\/noticiasemdestaque.com\/cd\/?p=78122#primaryimage\"},\"thumbnailUrl\":\"https:\/\/noticiasemdestaque.com\/cd\/wp-content\/uploads\/2026\/04\/Gas-de-cozinha-800x400-1-768x384-1.webp\",\"datePublished\":\"2026-04-24T14:02:52+00:00\",\"breadcrumb\":{\"@id\":\"https:\/\/noticiasemdestaque.com\/cd\/?p=78122#breadcrumb\"},\"inLanguage\":\"pt-BR\",\"potentialAction\":[{\"@type\":\"ReadAction\",\"target\":[\"https:\/\/noticiasemdestaque.com\/cd\/?p=78122\"]}]},{\"@type\":\"ImageObject\",\"inLanguage\":\"pt-BR\",\"@id\":\"https:\/\/noticiasemdestaque.com\/cd\/?p=78122#primaryimage\",\"url\":\"https:\/\/noticiasemdestaque.com\/cd\/wp-content\/uploads\/2026\/04\/Gas-de-cozinha-800x400-1-768x384-1.webp\",\"contentUrl\":\"https:\/\/noticiasemdestaque.com\/cd\/wp-content\/uploads\/2026\/04\/Gas-de-cozinha-800x400-1-768x384-1.webp\",\"width\":768,\"height\":384},{\"@type\":\"BreadcrumbList\",\"@id\":\"https:\/\/noticiasemdestaque.com\/cd\/?p=78122#breadcrumb\",\"itemListElement\":[{\"@type\":\"ListItem\",\"position\":1,\"name\":\"In\u00edcio\",\"item\":\"https:\/\/noticiasemdestaque.com\/cd\/\"},{\"@type\":\"ListItem\",\"position\":2,\"name\":\"Pre\u00e7o do G\u00e1s do Povo e reajustado; saiba o novo valor na Para\u00edba\"}]},{\"@type\":\"WebSite\",\"@id\":\"https:\/\/noticiasemdestaque.com\/cd\/#website\",\"url\":\"https:\/\/noticiasemdestaque.com\/cd\/\",\"name\":\"Not&iacute;cias em Destaque\",\"description\":\"\",\"publisher\":{\"@id\":\"https:\/\/noticiasemdestaque.com\/cd\/#organization\"},\"potentialAction\":[{\"@type\":\"SearchAction\",\"target\":{\"@type\":\"EntryPoint\",\"urlTemplate\":\"https:\/\/noticiasemdestaque.com\/cd\/?s={search_term_string}\"},\"query-input\":{\"@type\":\"PropertyValueSpecification\",\"valueRequired\":true,\"valueName\":\"search_term_string\"}}],\"inLanguage\":\"pt-BR\"},{\"@type\":\"Organization\",\"@id\":\"https:\/\/noticiasemdestaque.com\/cd\/#organization\",\"name\":\"Not\u00edcias em Destaque\",\"url\":\"https:\/\/noticiasemdestaque.com\/cd\/\",\"logo\":{\"@type\":\"ImageObject\",\"inLanguage\":\"pt-BR\",\"@id\":\"https:\/\/noticiasemdestaque.com\/cd\/#\/schema\/logo\/image\/\",\"url\":\"https:\/\/noticiasemdestaque.com\/cd\/wp-content\/uploads\/2022\/05\/imagem-base-noticiasemdestaque.png\",\"contentUrl\":\"https:\/\/noticiasemdestaque.com\/cd\/wp-content\/uploads\/2022\/05\/imagem-base-noticiasemdestaque.png\",\"width\":1200,\"height\":630,\"caption\":\"Not\u00edcias em Destaque\"},\"image\":{\"@id\":\"https:\/\/noticiasemdestaque.com\/cd\/#\/schema\/logo\/image\/\"}},{\"@type\":\"Person\",\"@id\":\"https:\/\/noticiasemdestaque.com\/cd\/#\/schema\/person\/47f7d4f55eec17c6b2ca036c5500f6ce\",\"name\":\"Not\u00edcias em Destaque\",\"url\":\"https:\/\/noticiasemdestaque.com\/cd\/?author=2\"}]}<\/script>\n<!-- \/ Yoast SEO plugin. -->","yoast_head_json":{"title":"Pre\u00e7o do G\u00e1s do Povo e reajustado; saiba o novo valor na Para\u00edba - Not&iacute;cias em Destaque","robots":{"index":"index","follow":"follow","max-snippet":"max-snippet:-1","max-image-preview":"max-image-preview:large","max-video-preview":"max-video-preview:-1"},"canonical":"https:\/\/noticiasemdestaque.com\/cd\/?p=78122","og_locale":"pt_BR","og_type":"article","og_title":"Pre\u00e7o do G\u00e1s do Povo e reajustado; saiba o novo valor na Para\u00edba - Not&iacute;cias em Destaque","og_description":"Os minist\u00e9rios da Fazenda e de Minas e Energia reajustaram valores dos vouchers recebidos por benefici\u00e1rios do programa G\u00e1s do Povo em 22 estados. Ficaram de fora Acre, Esp\u00edrito Santo, Mato Grosso e Rio de Janeiro, al\u00e9m do Distrito Federal. O valor j\u00e1 havia sido reajustado no \u00faltimo lote liberado, devido \u00e0 press\u00e3o do setor, mas o governo afirma que o aumento de agora tem rela\u00e7\u00e3o com os impactos da guerra do Oriente M\u00e9dio nos pre\u00e7os do GLP (g\u00e1s liquefeito de petr\u00f3leo), o g\u00e1s de cozinha. Tr\u00eas estados (Cear\u00e1, Rond\u00f4nia e Tocantins) tiveram aumentos pr\u00f3ximos a R$ 10, mas, segundo a Abrag\u00e1s (Associa\u00e7\u00e3o Brasileira dos Revendedores de GLP), a maioria das regi\u00f5es teve valores \u201cdecepcionantes\u201d, com centavos de reajuste, como Sergipe e Rio Grande do Norte. \u201cNo Esp\u00edrito Santo, que n\u00e3o teve aumento, o valor do governo est\u00e1 quase R$ 10 abaixo do pre\u00e7o m\u00e9dio regional da ANP [Ag\u00eancia Nacional do Petr\u00f3leo, G\u00e1s Natural e Biocombust\u00edveis]\u201d, afirma o presidente Jos\u00e9 Luiz Rocha. A associa\u00e7\u00e3o j\u00e1 havia alertado o governo sobre os valores baixos dos vouchers, e voltou no assunto quando benefici\u00e1rios do G\u00e1s do Povo reclamaram de taxas praticadas pelas revendedoras para cobrir o pre\u00e7o integral do produto. VEJA VALORES E AUMENTOS POR ESTADO (EM R$\/13kg) ESTADO \u2013 VALOR DE JAN\/26 \u2013 VALOR DE ABR\/26 Acre \u2013 123,16 \u2013 123,16 Alagoas \u2013 92,53 \u2013 97,77 Amap\u00e1 \u2013 115,21 \u2013 118,08 Amazonas \u2013 114,04 \u2013 120,36 Bahia \u2013 106,39 \u2013 108,6 Cear\u00e1 \u2013 103,17 \u2013 112,2 Distrito Federal \u2013 96,56 \u2013 96,56 Esp\u00edrito Santo \u2013 94,78 \u2013 94,78 Goi\u00e1s \u2013 99,36 \u2013 104,98 Maranh\u00e3o \u2013 108,84 \u2013 112,53 Mato Grosso \u2013 126,09 \u2013 126,09 Mato Grosso do Sul \u2013 101,08 \u2013 108,71 Minas Gerais \u2013 95,52 \u2013 101,82 Par\u00e1 \u2013 106,28 \u2013 108,9 Para\u00edba \u2013 95,92 \u2013 100,06 Paran\u00e1 \u2013 97,04 \u2013 101,08 Pernambuco \u2013 90,71 \u2013 95,94 Piau\u00ed \u2013 102,6 \u2013 107,98 Rio de Janeiro \u2013 93,16 \u2013 93,16 Rio Grande do Norte \u2013 102,07 \u2013 102,8 Rio Grande do Sul \u2013 102,37 \u2013 109,09 Rond\u00f4nia \u2013 109,38 \u2013 119,59 Roraima \u2013 128,48 \u2013 135,7 Santa Catarina \u2013 109,49 \u2013 112,18 S\u00e3o Paulo \u2013 100,23 \u2013 107,02 Sergipe \u2013 103,88 \u2013 104,51 Tocantins \u2013 115,91 \u2013 124,24 Noticias em Destaque Fonte: FolhaPress","og_url":"https:\/\/noticiasemdestaque.com\/cd\/?p=78122","og_site_name":"Not&iacute;cias em Destaque","article_published_time":"2026-04-24T14:02:52+00:00","og_image":[{"width":768,"height":384,"url":"https:\/\/noticiasemdestaque.com\/cd\/wp-content\/uploads\/2026\/04\/Gas-de-cozinha-800x400-1-768x384-1.webp","type":"image\/webp"}],"author":"Not\u00edcias em Destaque","twitter_card":"summary_large_image","twitter_misc":{"Escrito por":"Not\u00edcias em Destaque","Est. tempo de leitura":"2 minutos"},"schema":{"@context":"https:\/\/schema.org","@graph":[{"@type":"Article","@id":"https:\/\/noticiasemdestaque.com\/cd\/?p=78122#article","isPartOf":{"@id":"https:\/\/noticiasemdestaque.com\/cd\/?p=78122"},"author":{"name":"Not\u00edcias em Destaque","@id":"https:\/\/noticiasemdestaque.com\/cd\/#\/schema\/person\/47f7d4f55eec17c6b2ca036c5500f6ce"},"headline":"Pre\u00e7o do G\u00e1s do Povo e reajustado; saiba o novo valor na Para\u00edba","datePublished":"2026-04-24T14:02:52+00:00","mainEntityOfPage":{"@id":"https:\/\/noticiasemdestaque.com\/cd\/?p=78122"},"wordCount":311,"publisher":{"@id":"https:\/\/noticiasemdestaque.com\/cd\/#organization"},"image":{"@id":"https:\/\/noticiasemdestaque.com\/cd\/?p=78122#primaryimage"},"thumbnailUrl":"https:\/\/noticiasemdestaque.com\/cd\/wp-content\/uploads\/2026\/04\/Gas-de-cozinha-800x400-1-768x384-1.webp","articleSection":["Geral"],"inLanguage":"pt-BR"},{"@type":"WebPage","@id":"https:\/\/noticiasemdestaque.com\/cd\/?p=78122","url":"https:\/\/noticiasemdestaque.com\/cd\/?p=78122","name":"Pre\u00e7o do G\u00e1s do Povo e reajustado; saiba o novo valor na Para\u00edba - Not&iacute;cias em Destaque","isPartOf":{"@id":"https:\/\/noticiasemdestaque.com\/cd\/#website"},"primaryImageOfPage":{"@id":"https:\/\/noticiasemdestaque.com\/cd\/?p=78122#primaryimage"},"image":{"@id":"https:\/\/noticiasemdestaque.com\/cd\/?p=78122#primaryimage"},"thumbnailUrl":"https:\/\/noticiasemdestaque.com\/cd\/wp-content\/uploads\/2026\/04\/Gas-de-cozinha-800x400-1-768x384-1.webp","datePublished":"2026-04-24T14:02:52+00:00","breadcrumb":{"@id":"https:\/\/noticiasemdestaque.com\/cd\/?p=78122#breadcrumb"},"inLanguage":"pt-BR","potentialAction":[{"@type":"ReadAction","target":["https:\/\/noticiasemdestaque.com\/cd\/?p=78122"]}]},{"@type":"ImageObject","inLanguage":"pt-BR","@id":"https:\/\/noticiasemdestaque.com\/cd\/?p=78122#primaryimage","url":"https:\/\/noticiasemdestaque.com\/cd\/wp-content\/uploads\/2026\/04\/Gas-de-cozinha-800x400-1-768x384-1.webp","contentUrl":"https:\/\/noticiasemdestaque.com\/cd\/wp-content\/uploads\/2026\/04\/Gas-de-cozinha-800x400-1-768x384-1.webp","width":768,"height":384},{"@type":"BreadcrumbList","@id":"https:\/\/noticiasemdestaque.com\/cd\/?p=78122#breadcrumb","itemListElement":[{"@type":"ListItem","position":1,"name":"In\u00edcio","item":"https:\/\/noticiasemdestaque.com\/cd\/"},{"@type":"ListItem","position":2,"name":"Pre\u00e7o do G\u00e1s do Povo e reajustado; saiba o novo valor na Para\u00edba"}]},{"@type":"WebSite","@id":"https:\/\/noticiasemdestaque.com\/cd\/#website","url":"https:\/\/noticiasemdestaque.com\/cd\/","name":"Not&iacute;cias em Destaque","description":"","publisher":{"@id":"https:\/\/noticiasemdestaque.com\/cd\/#organization"},"potentialAction":[{"@type":"SearchAction","target":{"@type":"EntryPoint","urlTemplate":"https:\/\/noticiasemdestaque.com\/cd\/?s={search_term_string}"},"query-input":{"@type":"PropertyValueSpecification","valueRequired":true,"valueName":"search_term_string"}}],"inLanguage":"pt-BR"},{"@type":"Organization","@id":"https:\/\/noticiasemdestaque.com\/cd\/#organization","name":"Not\u00edcias em Destaque","url":"https:\/\/noticiasemdestaque.com\/cd\/","logo":{"@type":"ImageObject","inLanguage":"pt-BR","@id":"https:\/\/noticiasemdestaque.com\/cd\/#\/schema\/logo\/image\/","url":"https:\/\/noticiasemdestaque.com\/cd\/wp-content\/uploads\/2022\/05\/imagem-base-noticiasemdestaque.png","contentUrl":"https:\/\/noticiasemdestaque.com\/cd\/wp-content\/uploads\/2022\/05\/imagem-base-noticiasemdestaque.png","width":1200,"height":630,"caption":"Not\u00edcias em Destaque"},"image":{"@id":"https:\/\/noticiasemdestaque.com\/cd\/#\/schema\/logo\/image\/"}},{"@type":"Person","@id":"https:\/\/noticiasemdestaque.com\/cd\/#\/schema\/person\/47f7d4f55eec17c6b2ca036c5500f6ce","name":"Not\u00edcias em Destaque","url":"https:\/\/noticiasemdestaque.com\/cd\/?author=2"}]}},"jetpack_featured_media_url":"https:\/\/noticiasemdestaque.com\/cd\/wp-content\/uploads\/2026\/04\/Gas-de-cozinha-800x400-1-768x384-1.webp","jetpack_sharing_enabled":true,"_links":{"self":[{"href":"https:\/\/noticiasemdestaque.com\/cd\/index.php?rest_route=\/wp\/v2\/posts\/78122","targetHints":{"allow":["GET"]}}],"collection":[{"href":"https:\/\/noticiasemdestaque.com\/cd\/index.php?rest_route=\/wp\/v2\/posts"}],"about":[{"href":"https:\/\/noticiasemdestaque.com\/cd\/index.php?rest_route=\/wp\/v2\/types\/post"}],"author":[{"embeddable":true,"href":"https:\/\/noticiasemdestaque.com\/cd\/index.php?rest_route=\/wp\/v2\/users\/2"}],"replies":[{"embeddable":true,"href":"https:\/\/noticiasemdestaque.com\/cd\/index.php?rest_route=%2Fwp%2Fv2%2Fcomments&post=78122"}],"version-history":[{"count":1,"href":"https:\/\/noticiasemdestaque.com\/cd\/index.php?rest_route=\/wp\/v2\/posts\/78122\/revisions"}],"predecessor-version":[{"id":78124,"href":"https:\/\/noticiasemdestaque.com\/cd\/index.php?rest_route=\/wp\/v2\/posts\/78122\/revisions\/78124"}],"wp:featuredmedia":[{"embeddable":true,"href":"https:\/\/noticiasemdestaque.com\/cd\/index.php?rest_route=\/wp\/v2\/media\/78123"}],"wp:attachment":[{"href":"https:\/\/noticiasemdestaque.com\/cd\/index.php?rest_route=%2Fwp%2Fv2%2Fmedia&parent=78122"}],"wp:term":[{"taxonomy":"category","embeddable":true,"href":"https:\/\/noticiasemdestaque.com\/cd\/index.php?rest_route=%2Fwp%2Fv2%2Fcategories&post=78122"},{"taxonomy":"post_tag","embeddable":true,"href":"https:\/\/noticiasemdestaque.com\/cd\/index.php?rest_route=%2Fwp%2Fv2%2Ftags&post=78122"}],"curies":[{"name":"wp","href":"https:\/\/api.w.org\/{rel}","templated":true}]}}