{"id":78116,"date":"2026-04-23T22:04:35","date_gmt":"2026-04-24T01:04:35","guid":{"rendered":"https:\/\/noticiasemdestaque.com\/cd\/?p=78116"},"modified":"2026-04-23T22:04:35","modified_gmt":"2026-04-24T01:04:35","slug":"discussao-de-transito-deixa-um-motociclista-morto-e-outros-dois-feridos-na-paraiba","status":"publish","type":"post","link":"https:\/\/noticiasemdestaque.com\/cd\/?p=78116","title":{"rendered":"Discuss\u00e3o de tr\u00e2nsito deixa um motociclista morto e outros dois feridos, na Para\u00edba"},"content":{"rendered":"<p><a href=\"https:\/\/noticiasemdestaque.com\/cd\/wp-content\/uploads\/2026\/04\/sirene_REPRODUCAO.jpg\"><img fetchpriority=\"high\" decoding=\"async\" class=\" wp-image-78117 aligncenter\" src=\"https:\/\/noticiasemdestaque.com\/cd\/wp-content\/uploads\/2026\/04\/sirene_REPRODUCAO-300x225.jpg\" alt=\"\" width=\"907\" height=\"680\" srcset=\"https:\/\/noticiasemdestaque.com\/cd\/wp-content\/uploads\/2026\/04\/sirene_REPRODUCAO-300x225.jpg 300w, https:\/\/noticiasemdestaque.com\/cd\/wp-content\/uploads\/2026\/04\/sirene_REPRODUCAO-1024x768.jpg 1024w, https:\/\/noticiasemdestaque.com\/cd\/wp-content\/uploads\/2026\/04\/sirene_REPRODUCAO-768x576.jpg 768w, https:\/\/noticiasemdestaque.com\/cd\/wp-content\/uploads\/2026\/04\/sirene_REPRODUCAO.jpg 1280w\" sizes=\"(max-width: 907px) 100vw, 907px\" \/><\/a><\/p>\n<p class=\"wp-block-paragraph\">Um motociclista morreu e outros dois ficaram feridos na manh\u00e3 desta quinta-feira (23), ap\u00f3s uma discuss\u00e3o de tr\u00e2nsito no bairro do Cui\u00e1, na Zona Sul de Jo\u00e3o Pessoa.<\/p>\n<p class=\"wp-block-paragraph\">Segundo informa\u00e7\u00f5es de testemunhas, a v\u00edtima, identificada como Matheus de Souza, de 26 anos, teria se envolvido em um desentendimento com o motorista de um \u00f4nibus do transporte coletivo.<\/p>\n<p class=\"wp-block-paragraph\">Relatos apontam que, em meio \u00e0 discuss\u00e3o, Matheus teria pegado uma pedra com a inten\u00e7\u00e3o de arremess\u00e1-la contra o \u00f4nibus, momento em que o motorista teria reagido e acabou atingindo o motociclista. A viol\u00eancia do impacto ficou evidente com vest\u00edgios de massa encef\u00e1lica espalhados pelo asfalto. O motociclista teria sido arrastado por alguns metros pelo ve\u00edculo.<\/p>\n<p class=\"wp-block-paragraph\">Durante o ocorrido, outros dois motociclistas tamb\u00e9m foram atingidos pelo \u00f4nibus. Eles foram socorridos e encaminhados ao Hospital de Trauma Senador Humberto Lucena, onde permanecem internados com quadro de sa\u00fade est\u00e1vel.<\/p>\n<p class=\"wp-block-paragraph\">O motorista do coletivo deixou o local sem prestar socorro \u00e0s v\u00edtimas. Em nota enviada ao\u00a0<strong>Portal Correio,<\/strong>\u00a0o Sindicato das Empresas de Transporte Coletivo Urbano de Jo\u00e3o Pessoa (Sintur-JP) informou que o condutor se apresentou na Central de Pol\u00edcia Civil, acompanhado por um representante da empresa, para prestar esclarecimentos.<\/p>\n<p class=\"wp-block-paragraph\">\u00c0 pol\u00edcia, ele afirmou que a v\u00edtima caiu \u00e0 sua frente no momento em que trafegava pela via e que n\u00e3o conseguiu evitar o atropelamento.<\/p>\n<p><strong>Noticias em Destaque<\/strong><\/p>\n<p style=\"text-align: right;\"><em>Fonte: Portal Correio<\/em><\/p>\n","protected":false},"excerpt":{"rendered":"<p>Um motociclista morreu e outros dois ficaram feridos na manh\u00e3 desta quinta-feira (23), ap\u00f3s uma discuss\u00e3o de tr\u00e2nsito no bairro do Cui\u00e1, na Zona Sul de Jo\u00e3o Pessoa. Segundo informa\u00e7\u00f5es de testemunhas, a v\u00edtima, identificada como Matheus de Souza, de 26 anos, teria se envolvido em um desentendimento com o motorista de um \u00f4nibus do transporte coletivo. Relatos apontam que, em meio \u00e0 discuss\u00e3o, Matheus teria pegado uma pedra com a inten\u00e7\u00e3o de arremess\u00e1-la contra o \u00f4nibus, momento em que o motorista teria reagido e acabou atingindo o motociclista. A viol\u00eancia do impacto ficou evidente com vest\u00edgios de massa encef\u00e1lica espalhados pelo asfalto. O motociclista teria sido arrastado por alguns metros pelo ve\u00edculo. Durante o ocorrido, outros dois motociclistas tamb\u00e9m foram atingidos pelo \u00f4nibus. Eles foram socorridos e encaminhados ao Hospital de Trauma Senador Humberto Lucena, onde permanecem internados com quadro de sa\u00fade est\u00e1vel. O motorista do coletivo deixou o local sem prestar socorro \u00e0s v\u00edtimas. Em nota enviada ao\u00a0Portal Correio,\u00a0o Sindicato das Empresas de Transporte Coletivo Urbano de Jo\u00e3o Pessoa (Sintur-JP) informou que o condutor se apresentou na Central de Pol\u00edcia Civil, acompanhado por um representante da empresa, para prestar esclarecimentos. \u00c0 pol\u00edcia, ele afirmou que a v\u00edtima caiu \u00e0 sua frente no momento em que trafegava pela via e que n\u00e3o conseguiu evitar o atropelamento. Noticias em Destaque Fonte: Portal Correio<\/p>\n","protected":false},"author":2,"featured_media":78117,"comment_status":"closed","ping_status":"closed","sticky":false,"template":"","format":"standard","meta":{"_eb_attr":"","_jetpack_memberships_contains_paid_content":false,"footnotes":""},"categories":[20],"tags":[],"class_list":["post-78116","post","type-post","status-publish","format-standard","has-post-thumbnail","hentry","category-policia"],"yoast_head":"<!-- This site is optimized with the Yoast SEO plugin v26.5 - https:\/\/yoast.com\/wordpress\/plugins\/seo\/ -->\n<title>Discuss\u00e3o de tr\u00e2nsito deixa um motociclista morto e outros dois feridos, na Para\u00edba - Not&iacute;cias em Destaque<\/title>\n<meta name=\"robots\" content=\"index, follow, max-snippet:-1, max-image-preview:large, max-video-preview:-1\" \/>\n<link rel=\"canonical\" href=\"https:\/\/noticiasemdestaque.com\/cd\/?p=78116\" \/>\n<meta property=\"og:locale\" content=\"pt_BR\" \/>\n<meta property=\"og:type\" content=\"article\" \/>\n<meta property=\"og:title\" content=\"Discuss\u00e3o de tr\u00e2nsito deixa um motociclista morto e outros dois feridos, na Para\u00edba - Not&iacute;cias em Destaque\" \/>\n<meta property=\"og:description\" content=\"Um motociclista morreu e outros dois ficaram feridos na manh\u00e3 desta quinta-feira (23), ap\u00f3s uma discuss\u00e3o de tr\u00e2nsito no bairro do Cui\u00e1, na Zona Sul de Jo\u00e3o Pessoa. Segundo informa\u00e7\u00f5es de testemunhas, a v\u00edtima, identificada como Matheus de Souza, de 26 anos, teria se envolvido em um desentendimento com o motorista de um \u00f4nibus do transporte coletivo. Relatos apontam que, em meio \u00e0 discuss\u00e3o, Matheus teria pegado uma pedra com a inten\u00e7\u00e3o de arremess\u00e1-la contra o \u00f4nibus, momento em que o motorista teria reagido e acabou atingindo o motociclista. A viol\u00eancia do impacto ficou evidente com vest\u00edgios de massa encef\u00e1lica espalhados pelo asfalto. O motociclista teria sido arrastado por alguns metros pelo ve\u00edculo. Durante o ocorrido, outros dois motociclistas tamb\u00e9m foram atingidos pelo \u00f4nibus. Eles foram socorridos e encaminhados ao Hospital de Trauma Senador Humberto Lucena, onde permanecem internados com quadro de sa\u00fade est\u00e1vel. O motorista do coletivo deixou o local sem prestar socorro \u00e0s v\u00edtimas. Em nota enviada ao\u00a0Portal Correio,\u00a0o Sindicato das Empresas de Transporte Coletivo Urbano de Jo\u00e3o Pessoa (Sintur-JP) informou que o condutor se apresentou na Central de Pol\u00edcia Civil, acompanhado por um representante da empresa, para prestar esclarecimentos. \u00c0 pol\u00edcia, ele afirmou que a v\u00edtima caiu \u00e0 sua frente no momento em que trafegava pela via e que n\u00e3o conseguiu evitar o atropelamento. Noticias em Destaque Fonte: Portal Correio\" \/>\n<meta property=\"og:url\" content=\"https:\/\/noticiasemdestaque.com\/cd\/?p=78116\" \/>\n<meta property=\"og:site_name\" content=\"Not&iacute;cias em Destaque\" \/>\n<meta property=\"article:published_time\" content=\"2026-04-24T01:04:35+00:00\" \/>\n<meta property=\"og:image\" content=\"https:\/\/noticiasemdestaque.com\/cd\/wp-content\/uploads\/2026\/04\/sirene_REPRODUCAO.jpg\" \/>\n\t<meta property=\"og:image:width\" content=\"1280\" \/>\n\t<meta property=\"og:image:height\" content=\"960\" \/>\n\t<meta property=\"og:image:type\" content=\"image\/jpeg\" \/>\n<meta name=\"author\" content=\"Not\u00edcias em Destaque\" \/>\n<meta name=\"twitter:card\" content=\"summary_large_image\" \/>\n<meta name=\"twitter:label1\" content=\"Escrito por\" \/>\n\t<meta name=\"twitter:data1\" content=\"Not\u00edcias em Destaque\" \/>\n\t<meta name=\"twitter:label2\" content=\"Est. tempo de leitura\" \/>\n\t<meta name=\"twitter:data2\" content=\"2 minutos\" \/>\n<script type=\"application\/ld+json\" class=\"yoast-schema-graph\">{\"@context\":\"https:\/\/schema.org\",\"@graph\":[{\"@type\":\"Article\",\"@id\":\"https:\/\/noticiasemdestaque.com\/cd\/?p=78116#article\",\"isPartOf\":{\"@id\":\"https:\/\/noticiasemdestaque.com\/cd\/?p=78116\"},\"author\":{\"name\":\"Not\u00edcias em Destaque\",\"@id\":\"https:\/\/noticiasemdestaque.com\/cd\/#\/schema\/person\/47f7d4f55eec17c6b2ca036c5500f6ce\"},\"headline\":\"Discuss\u00e3o de tr\u00e2nsito deixa um motociclista morto e outros dois feridos, na Para\u00edba\",\"datePublished\":\"2026-04-24T01:04:35+00:00\",\"mainEntityOfPage\":{\"@id\":\"https:\/\/noticiasemdestaque.com\/cd\/?p=78116\"},\"wordCount\":258,\"publisher\":{\"@id\":\"https:\/\/noticiasemdestaque.com\/cd\/#organization\"},\"image\":{\"@id\":\"https:\/\/noticiasemdestaque.com\/cd\/?p=78116#primaryimage\"},\"thumbnailUrl\":\"https:\/\/noticiasemdestaque.com\/cd\/wp-content\/uploads\/2026\/04\/sirene_REPRODUCAO.jpg\",\"articleSection\":[\"Pol\u00edcia\"],\"inLanguage\":\"pt-BR\"},{\"@type\":\"WebPage\",\"@id\":\"https:\/\/noticiasemdestaque.com\/cd\/?p=78116\",\"url\":\"https:\/\/noticiasemdestaque.com\/cd\/?p=78116\",\"name\":\"Discuss\u00e3o de tr\u00e2nsito deixa um motociclista morto e outros dois feridos, na Para\u00edba - Not&iacute;cias em Destaque\",\"isPartOf\":{\"@id\":\"https:\/\/noticiasemdestaque.com\/cd\/#website\"},\"primaryImageOfPage\":{\"@id\":\"https:\/\/noticiasemdestaque.com\/cd\/?p=78116#primaryimage\"},\"image\":{\"@id\":\"https:\/\/noticiasemdestaque.com\/cd\/?p=78116#primaryimage\"},\"thumbnailUrl\":\"https:\/\/noticiasemdestaque.com\/cd\/wp-content\/uploads\/2026\/04\/sirene_REPRODUCAO.jpg\",\"datePublished\":\"2026-04-24T01:04:35+00:00\",\"breadcrumb\":{\"@id\":\"https:\/\/noticiasemdestaque.com\/cd\/?p=78116#breadcrumb\"},\"inLanguage\":\"pt-BR\",\"potentialAction\":[{\"@type\":\"ReadAction\",\"target\":[\"https:\/\/noticiasemdestaque.com\/cd\/?p=78116\"]}]},{\"@type\":\"ImageObject\",\"inLanguage\":\"pt-BR\",\"@id\":\"https:\/\/noticiasemdestaque.com\/cd\/?p=78116#primaryimage\",\"url\":\"https:\/\/noticiasemdestaque.com\/cd\/wp-content\/uploads\/2026\/04\/sirene_REPRODUCAO.jpg\",\"contentUrl\":\"https:\/\/noticiasemdestaque.com\/cd\/wp-content\/uploads\/2026\/04\/sirene_REPRODUCAO.jpg\",\"width\":1280,\"height\":960},{\"@type\":\"BreadcrumbList\",\"@id\":\"https:\/\/noticiasemdestaque.com\/cd\/?p=78116#breadcrumb\",\"itemListElement\":[{\"@type\":\"ListItem\",\"position\":1,\"name\":\"In\u00edcio\",\"item\":\"https:\/\/noticiasemdestaque.com\/cd\/\"},{\"@type\":\"ListItem\",\"position\":2,\"name\":\"Discuss\u00e3o de tr\u00e2nsito deixa um motociclista morto e outros dois feridos, na Para\u00edba\"}]},{\"@type\":\"WebSite\",\"@id\":\"https:\/\/noticiasemdestaque.com\/cd\/#website\",\"url\":\"https:\/\/noticiasemdestaque.com\/cd\/\",\"name\":\"Not&iacute;cias em Destaque\",\"description\":\"\",\"publisher\":{\"@id\":\"https:\/\/noticiasemdestaque.com\/cd\/#organization\"},\"potentialAction\":[{\"@type\":\"SearchAction\",\"target\":{\"@type\":\"EntryPoint\",\"urlTemplate\":\"https:\/\/noticiasemdestaque.com\/cd\/?s={search_term_string}\"},\"query-input\":{\"@type\":\"PropertyValueSpecification\",\"valueRequired\":true,\"valueName\":\"search_term_string\"}}],\"inLanguage\":\"pt-BR\"},{\"@type\":\"Organization\",\"@id\":\"https:\/\/noticiasemdestaque.com\/cd\/#organization\",\"name\":\"Not\u00edcias em Destaque\",\"url\":\"https:\/\/noticiasemdestaque.com\/cd\/\",\"logo\":{\"@type\":\"ImageObject\",\"inLanguage\":\"pt-BR\",\"@id\":\"https:\/\/noticiasemdestaque.com\/cd\/#\/schema\/logo\/image\/\",\"url\":\"https:\/\/noticiasemdestaque.com\/cd\/wp-content\/uploads\/2022\/05\/imagem-base-noticiasemdestaque.png\",\"contentUrl\":\"https:\/\/noticiasemdestaque.com\/cd\/wp-content\/uploads\/2022\/05\/imagem-base-noticiasemdestaque.png\",\"width\":1200,\"height\":630,\"caption\":\"Not\u00edcias em Destaque\"},\"image\":{\"@id\":\"https:\/\/noticiasemdestaque.com\/cd\/#\/schema\/logo\/image\/\"}},{\"@type\":\"Person\",\"@id\":\"https:\/\/noticiasemdestaque.com\/cd\/#\/schema\/person\/47f7d4f55eec17c6b2ca036c5500f6ce\",\"name\":\"Not\u00edcias em Destaque\",\"url\":\"https:\/\/noticiasemdestaque.com\/cd\/?author=2\"}]}<\/script>\n<!-- \/ Yoast SEO plugin. -->","yoast_head_json":{"title":"Discuss\u00e3o de tr\u00e2nsito deixa um motociclista morto e outros dois feridos, na Para\u00edba - Not&iacute;cias em Destaque","robots":{"index":"index","follow":"follow","max-snippet":"max-snippet:-1","max-image-preview":"max-image-preview:large","max-video-preview":"max-video-preview:-1"},"canonical":"https:\/\/noticiasemdestaque.com\/cd\/?p=78116","og_locale":"pt_BR","og_type":"article","og_title":"Discuss\u00e3o de tr\u00e2nsito deixa um motociclista morto e outros dois feridos, na Para\u00edba - Not&iacute;cias em Destaque","og_description":"Um motociclista morreu e outros dois ficaram feridos na manh\u00e3 desta quinta-feira (23), ap\u00f3s uma discuss\u00e3o de tr\u00e2nsito no bairro do Cui\u00e1, na Zona Sul de Jo\u00e3o Pessoa. Segundo informa\u00e7\u00f5es de testemunhas, a v\u00edtima, identificada como Matheus de Souza, de 26 anos, teria se envolvido em um desentendimento com o motorista de um \u00f4nibus do transporte coletivo. Relatos apontam que, em meio \u00e0 discuss\u00e3o, Matheus teria pegado uma pedra com a inten\u00e7\u00e3o de arremess\u00e1-la contra o \u00f4nibus, momento em que o motorista teria reagido e acabou atingindo o motociclista. A viol\u00eancia do impacto ficou evidente com vest\u00edgios de massa encef\u00e1lica espalhados pelo asfalto. O motociclista teria sido arrastado por alguns metros pelo ve\u00edculo. Durante o ocorrido, outros dois motociclistas tamb\u00e9m foram atingidos pelo \u00f4nibus. Eles foram socorridos e encaminhados ao Hospital de Trauma Senador Humberto Lucena, onde permanecem internados com quadro de sa\u00fade est\u00e1vel. O motorista do coletivo deixou o local sem prestar socorro \u00e0s v\u00edtimas. Em nota enviada ao\u00a0Portal Correio,\u00a0o Sindicato das Empresas de Transporte Coletivo Urbano de Jo\u00e3o Pessoa (Sintur-JP) informou que o condutor se apresentou na Central de Pol\u00edcia Civil, acompanhado por um representante da empresa, para prestar esclarecimentos. \u00c0 pol\u00edcia, ele afirmou que a v\u00edtima caiu \u00e0 sua frente no momento em que trafegava pela via e que n\u00e3o conseguiu evitar o atropelamento. Noticias em Destaque Fonte: Portal Correio","og_url":"https:\/\/noticiasemdestaque.com\/cd\/?p=78116","og_site_name":"Not&iacute;cias em Destaque","article_published_time":"2026-04-24T01:04:35+00:00","og_image":[{"width":1280,"height":960,"url":"https:\/\/noticiasemdestaque.com\/cd\/wp-content\/uploads\/2026\/04\/sirene_REPRODUCAO.jpg","type":"image\/jpeg"}],"author":"Not\u00edcias em Destaque","twitter_card":"summary_large_image","twitter_misc":{"Escrito por":"Not\u00edcias em Destaque","Est. tempo de leitura":"2 minutos"},"schema":{"@context":"https:\/\/schema.org","@graph":[{"@type":"Article","@id":"https:\/\/noticiasemdestaque.com\/cd\/?p=78116#article","isPartOf":{"@id":"https:\/\/noticiasemdestaque.com\/cd\/?p=78116"},"author":{"name":"Not\u00edcias em Destaque","@id":"https:\/\/noticiasemdestaque.com\/cd\/#\/schema\/person\/47f7d4f55eec17c6b2ca036c5500f6ce"},"headline":"Discuss\u00e3o de tr\u00e2nsito deixa um motociclista morto e outros dois feridos, na Para\u00edba","datePublished":"2026-04-24T01:04:35+00:00","mainEntityOfPage":{"@id":"https:\/\/noticiasemdestaque.com\/cd\/?p=78116"},"wordCount":258,"publisher":{"@id":"https:\/\/noticiasemdestaque.com\/cd\/#organization"},"image":{"@id":"https:\/\/noticiasemdestaque.com\/cd\/?p=78116#primaryimage"},"thumbnailUrl":"https:\/\/noticiasemdestaque.com\/cd\/wp-content\/uploads\/2026\/04\/sirene_REPRODUCAO.jpg","articleSection":["Pol\u00edcia"],"inLanguage":"pt-BR"},{"@type":"WebPage","@id":"https:\/\/noticiasemdestaque.com\/cd\/?p=78116","url":"https:\/\/noticiasemdestaque.com\/cd\/?p=78116","name":"Discuss\u00e3o de tr\u00e2nsito deixa um motociclista morto e outros dois feridos, na Para\u00edba - Not&iacute;cias em Destaque","isPartOf":{"@id":"https:\/\/noticiasemdestaque.com\/cd\/#website"},"primaryImageOfPage":{"@id":"https:\/\/noticiasemdestaque.com\/cd\/?p=78116#primaryimage"},"image":{"@id":"https:\/\/noticiasemdestaque.com\/cd\/?p=78116#primaryimage"},"thumbnailUrl":"https:\/\/noticiasemdestaque.com\/cd\/wp-content\/uploads\/2026\/04\/sirene_REPRODUCAO.jpg","datePublished":"2026-04-24T01:04:35+00:00","breadcrumb":{"@id":"https:\/\/noticiasemdestaque.com\/cd\/?p=78116#breadcrumb"},"inLanguage":"pt-BR","potentialAction":[{"@type":"ReadAction","target":["https:\/\/noticiasemdestaque.com\/cd\/?p=78116"]}]},{"@type":"ImageObject","inLanguage":"pt-BR","@id":"https:\/\/noticiasemdestaque.com\/cd\/?p=78116#primaryimage","url":"https:\/\/noticiasemdestaque.com\/cd\/wp-content\/uploads\/2026\/04\/sirene_REPRODUCAO.jpg","contentUrl":"https:\/\/noticiasemdestaque.com\/cd\/wp-content\/uploads\/2026\/04\/sirene_REPRODUCAO.jpg","width":1280,"height":960},{"@type":"BreadcrumbList","@id":"https:\/\/noticiasemdestaque.com\/cd\/?p=78116#breadcrumb","itemListElement":[{"@type":"ListItem","position":1,"name":"In\u00edcio","item":"https:\/\/noticiasemdestaque.com\/cd\/"},{"@type":"ListItem","position":2,"name":"Discuss\u00e3o de tr\u00e2nsito deixa um motociclista morto e outros dois feridos, na Para\u00edba"}]},{"@type":"WebSite","@id":"https:\/\/noticiasemdestaque.com\/cd\/#website","url":"https:\/\/noticiasemdestaque.com\/cd\/","name":"Not&iacute;cias em Destaque","description":"","publisher":{"@id":"https:\/\/noticiasemdestaque.com\/cd\/#organization"},"potentialAction":[{"@type":"SearchAction","target":{"@type":"EntryPoint","urlTemplate":"https:\/\/noticiasemdestaque.com\/cd\/?s={search_term_string}"},"query-input":{"@type":"PropertyValueSpecification","valueRequired":true,"valueName":"search_term_string"}}],"inLanguage":"pt-BR"},{"@type":"Organization","@id":"https:\/\/noticiasemdestaque.com\/cd\/#organization","name":"Not\u00edcias em Destaque","url":"https:\/\/noticiasemdestaque.com\/cd\/","logo":{"@type":"ImageObject","inLanguage":"pt-BR","@id":"https:\/\/noticiasemdestaque.com\/cd\/#\/schema\/logo\/image\/","url":"https:\/\/noticiasemdestaque.com\/cd\/wp-content\/uploads\/2022\/05\/imagem-base-noticiasemdestaque.png","contentUrl":"https:\/\/noticiasemdestaque.com\/cd\/wp-content\/uploads\/2022\/05\/imagem-base-noticiasemdestaque.png","width":1200,"height":630,"caption":"Not\u00edcias em Destaque"},"image":{"@id":"https:\/\/noticiasemdestaque.com\/cd\/#\/schema\/logo\/image\/"}},{"@type":"Person","@id":"https:\/\/noticiasemdestaque.com\/cd\/#\/schema\/person\/47f7d4f55eec17c6b2ca036c5500f6ce","name":"Not\u00edcias em Destaque","url":"https:\/\/noticiasemdestaque.com\/cd\/?author=2"}]}},"jetpack_featured_media_url":"https:\/\/noticiasemdestaque.com\/cd\/wp-content\/uploads\/2026\/04\/sirene_REPRODUCAO.jpg","jetpack_sharing_enabled":true,"_links":{"self":[{"href":"https:\/\/noticiasemdestaque.com\/cd\/index.php?rest_route=\/wp\/v2\/posts\/78116","targetHints":{"allow":["GET"]}}],"collection":[{"href":"https:\/\/noticiasemdestaque.com\/cd\/index.php?rest_route=\/wp\/v2\/posts"}],"about":[{"href":"https:\/\/noticiasemdestaque.com\/cd\/index.php?rest_route=\/wp\/v2\/types\/post"}],"author":[{"embeddable":true,"href":"https:\/\/noticiasemdestaque.com\/cd\/index.php?rest_route=\/wp\/v2\/users\/2"}],"replies":[{"embeddable":true,"href":"https:\/\/noticiasemdestaque.com\/cd\/index.php?rest_route=%2Fwp%2Fv2%2Fcomments&post=78116"}],"version-history":[{"count":1,"href":"https:\/\/noticiasemdestaque.com\/cd\/index.php?rest_route=\/wp\/v2\/posts\/78116\/revisions"}],"predecessor-version":[{"id":78118,"href":"https:\/\/noticiasemdestaque.com\/cd\/index.php?rest_route=\/wp\/v2\/posts\/78116\/revisions\/78118"}],"wp:featuredmedia":[{"embeddable":true,"href":"https:\/\/noticiasemdestaque.com\/cd\/index.php?rest_route=\/wp\/v2\/media\/78117"}],"wp:attachment":[{"href":"https:\/\/noticiasemdestaque.com\/cd\/index.php?rest_route=%2Fwp%2Fv2%2Fmedia&parent=78116"}],"wp:term":[{"taxonomy":"category","embeddable":true,"href":"https:\/\/noticiasemdestaque.com\/cd\/index.php?rest_route=%2Fwp%2Fv2%2Fcategories&post=78116"},{"taxonomy":"post_tag","embeddable":true,"href":"https:\/\/noticiasemdestaque.com\/cd\/index.php?rest_route=%2Fwp%2Fv2%2Ftags&post=78116"}],"curies":[{"name":"wp","href":"https:\/\/api.w.org\/{rel}","templated":true}]}}