{"id":78113,"date":"2026-04-23T21:38:50","date_gmt":"2026-04-24T00:38:50","guid":{"rendered":"https:\/\/noticiasemdestaque.com\/cd\/?p=78113"},"modified":"2026-04-23T21:38:50","modified_gmt":"2026-04-24T00:38:50","slug":"secretaria-de-cultura-alerta-para-prazo-final-de-inscricoes-na-lei-aldir-blanc-em-monteiro","status":"publish","type":"post","link":"https:\/\/noticiasemdestaque.com\/cd\/?p=78113","title":{"rendered":"Secretaria de Cultura Alerta para Prazo Final de Inscri\u00e7\u00f5es na Lei Aldir Blanc em Monteiro"},"content":{"rendered":"<p><a href=\"https:\/\/noticiasemdestaque.com\/cd\/wp-content\/uploads\/2026\/04\/PNAB.png\"><img fetchpriority=\"high\" decoding=\"async\" class=\" wp-image-78114 aligncenter\" src=\"https:\/\/noticiasemdestaque.com\/cd\/wp-content\/uploads\/2026\/04\/PNAB-300x199.png\" alt=\"\" width=\"1167\" height=\"774\" srcset=\"https:\/\/noticiasemdestaque.com\/cd\/wp-content\/uploads\/2026\/04\/PNAB-300x199.png 300w, https:\/\/noticiasemdestaque.com\/cd\/wp-content\/uploads\/2026\/04\/PNAB.png 768w\" sizes=\"(max-width: 1167px) 100vw, 1167px\" \/><\/a><\/p>\n<p>A Secretaria de Cultura e Turismo de Monteiro alerta que o prazo para inscri\u00e7\u00f5es na Lei Aldir Blanc se encerra no dia 30 de abril. Artistas, grupos culturais e fazedores de cultura do munic\u00edpio que ainda n\u00e3o realizaram o cadastro devem ficar atentos \u00e0 data limite.<\/p>\n<p>Para auxiliar no processo, a Secretaria disponibiliza um t\u00e9cnico para orientar na inscri\u00e7\u00e3o e tirar d\u00favidas sobre a elabora\u00e7\u00e3o do projeto.<\/p>\n<p>A Secretaria tamb\u00e9m informa que retornou ao antigo endere\u00e7o, na Rua Desembargador Feitosa Ventura, n\u00ba 29, em frente \u00e0 Lira Inform\u00e1tica. As inscri\u00e7\u00f5es devem ser feitas presencialmente no local.<\/p>\n<p>A Lei Aldir Blanc \u00e9 uma importante ferramenta de fomento \u00e0 cultura, destinada a apoiar trabalhadores e trabalhadoras do setor cultural, e o edital e o formul\u00e1rio\u00a0obrigat\u00f3rio\u00a0est\u00e3o dispon\u00edveis no site da Prefeitura na aba PNAB.<\/p>\n<p><a href=\"https:\/\/www.monteiro.pb.gov.br\/wp-content\/uploads\/2026\/04\/PMM-DOM-Edicao-de-09-de-abril-de-2026.pdf\" target=\"_blank\" rel=\"noreferrer noopener\">Confira os editais na \u00edntegra clicando aqui!<\/a><\/p>\n<p><strong>Noticias em Destaque<\/strong><\/p>\n<p style=\"text-align: right;\"><em>Fonte: Vitrine do Cariri<\/em><\/p>\n","protected":false},"excerpt":{"rendered":"<p>A Secretaria de Cultura e Turismo de Monteiro alerta que o prazo para inscri\u00e7\u00f5es na Lei Aldir Blanc se encerra no dia 30 de abril. Artistas, grupos culturais e fazedores de cultura do munic\u00edpio que ainda n\u00e3o realizaram o cadastro devem ficar atentos \u00e0 data limite. Para auxiliar no processo, a Secretaria disponibiliza um t\u00e9cnico para orientar na inscri\u00e7\u00e3o e tirar d\u00favidas sobre a elabora\u00e7\u00e3o do projeto. A Secretaria tamb\u00e9m informa que retornou ao antigo endere\u00e7o, na Rua Desembargador Feitosa Ventura, n\u00ba 29, em frente \u00e0 Lira Inform\u00e1tica. As inscri\u00e7\u00f5es devem ser feitas presencialmente no local. A Lei Aldir Blanc \u00e9 uma importante ferramenta de fomento \u00e0 cultura, destinada a apoiar trabalhadores e trabalhadoras do setor cultural, e o edital e o formul\u00e1rio\u00a0obrigat\u00f3rio\u00a0est\u00e3o dispon\u00edveis no site da Prefeitura na aba PNAB. Confira os editais na \u00edntegra clicando aqui! Noticias em Destaque Fonte: Vitrine do Cariri<\/p>\n","protected":false},"author":2,"featured_media":78114,"comment_status":"closed","ping_status":"closed","sticky":false,"template":"","format":"standard","meta":{"_eb_attr":"","_jetpack_memberships_contains_paid_content":false,"footnotes":""},"categories":[4],"tags":[],"class_list":["post-78113","post","type-post","status-publish","format-standard","has-post-thumbnail","hentry","category-politica"],"yoast_head":"<!-- This site is optimized with the Yoast SEO plugin v26.5 - https:\/\/yoast.com\/wordpress\/plugins\/seo\/ -->\n<title>Secretaria de Cultura Alerta para Prazo Final de Inscri\u00e7\u00f5es na Lei Aldir Blanc em Monteiro - Not&iacute;cias em Destaque<\/title>\n<meta name=\"robots\" content=\"index, follow, max-snippet:-1, max-image-preview:large, max-video-preview:-1\" \/>\n<link rel=\"canonical\" href=\"https:\/\/noticiasemdestaque.com\/cd\/?p=78113\" \/>\n<meta property=\"og:locale\" content=\"pt_BR\" \/>\n<meta property=\"og:type\" content=\"article\" \/>\n<meta property=\"og:title\" content=\"Secretaria de Cultura Alerta para Prazo Final de Inscri\u00e7\u00f5es na Lei Aldir Blanc em Monteiro - Not&iacute;cias em Destaque\" \/>\n<meta property=\"og:description\" content=\"A Secretaria de Cultura e Turismo de Monteiro alerta que o prazo para inscri\u00e7\u00f5es na Lei Aldir Blanc se encerra no dia 30 de abril. Artistas, grupos culturais e fazedores de cultura do munic\u00edpio que ainda n\u00e3o realizaram o cadastro devem ficar atentos \u00e0 data limite. Para auxiliar no processo, a Secretaria disponibiliza um t\u00e9cnico para orientar na inscri\u00e7\u00e3o e tirar d\u00favidas sobre a elabora\u00e7\u00e3o do projeto. A Secretaria tamb\u00e9m informa que retornou ao antigo endere\u00e7o, na Rua Desembargador Feitosa Ventura, n\u00ba 29, em frente \u00e0 Lira Inform\u00e1tica. As inscri\u00e7\u00f5es devem ser feitas presencialmente no local. A Lei Aldir Blanc \u00e9 uma importante ferramenta de fomento \u00e0 cultura, destinada a apoiar trabalhadores e trabalhadoras do setor cultural, e o edital e o formul\u00e1rio\u00a0obrigat\u00f3rio\u00a0est\u00e3o dispon\u00edveis no site da Prefeitura na aba PNAB. Confira os editais na \u00edntegra clicando aqui! Noticias em Destaque Fonte: Vitrine do Cariri\" \/>\n<meta property=\"og:url\" content=\"https:\/\/noticiasemdestaque.com\/cd\/?p=78113\" \/>\n<meta property=\"og:site_name\" content=\"Not&iacute;cias em Destaque\" \/>\n<meta property=\"article:published_time\" content=\"2026-04-24T00:38:50+00:00\" \/>\n<meta property=\"og:image\" content=\"https:\/\/noticiasemdestaque.com\/cd\/wp-content\/uploads\/2026\/04\/PNAB.png\" \/>\n\t<meta property=\"og:image:width\" content=\"768\" \/>\n\t<meta property=\"og:image:height\" content=\"510\" \/>\n\t<meta property=\"og:image:type\" content=\"image\/png\" \/>\n<meta name=\"author\" content=\"Not\u00edcias em Destaque\" \/>\n<meta name=\"twitter:card\" content=\"summary_large_image\" \/>\n<meta name=\"twitter:label1\" content=\"Escrito por\" \/>\n\t<meta name=\"twitter:data1\" content=\"Not\u00edcias em Destaque\" \/>\n\t<meta name=\"twitter:label2\" content=\"Est. tempo de leitura\" \/>\n\t<meta name=\"twitter:data2\" content=\"2 minutos\" \/>\n<script type=\"application\/ld+json\" class=\"yoast-schema-graph\">{\"@context\":\"https:\/\/schema.org\",\"@graph\":[{\"@type\":\"Article\",\"@id\":\"https:\/\/noticiasemdestaque.com\/cd\/?p=78113#article\",\"isPartOf\":{\"@id\":\"https:\/\/noticiasemdestaque.com\/cd\/?p=78113\"},\"author\":{\"name\":\"Not\u00edcias em Destaque\",\"@id\":\"https:\/\/noticiasemdestaque.com\/cd\/#\/schema\/person\/47f7d4f55eec17c6b2ca036c5500f6ce\"},\"headline\":\"Secretaria de Cultura Alerta para Prazo Final de Inscri\u00e7\u00f5es na Lei Aldir Blanc em Monteiro\",\"datePublished\":\"2026-04-24T00:38:50+00:00\",\"mainEntityOfPage\":{\"@id\":\"https:\/\/noticiasemdestaque.com\/cd\/?p=78113\"},\"wordCount\":172,\"publisher\":{\"@id\":\"https:\/\/noticiasemdestaque.com\/cd\/#organization\"},\"image\":{\"@id\":\"https:\/\/noticiasemdestaque.com\/cd\/?p=78113#primaryimage\"},\"thumbnailUrl\":\"https:\/\/noticiasemdestaque.com\/cd\/wp-content\/uploads\/2026\/04\/PNAB.png\",\"articleSection\":[\"Pol\u00edtica\"],\"inLanguage\":\"pt-BR\"},{\"@type\":\"WebPage\",\"@id\":\"https:\/\/noticiasemdestaque.com\/cd\/?p=78113\",\"url\":\"https:\/\/noticiasemdestaque.com\/cd\/?p=78113\",\"name\":\"Secretaria de Cultura Alerta para Prazo Final de Inscri\u00e7\u00f5es na Lei Aldir Blanc em Monteiro - Not&iacute;cias em Destaque\",\"isPartOf\":{\"@id\":\"https:\/\/noticiasemdestaque.com\/cd\/#website\"},\"primaryImageOfPage\":{\"@id\":\"https:\/\/noticiasemdestaque.com\/cd\/?p=78113#primaryimage\"},\"image\":{\"@id\":\"https:\/\/noticiasemdestaque.com\/cd\/?p=78113#primaryimage\"},\"thumbnailUrl\":\"https:\/\/noticiasemdestaque.com\/cd\/wp-content\/uploads\/2026\/04\/PNAB.png\",\"datePublished\":\"2026-04-24T00:38:50+00:00\",\"breadcrumb\":{\"@id\":\"https:\/\/noticiasemdestaque.com\/cd\/?p=78113#breadcrumb\"},\"inLanguage\":\"pt-BR\",\"potentialAction\":[{\"@type\":\"ReadAction\",\"target\":[\"https:\/\/noticiasemdestaque.com\/cd\/?p=78113\"]}]},{\"@type\":\"ImageObject\",\"inLanguage\":\"pt-BR\",\"@id\":\"https:\/\/noticiasemdestaque.com\/cd\/?p=78113#primaryimage\",\"url\":\"https:\/\/noticiasemdestaque.com\/cd\/wp-content\/uploads\/2026\/04\/PNAB.png\",\"contentUrl\":\"https:\/\/noticiasemdestaque.com\/cd\/wp-content\/uploads\/2026\/04\/PNAB.png\",\"width\":768,\"height\":510},{\"@type\":\"BreadcrumbList\",\"@id\":\"https:\/\/noticiasemdestaque.com\/cd\/?p=78113#breadcrumb\",\"itemListElement\":[{\"@type\":\"ListItem\",\"position\":1,\"name\":\"In\u00edcio\",\"item\":\"https:\/\/noticiasemdestaque.com\/cd\/\"},{\"@type\":\"ListItem\",\"position\":2,\"name\":\"Secretaria de Cultura Alerta para Prazo Final de Inscri\u00e7\u00f5es na Lei Aldir Blanc em Monteiro\"}]},{\"@type\":\"WebSite\",\"@id\":\"https:\/\/noticiasemdestaque.com\/cd\/#website\",\"url\":\"https:\/\/noticiasemdestaque.com\/cd\/\",\"name\":\"Not&iacute;cias em Destaque\",\"description\":\"\",\"publisher\":{\"@id\":\"https:\/\/noticiasemdestaque.com\/cd\/#organization\"},\"potentialAction\":[{\"@type\":\"SearchAction\",\"target\":{\"@type\":\"EntryPoint\",\"urlTemplate\":\"https:\/\/noticiasemdestaque.com\/cd\/?s={search_term_string}\"},\"query-input\":{\"@type\":\"PropertyValueSpecification\",\"valueRequired\":true,\"valueName\":\"search_term_string\"}}],\"inLanguage\":\"pt-BR\"},{\"@type\":\"Organization\",\"@id\":\"https:\/\/noticiasemdestaque.com\/cd\/#organization\",\"name\":\"Not\u00edcias em Destaque\",\"url\":\"https:\/\/noticiasemdestaque.com\/cd\/\",\"logo\":{\"@type\":\"ImageObject\",\"inLanguage\":\"pt-BR\",\"@id\":\"https:\/\/noticiasemdestaque.com\/cd\/#\/schema\/logo\/image\/\",\"url\":\"https:\/\/noticiasemdestaque.com\/cd\/wp-content\/uploads\/2022\/05\/imagem-base-noticiasemdestaque.png\",\"contentUrl\":\"https:\/\/noticiasemdestaque.com\/cd\/wp-content\/uploads\/2022\/05\/imagem-base-noticiasemdestaque.png\",\"width\":1200,\"height\":630,\"caption\":\"Not\u00edcias em Destaque\"},\"image\":{\"@id\":\"https:\/\/noticiasemdestaque.com\/cd\/#\/schema\/logo\/image\/\"}},{\"@type\":\"Person\",\"@id\":\"https:\/\/noticiasemdestaque.com\/cd\/#\/schema\/person\/47f7d4f55eec17c6b2ca036c5500f6ce\",\"name\":\"Not\u00edcias em Destaque\",\"url\":\"https:\/\/noticiasemdestaque.com\/cd\/?author=2\"}]}<\/script>\n<!-- \/ Yoast SEO plugin. -->","yoast_head_json":{"title":"Secretaria de Cultura Alerta para Prazo Final de Inscri\u00e7\u00f5es na Lei Aldir Blanc em Monteiro - Not&iacute;cias em Destaque","robots":{"index":"index","follow":"follow","max-snippet":"max-snippet:-1","max-image-preview":"max-image-preview:large","max-video-preview":"max-video-preview:-1"},"canonical":"https:\/\/noticiasemdestaque.com\/cd\/?p=78113","og_locale":"pt_BR","og_type":"article","og_title":"Secretaria de Cultura Alerta para Prazo Final de Inscri\u00e7\u00f5es na Lei Aldir Blanc em Monteiro - Not&iacute;cias em Destaque","og_description":"A Secretaria de Cultura e Turismo de Monteiro alerta que o prazo para inscri\u00e7\u00f5es na Lei Aldir Blanc se encerra no dia 30 de abril. Artistas, grupos culturais e fazedores de cultura do munic\u00edpio que ainda n\u00e3o realizaram o cadastro devem ficar atentos \u00e0 data limite. Para auxiliar no processo, a Secretaria disponibiliza um t\u00e9cnico para orientar na inscri\u00e7\u00e3o e tirar d\u00favidas sobre a elabora\u00e7\u00e3o do projeto. A Secretaria tamb\u00e9m informa que retornou ao antigo endere\u00e7o, na Rua Desembargador Feitosa Ventura, n\u00ba 29, em frente \u00e0 Lira Inform\u00e1tica. As inscri\u00e7\u00f5es devem ser feitas presencialmente no local. A Lei Aldir Blanc \u00e9 uma importante ferramenta de fomento \u00e0 cultura, destinada a apoiar trabalhadores e trabalhadoras do setor cultural, e o edital e o formul\u00e1rio\u00a0obrigat\u00f3rio\u00a0est\u00e3o dispon\u00edveis no site da Prefeitura na aba PNAB. Confira os editais na \u00edntegra clicando aqui! Noticias em Destaque Fonte: Vitrine do Cariri","og_url":"https:\/\/noticiasemdestaque.com\/cd\/?p=78113","og_site_name":"Not&iacute;cias em Destaque","article_published_time":"2026-04-24T00:38:50+00:00","og_image":[{"width":768,"height":510,"url":"https:\/\/noticiasemdestaque.com\/cd\/wp-content\/uploads\/2026\/04\/PNAB.png","type":"image\/png"}],"author":"Not\u00edcias em Destaque","twitter_card":"summary_large_image","twitter_misc":{"Escrito por":"Not\u00edcias em Destaque","Est. tempo de leitura":"2 minutos"},"schema":{"@context":"https:\/\/schema.org","@graph":[{"@type":"Article","@id":"https:\/\/noticiasemdestaque.com\/cd\/?p=78113#article","isPartOf":{"@id":"https:\/\/noticiasemdestaque.com\/cd\/?p=78113"},"author":{"name":"Not\u00edcias em Destaque","@id":"https:\/\/noticiasemdestaque.com\/cd\/#\/schema\/person\/47f7d4f55eec17c6b2ca036c5500f6ce"},"headline":"Secretaria de Cultura Alerta para Prazo Final de Inscri\u00e7\u00f5es na Lei Aldir Blanc em Monteiro","datePublished":"2026-04-24T00:38:50+00:00","mainEntityOfPage":{"@id":"https:\/\/noticiasemdestaque.com\/cd\/?p=78113"},"wordCount":172,"publisher":{"@id":"https:\/\/noticiasemdestaque.com\/cd\/#organization"},"image":{"@id":"https:\/\/noticiasemdestaque.com\/cd\/?p=78113#primaryimage"},"thumbnailUrl":"https:\/\/noticiasemdestaque.com\/cd\/wp-content\/uploads\/2026\/04\/PNAB.png","articleSection":["Pol\u00edtica"],"inLanguage":"pt-BR"},{"@type":"WebPage","@id":"https:\/\/noticiasemdestaque.com\/cd\/?p=78113","url":"https:\/\/noticiasemdestaque.com\/cd\/?p=78113","name":"Secretaria de Cultura Alerta para Prazo Final de Inscri\u00e7\u00f5es na Lei Aldir Blanc em Monteiro - Not&iacute;cias em Destaque","isPartOf":{"@id":"https:\/\/noticiasemdestaque.com\/cd\/#website"},"primaryImageOfPage":{"@id":"https:\/\/noticiasemdestaque.com\/cd\/?p=78113#primaryimage"},"image":{"@id":"https:\/\/noticiasemdestaque.com\/cd\/?p=78113#primaryimage"},"thumbnailUrl":"https:\/\/noticiasemdestaque.com\/cd\/wp-content\/uploads\/2026\/04\/PNAB.png","datePublished":"2026-04-24T00:38:50+00:00","breadcrumb":{"@id":"https:\/\/noticiasemdestaque.com\/cd\/?p=78113#breadcrumb"},"inLanguage":"pt-BR","potentialAction":[{"@type":"ReadAction","target":["https:\/\/noticiasemdestaque.com\/cd\/?p=78113"]}]},{"@type":"ImageObject","inLanguage":"pt-BR","@id":"https:\/\/noticiasemdestaque.com\/cd\/?p=78113#primaryimage","url":"https:\/\/noticiasemdestaque.com\/cd\/wp-content\/uploads\/2026\/04\/PNAB.png","contentUrl":"https:\/\/noticiasemdestaque.com\/cd\/wp-content\/uploads\/2026\/04\/PNAB.png","width":768,"height":510},{"@type":"BreadcrumbList","@id":"https:\/\/noticiasemdestaque.com\/cd\/?p=78113#breadcrumb","itemListElement":[{"@type":"ListItem","position":1,"name":"In\u00edcio","item":"https:\/\/noticiasemdestaque.com\/cd\/"},{"@type":"ListItem","position":2,"name":"Secretaria de Cultura Alerta para Prazo Final de Inscri\u00e7\u00f5es na Lei Aldir Blanc em Monteiro"}]},{"@type":"WebSite","@id":"https:\/\/noticiasemdestaque.com\/cd\/#website","url":"https:\/\/noticiasemdestaque.com\/cd\/","name":"Not&iacute;cias em Destaque","description":"","publisher":{"@id":"https:\/\/noticiasemdestaque.com\/cd\/#organization"},"potentialAction":[{"@type":"SearchAction","target":{"@type":"EntryPoint","urlTemplate":"https:\/\/noticiasemdestaque.com\/cd\/?s={search_term_string}"},"query-input":{"@type":"PropertyValueSpecification","valueRequired":true,"valueName":"search_term_string"}}],"inLanguage":"pt-BR"},{"@type":"Organization","@id":"https:\/\/noticiasemdestaque.com\/cd\/#organization","name":"Not\u00edcias em Destaque","url":"https:\/\/noticiasemdestaque.com\/cd\/","logo":{"@type":"ImageObject","inLanguage":"pt-BR","@id":"https:\/\/noticiasemdestaque.com\/cd\/#\/schema\/logo\/image\/","url":"https:\/\/noticiasemdestaque.com\/cd\/wp-content\/uploads\/2022\/05\/imagem-base-noticiasemdestaque.png","contentUrl":"https:\/\/noticiasemdestaque.com\/cd\/wp-content\/uploads\/2022\/05\/imagem-base-noticiasemdestaque.png","width":1200,"height":630,"caption":"Not\u00edcias em Destaque"},"image":{"@id":"https:\/\/noticiasemdestaque.com\/cd\/#\/schema\/logo\/image\/"}},{"@type":"Person","@id":"https:\/\/noticiasemdestaque.com\/cd\/#\/schema\/person\/47f7d4f55eec17c6b2ca036c5500f6ce","name":"Not\u00edcias em Destaque","url":"https:\/\/noticiasemdestaque.com\/cd\/?author=2"}]}},"jetpack_featured_media_url":"https:\/\/noticiasemdestaque.com\/cd\/wp-content\/uploads\/2026\/04\/PNAB.png","jetpack_sharing_enabled":true,"_links":{"self":[{"href":"https:\/\/noticiasemdestaque.com\/cd\/index.php?rest_route=\/wp\/v2\/posts\/78113","targetHints":{"allow":["GET"]}}],"collection":[{"href":"https:\/\/noticiasemdestaque.com\/cd\/index.php?rest_route=\/wp\/v2\/posts"}],"about":[{"href":"https:\/\/noticiasemdestaque.com\/cd\/index.php?rest_route=\/wp\/v2\/types\/post"}],"author":[{"embeddable":true,"href":"https:\/\/noticiasemdestaque.com\/cd\/index.php?rest_route=\/wp\/v2\/users\/2"}],"replies":[{"embeddable":true,"href":"https:\/\/noticiasemdestaque.com\/cd\/index.php?rest_route=%2Fwp%2Fv2%2Fcomments&post=78113"}],"version-history":[{"count":1,"href":"https:\/\/noticiasemdestaque.com\/cd\/index.php?rest_route=\/wp\/v2\/posts\/78113\/revisions"}],"predecessor-version":[{"id":78115,"href":"https:\/\/noticiasemdestaque.com\/cd\/index.php?rest_route=\/wp\/v2\/posts\/78113\/revisions\/78115"}],"wp:featuredmedia":[{"embeddable":true,"href":"https:\/\/noticiasemdestaque.com\/cd\/index.php?rest_route=\/wp\/v2\/media\/78114"}],"wp:attachment":[{"href":"https:\/\/noticiasemdestaque.com\/cd\/index.php?rest_route=%2Fwp%2Fv2%2Fmedia&parent=78113"}],"wp:term":[{"taxonomy":"category","embeddable":true,"href":"https:\/\/noticiasemdestaque.com\/cd\/index.php?rest_route=%2Fwp%2Fv2%2Fcategories&post=78113"},{"taxonomy":"post_tag","embeddable":true,"href":"https:\/\/noticiasemdestaque.com\/cd\/index.php?rest_route=%2Fwp%2Fv2%2Ftags&post=78113"}],"curies":[{"name":"wp","href":"https:\/\/api.w.org\/{rel}","templated":true}]}}