{"id":78110,"date":"2026-04-23T21:27:49","date_gmt":"2026-04-24T00:27:49","guid":{"rendered":"https:\/\/noticiasemdestaque.com\/cd\/?p=78110"},"modified":"2026-04-23T21:27:49","modified_gmt":"2026-04-24T00:27:49","slug":"prefeito-e-presidente-do-cisco-genivaldo-temborio-realiza-reuniao-para-avaliacao-do-cisco-agro","status":"publish","type":"post","link":"https:\/\/noticiasemdestaque.com\/cd\/?p=78110","title":{"rendered":"Prefeito e presidente do CISCO Genivaldo Temb\u00f3rio realiza reuni\u00e3o para avalia\u00e7\u00e3o do CISCO Agro"},"content":{"rendered":"<p><a href=\"https:\/\/noticiasemdestaque.com\/cd\/wp-content\/uploads\/2026\/04\/7be256a7-c9c0-4bba-b87a-bb779e754433-768x1024-1.webp\"><img fetchpriority=\"high\" decoding=\"async\" class=\" wp-image-78111 aligncenter\" src=\"https:\/\/noticiasemdestaque.com\/cd\/wp-content\/uploads\/2026\/04\/7be256a7-c9c0-4bba-b87a-bb779e754433-768x1024-1-225x300.webp\" alt=\"\" width=\"1095\" height=\"1460\" srcset=\"https:\/\/noticiasemdestaque.com\/cd\/wp-content\/uploads\/2026\/04\/7be256a7-c9c0-4bba-b87a-bb779e754433-768x1024-1-225x300.webp 225w, https:\/\/noticiasemdestaque.com\/cd\/wp-content\/uploads\/2026\/04\/7be256a7-c9c0-4bba-b87a-bb779e754433-768x1024-1.webp 768w\" sizes=\"(max-width: 1095px) 100vw, 1095px\" \/><\/a><\/p>\n<p>O prefeito de Prata e presidente do CISCO, Genivaldo Temb\u00f3rio, realizou, em seu gabinete, uma reuni\u00e3o estrat\u00e9gica voltada \u00e0 avalia\u00e7\u00e3o e ao fortalecimento das a\u00e7\u00f5es do CISCO Agro na regi\u00e3o.<\/p>\n<p>Participaram do encontro o m\u00e9dico veterin\u00e1rio e coordenador do CISCO Agro, Ricardo Morato, e a gerente do Sebrae, Madalena Arruda. A reuni\u00e3o teve como foco a an\u00e1lise dos resultados do programa, bem como a discuss\u00e3o de novas estrat\u00e9gias para ampliar o apoio aos produtores rurais.<\/p>\n<p>Durante a agenda, foram abordados os avan\u00e7os j\u00e1 conquistados pelo CISCO Agro, al\u00e9m dos desafios enfrentados na regi\u00e3o. Os participantes destacaram a import\u00e2ncia da assist\u00eancia t\u00e9cnica qualificada e do incentivo \u00e0s atividades agropecu\u00e1rias como pilares para o desenvolvimento econ\u00f4mico local.<\/p>\n<p>O prefeito enfatizou o compromisso da gest\u00e3o municipal com o fortalecimento do setor rural. \u201cNosso objetivo \u00e9 garantir mais oportunidades para o homem do campo, com a\u00e7\u00f5es que gerem renda e promovam o crescimento sustent\u00e1vel da nossa regi\u00e3o\u201d, afirmou.<\/p>\n<p>O encontro refor\u00e7a a parceria entre a Prefeitura, o CISCO Agro e o Sebrae, consolidando o trabalho conjunto em prol do desenvolvimento da agropecu\u00e1ria e do fortalecimento da economia regional.<\/p>\n<p><strong>Noticias em Destaque<\/strong><\/p>\n<p style=\"text-align: right;\"><em>Fonte: Blog do Andr\u00e9<\/em><\/p>\n","protected":false},"excerpt":{"rendered":"<p>O prefeito de Prata e presidente do CISCO, Genivaldo Temb\u00f3rio, realizou, em seu gabinete, uma reuni\u00e3o estrat\u00e9gica voltada \u00e0 avalia\u00e7\u00e3o e ao fortalecimento das a\u00e7\u00f5es do CISCO Agro na regi\u00e3o. Participaram do encontro o m\u00e9dico veterin\u00e1rio e coordenador do CISCO Agro, Ricardo Morato, e a gerente do Sebrae, Madalena Arruda. A reuni\u00e3o teve como foco a an\u00e1lise dos resultados do programa, bem como a discuss\u00e3o de novas estrat\u00e9gias para ampliar o apoio aos produtores rurais. Durante a agenda, foram abordados os avan\u00e7os j\u00e1 conquistados pelo CISCO Agro, al\u00e9m dos desafios enfrentados na regi\u00e3o. Os participantes destacaram a import\u00e2ncia da assist\u00eancia t\u00e9cnica qualificada e do incentivo \u00e0s atividades agropecu\u00e1rias como pilares para o desenvolvimento econ\u00f4mico local. O prefeito enfatizou o compromisso da gest\u00e3o municipal com o fortalecimento do setor rural. \u201cNosso objetivo \u00e9 garantir mais oportunidades para o homem do campo, com a\u00e7\u00f5es que gerem renda e promovam o crescimento sustent\u00e1vel da nossa regi\u00e3o\u201d, afirmou. O encontro refor\u00e7a a parceria entre a Prefeitura, o CISCO Agro e o Sebrae, consolidando o trabalho conjunto em prol do desenvolvimento da agropecu\u00e1ria e do fortalecimento da economia regional. Noticias em Destaque Fonte: Blog do Andr\u00e9<\/p>\n","protected":false},"author":2,"featured_media":78111,"comment_status":"closed","ping_status":"closed","sticky":false,"template":"","format":"standard","meta":{"_eb_attr":"","_jetpack_memberships_contains_paid_content":false,"footnotes":""},"categories":[3],"tags":[],"class_list":["post-78110","post","type-post","status-publish","format-standard","has-post-thumbnail","hentry","category-cidades"],"yoast_head":"<!-- This site is optimized with the Yoast SEO plugin v26.5 - https:\/\/yoast.com\/wordpress\/plugins\/seo\/ -->\n<title>Prefeito e presidente do CISCO Genivaldo Temb\u00f3rio realiza reuni\u00e3o para avalia\u00e7\u00e3o do CISCO Agro - Not&iacute;cias em Destaque<\/title>\n<meta name=\"robots\" content=\"index, follow, max-snippet:-1, max-image-preview:large, max-video-preview:-1\" \/>\n<link rel=\"canonical\" href=\"https:\/\/noticiasemdestaque.com\/cd\/?p=78110\" \/>\n<meta property=\"og:locale\" content=\"pt_BR\" \/>\n<meta property=\"og:type\" content=\"article\" \/>\n<meta property=\"og:title\" content=\"Prefeito e presidente do CISCO Genivaldo Temb\u00f3rio realiza reuni\u00e3o para avalia\u00e7\u00e3o do CISCO Agro - Not&iacute;cias em Destaque\" \/>\n<meta property=\"og:description\" content=\"O prefeito de Prata e presidente do CISCO, Genivaldo Temb\u00f3rio, realizou, em seu gabinete, uma reuni\u00e3o estrat\u00e9gica voltada \u00e0 avalia\u00e7\u00e3o e ao fortalecimento das a\u00e7\u00f5es do CISCO Agro na regi\u00e3o. Participaram do encontro o m\u00e9dico veterin\u00e1rio e coordenador do CISCO Agro, Ricardo Morato, e a gerente do Sebrae, Madalena Arruda. A reuni\u00e3o teve como foco a an\u00e1lise dos resultados do programa, bem como a discuss\u00e3o de novas estrat\u00e9gias para ampliar o apoio aos produtores rurais. Durante a agenda, foram abordados os avan\u00e7os j\u00e1 conquistados pelo CISCO Agro, al\u00e9m dos desafios enfrentados na regi\u00e3o. Os participantes destacaram a import\u00e2ncia da assist\u00eancia t\u00e9cnica qualificada e do incentivo \u00e0s atividades agropecu\u00e1rias como pilares para o desenvolvimento econ\u00f4mico local. O prefeito enfatizou o compromisso da gest\u00e3o municipal com o fortalecimento do setor rural. \u201cNosso objetivo \u00e9 garantir mais oportunidades para o homem do campo, com a\u00e7\u00f5es que gerem renda e promovam o crescimento sustent\u00e1vel da nossa regi\u00e3o\u201d, afirmou. O encontro refor\u00e7a a parceria entre a Prefeitura, o CISCO Agro e o Sebrae, consolidando o trabalho conjunto em prol do desenvolvimento da agropecu\u00e1ria e do fortalecimento da economia regional. Noticias em Destaque Fonte: Blog do Andr\u00e9\" \/>\n<meta property=\"og:url\" content=\"https:\/\/noticiasemdestaque.com\/cd\/?p=78110\" \/>\n<meta property=\"og:site_name\" content=\"Not&iacute;cias em Destaque\" \/>\n<meta property=\"article:published_time\" content=\"2026-04-24T00:27:49+00:00\" \/>\n<meta property=\"og:image\" content=\"https:\/\/noticiasemdestaque.com\/cd\/wp-content\/uploads\/2026\/04\/7be256a7-c9c0-4bba-b87a-bb779e754433-768x1024-1.webp\" \/>\n\t<meta property=\"og:image:width\" content=\"768\" \/>\n\t<meta property=\"og:image:height\" content=\"1024\" \/>\n\t<meta property=\"og:image:type\" content=\"image\/webp\" \/>\n<meta name=\"author\" content=\"Not\u00edcias em Destaque\" \/>\n<meta name=\"twitter:card\" content=\"summary_large_image\" \/>\n<meta name=\"twitter:label1\" content=\"Escrito por\" \/>\n\t<meta name=\"twitter:data1\" content=\"Not\u00edcias em Destaque\" \/>\n\t<meta name=\"twitter:label2\" content=\"Est. tempo de leitura\" \/>\n\t<meta name=\"twitter:data2\" content=\"2 minutos\" \/>\n<script type=\"application\/ld+json\" class=\"yoast-schema-graph\">{\"@context\":\"https:\/\/schema.org\",\"@graph\":[{\"@type\":\"Article\",\"@id\":\"https:\/\/noticiasemdestaque.com\/cd\/?p=78110#article\",\"isPartOf\":{\"@id\":\"https:\/\/noticiasemdestaque.com\/cd\/?p=78110\"},\"author\":{\"name\":\"Not\u00edcias em Destaque\",\"@id\":\"https:\/\/noticiasemdestaque.com\/cd\/#\/schema\/person\/47f7d4f55eec17c6b2ca036c5500f6ce\"},\"headline\":\"Prefeito e presidente do CISCO Genivaldo Temb\u00f3rio realiza reuni\u00e3o para avalia\u00e7\u00e3o do CISCO Agro\",\"datePublished\":\"2026-04-24T00:27:49+00:00\",\"mainEntityOfPage\":{\"@id\":\"https:\/\/noticiasemdestaque.com\/cd\/?p=78110\"},\"wordCount\":232,\"publisher\":{\"@id\":\"https:\/\/noticiasemdestaque.com\/cd\/#organization\"},\"image\":{\"@id\":\"https:\/\/noticiasemdestaque.com\/cd\/?p=78110#primaryimage\"},\"thumbnailUrl\":\"https:\/\/noticiasemdestaque.com\/cd\/wp-content\/uploads\/2026\/04\/7be256a7-c9c0-4bba-b87a-bb779e754433-768x1024-1.webp\",\"articleSection\":[\"Cidades\"],\"inLanguage\":\"pt-BR\"},{\"@type\":\"WebPage\",\"@id\":\"https:\/\/noticiasemdestaque.com\/cd\/?p=78110\",\"url\":\"https:\/\/noticiasemdestaque.com\/cd\/?p=78110\",\"name\":\"Prefeito e presidente do CISCO Genivaldo Temb\u00f3rio realiza reuni\u00e3o para avalia\u00e7\u00e3o do CISCO Agro - Not&iacute;cias em Destaque\",\"isPartOf\":{\"@id\":\"https:\/\/noticiasemdestaque.com\/cd\/#website\"},\"primaryImageOfPage\":{\"@id\":\"https:\/\/noticiasemdestaque.com\/cd\/?p=78110#primaryimage\"},\"image\":{\"@id\":\"https:\/\/noticiasemdestaque.com\/cd\/?p=78110#primaryimage\"},\"thumbnailUrl\":\"https:\/\/noticiasemdestaque.com\/cd\/wp-content\/uploads\/2026\/04\/7be256a7-c9c0-4bba-b87a-bb779e754433-768x1024-1.webp\",\"datePublished\":\"2026-04-24T00:27:49+00:00\",\"breadcrumb\":{\"@id\":\"https:\/\/noticiasemdestaque.com\/cd\/?p=78110#breadcrumb\"},\"inLanguage\":\"pt-BR\",\"potentialAction\":[{\"@type\":\"ReadAction\",\"target\":[\"https:\/\/noticiasemdestaque.com\/cd\/?p=78110\"]}]},{\"@type\":\"ImageObject\",\"inLanguage\":\"pt-BR\",\"@id\":\"https:\/\/noticiasemdestaque.com\/cd\/?p=78110#primaryimage\",\"url\":\"https:\/\/noticiasemdestaque.com\/cd\/wp-content\/uploads\/2026\/04\/7be256a7-c9c0-4bba-b87a-bb779e754433-768x1024-1.webp\",\"contentUrl\":\"https:\/\/noticiasemdestaque.com\/cd\/wp-content\/uploads\/2026\/04\/7be256a7-c9c0-4bba-b87a-bb779e754433-768x1024-1.webp\",\"width\":768,\"height\":1024},{\"@type\":\"BreadcrumbList\",\"@id\":\"https:\/\/noticiasemdestaque.com\/cd\/?p=78110#breadcrumb\",\"itemListElement\":[{\"@type\":\"ListItem\",\"position\":1,\"name\":\"In\u00edcio\",\"item\":\"https:\/\/noticiasemdestaque.com\/cd\/\"},{\"@type\":\"ListItem\",\"position\":2,\"name\":\"Prefeito e presidente do CISCO Genivaldo Temb\u00f3rio realiza reuni\u00e3o para avalia\u00e7\u00e3o do CISCO Agro\"}]},{\"@type\":\"WebSite\",\"@id\":\"https:\/\/noticiasemdestaque.com\/cd\/#website\",\"url\":\"https:\/\/noticiasemdestaque.com\/cd\/\",\"name\":\"Not&iacute;cias em Destaque\",\"description\":\"\",\"publisher\":{\"@id\":\"https:\/\/noticiasemdestaque.com\/cd\/#organization\"},\"potentialAction\":[{\"@type\":\"SearchAction\",\"target\":{\"@type\":\"EntryPoint\",\"urlTemplate\":\"https:\/\/noticiasemdestaque.com\/cd\/?s={search_term_string}\"},\"query-input\":{\"@type\":\"PropertyValueSpecification\",\"valueRequired\":true,\"valueName\":\"search_term_string\"}}],\"inLanguage\":\"pt-BR\"},{\"@type\":\"Organization\",\"@id\":\"https:\/\/noticiasemdestaque.com\/cd\/#organization\",\"name\":\"Not\u00edcias em Destaque\",\"url\":\"https:\/\/noticiasemdestaque.com\/cd\/\",\"logo\":{\"@type\":\"ImageObject\",\"inLanguage\":\"pt-BR\",\"@id\":\"https:\/\/noticiasemdestaque.com\/cd\/#\/schema\/logo\/image\/\",\"url\":\"https:\/\/noticiasemdestaque.com\/cd\/wp-content\/uploads\/2022\/05\/imagem-base-noticiasemdestaque.png\",\"contentUrl\":\"https:\/\/noticiasemdestaque.com\/cd\/wp-content\/uploads\/2022\/05\/imagem-base-noticiasemdestaque.png\",\"width\":1200,\"height\":630,\"caption\":\"Not\u00edcias em Destaque\"},\"image\":{\"@id\":\"https:\/\/noticiasemdestaque.com\/cd\/#\/schema\/logo\/image\/\"}},{\"@type\":\"Person\",\"@id\":\"https:\/\/noticiasemdestaque.com\/cd\/#\/schema\/person\/47f7d4f55eec17c6b2ca036c5500f6ce\",\"name\":\"Not\u00edcias em Destaque\",\"url\":\"https:\/\/noticiasemdestaque.com\/cd\/?author=2\"}]}<\/script>\n<!-- \/ Yoast SEO plugin. -->","yoast_head_json":{"title":"Prefeito e presidente do CISCO Genivaldo Temb\u00f3rio realiza reuni\u00e3o para avalia\u00e7\u00e3o do CISCO Agro - Not&iacute;cias em Destaque","robots":{"index":"index","follow":"follow","max-snippet":"max-snippet:-1","max-image-preview":"max-image-preview:large","max-video-preview":"max-video-preview:-1"},"canonical":"https:\/\/noticiasemdestaque.com\/cd\/?p=78110","og_locale":"pt_BR","og_type":"article","og_title":"Prefeito e presidente do CISCO Genivaldo Temb\u00f3rio realiza reuni\u00e3o para avalia\u00e7\u00e3o do CISCO Agro - Not&iacute;cias em Destaque","og_description":"O prefeito de Prata e presidente do CISCO, Genivaldo Temb\u00f3rio, realizou, em seu gabinete, uma reuni\u00e3o estrat\u00e9gica voltada \u00e0 avalia\u00e7\u00e3o e ao fortalecimento das a\u00e7\u00f5es do CISCO Agro na regi\u00e3o. Participaram do encontro o m\u00e9dico veterin\u00e1rio e coordenador do CISCO Agro, Ricardo Morato, e a gerente do Sebrae, Madalena Arruda. A reuni\u00e3o teve como foco a an\u00e1lise dos resultados do programa, bem como a discuss\u00e3o de novas estrat\u00e9gias para ampliar o apoio aos produtores rurais. Durante a agenda, foram abordados os avan\u00e7os j\u00e1 conquistados pelo CISCO Agro, al\u00e9m dos desafios enfrentados na regi\u00e3o. Os participantes destacaram a import\u00e2ncia da assist\u00eancia t\u00e9cnica qualificada e do incentivo \u00e0s atividades agropecu\u00e1rias como pilares para o desenvolvimento econ\u00f4mico local. O prefeito enfatizou o compromisso da gest\u00e3o municipal com o fortalecimento do setor rural. \u201cNosso objetivo \u00e9 garantir mais oportunidades para o homem do campo, com a\u00e7\u00f5es que gerem renda e promovam o crescimento sustent\u00e1vel da nossa regi\u00e3o\u201d, afirmou. O encontro refor\u00e7a a parceria entre a Prefeitura, o CISCO Agro e o Sebrae, consolidando o trabalho conjunto em prol do desenvolvimento da agropecu\u00e1ria e do fortalecimento da economia regional. Noticias em Destaque Fonte: Blog do Andr\u00e9","og_url":"https:\/\/noticiasemdestaque.com\/cd\/?p=78110","og_site_name":"Not&iacute;cias em Destaque","article_published_time":"2026-04-24T00:27:49+00:00","og_image":[{"width":768,"height":1024,"url":"https:\/\/noticiasemdestaque.com\/cd\/wp-content\/uploads\/2026\/04\/7be256a7-c9c0-4bba-b87a-bb779e754433-768x1024-1.webp","type":"image\/webp"}],"author":"Not\u00edcias em Destaque","twitter_card":"summary_large_image","twitter_misc":{"Escrito por":"Not\u00edcias em Destaque","Est. tempo de leitura":"2 minutos"},"schema":{"@context":"https:\/\/schema.org","@graph":[{"@type":"Article","@id":"https:\/\/noticiasemdestaque.com\/cd\/?p=78110#article","isPartOf":{"@id":"https:\/\/noticiasemdestaque.com\/cd\/?p=78110"},"author":{"name":"Not\u00edcias em Destaque","@id":"https:\/\/noticiasemdestaque.com\/cd\/#\/schema\/person\/47f7d4f55eec17c6b2ca036c5500f6ce"},"headline":"Prefeito e presidente do CISCO Genivaldo Temb\u00f3rio realiza reuni\u00e3o para avalia\u00e7\u00e3o do CISCO Agro","datePublished":"2026-04-24T00:27:49+00:00","mainEntityOfPage":{"@id":"https:\/\/noticiasemdestaque.com\/cd\/?p=78110"},"wordCount":232,"publisher":{"@id":"https:\/\/noticiasemdestaque.com\/cd\/#organization"},"image":{"@id":"https:\/\/noticiasemdestaque.com\/cd\/?p=78110#primaryimage"},"thumbnailUrl":"https:\/\/noticiasemdestaque.com\/cd\/wp-content\/uploads\/2026\/04\/7be256a7-c9c0-4bba-b87a-bb779e754433-768x1024-1.webp","articleSection":["Cidades"],"inLanguage":"pt-BR"},{"@type":"WebPage","@id":"https:\/\/noticiasemdestaque.com\/cd\/?p=78110","url":"https:\/\/noticiasemdestaque.com\/cd\/?p=78110","name":"Prefeito e presidente do CISCO Genivaldo Temb\u00f3rio realiza reuni\u00e3o para avalia\u00e7\u00e3o do CISCO Agro - Not&iacute;cias em Destaque","isPartOf":{"@id":"https:\/\/noticiasemdestaque.com\/cd\/#website"},"primaryImageOfPage":{"@id":"https:\/\/noticiasemdestaque.com\/cd\/?p=78110#primaryimage"},"image":{"@id":"https:\/\/noticiasemdestaque.com\/cd\/?p=78110#primaryimage"},"thumbnailUrl":"https:\/\/noticiasemdestaque.com\/cd\/wp-content\/uploads\/2026\/04\/7be256a7-c9c0-4bba-b87a-bb779e754433-768x1024-1.webp","datePublished":"2026-04-24T00:27:49+00:00","breadcrumb":{"@id":"https:\/\/noticiasemdestaque.com\/cd\/?p=78110#breadcrumb"},"inLanguage":"pt-BR","potentialAction":[{"@type":"ReadAction","target":["https:\/\/noticiasemdestaque.com\/cd\/?p=78110"]}]},{"@type":"ImageObject","inLanguage":"pt-BR","@id":"https:\/\/noticiasemdestaque.com\/cd\/?p=78110#primaryimage","url":"https:\/\/noticiasemdestaque.com\/cd\/wp-content\/uploads\/2026\/04\/7be256a7-c9c0-4bba-b87a-bb779e754433-768x1024-1.webp","contentUrl":"https:\/\/noticiasemdestaque.com\/cd\/wp-content\/uploads\/2026\/04\/7be256a7-c9c0-4bba-b87a-bb779e754433-768x1024-1.webp","width":768,"height":1024},{"@type":"BreadcrumbList","@id":"https:\/\/noticiasemdestaque.com\/cd\/?p=78110#breadcrumb","itemListElement":[{"@type":"ListItem","position":1,"name":"In\u00edcio","item":"https:\/\/noticiasemdestaque.com\/cd\/"},{"@type":"ListItem","position":2,"name":"Prefeito e presidente do CISCO Genivaldo Temb\u00f3rio realiza reuni\u00e3o para avalia\u00e7\u00e3o do CISCO Agro"}]},{"@type":"WebSite","@id":"https:\/\/noticiasemdestaque.com\/cd\/#website","url":"https:\/\/noticiasemdestaque.com\/cd\/","name":"Not&iacute;cias em Destaque","description":"","publisher":{"@id":"https:\/\/noticiasemdestaque.com\/cd\/#organization"},"potentialAction":[{"@type":"SearchAction","target":{"@type":"EntryPoint","urlTemplate":"https:\/\/noticiasemdestaque.com\/cd\/?s={search_term_string}"},"query-input":{"@type":"PropertyValueSpecification","valueRequired":true,"valueName":"search_term_string"}}],"inLanguage":"pt-BR"},{"@type":"Organization","@id":"https:\/\/noticiasemdestaque.com\/cd\/#organization","name":"Not\u00edcias em Destaque","url":"https:\/\/noticiasemdestaque.com\/cd\/","logo":{"@type":"ImageObject","inLanguage":"pt-BR","@id":"https:\/\/noticiasemdestaque.com\/cd\/#\/schema\/logo\/image\/","url":"https:\/\/noticiasemdestaque.com\/cd\/wp-content\/uploads\/2022\/05\/imagem-base-noticiasemdestaque.png","contentUrl":"https:\/\/noticiasemdestaque.com\/cd\/wp-content\/uploads\/2022\/05\/imagem-base-noticiasemdestaque.png","width":1200,"height":630,"caption":"Not\u00edcias em Destaque"},"image":{"@id":"https:\/\/noticiasemdestaque.com\/cd\/#\/schema\/logo\/image\/"}},{"@type":"Person","@id":"https:\/\/noticiasemdestaque.com\/cd\/#\/schema\/person\/47f7d4f55eec17c6b2ca036c5500f6ce","name":"Not\u00edcias em Destaque","url":"https:\/\/noticiasemdestaque.com\/cd\/?author=2"}]}},"jetpack_featured_media_url":"https:\/\/noticiasemdestaque.com\/cd\/wp-content\/uploads\/2026\/04\/7be256a7-c9c0-4bba-b87a-bb779e754433-768x1024-1.webp","jetpack_sharing_enabled":true,"_links":{"self":[{"href":"https:\/\/noticiasemdestaque.com\/cd\/index.php?rest_route=\/wp\/v2\/posts\/78110","targetHints":{"allow":["GET"]}}],"collection":[{"href":"https:\/\/noticiasemdestaque.com\/cd\/index.php?rest_route=\/wp\/v2\/posts"}],"about":[{"href":"https:\/\/noticiasemdestaque.com\/cd\/index.php?rest_route=\/wp\/v2\/types\/post"}],"author":[{"embeddable":true,"href":"https:\/\/noticiasemdestaque.com\/cd\/index.php?rest_route=\/wp\/v2\/users\/2"}],"replies":[{"embeddable":true,"href":"https:\/\/noticiasemdestaque.com\/cd\/index.php?rest_route=%2Fwp%2Fv2%2Fcomments&post=78110"}],"version-history":[{"count":1,"href":"https:\/\/noticiasemdestaque.com\/cd\/index.php?rest_route=\/wp\/v2\/posts\/78110\/revisions"}],"predecessor-version":[{"id":78112,"href":"https:\/\/noticiasemdestaque.com\/cd\/index.php?rest_route=\/wp\/v2\/posts\/78110\/revisions\/78112"}],"wp:featuredmedia":[{"embeddable":true,"href":"https:\/\/noticiasemdestaque.com\/cd\/index.php?rest_route=\/wp\/v2\/media\/78111"}],"wp:attachment":[{"href":"https:\/\/noticiasemdestaque.com\/cd\/index.php?rest_route=%2Fwp%2Fv2%2Fmedia&parent=78110"}],"wp:term":[{"taxonomy":"category","embeddable":true,"href":"https:\/\/noticiasemdestaque.com\/cd\/index.php?rest_route=%2Fwp%2Fv2%2Fcategories&post=78110"},{"taxonomy":"post_tag","embeddable":true,"href":"https:\/\/noticiasemdestaque.com\/cd\/index.php?rest_route=%2Fwp%2Fv2%2Ftags&post=78110"}],"curies":[{"name":"wp","href":"https:\/\/api.w.org\/{rel}","templated":true}]}}