{"id":78104,"date":"2026-04-23T21:12:57","date_gmt":"2026-04-24T00:12:57","guid":{"rendered":"https:\/\/noticiasemdestaque.com\/cd\/?p=78104"},"modified":"2026-04-23T21:12:57","modified_gmt":"2026-04-24T00:12:57","slug":"mp-recomenda-cancelamento-de-vaquejadas-sem-licencas-no-sertao-da-paraiba","status":"publish","type":"post","link":"https:\/\/noticiasemdestaque.com\/cd\/?p=78104","title":{"rendered":"MP recomenda cancelamento de vaquejadas sem licen\u00e7as no Sert\u00e3o da Para\u00edba"},"content":{"rendered":"<p><a href=\"https:\/\/noticiasemdestaque.com\/cd\/wp-content\/uploads\/2026\/04\/vaquejada-800x450-1.webp\"><img fetchpriority=\"high\" decoding=\"async\" class=\" wp-image-78105 aligncenter\" src=\"https:\/\/noticiasemdestaque.com\/cd\/wp-content\/uploads\/2026\/04\/vaquejada-800x450-1-300x169.webp\" alt=\"\" width=\"1056\" height=\"595\" srcset=\"https:\/\/noticiasemdestaque.com\/cd\/wp-content\/uploads\/2026\/04\/vaquejada-800x450-1-300x169.webp 300w, https:\/\/noticiasemdestaque.com\/cd\/wp-content\/uploads\/2026\/04\/vaquejada-800x450-1-768x432.webp 768w, https:\/\/noticiasemdestaque.com\/cd\/wp-content\/uploads\/2026\/04\/vaquejada-800x450-1.webp 800w\" sizes=\"(max-width: 1056px) 100vw, 1056px\" \/><\/a><\/p>\n<p>O Minist\u00e9rio P\u00fablico da Para\u00edba (MPPB) recomendou o cancelamento de duas vaquejadas no Sert\u00e3o por falta das licen\u00e7as obrigat\u00f3rias. As recomenda\u00e7\u00f5es foram expedidas nesta quarta-feira (23) pela 3\u00aa Promotoria de Justi\u00e7a de Catol\u00e9 do Rocha.<\/p>\n<p>De acordo com as recomenda\u00e7\u00f5es, assinadas pela promotora Rebeca Braz Vieira de Melo, a Associa\u00e7\u00e3o Brasileira de Vaquejada (ABVAQ) informou que os eventos est\u00e3o programados para acontecer nas cidades de Riacho dos Cavalos e Bel\u00e9m do Brejo do Cruz, mas n\u00e3o possuem as autoriza\u00e7\u00f5es exigidas pelos \u00f3rg\u00e3os respons\u00e1veis pela fiscaliza\u00e7\u00e3o.<\/p>\n<p>A fiscaliza\u00e7\u00e3o, conforme a promotora, \u00e9 necess\u00e1ria para \u201cgarantir a observ\u00e2ncia das normas ambientais em vigor, compatibilizando, assim, o direito \u00e0 pr\u00e1tica cultural da vaquejada e a prote\u00e7\u00e3o dos animais contra toda atividade que os submeta \u00e0 crueldade.\u201d<\/p>\n<p>Diante disso, o MPPB orientou que os organizadores se abstenham de realizar as vaquejadas sem a devida autoriza\u00e7\u00e3o e fiscaliza\u00e7\u00e3o da Secretaria de Estado do Desenvolvimento da Agropecu\u00e1ria e da Defesa (SEDAP), do Conselho Regional de Medicina Veterin\u00e1ria da Para\u00edba (CRMV-PB) e da Associa\u00e7\u00e3o Brasileira de Vaquejada (ABVAQ).<\/p>\n<p>Segundo a promotora Rebeca Braz, as recomenda\u00e7\u00f5es t\u00eam \u201cnatureza preventiva e corretiva, na medida em que seu escopo \u00e9 o cumprimento das normas vigentes\u201d.<\/p>\n<p>Os organizadores foram notificados e t\u00eam prazo de 48 horas para informar se ir\u00e3o acatar as recomenda\u00e7\u00f5es. Em caso de descumprimento, poder\u00e3o ser responsabilizados.<\/p>\n<p><strong>Noticias em Destaque<\/strong><\/p>\n<p style=\"text-align: right;\"><em>Fonte: MaisPB<\/em><\/p>\n","protected":false},"excerpt":{"rendered":"<p>O Minist\u00e9rio P\u00fablico da Para\u00edba (MPPB) recomendou o cancelamento de duas vaquejadas no Sert\u00e3o por falta das licen\u00e7as obrigat\u00f3rias. As recomenda\u00e7\u00f5es foram expedidas nesta quarta-feira (23) pela 3\u00aa Promotoria de Justi\u00e7a de Catol\u00e9 do Rocha. De acordo com as recomenda\u00e7\u00f5es, assinadas pela promotora Rebeca Braz Vieira de Melo, a Associa\u00e7\u00e3o Brasileira de Vaquejada (ABVAQ) informou que os eventos est\u00e3o programados para acontecer nas cidades de Riacho dos Cavalos e Bel\u00e9m do Brejo do Cruz, mas n\u00e3o possuem as autoriza\u00e7\u00f5es exigidas pelos \u00f3rg\u00e3os respons\u00e1veis pela fiscaliza\u00e7\u00e3o. A fiscaliza\u00e7\u00e3o, conforme a promotora, \u00e9 necess\u00e1ria para \u201cgarantir a observ\u00e2ncia das normas ambientais em vigor, compatibilizando, assim, o direito \u00e0 pr\u00e1tica cultural da vaquejada e a prote\u00e7\u00e3o dos animais contra toda atividade que os submeta \u00e0 crueldade.\u201d Diante disso, o MPPB orientou que os organizadores se abstenham de realizar as vaquejadas sem a devida autoriza\u00e7\u00e3o e fiscaliza\u00e7\u00e3o da Secretaria de Estado do Desenvolvimento da Agropecu\u00e1ria e da Defesa (SEDAP), do Conselho Regional de Medicina Veterin\u00e1ria da Para\u00edba (CRMV-PB) e da Associa\u00e7\u00e3o Brasileira de Vaquejada (ABVAQ). Segundo a promotora Rebeca Braz, as recomenda\u00e7\u00f5es t\u00eam \u201cnatureza preventiva e corretiva, na medida em que seu escopo \u00e9 o cumprimento das normas vigentes\u201d. Os organizadores foram notificados e t\u00eam prazo de 48 horas para informar se ir\u00e3o acatar as recomenda\u00e7\u00f5es. Em caso de descumprimento, poder\u00e3o ser responsabilizados. Noticias em Destaque Fonte: MaisPB<\/p>\n","protected":false},"author":2,"featured_media":78105,"comment_status":"closed","ping_status":"closed","sticky":false,"template":"","format":"standard","meta":{"_eb_attr":"","_jetpack_memberships_contains_paid_content":false,"footnotes":""},"categories":[4],"tags":[],"class_list":["post-78104","post","type-post","status-publish","format-standard","has-post-thumbnail","hentry","category-politica"],"yoast_head":"<!-- This site is optimized with the Yoast SEO plugin v26.5 - https:\/\/yoast.com\/wordpress\/plugins\/seo\/ -->\n<title>MP recomenda cancelamento de vaquejadas sem licen\u00e7as no Sert\u00e3o da Para\u00edba - Not&iacute;cias em Destaque<\/title>\n<meta name=\"robots\" content=\"index, follow, max-snippet:-1, max-image-preview:large, max-video-preview:-1\" \/>\n<link rel=\"canonical\" href=\"https:\/\/noticiasemdestaque.com\/cd\/?p=78104\" \/>\n<meta property=\"og:locale\" content=\"pt_BR\" \/>\n<meta property=\"og:type\" content=\"article\" \/>\n<meta property=\"og:title\" content=\"MP recomenda cancelamento de vaquejadas sem licen\u00e7as no Sert\u00e3o da Para\u00edba - Not&iacute;cias em Destaque\" \/>\n<meta property=\"og:description\" content=\"O Minist\u00e9rio P\u00fablico da Para\u00edba (MPPB) recomendou o cancelamento de duas vaquejadas no Sert\u00e3o por falta das licen\u00e7as obrigat\u00f3rias. As recomenda\u00e7\u00f5es foram expedidas nesta quarta-feira (23) pela 3\u00aa Promotoria de Justi\u00e7a de Catol\u00e9 do Rocha. De acordo com as recomenda\u00e7\u00f5es, assinadas pela promotora Rebeca Braz Vieira de Melo, a Associa\u00e7\u00e3o Brasileira de Vaquejada (ABVAQ) informou que os eventos est\u00e3o programados para acontecer nas cidades de Riacho dos Cavalos e Bel\u00e9m do Brejo do Cruz, mas n\u00e3o possuem as autoriza\u00e7\u00f5es exigidas pelos \u00f3rg\u00e3os respons\u00e1veis pela fiscaliza\u00e7\u00e3o. A fiscaliza\u00e7\u00e3o, conforme a promotora, \u00e9 necess\u00e1ria para \u201cgarantir a observ\u00e2ncia das normas ambientais em vigor, compatibilizando, assim, o direito \u00e0 pr\u00e1tica cultural da vaquejada e a prote\u00e7\u00e3o dos animais contra toda atividade que os submeta \u00e0 crueldade.\u201d Diante disso, o MPPB orientou que os organizadores se abstenham de realizar as vaquejadas sem a devida autoriza\u00e7\u00e3o e fiscaliza\u00e7\u00e3o da Secretaria de Estado do Desenvolvimento da Agropecu\u00e1ria e da Defesa (SEDAP), do Conselho Regional de Medicina Veterin\u00e1ria da Para\u00edba (CRMV-PB) e da Associa\u00e7\u00e3o Brasileira de Vaquejada (ABVAQ). Segundo a promotora Rebeca Braz, as recomenda\u00e7\u00f5es t\u00eam \u201cnatureza preventiva e corretiva, na medida em que seu escopo \u00e9 o cumprimento das normas vigentes\u201d. Os organizadores foram notificados e t\u00eam prazo de 48 horas para informar se ir\u00e3o acatar as recomenda\u00e7\u00f5es. Em caso de descumprimento, poder\u00e3o ser responsabilizados. Noticias em Destaque Fonte: MaisPB\" \/>\n<meta property=\"og:url\" content=\"https:\/\/noticiasemdestaque.com\/cd\/?p=78104\" \/>\n<meta property=\"og:site_name\" content=\"Not&iacute;cias em Destaque\" \/>\n<meta property=\"article:published_time\" content=\"2026-04-24T00:12:57+00:00\" \/>\n<meta property=\"og:image\" content=\"https:\/\/noticiasemdestaque.com\/cd\/wp-content\/uploads\/2026\/04\/vaquejada-800x450-1.webp\" \/>\n\t<meta property=\"og:image:width\" content=\"800\" \/>\n\t<meta property=\"og:image:height\" content=\"450\" \/>\n\t<meta property=\"og:image:type\" content=\"image\/webp\" \/>\n<meta name=\"author\" content=\"Not\u00edcias em Destaque\" \/>\n<meta name=\"twitter:card\" content=\"summary_large_image\" \/>\n<meta name=\"twitter:label1\" content=\"Escrito por\" \/>\n\t<meta name=\"twitter:data1\" content=\"Not\u00edcias em Destaque\" \/>\n\t<meta name=\"twitter:label2\" content=\"Est. tempo de leitura\" \/>\n\t<meta name=\"twitter:data2\" content=\"2 minutos\" \/>\n<script type=\"application\/ld+json\" class=\"yoast-schema-graph\">{\"@context\":\"https:\/\/schema.org\",\"@graph\":[{\"@type\":\"Article\",\"@id\":\"https:\/\/noticiasemdestaque.com\/cd\/?p=78104#article\",\"isPartOf\":{\"@id\":\"https:\/\/noticiasemdestaque.com\/cd\/?p=78104\"},\"author\":{\"name\":\"Not\u00edcias em Destaque\",\"@id\":\"https:\/\/noticiasemdestaque.com\/cd\/#\/schema\/person\/47f7d4f55eec17c6b2ca036c5500f6ce\"},\"headline\":\"MP recomenda cancelamento de vaquejadas sem licen\u00e7as no Sert\u00e3o da Para\u00edba\",\"datePublished\":\"2026-04-24T00:12:57+00:00\",\"mainEntityOfPage\":{\"@id\":\"https:\/\/noticiasemdestaque.com\/cd\/?p=78104\"},\"wordCount\":265,\"publisher\":{\"@id\":\"https:\/\/noticiasemdestaque.com\/cd\/#organization\"},\"image\":{\"@id\":\"https:\/\/noticiasemdestaque.com\/cd\/?p=78104#primaryimage\"},\"thumbnailUrl\":\"https:\/\/noticiasemdestaque.com\/cd\/wp-content\/uploads\/2026\/04\/vaquejada-800x450-1.webp\",\"articleSection\":[\"Pol\u00edtica\"],\"inLanguage\":\"pt-BR\"},{\"@type\":\"WebPage\",\"@id\":\"https:\/\/noticiasemdestaque.com\/cd\/?p=78104\",\"url\":\"https:\/\/noticiasemdestaque.com\/cd\/?p=78104\",\"name\":\"MP recomenda cancelamento de vaquejadas sem licen\u00e7as no Sert\u00e3o da Para\u00edba - Not&iacute;cias em Destaque\",\"isPartOf\":{\"@id\":\"https:\/\/noticiasemdestaque.com\/cd\/#website\"},\"primaryImageOfPage\":{\"@id\":\"https:\/\/noticiasemdestaque.com\/cd\/?p=78104#primaryimage\"},\"image\":{\"@id\":\"https:\/\/noticiasemdestaque.com\/cd\/?p=78104#primaryimage\"},\"thumbnailUrl\":\"https:\/\/noticiasemdestaque.com\/cd\/wp-content\/uploads\/2026\/04\/vaquejada-800x450-1.webp\",\"datePublished\":\"2026-04-24T00:12:57+00:00\",\"breadcrumb\":{\"@id\":\"https:\/\/noticiasemdestaque.com\/cd\/?p=78104#breadcrumb\"},\"inLanguage\":\"pt-BR\",\"potentialAction\":[{\"@type\":\"ReadAction\",\"target\":[\"https:\/\/noticiasemdestaque.com\/cd\/?p=78104\"]}]},{\"@type\":\"ImageObject\",\"inLanguage\":\"pt-BR\",\"@id\":\"https:\/\/noticiasemdestaque.com\/cd\/?p=78104#primaryimage\",\"url\":\"https:\/\/noticiasemdestaque.com\/cd\/wp-content\/uploads\/2026\/04\/vaquejada-800x450-1.webp\",\"contentUrl\":\"https:\/\/noticiasemdestaque.com\/cd\/wp-content\/uploads\/2026\/04\/vaquejada-800x450-1.webp\",\"width\":800,\"height\":450},{\"@type\":\"BreadcrumbList\",\"@id\":\"https:\/\/noticiasemdestaque.com\/cd\/?p=78104#breadcrumb\",\"itemListElement\":[{\"@type\":\"ListItem\",\"position\":1,\"name\":\"In\u00edcio\",\"item\":\"https:\/\/noticiasemdestaque.com\/cd\/\"},{\"@type\":\"ListItem\",\"position\":2,\"name\":\"MP recomenda cancelamento de vaquejadas sem licen\u00e7as no Sert\u00e3o da Para\u00edba\"}]},{\"@type\":\"WebSite\",\"@id\":\"https:\/\/noticiasemdestaque.com\/cd\/#website\",\"url\":\"https:\/\/noticiasemdestaque.com\/cd\/\",\"name\":\"Not&iacute;cias em Destaque\",\"description\":\"\",\"publisher\":{\"@id\":\"https:\/\/noticiasemdestaque.com\/cd\/#organization\"},\"potentialAction\":[{\"@type\":\"SearchAction\",\"target\":{\"@type\":\"EntryPoint\",\"urlTemplate\":\"https:\/\/noticiasemdestaque.com\/cd\/?s={search_term_string}\"},\"query-input\":{\"@type\":\"PropertyValueSpecification\",\"valueRequired\":true,\"valueName\":\"search_term_string\"}}],\"inLanguage\":\"pt-BR\"},{\"@type\":\"Organization\",\"@id\":\"https:\/\/noticiasemdestaque.com\/cd\/#organization\",\"name\":\"Not\u00edcias em Destaque\",\"url\":\"https:\/\/noticiasemdestaque.com\/cd\/\",\"logo\":{\"@type\":\"ImageObject\",\"inLanguage\":\"pt-BR\",\"@id\":\"https:\/\/noticiasemdestaque.com\/cd\/#\/schema\/logo\/image\/\",\"url\":\"https:\/\/noticiasemdestaque.com\/cd\/wp-content\/uploads\/2022\/05\/imagem-base-noticiasemdestaque.png\",\"contentUrl\":\"https:\/\/noticiasemdestaque.com\/cd\/wp-content\/uploads\/2022\/05\/imagem-base-noticiasemdestaque.png\",\"width\":1200,\"height\":630,\"caption\":\"Not\u00edcias em Destaque\"},\"image\":{\"@id\":\"https:\/\/noticiasemdestaque.com\/cd\/#\/schema\/logo\/image\/\"}},{\"@type\":\"Person\",\"@id\":\"https:\/\/noticiasemdestaque.com\/cd\/#\/schema\/person\/47f7d4f55eec17c6b2ca036c5500f6ce\",\"name\":\"Not\u00edcias em Destaque\",\"url\":\"https:\/\/noticiasemdestaque.com\/cd\/?author=2\"}]}<\/script>\n<!-- \/ Yoast SEO plugin. -->","yoast_head_json":{"title":"MP recomenda cancelamento de vaquejadas sem licen\u00e7as no Sert\u00e3o da Para\u00edba - Not&iacute;cias em Destaque","robots":{"index":"index","follow":"follow","max-snippet":"max-snippet:-1","max-image-preview":"max-image-preview:large","max-video-preview":"max-video-preview:-1"},"canonical":"https:\/\/noticiasemdestaque.com\/cd\/?p=78104","og_locale":"pt_BR","og_type":"article","og_title":"MP recomenda cancelamento de vaquejadas sem licen\u00e7as no Sert\u00e3o da Para\u00edba - Not&iacute;cias em Destaque","og_description":"O Minist\u00e9rio P\u00fablico da Para\u00edba (MPPB) recomendou o cancelamento de duas vaquejadas no Sert\u00e3o por falta das licen\u00e7as obrigat\u00f3rias. As recomenda\u00e7\u00f5es foram expedidas nesta quarta-feira (23) pela 3\u00aa Promotoria de Justi\u00e7a de Catol\u00e9 do Rocha. De acordo com as recomenda\u00e7\u00f5es, assinadas pela promotora Rebeca Braz Vieira de Melo, a Associa\u00e7\u00e3o Brasileira de Vaquejada (ABVAQ) informou que os eventos est\u00e3o programados para acontecer nas cidades de Riacho dos Cavalos e Bel\u00e9m do Brejo do Cruz, mas n\u00e3o possuem as autoriza\u00e7\u00f5es exigidas pelos \u00f3rg\u00e3os respons\u00e1veis pela fiscaliza\u00e7\u00e3o. A fiscaliza\u00e7\u00e3o, conforme a promotora, \u00e9 necess\u00e1ria para \u201cgarantir a observ\u00e2ncia das normas ambientais em vigor, compatibilizando, assim, o direito \u00e0 pr\u00e1tica cultural da vaquejada e a prote\u00e7\u00e3o dos animais contra toda atividade que os submeta \u00e0 crueldade.\u201d Diante disso, o MPPB orientou que os organizadores se abstenham de realizar as vaquejadas sem a devida autoriza\u00e7\u00e3o e fiscaliza\u00e7\u00e3o da Secretaria de Estado do Desenvolvimento da Agropecu\u00e1ria e da Defesa (SEDAP), do Conselho Regional de Medicina Veterin\u00e1ria da Para\u00edba (CRMV-PB) e da Associa\u00e7\u00e3o Brasileira de Vaquejada (ABVAQ). Segundo a promotora Rebeca Braz, as recomenda\u00e7\u00f5es t\u00eam \u201cnatureza preventiva e corretiva, na medida em que seu escopo \u00e9 o cumprimento das normas vigentes\u201d. Os organizadores foram notificados e t\u00eam prazo de 48 horas para informar se ir\u00e3o acatar as recomenda\u00e7\u00f5es. Em caso de descumprimento, poder\u00e3o ser responsabilizados. Noticias em Destaque Fonte: MaisPB","og_url":"https:\/\/noticiasemdestaque.com\/cd\/?p=78104","og_site_name":"Not&iacute;cias em Destaque","article_published_time":"2026-04-24T00:12:57+00:00","og_image":[{"width":800,"height":450,"url":"https:\/\/noticiasemdestaque.com\/cd\/wp-content\/uploads\/2026\/04\/vaquejada-800x450-1.webp","type":"image\/webp"}],"author":"Not\u00edcias em Destaque","twitter_card":"summary_large_image","twitter_misc":{"Escrito por":"Not\u00edcias em Destaque","Est. tempo de leitura":"2 minutos"},"schema":{"@context":"https:\/\/schema.org","@graph":[{"@type":"Article","@id":"https:\/\/noticiasemdestaque.com\/cd\/?p=78104#article","isPartOf":{"@id":"https:\/\/noticiasemdestaque.com\/cd\/?p=78104"},"author":{"name":"Not\u00edcias em Destaque","@id":"https:\/\/noticiasemdestaque.com\/cd\/#\/schema\/person\/47f7d4f55eec17c6b2ca036c5500f6ce"},"headline":"MP recomenda cancelamento de vaquejadas sem licen\u00e7as no Sert\u00e3o da Para\u00edba","datePublished":"2026-04-24T00:12:57+00:00","mainEntityOfPage":{"@id":"https:\/\/noticiasemdestaque.com\/cd\/?p=78104"},"wordCount":265,"publisher":{"@id":"https:\/\/noticiasemdestaque.com\/cd\/#organization"},"image":{"@id":"https:\/\/noticiasemdestaque.com\/cd\/?p=78104#primaryimage"},"thumbnailUrl":"https:\/\/noticiasemdestaque.com\/cd\/wp-content\/uploads\/2026\/04\/vaquejada-800x450-1.webp","articleSection":["Pol\u00edtica"],"inLanguage":"pt-BR"},{"@type":"WebPage","@id":"https:\/\/noticiasemdestaque.com\/cd\/?p=78104","url":"https:\/\/noticiasemdestaque.com\/cd\/?p=78104","name":"MP recomenda cancelamento de vaquejadas sem licen\u00e7as no Sert\u00e3o da Para\u00edba - Not&iacute;cias em Destaque","isPartOf":{"@id":"https:\/\/noticiasemdestaque.com\/cd\/#website"},"primaryImageOfPage":{"@id":"https:\/\/noticiasemdestaque.com\/cd\/?p=78104#primaryimage"},"image":{"@id":"https:\/\/noticiasemdestaque.com\/cd\/?p=78104#primaryimage"},"thumbnailUrl":"https:\/\/noticiasemdestaque.com\/cd\/wp-content\/uploads\/2026\/04\/vaquejada-800x450-1.webp","datePublished":"2026-04-24T00:12:57+00:00","breadcrumb":{"@id":"https:\/\/noticiasemdestaque.com\/cd\/?p=78104#breadcrumb"},"inLanguage":"pt-BR","potentialAction":[{"@type":"ReadAction","target":["https:\/\/noticiasemdestaque.com\/cd\/?p=78104"]}]},{"@type":"ImageObject","inLanguage":"pt-BR","@id":"https:\/\/noticiasemdestaque.com\/cd\/?p=78104#primaryimage","url":"https:\/\/noticiasemdestaque.com\/cd\/wp-content\/uploads\/2026\/04\/vaquejada-800x450-1.webp","contentUrl":"https:\/\/noticiasemdestaque.com\/cd\/wp-content\/uploads\/2026\/04\/vaquejada-800x450-1.webp","width":800,"height":450},{"@type":"BreadcrumbList","@id":"https:\/\/noticiasemdestaque.com\/cd\/?p=78104#breadcrumb","itemListElement":[{"@type":"ListItem","position":1,"name":"In\u00edcio","item":"https:\/\/noticiasemdestaque.com\/cd\/"},{"@type":"ListItem","position":2,"name":"MP recomenda cancelamento de vaquejadas sem licen\u00e7as no Sert\u00e3o da Para\u00edba"}]},{"@type":"WebSite","@id":"https:\/\/noticiasemdestaque.com\/cd\/#website","url":"https:\/\/noticiasemdestaque.com\/cd\/","name":"Not&iacute;cias em Destaque","description":"","publisher":{"@id":"https:\/\/noticiasemdestaque.com\/cd\/#organization"},"potentialAction":[{"@type":"SearchAction","target":{"@type":"EntryPoint","urlTemplate":"https:\/\/noticiasemdestaque.com\/cd\/?s={search_term_string}"},"query-input":{"@type":"PropertyValueSpecification","valueRequired":true,"valueName":"search_term_string"}}],"inLanguage":"pt-BR"},{"@type":"Organization","@id":"https:\/\/noticiasemdestaque.com\/cd\/#organization","name":"Not\u00edcias em Destaque","url":"https:\/\/noticiasemdestaque.com\/cd\/","logo":{"@type":"ImageObject","inLanguage":"pt-BR","@id":"https:\/\/noticiasemdestaque.com\/cd\/#\/schema\/logo\/image\/","url":"https:\/\/noticiasemdestaque.com\/cd\/wp-content\/uploads\/2022\/05\/imagem-base-noticiasemdestaque.png","contentUrl":"https:\/\/noticiasemdestaque.com\/cd\/wp-content\/uploads\/2022\/05\/imagem-base-noticiasemdestaque.png","width":1200,"height":630,"caption":"Not\u00edcias em Destaque"},"image":{"@id":"https:\/\/noticiasemdestaque.com\/cd\/#\/schema\/logo\/image\/"}},{"@type":"Person","@id":"https:\/\/noticiasemdestaque.com\/cd\/#\/schema\/person\/47f7d4f55eec17c6b2ca036c5500f6ce","name":"Not\u00edcias em Destaque","url":"https:\/\/noticiasemdestaque.com\/cd\/?author=2"}]}},"jetpack_featured_media_url":"https:\/\/noticiasemdestaque.com\/cd\/wp-content\/uploads\/2026\/04\/vaquejada-800x450-1.webp","jetpack_sharing_enabled":true,"_links":{"self":[{"href":"https:\/\/noticiasemdestaque.com\/cd\/index.php?rest_route=\/wp\/v2\/posts\/78104","targetHints":{"allow":["GET"]}}],"collection":[{"href":"https:\/\/noticiasemdestaque.com\/cd\/index.php?rest_route=\/wp\/v2\/posts"}],"about":[{"href":"https:\/\/noticiasemdestaque.com\/cd\/index.php?rest_route=\/wp\/v2\/types\/post"}],"author":[{"embeddable":true,"href":"https:\/\/noticiasemdestaque.com\/cd\/index.php?rest_route=\/wp\/v2\/users\/2"}],"replies":[{"embeddable":true,"href":"https:\/\/noticiasemdestaque.com\/cd\/index.php?rest_route=%2Fwp%2Fv2%2Fcomments&post=78104"}],"version-history":[{"count":1,"href":"https:\/\/noticiasemdestaque.com\/cd\/index.php?rest_route=\/wp\/v2\/posts\/78104\/revisions"}],"predecessor-version":[{"id":78106,"href":"https:\/\/noticiasemdestaque.com\/cd\/index.php?rest_route=\/wp\/v2\/posts\/78104\/revisions\/78106"}],"wp:featuredmedia":[{"embeddable":true,"href":"https:\/\/noticiasemdestaque.com\/cd\/index.php?rest_route=\/wp\/v2\/media\/78105"}],"wp:attachment":[{"href":"https:\/\/noticiasemdestaque.com\/cd\/index.php?rest_route=%2Fwp%2Fv2%2Fmedia&parent=78104"}],"wp:term":[{"taxonomy":"category","embeddable":true,"href":"https:\/\/noticiasemdestaque.com\/cd\/index.php?rest_route=%2Fwp%2Fv2%2Fcategories&post=78104"},{"taxonomy":"post_tag","embeddable":true,"href":"https:\/\/noticiasemdestaque.com\/cd\/index.php?rest_route=%2Fwp%2Fv2%2Ftags&post=78104"}],"curies":[{"name":"wp","href":"https:\/\/api.w.org\/{rel}","templated":true}]}}