{"id":779,"date":"2017-06-22T09:21:58","date_gmt":"2017-06-22T12:21:58","guid":{"rendered":"http:\/\/caririemdestaque.com\/cd\/?p=779"},"modified":"2017-06-22T09:21:58","modified_gmt":"2017-06-22T12:21:58","slug":"professores-da-uepb-podem-acabar-greve-a-partir-de-3-de-julho","status":"publish","type":"post","link":"https:\/\/noticiasemdestaque.com\/cd\/?p=779","title":{"rendered":"Professores da UEPB podem acabar greve a partir de 3 de julho"},"content":{"rendered":"<p><a href=\"http:\/\/caririemdestaque.com\/cd\/wp-content\/uploads\/2017\/06\/uepb-CAPA_geral.jpg\"><img fetchpriority=\"high\" decoding=\"async\" class=\"size-medium wp-image-780 alignleft\" src=\"http:\/\/caririemdestaque.com\/cd\/wp-content\/uploads\/2017\/06\/uepb-CAPA_geral-300x188.jpg\" alt=\"\" width=\"300\" height=\"188\" srcset=\"https:\/\/noticiasemdestaque.com\/cd\/wp-content\/uploads\/2017\/06\/uepb-CAPA_geral-300x188.jpg 300w, https:\/\/noticiasemdestaque.com\/cd\/wp-content\/uploads\/2017\/06\/uepb-CAPA_geral.jpg 600w\" sizes=\"(max-width: 300px) 100vw, 300px\" \/><\/a>O reitor da Universidade Estadual da Para\u00edba (UEPB), professor Rangel Junior, recebeu em audi\u00eancia, na manh\u00e3 desta quarta-feira (21), a Comiss\u00e3o Representativa dos professores substitutos da Institui\u00e7\u00e3o, que prop\u00f4s o retorno imediato das atividades em sala de aula como forma de garantir o cumprimento do semestre letivo 2016\/2.<\/p>\n<p>Durante o encontro, o grupo de professores entregou oficialmente ao reitor Rangel Junior um documento assinado por 128 professores substitutos manifestando o desejo de retornarem \u00e0s salas de aula com a finalidade de assegurar o t\u00e9rmino do semestre interrompido com a greve da categoria. O documento, conforme enfatizou o professor Bruno Gaud\u00eancio, membro da Comiss\u00e3o, foi redigido como resultado de uma assembleia dos substitutos realizada recentemente.<\/p>\n<p>Segundo Bruno, a partir dessa assembleia, a Comiss\u00e3o percorreu todos os c\u00e2mpus da UEPB, recolhendo as assinaturas dos professores que pretendiam retornar \u00e0s aulas. A proposta da comiss\u00e3o \u00e9 que a Reitoria renove os contratos dos professores substitutos e posteriormente fa\u00e7a uma consulta aos departamentos para saber qual a demanda de cada setor e, assim, dentro das condi\u00e7\u00f5es or\u00e7ament\u00e1rias, efetivarem um novo contrato at\u00e9 31 de dezembro para garantir o per\u00edodo letivo 2017\/1. \u201cCom a entrega desse documento estamos legitimando a nossa proposta de negociar com a Reitoria a quest\u00e3o dos contratos dos substitutos\u201d, destacou o professor Bruno Gaud\u00eancio.<\/p>\n<p>A perspectiva dos professores \u00e9 retornar as aulas a partir do dia 3 de julho.<\/p>\n<p><em><strong>Cariri em Destaque<\/strong><\/em><\/p>\n<p>Fonte: Portal Correio<\/p>\n","protected":false},"excerpt":{"rendered":"<p>O reitor da Universidade Estadual da Para\u00edba (UEPB), professor Rangel Junior, recebeu em audi\u00eancia, na manh\u00e3 desta quarta-feira (21), a Comiss\u00e3o Representativa dos professores substitutos da Institui\u00e7\u00e3o, que prop\u00f4s o retorno imediato das atividades em sala de aula como forma de garantir o cumprimento do semestre letivo 2016\/2. Durante o encontro, o grupo de professores entregou oficialmente ao reitor Rangel Junior um documento assinado por 128 professores substitutos manifestando o desejo de retornarem \u00e0s salas de aula com a finalidade de assegurar o t\u00e9rmino do semestre interrompido com a greve da categoria. O documento, conforme enfatizou o professor Bruno Gaud\u00eancio, membro da Comiss\u00e3o, foi redigido como resultado de uma assembleia dos substitutos realizada recentemente. Segundo Bruno, a partir dessa assembleia, a Comiss\u00e3o percorreu todos os c\u00e2mpus da UEPB, recolhendo as assinaturas dos professores que pretendiam retornar \u00e0s aulas. A proposta da comiss\u00e3o \u00e9 que a Reitoria renove os contratos dos professores substitutos e posteriormente fa\u00e7a uma consulta aos departamentos para saber qual a demanda de cada setor e, assim, dentro das condi\u00e7\u00f5es or\u00e7ament\u00e1rias, efetivarem um novo contrato at\u00e9 31 de dezembro para garantir o per\u00edodo letivo 2017\/1. \u201cCom a entrega desse documento estamos legitimando a nossa proposta de negociar com a Reitoria a quest\u00e3o dos contratos dos substitutos\u201d, destacou o professor Bruno Gaud\u00eancio. A perspectiva dos professores \u00e9 retornar as aulas a partir do dia 3 de julho. Cariri em Destaque Fonte: Portal Correio<\/p>\n","protected":false},"author":2,"featured_media":780,"comment_status":"closed","ping_status":"open","sticky":false,"template":"","format":"standard","meta":{"_eb_attr":"","_jetpack_memberships_contains_paid_content":false,"footnotes":""},"categories":[6],"tags":[],"class_list":["post-779","post","type-post","status-publish","format-standard","has-post-thumbnail","hentry","category-educacao"],"yoast_head":"<!-- This site is optimized with the Yoast SEO plugin v26.5 - https:\/\/yoast.com\/wordpress\/plugins\/seo\/ -->\n<title>Professores da UEPB podem acabar greve a partir de 3 de julho - Not&iacute;cias em Destaque<\/title>\n<meta name=\"robots\" content=\"index, follow, max-snippet:-1, max-image-preview:large, max-video-preview:-1\" \/>\n<link rel=\"canonical\" href=\"https:\/\/noticiasemdestaque.com\/cd\/?p=779\" \/>\n<meta property=\"og:locale\" content=\"pt_BR\" \/>\n<meta property=\"og:type\" content=\"article\" \/>\n<meta property=\"og:title\" content=\"Professores da UEPB podem acabar greve a partir de 3 de julho - Not&iacute;cias em Destaque\" \/>\n<meta property=\"og:description\" content=\"O reitor da Universidade Estadual da Para\u00edba (UEPB), professor Rangel Junior, recebeu em audi\u00eancia, na manh\u00e3 desta quarta-feira (21), a Comiss\u00e3o Representativa dos professores substitutos da Institui\u00e7\u00e3o, que prop\u00f4s o retorno imediato das atividades em sala de aula como forma de garantir o cumprimento do semestre letivo 2016\/2. Durante o encontro, o grupo de professores entregou oficialmente ao reitor Rangel Junior um documento assinado por 128 professores substitutos manifestando o desejo de retornarem \u00e0s salas de aula com a finalidade de assegurar o t\u00e9rmino do semestre interrompido com a greve da categoria. O documento, conforme enfatizou o professor Bruno Gaud\u00eancio, membro da Comiss\u00e3o, foi redigido como resultado de uma assembleia dos substitutos realizada recentemente. Segundo Bruno, a partir dessa assembleia, a Comiss\u00e3o percorreu todos os c\u00e2mpus da UEPB, recolhendo as assinaturas dos professores que pretendiam retornar \u00e0s aulas. A proposta da comiss\u00e3o \u00e9 que a Reitoria renove os contratos dos professores substitutos e posteriormente fa\u00e7a uma consulta aos departamentos para saber qual a demanda de cada setor e, assim, dentro das condi\u00e7\u00f5es or\u00e7ament\u00e1rias, efetivarem um novo contrato at\u00e9 31 de dezembro para garantir o per\u00edodo letivo 2017\/1. \u201cCom a entrega desse documento estamos legitimando a nossa proposta de negociar com a Reitoria a quest\u00e3o dos contratos dos substitutos\u201d, destacou o professor Bruno Gaud\u00eancio. A perspectiva dos professores \u00e9 retornar as aulas a partir do dia 3 de julho. Cariri em Destaque Fonte: Portal Correio\" \/>\n<meta property=\"og:url\" content=\"https:\/\/noticiasemdestaque.com\/cd\/?p=779\" \/>\n<meta property=\"og:site_name\" content=\"Not&iacute;cias em Destaque\" \/>\n<meta property=\"article:published_time\" content=\"2017-06-22T12:21:58+00:00\" \/>\n<meta property=\"og:image\" content=\"https:\/\/noticiasemdestaque.com\/cd\/wp-content\/uploads\/2017\/06\/uepb-CAPA_geral.jpg\" \/>\n\t<meta property=\"og:image:width\" content=\"600\" \/>\n\t<meta property=\"og:image:height\" content=\"375\" \/>\n\t<meta property=\"og:image:type\" content=\"image\/jpeg\" \/>\n<meta name=\"author\" content=\"Not\u00edcias em Destaque\" \/>\n<meta name=\"twitter:card\" content=\"summary_large_image\" \/>\n<meta name=\"twitter:label1\" content=\"Escrito por\" \/>\n\t<meta name=\"twitter:data1\" content=\"Not\u00edcias em Destaque\" \/>\n\t<meta name=\"twitter:label2\" content=\"Est. tempo de leitura\" \/>\n\t<meta name=\"twitter:data2\" content=\"1 minuto\" \/>\n<script type=\"application\/ld+json\" class=\"yoast-schema-graph\">{\"@context\":\"https:\/\/schema.org\",\"@graph\":[{\"@type\":\"Article\",\"@id\":\"https:\/\/noticiasemdestaque.com\/cd\/?p=779#article\",\"isPartOf\":{\"@id\":\"https:\/\/noticiasemdestaque.com\/cd\/?p=779\"},\"author\":{\"name\":\"Not\u00edcias em Destaque\",\"@id\":\"https:\/\/noticiasemdestaque.com\/cd\/#\/schema\/person\/47f7d4f55eec17c6b2ca036c5500f6ce\"},\"headline\":\"Professores da UEPB podem acabar greve a partir de 3 de julho\",\"datePublished\":\"2017-06-22T12:21:58+00:00\",\"mainEntityOfPage\":{\"@id\":\"https:\/\/noticiasemdestaque.com\/cd\/?p=779\"},\"wordCount\":255,\"publisher\":{\"@id\":\"https:\/\/noticiasemdestaque.com\/cd\/#organization\"},\"image\":{\"@id\":\"https:\/\/noticiasemdestaque.com\/cd\/?p=779#primaryimage\"},\"thumbnailUrl\":\"https:\/\/noticiasemdestaque.com\/cd\/wp-content\/uploads\/2017\/06\/uepb-CAPA_geral.jpg\",\"articleSection\":[\"Educa\u00e7\u00e3o\"],\"inLanguage\":\"pt-BR\"},{\"@type\":\"WebPage\",\"@id\":\"https:\/\/noticiasemdestaque.com\/cd\/?p=779\",\"url\":\"https:\/\/noticiasemdestaque.com\/cd\/?p=779\",\"name\":\"Professores da UEPB podem acabar greve a partir de 3 de julho - Not&iacute;cias em Destaque\",\"isPartOf\":{\"@id\":\"https:\/\/noticiasemdestaque.com\/cd\/#website\"},\"primaryImageOfPage\":{\"@id\":\"https:\/\/noticiasemdestaque.com\/cd\/?p=779#primaryimage\"},\"image\":{\"@id\":\"https:\/\/noticiasemdestaque.com\/cd\/?p=779#primaryimage\"},\"thumbnailUrl\":\"https:\/\/noticiasemdestaque.com\/cd\/wp-content\/uploads\/2017\/06\/uepb-CAPA_geral.jpg\",\"datePublished\":\"2017-06-22T12:21:58+00:00\",\"breadcrumb\":{\"@id\":\"https:\/\/noticiasemdestaque.com\/cd\/?p=779#breadcrumb\"},\"inLanguage\":\"pt-BR\",\"potentialAction\":[{\"@type\":\"ReadAction\",\"target\":[\"https:\/\/noticiasemdestaque.com\/cd\/?p=779\"]}]},{\"@type\":\"ImageObject\",\"inLanguage\":\"pt-BR\",\"@id\":\"https:\/\/noticiasemdestaque.com\/cd\/?p=779#primaryimage\",\"url\":\"https:\/\/noticiasemdestaque.com\/cd\/wp-content\/uploads\/2017\/06\/uepb-CAPA_geral.jpg\",\"contentUrl\":\"https:\/\/noticiasemdestaque.com\/cd\/wp-content\/uploads\/2017\/06\/uepb-CAPA_geral.jpg\",\"width\":600,\"height\":375},{\"@type\":\"BreadcrumbList\",\"@id\":\"https:\/\/noticiasemdestaque.com\/cd\/?p=779#breadcrumb\",\"itemListElement\":[{\"@type\":\"ListItem\",\"position\":1,\"name\":\"In\u00edcio\",\"item\":\"https:\/\/noticiasemdestaque.com\/cd\/\"},{\"@type\":\"ListItem\",\"position\":2,\"name\":\"Professores da UEPB podem acabar greve a partir de 3 de julho\"}]},{\"@type\":\"WebSite\",\"@id\":\"https:\/\/noticiasemdestaque.com\/cd\/#website\",\"url\":\"https:\/\/noticiasemdestaque.com\/cd\/\",\"name\":\"Not&iacute;cias em Destaque\",\"description\":\"\",\"publisher\":{\"@id\":\"https:\/\/noticiasemdestaque.com\/cd\/#organization\"},\"potentialAction\":[{\"@type\":\"SearchAction\",\"target\":{\"@type\":\"EntryPoint\",\"urlTemplate\":\"https:\/\/noticiasemdestaque.com\/cd\/?s={search_term_string}\"},\"query-input\":{\"@type\":\"PropertyValueSpecification\",\"valueRequired\":true,\"valueName\":\"search_term_string\"}}],\"inLanguage\":\"pt-BR\"},{\"@type\":\"Organization\",\"@id\":\"https:\/\/noticiasemdestaque.com\/cd\/#organization\",\"name\":\"Not\u00edcias em Destaque\",\"url\":\"https:\/\/noticiasemdestaque.com\/cd\/\",\"logo\":{\"@type\":\"ImageObject\",\"inLanguage\":\"pt-BR\",\"@id\":\"https:\/\/noticiasemdestaque.com\/cd\/#\/schema\/logo\/image\/\",\"url\":\"https:\/\/noticiasemdestaque.com\/cd\/wp-content\/uploads\/2022\/05\/imagem-base-noticiasemdestaque.png\",\"contentUrl\":\"https:\/\/noticiasemdestaque.com\/cd\/wp-content\/uploads\/2022\/05\/imagem-base-noticiasemdestaque.png\",\"width\":1200,\"height\":630,\"caption\":\"Not\u00edcias em Destaque\"},\"image\":{\"@id\":\"https:\/\/noticiasemdestaque.com\/cd\/#\/schema\/logo\/image\/\"}},{\"@type\":\"Person\",\"@id\":\"https:\/\/noticiasemdestaque.com\/cd\/#\/schema\/person\/47f7d4f55eec17c6b2ca036c5500f6ce\",\"name\":\"Not\u00edcias em Destaque\",\"url\":\"https:\/\/noticiasemdestaque.com\/cd\/?author=2\"}]}<\/script>\n<!-- \/ Yoast SEO plugin. -->","yoast_head_json":{"title":"Professores da UEPB podem acabar greve a partir de 3 de julho - Not&iacute;cias em Destaque","robots":{"index":"index","follow":"follow","max-snippet":"max-snippet:-1","max-image-preview":"max-image-preview:large","max-video-preview":"max-video-preview:-1"},"canonical":"https:\/\/noticiasemdestaque.com\/cd\/?p=779","og_locale":"pt_BR","og_type":"article","og_title":"Professores da UEPB podem acabar greve a partir de 3 de julho - Not&iacute;cias em Destaque","og_description":"O reitor da Universidade Estadual da Para\u00edba (UEPB), professor Rangel Junior, recebeu em audi\u00eancia, na manh\u00e3 desta quarta-feira (21), a Comiss\u00e3o Representativa dos professores substitutos da Institui\u00e7\u00e3o, que prop\u00f4s o retorno imediato das atividades em sala de aula como forma de garantir o cumprimento do semestre letivo 2016\/2. Durante o encontro, o grupo de professores entregou oficialmente ao reitor Rangel Junior um documento assinado por 128 professores substitutos manifestando o desejo de retornarem \u00e0s salas de aula com a finalidade de assegurar o t\u00e9rmino do semestre interrompido com a greve da categoria. O documento, conforme enfatizou o professor Bruno Gaud\u00eancio, membro da Comiss\u00e3o, foi redigido como resultado de uma assembleia dos substitutos realizada recentemente. Segundo Bruno, a partir dessa assembleia, a Comiss\u00e3o percorreu todos os c\u00e2mpus da UEPB, recolhendo as assinaturas dos professores que pretendiam retornar \u00e0s aulas. A proposta da comiss\u00e3o \u00e9 que a Reitoria renove os contratos dos professores substitutos e posteriormente fa\u00e7a uma consulta aos departamentos para saber qual a demanda de cada setor e, assim, dentro das condi\u00e7\u00f5es or\u00e7ament\u00e1rias, efetivarem um novo contrato at\u00e9 31 de dezembro para garantir o per\u00edodo letivo 2017\/1. \u201cCom a entrega desse documento estamos legitimando a nossa proposta de negociar com a Reitoria a quest\u00e3o dos contratos dos substitutos\u201d, destacou o professor Bruno Gaud\u00eancio. A perspectiva dos professores \u00e9 retornar as aulas a partir do dia 3 de julho. Cariri em Destaque Fonte: Portal Correio","og_url":"https:\/\/noticiasemdestaque.com\/cd\/?p=779","og_site_name":"Not&iacute;cias em Destaque","article_published_time":"2017-06-22T12:21:58+00:00","og_image":[{"width":600,"height":375,"url":"https:\/\/noticiasemdestaque.com\/cd\/wp-content\/uploads\/2017\/06\/uepb-CAPA_geral.jpg","type":"image\/jpeg"}],"author":"Not\u00edcias em Destaque","twitter_card":"summary_large_image","twitter_misc":{"Escrito por":"Not\u00edcias em Destaque","Est. tempo de leitura":"1 minuto"},"schema":{"@context":"https:\/\/schema.org","@graph":[{"@type":"Article","@id":"https:\/\/noticiasemdestaque.com\/cd\/?p=779#article","isPartOf":{"@id":"https:\/\/noticiasemdestaque.com\/cd\/?p=779"},"author":{"name":"Not\u00edcias em Destaque","@id":"https:\/\/noticiasemdestaque.com\/cd\/#\/schema\/person\/47f7d4f55eec17c6b2ca036c5500f6ce"},"headline":"Professores da UEPB podem acabar greve a partir de 3 de julho","datePublished":"2017-06-22T12:21:58+00:00","mainEntityOfPage":{"@id":"https:\/\/noticiasemdestaque.com\/cd\/?p=779"},"wordCount":255,"publisher":{"@id":"https:\/\/noticiasemdestaque.com\/cd\/#organization"},"image":{"@id":"https:\/\/noticiasemdestaque.com\/cd\/?p=779#primaryimage"},"thumbnailUrl":"https:\/\/noticiasemdestaque.com\/cd\/wp-content\/uploads\/2017\/06\/uepb-CAPA_geral.jpg","articleSection":["Educa\u00e7\u00e3o"],"inLanguage":"pt-BR"},{"@type":"WebPage","@id":"https:\/\/noticiasemdestaque.com\/cd\/?p=779","url":"https:\/\/noticiasemdestaque.com\/cd\/?p=779","name":"Professores da UEPB podem acabar greve a partir de 3 de julho - Not&iacute;cias em Destaque","isPartOf":{"@id":"https:\/\/noticiasemdestaque.com\/cd\/#website"},"primaryImageOfPage":{"@id":"https:\/\/noticiasemdestaque.com\/cd\/?p=779#primaryimage"},"image":{"@id":"https:\/\/noticiasemdestaque.com\/cd\/?p=779#primaryimage"},"thumbnailUrl":"https:\/\/noticiasemdestaque.com\/cd\/wp-content\/uploads\/2017\/06\/uepb-CAPA_geral.jpg","datePublished":"2017-06-22T12:21:58+00:00","breadcrumb":{"@id":"https:\/\/noticiasemdestaque.com\/cd\/?p=779#breadcrumb"},"inLanguage":"pt-BR","potentialAction":[{"@type":"ReadAction","target":["https:\/\/noticiasemdestaque.com\/cd\/?p=779"]}]},{"@type":"ImageObject","inLanguage":"pt-BR","@id":"https:\/\/noticiasemdestaque.com\/cd\/?p=779#primaryimage","url":"https:\/\/noticiasemdestaque.com\/cd\/wp-content\/uploads\/2017\/06\/uepb-CAPA_geral.jpg","contentUrl":"https:\/\/noticiasemdestaque.com\/cd\/wp-content\/uploads\/2017\/06\/uepb-CAPA_geral.jpg","width":600,"height":375},{"@type":"BreadcrumbList","@id":"https:\/\/noticiasemdestaque.com\/cd\/?p=779#breadcrumb","itemListElement":[{"@type":"ListItem","position":1,"name":"In\u00edcio","item":"https:\/\/noticiasemdestaque.com\/cd\/"},{"@type":"ListItem","position":2,"name":"Professores da UEPB podem acabar greve a partir de 3 de julho"}]},{"@type":"WebSite","@id":"https:\/\/noticiasemdestaque.com\/cd\/#website","url":"https:\/\/noticiasemdestaque.com\/cd\/","name":"Not&iacute;cias em Destaque","description":"","publisher":{"@id":"https:\/\/noticiasemdestaque.com\/cd\/#organization"},"potentialAction":[{"@type":"SearchAction","target":{"@type":"EntryPoint","urlTemplate":"https:\/\/noticiasemdestaque.com\/cd\/?s={search_term_string}"},"query-input":{"@type":"PropertyValueSpecification","valueRequired":true,"valueName":"search_term_string"}}],"inLanguage":"pt-BR"},{"@type":"Organization","@id":"https:\/\/noticiasemdestaque.com\/cd\/#organization","name":"Not\u00edcias em Destaque","url":"https:\/\/noticiasemdestaque.com\/cd\/","logo":{"@type":"ImageObject","inLanguage":"pt-BR","@id":"https:\/\/noticiasemdestaque.com\/cd\/#\/schema\/logo\/image\/","url":"https:\/\/noticiasemdestaque.com\/cd\/wp-content\/uploads\/2022\/05\/imagem-base-noticiasemdestaque.png","contentUrl":"https:\/\/noticiasemdestaque.com\/cd\/wp-content\/uploads\/2022\/05\/imagem-base-noticiasemdestaque.png","width":1200,"height":630,"caption":"Not\u00edcias em Destaque"},"image":{"@id":"https:\/\/noticiasemdestaque.com\/cd\/#\/schema\/logo\/image\/"}},{"@type":"Person","@id":"https:\/\/noticiasemdestaque.com\/cd\/#\/schema\/person\/47f7d4f55eec17c6b2ca036c5500f6ce","name":"Not\u00edcias em Destaque","url":"https:\/\/noticiasemdestaque.com\/cd\/?author=2"}]}},"jetpack_featured_media_url":"https:\/\/noticiasemdestaque.com\/cd\/wp-content\/uploads\/2017\/06\/uepb-CAPA_geral.jpg","jetpack_sharing_enabled":true,"_links":{"self":[{"href":"https:\/\/noticiasemdestaque.com\/cd\/index.php?rest_route=\/wp\/v2\/posts\/779","targetHints":{"allow":["GET"]}}],"collection":[{"href":"https:\/\/noticiasemdestaque.com\/cd\/index.php?rest_route=\/wp\/v2\/posts"}],"about":[{"href":"https:\/\/noticiasemdestaque.com\/cd\/index.php?rest_route=\/wp\/v2\/types\/post"}],"author":[{"embeddable":true,"href":"https:\/\/noticiasemdestaque.com\/cd\/index.php?rest_route=\/wp\/v2\/users\/2"}],"replies":[{"embeddable":true,"href":"https:\/\/noticiasemdestaque.com\/cd\/index.php?rest_route=%2Fwp%2Fv2%2Fcomments&post=779"}],"version-history":[{"count":1,"href":"https:\/\/noticiasemdestaque.com\/cd\/index.php?rest_route=\/wp\/v2\/posts\/779\/revisions"}],"predecessor-version":[{"id":781,"href":"https:\/\/noticiasemdestaque.com\/cd\/index.php?rest_route=\/wp\/v2\/posts\/779\/revisions\/781"}],"wp:featuredmedia":[{"embeddable":true,"href":"https:\/\/noticiasemdestaque.com\/cd\/index.php?rest_route=\/wp\/v2\/media\/780"}],"wp:attachment":[{"href":"https:\/\/noticiasemdestaque.com\/cd\/index.php?rest_route=%2Fwp%2Fv2%2Fmedia&parent=779"}],"wp:term":[{"taxonomy":"category","embeddable":true,"href":"https:\/\/noticiasemdestaque.com\/cd\/index.php?rest_route=%2Fwp%2Fv2%2Fcategories&post=779"},{"taxonomy":"post_tag","embeddable":true,"href":"https:\/\/noticiasemdestaque.com\/cd\/index.php?rest_route=%2Fwp%2Fv2%2Ftags&post=779"}],"curies":[{"name":"wp","href":"https:\/\/api.w.org\/{rel}","templated":true}]}}