{"id":776,"date":"2017-06-22T09:20:10","date_gmt":"2017-06-22T12:20:10","guid":{"rendered":"http:\/\/caririemdestaque.com\/cd\/?p=776"},"modified":"2017-06-22T09:20:10","modified_gmt":"2017-06-22T12:20:10","slug":"encontro-de-prefeitos-do-cariri-reune-representantes-de-30-cidades-e-discute-calendario-regional-de-eventos","status":"publish","type":"post","link":"https:\/\/noticiasemdestaque.com\/cd\/?p=776","title":{"rendered":"Encontro de Prefeitos do Cariri re\u00fane representantes de 30 cidades e discute calend\u00e1rio regional de eventos"},"content":{"rendered":"<p><a href=\"http:\/\/caririemdestaque.com\/cd\/wp-content\/uploads\/2017\/06\/ronaldo_amcap.jpg\"><img fetchpriority=\"high\" decoding=\"async\" class=\"size-medium wp-image-777 alignleft\" src=\"http:\/\/caririemdestaque.com\/cd\/wp-content\/uploads\/2017\/06\/ronaldo_amcap-300x200.jpg\" alt=\"\" width=\"300\" height=\"200\" srcset=\"https:\/\/noticiasemdestaque.com\/cd\/wp-content\/uploads\/2017\/06\/ronaldo_amcap-300x200.jpg 300w, https:\/\/noticiasemdestaque.com\/cd\/wp-content\/uploads\/2017\/06\/ronaldo_amcap-480x320.jpg 480w, https:\/\/noticiasemdestaque.com\/cd\/wp-content\/uploads\/2017\/06\/ronaldo_amcap.jpg 600w\" sizes=\"(max-width: 300px) 100vw, 300px\" \/><\/a>A cidade de Gurj\u00e3o sediou nesta ter\u00e7a-feira (20) o Encontro de Prefeitos do Cariri Paraibano. O Sebrae Para\u00edba convidou 30 prefeitos da regi\u00e3o para discutir o desenvolvimento integrado do Cariri. A ideia \u00e9 criar a\u00e7\u00f5es a partir das potencialidades, voca\u00e7\u00f5es e oportunidades da regi\u00e3o, como a caprinocultura e as \u00e1guas do rio S\u00e3o Francisco, fortalecendo o mercado da caprinocultura, do turismo, da cultura e da educa\u00e7\u00e3o.<\/p>\n<p>Para a gerente do Sebrae em Monteiro, Madalena Arruda, as a\u00e7\u00f5es que promovem a uni\u00e3o dos munic\u00edpios do Cariri sempre t\u00eam grande participa\u00e7\u00e3o dos gestores municipais. \u201cDesde nosso primeiro cons\u00f3rcio intermunicipal no territ\u00f3rio, o Pacto Novo Cariri, que os prefeitos e gestores em geral s\u00e3o adeptos \u00e0s reuni\u00f5es e a\u00e7\u00f5es. Continuaremos trabalhando com eles em conformidade com cada munic\u00edpio, mas em rede, com coopera\u00e7\u00e3o e compartilhamento de informa\u00e7\u00f5es\u201d, disse.<\/p>\n<p>O diretor t\u00e9cnico do Sebrae Para\u00edba, Luiz Alberto Amorim, tamb\u00e9m esteve presente na reuni\u00e3o, pontuou as a\u00e7\u00f5es que a institui\u00e7\u00e3o j\u00e1 fez no territ\u00f3rio e o que ainda pode ser implementado. O gerente do Sebrae em Campina Grande, Jo\u00e3o Alberto Miranda, tamb\u00e9m participou do evento que promove essa articula\u00e7\u00e3o.<\/p>\n<p>O prefeito da cidade de Gurj\u00e3o e presidente da Associa\u00e7\u00e3o de Moradores do Cariri Paraibano (AMCAP), Ronaldo Ramos de Queir\u00f3s, disse que todos os gestores presentes sa\u00edram motivados a iniciar os trabalhos conjuntos.\u00a0 \u201cPretendemos organizar, primeiramente, o Calend\u00e1rio de Eventos do Cariri Paraibano para 2018. Estamos discutindo tamb\u00e9m a elabora\u00e7\u00e3o de uma rota tur\u00edstica e cultural que integre e mostre em dois meses, as cidades do Cariri, no modelo do roteiro Caminhos do Frio, do Brejo. Vamos eleger uma data do ano para a realiza\u00e7\u00e3o da Feira do Cariri, no Parque do Povo, em Campina Grande, para expor produtos e servi\u00e7os das cidades\u201d, falou.<\/p>\n<p>Conforme Ronaldo, o calend\u00e1rio ser\u00e1 realizado em conjunto, mas com um grande evento de cada cidade. A cidade de Gurj\u00e3o, por exemplo, entrar\u00e1 no calend\u00e1rio com a Festa do Bode na Rua. J\u00e1 a cidade da Prata mostrar\u00e1 a Expoprata e Boa Vista vai resgatar a Festa do Queijo para entrar no projeto com uma parte gastron\u00f4mica. Ronaldo ainda comentou que Gurj\u00e3o se prepara para entrar na Rota Cariri Cultural, que est\u00e1 em funcionamento desde 2015.<\/p>\n<p>\u201cDurante a festa do Bode na Rua, que ser\u00e1 realizada em julho deste ano, preparamos um \u00f4nibus que sai da cidade para a Pedra da Tartaruga, um ponto tur\u00edstico daqui que j\u00e1 recebe visitantes naturalmente. Debatemos tamb\u00e9m no Encontro a cria\u00e7\u00e3o de uma cooperativa de produtos agropecu\u00e1rios do Cariri, respons\u00e1vel por toda a produ\u00e7\u00e3o do territ\u00f3rio. Enfim, estamos trabalhando para que o territ\u00f3rio tenha uma economia sustent\u00e1vel e que gere renda aos moradores\u201d, concluiu.<\/p>\n<p>Segundo Madalena Arruda, nos pr\u00f3ximos 30 dias haver\u00e1 uma nova reuni\u00e3o para serem agendadas a\u00e7\u00f5es espec\u00edficas sobre cada tema abordado na reuni\u00e3o. O Encontro foi uma realiza\u00e7\u00e3o da AMCAP e do Sebrae.<\/p>\n","protected":false},"excerpt":{"rendered":"<p>A cidade de Gurj\u00e3o sediou nesta ter\u00e7a-feira (20) o Encontro de Prefeitos do Cariri Paraibano. O Sebrae Para\u00edba convidou 30 prefeitos da regi\u00e3o para discutir o desenvolvimento integrado do Cariri. A ideia \u00e9 criar a\u00e7\u00f5es a partir das potencialidades, voca\u00e7\u00f5es e oportunidades da regi\u00e3o, como a caprinocultura e as \u00e1guas do rio S\u00e3o Francisco, fortalecendo o mercado da caprinocultura, do turismo, da cultura e da educa\u00e7\u00e3o. Para a gerente do Sebrae em Monteiro, Madalena Arruda, as a\u00e7\u00f5es que promovem a uni\u00e3o dos munic\u00edpios do Cariri sempre t\u00eam grande participa\u00e7\u00e3o dos gestores municipais. \u201cDesde nosso primeiro cons\u00f3rcio intermunicipal no territ\u00f3rio, o Pacto Novo Cariri, que os prefeitos e gestores em geral s\u00e3o adeptos \u00e0s reuni\u00f5es e a\u00e7\u00f5es. Continuaremos trabalhando com eles em conformidade com cada munic\u00edpio, mas em rede, com coopera\u00e7\u00e3o e compartilhamento de informa\u00e7\u00f5es\u201d, disse. O diretor t\u00e9cnico do Sebrae Para\u00edba, Luiz Alberto Amorim, tamb\u00e9m esteve presente na reuni\u00e3o, pontuou as a\u00e7\u00f5es que a institui\u00e7\u00e3o j\u00e1 fez no territ\u00f3rio e o que ainda pode ser implementado. O gerente do Sebrae em Campina Grande, Jo\u00e3o Alberto Miranda, tamb\u00e9m participou do evento que promove essa articula\u00e7\u00e3o. O prefeito da cidade de Gurj\u00e3o e presidente da Associa\u00e7\u00e3o de Moradores do Cariri Paraibano (AMCAP), Ronaldo Ramos de Queir\u00f3s, disse que todos os gestores presentes sa\u00edram motivados a iniciar os trabalhos conjuntos.\u00a0 \u201cPretendemos organizar, primeiramente, o Calend\u00e1rio de Eventos do Cariri Paraibano para 2018. Estamos discutindo tamb\u00e9m a elabora\u00e7\u00e3o de uma rota tur\u00edstica e cultural que integre e mostre em dois meses, as cidades do Cariri, no modelo do roteiro Caminhos do Frio, do Brejo. Vamos eleger uma data do ano para a realiza\u00e7\u00e3o da Feira do Cariri, no Parque do Povo, em Campina Grande, para expor produtos e servi\u00e7os das cidades\u201d, falou. Conforme Ronaldo, o calend\u00e1rio ser\u00e1 realizado em conjunto, mas com um grande evento de cada cidade. A cidade de Gurj\u00e3o, por exemplo, entrar\u00e1 no calend\u00e1rio com a Festa do Bode na Rua. J\u00e1 a cidade da Prata mostrar\u00e1 a Expoprata e Boa Vista vai resgatar a Festa do Queijo para entrar no projeto com uma parte gastron\u00f4mica. Ronaldo ainda comentou que Gurj\u00e3o se prepara para entrar na Rota Cariri Cultural, que est\u00e1 em funcionamento desde 2015. \u201cDurante a festa do Bode na Rua, que ser\u00e1 realizada em julho deste ano, preparamos um \u00f4nibus que sai da cidade para a Pedra da Tartaruga, um ponto tur\u00edstico daqui que j\u00e1 recebe visitantes naturalmente. Debatemos tamb\u00e9m no Encontro a cria\u00e7\u00e3o de uma cooperativa de produtos agropecu\u00e1rios do Cariri, respons\u00e1vel por toda a produ\u00e7\u00e3o do territ\u00f3rio. Enfim, estamos trabalhando para que o territ\u00f3rio tenha uma economia sustent\u00e1vel e que gere renda aos moradores\u201d, concluiu. Segundo Madalena Arruda, nos pr\u00f3ximos 30 dias haver\u00e1 uma nova reuni\u00e3o para serem agendadas a\u00e7\u00f5es espec\u00edficas sobre cada tema abordado na reuni\u00e3o. O Encontro foi uma realiza\u00e7\u00e3o da AMCAP e do Sebrae.<\/p>\n","protected":false},"author":2,"featured_media":777,"comment_status":"closed","ping_status":"open","sticky":false,"template":"","format":"standard","meta":{"_eb_attr":"","_jetpack_memberships_contains_paid_content":false,"footnotes":""},"categories":[4],"tags":[],"class_list":["post-776","post","type-post","status-publish","format-standard","has-post-thumbnail","hentry","category-politica"],"yoast_head":"<!-- This site is optimized with the Yoast SEO plugin v26.5 - https:\/\/yoast.com\/wordpress\/plugins\/seo\/ -->\n<title>Encontro de Prefeitos do Cariri re\u00fane representantes de 30 cidades e discute calend\u00e1rio regional de eventos - Not&iacute;cias em Destaque<\/title>\n<meta name=\"robots\" content=\"index, follow, max-snippet:-1, max-image-preview:large, max-video-preview:-1\" \/>\n<link rel=\"canonical\" href=\"https:\/\/noticiasemdestaque.com\/cd\/?p=776\" \/>\n<meta property=\"og:locale\" content=\"pt_BR\" \/>\n<meta property=\"og:type\" content=\"article\" \/>\n<meta property=\"og:title\" content=\"Encontro de Prefeitos do Cariri re\u00fane representantes de 30 cidades e discute calend\u00e1rio regional de eventos - Not&iacute;cias em Destaque\" \/>\n<meta property=\"og:description\" content=\"A cidade de Gurj\u00e3o sediou nesta ter\u00e7a-feira (20) o Encontro de Prefeitos do Cariri Paraibano. O Sebrae Para\u00edba convidou 30 prefeitos da regi\u00e3o para discutir o desenvolvimento integrado do Cariri. A ideia \u00e9 criar a\u00e7\u00f5es a partir das potencialidades, voca\u00e7\u00f5es e oportunidades da regi\u00e3o, como a caprinocultura e as \u00e1guas do rio S\u00e3o Francisco, fortalecendo o mercado da caprinocultura, do turismo, da cultura e da educa\u00e7\u00e3o. Para a gerente do Sebrae em Monteiro, Madalena Arruda, as a\u00e7\u00f5es que promovem a uni\u00e3o dos munic\u00edpios do Cariri sempre t\u00eam grande participa\u00e7\u00e3o dos gestores municipais. \u201cDesde nosso primeiro cons\u00f3rcio intermunicipal no territ\u00f3rio, o Pacto Novo Cariri, que os prefeitos e gestores em geral s\u00e3o adeptos \u00e0s reuni\u00f5es e a\u00e7\u00f5es. Continuaremos trabalhando com eles em conformidade com cada munic\u00edpio, mas em rede, com coopera\u00e7\u00e3o e compartilhamento de informa\u00e7\u00f5es\u201d, disse. O diretor t\u00e9cnico do Sebrae Para\u00edba, Luiz Alberto Amorim, tamb\u00e9m esteve presente na reuni\u00e3o, pontuou as a\u00e7\u00f5es que a institui\u00e7\u00e3o j\u00e1 fez no territ\u00f3rio e o que ainda pode ser implementado. O gerente do Sebrae em Campina Grande, Jo\u00e3o Alberto Miranda, tamb\u00e9m participou do evento que promove essa articula\u00e7\u00e3o. O prefeito da cidade de Gurj\u00e3o e presidente da Associa\u00e7\u00e3o de Moradores do Cariri Paraibano (AMCAP), Ronaldo Ramos de Queir\u00f3s, disse que todos os gestores presentes sa\u00edram motivados a iniciar os trabalhos conjuntos.\u00a0 \u201cPretendemos organizar, primeiramente, o Calend\u00e1rio de Eventos do Cariri Paraibano para 2018. Estamos discutindo tamb\u00e9m a elabora\u00e7\u00e3o de uma rota tur\u00edstica e cultural que integre e mostre em dois meses, as cidades do Cariri, no modelo do roteiro Caminhos do Frio, do Brejo. Vamos eleger uma data do ano para a realiza\u00e7\u00e3o da Feira do Cariri, no Parque do Povo, em Campina Grande, para expor produtos e servi\u00e7os das cidades\u201d, falou. Conforme Ronaldo, o calend\u00e1rio ser\u00e1 realizado em conjunto, mas com um grande evento de cada cidade. A cidade de Gurj\u00e3o, por exemplo, entrar\u00e1 no calend\u00e1rio com a Festa do Bode na Rua. J\u00e1 a cidade da Prata mostrar\u00e1 a Expoprata e Boa Vista vai resgatar a Festa do Queijo para entrar no projeto com uma parte gastron\u00f4mica. Ronaldo ainda comentou que Gurj\u00e3o se prepara para entrar na Rota Cariri Cultural, que est\u00e1 em funcionamento desde 2015. \u201cDurante a festa do Bode na Rua, que ser\u00e1 realizada em julho deste ano, preparamos um \u00f4nibus que sai da cidade para a Pedra da Tartaruga, um ponto tur\u00edstico daqui que j\u00e1 recebe visitantes naturalmente. Debatemos tamb\u00e9m no Encontro a cria\u00e7\u00e3o de uma cooperativa de produtos agropecu\u00e1rios do Cariri, respons\u00e1vel por toda a produ\u00e7\u00e3o do territ\u00f3rio. Enfim, estamos trabalhando para que o territ\u00f3rio tenha uma economia sustent\u00e1vel e que gere renda aos moradores\u201d, concluiu. Segundo Madalena Arruda, nos pr\u00f3ximos 30 dias haver\u00e1 uma nova reuni\u00e3o para serem agendadas a\u00e7\u00f5es espec\u00edficas sobre cada tema abordado na reuni\u00e3o. O Encontro foi uma realiza\u00e7\u00e3o da AMCAP e do Sebrae.\" \/>\n<meta property=\"og:url\" content=\"https:\/\/noticiasemdestaque.com\/cd\/?p=776\" \/>\n<meta property=\"og:site_name\" content=\"Not&iacute;cias em Destaque\" \/>\n<meta property=\"article:published_time\" content=\"2017-06-22T12:20:10+00:00\" \/>\n<meta property=\"og:image\" content=\"https:\/\/noticiasemdestaque.com\/cd\/wp-content\/uploads\/2017\/06\/ronaldo_amcap.jpg\" \/>\n\t<meta property=\"og:image:width\" content=\"600\" \/>\n\t<meta property=\"og:image:height\" content=\"399\" \/>\n\t<meta property=\"og:image:type\" content=\"image\/jpeg\" \/>\n<meta name=\"author\" content=\"Not\u00edcias em Destaque\" \/>\n<meta name=\"twitter:card\" content=\"summary_large_image\" \/>\n<meta name=\"twitter:label1\" content=\"Escrito por\" \/>\n\t<meta name=\"twitter:data1\" content=\"Not\u00edcias em Destaque\" \/>\n\t<meta name=\"twitter:label2\" content=\"Est. tempo de leitura\" \/>\n\t<meta name=\"twitter:data2\" content=\"3 minutos\" \/>\n<script type=\"application\/ld+json\" class=\"yoast-schema-graph\">{\"@context\":\"https:\/\/schema.org\",\"@graph\":[{\"@type\":\"Article\",\"@id\":\"https:\/\/noticiasemdestaque.com\/cd\/?p=776#article\",\"isPartOf\":{\"@id\":\"https:\/\/noticiasemdestaque.com\/cd\/?p=776\"},\"author\":{\"name\":\"Not\u00edcias em Destaque\",\"@id\":\"https:\/\/noticiasemdestaque.com\/cd\/#\/schema\/person\/47f7d4f55eec17c6b2ca036c5500f6ce\"},\"headline\":\"Encontro de Prefeitos do Cariri re\u00fane representantes de 30 cidades e discute calend\u00e1rio regional de eventos\",\"datePublished\":\"2017-06-22T12:20:10+00:00\",\"mainEntityOfPage\":{\"@id\":\"https:\/\/noticiasemdestaque.com\/cd\/?p=776\"},\"wordCount\":543,\"publisher\":{\"@id\":\"https:\/\/noticiasemdestaque.com\/cd\/#organization\"},\"image\":{\"@id\":\"https:\/\/noticiasemdestaque.com\/cd\/?p=776#primaryimage\"},\"thumbnailUrl\":\"https:\/\/noticiasemdestaque.com\/cd\/wp-content\/uploads\/2017\/06\/ronaldo_amcap.jpg\",\"articleSection\":[\"Pol\u00edtica\"],\"inLanguage\":\"pt-BR\"},{\"@type\":\"WebPage\",\"@id\":\"https:\/\/noticiasemdestaque.com\/cd\/?p=776\",\"url\":\"https:\/\/noticiasemdestaque.com\/cd\/?p=776\",\"name\":\"Encontro de Prefeitos do Cariri re\u00fane representantes de 30 cidades e discute calend\u00e1rio regional de eventos - Not&iacute;cias em Destaque\",\"isPartOf\":{\"@id\":\"https:\/\/noticiasemdestaque.com\/cd\/#website\"},\"primaryImageOfPage\":{\"@id\":\"https:\/\/noticiasemdestaque.com\/cd\/?p=776#primaryimage\"},\"image\":{\"@id\":\"https:\/\/noticiasemdestaque.com\/cd\/?p=776#primaryimage\"},\"thumbnailUrl\":\"https:\/\/noticiasemdestaque.com\/cd\/wp-content\/uploads\/2017\/06\/ronaldo_amcap.jpg\",\"datePublished\":\"2017-06-22T12:20:10+00:00\",\"breadcrumb\":{\"@id\":\"https:\/\/noticiasemdestaque.com\/cd\/?p=776#breadcrumb\"},\"inLanguage\":\"pt-BR\",\"potentialAction\":[{\"@type\":\"ReadAction\",\"target\":[\"https:\/\/noticiasemdestaque.com\/cd\/?p=776\"]}]},{\"@type\":\"ImageObject\",\"inLanguage\":\"pt-BR\",\"@id\":\"https:\/\/noticiasemdestaque.com\/cd\/?p=776#primaryimage\",\"url\":\"https:\/\/noticiasemdestaque.com\/cd\/wp-content\/uploads\/2017\/06\/ronaldo_amcap.jpg\",\"contentUrl\":\"https:\/\/noticiasemdestaque.com\/cd\/wp-content\/uploads\/2017\/06\/ronaldo_amcap.jpg\",\"width\":600,\"height\":399},{\"@type\":\"BreadcrumbList\",\"@id\":\"https:\/\/noticiasemdestaque.com\/cd\/?p=776#breadcrumb\",\"itemListElement\":[{\"@type\":\"ListItem\",\"position\":1,\"name\":\"In\u00edcio\",\"item\":\"https:\/\/noticiasemdestaque.com\/cd\/\"},{\"@type\":\"ListItem\",\"position\":2,\"name\":\"Encontro de Prefeitos do Cariri re\u00fane representantes de 30 cidades e discute calend\u00e1rio regional de eventos\"}]},{\"@type\":\"WebSite\",\"@id\":\"https:\/\/noticiasemdestaque.com\/cd\/#website\",\"url\":\"https:\/\/noticiasemdestaque.com\/cd\/\",\"name\":\"Not&iacute;cias em Destaque\",\"description\":\"\",\"publisher\":{\"@id\":\"https:\/\/noticiasemdestaque.com\/cd\/#organization\"},\"potentialAction\":[{\"@type\":\"SearchAction\",\"target\":{\"@type\":\"EntryPoint\",\"urlTemplate\":\"https:\/\/noticiasemdestaque.com\/cd\/?s={search_term_string}\"},\"query-input\":{\"@type\":\"PropertyValueSpecification\",\"valueRequired\":true,\"valueName\":\"search_term_string\"}}],\"inLanguage\":\"pt-BR\"},{\"@type\":\"Organization\",\"@id\":\"https:\/\/noticiasemdestaque.com\/cd\/#organization\",\"name\":\"Not\u00edcias em Destaque\",\"url\":\"https:\/\/noticiasemdestaque.com\/cd\/\",\"logo\":{\"@type\":\"ImageObject\",\"inLanguage\":\"pt-BR\",\"@id\":\"https:\/\/noticiasemdestaque.com\/cd\/#\/schema\/logo\/image\/\",\"url\":\"https:\/\/noticiasemdestaque.com\/cd\/wp-content\/uploads\/2022\/05\/imagem-base-noticiasemdestaque.png\",\"contentUrl\":\"https:\/\/noticiasemdestaque.com\/cd\/wp-content\/uploads\/2022\/05\/imagem-base-noticiasemdestaque.png\",\"width\":1200,\"height\":630,\"caption\":\"Not\u00edcias em Destaque\"},\"image\":{\"@id\":\"https:\/\/noticiasemdestaque.com\/cd\/#\/schema\/logo\/image\/\"}},{\"@type\":\"Person\",\"@id\":\"https:\/\/noticiasemdestaque.com\/cd\/#\/schema\/person\/47f7d4f55eec17c6b2ca036c5500f6ce\",\"name\":\"Not\u00edcias em Destaque\",\"url\":\"https:\/\/noticiasemdestaque.com\/cd\/?author=2\"}]}<\/script>\n<!-- \/ Yoast SEO plugin. -->","yoast_head_json":{"title":"Encontro de Prefeitos do Cariri re\u00fane representantes de 30 cidades e discute calend\u00e1rio regional de eventos - Not&iacute;cias em Destaque","robots":{"index":"index","follow":"follow","max-snippet":"max-snippet:-1","max-image-preview":"max-image-preview:large","max-video-preview":"max-video-preview:-1"},"canonical":"https:\/\/noticiasemdestaque.com\/cd\/?p=776","og_locale":"pt_BR","og_type":"article","og_title":"Encontro de Prefeitos do Cariri re\u00fane representantes de 30 cidades e discute calend\u00e1rio regional de eventos - Not&iacute;cias em Destaque","og_description":"A cidade de Gurj\u00e3o sediou nesta ter\u00e7a-feira (20) o Encontro de Prefeitos do Cariri Paraibano. O Sebrae Para\u00edba convidou 30 prefeitos da regi\u00e3o para discutir o desenvolvimento integrado do Cariri. A ideia \u00e9 criar a\u00e7\u00f5es a partir das potencialidades, voca\u00e7\u00f5es e oportunidades da regi\u00e3o, como a caprinocultura e as \u00e1guas do rio S\u00e3o Francisco, fortalecendo o mercado da caprinocultura, do turismo, da cultura e da educa\u00e7\u00e3o. Para a gerente do Sebrae em Monteiro, Madalena Arruda, as a\u00e7\u00f5es que promovem a uni\u00e3o dos munic\u00edpios do Cariri sempre t\u00eam grande participa\u00e7\u00e3o dos gestores municipais. \u201cDesde nosso primeiro cons\u00f3rcio intermunicipal no territ\u00f3rio, o Pacto Novo Cariri, que os prefeitos e gestores em geral s\u00e3o adeptos \u00e0s reuni\u00f5es e a\u00e7\u00f5es. Continuaremos trabalhando com eles em conformidade com cada munic\u00edpio, mas em rede, com coopera\u00e7\u00e3o e compartilhamento de informa\u00e7\u00f5es\u201d, disse. O diretor t\u00e9cnico do Sebrae Para\u00edba, Luiz Alberto Amorim, tamb\u00e9m esteve presente na reuni\u00e3o, pontuou as a\u00e7\u00f5es que a institui\u00e7\u00e3o j\u00e1 fez no territ\u00f3rio e o que ainda pode ser implementado. O gerente do Sebrae em Campina Grande, Jo\u00e3o Alberto Miranda, tamb\u00e9m participou do evento que promove essa articula\u00e7\u00e3o. O prefeito da cidade de Gurj\u00e3o e presidente da Associa\u00e7\u00e3o de Moradores do Cariri Paraibano (AMCAP), Ronaldo Ramos de Queir\u00f3s, disse que todos os gestores presentes sa\u00edram motivados a iniciar os trabalhos conjuntos.\u00a0 \u201cPretendemos organizar, primeiramente, o Calend\u00e1rio de Eventos do Cariri Paraibano para 2018. Estamos discutindo tamb\u00e9m a elabora\u00e7\u00e3o de uma rota tur\u00edstica e cultural que integre e mostre em dois meses, as cidades do Cariri, no modelo do roteiro Caminhos do Frio, do Brejo. Vamos eleger uma data do ano para a realiza\u00e7\u00e3o da Feira do Cariri, no Parque do Povo, em Campina Grande, para expor produtos e servi\u00e7os das cidades\u201d, falou. Conforme Ronaldo, o calend\u00e1rio ser\u00e1 realizado em conjunto, mas com um grande evento de cada cidade. A cidade de Gurj\u00e3o, por exemplo, entrar\u00e1 no calend\u00e1rio com a Festa do Bode na Rua. J\u00e1 a cidade da Prata mostrar\u00e1 a Expoprata e Boa Vista vai resgatar a Festa do Queijo para entrar no projeto com uma parte gastron\u00f4mica. Ronaldo ainda comentou que Gurj\u00e3o se prepara para entrar na Rota Cariri Cultural, que est\u00e1 em funcionamento desde 2015. \u201cDurante a festa do Bode na Rua, que ser\u00e1 realizada em julho deste ano, preparamos um \u00f4nibus que sai da cidade para a Pedra da Tartaruga, um ponto tur\u00edstico daqui que j\u00e1 recebe visitantes naturalmente. Debatemos tamb\u00e9m no Encontro a cria\u00e7\u00e3o de uma cooperativa de produtos agropecu\u00e1rios do Cariri, respons\u00e1vel por toda a produ\u00e7\u00e3o do territ\u00f3rio. Enfim, estamos trabalhando para que o territ\u00f3rio tenha uma economia sustent\u00e1vel e que gere renda aos moradores\u201d, concluiu. Segundo Madalena Arruda, nos pr\u00f3ximos 30 dias haver\u00e1 uma nova reuni\u00e3o para serem agendadas a\u00e7\u00f5es espec\u00edficas sobre cada tema abordado na reuni\u00e3o. O Encontro foi uma realiza\u00e7\u00e3o da AMCAP e do Sebrae.","og_url":"https:\/\/noticiasemdestaque.com\/cd\/?p=776","og_site_name":"Not&iacute;cias em Destaque","article_published_time":"2017-06-22T12:20:10+00:00","og_image":[{"width":600,"height":399,"url":"https:\/\/noticiasemdestaque.com\/cd\/wp-content\/uploads\/2017\/06\/ronaldo_amcap.jpg","type":"image\/jpeg"}],"author":"Not\u00edcias em Destaque","twitter_card":"summary_large_image","twitter_misc":{"Escrito por":"Not\u00edcias em Destaque","Est. tempo de leitura":"3 minutos"},"schema":{"@context":"https:\/\/schema.org","@graph":[{"@type":"Article","@id":"https:\/\/noticiasemdestaque.com\/cd\/?p=776#article","isPartOf":{"@id":"https:\/\/noticiasemdestaque.com\/cd\/?p=776"},"author":{"name":"Not\u00edcias em Destaque","@id":"https:\/\/noticiasemdestaque.com\/cd\/#\/schema\/person\/47f7d4f55eec17c6b2ca036c5500f6ce"},"headline":"Encontro de Prefeitos do Cariri re\u00fane representantes de 30 cidades e discute calend\u00e1rio regional de eventos","datePublished":"2017-06-22T12:20:10+00:00","mainEntityOfPage":{"@id":"https:\/\/noticiasemdestaque.com\/cd\/?p=776"},"wordCount":543,"publisher":{"@id":"https:\/\/noticiasemdestaque.com\/cd\/#organization"},"image":{"@id":"https:\/\/noticiasemdestaque.com\/cd\/?p=776#primaryimage"},"thumbnailUrl":"https:\/\/noticiasemdestaque.com\/cd\/wp-content\/uploads\/2017\/06\/ronaldo_amcap.jpg","articleSection":["Pol\u00edtica"],"inLanguage":"pt-BR"},{"@type":"WebPage","@id":"https:\/\/noticiasemdestaque.com\/cd\/?p=776","url":"https:\/\/noticiasemdestaque.com\/cd\/?p=776","name":"Encontro de Prefeitos do Cariri re\u00fane representantes de 30 cidades e discute calend\u00e1rio regional de eventos - Not&iacute;cias em Destaque","isPartOf":{"@id":"https:\/\/noticiasemdestaque.com\/cd\/#website"},"primaryImageOfPage":{"@id":"https:\/\/noticiasemdestaque.com\/cd\/?p=776#primaryimage"},"image":{"@id":"https:\/\/noticiasemdestaque.com\/cd\/?p=776#primaryimage"},"thumbnailUrl":"https:\/\/noticiasemdestaque.com\/cd\/wp-content\/uploads\/2017\/06\/ronaldo_amcap.jpg","datePublished":"2017-06-22T12:20:10+00:00","breadcrumb":{"@id":"https:\/\/noticiasemdestaque.com\/cd\/?p=776#breadcrumb"},"inLanguage":"pt-BR","potentialAction":[{"@type":"ReadAction","target":["https:\/\/noticiasemdestaque.com\/cd\/?p=776"]}]},{"@type":"ImageObject","inLanguage":"pt-BR","@id":"https:\/\/noticiasemdestaque.com\/cd\/?p=776#primaryimage","url":"https:\/\/noticiasemdestaque.com\/cd\/wp-content\/uploads\/2017\/06\/ronaldo_amcap.jpg","contentUrl":"https:\/\/noticiasemdestaque.com\/cd\/wp-content\/uploads\/2017\/06\/ronaldo_amcap.jpg","width":600,"height":399},{"@type":"BreadcrumbList","@id":"https:\/\/noticiasemdestaque.com\/cd\/?p=776#breadcrumb","itemListElement":[{"@type":"ListItem","position":1,"name":"In\u00edcio","item":"https:\/\/noticiasemdestaque.com\/cd\/"},{"@type":"ListItem","position":2,"name":"Encontro de Prefeitos do Cariri re\u00fane representantes de 30 cidades e discute calend\u00e1rio regional de eventos"}]},{"@type":"WebSite","@id":"https:\/\/noticiasemdestaque.com\/cd\/#website","url":"https:\/\/noticiasemdestaque.com\/cd\/","name":"Not&iacute;cias em Destaque","description":"","publisher":{"@id":"https:\/\/noticiasemdestaque.com\/cd\/#organization"},"potentialAction":[{"@type":"SearchAction","target":{"@type":"EntryPoint","urlTemplate":"https:\/\/noticiasemdestaque.com\/cd\/?s={search_term_string}"},"query-input":{"@type":"PropertyValueSpecification","valueRequired":true,"valueName":"search_term_string"}}],"inLanguage":"pt-BR"},{"@type":"Organization","@id":"https:\/\/noticiasemdestaque.com\/cd\/#organization","name":"Not\u00edcias em Destaque","url":"https:\/\/noticiasemdestaque.com\/cd\/","logo":{"@type":"ImageObject","inLanguage":"pt-BR","@id":"https:\/\/noticiasemdestaque.com\/cd\/#\/schema\/logo\/image\/","url":"https:\/\/noticiasemdestaque.com\/cd\/wp-content\/uploads\/2022\/05\/imagem-base-noticiasemdestaque.png","contentUrl":"https:\/\/noticiasemdestaque.com\/cd\/wp-content\/uploads\/2022\/05\/imagem-base-noticiasemdestaque.png","width":1200,"height":630,"caption":"Not\u00edcias em Destaque"},"image":{"@id":"https:\/\/noticiasemdestaque.com\/cd\/#\/schema\/logo\/image\/"}},{"@type":"Person","@id":"https:\/\/noticiasemdestaque.com\/cd\/#\/schema\/person\/47f7d4f55eec17c6b2ca036c5500f6ce","name":"Not\u00edcias em Destaque","url":"https:\/\/noticiasemdestaque.com\/cd\/?author=2"}]}},"jetpack_featured_media_url":"https:\/\/noticiasemdestaque.com\/cd\/wp-content\/uploads\/2017\/06\/ronaldo_amcap.jpg","jetpack_sharing_enabled":true,"_links":{"self":[{"href":"https:\/\/noticiasemdestaque.com\/cd\/index.php?rest_route=\/wp\/v2\/posts\/776","targetHints":{"allow":["GET"]}}],"collection":[{"href":"https:\/\/noticiasemdestaque.com\/cd\/index.php?rest_route=\/wp\/v2\/posts"}],"about":[{"href":"https:\/\/noticiasemdestaque.com\/cd\/index.php?rest_route=\/wp\/v2\/types\/post"}],"author":[{"embeddable":true,"href":"https:\/\/noticiasemdestaque.com\/cd\/index.php?rest_route=\/wp\/v2\/users\/2"}],"replies":[{"embeddable":true,"href":"https:\/\/noticiasemdestaque.com\/cd\/index.php?rest_route=%2Fwp%2Fv2%2Fcomments&post=776"}],"version-history":[{"count":1,"href":"https:\/\/noticiasemdestaque.com\/cd\/index.php?rest_route=\/wp\/v2\/posts\/776\/revisions"}],"predecessor-version":[{"id":778,"href":"https:\/\/noticiasemdestaque.com\/cd\/index.php?rest_route=\/wp\/v2\/posts\/776\/revisions\/778"}],"wp:featuredmedia":[{"embeddable":true,"href":"https:\/\/noticiasemdestaque.com\/cd\/index.php?rest_route=\/wp\/v2\/media\/777"}],"wp:attachment":[{"href":"https:\/\/noticiasemdestaque.com\/cd\/index.php?rest_route=%2Fwp%2Fv2%2Fmedia&parent=776"}],"wp:term":[{"taxonomy":"category","embeddable":true,"href":"https:\/\/noticiasemdestaque.com\/cd\/index.php?rest_route=%2Fwp%2Fv2%2Fcategories&post=776"},{"taxonomy":"post_tag","embeddable":true,"href":"https:\/\/noticiasemdestaque.com\/cd\/index.php?rest_route=%2Fwp%2Fv2%2Ftags&post=776"}],"curies":[{"name":"wp","href":"https:\/\/api.w.org\/{rel}","templated":true}]}}