{"id":7736,"date":"2018-02-01T07:21:48","date_gmt":"2018-02-01T10:21:48","guid":{"rendered":"http:\/\/caririemdestaque.com\/cd\/?p=7736"},"modified":"2018-02-01T07:21:48","modified_gmt":"2018-02-01T10:21:48","slug":"estado-distribuira-15-milhao-de-camisinhas-no-carnaval","status":"publish","type":"post","link":"https:\/\/noticiasemdestaque.com\/cd\/?p=7736","title":{"rendered":"Estado distribuir\u00e1 1,5 milh\u00e3o de camisinhas no carnaval"},"content":{"rendered":"<p><a href=\"http:\/\/www.focandoanoticia.com.br\/wp-content\/uploads\/2018\/01\/Camisinha.jpg\"><img decoding=\"async\" class=\"alignleft size-medium wp-image-240018\" src=\"http:\/\/www.focandoanoticia.com.br\/wp-content\/uploads\/2018\/01\/Camisinha-300x156.jpg\" sizes=\"(max-width: 300px) 100vw, 300px\" srcset=\"http:\/\/www.focandoanoticia.com.br\/wp-content\/uploads\/2018\/01\/Camisinha-300x156.jpg 300w, http:\/\/www.focandoanoticia.com.br\/wp-content\/uploads\/2018\/01\/Camisinha.jpg 590w\" alt=\"\" width=\"300\" height=\"156\" data-id=\"240018\" \/><\/a>Buscando trabalhar a preven\u00e7\u00e3o das Doen\u00e7as Sexualmente Transmiss\u00edveis, a Secretaria de Estado da Sa\u00fade (SES\/PB) est\u00e1 preparando a\u00e7\u00f5es para o per\u00edodo de carnaval. De acordo com a Ger\u00eancia Operacional das IST\/Aids e Hepatites Virais, al\u00e9m da distribui\u00e7\u00e3o de folders e material informativo para os foli\u00f5es, ser\u00e3o distribu\u00eddos um milh\u00e3o e meio de preservativos masculinos e 100 mil sach\u00eas de gel lubrificante em todo o estado. Este material \u00e9 enviado para as Ger\u00eancias Regionais de Sa\u00fade, que fazem a distribui\u00e7\u00e3o em seus munic\u00edpios.<\/p>\n<p>A gerente estadual de IST\/Aids e Hepatites Virais, Ivoneide Lucena, alertou para o aumento dos casos de Aids na popula\u00e7\u00e3o jovem e a import\u00e2ncia do uso do preservativo. \u201cPrecisamos alertar a popula\u00e7\u00e3o jovem que existe um grande risco de pegar alguma DST e\/ou mesmo o HIV, uma vez que n\u00e3o podemos dizer apenas pela apar\u00eancia de uma pessoa se ela tem ou n\u00e3o essas doen\u00e7as. O jovem n\u00e3o se v\u00ea como uma pessoa que corre riscos e com essa compreens\u00e3o acaba nas rela\u00e7\u00f5es sexuais n\u00e3o tendo o cuidado com o uso da camisinha. Dessa forma cada dia estamos nos deparando com mais jovens de 15 a 24 anos sendo diagnosticados com HIV ou Aids aqui no estado\u201d, disse Ivoneide.<\/p>\n<p>Ela falou sobre a import\u00e2ncia do uso do preservativo em todas as rela\u00e7\u00f5es sexuais, lembrando que em 2017 foram registrados na Para\u00edba 557 casos de HIV e 296 de Aids.\u00a0\u00a0\u201cA festa potencializa o uso de bebidas alco\u00f3licas e aumenta as possibilidades de \u2018ficar\u2019 com outras pessoas, e \u00e9 nesse momento que a vulnerabilidade aumenta e acabam fazendo sexo sem camisinha, se colocando em risco. A popula\u00e7\u00e3o jovem tem a ideia err\u00f4nea que a Aids n\u00e3o mata, o que n\u00e3o \u00e9 verdade\u201d, disse.<\/p>\n<p>Segundo Ivoneide, nos dias p\u00f3s-carnaval muitas pessoas acabam recorrendo aos servi\u00e7os de sa\u00fade em busca da PEP (Profilaxia P\u00f3s Exposi\u00e7\u00e3o). \u00c9 importante ressaltar que a PEP \u00e9 um tratamento de 28 dias e n\u00e3o dispensa o uso do preservativo. \u201cDevemos frisar que a PEP deve ser iniciada at\u00e9 72 horas p\u00f3s-exposi\u00e7\u00e3o ao v\u00edrus. Esse tratamento preventivo poder\u00e1 ser acessado junto \u00e0s pessoas que passaram por uma situa\u00e7\u00e3o de risco com (fez sexo sem camisinha ou a camisinha estourou) ou sem permiss\u00e3o (estupro)\u201d, explicou.<\/p>\n<p>A gerente estadual de IST\/AIDS explicou que, para combater o preconceito que ainda existe, informa\u00e7\u00e3o \u00e9 primordial. \u201cNa Para\u00edba muita gente ainda n\u00e3o se cuida, n\u00e3o se previne, tem rela\u00e7\u00f5es sexuais sem camisinha. Para mudar isso \u00e9 preciso de informa\u00e7\u00e3o. As pessoas devem se informar, ler sobre o assunto. Hoje o acesso \u00e0 informa\u00e7\u00e3o est\u00e1 mais f\u00e1cil, com a internet e todas as campanhas educativas. Ent\u00e3o n\u00e3o \u00e9 pra ter vergonha ou medo de falar no assunto, de perguntar. \u00c9 importante ter informa\u00e7\u00f5es seguras para se prevenir, se cuidar para se manter saud\u00e1vel\u201d, concluiu Ivoneide Lucena.<\/p>\n<p>Fonte: MaisPB<\/p>\n","protected":false},"excerpt":{"rendered":"<p>Buscando trabalhar a preven\u00e7\u00e3o das Doen\u00e7as Sexualmente Transmiss\u00edveis, a Secretaria de Estado da Sa\u00fade (SES\/PB) est\u00e1 preparando a\u00e7\u00f5es para o per\u00edodo de carnaval. De acordo com a Ger\u00eancia Operacional das IST\/Aids e Hepatites Virais, al\u00e9m da distribui\u00e7\u00e3o de folders e material informativo para os foli\u00f5es, ser\u00e3o distribu\u00eddos um milh\u00e3o e meio de preservativos masculinos e 100 mil sach\u00eas de gel lubrificante em todo o estado. Este material \u00e9 enviado para as Ger\u00eancias Regionais de Sa\u00fade, que fazem a distribui\u00e7\u00e3o em seus munic\u00edpios. A gerente estadual de IST\/Aids e Hepatites Virais, Ivoneide Lucena, alertou para o aumento dos casos de Aids na popula\u00e7\u00e3o jovem e a import\u00e2ncia do uso do preservativo. \u201cPrecisamos alertar a popula\u00e7\u00e3o jovem que existe um grande risco de pegar alguma DST e\/ou mesmo o HIV, uma vez que n\u00e3o podemos dizer apenas pela apar\u00eancia de uma pessoa se ela tem ou n\u00e3o essas doen\u00e7as. O jovem n\u00e3o se v\u00ea como uma pessoa que corre riscos e com essa compreens\u00e3o acaba nas rela\u00e7\u00f5es sexuais n\u00e3o tendo o cuidado com o uso da camisinha. Dessa forma cada dia estamos nos deparando com mais jovens de 15 a 24 anos sendo diagnosticados com HIV ou Aids aqui no estado\u201d, disse Ivoneide. Ela falou sobre a import\u00e2ncia do uso do preservativo em todas as rela\u00e7\u00f5es sexuais, lembrando que em 2017 foram registrados na Para\u00edba 557 casos de HIV e 296 de Aids.\u00a0\u00a0\u201cA festa potencializa o uso de bebidas alco\u00f3licas e aumenta as possibilidades de \u2018ficar\u2019 com outras pessoas, e \u00e9 nesse momento que a vulnerabilidade aumenta e acabam fazendo sexo sem camisinha, se colocando em risco. A popula\u00e7\u00e3o jovem tem a ideia err\u00f4nea que a Aids n\u00e3o mata, o que n\u00e3o \u00e9 verdade\u201d, disse. Segundo Ivoneide, nos dias p\u00f3s-carnaval muitas pessoas acabam recorrendo aos servi\u00e7os de sa\u00fade em busca da PEP (Profilaxia P\u00f3s Exposi\u00e7\u00e3o). \u00c9 importante ressaltar que a PEP \u00e9 um tratamento de 28 dias e n\u00e3o dispensa o uso do preservativo. \u201cDevemos frisar que a PEP deve ser iniciada at\u00e9 72 horas p\u00f3s-exposi\u00e7\u00e3o ao v\u00edrus. Esse tratamento preventivo poder\u00e1 ser acessado junto \u00e0s pessoas que passaram por uma situa\u00e7\u00e3o de risco com (fez sexo sem camisinha ou a camisinha estourou) ou sem permiss\u00e3o (estupro)\u201d, explicou. A gerente estadual de IST\/AIDS explicou que, para combater o preconceito que ainda existe, informa\u00e7\u00e3o \u00e9 primordial. \u201cNa Para\u00edba muita gente ainda n\u00e3o se cuida, n\u00e3o se previne, tem rela\u00e7\u00f5es sexuais sem camisinha. Para mudar isso \u00e9 preciso de informa\u00e7\u00e3o. As pessoas devem se informar, ler sobre o assunto. Hoje o acesso \u00e0 informa\u00e7\u00e3o est\u00e1 mais f\u00e1cil, com a internet e todas as campanhas educativas. Ent\u00e3o n\u00e3o \u00e9 pra ter vergonha ou medo de falar no assunto, de perguntar. \u00c9 importante ter informa\u00e7\u00f5es seguras para se prevenir, se cuidar para se manter saud\u00e1vel\u201d, concluiu Ivoneide Lucena. Fonte: MaisPB<\/p>\n","protected":false},"author":2,"featured_media":7737,"comment_status":"closed","ping_status":"open","sticky":false,"template":"","format":"standard","meta":{"_eb_attr":"","_jetpack_memberships_contains_paid_content":false,"footnotes":""},"categories":[8],"tags":[],"class_list":["post-7736","post","type-post","status-publish","format-standard","has-post-thumbnail","hentry","category-saude"],"yoast_head":"<!-- This site is optimized with the Yoast SEO plugin v26.5 - https:\/\/yoast.com\/wordpress\/plugins\/seo\/ -->\n<title>Estado distribuir\u00e1 1,5 milh\u00e3o de camisinhas no carnaval - Not&iacute;cias em Destaque<\/title>\n<meta name=\"robots\" content=\"index, follow, max-snippet:-1, max-image-preview:large, max-video-preview:-1\" \/>\n<link rel=\"canonical\" href=\"https:\/\/noticiasemdestaque.com\/cd\/?p=7736\" \/>\n<meta property=\"og:locale\" content=\"pt_BR\" \/>\n<meta property=\"og:type\" content=\"article\" \/>\n<meta property=\"og:title\" content=\"Estado distribuir\u00e1 1,5 milh\u00e3o de camisinhas no carnaval - Not&iacute;cias em Destaque\" \/>\n<meta property=\"og:description\" content=\"Buscando trabalhar a preven\u00e7\u00e3o das Doen\u00e7as Sexualmente Transmiss\u00edveis, a Secretaria de Estado da Sa\u00fade (SES\/PB) est\u00e1 preparando a\u00e7\u00f5es para o per\u00edodo de carnaval. De acordo com a Ger\u00eancia Operacional das IST\/Aids e Hepatites Virais, al\u00e9m da distribui\u00e7\u00e3o de folders e material informativo para os foli\u00f5es, ser\u00e3o distribu\u00eddos um milh\u00e3o e meio de preservativos masculinos e 100 mil sach\u00eas de gel lubrificante em todo o estado. Este material \u00e9 enviado para as Ger\u00eancias Regionais de Sa\u00fade, que fazem a distribui\u00e7\u00e3o em seus munic\u00edpios. A gerente estadual de IST\/Aids e Hepatites Virais, Ivoneide Lucena, alertou para o aumento dos casos de Aids na popula\u00e7\u00e3o jovem e a import\u00e2ncia do uso do preservativo. \u201cPrecisamos alertar a popula\u00e7\u00e3o jovem que existe um grande risco de pegar alguma DST e\/ou mesmo o HIV, uma vez que n\u00e3o podemos dizer apenas pela apar\u00eancia de uma pessoa se ela tem ou n\u00e3o essas doen\u00e7as. O jovem n\u00e3o se v\u00ea como uma pessoa que corre riscos e com essa compreens\u00e3o acaba nas rela\u00e7\u00f5es sexuais n\u00e3o tendo o cuidado com o uso da camisinha. Dessa forma cada dia estamos nos deparando com mais jovens de 15 a 24 anos sendo diagnosticados com HIV ou Aids aqui no estado\u201d, disse Ivoneide. Ela falou sobre a import\u00e2ncia do uso do preservativo em todas as rela\u00e7\u00f5es sexuais, lembrando que em 2017 foram registrados na Para\u00edba 557 casos de HIV e 296 de Aids.\u00a0\u00a0\u201cA festa potencializa o uso de bebidas alco\u00f3licas e aumenta as possibilidades de \u2018ficar\u2019 com outras pessoas, e \u00e9 nesse momento que a vulnerabilidade aumenta e acabam fazendo sexo sem camisinha, se colocando em risco. A popula\u00e7\u00e3o jovem tem a ideia err\u00f4nea que a Aids n\u00e3o mata, o que n\u00e3o \u00e9 verdade\u201d, disse. Segundo Ivoneide, nos dias p\u00f3s-carnaval muitas pessoas acabam recorrendo aos servi\u00e7os de sa\u00fade em busca da PEP (Profilaxia P\u00f3s Exposi\u00e7\u00e3o). \u00c9 importante ressaltar que a PEP \u00e9 um tratamento de 28 dias e n\u00e3o dispensa o uso do preservativo. \u201cDevemos frisar que a PEP deve ser iniciada at\u00e9 72 horas p\u00f3s-exposi\u00e7\u00e3o ao v\u00edrus. Esse tratamento preventivo poder\u00e1 ser acessado junto \u00e0s pessoas que passaram por uma situa\u00e7\u00e3o de risco com (fez sexo sem camisinha ou a camisinha estourou) ou sem permiss\u00e3o (estupro)\u201d, explicou. A gerente estadual de IST\/AIDS explicou que, para combater o preconceito que ainda existe, informa\u00e7\u00e3o \u00e9 primordial. \u201cNa Para\u00edba muita gente ainda n\u00e3o se cuida, n\u00e3o se previne, tem rela\u00e7\u00f5es sexuais sem camisinha. Para mudar isso \u00e9 preciso de informa\u00e7\u00e3o. As pessoas devem se informar, ler sobre o assunto. Hoje o acesso \u00e0 informa\u00e7\u00e3o est\u00e1 mais f\u00e1cil, com a internet e todas as campanhas educativas. Ent\u00e3o n\u00e3o \u00e9 pra ter vergonha ou medo de falar no assunto, de perguntar. \u00c9 importante ter informa\u00e7\u00f5es seguras para se prevenir, se cuidar para se manter saud\u00e1vel\u201d, concluiu Ivoneide Lucena. Fonte: MaisPB\" \/>\n<meta property=\"og:url\" content=\"https:\/\/noticiasemdestaque.com\/cd\/?p=7736\" \/>\n<meta property=\"og:site_name\" content=\"Not&iacute;cias em Destaque\" \/>\n<meta property=\"article:published_time\" content=\"2018-02-01T10:21:48+00:00\" \/>\n<meta property=\"og:image\" content=\"https:\/\/noticiasemdestaque.com\/cd\/wp-content\/uploads\/2018\/02\/Camisinha.jpg\" \/>\n\t<meta property=\"og:image:width\" content=\"590\" \/>\n\t<meta property=\"og:image:height\" content=\"307\" \/>\n\t<meta property=\"og:image:type\" content=\"image\/jpeg\" \/>\n<meta name=\"author\" content=\"Not\u00edcias em Destaque\" \/>\n<meta name=\"twitter:card\" content=\"summary_large_image\" \/>\n<meta name=\"twitter:label1\" content=\"Escrito por\" \/>\n\t<meta name=\"twitter:data1\" content=\"Not\u00edcias em Destaque\" \/>\n\t<meta name=\"twitter:label2\" content=\"Est. tempo de leitura\" \/>\n\t<meta name=\"twitter:data2\" content=\"3 minutos\" \/>\n<script type=\"application\/ld+json\" class=\"yoast-schema-graph\">{\"@context\":\"https:\/\/schema.org\",\"@graph\":[{\"@type\":\"Article\",\"@id\":\"https:\/\/noticiasemdestaque.com\/cd\/?p=7736#article\",\"isPartOf\":{\"@id\":\"https:\/\/noticiasemdestaque.com\/cd\/?p=7736\"},\"author\":{\"name\":\"Not\u00edcias em Destaque\",\"@id\":\"https:\/\/noticiasemdestaque.com\/cd\/#\/schema\/person\/21320b03a7e8bb90128938dafc9b908a\"},\"headline\":\"Estado distribuir\u00e1 1,5 milh\u00e3o de camisinhas no carnaval\",\"datePublished\":\"2018-02-01T10:21:48+00:00\",\"mainEntityOfPage\":{\"@id\":\"https:\/\/noticiasemdestaque.com\/cd\/?p=7736\"},\"wordCount\":520,\"publisher\":{\"@id\":\"https:\/\/noticiasemdestaque.com\/cd\/#organization\"},\"image\":{\"@id\":\"https:\/\/noticiasemdestaque.com\/cd\/?p=7736#primaryimage\"},\"thumbnailUrl\":\"https:\/\/noticiasemdestaque.com\/cd\/wp-content\/uploads\/2018\/02\/Camisinha.jpg\",\"articleSection\":[\"Sa\u00fade\"],\"inLanguage\":\"pt-BR\"},{\"@type\":\"WebPage\",\"@id\":\"https:\/\/noticiasemdestaque.com\/cd\/?p=7736\",\"url\":\"https:\/\/noticiasemdestaque.com\/cd\/?p=7736\",\"name\":\"Estado distribuir\u00e1 1,5 milh\u00e3o de camisinhas no carnaval - Not&iacute;cias em Destaque\",\"isPartOf\":{\"@id\":\"https:\/\/noticiasemdestaque.com\/cd\/#website\"},\"primaryImageOfPage\":{\"@id\":\"https:\/\/noticiasemdestaque.com\/cd\/?p=7736#primaryimage\"},\"image\":{\"@id\":\"https:\/\/noticiasemdestaque.com\/cd\/?p=7736#primaryimage\"},\"thumbnailUrl\":\"https:\/\/noticiasemdestaque.com\/cd\/wp-content\/uploads\/2018\/02\/Camisinha.jpg\",\"datePublished\":\"2018-02-01T10:21:48+00:00\",\"breadcrumb\":{\"@id\":\"https:\/\/noticiasemdestaque.com\/cd\/?p=7736#breadcrumb\"},\"inLanguage\":\"pt-BR\",\"potentialAction\":[{\"@type\":\"ReadAction\",\"target\":[\"https:\/\/noticiasemdestaque.com\/cd\/?p=7736\"]}]},{\"@type\":\"ImageObject\",\"inLanguage\":\"pt-BR\",\"@id\":\"https:\/\/noticiasemdestaque.com\/cd\/?p=7736#primaryimage\",\"url\":\"https:\/\/noticiasemdestaque.com\/cd\/wp-content\/uploads\/2018\/02\/Camisinha.jpg\",\"contentUrl\":\"https:\/\/noticiasemdestaque.com\/cd\/wp-content\/uploads\/2018\/02\/Camisinha.jpg\",\"width\":590,\"height\":307},{\"@type\":\"BreadcrumbList\",\"@id\":\"https:\/\/noticiasemdestaque.com\/cd\/?p=7736#breadcrumb\",\"itemListElement\":[{\"@type\":\"ListItem\",\"position\":1,\"name\":\"In\u00edcio\",\"item\":\"https:\/\/noticiasemdestaque.com\/cd\/\"},{\"@type\":\"ListItem\",\"position\":2,\"name\":\"Estado distribuir\u00e1 1,5 milh\u00e3o de camisinhas no carnaval\"}]},{\"@type\":\"WebSite\",\"@id\":\"https:\/\/noticiasemdestaque.com\/cd\/#website\",\"url\":\"https:\/\/noticiasemdestaque.com\/cd\/\",\"name\":\"Not&iacute;cias em Destaque\",\"description\":\"\",\"publisher\":{\"@id\":\"https:\/\/noticiasemdestaque.com\/cd\/#organization\"},\"potentialAction\":[{\"@type\":\"SearchAction\",\"target\":{\"@type\":\"EntryPoint\",\"urlTemplate\":\"https:\/\/noticiasemdestaque.com\/cd\/?s={search_term_string}\"},\"query-input\":{\"@type\":\"PropertyValueSpecification\",\"valueRequired\":true,\"valueName\":\"search_term_string\"}}],\"inLanguage\":\"pt-BR\"},{\"@type\":\"Organization\",\"@id\":\"https:\/\/noticiasemdestaque.com\/cd\/#organization\",\"name\":\"Not\u00edcias em Destaque\",\"url\":\"https:\/\/noticiasemdestaque.com\/cd\/\",\"logo\":{\"@type\":\"ImageObject\",\"inLanguage\":\"pt-BR\",\"@id\":\"https:\/\/noticiasemdestaque.com\/cd\/#\/schema\/logo\/image\/\",\"url\":\"https:\/\/noticiasemdestaque.com\/cd\/wp-content\/uploads\/2022\/05\/imagem-base-noticiasemdestaque.png\",\"contentUrl\":\"https:\/\/noticiasemdestaque.com\/cd\/wp-content\/uploads\/2022\/05\/imagem-base-noticiasemdestaque.png\",\"width\":1200,\"height\":630,\"caption\":\"Not\u00edcias em Destaque\"},\"image\":{\"@id\":\"https:\/\/noticiasemdestaque.com\/cd\/#\/schema\/logo\/image\/\"}},{\"@type\":\"Person\",\"@id\":\"https:\/\/noticiasemdestaque.com\/cd\/#\/schema\/person\/21320b03a7e8bb90128938dafc9b908a\",\"name\":\"Not\u00edcias em Destaque\",\"url\":\"https:\/\/noticiasemdestaque.com\/cd\/?author=2\"}]}<\/script>\n<!-- \/ Yoast SEO plugin. -->","yoast_head_json":{"title":"Estado distribuir\u00e1 1,5 milh\u00e3o de camisinhas no carnaval - Not&iacute;cias em Destaque","robots":{"index":"index","follow":"follow","max-snippet":"max-snippet:-1","max-image-preview":"max-image-preview:large","max-video-preview":"max-video-preview:-1"},"canonical":"https:\/\/noticiasemdestaque.com\/cd\/?p=7736","og_locale":"pt_BR","og_type":"article","og_title":"Estado distribuir\u00e1 1,5 milh\u00e3o de camisinhas no carnaval - Not&iacute;cias em Destaque","og_description":"Buscando trabalhar a preven\u00e7\u00e3o das Doen\u00e7as Sexualmente Transmiss\u00edveis, a Secretaria de Estado da Sa\u00fade (SES\/PB) est\u00e1 preparando a\u00e7\u00f5es para o per\u00edodo de carnaval. De acordo com a Ger\u00eancia Operacional das IST\/Aids e Hepatites Virais, al\u00e9m da distribui\u00e7\u00e3o de folders e material informativo para os foli\u00f5es, ser\u00e3o distribu\u00eddos um milh\u00e3o e meio de preservativos masculinos e 100 mil sach\u00eas de gel lubrificante em todo o estado. Este material \u00e9 enviado para as Ger\u00eancias Regionais de Sa\u00fade, que fazem a distribui\u00e7\u00e3o em seus munic\u00edpios. A gerente estadual de IST\/Aids e Hepatites Virais, Ivoneide Lucena, alertou para o aumento dos casos de Aids na popula\u00e7\u00e3o jovem e a import\u00e2ncia do uso do preservativo. \u201cPrecisamos alertar a popula\u00e7\u00e3o jovem que existe um grande risco de pegar alguma DST e\/ou mesmo o HIV, uma vez que n\u00e3o podemos dizer apenas pela apar\u00eancia de uma pessoa se ela tem ou n\u00e3o essas doen\u00e7as. O jovem n\u00e3o se v\u00ea como uma pessoa que corre riscos e com essa compreens\u00e3o acaba nas rela\u00e7\u00f5es sexuais n\u00e3o tendo o cuidado com o uso da camisinha. Dessa forma cada dia estamos nos deparando com mais jovens de 15 a 24 anos sendo diagnosticados com HIV ou Aids aqui no estado\u201d, disse Ivoneide. Ela falou sobre a import\u00e2ncia do uso do preservativo em todas as rela\u00e7\u00f5es sexuais, lembrando que em 2017 foram registrados na Para\u00edba 557 casos de HIV e 296 de Aids.\u00a0\u00a0\u201cA festa potencializa o uso de bebidas alco\u00f3licas e aumenta as possibilidades de \u2018ficar\u2019 com outras pessoas, e \u00e9 nesse momento que a vulnerabilidade aumenta e acabam fazendo sexo sem camisinha, se colocando em risco. A popula\u00e7\u00e3o jovem tem a ideia err\u00f4nea que a Aids n\u00e3o mata, o que n\u00e3o \u00e9 verdade\u201d, disse. Segundo Ivoneide, nos dias p\u00f3s-carnaval muitas pessoas acabam recorrendo aos servi\u00e7os de sa\u00fade em busca da PEP (Profilaxia P\u00f3s Exposi\u00e7\u00e3o). \u00c9 importante ressaltar que a PEP \u00e9 um tratamento de 28 dias e n\u00e3o dispensa o uso do preservativo. \u201cDevemos frisar que a PEP deve ser iniciada at\u00e9 72 horas p\u00f3s-exposi\u00e7\u00e3o ao v\u00edrus. Esse tratamento preventivo poder\u00e1 ser acessado junto \u00e0s pessoas que passaram por uma situa\u00e7\u00e3o de risco com (fez sexo sem camisinha ou a camisinha estourou) ou sem permiss\u00e3o (estupro)\u201d, explicou. A gerente estadual de IST\/AIDS explicou que, para combater o preconceito que ainda existe, informa\u00e7\u00e3o \u00e9 primordial. \u201cNa Para\u00edba muita gente ainda n\u00e3o se cuida, n\u00e3o se previne, tem rela\u00e7\u00f5es sexuais sem camisinha. Para mudar isso \u00e9 preciso de informa\u00e7\u00e3o. As pessoas devem se informar, ler sobre o assunto. Hoje o acesso \u00e0 informa\u00e7\u00e3o est\u00e1 mais f\u00e1cil, com a internet e todas as campanhas educativas. Ent\u00e3o n\u00e3o \u00e9 pra ter vergonha ou medo de falar no assunto, de perguntar. \u00c9 importante ter informa\u00e7\u00f5es seguras para se prevenir, se cuidar para se manter saud\u00e1vel\u201d, concluiu Ivoneide Lucena. Fonte: MaisPB","og_url":"https:\/\/noticiasemdestaque.com\/cd\/?p=7736","og_site_name":"Not&iacute;cias em Destaque","article_published_time":"2018-02-01T10:21:48+00:00","og_image":[{"width":590,"height":307,"url":"https:\/\/noticiasemdestaque.com\/cd\/wp-content\/uploads\/2018\/02\/Camisinha.jpg","type":"image\/jpeg"}],"author":"Not\u00edcias em Destaque","twitter_card":"summary_large_image","twitter_misc":{"Escrito por":"Not\u00edcias em Destaque","Est. tempo de leitura":"3 minutos"},"schema":{"@context":"https:\/\/schema.org","@graph":[{"@type":"Article","@id":"https:\/\/noticiasemdestaque.com\/cd\/?p=7736#article","isPartOf":{"@id":"https:\/\/noticiasemdestaque.com\/cd\/?p=7736"},"author":{"name":"Not\u00edcias em Destaque","@id":"https:\/\/noticiasemdestaque.com\/cd\/#\/schema\/person\/21320b03a7e8bb90128938dafc9b908a"},"headline":"Estado distribuir\u00e1 1,5 milh\u00e3o de camisinhas no carnaval","datePublished":"2018-02-01T10:21:48+00:00","mainEntityOfPage":{"@id":"https:\/\/noticiasemdestaque.com\/cd\/?p=7736"},"wordCount":520,"publisher":{"@id":"https:\/\/noticiasemdestaque.com\/cd\/#organization"},"image":{"@id":"https:\/\/noticiasemdestaque.com\/cd\/?p=7736#primaryimage"},"thumbnailUrl":"https:\/\/noticiasemdestaque.com\/cd\/wp-content\/uploads\/2018\/02\/Camisinha.jpg","articleSection":["Sa\u00fade"],"inLanguage":"pt-BR"},{"@type":"WebPage","@id":"https:\/\/noticiasemdestaque.com\/cd\/?p=7736","url":"https:\/\/noticiasemdestaque.com\/cd\/?p=7736","name":"Estado distribuir\u00e1 1,5 milh\u00e3o de camisinhas no carnaval - Not&iacute;cias em Destaque","isPartOf":{"@id":"https:\/\/noticiasemdestaque.com\/cd\/#website"},"primaryImageOfPage":{"@id":"https:\/\/noticiasemdestaque.com\/cd\/?p=7736#primaryimage"},"image":{"@id":"https:\/\/noticiasemdestaque.com\/cd\/?p=7736#primaryimage"},"thumbnailUrl":"https:\/\/noticiasemdestaque.com\/cd\/wp-content\/uploads\/2018\/02\/Camisinha.jpg","datePublished":"2018-02-01T10:21:48+00:00","breadcrumb":{"@id":"https:\/\/noticiasemdestaque.com\/cd\/?p=7736#breadcrumb"},"inLanguage":"pt-BR","potentialAction":[{"@type":"ReadAction","target":["https:\/\/noticiasemdestaque.com\/cd\/?p=7736"]}]},{"@type":"ImageObject","inLanguage":"pt-BR","@id":"https:\/\/noticiasemdestaque.com\/cd\/?p=7736#primaryimage","url":"https:\/\/noticiasemdestaque.com\/cd\/wp-content\/uploads\/2018\/02\/Camisinha.jpg","contentUrl":"https:\/\/noticiasemdestaque.com\/cd\/wp-content\/uploads\/2018\/02\/Camisinha.jpg","width":590,"height":307},{"@type":"BreadcrumbList","@id":"https:\/\/noticiasemdestaque.com\/cd\/?p=7736#breadcrumb","itemListElement":[{"@type":"ListItem","position":1,"name":"In\u00edcio","item":"https:\/\/noticiasemdestaque.com\/cd\/"},{"@type":"ListItem","position":2,"name":"Estado distribuir\u00e1 1,5 milh\u00e3o de camisinhas no carnaval"}]},{"@type":"WebSite","@id":"https:\/\/noticiasemdestaque.com\/cd\/#website","url":"https:\/\/noticiasemdestaque.com\/cd\/","name":"Not&iacute;cias em Destaque","description":"","publisher":{"@id":"https:\/\/noticiasemdestaque.com\/cd\/#organization"},"potentialAction":[{"@type":"SearchAction","target":{"@type":"EntryPoint","urlTemplate":"https:\/\/noticiasemdestaque.com\/cd\/?s={search_term_string}"},"query-input":{"@type":"PropertyValueSpecification","valueRequired":true,"valueName":"search_term_string"}}],"inLanguage":"pt-BR"},{"@type":"Organization","@id":"https:\/\/noticiasemdestaque.com\/cd\/#organization","name":"Not\u00edcias em Destaque","url":"https:\/\/noticiasemdestaque.com\/cd\/","logo":{"@type":"ImageObject","inLanguage":"pt-BR","@id":"https:\/\/noticiasemdestaque.com\/cd\/#\/schema\/logo\/image\/","url":"https:\/\/noticiasemdestaque.com\/cd\/wp-content\/uploads\/2022\/05\/imagem-base-noticiasemdestaque.png","contentUrl":"https:\/\/noticiasemdestaque.com\/cd\/wp-content\/uploads\/2022\/05\/imagem-base-noticiasemdestaque.png","width":1200,"height":630,"caption":"Not\u00edcias em Destaque"},"image":{"@id":"https:\/\/noticiasemdestaque.com\/cd\/#\/schema\/logo\/image\/"}},{"@type":"Person","@id":"https:\/\/noticiasemdestaque.com\/cd\/#\/schema\/person\/21320b03a7e8bb90128938dafc9b908a","name":"Not\u00edcias em Destaque","url":"https:\/\/noticiasemdestaque.com\/cd\/?author=2"}]}},"jetpack_featured_media_url":"https:\/\/noticiasemdestaque.com\/cd\/wp-content\/uploads\/2018\/02\/Camisinha.jpg","jetpack_sharing_enabled":true,"_links":{"self":[{"href":"https:\/\/noticiasemdestaque.com\/cd\/index.php?rest_route=\/wp\/v2\/posts\/7736","targetHints":{"allow":["GET"]}}],"collection":[{"href":"https:\/\/noticiasemdestaque.com\/cd\/index.php?rest_route=\/wp\/v2\/posts"}],"about":[{"href":"https:\/\/noticiasemdestaque.com\/cd\/index.php?rest_route=\/wp\/v2\/types\/post"}],"author":[{"embeddable":true,"href":"https:\/\/noticiasemdestaque.com\/cd\/index.php?rest_route=\/wp\/v2\/users\/2"}],"replies":[{"embeddable":true,"href":"https:\/\/noticiasemdestaque.com\/cd\/index.php?rest_route=%2Fwp%2Fv2%2Fcomments&post=7736"}],"version-history":[{"count":1,"href":"https:\/\/noticiasemdestaque.com\/cd\/index.php?rest_route=\/wp\/v2\/posts\/7736\/revisions"}],"predecessor-version":[{"id":7738,"href":"https:\/\/noticiasemdestaque.com\/cd\/index.php?rest_route=\/wp\/v2\/posts\/7736\/revisions\/7738"}],"wp:featuredmedia":[{"embeddable":true,"href":"https:\/\/noticiasemdestaque.com\/cd\/index.php?rest_route=\/wp\/v2\/media\/7737"}],"wp:attachment":[{"href":"https:\/\/noticiasemdestaque.com\/cd\/index.php?rest_route=%2Fwp%2Fv2%2Fmedia&parent=7736"}],"wp:term":[{"taxonomy":"category","embeddable":true,"href":"https:\/\/noticiasemdestaque.com\/cd\/index.php?rest_route=%2Fwp%2Fv2%2Fcategories&post=7736"},{"taxonomy":"post_tag","embeddable":true,"href":"https:\/\/noticiasemdestaque.com\/cd\/index.php?rest_route=%2Fwp%2Fv2%2Ftags&post=7736"}],"curies":[{"name":"wp","href":"https:\/\/api.w.org\/{rel}","templated":true}]}}