{"id":7733,"date":"2018-02-01T07:20:39","date_gmt":"2018-02-01T10:20:39","guid":{"rendered":"http:\/\/caririemdestaque.com\/cd\/?p=7733"},"modified":"2018-02-01T07:41:18","modified_gmt":"2018-02-01T10:41:18","slug":"mais-adesoes-prefeitos-de-serra-branca-e-emas-anunciam-apoio-a-pre-candidatura-de-joao","status":"publish","type":"post","link":"https:\/\/noticiasemdestaque.com\/cd\/?p=7733","title":{"rendered":"Mais ades\u00f5es: Prefeitos de Serra Branca e Emas anunciam apoio \u00e0 pr\u00e9-candidatura de Jo\u00e3o"},"content":{"rendered":"<p>Pr\u00e9-candidato do PSB ao Governo do Estado, o secret\u00e1rio de Infraestrutura e Recursos H\u00eddricos da Para\u00edba, Jo\u00e3o Azev\u00eado, recebeu a ades\u00e3o de mais dois prefeitos nesta quarta-feira (31). Primeiro, o socialista gan<a class=\"td-modal-image\" href=\"https:\/\/i0.wp.com\/paraibaja.com.br\/wp-content\/uploads\/2018\/01\/Liderancas-de-Emas-e1517431623821.jpg?ssl=1\"><img decoding=\"async\" class=\"wp-image-110193 td-animation-stack-type0-1 alignleft\" title=\"\" src=\"https:\/\/i0.wp.com\/paraibaja.com.br\/wp-content\/uploads\/2018\/01\/Liderancas-de-Emas-e1517431623821.jpg?resize=640%2C376&amp;ssl=1\" alt=\"Mais ades\u00f5es: prefeitos de Serra Branca e Emas anunciam apoio \u00e0 pr\u00e9-candidatura de Jo\u00e3o\" width=\"275\" height=\"162\" \/><\/a>hou o apoio do prefeito do munic\u00edpio de Emas, Segundo Madruga, do PMDB.<\/p>\n<figure id=\"attachment_110193\" class=\"wp-caption aligncenter\"><figcaption class=\"wp-caption-text\"><strong>Lideran\u00e7as pol\u00edtica de Emas aderem \u00e0 pr\u00e9-candidatura de Jo\u00e3o Azev\u00eado<\/strong><\/figcaption><\/figure>\n<p>Al\u00e9m do emedebista, anunciaram apoio \u00e0 pr\u00e9-candidatura de Jo\u00e3o, os ex-prefeito e vice-prefeito de Emas, Jos\u00e9 Wilians Madruga e Paulo Gildo, respectivamente. Ainda nesta quinta, Jo\u00e3o Azev\u00eado recebeu o apoio do prefeito Souzinha (PDT), de Serra Branca.<\/p>\n<figure id=\"attachment_110192\" class=\"wp-caption alignleft\" style=\"width: 349px;\"><a class=\"td-modal-image\" href=\"https:\/\/i1.wp.com\/paraibaja.com.br\/wp-content\/uploads\/2018\/01\/Liderancas-de-Serra-Branca-e1517431584549.jpg?ssl=1\"><img fetchpriority=\"high\" decoding=\"async\" class=\" wp-image-110192 td-animation-stack-type0-1\" title=\"\" src=\"https:\/\/i1.wp.com\/paraibaja.com.br\/wp-content\/uploads\/2018\/01\/Liderancas-de-Serra-Branca-e1517431584549.jpg?resize=640%2C376&amp;ssl=1\" alt=\"Mais ades\u00f5es: prefeitos de Serra Branca e Emas anunciam apoio \u00e0 pr\u00e9-candidatura de Jo\u00e3o\" width=\"349\" height=\"205\" \/><\/a><figcaption class=\"wp-caption-text\"><strong>Jo\u00e3o Azev\u00eado recebe o apoio do prefeito e de lideran\u00e7as pol\u00edticas de Serra Branca<\/strong><\/figcaption><\/figure>\n<p>Nos \u00faltimos dias, Jo\u00e3o vem colecionando v\u00e1rias ades\u00f5es ao seu projeto de chegar ao Pal\u00e1cio da Reden\u00e7\u00e3o.\u00a0Na ter\u00e7a-feira (30), o socialista recebeu o apoio do grupo de lideran\u00e7as pol\u00edticas que fazem oposi\u00e7\u00e3o ao atual prefeito de Uira\u00fana, Ant\u00f4nio Ferreira (PSD). Anunciaram apoio a Jo\u00e3o, os ex-prefeitos de Uira\u00fana, Geraldo Nogueira, Gl\u00f3ria Geane e Paulo Arthur.<\/p>\n<p>Na segunda-feira (29), Jo\u00e3o j\u00e1 havia recebido o apoio dos prefeitos de\u00a0Soledade, Geraldo Moura Ramos (PP), de\u00a0Curral de Cima, Tot\u00f3 Ribeiro (PSDB).<\/p>\n","protected":false},"excerpt":{"rendered":"<p>Pr\u00e9-candidato do PSB ao Governo do Estado, o secret\u00e1rio de Infraestrutura e Recursos H\u00eddricos da Para\u00edba, Jo\u00e3o Azev\u00eado, recebeu a ades\u00e3o de mais dois prefeitos nesta quarta-feira (31). Primeiro, o socialista ganhou o apoio do prefeito do munic\u00edpio de Emas, Segundo Madruga, do PMDB. Lideran\u00e7as pol\u00edtica de Emas aderem \u00e0 pr\u00e9-candidatura de Jo\u00e3o Azev\u00eado Al\u00e9m do emedebista, anunciaram apoio \u00e0 pr\u00e9-candidatura de Jo\u00e3o, os ex-prefeito e vice-prefeito de Emas, Jos\u00e9 Wilians Madruga e Paulo Gildo, respectivamente. Ainda nesta quinta, Jo\u00e3o Azev\u00eado recebeu o apoio do prefeito Souzinha (PDT), de Serra Branca. Jo\u00e3o Azev\u00eado recebe o apoio do prefeito e de lideran\u00e7as pol\u00edticas de Serra Branca Nos \u00faltimos dias, Jo\u00e3o vem colecionando v\u00e1rias ades\u00f5es ao seu projeto de chegar ao Pal\u00e1cio da Reden\u00e7\u00e3o.\u00a0Na ter\u00e7a-feira (30), o socialista recebeu o apoio do grupo de lideran\u00e7as pol\u00edticas que fazem oposi\u00e7\u00e3o ao atual prefeito de Uira\u00fana, Ant\u00f4nio Ferreira (PSD). Anunciaram apoio a Jo\u00e3o, os ex-prefeitos de Uira\u00fana, Geraldo Nogueira, Gl\u00f3ria Geane e Paulo Arthur. Na segunda-feira (29), Jo\u00e3o j\u00e1 havia recebido o apoio dos prefeitos de\u00a0Soledade, Geraldo Moura Ramos (PP), de\u00a0Curral de Cima, Tot\u00f3 Ribeiro (PSDB).<\/p>\n","protected":false},"author":2,"featured_media":7734,"comment_status":"closed","ping_status":"open","sticky":false,"template":"","format":"standard","meta":{"_eb_attr":"","_jetpack_memberships_contains_paid_content":false,"footnotes":""},"categories":[4],"tags":[],"class_list":["post-7733","post","type-post","status-publish","format-standard","has-post-thumbnail","hentry","category-politica"],"yoast_head":"<!-- This site is optimized with the Yoast SEO plugin v26.5 - https:\/\/yoast.com\/wordpress\/plugins\/seo\/ -->\n<title>Mais ades\u00f5es: Prefeitos de Serra Branca e Emas anunciam apoio \u00e0 pr\u00e9-candidatura de Jo\u00e3o - Not&iacute;cias em Destaque<\/title>\n<meta name=\"robots\" content=\"index, follow, max-snippet:-1, max-image-preview:large, max-video-preview:-1\" \/>\n<link rel=\"canonical\" href=\"https:\/\/noticiasemdestaque.com\/cd\/?p=7733\" \/>\n<meta property=\"og:locale\" content=\"pt_BR\" \/>\n<meta property=\"og:type\" content=\"article\" \/>\n<meta property=\"og:title\" content=\"Mais ades\u00f5es: Prefeitos de Serra Branca e Emas anunciam apoio \u00e0 pr\u00e9-candidatura de Jo\u00e3o - Not&iacute;cias em Destaque\" \/>\n<meta property=\"og:description\" content=\"Pr\u00e9-candidato do PSB ao Governo do Estado, o secret\u00e1rio de Infraestrutura e Recursos H\u00eddricos da Para\u00edba, Jo\u00e3o Azev\u00eado, recebeu a ades\u00e3o de mais dois prefeitos nesta quarta-feira (31). Primeiro, o socialista ganhou o apoio do prefeito do munic\u00edpio de Emas, Segundo Madruga, do PMDB. Lideran\u00e7as pol\u00edtica de Emas aderem \u00e0 pr\u00e9-candidatura de Jo\u00e3o Azev\u00eado Al\u00e9m do emedebista, anunciaram apoio \u00e0 pr\u00e9-candidatura de Jo\u00e3o, os ex-prefeito e vice-prefeito de Emas, Jos\u00e9 Wilians Madruga e Paulo Gildo, respectivamente. Ainda nesta quinta, Jo\u00e3o Azev\u00eado recebeu o apoio do prefeito Souzinha (PDT), de Serra Branca. Jo\u00e3o Azev\u00eado recebe o apoio do prefeito e de lideran\u00e7as pol\u00edticas de Serra Branca Nos \u00faltimos dias, Jo\u00e3o vem colecionando v\u00e1rias ades\u00f5es ao seu projeto de chegar ao Pal\u00e1cio da Reden\u00e7\u00e3o.\u00a0Na ter\u00e7a-feira (30), o socialista recebeu o apoio do grupo de lideran\u00e7as pol\u00edticas que fazem oposi\u00e7\u00e3o ao atual prefeito de Uira\u00fana, Ant\u00f4nio Ferreira (PSD). Anunciaram apoio a Jo\u00e3o, os ex-prefeitos de Uira\u00fana, Geraldo Nogueira, Gl\u00f3ria Geane e Paulo Arthur. Na segunda-feira (29), Jo\u00e3o j\u00e1 havia recebido o apoio dos prefeitos de\u00a0Soledade, Geraldo Moura Ramos (PP), de\u00a0Curral de Cima, Tot\u00f3 Ribeiro (PSDB).\" \/>\n<meta property=\"og:url\" content=\"https:\/\/noticiasemdestaque.com\/cd\/?p=7733\" \/>\n<meta property=\"og:site_name\" content=\"Not&iacute;cias em Destaque\" \/>\n<meta property=\"article:published_time\" content=\"2018-02-01T10:20:39+00:00\" \/>\n<meta property=\"article:modified_time\" content=\"2018-02-01T10:41:18+00:00\" \/>\n<meta property=\"og:image\" content=\"https:\/\/noticiasemdestaque.com\/cd\/wp-content\/uploads\/2018\/02\/Liderancas-de-Serra-Branca-e1517431584549.jpg\" \/>\n\t<meta property=\"og:image:width\" content=\"640\" \/>\n\t<meta property=\"og:image:height\" content=\"376\" \/>\n\t<meta property=\"og:image:type\" content=\"image\/jpeg\" \/>\n<meta name=\"author\" content=\"Not\u00edcias em Destaque\" \/>\n<meta name=\"twitter:card\" content=\"summary_large_image\" \/>\n<meta name=\"twitter:label1\" content=\"Escrito por\" \/>\n\t<meta name=\"twitter:data1\" content=\"Not\u00edcias em Destaque\" \/>\n\t<meta name=\"twitter:label2\" content=\"Est. tempo de leitura\" \/>\n\t<meta name=\"twitter:data2\" content=\"1 minuto\" \/>\n<script type=\"application\/ld+json\" class=\"yoast-schema-graph\">{\"@context\":\"https:\/\/schema.org\",\"@graph\":[{\"@type\":\"Article\",\"@id\":\"https:\/\/noticiasemdestaque.com\/cd\/?p=7733#article\",\"isPartOf\":{\"@id\":\"https:\/\/noticiasemdestaque.com\/cd\/?p=7733\"},\"author\":{\"name\":\"Not\u00edcias em Destaque\",\"@id\":\"https:\/\/noticiasemdestaque.com\/cd\/#\/schema\/person\/21320b03a7e8bb90128938dafc9b908a\"},\"headline\":\"Mais ades\u00f5es: Prefeitos de Serra Branca e Emas anunciam apoio \u00e0 pr\u00e9-candidatura de Jo\u00e3o\",\"datePublished\":\"2018-02-01T10:20:39+00:00\",\"dateModified\":\"2018-02-01T10:41:18+00:00\",\"mainEntityOfPage\":{\"@id\":\"https:\/\/noticiasemdestaque.com\/cd\/?p=7733\"},\"wordCount\":234,\"publisher\":{\"@id\":\"https:\/\/noticiasemdestaque.com\/cd\/#organization\"},\"image\":{\"@id\":\"https:\/\/noticiasemdestaque.com\/cd\/?p=7733#primaryimage\"},\"thumbnailUrl\":\"https:\/\/noticiasemdestaque.com\/cd\/wp-content\/uploads\/2018\/02\/Liderancas-de-Serra-Branca-e1517431584549.jpg\",\"articleSection\":[\"Pol\u00edtica\"],\"inLanguage\":\"pt-BR\"},{\"@type\":\"WebPage\",\"@id\":\"https:\/\/noticiasemdestaque.com\/cd\/?p=7733\",\"url\":\"https:\/\/noticiasemdestaque.com\/cd\/?p=7733\",\"name\":\"Mais ades\u00f5es: Prefeitos de Serra Branca e Emas anunciam apoio \u00e0 pr\u00e9-candidatura de Jo\u00e3o - Not&iacute;cias em Destaque\",\"isPartOf\":{\"@id\":\"https:\/\/noticiasemdestaque.com\/cd\/#website\"},\"primaryImageOfPage\":{\"@id\":\"https:\/\/noticiasemdestaque.com\/cd\/?p=7733#primaryimage\"},\"image\":{\"@id\":\"https:\/\/noticiasemdestaque.com\/cd\/?p=7733#primaryimage\"},\"thumbnailUrl\":\"https:\/\/noticiasemdestaque.com\/cd\/wp-content\/uploads\/2018\/02\/Liderancas-de-Serra-Branca-e1517431584549.jpg\",\"datePublished\":\"2018-02-01T10:20:39+00:00\",\"dateModified\":\"2018-02-01T10:41:18+00:00\",\"breadcrumb\":{\"@id\":\"https:\/\/noticiasemdestaque.com\/cd\/?p=7733#breadcrumb\"},\"inLanguage\":\"pt-BR\",\"potentialAction\":[{\"@type\":\"ReadAction\",\"target\":[\"https:\/\/noticiasemdestaque.com\/cd\/?p=7733\"]}]},{\"@type\":\"ImageObject\",\"inLanguage\":\"pt-BR\",\"@id\":\"https:\/\/noticiasemdestaque.com\/cd\/?p=7733#primaryimage\",\"url\":\"https:\/\/noticiasemdestaque.com\/cd\/wp-content\/uploads\/2018\/02\/Liderancas-de-Serra-Branca-e1517431584549.jpg\",\"contentUrl\":\"https:\/\/noticiasemdestaque.com\/cd\/wp-content\/uploads\/2018\/02\/Liderancas-de-Serra-Branca-e1517431584549.jpg\",\"width\":640,\"height\":376},{\"@type\":\"BreadcrumbList\",\"@id\":\"https:\/\/noticiasemdestaque.com\/cd\/?p=7733#breadcrumb\",\"itemListElement\":[{\"@type\":\"ListItem\",\"position\":1,\"name\":\"In\u00edcio\",\"item\":\"https:\/\/noticiasemdestaque.com\/cd\/\"},{\"@type\":\"ListItem\",\"position\":2,\"name\":\"Mais ades\u00f5es: Prefeitos de Serra Branca e Emas anunciam apoio \u00e0 pr\u00e9-candidatura de Jo\u00e3o\"}]},{\"@type\":\"WebSite\",\"@id\":\"https:\/\/noticiasemdestaque.com\/cd\/#website\",\"url\":\"https:\/\/noticiasemdestaque.com\/cd\/\",\"name\":\"Not&iacute;cias em Destaque\",\"description\":\"\",\"publisher\":{\"@id\":\"https:\/\/noticiasemdestaque.com\/cd\/#organization\"},\"potentialAction\":[{\"@type\":\"SearchAction\",\"target\":{\"@type\":\"EntryPoint\",\"urlTemplate\":\"https:\/\/noticiasemdestaque.com\/cd\/?s={search_term_string}\"},\"query-input\":{\"@type\":\"PropertyValueSpecification\",\"valueRequired\":true,\"valueName\":\"search_term_string\"}}],\"inLanguage\":\"pt-BR\"},{\"@type\":\"Organization\",\"@id\":\"https:\/\/noticiasemdestaque.com\/cd\/#organization\",\"name\":\"Not\u00edcias em Destaque\",\"url\":\"https:\/\/noticiasemdestaque.com\/cd\/\",\"logo\":{\"@type\":\"ImageObject\",\"inLanguage\":\"pt-BR\",\"@id\":\"https:\/\/noticiasemdestaque.com\/cd\/#\/schema\/logo\/image\/\",\"url\":\"https:\/\/noticiasemdestaque.com\/cd\/wp-content\/uploads\/2022\/05\/imagem-base-noticiasemdestaque.png\",\"contentUrl\":\"https:\/\/noticiasemdestaque.com\/cd\/wp-content\/uploads\/2022\/05\/imagem-base-noticiasemdestaque.png\",\"width\":1200,\"height\":630,\"caption\":\"Not\u00edcias em Destaque\"},\"image\":{\"@id\":\"https:\/\/noticiasemdestaque.com\/cd\/#\/schema\/logo\/image\/\"}},{\"@type\":\"Person\",\"@id\":\"https:\/\/noticiasemdestaque.com\/cd\/#\/schema\/person\/21320b03a7e8bb90128938dafc9b908a\",\"name\":\"Not\u00edcias em Destaque\",\"url\":\"https:\/\/noticiasemdestaque.com\/cd\/?author=2\"}]}<\/script>\n<!-- \/ Yoast SEO plugin. -->","yoast_head_json":{"title":"Mais ades\u00f5es: Prefeitos de Serra Branca e Emas anunciam apoio \u00e0 pr\u00e9-candidatura de Jo\u00e3o - Not&iacute;cias em Destaque","robots":{"index":"index","follow":"follow","max-snippet":"max-snippet:-1","max-image-preview":"max-image-preview:large","max-video-preview":"max-video-preview:-1"},"canonical":"https:\/\/noticiasemdestaque.com\/cd\/?p=7733","og_locale":"pt_BR","og_type":"article","og_title":"Mais ades\u00f5es: Prefeitos de Serra Branca e Emas anunciam apoio \u00e0 pr\u00e9-candidatura de Jo\u00e3o - Not&iacute;cias em Destaque","og_description":"Pr\u00e9-candidato do PSB ao Governo do Estado, o secret\u00e1rio de Infraestrutura e Recursos H\u00eddricos da Para\u00edba, Jo\u00e3o Azev\u00eado, recebeu a ades\u00e3o de mais dois prefeitos nesta quarta-feira (31). Primeiro, o socialista ganhou o apoio do prefeito do munic\u00edpio de Emas, Segundo Madruga, do PMDB. Lideran\u00e7as pol\u00edtica de Emas aderem \u00e0 pr\u00e9-candidatura de Jo\u00e3o Azev\u00eado Al\u00e9m do emedebista, anunciaram apoio \u00e0 pr\u00e9-candidatura de Jo\u00e3o, os ex-prefeito e vice-prefeito de Emas, Jos\u00e9 Wilians Madruga e Paulo Gildo, respectivamente. Ainda nesta quinta, Jo\u00e3o Azev\u00eado recebeu o apoio do prefeito Souzinha (PDT), de Serra Branca. Jo\u00e3o Azev\u00eado recebe o apoio do prefeito e de lideran\u00e7as pol\u00edticas de Serra Branca Nos \u00faltimos dias, Jo\u00e3o vem colecionando v\u00e1rias ades\u00f5es ao seu projeto de chegar ao Pal\u00e1cio da Reden\u00e7\u00e3o.\u00a0Na ter\u00e7a-feira (30), o socialista recebeu o apoio do grupo de lideran\u00e7as pol\u00edticas que fazem oposi\u00e7\u00e3o ao atual prefeito de Uira\u00fana, Ant\u00f4nio Ferreira (PSD). Anunciaram apoio a Jo\u00e3o, os ex-prefeitos de Uira\u00fana, Geraldo Nogueira, Gl\u00f3ria Geane e Paulo Arthur. Na segunda-feira (29), Jo\u00e3o j\u00e1 havia recebido o apoio dos prefeitos de\u00a0Soledade, Geraldo Moura Ramos (PP), de\u00a0Curral de Cima, Tot\u00f3 Ribeiro (PSDB).","og_url":"https:\/\/noticiasemdestaque.com\/cd\/?p=7733","og_site_name":"Not&iacute;cias em Destaque","article_published_time":"2018-02-01T10:20:39+00:00","article_modified_time":"2018-02-01T10:41:18+00:00","og_image":[{"width":640,"height":376,"url":"https:\/\/noticiasemdestaque.com\/cd\/wp-content\/uploads\/2018\/02\/Liderancas-de-Serra-Branca-e1517431584549.jpg","type":"image\/jpeg"}],"author":"Not\u00edcias em Destaque","twitter_card":"summary_large_image","twitter_misc":{"Escrito por":"Not\u00edcias em Destaque","Est. tempo de leitura":"1 minuto"},"schema":{"@context":"https:\/\/schema.org","@graph":[{"@type":"Article","@id":"https:\/\/noticiasemdestaque.com\/cd\/?p=7733#article","isPartOf":{"@id":"https:\/\/noticiasemdestaque.com\/cd\/?p=7733"},"author":{"name":"Not\u00edcias em Destaque","@id":"https:\/\/noticiasemdestaque.com\/cd\/#\/schema\/person\/21320b03a7e8bb90128938dafc9b908a"},"headline":"Mais ades\u00f5es: Prefeitos de Serra Branca e Emas anunciam apoio \u00e0 pr\u00e9-candidatura de Jo\u00e3o","datePublished":"2018-02-01T10:20:39+00:00","dateModified":"2018-02-01T10:41:18+00:00","mainEntityOfPage":{"@id":"https:\/\/noticiasemdestaque.com\/cd\/?p=7733"},"wordCount":234,"publisher":{"@id":"https:\/\/noticiasemdestaque.com\/cd\/#organization"},"image":{"@id":"https:\/\/noticiasemdestaque.com\/cd\/?p=7733#primaryimage"},"thumbnailUrl":"https:\/\/noticiasemdestaque.com\/cd\/wp-content\/uploads\/2018\/02\/Liderancas-de-Serra-Branca-e1517431584549.jpg","articleSection":["Pol\u00edtica"],"inLanguage":"pt-BR"},{"@type":"WebPage","@id":"https:\/\/noticiasemdestaque.com\/cd\/?p=7733","url":"https:\/\/noticiasemdestaque.com\/cd\/?p=7733","name":"Mais ades\u00f5es: Prefeitos de Serra Branca e Emas anunciam apoio \u00e0 pr\u00e9-candidatura de Jo\u00e3o - Not&iacute;cias em Destaque","isPartOf":{"@id":"https:\/\/noticiasemdestaque.com\/cd\/#website"},"primaryImageOfPage":{"@id":"https:\/\/noticiasemdestaque.com\/cd\/?p=7733#primaryimage"},"image":{"@id":"https:\/\/noticiasemdestaque.com\/cd\/?p=7733#primaryimage"},"thumbnailUrl":"https:\/\/noticiasemdestaque.com\/cd\/wp-content\/uploads\/2018\/02\/Liderancas-de-Serra-Branca-e1517431584549.jpg","datePublished":"2018-02-01T10:20:39+00:00","dateModified":"2018-02-01T10:41:18+00:00","breadcrumb":{"@id":"https:\/\/noticiasemdestaque.com\/cd\/?p=7733#breadcrumb"},"inLanguage":"pt-BR","potentialAction":[{"@type":"ReadAction","target":["https:\/\/noticiasemdestaque.com\/cd\/?p=7733"]}]},{"@type":"ImageObject","inLanguage":"pt-BR","@id":"https:\/\/noticiasemdestaque.com\/cd\/?p=7733#primaryimage","url":"https:\/\/noticiasemdestaque.com\/cd\/wp-content\/uploads\/2018\/02\/Liderancas-de-Serra-Branca-e1517431584549.jpg","contentUrl":"https:\/\/noticiasemdestaque.com\/cd\/wp-content\/uploads\/2018\/02\/Liderancas-de-Serra-Branca-e1517431584549.jpg","width":640,"height":376},{"@type":"BreadcrumbList","@id":"https:\/\/noticiasemdestaque.com\/cd\/?p=7733#breadcrumb","itemListElement":[{"@type":"ListItem","position":1,"name":"In\u00edcio","item":"https:\/\/noticiasemdestaque.com\/cd\/"},{"@type":"ListItem","position":2,"name":"Mais ades\u00f5es: Prefeitos de Serra Branca e Emas anunciam apoio \u00e0 pr\u00e9-candidatura de Jo\u00e3o"}]},{"@type":"WebSite","@id":"https:\/\/noticiasemdestaque.com\/cd\/#website","url":"https:\/\/noticiasemdestaque.com\/cd\/","name":"Not&iacute;cias em Destaque","description":"","publisher":{"@id":"https:\/\/noticiasemdestaque.com\/cd\/#organization"},"potentialAction":[{"@type":"SearchAction","target":{"@type":"EntryPoint","urlTemplate":"https:\/\/noticiasemdestaque.com\/cd\/?s={search_term_string}"},"query-input":{"@type":"PropertyValueSpecification","valueRequired":true,"valueName":"search_term_string"}}],"inLanguage":"pt-BR"},{"@type":"Organization","@id":"https:\/\/noticiasemdestaque.com\/cd\/#organization","name":"Not\u00edcias em Destaque","url":"https:\/\/noticiasemdestaque.com\/cd\/","logo":{"@type":"ImageObject","inLanguage":"pt-BR","@id":"https:\/\/noticiasemdestaque.com\/cd\/#\/schema\/logo\/image\/","url":"https:\/\/noticiasemdestaque.com\/cd\/wp-content\/uploads\/2022\/05\/imagem-base-noticiasemdestaque.png","contentUrl":"https:\/\/noticiasemdestaque.com\/cd\/wp-content\/uploads\/2022\/05\/imagem-base-noticiasemdestaque.png","width":1200,"height":630,"caption":"Not\u00edcias em Destaque"},"image":{"@id":"https:\/\/noticiasemdestaque.com\/cd\/#\/schema\/logo\/image\/"}},{"@type":"Person","@id":"https:\/\/noticiasemdestaque.com\/cd\/#\/schema\/person\/21320b03a7e8bb90128938dafc9b908a","name":"Not\u00edcias em Destaque","url":"https:\/\/noticiasemdestaque.com\/cd\/?author=2"}]}},"jetpack_featured_media_url":"https:\/\/noticiasemdestaque.com\/cd\/wp-content\/uploads\/2018\/02\/Liderancas-de-Serra-Branca-e1517431584549.jpg","jetpack_sharing_enabled":true,"_links":{"self":[{"href":"https:\/\/noticiasemdestaque.com\/cd\/index.php?rest_route=\/wp\/v2\/posts\/7733","targetHints":{"allow":["GET"]}}],"collection":[{"href":"https:\/\/noticiasemdestaque.com\/cd\/index.php?rest_route=\/wp\/v2\/posts"}],"about":[{"href":"https:\/\/noticiasemdestaque.com\/cd\/index.php?rest_route=\/wp\/v2\/types\/post"}],"author":[{"embeddable":true,"href":"https:\/\/noticiasemdestaque.com\/cd\/index.php?rest_route=\/wp\/v2\/users\/2"}],"replies":[{"embeddable":true,"href":"https:\/\/noticiasemdestaque.com\/cd\/index.php?rest_route=%2Fwp%2Fv2%2Fcomments&post=7733"}],"version-history":[{"count":2,"href":"https:\/\/noticiasemdestaque.com\/cd\/index.php?rest_route=\/wp\/v2\/posts\/7733\/revisions"}],"predecessor-version":[{"id":7739,"href":"https:\/\/noticiasemdestaque.com\/cd\/index.php?rest_route=\/wp\/v2\/posts\/7733\/revisions\/7739"}],"wp:featuredmedia":[{"embeddable":true,"href":"https:\/\/noticiasemdestaque.com\/cd\/index.php?rest_route=\/wp\/v2\/media\/7734"}],"wp:attachment":[{"href":"https:\/\/noticiasemdestaque.com\/cd\/index.php?rest_route=%2Fwp%2Fv2%2Fmedia&parent=7733"}],"wp:term":[{"taxonomy":"category","embeddable":true,"href":"https:\/\/noticiasemdestaque.com\/cd\/index.php?rest_route=%2Fwp%2Fv2%2Fcategories&post=7733"},{"taxonomy":"post_tag","embeddable":true,"href":"https:\/\/noticiasemdestaque.com\/cd\/index.php?rest_route=%2Fwp%2Fv2%2Ftags&post=7733"}],"curies":[{"name":"wp","href":"https:\/\/api.w.org\/{rel}","templated":true}]}}