{"id":7729,"date":"2018-02-01T07:14:49","date_gmt":"2018-02-01T10:14:49","guid":{"rendered":"http:\/\/caririemdestaque.com\/cd\/?p=7729"},"modified":"2018-02-01T07:14:49","modified_gmt":"2018-02-01T10:14:49","slug":"matriculas-de-novatos-aprovados-no-sisu-para-o-periodo-2017-2-comecam-nesta-quinta-1o-de-fevereiro","status":"publish","type":"post","link":"https:\/\/noticiasemdestaque.com\/cd\/?p=7729","title":{"rendered":"Matr\u00edculas de novatos aprovados no SiSU para o per\u00edodo 2017.2 come\u00e7am nesta quinta, 1\u00ba de fevereiro"},"content":{"rendered":"<p><a href=\"http:\/\/caririemdestaque.com\/cd\/wp-content\/uploads\/2017\/07\/uepb-1-1-1.jpg\"><img decoding=\"async\" class=\" wp-image-1919 alignleft\" src=\"http:\/\/caririemdestaque.com\/cd\/wp-content\/uploads\/2017\/07\/uepb-1-1-1-300x207.jpg\" alt=\"\" width=\"257\" height=\"177\" srcset=\"https:\/\/noticiasemdestaque.com\/cd\/wp-content\/uploads\/2017\/07\/uepb-1-1-1-300x207.jpg 300w, https:\/\/noticiasemdestaque.com\/cd\/wp-content\/uploads\/2017\/07\/uepb-1-1-1.jpg 369w\" sizes=\"(max-width: 257px) 100vw, 257px\" \/><\/a>Come\u00e7am a ser realizadas nesta quinta-feira, 1\u00ba de fevereiro, as matr\u00edculas dos estudantes novatos aprovados na chamada regular do Sistema de Sele\u00e7\u00e3o Unificada (SiSU) 2018, divulgada pelo Minist\u00e9rio da Educa\u00e7\u00e3o (MEC) para o per\u00edodo 2017.2 na Universidade Estadual da Para\u00edba (UEPB). O prazo segue at\u00e9 a pr\u00f3xima ter\u00e7a-feira (6).<\/p>\n<p>Os estudantes selecionados dever\u00e3o comparecer a Coordena\u00e7\u00e3o do Curso em que se inscreveu portando os seguintes documentos para a matr\u00edcula (com as respectivas c\u00f3pias autenticadas): Certificado de Conclus\u00e3o do Ensino M\u00e9dio e Hist\u00f3rico Escolar; RG; CPF; Prova de quita\u00e7\u00e3o com o Servi\u00e7o Militar (no caso de candidatos do sexo masculino); Registro de Nascimento ou Certid\u00e3o de Casamento, Prova de Quita\u00e7\u00e3o com o TRE (para maiores de 18 anos); e uma foto 3 x4 recente. A matr\u00edcula s\u00f3 ser\u00e1 permitida aos estudantes que apresentarem no ato da matr\u00edcula todos os documentos exigidos no Edital, n\u00e3o sendo permitida a complementa\u00e7\u00e3o de documentos posteriormente.<\/p>\n<p>Conforme o cronograma do MEC, at\u00e9 o dia 7 de fevereiro, os candidatos que n\u00e3o foram convocados na chamada regular dever\u00e3o fazer a declara\u00e7\u00e3o de interesse em participa\u00e7\u00e3o da lista de espera, que ter\u00e1 sua publica\u00e7\u00e3o realizada no dia 9 de fevereiro. No dia 14 do mesmo m\u00eas, a UEPB faz a primeira chamada desta lista de espera. As aulas do semestre letivo 2017.2 come\u00e7am no dia 19 de fevereiro. Outras informa\u00e7\u00f5es podem ser obtidas atrav\u00e9s dos telefones (83) 3315-3350 e 3315-3434.<\/p>\n<p>O edital completo do SiSU 2018 na UEPB pode ser conferido clicando\u00a0<a href=\"http:\/\/www.uepb.edu.br\/download\/1_2\/outros_editais\/SiSU-2018-Edital-UEPB-para-preenchimento-de-vagas-do-periodo-2017.2.pdf\">AQUI<\/a>.<\/p>\n","protected":false},"excerpt":{"rendered":"<p>Come\u00e7am a ser realizadas nesta quinta-feira, 1\u00ba de fevereiro, as matr\u00edculas dos estudantes novatos aprovados na chamada regular do Sistema de Sele\u00e7\u00e3o Unificada (SiSU) 2018, divulgada pelo Minist\u00e9rio da Educa\u00e7\u00e3o (MEC) para o per\u00edodo 2017.2 na Universidade Estadual da Para\u00edba (UEPB). O prazo segue at\u00e9 a pr\u00f3xima ter\u00e7a-feira (6). Os estudantes selecionados dever\u00e3o comparecer a Coordena\u00e7\u00e3o do Curso em que se inscreveu portando os seguintes documentos para a matr\u00edcula (com as respectivas c\u00f3pias autenticadas): Certificado de Conclus\u00e3o do Ensino M\u00e9dio e Hist\u00f3rico Escolar; RG; CPF; Prova de quita\u00e7\u00e3o com o Servi\u00e7o Militar (no caso de candidatos do sexo masculino); Registro de Nascimento ou Certid\u00e3o de Casamento, Prova de Quita\u00e7\u00e3o com o TRE (para maiores de 18 anos); e uma foto 3 x4 recente. A matr\u00edcula s\u00f3 ser\u00e1 permitida aos estudantes que apresentarem no ato da matr\u00edcula todos os documentos exigidos no Edital, n\u00e3o sendo permitida a complementa\u00e7\u00e3o de documentos posteriormente. Conforme o cronograma do MEC, at\u00e9 o dia 7 de fevereiro, os candidatos que n\u00e3o foram convocados na chamada regular dever\u00e3o fazer a declara\u00e7\u00e3o de interesse em participa\u00e7\u00e3o da lista de espera, que ter\u00e1 sua publica\u00e7\u00e3o realizada no dia 9 de fevereiro. No dia 14 do mesmo m\u00eas, a UEPB faz a primeira chamada desta lista de espera. As aulas do semestre letivo 2017.2 come\u00e7am no dia 19 de fevereiro. Outras informa\u00e7\u00f5es podem ser obtidas atrav\u00e9s dos telefones (83) 3315-3350 e 3315-3434. O edital completo do SiSU 2018 na UEPB pode ser conferido clicando\u00a0AQUI.<\/p>\n","protected":false},"author":2,"featured_media":570,"comment_status":"closed","ping_status":"open","sticky":false,"template":"","format":"standard","meta":{"_eb_attr":"","_jetpack_memberships_contains_paid_content":false,"footnotes":""},"categories":[6],"tags":[],"class_list":["post-7729","post","type-post","status-publish","format-standard","has-post-thumbnail","hentry","category-educacao"],"yoast_head":"<!-- This site is optimized with the Yoast SEO plugin v26.5 - https:\/\/yoast.com\/wordpress\/plugins\/seo\/ -->\n<title>Matr\u00edculas de novatos aprovados no SiSU para o per\u00edodo 2017.2 come\u00e7am nesta quinta, 1\u00ba de fevereiro - Not&iacute;cias em Destaque<\/title>\n<meta name=\"robots\" content=\"index, follow, max-snippet:-1, max-image-preview:large, max-video-preview:-1\" \/>\n<link rel=\"canonical\" href=\"https:\/\/noticiasemdestaque.com\/cd\/?p=7729\" \/>\n<meta property=\"og:locale\" content=\"pt_BR\" \/>\n<meta property=\"og:type\" content=\"article\" \/>\n<meta property=\"og:title\" content=\"Matr\u00edculas de novatos aprovados no SiSU para o per\u00edodo 2017.2 come\u00e7am nesta quinta, 1\u00ba de fevereiro - Not&iacute;cias em Destaque\" \/>\n<meta property=\"og:description\" content=\"Come\u00e7am a ser realizadas nesta quinta-feira, 1\u00ba de fevereiro, as matr\u00edculas dos estudantes novatos aprovados na chamada regular do Sistema de Sele\u00e7\u00e3o Unificada (SiSU) 2018, divulgada pelo Minist\u00e9rio da Educa\u00e7\u00e3o (MEC) para o per\u00edodo 2017.2 na Universidade Estadual da Para\u00edba (UEPB). O prazo segue at\u00e9 a pr\u00f3xima ter\u00e7a-feira (6). Os estudantes selecionados dever\u00e3o comparecer a Coordena\u00e7\u00e3o do Curso em que se inscreveu portando os seguintes documentos para a matr\u00edcula (com as respectivas c\u00f3pias autenticadas): Certificado de Conclus\u00e3o do Ensino M\u00e9dio e Hist\u00f3rico Escolar; RG; CPF; Prova de quita\u00e7\u00e3o com o Servi\u00e7o Militar (no caso de candidatos do sexo masculino); Registro de Nascimento ou Certid\u00e3o de Casamento, Prova de Quita\u00e7\u00e3o com o TRE (para maiores de 18 anos); e uma foto 3 x4 recente. A matr\u00edcula s\u00f3 ser\u00e1 permitida aos estudantes que apresentarem no ato da matr\u00edcula todos os documentos exigidos no Edital, n\u00e3o sendo permitida a complementa\u00e7\u00e3o de documentos posteriormente. Conforme o cronograma do MEC, at\u00e9 o dia 7 de fevereiro, os candidatos que n\u00e3o foram convocados na chamada regular dever\u00e3o fazer a declara\u00e7\u00e3o de interesse em participa\u00e7\u00e3o da lista de espera, que ter\u00e1 sua publica\u00e7\u00e3o realizada no dia 9 de fevereiro. No dia 14 do mesmo m\u00eas, a UEPB faz a primeira chamada desta lista de espera. As aulas do semestre letivo 2017.2 come\u00e7am no dia 19 de fevereiro. Outras informa\u00e7\u00f5es podem ser obtidas atrav\u00e9s dos telefones (83) 3315-3350 e 3315-3434. O edital completo do SiSU 2018 na UEPB pode ser conferido clicando\u00a0AQUI.\" \/>\n<meta property=\"og:url\" content=\"https:\/\/noticiasemdestaque.com\/cd\/?p=7729\" \/>\n<meta property=\"og:site_name\" content=\"Not&iacute;cias em Destaque\" \/>\n<meta property=\"article:published_time\" content=\"2018-02-01T10:14:49+00:00\" \/>\n<meta property=\"og:image\" content=\"https:\/\/noticiasemdestaque.com\/cd\/wp-content\/uploads\/2017\/06\/uepb.jpg\" \/>\n\t<meta property=\"og:image:width\" content=\"362\" \/>\n\t<meta property=\"og:image:height\" content=\"271\" \/>\n\t<meta property=\"og:image:type\" content=\"image\/jpeg\" \/>\n<meta name=\"author\" content=\"Not\u00edcias em Destaque\" \/>\n<meta name=\"twitter:card\" content=\"summary_large_image\" \/>\n<meta name=\"twitter:label1\" content=\"Escrito por\" \/>\n\t<meta name=\"twitter:data1\" content=\"Not\u00edcias em Destaque\" \/>\n\t<meta name=\"twitter:label2\" content=\"Est. tempo de leitura\" \/>\n\t<meta name=\"twitter:data2\" content=\"1 minuto\" \/>\n<script type=\"application\/ld+json\" class=\"yoast-schema-graph\">{\"@context\":\"https:\/\/schema.org\",\"@graph\":[{\"@type\":\"Article\",\"@id\":\"https:\/\/noticiasemdestaque.com\/cd\/?p=7729#article\",\"isPartOf\":{\"@id\":\"https:\/\/noticiasemdestaque.com\/cd\/?p=7729\"},\"author\":{\"name\":\"Not\u00edcias em Destaque\",\"@id\":\"https:\/\/noticiasemdestaque.com\/cd\/#\/schema\/person\/21320b03a7e8bb90128938dafc9b908a\"},\"headline\":\"Matr\u00edculas de novatos aprovados no SiSU para o per\u00edodo 2017.2 come\u00e7am nesta quinta, 1\u00ba de fevereiro\",\"datePublished\":\"2018-02-01T10:14:49+00:00\",\"mainEntityOfPage\":{\"@id\":\"https:\/\/noticiasemdestaque.com\/cd\/?p=7729\"},\"wordCount\":282,\"publisher\":{\"@id\":\"https:\/\/noticiasemdestaque.com\/cd\/#organization\"},\"image\":{\"@id\":\"https:\/\/noticiasemdestaque.com\/cd\/?p=7729#primaryimage\"},\"thumbnailUrl\":\"https:\/\/noticiasemdestaque.com\/cd\/wp-content\/uploads\/2017\/06\/uepb.jpg\",\"articleSection\":[\"Educa\u00e7\u00e3o\"],\"inLanguage\":\"pt-BR\"},{\"@type\":\"WebPage\",\"@id\":\"https:\/\/noticiasemdestaque.com\/cd\/?p=7729\",\"url\":\"https:\/\/noticiasemdestaque.com\/cd\/?p=7729\",\"name\":\"Matr\u00edculas de novatos aprovados no SiSU para o per\u00edodo 2017.2 come\u00e7am nesta quinta, 1\u00ba de fevereiro - Not&iacute;cias em Destaque\",\"isPartOf\":{\"@id\":\"https:\/\/noticiasemdestaque.com\/cd\/#website\"},\"primaryImageOfPage\":{\"@id\":\"https:\/\/noticiasemdestaque.com\/cd\/?p=7729#primaryimage\"},\"image\":{\"@id\":\"https:\/\/noticiasemdestaque.com\/cd\/?p=7729#primaryimage\"},\"thumbnailUrl\":\"https:\/\/noticiasemdestaque.com\/cd\/wp-content\/uploads\/2017\/06\/uepb.jpg\",\"datePublished\":\"2018-02-01T10:14:49+00:00\",\"breadcrumb\":{\"@id\":\"https:\/\/noticiasemdestaque.com\/cd\/?p=7729#breadcrumb\"},\"inLanguage\":\"pt-BR\",\"potentialAction\":[{\"@type\":\"ReadAction\",\"target\":[\"https:\/\/noticiasemdestaque.com\/cd\/?p=7729\"]}]},{\"@type\":\"ImageObject\",\"inLanguage\":\"pt-BR\",\"@id\":\"https:\/\/noticiasemdestaque.com\/cd\/?p=7729#primaryimage\",\"url\":\"https:\/\/noticiasemdestaque.com\/cd\/wp-content\/uploads\/2017\/06\/uepb.jpg\",\"contentUrl\":\"https:\/\/noticiasemdestaque.com\/cd\/wp-content\/uploads\/2017\/06\/uepb.jpg\",\"width\":362,\"height\":271},{\"@type\":\"BreadcrumbList\",\"@id\":\"https:\/\/noticiasemdestaque.com\/cd\/?p=7729#breadcrumb\",\"itemListElement\":[{\"@type\":\"ListItem\",\"position\":1,\"name\":\"In\u00edcio\",\"item\":\"https:\/\/noticiasemdestaque.com\/cd\/\"},{\"@type\":\"ListItem\",\"position\":2,\"name\":\"Matr\u00edculas de novatos aprovados no SiSU para o per\u00edodo 2017.2 come\u00e7am nesta quinta, 1\u00ba de fevereiro\"}]},{\"@type\":\"WebSite\",\"@id\":\"https:\/\/noticiasemdestaque.com\/cd\/#website\",\"url\":\"https:\/\/noticiasemdestaque.com\/cd\/\",\"name\":\"Not&iacute;cias em Destaque\",\"description\":\"\",\"publisher\":{\"@id\":\"https:\/\/noticiasemdestaque.com\/cd\/#organization\"},\"potentialAction\":[{\"@type\":\"SearchAction\",\"target\":{\"@type\":\"EntryPoint\",\"urlTemplate\":\"https:\/\/noticiasemdestaque.com\/cd\/?s={search_term_string}\"},\"query-input\":{\"@type\":\"PropertyValueSpecification\",\"valueRequired\":true,\"valueName\":\"search_term_string\"}}],\"inLanguage\":\"pt-BR\"},{\"@type\":\"Organization\",\"@id\":\"https:\/\/noticiasemdestaque.com\/cd\/#organization\",\"name\":\"Not\u00edcias em Destaque\",\"url\":\"https:\/\/noticiasemdestaque.com\/cd\/\",\"logo\":{\"@type\":\"ImageObject\",\"inLanguage\":\"pt-BR\",\"@id\":\"https:\/\/noticiasemdestaque.com\/cd\/#\/schema\/logo\/image\/\",\"url\":\"https:\/\/noticiasemdestaque.com\/cd\/wp-content\/uploads\/2022\/05\/imagem-base-noticiasemdestaque.png\",\"contentUrl\":\"https:\/\/noticiasemdestaque.com\/cd\/wp-content\/uploads\/2022\/05\/imagem-base-noticiasemdestaque.png\",\"width\":1200,\"height\":630,\"caption\":\"Not\u00edcias em Destaque\"},\"image\":{\"@id\":\"https:\/\/noticiasemdestaque.com\/cd\/#\/schema\/logo\/image\/\"}},{\"@type\":\"Person\",\"@id\":\"https:\/\/noticiasemdestaque.com\/cd\/#\/schema\/person\/21320b03a7e8bb90128938dafc9b908a\",\"name\":\"Not\u00edcias em Destaque\",\"url\":\"https:\/\/noticiasemdestaque.com\/cd\/?author=2\"}]}<\/script>\n<!-- \/ Yoast SEO plugin. -->","yoast_head_json":{"title":"Matr\u00edculas de novatos aprovados no SiSU para o per\u00edodo 2017.2 come\u00e7am nesta quinta, 1\u00ba de fevereiro - Not&iacute;cias em Destaque","robots":{"index":"index","follow":"follow","max-snippet":"max-snippet:-1","max-image-preview":"max-image-preview:large","max-video-preview":"max-video-preview:-1"},"canonical":"https:\/\/noticiasemdestaque.com\/cd\/?p=7729","og_locale":"pt_BR","og_type":"article","og_title":"Matr\u00edculas de novatos aprovados no SiSU para o per\u00edodo 2017.2 come\u00e7am nesta quinta, 1\u00ba de fevereiro - Not&iacute;cias em Destaque","og_description":"Come\u00e7am a ser realizadas nesta quinta-feira, 1\u00ba de fevereiro, as matr\u00edculas dos estudantes novatos aprovados na chamada regular do Sistema de Sele\u00e7\u00e3o Unificada (SiSU) 2018, divulgada pelo Minist\u00e9rio da Educa\u00e7\u00e3o (MEC) para o per\u00edodo 2017.2 na Universidade Estadual da Para\u00edba (UEPB). O prazo segue at\u00e9 a pr\u00f3xima ter\u00e7a-feira (6). Os estudantes selecionados dever\u00e3o comparecer a Coordena\u00e7\u00e3o do Curso em que se inscreveu portando os seguintes documentos para a matr\u00edcula (com as respectivas c\u00f3pias autenticadas): Certificado de Conclus\u00e3o do Ensino M\u00e9dio e Hist\u00f3rico Escolar; RG; CPF; Prova de quita\u00e7\u00e3o com o Servi\u00e7o Militar (no caso de candidatos do sexo masculino); Registro de Nascimento ou Certid\u00e3o de Casamento, Prova de Quita\u00e7\u00e3o com o TRE (para maiores de 18 anos); e uma foto 3 x4 recente. A matr\u00edcula s\u00f3 ser\u00e1 permitida aos estudantes que apresentarem no ato da matr\u00edcula todos os documentos exigidos no Edital, n\u00e3o sendo permitida a complementa\u00e7\u00e3o de documentos posteriormente. Conforme o cronograma do MEC, at\u00e9 o dia 7 de fevereiro, os candidatos que n\u00e3o foram convocados na chamada regular dever\u00e3o fazer a declara\u00e7\u00e3o de interesse em participa\u00e7\u00e3o da lista de espera, que ter\u00e1 sua publica\u00e7\u00e3o realizada no dia 9 de fevereiro. No dia 14 do mesmo m\u00eas, a UEPB faz a primeira chamada desta lista de espera. As aulas do semestre letivo 2017.2 come\u00e7am no dia 19 de fevereiro. Outras informa\u00e7\u00f5es podem ser obtidas atrav\u00e9s dos telefones (83) 3315-3350 e 3315-3434. O edital completo do SiSU 2018 na UEPB pode ser conferido clicando\u00a0AQUI.","og_url":"https:\/\/noticiasemdestaque.com\/cd\/?p=7729","og_site_name":"Not&iacute;cias em Destaque","article_published_time":"2018-02-01T10:14:49+00:00","og_image":[{"width":362,"height":271,"url":"https:\/\/noticiasemdestaque.com\/cd\/wp-content\/uploads\/2017\/06\/uepb.jpg","type":"image\/jpeg"}],"author":"Not\u00edcias em Destaque","twitter_card":"summary_large_image","twitter_misc":{"Escrito por":"Not\u00edcias em Destaque","Est. tempo de leitura":"1 minuto"},"schema":{"@context":"https:\/\/schema.org","@graph":[{"@type":"Article","@id":"https:\/\/noticiasemdestaque.com\/cd\/?p=7729#article","isPartOf":{"@id":"https:\/\/noticiasemdestaque.com\/cd\/?p=7729"},"author":{"name":"Not\u00edcias em Destaque","@id":"https:\/\/noticiasemdestaque.com\/cd\/#\/schema\/person\/21320b03a7e8bb90128938dafc9b908a"},"headline":"Matr\u00edculas de novatos aprovados no SiSU para o per\u00edodo 2017.2 come\u00e7am nesta quinta, 1\u00ba de fevereiro","datePublished":"2018-02-01T10:14:49+00:00","mainEntityOfPage":{"@id":"https:\/\/noticiasemdestaque.com\/cd\/?p=7729"},"wordCount":282,"publisher":{"@id":"https:\/\/noticiasemdestaque.com\/cd\/#organization"},"image":{"@id":"https:\/\/noticiasemdestaque.com\/cd\/?p=7729#primaryimage"},"thumbnailUrl":"https:\/\/noticiasemdestaque.com\/cd\/wp-content\/uploads\/2017\/06\/uepb.jpg","articleSection":["Educa\u00e7\u00e3o"],"inLanguage":"pt-BR"},{"@type":"WebPage","@id":"https:\/\/noticiasemdestaque.com\/cd\/?p=7729","url":"https:\/\/noticiasemdestaque.com\/cd\/?p=7729","name":"Matr\u00edculas de novatos aprovados no SiSU para o per\u00edodo 2017.2 come\u00e7am nesta quinta, 1\u00ba de fevereiro - Not&iacute;cias em Destaque","isPartOf":{"@id":"https:\/\/noticiasemdestaque.com\/cd\/#website"},"primaryImageOfPage":{"@id":"https:\/\/noticiasemdestaque.com\/cd\/?p=7729#primaryimage"},"image":{"@id":"https:\/\/noticiasemdestaque.com\/cd\/?p=7729#primaryimage"},"thumbnailUrl":"https:\/\/noticiasemdestaque.com\/cd\/wp-content\/uploads\/2017\/06\/uepb.jpg","datePublished":"2018-02-01T10:14:49+00:00","breadcrumb":{"@id":"https:\/\/noticiasemdestaque.com\/cd\/?p=7729#breadcrumb"},"inLanguage":"pt-BR","potentialAction":[{"@type":"ReadAction","target":["https:\/\/noticiasemdestaque.com\/cd\/?p=7729"]}]},{"@type":"ImageObject","inLanguage":"pt-BR","@id":"https:\/\/noticiasemdestaque.com\/cd\/?p=7729#primaryimage","url":"https:\/\/noticiasemdestaque.com\/cd\/wp-content\/uploads\/2017\/06\/uepb.jpg","contentUrl":"https:\/\/noticiasemdestaque.com\/cd\/wp-content\/uploads\/2017\/06\/uepb.jpg","width":362,"height":271},{"@type":"BreadcrumbList","@id":"https:\/\/noticiasemdestaque.com\/cd\/?p=7729#breadcrumb","itemListElement":[{"@type":"ListItem","position":1,"name":"In\u00edcio","item":"https:\/\/noticiasemdestaque.com\/cd\/"},{"@type":"ListItem","position":2,"name":"Matr\u00edculas de novatos aprovados no SiSU para o per\u00edodo 2017.2 come\u00e7am nesta quinta, 1\u00ba de fevereiro"}]},{"@type":"WebSite","@id":"https:\/\/noticiasemdestaque.com\/cd\/#website","url":"https:\/\/noticiasemdestaque.com\/cd\/","name":"Not&iacute;cias em Destaque","description":"","publisher":{"@id":"https:\/\/noticiasemdestaque.com\/cd\/#organization"},"potentialAction":[{"@type":"SearchAction","target":{"@type":"EntryPoint","urlTemplate":"https:\/\/noticiasemdestaque.com\/cd\/?s={search_term_string}"},"query-input":{"@type":"PropertyValueSpecification","valueRequired":true,"valueName":"search_term_string"}}],"inLanguage":"pt-BR"},{"@type":"Organization","@id":"https:\/\/noticiasemdestaque.com\/cd\/#organization","name":"Not\u00edcias em Destaque","url":"https:\/\/noticiasemdestaque.com\/cd\/","logo":{"@type":"ImageObject","inLanguage":"pt-BR","@id":"https:\/\/noticiasemdestaque.com\/cd\/#\/schema\/logo\/image\/","url":"https:\/\/noticiasemdestaque.com\/cd\/wp-content\/uploads\/2022\/05\/imagem-base-noticiasemdestaque.png","contentUrl":"https:\/\/noticiasemdestaque.com\/cd\/wp-content\/uploads\/2022\/05\/imagem-base-noticiasemdestaque.png","width":1200,"height":630,"caption":"Not\u00edcias em Destaque"},"image":{"@id":"https:\/\/noticiasemdestaque.com\/cd\/#\/schema\/logo\/image\/"}},{"@type":"Person","@id":"https:\/\/noticiasemdestaque.com\/cd\/#\/schema\/person\/21320b03a7e8bb90128938dafc9b908a","name":"Not\u00edcias em Destaque","url":"https:\/\/noticiasemdestaque.com\/cd\/?author=2"}]}},"jetpack_featured_media_url":"https:\/\/noticiasemdestaque.com\/cd\/wp-content\/uploads\/2017\/06\/uepb.jpg","jetpack_sharing_enabled":true,"_links":{"self":[{"href":"https:\/\/noticiasemdestaque.com\/cd\/index.php?rest_route=\/wp\/v2\/posts\/7729","targetHints":{"allow":["GET"]}}],"collection":[{"href":"https:\/\/noticiasemdestaque.com\/cd\/index.php?rest_route=\/wp\/v2\/posts"}],"about":[{"href":"https:\/\/noticiasemdestaque.com\/cd\/index.php?rest_route=\/wp\/v2\/types\/post"}],"author":[{"embeddable":true,"href":"https:\/\/noticiasemdestaque.com\/cd\/index.php?rest_route=\/wp\/v2\/users\/2"}],"replies":[{"embeddable":true,"href":"https:\/\/noticiasemdestaque.com\/cd\/index.php?rest_route=%2Fwp%2Fv2%2Fcomments&post=7729"}],"version-history":[{"count":1,"href":"https:\/\/noticiasemdestaque.com\/cd\/index.php?rest_route=\/wp\/v2\/posts\/7729\/revisions"}],"predecessor-version":[{"id":7730,"href":"https:\/\/noticiasemdestaque.com\/cd\/index.php?rest_route=\/wp\/v2\/posts\/7729\/revisions\/7730"}],"wp:featuredmedia":[{"embeddable":true,"href":"https:\/\/noticiasemdestaque.com\/cd\/index.php?rest_route=\/wp\/v2\/media\/570"}],"wp:attachment":[{"href":"https:\/\/noticiasemdestaque.com\/cd\/index.php?rest_route=%2Fwp%2Fv2%2Fmedia&parent=7729"}],"wp:term":[{"taxonomy":"category","embeddable":true,"href":"https:\/\/noticiasemdestaque.com\/cd\/index.php?rest_route=%2Fwp%2Fv2%2Fcategories&post=7729"},{"taxonomy":"post_tag","embeddable":true,"href":"https:\/\/noticiasemdestaque.com\/cd\/index.php?rest_route=%2Fwp%2Fv2%2Ftags&post=7729"}],"curies":[{"name":"wp","href":"https:\/\/api.w.org\/{rel}","templated":true}]}}