{"id":7717,"date":"2018-02-01T05:59:03","date_gmt":"2018-02-01T08:59:03","guid":{"rendered":"http:\/\/caririemdestaque.com\/cd\/?p=7717"},"modified":"2018-02-01T07:19:48","modified_gmt":"2018-02-01T10:19:48","slug":"presidente-de-associacao-destaca-apoio-da-vereadora-brigida-xavier","status":"publish","type":"post","link":"https:\/\/noticiasemdestaque.com\/cd\/?p=7717","title":{"rendered":"Presidente de Associa\u00e7\u00e3o destaca apoio da vereadora Br\u00edgida Xavier"},"content":{"rendered":"<p><a href=\"http:\/\/caririemdestaque.com\/cd\/wp-content\/uploads\/2018\/01\/DSC_0132.jpg\"><img fetchpriority=\"high\" decoding=\"async\" class=\"size-medium wp-image-7718 alignleft\" src=\"http:\/\/caririemdestaque.com\/cd\/wp-content\/uploads\/2018\/01\/DSC_0132-300x200.jpg\" alt=\"\" width=\"300\" height=\"200\" srcset=\"https:\/\/noticiasemdestaque.com\/cd\/wp-content\/uploads\/2018\/01\/DSC_0132-300x200.jpg 300w, https:\/\/noticiasemdestaque.com\/cd\/wp-content\/uploads\/2018\/01\/DSC_0132-768x511.jpg 768w, https:\/\/noticiasemdestaque.com\/cd\/wp-content\/uploads\/2018\/01\/DSC_0132-480x320.jpg 480w, https:\/\/noticiasemdestaque.com\/cd\/wp-content\/uploads\/2018\/01\/DSC_0132.jpg 800w\" sizes=\"(max-width: 300px) 100vw, 300px\" \/><\/a>A comunidade rural do Assentamento Mandacaru, da Associa\u00e7\u00e3o Alvorada, zona rural de Sum\u00e9, recebeu na ter\u00e7a-feira (30\/01) alguns equipamentos agr\u00edcolas entregues pelo Projeto de Desenvolvimento Sustent\u00e1vel do Cariri, Serid\u00f3 e Curimata\u00fa (Procase).<\/p>\n<p>Na oportunidade o prefeito \u00c9den e vereadores participaram da entrega dos equipamentos.<\/p>\n<p>Durante o evento, a presidente da Associa\u00e7\u00e3o Josenilda, destacou o apoio da vereadora Br\u00edgida Xavier na reestrutura\u00e7\u00e3o da institui\u00e7\u00e3o, possibilitando a organiza\u00e7\u00e3o necess\u00e1ria para a realiza\u00e7\u00e3o do trabalho em prol da comunidade.<\/p>\n<p><em><strong>Cariri em Destaque<\/strong><\/em><\/p>\n","protected":false},"excerpt":{"rendered":"<p>A comunidade rural do Assentamento Mandacaru, da Associa\u00e7\u00e3o Alvorada, zona rural de Sum\u00e9, recebeu na ter\u00e7a-feira (30\/01) alguns equipamentos agr\u00edcolas entregues pelo Projeto de Desenvolvimento Sustent\u00e1vel do Cariri, Serid\u00f3 e Curimata\u00fa (Procase). Na oportunidade o prefeito \u00c9den e vereadores participaram da entrega dos equipamentos. Durante o evento, a presidente da Associa\u00e7\u00e3o Josenilda, destacou o apoio da vereadora Br\u00edgida Xavier na reestrutura\u00e7\u00e3o da institui\u00e7\u00e3o, possibilitando a organiza\u00e7\u00e3o necess\u00e1ria para a realiza\u00e7\u00e3o do trabalho em prol da comunidade. Cariri em Destaque<\/p>\n","protected":false},"author":2,"featured_media":7718,"comment_status":"closed","ping_status":"open","sticky":false,"template":"","format":"standard","meta":{"_eb_attr":"","_jetpack_memberships_contains_paid_content":false,"footnotes":""},"categories":[3],"tags":[],"class_list":["post-7717","post","type-post","status-publish","format-standard","has-post-thumbnail","hentry","category-cidades"],"yoast_head":"<!-- This site is optimized with the Yoast SEO plugin v26.5 - https:\/\/yoast.com\/wordpress\/plugins\/seo\/ -->\n<title>Presidente de Associa\u00e7\u00e3o destaca apoio da vereadora Br\u00edgida Xavier - Not&iacute;cias em Destaque<\/title>\n<meta name=\"robots\" content=\"index, follow, max-snippet:-1, max-image-preview:large, max-video-preview:-1\" \/>\n<link rel=\"canonical\" href=\"https:\/\/noticiasemdestaque.com\/cd\/?p=7717\" \/>\n<meta property=\"og:locale\" content=\"pt_BR\" \/>\n<meta property=\"og:type\" content=\"article\" \/>\n<meta property=\"og:title\" content=\"Presidente de Associa\u00e7\u00e3o destaca apoio da vereadora Br\u00edgida Xavier - Not&iacute;cias em Destaque\" \/>\n<meta property=\"og:description\" content=\"A comunidade rural do Assentamento Mandacaru, da Associa\u00e7\u00e3o Alvorada, zona rural de Sum\u00e9, recebeu na ter\u00e7a-feira (30\/01) alguns equipamentos agr\u00edcolas entregues pelo Projeto de Desenvolvimento Sustent\u00e1vel do Cariri, Serid\u00f3 e Curimata\u00fa (Procase). Na oportunidade o prefeito \u00c9den e vereadores participaram da entrega dos equipamentos. Durante o evento, a presidente da Associa\u00e7\u00e3o Josenilda, destacou o apoio da vereadora Br\u00edgida Xavier na reestrutura\u00e7\u00e3o da institui\u00e7\u00e3o, possibilitando a organiza\u00e7\u00e3o necess\u00e1ria para a realiza\u00e7\u00e3o do trabalho em prol da comunidade. Cariri em Destaque\" \/>\n<meta property=\"og:url\" content=\"https:\/\/noticiasemdestaque.com\/cd\/?p=7717\" \/>\n<meta property=\"og:site_name\" content=\"Not&iacute;cias em Destaque\" \/>\n<meta property=\"article:published_time\" content=\"2018-02-01T08:59:03+00:00\" \/>\n<meta property=\"article:modified_time\" content=\"2018-02-01T10:19:48+00:00\" \/>\n<meta property=\"og:image\" content=\"https:\/\/noticiasemdestaque.com\/cd\/wp-content\/uploads\/2018\/01\/DSC_0132.jpg\" \/>\n\t<meta property=\"og:image:width\" content=\"800\" \/>\n\t<meta property=\"og:image:height\" content=\"532\" \/>\n\t<meta property=\"og:image:type\" content=\"image\/jpeg\" \/>\n<meta name=\"author\" content=\"Not\u00edcias em Destaque\" \/>\n<meta name=\"twitter:card\" content=\"summary_large_image\" \/>\n<meta name=\"twitter:label1\" content=\"Escrito por\" \/>\n\t<meta name=\"twitter:data1\" content=\"Not\u00edcias em Destaque\" \/>\n<script type=\"application\/ld+json\" class=\"yoast-schema-graph\">{\"@context\":\"https:\/\/schema.org\",\"@graph\":[{\"@type\":\"Article\",\"@id\":\"https:\/\/noticiasemdestaque.com\/cd\/?p=7717#article\",\"isPartOf\":{\"@id\":\"https:\/\/noticiasemdestaque.com\/cd\/?p=7717\"},\"author\":{\"name\":\"Not\u00edcias em Destaque\",\"@id\":\"https:\/\/noticiasemdestaque.com\/cd\/#\/schema\/person\/4a81fb71f77579d059c3045891fa1786\"},\"headline\":\"Presidente de Associa\u00e7\u00e3o destaca apoio da vereadora Br\u00edgida Xavier\",\"datePublished\":\"2018-02-01T08:59:03+00:00\",\"dateModified\":\"2018-02-01T10:19:48+00:00\",\"mainEntityOfPage\":{\"@id\":\"https:\/\/noticiasemdestaque.com\/cd\/?p=7717\"},\"wordCount\":100,\"publisher\":{\"@id\":\"https:\/\/noticiasemdestaque.com\/cd\/#organization\"},\"image\":{\"@id\":\"https:\/\/noticiasemdestaque.com\/cd\/?p=7717#primaryimage\"},\"thumbnailUrl\":\"https:\/\/noticiasemdestaque.com\/cd\/wp-content\/uploads\/2018\/01\/DSC_0132.jpg\",\"articleSection\":[\"Cidades\"],\"inLanguage\":\"pt-BR\"},{\"@type\":\"WebPage\",\"@id\":\"https:\/\/noticiasemdestaque.com\/cd\/?p=7717\",\"url\":\"https:\/\/noticiasemdestaque.com\/cd\/?p=7717\",\"name\":\"Presidente de Associa\u00e7\u00e3o destaca apoio da vereadora Br\u00edgida Xavier - Not&iacute;cias em Destaque\",\"isPartOf\":{\"@id\":\"https:\/\/noticiasemdestaque.com\/cd\/#website\"},\"primaryImageOfPage\":{\"@id\":\"https:\/\/noticiasemdestaque.com\/cd\/?p=7717#primaryimage\"},\"image\":{\"@id\":\"https:\/\/noticiasemdestaque.com\/cd\/?p=7717#primaryimage\"},\"thumbnailUrl\":\"https:\/\/noticiasemdestaque.com\/cd\/wp-content\/uploads\/2018\/01\/DSC_0132.jpg\",\"datePublished\":\"2018-02-01T08:59:03+00:00\",\"dateModified\":\"2018-02-01T10:19:48+00:00\",\"breadcrumb\":{\"@id\":\"https:\/\/noticiasemdestaque.com\/cd\/?p=7717#breadcrumb\"},\"inLanguage\":\"pt-BR\",\"potentialAction\":[{\"@type\":\"ReadAction\",\"target\":[\"https:\/\/noticiasemdestaque.com\/cd\/?p=7717\"]}]},{\"@type\":\"ImageObject\",\"inLanguage\":\"pt-BR\",\"@id\":\"https:\/\/noticiasemdestaque.com\/cd\/?p=7717#primaryimage\",\"url\":\"https:\/\/noticiasemdestaque.com\/cd\/wp-content\/uploads\/2018\/01\/DSC_0132.jpg\",\"contentUrl\":\"https:\/\/noticiasemdestaque.com\/cd\/wp-content\/uploads\/2018\/01\/DSC_0132.jpg\",\"width\":800,\"height\":532},{\"@type\":\"BreadcrumbList\",\"@id\":\"https:\/\/noticiasemdestaque.com\/cd\/?p=7717#breadcrumb\",\"itemListElement\":[{\"@type\":\"ListItem\",\"position\":1,\"name\":\"In\u00edcio\",\"item\":\"https:\/\/noticiasemdestaque.com\/cd\/\"},{\"@type\":\"ListItem\",\"position\":2,\"name\":\"Presidente de Associa\u00e7\u00e3o destaca apoio da vereadora Br\u00edgida Xavier\"}]},{\"@type\":\"WebSite\",\"@id\":\"https:\/\/noticiasemdestaque.com\/cd\/#website\",\"url\":\"https:\/\/noticiasemdestaque.com\/cd\/\",\"name\":\"Not&iacute;cias em Destaque\",\"description\":\"\",\"publisher\":{\"@id\":\"https:\/\/noticiasemdestaque.com\/cd\/#organization\"},\"potentialAction\":[{\"@type\":\"SearchAction\",\"target\":{\"@type\":\"EntryPoint\",\"urlTemplate\":\"https:\/\/noticiasemdestaque.com\/cd\/?s={search_term_string}\"},\"query-input\":{\"@type\":\"PropertyValueSpecification\",\"valueRequired\":true,\"valueName\":\"search_term_string\"}}],\"inLanguage\":\"pt-BR\"},{\"@type\":\"Organization\",\"@id\":\"https:\/\/noticiasemdestaque.com\/cd\/#organization\",\"name\":\"Not\u00edcias em Destaque\",\"url\":\"https:\/\/noticiasemdestaque.com\/cd\/\",\"logo\":{\"@type\":\"ImageObject\",\"inLanguage\":\"pt-BR\",\"@id\":\"https:\/\/noticiasemdestaque.com\/cd\/#\/schema\/logo\/image\/\",\"url\":\"https:\/\/noticiasemdestaque.com\/cd\/wp-content\/uploads\/2022\/05\/imagem-base-noticiasemdestaque.png\",\"contentUrl\":\"https:\/\/noticiasemdestaque.com\/cd\/wp-content\/uploads\/2022\/05\/imagem-base-noticiasemdestaque.png\",\"width\":1200,\"height\":630,\"caption\":\"Not\u00edcias em Destaque\"},\"image\":{\"@id\":\"https:\/\/noticiasemdestaque.com\/cd\/#\/schema\/logo\/image\/\"}},{\"@type\":\"Person\",\"@id\":\"https:\/\/noticiasemdestaque.com\/cd\/#\/schema\/person\/4a81fb71f77579d059c3045891fa1786\",\"name\":\"Not\u00edcias em Destaque\",\"url\":\"https:\/\/noticiasemdestaque.com\/cd\/?author=2\"}]}<\/script>\n<!-- \/ Yoast SEO plugin. -->","yoast_head_json":{"title":"Presidente de Associa\u00e7\u00e3o destaca apoio da vereadora Br\u00edgida Xavier - Not&iacute;cias em Destaque","robots":{"index":"index","follow":"follow","max-snippet":"max-snippet:-1","max-image-preview":"max-image-preview:large","max-video-preview":"max-video-preview:-1"},"canonical":"https:\/\/noticiasemdestaque.com\/cd\/?p=7717","og_locale":"pt_BR","og_type":"article","og_title":"Presidente de Associa\u00e7\u00e3o destaca apoio da vereadora Br\u00edgida Xavier - Not&iacute;cias em Destaque","og_description":"A comunidade rural do Assentamento Mandacaru, da Associa\u00e7\u00e3o Alvorada, zona rural de Sum\u00e9, recebeu na ter\u00e7a-feira (30\/01) alguns equipamentos agr\u00edcolas entregues pelo Projeto de Desenvolvimento Sustent\u00e1vel do Cariri, Serid\u00f3 e Curimata\u00fa (Procase). Na oportunidade o prefeito \u00c9den e vereadores participaram da entrega dos equipamentos. Durante o evento, a presidente da Associa\u00e7\u00e3o Josenilda, destacou o apoio da vereadora Br\u00edgida Xavier na reestrutura\u00e7\u00e3o da institui\u00e7\u00e3o, possibilitando a organiza\u00e7\u00e3o necess\u00e1ria para a realiza\u00e7\u00e3o do trabalho em prol da comunidade. Cariri em Destaque","og_url":"https:\/\/noticiasemdestaque.com\/cd\/?p=7717","og_site_name":"Not&iacute;cias em Destaque","article_published_time":"2018-02-01T08:59:03+00:00","article_modified_time":"2018-02-01T10:19:48+00:00","og_image":[{"width":800,"height":532,"url":"https:\/\/noticiasemdestaque.com\/cd\/wp-content\/uploads\/2018\/01\/DSC_0132.jpg","type":"image\/jpeg"}],"author":"Not\u00edcias em Destaque","twitter_card":"summary_large_image","twitter_misc":{"Escrito por":"Not\u00edcias em Destaque"},"schema":{"@context":"https:\/\/schema.org","@graph":[{"@type":"Article","@id":"https:\/\/noticiasemdestaque.com\/cd\/?p=7717#article","isPartOf":{"@id":"https:\/\/noticiasemdestaque.com\/cd\/?p=7717"},"author":{"name":"Not\u00edcias em Destaque","@id":"https:\/\/noticiasemdestaque.com\/cd\/#\/schema\/person\/4a81fb71f77579d059c3045891fa1786"},"headline":"Presidente de Associa\u00e7\u00e3o destaca apoio da vereadora Br\u00edgida Xavier","datePublished":"2018-02-01T08:59:03+00:00","dateModified":"2018-02-01T10:19:48+00:00","mainEntityOfPage":{"@id":"https:\/\/noticiasemdestaque.com\/cd\/?p=7717"},"wordCount":100,"publisher":{"@id":"https:\/\/noticiasemdestaque.com\/cd\/#organization"},"image":{"@id":"https:\/\/noticiasemdestaque.com\/cd\/?p=7717#primaryimage"},"thumbnailUrl":"https:\/\/noticiasemdestaque.com\/cd\/wp-content\/uploads\/2018\/01\/DSC_0132.jpg","articleSection":["Cidades"],"inLanguage":"pt-BR"},{"@type":"WebPage","@id":"https:\/\/noticiasemdestaque.com\/cd\/?p=7717","url":"https:\/\/noticiasemdestaque.com\/cd\/?p=7717","name":"Presidente de Associa\u00e7\u00e3o destaca apoio da vereadora Br\u00edgida Xavier - Not&iacute;cias em Destaque","isPartOf":{"@id":"https:\/\/noticiasemdestaque.com\/cd\/#website"},"primaryImageOfPage":{"@id":"https:\/\/noticiasemdestaque.com\/cd\/?p=7717#primaryimage"},"image":{"@id":"https:\/\/noticiasemdestaque.com\/cd\/?p=7717#primaryimage"},"thumbnailUrl":"https:\/\/noticiasemdestaque.com\/cd\/wp-content\/uploads\/2018\/01\/DSC_0132.jpg","datePublished":"2018-02-01T08:59:03+00:00","dateModified":"2018-02-01T10:19:48+00:00","breadcrumb":{"@id":"https:\/\/noticiasemdestaque.com\/cd\/?p=7717#breadcrumb"},"inLanguage":"pt-BR","potentialAction":[{"@type":"ReadAction","target":["https:\/\/noticiasemdestaque.com\/cd\/?p=7717"]}]},{"@type":"ImageObject","inLanguage":"pt-BR","@id":"https:\/\/noticiasemdestaque.com\/cd\/?p=7717#primaryimage","url":"https:\/\/noticiasemdestaque.com\/cd\/wp-content\/uploads\/2018\/01\/DSC_0132.jpg","contentUrl":"https:\/\/noticiasemdestaque.com\/cd\/wp-content\/uploads\/2018\/01\/DSC_0132.jpg","width":800,"height":532},{"@type":"BreadcrumbList","@id":"https:\/\/noticiasemdestaque.com\/cd\/?p=7717#breadcrumb","itemListElement":[{"@type":"ListItem","position":1,"name":"In\u00edcio","item":"https:\/\/noticiasemdestaque.com\/cd\/"},{"@type":"ListItem","position":2,"name":"Presidente de Associa\u00e7\u00e3o destaca apoio da vereadora Br\u00edgida Xavier"}]},{"@type":"WebSite","@id":"https:\/\/noticiasemdestaque.com\/cd\/#website","url":"https:\/\/noticiasemdestaque.com\/cd\/","name":"Not&iacute;cias em Destaque","description":"","publisher":{"@id":"https:\/\/noticiasemdestaque.com\/cd\/#organization"},"potentialAction":[{"@type":"SearchAction","target":{"@type":"EntryPoint","urlTemplate":"https:\/\/noticiasemdestaque.com\/cd\/?s={search_term_string}"},"query-input":{"@type":"PropertyValueSpecification","valueRequired":true,"valueName":"search_term_string"}}],"inLanguage":"pt-BR"},{"@type":"Organization","@id":"https:\/\/noticiasemdestaque.com\/cd\/#organization","name":"Not\u00edcias em Destaque","url":"https:\/\/noticiasemdestaque.com\/cd\/","logo":{"@type":"ImageObject","inLanguage":"pt-BR","@id":"https:\/\/noticiasemdestaque.com\/cd\/#\/schema\/logo\/image\/","url":"https:\/\/noticiasemdestaque.com\/cd\/wp-content\/uploads\/2022\/05\/imagem-base-noticiasemdestaque.png","contentUrl":"https:\/\/noticiasemdestaque.com\/cd\/wp-content\/uploads\/2022\/05\/imagem-base-noticiasemdestaque.png","width":1200,"height":630,"caption":"Not\u00edcias em Destaque"},"image":{"@id":"https:\/\/noticiasemdestaque.com\/cd\/#\/schema\/logo\/image\/"}},{"@type":"Person","@id":"https:\/\/noticiasemdestaque.com\/cd\/#\/schema\/person\/4a81fb71f77579d059c3045891fa1786","name":"Not\u00edcias em Destaque","url":"https:\/\/noticiasemdestaque.com\/cd\/?author=2"}]}},"jetpack_featured_media_url":"https:\/\/noticiasemdestaque.com\/cd\/wp-content\/uploads\/2018\/01\/DSC_0132.jpg","jetpack_sharing_enabled":true,"_links":{"self":[{"href":"https:\/\/noticiasemdestaque.com\/cd\/index.php?rest_route=\/wp\/v2\/posts\/7717","targetHints":{"allow":["GET"]}}],"collection":[{"href":"https:\/\/noticiasemdestaque.com\/cd\/index.php?rest_route=\/wp\/v2\/posts"}],"about":[{"href":"https:\/\/noticiasemdestaque.com\/cd\/index.php?rest_route=\/wp\/v2\/types\/post"}],"author":[{"embeddable":true,"href":"https:\/\/noticiasemdestaque.com\/cd\/index.php?rest_route=\/wp\/v2\/users\/2"}],"replies":[{"embeddable":true,"href":"https:\/\/noticiasemdestaque.com\/cd\/index.php?rest_route=%2Fwp%2Fv2%2Fcomments&post=7717"}],"version-history":[{"count":3,"href":"https:\/\/noticiasemdestaque.com\/cd\/index.php?rest_route=\/wp\/v2\/posts\/7717\/revisions"}],"predecessor-version":[{"id":7721,"href":"https:\/\/noticiasemdestaque.com\/cd\/index.php?rest_route=\/wp\/v2\/posts\/7717\/revisions\/7721"}],"wp:featuredmedia":[{"embeddable":true,"href":"https:\/\/noticiasemdestaque.com\/cd\/index.php?rest_route=\/wp\/v2\/media\/7718"}],"wp:attachment":[{"href":"https:\/\/noticiasemdestaque.com\/cd\/index.php?rest_route=%2Fwp%2Fv2%2Fmedia&parent=7717"}],"wp:term":[{"taxonomy":"category","embeddable":true,"href":"https:\/\/noticiasemdestaque.com\/cd\/index.php?rest_route=%2Fwp%2Fv2%2Fcategories&post=7717"},{"taxonomy":"post_tag","embeddable":true,"href":"https:\/\/noticiasemdestaque.com\/cd\/index.php?rest_route=%2Fwp%2Fv2%2Ftags&post=7717"}],"curies":[{"name":"wp","href":"https:\/\/api.w.org\/{rel}","templated":true}]}}