{"id":77156,"date":"2026-03-17T10:57:26","date_gmt":"2026-03-17T13:57:26","guid":{"rendered":"https:\/\/noticiasemdestaque.com\/cd\/?p=77156"},"modified":"2026-03-17T10:57:26","modified_gmt":"2026-03-17T13:57:26","slug":"anna-lorena-articula-nova-alianca-politica-e-fecha-parceria-com-deputado-federal-agnaldo-ribeiro","status":"publish","type":"post","link":"https:\/\/noticiasemdestaque.com\/cd\/?p=77156","title":{"rendered":"Anna Lorena articula nova alian\u00e7a pol\u00edtica e fecha parceria com deputado federal Agnaldo Ribeiro"},"content":{"rendered":"<p data-start=\"113\" data-end=\"509\"><a href=\"https:\/\/noticiasemdestaque.com\/cd\/wp-content\/uploads\/2026\/03\/file_00000000ab6471f5beeae1a2866e42a3.png\"><img fetchpriority=\"high\" decoding=\"async\" class=\" wp-image-77157 aligncenter\" src=\"https:\/\/noticiasemdestaque.com\/cd\/wp-content\/uploads\/2026\/03\/file_00000000ab6471f5beeae1a2866e42a3-300x200.png\" alt=\"\" width=\"821\" height=\"547\" srcset=\"https:\/\/noticiasemdestaque.com\/cd\/wp-content\/uploads\/2026\/03\/file_00000000ab6471f5beeae1a2866e42a3-300x200.png 300w, https:\/\/noticiasemdestaque.com\/cd\/wp-content\/uploads\/2026\/03\/file_00000000ab6471f5beeae1a2866e42a3-1024x683.png 1024w, https:\/\/noticiasemdestaque.com\/cd\/wp-content\/uploads\/2026\/03\/file_00000000ab6471f5beeae1a2866e42a3-768x512.png 768w, https:\/\/noticiasemdestaque.com\/cd\/wp-content\/uploads\/2026\/03\/file_00000000ab6471f5beeae1a2866e42a3.png 1536w\" sizes=\"(max-width: 821px) 100vw, 821px\" \/><\/a><\/p>\n<p data-start=\"113\" data-end=\"509\">Uma nova movimenta\u00e7\u00e3o pol\u00edtica promete mexer no cen\u00e1rio eleitoral do Cariri paraibano. O portal obteve com exclusividade a informa\u00e7\u00e3o de que a ex-prefeita de\u00a0<strong data-start=\"271\" data-end=\"312\"><span class=\"hover:entity-accent entity-underline inline cursor-pointer align-baseline\"><span class=\"whitespace-normal\">Monteiro<\/span><\/span><\/strong>,\u00a0<strong data-start=\"314\" data-end=\"355\"><span class=\"hover:entity-accent entity-underline inline cursor-pointer align-baseline\"><span class=\"whitespace-normal\">Anna Lorena<\/span><\/span><\/strong>, que se coloca como\u00a0<strong data-start=\"376\" data-end=\"413\">pr\u00e9-candidata a deputada estadual<\/strong>, fechou uma parceria pol\u00edtica com o deputado federal\u00a0<strong data-start=\"467\" data-end=\"508\"><span class=\"hover:entity-accent entity-underline inline cursor-pointer align-baseline\"><span class=\"whitespace-normal\">Agnaldo Ribeiro<\/span><\/span><\/strong>.<\/p>\n<p data-start=\"511\" data-end=\"883\">De acordo com apura\u00e7\u00e3o do portal, a articula\u00e7\u00e3o pol\u00edtica em Monteiro deve levar um importante grupo de lideran\u00e7as locais a declarar apoio ao parlamentar. Entre os nomes que devem acompanhar a ex-prefeita est\u00e3o os vereadores\u00a0<strong data-start=\"735\" data-end=\"751\">Paulo S\u00e9rgio<\/strong>,\u00a0<strong data-start=\"753\" data-end=\"773\">Beto de Apol\u00f4nio<\/strong>\u00a0e\u00a0<strong data-start=\"776\" data-end=\"794\">Rafael N\u00f3brega<\/strong>, al\u00e9m dos suplentes\u00a0<strong data-start=\"815\" data-end=\"825\">Sandro<\/strong>,\u00a0<strong data-start=\"827\" data-end=\"836\">Piuta<\/strong>,\u00a0<strong data-start=\"838\" data-end=\"854\">Lander, Sim\u00e3o<\/strong>\u00a0e\u00a0<strong data-start=\"857\" data-end=\"882\">Wanderley da Melancia<\/strong>.<\/p>\n<p data-start=\"885\" data-end=\"1073\">O an\u00fancio oficial da alian\u00e7a deve ocorrer nos pr\u00f3ximos dias, durante um evento pol\u00edtico previsto para acontecer em\u00a0<strong data-start=\"1000\" data-end=\"1041\"><span class=\"hover:entity-accent entity-underline inline cursor-pointer align-baseline\"><span class=\"whitespace-normal\">Campina Grande<\/span><\/span><\/strong>, reunindo lideran\u00e7as da regi\u00e3o.<\/p>\n<p data-start=\"1075\" data-end=\"1486\">A nova composi\u00e7\u00e3o pol\u00edtica acontece ap\u00f3s mudan\u00e7as no cen\u00e1rio estadual. O grupo liderado por Anna Lorena havia anunciado anteriormente apoio ao m\u00e9dico\u00a0<strong data-start=\"1225\" data-end=\"1266\"><span class=\"hover:entity-accent entity-underline inline cursor-pointer align-baseline\"><span class=\"whitespace-normal\">Jhony Bezerra<\/span><\/span><\/strong>, mas o rompimento do m\u00e9dico com o grupo pol\u00edtico do governador\u00a0<strong data-start=\"1330\" data-end=\"1371\"><span class=\"hover:entity-accent entity-underline inline cursor-pointer align-baseline\"><span class=\"whitespace-normal\">Jo\u00e3o Azev\u00eado<\/span><\/span><\/strong>\u00a0e do vice-governador\u00a0<strong data-start=\"1393\" data-end=\"1434\"><span class=\"hover:entity-accent entity-underline inline cursor-pointer align-baseline\"><span class=\"whitespace-normal\">Lucas Ribeiro<\/span><\/span><\/strong>\u00a0abriu espa\u00e7o para a constru\u00e7\u00e3o de uma nova alian\u00e7a.<\/p>\n<p data-start=\"1488\" data-end=\"1781\">Com a mudan\u00e7a de posicionamento, Jhony Bezerra deve integrar o campo da oposi\u00e7\u00e3o no estado, alinhando-se ao projeto pol\u00edtico do prefeito de\u00a0<strong data-start=\"1628\" data-end=\"1669\"><span class=\"hover:entity-accent entity-underline inline cursor-pointer align-baseline\"><span class=\"whitespace-normal\">Jo\u00e3o Pessoa<\/span><\/span><\/strong>,\u00a0<strong data-start=\"1671\" data-end=\"1712\"><span class=\"hover:entity-accent entity-underline inline cursor-pointer align-baseline\"><span class=\"whitespace-normal\">C\u00edcero Lucena<\/span><\/span><\/strong>, que desponta como principal nome na disputa pelo Governo da Para\u00edba pela oposi\u00e7\u00e3o.<\/p>\n<p data-start=\"1783\" data-end=\"2054\" data-is-last-node=\"\" data-is-only-node=\"\">Nos bastidores, a parceria entre Anna Lorena e Agnaldo Ribeiro \u00e9 vista como uma\u00a0<strong data-start=\"1863\" data-end=\"1961\">movimenta\u00e7\u00e3o estrat\u00e9gica que pode redesenhar o mapa pol\u00edtico de Monteiro e do Cariri paraibano<\/strong>, fortalecendo palanques e ampliando a disputa por espa\u00e7os nas elei\u00e7\u00f5es estaduais e federais.<\/p>\n<p data-start=\"1783\" data-end=\"2054\" data-is-last-node=\"\" data-is-only-node=\"\"><strong>Noticias em Destaque<\/strong><\/p>\n<p style=\"text-align: right;\" data-start=\"1783\" data-end=\"2054\" data-is-last-node=\"\" data-is-only-node=\"\"><em>Fonte: O Pipoco<\/em><\/p>\n","protected":false},"excerpt":{"rendered":"<p>Uma nova movimenta\u00e7\u00e3o pol\u00edtica promete mexer no cen\u00e1rio eleitoral do Cariri paraibano. O portal obteve com exclusividade a informa\u00e7\u00e3o de que a ex-prefeita de\u00a0Monteiro,\u00a0Anna Lorena, que se coloca como\u00a0pr\u00e9-candidata a deputada estadual, fechou uma parceria pol\u00edtica com o deputado federal\u00a0Agnaldo Ribeiro. De acordo com apura\u00e7\u00e3o do portal, a articula\u00e7\u00e3o pol\u00edtica em Monteiro deve levar um importante grupo de lideran\u00e7as locais a declarar apoio ao parlamentar. Entre os nomes que devem acompanhar a ex-prefeita est\u00e3o os vereadores\u00a0Paulo S\u00e9rgio,\u00a0Beto de Apol\u00f4nio\u00a0e\u00a0Rafael N\u00f3brega, al\u00e9m dos suplentes\u00a0Sandro,\u00a0Piuta,\u00a0Lander, Sim\u00e3o\u00a0e\u00a0Wanderley da Melancia. O an\u00fancio oficial da alian\u00e7a deve ocorrer nos pr\u00f3ximos dias, durante um evento pol\u00edtico previsto para acontecer em\u00a0Campina Grande, reunindo lideran\u00e7as da regi\u00e3o. A nova composi\u00e7\u00e3o pol\u00edtica acontece ap\u00f3s mudan\u00e7as no cen\u00e1rio estadual. O grupo liderado por Anna Lorena havia anunciado anteriormente apoio ao m\u00e9dico\u00a0Jhony Bezerra, mas o rompimento do m\u00e9dico com o grupo pol\u00edtico do governador\u00a0Jo\u00e3o Azev\u00eado\u00a0e do vice-governador\u00a0Lucas Ribeiro\u00a0abriu espa\u00e7o para a constru\u00e7\u00e3o de uma nova alian\u00e7a. Com a mudan\u00e7a de posicionamento, Jhony Bezerra deve integrar o campo da oposi\u00e7\u00e3o no estado, alinhando-se ao projeto pol\u00edtico do prefeito de\u00a0Jo\u00e3o Pessoa,\u00a0C\u00edcero Lucena, que desponta como principal nome na disputa pelo Governo da Para\u00edba pela oposi\u00e7\u00e3o. Nos bastidores, a parceria entre Anna Lorena e Agnaldo Ribeiro \u00e9 vista como uma\u00a0movimenta\u00e7\u00e3o estrat\u00e9gica que pode redesenhar o mapa pol\u00edtico de Monteiro e do Cariri paraibano, fortalecendo palanques e ampliando a disputa por espa\u00e7os nas elei\u00e7\u00f5es estaduais e federais. Noticias em Destaque Fonte: O Pipoco<\/p>\n","protected":false},"author":2,"featured_media":77157,"comment_status":"closed","ping_status":"closed","sticky":false,"template":"","format":"standard","meta":{"_eb_attr":"","_jetpack_memberships_contains_paid_content":false,"footnotes":""},"categories":[4],"tags":[],"class_list":["post-77156","post","type-post","status-publish","format-standard","has-post-thumbnail","hentry","category-politica"],"yoast_head":"<!-- This site is optimized with the Yoast SEO plugin v26.5 - https:\/\/yoast.com\/wordpress\/plugins\/seo\/ -->\n<title>Anna Lorena articula nova alian\u00e7a pol\u00edtica e fecha parceria com deputado federal Agnaldo Ribeiro - Not&iacute;cias em Destaque<\/title>\n<meta name=\"robots\" content=\"index, follow, max-snippet:-1, max-image-preview:large, max-video-preview:-1\" \/>\n<link rel=\"canonical\" href=\"https:\/\/noticiasemdestaque.com\/cd\/?p=77156\" \/>\n<meta property=\"og:locale\" content=\"pt_BR\" \/>\n<meta property=\"og:type\" content=\"article\" \/>\n<meta property=\"og:title\" content=\"Anna Lorena articula nova alian\u00e7a pol\u00edtica e fecha parceria com deputado federal Agnaldo Ribeiro - Not&iacute;cias em Destaque\" \/>\n<meta property=\"og:description\" content=\"Uma nova movimenta\u00e7\u00e3o pol\u00edtica promete mexer no cen\u00e1rio eleitoral do Cariri paraibano. O portal obteve com exclusividade a informa\u00e7\u00e3o de que a ex-prefeita de\u00a0Monteiro,\u00a0Anna Lorena, que se coloca como\u00a0pr\u00e9-candidata a deputada estadual, fechou uma parceria pol\u00edtica com o deputado federal\u00a0Agnaldo Ribeiro. De acordo com apura\u00e7\u00e3o do portal, a articula\u00e7\u00e3o pol\u00edtica em Monteiro deve levar um importante grupo de lideran\u00e7as locais a declarar apoio ao parlamentar. Entre os nomes que devem acompanhar a ex-prefeita est\u00e3o os vereadores\u00a0Paulo S\u00e9rgio,\u00a0Beto de Apol\u00f4nio\u00a0e\u00a0Rafael N\u00f3brega, al\u00e9m dos suplentes\u00a0Sandro,\u00a0Piuta,\u00a0Lander, Sim\u00e3o\u00a0e\u00a0Wanderley da Melancia. O an\u00fancio oficial da alian\u00e7a deve ocorrer nos pr\u00f3ximos dias, durante um evento pol\u00edtico previsto para acontecer em\u00a0Campina Grande, reunindo lideran\u00e7as da regi\u00e3o. A nova composi\u00e7\u00e3o pol\u00edtica acontece ap\u00f3s mudan\u00e7as no cen\u00e1rio estadual. O grupo liderado por Anna Lorena havia anunciado anteriormente apoio ao m\u00e9dico\u00a0Jhony Bezerra, mas o rompimento do m\u00e9dico com o grupo pol\u00edtico do governador\u00a0Jo\u00e3o Azev\u00eado\u00a0e do vice-governador\u00a0Lucas Ribeiro\u00a0abriu espa\u00e7o para a constru\u00e7\u00e3o de uma nova alian\u00e7a. Com a mudan\u00e7a de posicionamento, Jhony Bezerra deve integrar o campo da oposi\u00e7\u00e3o no estado, alinhando-se ao projeto pol\u00edtico do prefeito de\u00a0Jo\u00e3o Pessoa,\u00a0C\u00edcero Lucena, que desponta como principal nome na disputa pelo Governo da Para\u00edba pela oposi\u00e7\u00e3o. Nos bastidores, a parceria entre Anna Lorena e Agnaldo Ribeiro \u00e9 vista como uma\u00a0movimenta\u00e7\u00e3o estrat\u00e9gica que pode redesenhar o mapa pol\u00edtico de Monteiro e do Cariri paraibano, fortalecendo palanques e ampliando a disputa por espa\u00e7os nas elei\u00e7\u00f5es estaduais e federais. Noticias em Destaque Fonte: O Pipoco\" \/>\n<meta property=\"og:url\" content=\"https:\/\/noticiasemdestaque.com\/cd\/?p=77156\" \/>\n<meta property=\"og:site_name\" content=\"Not&iacute;cias em Destaque\" \/>\n<meta property=\"article:published_time\" content=\"2026-03-17T13:57:26+00:00\" \/>\n<meta property=\"og:image\" content=\"https:\/\/noticiasemdestaque.com\/cd\/wp-content\/uploads\/2026\/03\/file_00000000ab6471f5beeae1a2866e42a3.png\" \/>\n\t<meta property=\"og:image:width\" content=\"1536\" \/>\n\t<meta property=\"og:image:height\" content=\"1024\" \/>\n\t<meta property=\"og:image:type\" content=\"image\/png\" \/>\n<meta name=\"author\" content=\"Not\u00edcias em Destaque\" \/>\n<meta name=\"twitter:card\" content=\"summary_large_image\" \/>\n<meta name=\"twitter:label1\" content=\"Escrito por\" \/>\n\t<meta name=\"twitter:data1\" content=\"Not\u00edcias em Destaque\" \/>\n\t<meta name=\"twitter:label2\" content=\"Est. tempo de leitura\" \/>\n\t<meta name=\"twitter:data2\" content=\"2 minutos\" \/>\n<script type=\"application\/ld+json\" class=\"yoast-schema-graph\">{\"@context\":\"https:\/\/schema.org\",\"@graph\":[{\"@type\":\"Article\",\"@id\":\"https:\/\/noticiasemdestaque.com\/cd\/?p=77156#article\",\"isPartOf\":{\"@id\":\"https:\/\/noticiasemdestaque.com\/cd\/?p=77156\"},\"author\":{\"name\":\"Not\u00edcias em Destaque\",\"@id\":\"https:\/\/noticiasemdestaque.com\/cd\/#\/schema\/person\/3e6ba396ff5664a69c392f09a8e1504c\"},\"headline\":\"Anna Lorena articula nova alian\u00e7a pol\u00edtica e fecha parceria com deputado federal Agnaldo Ribeiro\",\"datePublished\":\"2026-03-17T13:57:26+00:00\",\"mainEntityOfPage\":{\"@id\":\"https:\/\/noticiasemdestaque.com\/cd\/?p=77156\"},\"wordCount\":322,\"publisher\":{\"@id\":\"https:\/\/noticiasemdestaque.com\/cd\/#organization\"},\"image\":{\"@id\":\"https:\/\/noticiasemdestaque.com\/cd\/?p=77156#primaryimage\"},\"thumbnailUrl\":\"https:\/\/noticiasemdestaque.com\/cd\/wp-content\/uploads\/2026\/03\/file_00000000ab6471f5beeae1a2866e42a3.png\",\"articleSection\":[\"Pol\u00edtica\"],\"inLanguage\":\"pt-BR\"},{\"@type\":\"WebPage\",\"@id\":\"https:\/\/noticiasemdestaque.com\/cd\/?p=77156\",\"url\":\"https:\/\/noticiasemdestaque.com\/cd\/?p=77156\",\"name\":\"Anna Lorena articula nova alian\u00e7a pol\u00edtica e fecha parceria com deputado federal Agnaldo Ribeiro - Not&iacute;cias em Destaque\",\"isPartOf\":{\"@id\":\"https:\/\/noticiasemdestaque.com\/cd\/#website\"},\"primaryImageOfPage\":{\"@id\":\"https:\/\/noticiasemdestaque.com\/cd\/?p=77156#primaryimage\"},\"image\":{\"@id\":\"https:\/\/noticiasemdestaque.com\/cd\/?p=77156#primaryimage\"},\"thumbnailUrl\":\"https:\/\/noticiasemdestaque.com\/cd\/wp-content\/uploads\/2026\/03\/file_00000000ab6471f5beeae1a2866e42a3.png\",\"datePublished\":\"2026-03-17T13:57:26+00:00\",\"breadcrumb\":{\"@id\":\"https:\/\/noticiasemdestaque.com\/cd\/?p=77156#breadcrumb\"},\"inLanguage\":\"pt-BR\",\"potentialAction\":[{\"@type\":\"ReadAction\",\"target\":[\"https:\/\/noticiasemdestaque.com\/cd\/?p=77156\"]}]},{\"@type\":\"ImageObject\",\"inLanguage\":\"pt-BR\",\"@id\":\"https:\/\/noticiasemdestaque.com\/cd\/?p=77156#primaryimage\",\"url\":\"https:\/\/noticiasemdestaque.com\/cd\/wp-content\/uploads\/2026\/03\/file_00000000ab6471f5beeae1a2866e42a3.png\",\"contentUrl\":\"https:\/\/noticiasemdestaque.com\/cd\/wp-content\/uploads\/2026\/03\/file_00000000ab6471f5beeae1a2866e42a3.png\",\"width\":1536,\"height\":1024},{\"@type\":\"BreadcrumbList\",\"@id\":\"https:\/\/noticiasemdestaque.com\/cd\/?p=77156#breadcrumb\",\"itemListElement\":[{\"@type\":\"ListItem\",\"position\":1,\"name\":\"In\u00edcio\",\"item\":\"https:\/\/noticiasemdestaque.com\/cd\/\"},{\"@type\":\"ListItem\",\"position\":2,\"name\":\"Anna Lorena articula nova alian\u00e7a pol\u00edtica e fecha parceria com deputado federal Agnaldo Ribeiro\"}]},{\"@type\":\"WebSite\",\"@id\":\"https:\/\/noticiasemdestaque.com\/cd\/#website\",\"url\":\"https:\/\/noticiasemdestaque.com\/cd\/\",\"name\":\"Not&iacute;cias em Destaque\",\"description\":\"\",\"publisher\":{\"@id\":\"https:\/\/noticiasemdestaque.com\/cd\/#organization\"},\"potentialAction\":[{\"@type\":\"SearchAction\",\"target\":{\"@type\":\"EntryPoint\",\"urlTemplate\":\"https:\/\/noticiasemdestaque.com\/cd\/?s={search_term_string}\"},\"query-input\":{\"@type\":\"PropertyValueSpecification\",\"valueRequired\":true,\"valueName\":\"search_term_string\"}}],\"inLanguage\":\"pt-BR\"},{\"@type\":\"Organization\",\"@id\":\"https:\/\/noticiasemdestaque.com\/cd\/#organization\",\"name\":\"Not\u00edcias em Destaque\",\"url\":\"https:\/\/noticiasemdestaque.com\/cd\/\",\"logo\":{\"@type\":\"ImageObject\",\"inLanguage\":\"pt-BR\",\"@id\":\"https:\/\/noticiasemdestaque.com\/cd\/#\/schema\/logo\/image\/\",\"url\":\"https:\/\/noticiasemdestaque.com\/cd\/wp-content\/uploads\/2022\/05\/imagem-base-noticiasemdestaque.png\",\"contentUrl\":\"https:\/\/noticiasemdestaque.com\/cd\/wp-content\/uploads\/2022\/05\/imagem-base-noticiasemdestaque.png\",\"width\":1200,\"height\":630,\"caption\":\"Not\u00edcias em Destaque\"},\"image\":{\"@id\":\"https:\/\/noticiasemdestaque.com\/cd\/#\/schema\/logo\/image\/\"}},{\"@type\":\"Person\",\"@id\":\"https:\/\/noticiasemdestaque.com\/cd\/#\/schema\/person\/3e6ba396ff5664a69c392f09a8e1504c\",\"name\":\"Not\u00edcias em Destaque\",\"url\":\"https:\/\/noticiasemdestaque.com\/cd\/?author=2\"}]}<\/script>\n<!-- \/ Yoast SEO plugin. -->","yoast_head_json":{"title":"Anna Lorena articula nova alian\u00e7a pol\u00edtica e fecha parceria com deputado federal Agnaldo Ribeiro - Not&iacute;cias em Destaque","robots":{"index":"index","follow":"follow","max-snippet":"max-snippet:-1","max-image-preview":"max-image-preview:large","max-video-preview":"max-video-preview:-1"},"canonical":"https:\/\/noticiasemdestaque.com\/cd\/?p=77156","og_locale":"pt_BR","og_type":"article","og_title":"Anna Lorena articula nova alian\u00e7a pol\u00edtica e fecha parceria com deputado federal Agnaldo Ribeiro - Not&iacute;cias em Destaque","og_description":"Uma nova movimenta\u00e7\u00e3o pol\u00edtica promete mexer no cen\u00e1rio eleitoral do Cariri paraibano. O portal obteve com exclusividade a informa\u00e7\u00e3o de que a ex-prefeita de\u00a0Monteiro,\u00a0Anna Lorena, que se coloca como\u00a0pr\u00e9-candidata a deputada estadual, fechou uma parceria pol\u00edtica com o deputado federal\u00a0Agnaldo Ribeiro. De acordo com apura\u00e7\u00e3o do portal, a articula\u00e7\u00e3o pol\u00edtica em Monteiro deve levar um importante grupo de lideran\u00e7as locais a declarar apoio ao parlamentar. Entre os nomes que devem acompanhar a ex-prefeita est\u00e3o os vereadores\u00a0Paulo S\u00e9rgio,\u00a0Beto de Apol\u00f4nio\u00a0e\u00a0Rafael N\u00f3brega, al\u00e9m dos suplentes\u00a0Sandro,\u00a0Piuta,\u00a0Lander, Sim\u00e3o\u00a0e\u00a0Wanderley da Melancia. O an\u00fancio oficial da alian\u00e7a deve ocorrer nos pr\u00f3ximos dias, durante um evento pol\u00edtico previsto para acontecer em\u00a0Campina Grande, reunindo lideran\u00e7as da regi\u00e3o. A nova composi\u00e7\u00e3o pol\u00edtica acontece ap\u00f3s mudan\u00e7as no cen\u00e1rio estadual. O grupo liderado por Anna Lorena havia anunciado anteriormente apoio ao m\u00e9dico\u00a0Jhony Bezerra, mas o rompimento do m\u00e9dico com o grupo pol\u00edtico do governador\u00a0Jo\u00e3o Azev\u00eado\u00a0e do vice-governador\u00a0Lucas Ribeiro\u00a0abriu espa\u00e7o para a constru\u00e7\u00e3o de uma nova alian\u00e7a. Com a mudan\u00e7a de posicionamento, Jhony Bezerra deve integrar o campo da oposi\u00e7\u00e3o no estado, alinhando-se ao projeto pol\u00edtico do prefeito de\u00a0Jo\u00e3o Pessoa,\u00a0C\u00edcero Lucena, que desponta como principal nome na disputa pelo Governo da Para\u00edba pela oposi\u00e7\u00e3o. Nos bastidores, a parceria entre Anna Lorena e Agnaldo Ribeiro \u00e9 vista como uma\u00a0movimenta\u00e7\u00e3o estrat\u00e9gica que pode redesenhar o mapa pol\u00edtico de Monteiro e do Cariri paraibano, fortalecendo palanques e ampliando a disputa por espa\u00e7os nas elei\u00e7\u00f5es estaduais e federais. Noticias em Destaque Fonte: O Pipoco","og_url":"https:\/\/noticiasemdestaque.com\/cd\/?p=77156","og_site_name":"Not&iacute;cias em Destaque","article_published_time":"2026-03-17T13:57:26+00:00","og_image":[{"width":1536,"height":1024,"url":"https:\/\/noticiasemdestaque.com\/cd\/wp-content\/uploads\/2026\/03\/file_00000000ab6471f5beeae1a2866e42a3.png","type":"image\/png"}],"author":"Not\u00edcias em Destaque","twitter_card":"summary_large_image","twitter_misc":{"Escrito por":"Not\u00edcias em Destaque","Est. tempo de leitura":"2 minutos"},"schema":{"@context":"https:\/\/schema.org","@graph":[{"@type":"Article","@id":"https:\/\/noticiasemdestaque.com\/cd\/?p=77156#article","isPartOf":{"@id":"https:\/\/noticiasemdestaque.com\/cd\/?p=77156"},"author":{"name":"Not\u00edcias em Destaque","@id":"https:\/\/noticiasemdestaque.com\/cd\/#\/schema\/person\/3e6ba396ff5664a69c392f09a8e1504c"},"headline":"Anna Lorena articula nova alian\u00e7a pol\u00edtica e fecha parceria com deputado federal Agnaldo Ribeiro","datePublished":"2026-03-17T13:57:26+00:00","mainEntityOfPage":{"@id":"https:\/\/noticiasemdestaque.com\/cd\/?p=77156"},"wordCount":322,"publisher":{"@id":"https:\/\/noticiasemdestaque.com\/cd\/#organization"},"image":{"@id":"https:\/\/noticiasemdestaque.com\/cd\/?p=77156#primaryimage"},"thumbnailUrl":"https:\/\/noticiasemdestaque.com\/cd\/wp-content\/uploads\/2026\/03\/file_00000000ab6471f5beeae1a2866e42a3.png","articleSection":["Pol\u00edtica"],"inLanguage":"pt-BR"},{"@type":"WebPage","@id":"https:\/\/noticiasemdestaque.com\/cd\/?p=77156","url":"https:\/\/noticiasemdestaque.com\/cd\/?p=77156","name":"Anna Lorena articula nova alian\u00e7a pol\u00edtica e fecha parceria com deputado federal Agnaldo Ribeiro - Not&iacute;cias em Destaque","isPartOf":{"@id":"https:\/\/noticiasemdestaque.com\/cd\/#website"},"primaryImageOfPage":{"@id":"https:\/\/noticiasemdestaque.com\/cd\/?p=77156#primaryimage"},"image":{"@id":"https:\/\/noticiasemdestaque.com\/cd\/?p=77156#primaryimage"},"thumbnailUrl":"https:\/\/noticiasemdestaque.com\/cd\/wp-content\/uploads\/2026\/03\/file_00000000ab6471f5beeae1a2866e42a3.png","datePublished":"2026-03-17T13:57:26+00:00","breadcrumb":{"@id":"https:\/\/noticiasemdestaque.com\/cd\/?p=77156#breadcrumb"},"inLanguage":"pt-BR","potentialAction":[{"@type":"ReadAction","target":["https:\/\/noticiasemdestaque.com\/cd\/?p=77156"]}]},{"@type":"ImageObject","inLanguage":"pt-BR","@id":"https:\/\/noticiasemdestaque.com\/cd\/?p=77156#primaryimage","url":"https:\/\/noticiasemdestaque.com\/cd\/wp-content\/uploads\/2026\/03\/file_00000000ab6471f5beeae1a2866e42a3.png","contentUrl":"https:\/\/noticiasemdestaque.com\/cd\/wp-content\/uploads\/2026\/03\/file_00000000ab6471f5beeae1a2866e42a3.png","width":1536,"height":1024},{"@type":"BreadcrumbList","@id":"https:\/\/noticiasemdestaque.com\/cd\/?p=77156#breadcrumb","itemListElement":[{"@type":"ListItem","position":1,"name":"In\u00edcio","item":"https:\/\/noticiasemdestaque.com\/cd\/"},{"@type":"ListItem","position":2,"name":"Anna Lorena articula nova alian\u00e7a pol\u00edtica e fecha parceria com deputado federal Agnaldo Ribeiro"}]},{"@type":"WebSite","@id":"https:\/\/noticiasemdestaque.com\/cd\/#website","url":"https:\/\/noticiasemdestaque.com\/cd\/","name":"Not&iacute;cias em Destaque","description":"","publisher":{"@id":"https:\/\/noticiasemdestaque.com\/cd\/#organization"},"potentialAction":[{"@type":"SearchAction","target":{"@type":"EntryPoint","urlTemplate":"https:\/\/noticiasemdestaque.com\/cd\/?s={search_term_string}"},"query-input":{"@type":"PropertyValueSpecification","valueRequired":true,"valueName":"search_term_string"}}],"inLanguage":"pt-BR"},{"@type":"Organization","@id":"https:\/\/noticiasemdestaque.com\/cd\/#organization","name":"Not\u00edcias em Destaque","url":"https:\/\/noticiasemdestaque.com\/cd\/","logo":{"@type":"ImageObject","inLanguage":"pt-BR","@id":"https:\/\/noticiasemdestaque.com\/cd\/#\/schema\/logo\/image\/","url":"https:\/\/noticiasemdestaque.com\/cd\/wp-content\/uploads\/2022\/05\/imagem-base-noticiasemdestaque.png","contentUrl":"https:\/\/noticiasemdestaque.com\/cd\/wp-content\/uploads\/2022\/05\/imagem-base-noticiasemdestaque.png","width":1200,"height":630,"caption":"Not\u00edcias em Destaque"},"image":{"@id":"https:\/\/noticiasemdestaque.com\/cd\/#\/schema\/logo\/image\/"}},{"@type":"Person","@id":"https:\/\/noticiasemdestaque.com\/cd\/#\/schema\/person\/3e6ba396ff5664a69c392f09a8e1504c","name":"Not\u00edcias em Destaque","url":"https:\/\/noticiasemdestaque.com\/cd\/?author=2"}]}},"jetpack_featured_media_url":"https:\/\/noticiasemdestaque.com\/cd\/wp-content\/uploads\/2026\/03\/file_00000000ab6471f5beeae1a2866e42a3.png","jetpack_sharing_enabled":true,"_links":{"self":[{"href":"https:\/\/noticiasemdestaque.com\/cd\/index.php?rest_route=\/wp\/v2\/posts\/77156","targetHints":{"allow":["GET"]}}],"collection":[{"href":"https:\/\/noticiasemdestaque.com\/cd\/index.php?rest_route=\/wp\/v2\/posts"}],"about":[{"href":"https:\/\/noticiasemdestaque.com\/cd\/index.php?rest_route=\/wp\/v2\/types\/post"}],"author":[{"embeddable":true,"href":"https:\/\/noticiasemdestaque.com\/cd\/index.php?rest_route=\/wp\/v2\/users\/2"}],"replies":[{"embeddable":true,"href":"https:\/\/noticiasemdestaque.com\/cd\/index.php?rest_route=%2Fwp%2Fv2%2Fcomments&post=77156"}],"version-history":[{"count":1,"href":"https:\/\/noticiasemdestaque.com\/cd\/index.php?rest_route=\/wp\/v2\/posts\/77156\/revisions"}],"predecessor-version":[{"id":77158,"href":"https:\/\/noticiasemdestaque.com\/cd\/index.php?rest_route=\/wp\/v2\/posts\/77156\/revisions\/77158"}],"wp:featuredmedia":[{"embeddable":true,"href":"https:\/\/noticiasemdestaque.com\/cd\/index.php?rest_route=\/wp\/v2\/media\/77157"}],"wp:attachment":[{"href":"https:\/\/noticiasemdestaque.com\/cd\/index.php?rest_route=%2Fwp%2Fv2%2Fmedia&parent=77156"}],"wp:term":[{"taxonomy":"category","embeddable":true,"href":"https:\/\/noticiasemdestaque.com\/cd\/index.php?rest_route=%2Fwp%2Fv2%2Fcategories&post=77156"},{"taxonomy":"post_tag","embeddable":true,"href":"https:\/\/noticiasemdestaque.com\/cd\/index.php?rest_route=%2Fwp%2Fv2%2Ftags&post=77156"}],"curies":[{"name":"wp","href":"https:\/\/api.w.org\/{rel}","templated":true}]}}