{"id":77153,"date":"2026-03-17T10:47:32","date_gmt":"2026-03-17T13:47:32","guid":{"rendered":"https:\/\/noticiasemdestaque.com\/cd\/?p=77153"},"modified":"2026-03-17T10:47:32","modified_gmt":"2026-03-17T13:47:32","slug":"efraim-filho-oficializa-filiacao-ao-pl-e-lanca-pre-candidatura-ao-governo-da-paraiba-no-proximo-domingo-com-presenca-de-flavio-bolsonaro","status":"publish","type":"post","link":"https:\/\/noticiasemdestaque.com\/cd\/?p=77153","title":{"rendered":"Efraim Filho oficializa filia\u00e7\u00e3o ao PL e lan\u00e7a pr\u00e9-candidatura ao Governo da Para\u00edba no pr\u00f3ximo domingo com presen\u00e7a de Fl\u00e1vio Bolsonaro"},"content":{"rendered":"<p><a href=\"https:\/\/noticiasemdestaque.com\/cd\/wp-content\/uploads\/2026\/03\/WhatsApp-Image-2026-03-17-at-10.06.29.jpeg\"><img fetchpriority=\"high\" decoding=\"async\" class=\" wp-image-77154 aligncenter\" src=\"https:\/\/noticiasemdestaque.com\/cd\/wp-content\/uploads\/2026\/03\/WhatsApp-Image-2026-03-17-at-10.06.29-256x300.jpeg\" alt=\"\" width=\"890\" height=\"1043\" srcset=\"https:\/\/noticiasemdestaque.com\/cd\/wp-content\/uploads\/2026\/03\/WhatsApp-Image-2026-03-17-at-10.06.29-256x300.jpeg 256w, https:\/\/noticiasemdestaque.com\/cd\/wp-content\/uploads\/2026\/03\/WhatsApp-Image-2026-03-17-at-10.06.29-875x1024.jpeg 875w, https:\/\/noticiasemdestaque.com\/cd\/wp-content\/uploads\/2026\/03\/WhatsApp-Image-2026-03-17-at-10.06.29-768x899.jpeg 768w, https:\/\/noticiasemdestaque.com\/cd\/wp-content\/uploads\/2026\/03\/WhatsApp-Image-2026-03-17-at-10.06.29.jpeg 1170w\" sizes=\"(max-width: 890px) 100vw, 890px\" \/><\/a><\/p>\n<p>O senador Efraim Filho vai oficializar sua filia\u00e7\u00e3o ao Partido Liberal no pr\u00f3ximo domingo, em evento no Domus Hall, em Jo\u00e3o Pessoa, a partir das 10h. Na ocasi\u00e3o, ele tamb\u00e9m deve lan\u00e7ar sua pr\u00e9-candidatura ao Governo da Para\u00edba, em um ato que promete reunir diversas lideran\u00e7as pol\u00edticas estaduais e nacionais.<\/p>\n<p>A atividade deve contar com a presen\u00e7a do senador Fl\u00e1vio Bolsonaro, apontado como pr\u00e9-candidato \u00e0 Presid\u00eancia da Rep\u00fablica, al\u00e9m do pr\u00e9-candidato ao Senado Marcelo Queiroga, que estar\u00e1 ao lado do deputado federal Cabo Gilberto Silva. O evento ainda deve reunir prefeitos, vereadores e outras lideran\u00e7as pol\u00edticas, refor\u00e7ando o peso do encontro e a articula\u00e7\u00e3o com nomes de destaque no cen\u00e1rio nacional.<\/p>\n<p>A expectativa \u00e9 de grande participa\u00e7\u00e3o popular, com caravanas vindas de v\u00e1rias regi\u00f5es do estado e de \u00e1reas vizinhas.<\/p>\n<p>O evento tamb\u00e9m representa um fortalecimento do grupo da direita na Para\u00edba, consolidando alian\u00e7as e ampliando o debate em torno das pautas defendidas para as elei\u00e7\u00f5es de 2026.<\/p>\n<p><strong>Noticias em Destaque<\/strong><\/p>\n","protected":false},"excerpt":{"rendered":"<p>O senador Efraim Filho vai oficializar sua filia\u00e7\u00e3o ao Partido Liberal no pr\u00f3ximo domingo, em evento no Domus Hall, em Jo\u00e3o Pessoa, a partir das 10h. Na ocasi\u00e3o, ele tamb\u00e9m deve lan\u00e7ar sua pr\u00e9-candidatura ao Governo da Para\u00edba, em um ato que promete reunir diversas lideran\u00e7as pol\u00edticas estaduais e nacionais. A atividade deve contar com a presen\u00e7a do senador Fl\u00e1vio Bolsonaro, apontado como pr\u00e9-candidato \u00e0 Presid\u00eancia da Rep\u00fablica, al\u00e9m do pr\u00e9-candidato ao Senado Marcelo Queiroga, que estar\u00e1 ao lado do deputado federal Cabo Gilberto Silva. O evento ainda deve reunir prefeitos, vereadores e outras lideran\u00e7as pol\u00edticas, refor\u00e7ando o peso do encontro e a articula\u00e7\u00e3o com nomes de destaque no cen\u00e1rio nacional. A expectativa \u00e9 de grande participa\u00e7\u00e3o popular, com caravanas vindas de v\u00e1rias regi\u00f5es do estado e de \u00e1reas vizinhas. O evento tamb\u00e9m representa um fortalecimento do grupo da direita na Para\u00edba, consolidando alian\u00e7as e ampliando o debate em torno das pautas defendidas para as elei\u00e7\u00f5es de 2026. Noticias em Destaque<\/p>\n","protected":false},"author":2,"featured_media":77154,"comment_status":"closed","ping_status":"closed","sticky":false,"template":"","format":"standard","meta":{"_eb_attr":"","_jetpack_memberships_contains_paid_content":false,"footnotes":""},"categories":[4],"tags":[],"class_list":["post-77153","post","type-post","status-publish","format-standard","has-post-thumbnail","hentry","category-politica"],"yoast_head":"<!-- This site is optimized with the Yoast SEO plugin v26.5 - https:\/\/yoast.com\/wordpress\/plugins\/seo\/ -->\n<title>Efraim Filho oficializa filia\u00e7\u00e3o ao PL e lan\u00e7a pr\u00e9-candidatura ao Governo da Para\u00edba no pr\u00f3ximo domingo com presen\u00e7a de Fl\u00e1vio Bolsonaro - Not&iacute;cias em Destaque<\/title>\n<meta name=\"robots\" content=\"index, follow, max-snippet:-1, max-image-preview:large, max-video-preview:-1\" \/>\n<link rel=\"canonical\" href=\"https:\/\/noticiasemdestaque.com\/cd\/?p=77153\" \/>\n<meta property=\"og:locale\" content=\"pt_BR\" \/>\n<meta property=\"og:type\" content=\"article\" \/>\n<meta property=\"og:title\" content=\"Efraim Filho oficializa filia\u00e7\u00e3o ao PL e lan\u00e7a pr\u00e9-candidatura ao Governo da Para\u00edba no pr\u00f3ximo domingo com presen\u00e7a de Fl\u00e1vio Bolsonaro - Not&iacute;cias em Destaque\" \/>\n<meta property=\"og:description\" content=\"O senador Efraim Filho vai oficializar sua filia\u00e7\u00e3o ao Partido Liberal no pr\u00f3ximo domingo, em evento no Domus Hall, em Jo\u00e3o Pessoa, a partir das 10h. Na ocasi\u00e3o, ele tamb\u00e9m deve lan\u00e7ar sua pr\u00e9-candidatura ao Governo da Para\u00edba, em um ato que promete reunir diversas lideran\u00e7as pol\u00edticas estaduais e nacionais. A atividade deve contar com a presen\u00e7a do senador Fl\u00e1vio Bolsonaro, apontado como pr\u00e9-candidato \u00e0 Presid\u00eancia da Rep\u00fablica, al\u00e9m do pr\u00e9-candidato ao Senado Marcelo Queiroga, que estar\u00e1 ao lado do deputado federal Cabo Gilberto Silva. O evento ainda deve reunir prefeitos, vereadores e outras lideran\u00e7as pol\u00edticas, refor\u00e7ando o peso do encontro e a articula\u00e7\u00e3o com nomes de destaque no cen\u00e1rio nacional. A expectativa \u00e9 de grande participa\u00e7\u00e3o popular, com caravanas vindas de v\u00e1rias regi\u00f5es do estado e de \u00e1reas vizinhas. O evento tamb\u00e9m representa um fortalecimento do grupo da direita na Para\u00edba, consolidando alian\u00e7as e ampliando o debate em torno das pautas defendidas para as elei\u00e7\u00f5es de 2026. Noticias em Destaque\" \/>\n<meta property=\"og:url\" content=\"https:\/\/noticiasemdestaque.com\/cd\/?p=77153\" \/>\n<meta property=\"og:site_name\" content=\"Not&iacute;cias em Destaque\" \/>\n<meta property=\"article:published_time\" content=\"2026-03-17T13:47:32+00:00\" \/>\n<meta property=\"og:image\" content=\"https:\/\/noticiasemdestaque.com\/cd\/wp-content\/uploads\/2026\/03\/WhatsApp-Image-2026-03-17-at-10.06.29.jpeg\" \/>\n\t<meta property=\"og:image:width\" content=\"1170\" \/>\n\t<meta property=\"og:image:height\" content=\"1370\" \/>\n\t<meta property=\"og:image:type\" content=\"image\/jpeg\" \/>\n<meta name=\"author\" content=\"Not\u00edcias em Destaque\" \/>\n<meta name=\"twitter:card\" content=\"summary_large_image\" \/>\n<meta name=\"twitter:label1\" content=\"Escrito por\" \/>\n\t<meta name=\"twitter:data1\" content=\"Not\u00edcias em Destaque\" \/>\n\t<meta name=\"twitter:label2\" content=\"Est. tempo de leitura\" \/>\n\t<meta name=\"twitter:data2\" content=\"2 minutos\" \/>\n<script type=\"application\/ld+json\" class=\"yoast-schema-graph\">{\"@context\":\"https:\/\/schema.org\",\"@graph\":[{\"@type\":\"Article\",\"@id\":\"https:\/\/noticiasemdestaque.com\/cd\/?p=77153#article\",\"isPartOf\":{\"@id\":\"https:\/\/noticiasemdestaque.com\/cd\/?p=77153\"},\"author\":{\"name\":\"Not\u00edcias em Destaque\",\"@id\":\"https:\/\/noticiasemdestaque.com\/cd\/#\/schema\/person\/3e6ba396ff5664a69c392f09a8e1504c\"},\"headline\":\"Efraim Filho oficializa filia\u00e7\u00e3o ao PL e lan\u00e7a pr\u00e9-candidatura ao Governo da Para\u00edba no pr\u00f3ximo domingo com presen\u00e7a de Fl\u00e1vio Bolsonaro\",\"datePublished\":\"2026-03-17T13:47:32+00:00\",\"mainEntityOfPage\":{\"@id\":\"https:\/\/noticiasemdestaque.com\/cd\/?p=77153\"},\"wordCount\":215,\"publisher\":{\"@id\":\"https:\/\/noticiasemdestaque.com\/cd\/#organization\"},\"image\":{\"@id\":\"https:\/\/noticiasemdestaque.com\/cd\/?p=77153#primaryimage\"},\"thumbnailUrl\":\"https:\/\/noticiasemdestaque.com\/cd\/wp-content\/uploads\/2026\/03\/WhatsApp-Image-2026-03-17-at-10.06.29.jpeg\",\"articleSection\":[\"Pol\u00edtica\"],\"inLanguage\":\"pt-BR\"},{\"@type\":\"WebPage\",\"@id\":\"https:\/\/noticiasemdestaque.com\/cd\/?p=77153\",\"url\":\"https:\/\/noticiasemdestaque.com\/cd\/?p=77153\",\"name\":\"Efraim Filho oficializa filia\u00e7\u00e3o ao PL e lan\u00e7a pr\u00e9-candidatura ao Governo da Para\u00edba no pr\u00f3ximo domingo com presen\u00e7a de Fl\u00e1vio Bolsonaro - Not&iacute;cias em Destaque\",\"isPartOf\":{\"@id\":\"https:\/\/noticiasemdestaque.com\/cd\/#website\"},\"primaryImageOfPage\":{\"@id\":\"https:\/\/noticiasemdestaque.com\/cd\/?p=77153#primaryimage\"},\"image\":{\"@id\":\"https:\/\/noticiasemdestaque.com\/cd\/?p=77153#primaryimage\"},\"thumbnailUrl\":\"https:\/\/noticiasemdestaque.com\/cd\/wp-content\/uploads\/2026\/03\/WhatsApp-Image-2026-03-17-at-10.06.29.jpeg\",\"datePublished\":\"2026-03-17T13:47:32+00:00\",\"breadcrumb\":{\"@id\":\"https:\/\/noticiasemdestaque.com\/cd\/?p=77153#breadcrumb\"},\"inLanguage\":\"pt-BR\",\"potentialAction\":[{\"@type\":\"ReadAction\",\"target\":[\"https:\/\/noticiasemdestaque.com\/cd\/?p=77153\"]}]},{\"@type\":\"ImageObject\",\"inLanguage\":\"pt-BR\",\"@id\":\"https:\/\/noticiasemdestaque.com\/cd\/?p=77153#primaryimage\",\"url\":\"https:\/\/noticiasemdestaque.com\/cd\/wp-content\/uploads\/2026\/03\/WhatsApp-Image-2026-03-17-at-10.06.29.jpeg\",\"contentUrl\":\"https:\/\/noticiasemdestaque.com\/cd\/wp-content\/uploads\/2026\/03\/WhatsApp-Image-2026-03-17-at-10.06.29.jpeg\",\"width\":1170,\"height\":1370},{\"@type\":\"BreadcrumbList\",\"@id\":\"https:\/\/noticiasemdestaque.com\/cd\/?p=77153#breadcrumb\",\"itemListElement\":[{\"@type\":\"ListItem\",\"position\":1,\"name\":\"In\u00edcio\",\"item\":\"https:\/\/noticiasemdestaque.com\/cd\/\"},{\"@type\":\"ListItem\",\"position\":2,\"name\":\"Efraim Filho oficializa filia\u00e7\u00e3o ao PL e lan\u00e7a pr\u00e9-candidatura ao Governo da Para\u00edba no pr\u00f3ximo domingo com presen\u00e7a de Fl\u00e1vio Bolsonaro\"}]},{\"@type\":\"WebSite\",\"@id\":\"https:\/\/noticiasemdestaque.com\/cd\/#website\",\"url\":\"https:\/\/noticiasemdestaque.com\/cd\/\",\"name\":\"Not&iacute;cias em Destaque\",\"description\":\"\",\"publisher\":{\"@id\":\"https:\/\/noticiasemdestaque.com\/cd\/#organization\"},\"potentialAction\":[{\"@type\":\"SearchAction\",\"target\":{\"@type\":\"EntryPoint\",\"urlTemplate\":\"https:\/\/noticiasemdestaque.com\/cd\/?s={search_term_string}\"},\"query-input\":{\"@type\":\"PropertyValueSpecification\",\"valueRequired\":true,\"valueName\":\"search_term_string\"}}],\"inLanguage\":\"pt-BR\"},{\"@type\":\"Organization\",\"@id\":\"https:\/\/noticiasemdestaque.com\/cd\/#organization\",\"name\":\"Not\u00edcias em Destaque\",\"url\":\"https:\/\/noticiasemdestaque.com\/cd\/\",\"logo\":{\"@type\":\"ImageObject\",\"inLanguage\":\"pt-BR\",\"@id\":\"https:\/\/noticiasemdestaque.com\/cd\/#\/schema\/logo\/image\/\",\"url\":\"https:\/\/noticiasemdestaque.com\/cd\/wp-content\/uploads\/2022\/05\/imagem-base-noticiasemdestaque.png\",\"contentUrl\":\"https:\/\/noticiasemdestaque.com\/cd\/wp-content\/uploads\/2022\/05\/imagem-base-noticiasemdestaque.png\",\"width\":1200,\"height\":630,\"caption\":\"Not\u00edcias em Destaque\"},\"image\":{\"@id\":\"https:\/\/noticiasemdestaque.com\/cd\/#\/schema\/logo\/image\/\"}},{\"@type\":\"Person\",\"@id\":\"https:\/\/noticiasemdestaque.com\/cd\/#\/schema\/person\/3e6ba396ff5664a69c392f09a8e1504c\",\"name\":\"Not\u00edcias em Destaque\",\"url\":\"https:\/\/noticiasemdestaque.com\/cd\/?author=2\"}]}<\/script>\n<!-- \/ Yoast SEO plugin. -->","yoast_head_json":{"title":"Efraim Filho oficializa filia\u00e7\u00e3o ao PL e lan\u00e7a pr\u00e9-candidatura ao Governo da Para\u00edba no pr\u00f3ximo domingo com presen\u00e7a de Fl\u00e1vio Bolsonaro - Not&iacute;cias em Destaque","robots":{"index":"index","follow":"follow","max-snippet":"max-snippet:-1","max-image-preview":"max-image-preview:large","max-video-preview":"max-video-preview:-1"},"canonical":"https:\/\/noticiasemdestaque.com\/cd\/?p=77153","og_locale":"pt_BR","og_type":"article","og_title":"Efraim Filho oficializa filia\u00e7\u00e3o ao PL e lan\u00e7a pr\u00e9-candidatura ao Governo da Para\u00edba no pr\u00f3ximo domingo com presen\u00e7a de Fl\u00e1vio Bolsonaro - Not&iacute;cias em Destaque","og_description":"O senador Efraim Filho vai oficializar sua filia\u00e7\u00e3o ao Partido Liberal no pr\u00f3ximo domingo, em evento no Domus Hall, em Jo\u00e3o Pessoa, a partir das 10h. Na ocasi\u00e3o, ele tamb\u00e9m deve lan\u00e7ar sua pr\u00e9-candidatura ao Governo da Para\u00edba, em um ato que promete reunir diversas lideran\u00e7as pol\u00edticas estaduais e nacionais. A atividade deve contar com a presen\u00e7a do senador Fl\u00e1vio Bolsonaro, apontado como pr\u00e9-candidato \u00e0 Presid\u00eancia da Rep\u00fablica, al\u00e9m do pr\u00e9-candidato ao Senado Marcelo Queiroga, que estar\u00e1 ao lado do deputado federal Cabo Gilberto Silva. O evento ainda deve reunir prefeitos, vereadores e outras lideran\u00e7as pol\u00edticas, refor\u00e7ando o peso do encontro e a articula\u00e7\u00e3o com nomes de destaque no cen\u00e1rio nacional. A expectativa \u00e9 de grande participa\u00e7\u00e3o popular, com caravanas vindas de v\u00e1rias regi\u00f5es do estado e de \u00e1reas vizinhas. O evento tamb\u00e9m representa um fortalecimento do grupo da direita na Para\u00edba, consolidando alian\u00e7as e ampliando o debate em torno das pautas defendidas para as elei\u00e7\u00f5es de 2026. Noticias em Destaque","og_url":"https:\/\/noticiasemdestaque.com\/cd\/?p=77153","og_site_name":"Not&iacute;cias em Destaque","article_published_time":"2026-03-17T13:47:32+00:00","og_image":[{"width":1170,"height":1370,"url":"https:\/\/noticiasemdestaque.com\/cd\/wp-content\/uploads\/2026\/03\/WhatsApp-Image-2026-03-17-at-10.06.29.jpeg","type":"image\/jpeg"}],"author":"Not\u00edcias em Destaque","twitter_card":"summary_large_image","twitter_misc":{"Escrito por":"Not\u00edcias em Destaque","Est. tempo de leitura":"2 minutos"},"schema":{"@context":"https:\/\/schema.org","@graph":[{"@type":"Article","@id":"https:\/\/noticiasemdestaque.com\/cd\/?p=77153#article","isPartOf":{"@id":"https:\/\/noticiasemdestaque.com\/cd\/?p=77153"},"author":{"name":"Not\u00edcias em Destaque","@id":"https:\/\/noticiasemdestaque.com\/cd\/#\/schema\/person\/3e6ba396ff5664a69c392f09a8e1504c"},"headline":"Efraim Filho oficializa filia\u00e7\u00e3o ao PL e lan\u00e7a pr\u00e9-candidatura ao Governo da Para\u00edba no pr\u00f3ximo domingo com presen\u00e7a de Fl\u00e1vio Bolsonaro","datePublished":"2026-03-17T13:47:32+00:00","mainEntityOfPage":{"@id":"https:\/\/noticiasemdestaque.com\/cd\/?p=77153"},"wordCount":215,"publisher":{"@id":"https:\/\/noticiasemdestaque.com\/cd\/#organization"},"image":{"@id":"https:\/\/noticiasemdestaque.com\/cd\/?p=77153#primaryimage"},"thumbnailUrl":"https:\/\/noticiasemdestaque.com\/cd\/wp-content\/uploads\/2026\/03\/WhatsApp-Image-2026-03-17-at-10.06.29.jpeg","articleSection":["Pol\u00edtica"],"inLanguage":"pt-BR"},{"@type":"WebPage","@id":"https:\/\/noticiasemdestaque.com\/cd\/?p=77153","url":"https:\/\/noticiasemdestaque.com\/cd\/?p=77153","name":"Efraim Filho oficializa filia\u00e7\u00e3o ao PL e lan\u00e7a pr\u00e9-candidatura ao Governo da Para\u00edba no pr\u00f3ximo domingo com presen\u00e7a de Fl\u00e1vio Bolsonaro - Not&iacute;cias em Destaque","isPartOf":{"@id":"https:\/\/noticiasemdestaque.com\/cd\/#website"},"primaryImageOfPage":{"@id":"https:\/\/noticiasemdestaque.com\/cd\/?p=77153#primaryimage"},"image":{"@id":"https:\/\/noticiasemdestaque.com\/cd\/?p=77153#primaryimage"},"thumbnailUrl":"https:\/\/noticiasemdestaque.com\/cd\/wp-content\/uploads\/2026\/03\/WhatsApp-Image-2026-03-17-at-10.06.29.jpeg","datePublished":"2026-03-17T13:47:32+00:00","breadcrumb":{"@id":"https:\/\/noticiasemdestaque.com\/cd\/?p=77153#breadcrumb"},"inLanguage":"pt-BR","potentialAction":[{"@type":"ReadAction","target":["https:\/\/noticiasemdestaque.com\/cd\/?p=77153"]}]},{"@type":"ImageObject","inLanguage":"pt-BR","@id":"https:\/\/noticiasemdestaque.com\/cd\/?p=77153#primaryimage","url":"https:\/\/noticiasemdestaque.com\/cd\/wp-content\/uploads\/2026\/03\/WhatsApp-Image-2026-03-17-at-10.06.29.jpeg","contentUrl":"https:\/\/noticiasemdestaque.com\/cd\/wp-content\/uploads\/2026\/03\/WhatsApp-Image-2026-03-17-at-10.06.29.jpeg","width":1170,"height":1370},{"@type":"BreadcrumbList","@id":"https:\/\/noticiasemdestaque.com\/cd\/?p=77153#breadcrumb","itemListElement":[{"@type":"ListItem","position":1,"name":"In\u00edcio","item":"https:\/\/noticiasemdestaque.com\/cd\/"},{"@type":"ListItem","position":2,"name":"Efraim Filho oficializa filia\u00e7\u00e3o ao PL e lan\u00e7a pr\u00e9-candidatura ao Governo da Para\u00edba no pr\u00f3ximo domingo com presen\u00e7a de Fl\u00e1vio Bolsonaro"}]},{"@type":"WebSite","@id":"https:\/\/noticiasemdestaque.com\/cd\/#website","url":"https:\/\/noticiasemdestaque.com\/cd\/","name":"Not&iacute;cias em Destaque","description":"","publisher":{"@id":"https:\/\/noticiasemdestaque.com\/cd\/#organization"},"potentialAction":[{"@type":"SearchAction","target":{"@type":"EntryPoint","urlTemplate":"https:\/\/noticiasemdestaque.com\/cd\/?s={search_term_string}"},"query-input":{"@type":"PropertyValueSpecification","valueRequired":true,"valueName":"search_term_string"}}],"inLanguage":"pt-BR"},{"@type":"Organization","@id":"https:\/\/noticiasemdestaque.com\/cd\/#organization","name":"Not\u00edcias em Destaque","url":"https:\/\/noticiasemdestaque.com\/cd\/","logo":{"@type":"ImageObject","inLanguage":"pt-BR","@id":"https:\/\/noticiasemdestaque.com\/cd\/#\/schema\/logo\/image\/","url":"https:\/\/noticiasemdestaque.com\/cd\/wp-content\/uploads\/2022\/05\/imagem-base-noticiasemdestaque.png","contentUrl":"https:\/\/noticiasemdestaque.com\/cd\/wp-content\/uploads\/2022\/05\/imagem-base-noticiasemdestaque.png","width":1200,"height":630,"caption":"Not\u00edcias em Destaque"},"image":{"@id":"https:\/\/noticiasemdestaque.com\/cd\/#\/schema\/logo\/image\/"}},{"@type":"Person","@id":"https:\/\/noticiasemdestaque.com\/cd\/#\/schema\/person\/3e6ba396ff5664a69c392f09a8e1504c","name":"Not\u00edcias em Destaque","url":"https:\/\/noticiasemdestaque.com\/cd\/?author=2"}]}},"jetpack_featured_media_url":"https:\/\/noticiasemdestaque.com\/cd\/wp-content\/uploads\/2026\/03\/WhatsApp-Image-2026-03-17-at-10.06.29.jpeg","jetpack_sharing_enabled":true,"_links":{"self":[{"href":"https:\/\/noticiasemdestaque.com\/cd\/index.php?rest_route=\/wp\/v2\/posts\/77153","targetHints":{"allow":["GET"]}}],"collection":[{"href":"https:\/\/noticiasemdestaque.com\/cd\/index.php?rest_route=\/wp\/v2\/posts"}],"about":[{"href":"https:\/\/noticiasemdestaque.com\/cd\/index.php?rest_route=\/wp\/v2\/types\/post"}],"author":[{"embeddable":true,"href":"https:\/\/noticiasemdestaque.com\/cd\/index.php?rest_route=\/wp\/v2\/users\/2"}],"replies":[{"embeddable":true,"href":"https:\/\/noticiasemdestaque.com\/cd\/index.php?rest_route=%2Fwp%2Fv2%2Fcomments&post=77153"}],"version-history":[{"count":1,"href":"https:\/\/noticiasemdestaque.com\/cd\/index.php?rest_route=\/wp\/v2\/posts\/77153\/revisions"}],"predecessor-version":[{"id":77155,"href":"https:\/\/noticiasemdestaque.com\/cd\/index.php?rest_route=\/wp\/v2\/posts\/77153\/revisions\/77155"}],"wp:featuredmedia":[{"embeddable":true,"href":"https:\/\/noticiasemdestaque.com\/cd\/index.php?rest_route=\/wp\/v2\/media\/77154"}],"wp:attachment":[{"href":"https:\/\/noticiasemdestaque.com\/cd\/index.php?rest_route=%2Fwp%2Fv2%2Fmedia&parent=77153"}],"wp:term":[{"taxonomy":"category","embeddable":true,"href":"https:\/\/noticiasemdestaque.com\/cd\/index.php?rest_route=%2Fwp%2Fv2%2Fcategories&post=77153"},{"taxonomy":"post_tag","embeddable":true,"href":"https:\/\/noticiasemdestaque.com\/cd\/index.php?rest_route=%2Fwp%2Fv2%2Ftags&post=77153"}],"curies":[{"name":"wp","href":"https:\/\/api.w.org\/{rel}","templated":true}]}}