{"id":77150,"date":"2026-03-17T10:42:49","date_gmt":"2026-03-17T13:42:49","guid":{"rendered":"https:\/\/noticiasemdestaque.com\/cd\/?p=77150"},"modified":"2026-03-17T10:42:49","modified_gmt":"2026-03-17T13:42:49","slug":"prefeitura-de-camalau-promove-consultas-oftalmologicas-gratuitas-em-parceria-com-o-projeto-visao-total","status":"publish","type":"post","link":"https:\/\/noticiasemdestaque.com\/cd\/?p=77150","title":{"rendered":"Prefeitura de Camala\u00fa promove consultas oftalmol\u00f3gicas gratuitas em parceria com o Projeto Vis\u00e3o Total"},"content":{"rendered":"<p><a href=\"https:\/\/noticiasemdestaque.com\/cd\/wp-content\/uploads\/2026\/03\/WhatsApp-Image-2026-03-16-at-17.32.18-1198x1080-1.jpeg\"><img fetchpriority=\"high\" decoding=\"async\" class=\" wp-image-77151 aligncenter\" src=\"https:\/\/noticiasemdestaque.com\/cd\/wp-content\/uploads\/2026\/03\/WhatsApp-Image-2026-03-16-at-17.32.18-1198x1080-1-300x270.jpeg\" alt=\"\" width=\"892\" height=\"803\" srcset=\"https:\/\/noticiasemdestaque.com\/cd\/wp-content\/uploads\/2026\/03\/WhatsApp-Image-2026-03-16-at-17.32.18-1198x1080-1-300x270.jpeg 300w, https:\/\/noticiasemdestaque.com\/cd\/wp-content\/uploads\/2026\/03\/WhatsApp-Image-2026-03-16-at-17.32.18-1198x1080-1-1024x923.jpeg 1024w, https:\/\/noticiasemdestaque.com\/cd\/wp-content\/uploads\/2026\/03\/WhatsApp-Image-2026-03-16-at-17.32.18-1198x1080-1-768x692.jpeg 768w, https:\/\/noticiasemdestaque.com\/cd\/wp-content\/uploads\/2026\/03\/WhatsApp-Image-2026-03-16-at-17.32.18-1198x1080-1.jpeg 1198w\" sizes=\"(max-width: 892px) 100vw, 892px\" \/><\/a><\/p>\n<p class=\"wp-block-paragraph\">A popula\u00e7\u00e3o de Camala\u00fa ter\u00e1 acesso a uma importante a\u00e7\u00e3o voltada \u00e0 sa\u00fade ocular. Em parceria com o Projeto Vis\u00e3o Total, a prefeitura municipal realizar\u00e1 consultas oftalmol\u00f3gicas com uma s\u00e9rie de exames especializados, ampliando o cuidado com a vis\u00e3o dos cidad\u00e3os.<\/p>\n<p class=\"wp-block-paragraph\">De acordo com a programa\u00e7\u00e3o, os atendimentos acontecer\u00e3o em dois locais e datas distintas: no dia 20 de mar\u00e7o, na comunidade de Pindur\u00e3o, e no dia 21 de mar\u00e7o, no Centro de Especialidades Odontol\u00f3gicas (CEO).<\/p>\n<p class=\"wp-block-paragraph\">A iniciativa contempla diversos procedimentos, entre eles teste do olhinho, avalia\u00e7\u00e3o de acuidade visual, refra\u00e7\u00e3o completa, exame dos movimentos oculares, fundoscopia, biomicroscopia, medi\u00e7\u00e3o da press\u00e3o intraocular e ceratometria.<\/p>\n<p class=\"wp-block-paragraph\">Para participar, os interessados devem procurar o agente de sa\u00fade de sua localidade para obter mais informa\u00e7\u00f5es e realizar o agendamento.<\/p>\n<p class=\"wp-block-paragraph\">O prefeito Bira Mariano destacou a relev\u00e2ncia da a\u00e7\u00e3o para a popula\u00e7\u00e3o. \u201cCuidar da sa\u00fade da nossa popula\u00e7\u00e3o \u00e9 uma prioridade da nossa gest\u00e3o. Essa parceria com o Projeto Vis\u00e3o Total garante acesso a exames importantes e contribui diretamente para a qualidade de vida dos camalauenses\u201d, afirmou.<\/p>\n<p class=\"wp-block-paragraph\">A a\u00e7\u00e3o refor\u00e7a o compromisso da gest\u00e3o municipal em ampliar o acesso aos servi\u00e7os de sa\u00fade e promover iniciativas que impactem positivamente o bem-estar da popula\u00e7\u00e3o.<\/p>\n<p><strong>Noticias em Destaque<\/strong><\/p>\n<p class=\"wp-block-paragraph\" style=\"text-align: right;\"><em>Fonte: Focando Para\u00edba<\/em><\/p>\n","protected":false},"excerpt":{"rendered":"<p>A popula\u00e7\u00e3o de Camala\u00fa ter\u00e1 acesso a uma importante a\u00e7\u00e3o voltada \u00e0 sa\u00fade ocular. Em parceria com o Projeto Vis\u00e3o Total, a prefeitura municipal realizar\u00e1 consultas oftalmol\u00f3gicas com uma s\u00e9rie de exames especializados, ampliando o cuidado com a vis\u00e3o dos cidad\u00e3os. De acordo com a programa\u00e7\u00e3o, os atendimentos acontecer\u00e3o em dois locais e datas distintas: no dia 20 de mar\u00e7o, na comunidade de Pindur\u00e3o, e no dia 21 de mar\u00e7o, no Centro de Especialidades Odontol\u00f3gicas (CEO). A iniciativa contempla diversos procedimentos, entre eles teste do olhinho, avalia\u00e7\u00e3o de acuidade visual, refra\u00e7\u00e3o completa, exame dos movimentos oculares, fundoscopia, biomicroscopia, medi\u00e7\u00e3o da press\u00e3o intraocular e ceratometria. Para participar, os interessados devem procurar o agente de sa\u00fade de sua localidade para obter mais informa\u00e7\u00f5es e realizar o agendamento. O prefeito Bira Mariano destacou a relev\u00e2ncia da a\u00e7\u00e3o para a popula\u00e7\u00e3o. \u201cCuidar da sa\u00fade da nossa popula\u00e7\u00e3o \u00e9 uma prioridade da nossa gest\u00e3o. Essa parceria com o Projeto Vis\u00e3o Total garante acesso a exames importantes e contribui diretamente para a qualidade de vida dos camalauenses\u201d, afirmou. A a\u00e7\u00e3o refor\u00e7a o compromisso da gest\u00e3o municipal em ampliar o acesso aos servi\u00e7os de sa\u00fade e promover iniciativas que impactem positivamente o bem-estar da popula\u00e7\u00e3o. Noticias em Destaque Fonte: Focando Para\u00edba<\/p>\n","protected":false},"author":2,"featured_media":77151,"comment_status":"closed","ping_status":"closed","sticky":false,"template":"","format":"standard","meta":{"_eb_attr":"","_jetpack_memberships_contains_paid_content":false,"footnotes":""},"categories":[3],"tags":[],"class_list":["post-77150","post","type-post","status-publish","format-standard","has-post-thumbnail","hentry","category-cidades"],"yoast_head":"<!-- This site is optimized with the Yoast SEO plugin v26.5 - https:\/\/yoast.com\/wordpress\/plugins\/seo\/ -->\n<title>Prefeitura de Camala\u00fa promove consultas oftalmol\u00f3gicas gratuitas em parceria com o Projeto Vis\u00e3o Total - Not&iacute;cias em Destaque<\/title>\n<meta name=\"robots\" content=\"index, follow, max-snippet:-1, max-image-preview:large, max-video-preview:-1\" \/>\n<link rel=\"canonical\" href=\"https:\/\/noticiasemdestaque.com\/cd\/?p=77150\" \/>\n<meta property=\"og:locale\" content=\"pt_BR\" \/>\n<meta property=\"og:type\" content=\"article\" \/>\n<meta property=\"og:title\" content=\"Prefeitura de Camala\u00fa promove consultas oftalmol\u00f3gicas gratuitas em parceria com o Projeto Vis\u00e3o Total - Not&iacute;cias em Destaque\" \/>\n<meta property=\"og:description\" content=\"A popula\u00e7\u00e3o de Camala\u00fa ter\u00e1 acesso a uma importante a\u00e7\u00e3o voltada \u00e0 sa\u00fade ocular. Em parceria com o Projeto Vis\u00e3o Total, a prefeitura municipal realizar\u00e1 consultas oftalmol\u00f3gicas com uma s\u00e9rie de exames especializados, ampliando o cuidado com a vis\u00e3o dos cidad\u00e3os. De acordo com a programa\u00e7\u00e3o, os atendimentos acontecer\u00e3o em dois locais e datas distintas: no dia 20 de mar\u00e7o, na comunidade de Pindur\u00e3o, e no dia 21 de mar\u00e7o, no Centro de Especialidades Odontol\u00f3gicas (CEO). A iniciativa contempla diversos procedimentos, entre eles teste do olhinho, avalia\u00e7\u00e3o de acuidade visual, refra\u00e7\u00e3o completa, exame dos movimentos oculares, fundoscopia, biomicroscopia, medi\u00e7\u00e3o da press\u00e3o intraocular e ceratometria. Para participar, os interessados devem procurar o agente de sa\u00fade de sua localidade para obter mais informa\u00e7\u00f5es e realizar o agendamento. O prefeito Bira Mariano destacou a relev\u00e2ncia da a\u00e7\u00e3o para a popula\u00e7\u00e3o. \u201cCuidar da sa\u00fade da nossa popula\u00e7\u00e3o \u00e9 uma prioridade da nossa gest\u00e3o. Essa parceria com o Projeto Vis\u00e3o Total garante acesso a exames importantes e contribui diretamente para a qualidade de vida dos camalauenses\u201d, afirmou. A a\u00e7\u00e3o refor\u00e7a o compromisso da gest\u00e3o municipal em ampliar o acesso aos servi\u00e7os de sa\u00fade e promover iniciativas que impactem positivamente o bem-estar da popula\u00e7\u00e3o. Noticias em Destaque Fonte: Focando Para\u00edba\" \/>\n<meta property=\"og:url\" content=\"https:\/\/noticiasemdestaque.com\/cd\/?p=77150\" \/>\n<meta property=\"og:site_name\" content=\"Not&iacute;cias em Destaque\" \/>\n<meta property=\"article:published_time\" content=\"2026-03-17T13:42:49+00:00\" \/>\n<meta property=\"og:image\" content=\"https:\/\/noticiasemdestaque.com\/cd\/wp-content\/uploads\/2026\/03\/WhatsApp-Image-2026-03-16-at-17.32.18-1198x1080-1.jpeg\" \/>\n\t<meta property=\"og:image:width\" content=\"1198\" \/>\n\t<meta property=\"og:image:height\" content=\"1080\" \/>\n\t<meta property=\"og:image:type\" content=\"image\/jpeg\" \/>\n<meta name=\"author\" content=\"Not\u00edcias em Destaque\" \/>\n<meta name=\"twitter:card\" content=\"summary_large_image\" \/>\n<meta name=\"twitter:label1\" content=\"Escrito por\" \/>\n\t<meta name=\"twitter:data1\" content=\"Not\u00edcias em Destaque\" \/>\n\t<meta name=\"twitter:label2\" content=\"Est. tempo de leitura\" \/>\n\t<meta name=\"twitter:data2\" content=\"2 minutos\" \/>\n<script type=\"application\/ld+json\" class=\"yoast-schema-graph\">{\"@context\":\"https:\/\/schema.org\",\"@graph\":[{\"@type\":\"Article\",\"@id\":\"https:\/\/noticiasemdestaque.com\/cd\/?p=77150#article\",\"isPartOf\":{\"@id\":\"https:\/\/noticiasemdestaque.com\/cd\/?p=77150\"},\"author\":{\"name\":\"Not\u00edcias em Destaque\",\"@id\":\"https:\/\/noticiasemdestaque.com\/cd\/#\/schema\/person\/3e6ba396ff5664a69c392f09a8e1504c\"},\"headline\":\"Prefeitura de Camala\u00fa promove consultas oftalmol\u00f3gicas gratuitas em parceria com o Projeto Vis\u00e3o Total\",\"datePublished\":\"2026-03-17T13:42:49+00:00\",\"mainEntityOfPage\":{\"@id\":\"https:\/\/noticiasemdestaque.com\/cd\/?p=77150\"},\"wordCount\":250,\"publisher\":{\"@id\":\"https:\/\/noticiasemdestaque.com\/cd\/#organization\"},\"image\":{\"@id\":\"https:\/\/noticiasemdestaque.com\/cd\/?p=77150#primaryimage\"},\"thumbnailUrl\":\"https:\/\/noticiasemdestaque.com\/cd\/wp-content\/uploads\/2026\/03\/WhatsApp-Image-2026-03-16-at-17.32.18-1198x1080-1.jpeg\",\"articleSection\":[\"Cidades\"],\"inLanguage\":\"pt-BR\"},{\"@type\":\"WebPage\",\"@id\":\"https:\/\/noticiasemdestaque.com\/cd\/?p=77150\",\"url\":\"https:\/\/noticiasemdestaque.com\/cd\/?p=77150\",\"name\":\"Prefeitura de Camala\u00fa promove consultas oftalmol\u00f3gicas gratuitas em parceria com o Projeto Vis\u00e3o Total - Not&iacute;cias em Destaque\",\"isPartOf\":{\"@id\":\"https:\/\/noticiasemdestaque.com\/cd\/#website\"},\"primaryImageOfPage\":{\"@id\":\"https:\/\/noticiasemdestaque.com\/cd\/?p=77150#primaryimage\"},\"image\":{\"@id\":\"https:\/\/noticiasemdestaque.com\/cd\/?p=77150#primaryimage\"},\"thumbnailUrl\":\"https:\/\/noticiasemdestaque.com\/cd\/wp-content\/uploads\/2026\/03\/WhatsApp-Image-2026-03-16-at-17.32.18-1198x1080-1.jpeg\",\"datePublished\":\"2026-03-17T13:42:49+00:00\",\"breadcrumb\":{\"@id\":\"https:\/\/noticiasemdestaque.com\/cd\/?p=77150#breadcrumb\"},\"inLanguage\":\"pt-BR\",\"potentialAction\":[{\"@type\":\"ReadAction\",\"target\":[\"https:\/\/noticiasemdestaque.com\/cd\/?p=77150\"]}]},{\"@type\":\"ImageObject\",\"inLanguage\":\"pt-BR\",\"@id\":\"https:\/\/noticiasemdestaque.com\/cd\/?p=77150#primaryimage\",\"url\":\"https:\/\/noticiasemdestaque.com\/cd\/wp-content\/uploads\/2026\/03\/WhatsApp-Image-2026-03-16-at-17.32.18-1198x1080-1.jpeg\",\"contentUrl\":\"https:\/\/noticiasemdestaque.com\/cd\/wp-content\/uploads\/2026\/03\/WhatsApp-Image-2026-03-16-at-17.32.18-1198x1080-1.jpeg\",\"width\":1198,\"height\":1080},{\"@type\":\"BreadcrumbList\",\"@id\":\"https:\/\/noticiasemdestaque.com\/cd\/?p=77150#breadcrumb\",\"itemListElement\":[{\"@type\":\"ListItem\",\"position\":1,\"name\":\"In\u00edcio\",\"item\":\"https:\/\/noticiasemdestaque.com\/cd\/\"},{\"@type\":\"ListItem\",\"position\":2,\"name\":\"Prefeitura de Camala\u00fa promove consultas oftalmol\u00f3gicas gratuitas em parceria com o Projeto Vis\u00e3o Total\"}]},{\"@type\":\"WebSite\",\"@id\":\"https:\/\/noticiasemdestaque.com\/cd\/#website\",\"url\":\"https:\/\/noticiasemdestaque.com\/cd\/\",\"name\":\"Not&iacute;cias em Destaque\",\"description\":\"\",\"publisher\":{\"@id\":\"https:\/\/noticiasemdestaque.com\/cd\/#organization\"},\"potentialAction\":[{\"@type\":\"SearchAction\",\"target\":{\"@type\":\"EntryPoint\",\"urlTemplate\":\"https:\/\/noticiasemdestaque.com\/cd\/?s={search_term_string}\"},\"query-input\":{\"@type\":\"PropertyValueSpecification\",\"valueRequired\":true,\"valueName\":\"search_term_string\"}}],\"inLanguage\":\"pt-BR\"},{\"@type\":\"Organization\",\"@id\":\"https:\/\/noticiasemdestaque.com\/cd\/#organization\",\"name\":\"Not\u00edcias em Destaque\",\"url\":\"https:\/\/noticiasemdestaque.com\/cd\/\",\"logo\":{\"@type\":\"ImageObject\",\"inLanguage\":\"pt-BR\",\"@id\":\"https:\/\/noticiasemdestaque.com\/cd\/#\/schema\/logo\/image\/\",\"url\":\"https:\/\/noticiasemdestaque.com\/cd\/wp-content\/uploads\/2022\/05\/imagem-base-noticiasemdestaque.png\",\"contentUrl\":\"https:\/\/noticiasemdestaque.com\/cd\/wp-content\/uploads\/2022\/05\/imagem-base-noticiasemdestaque.png\",\"width\":1200,\"height\":630,\"caption\":\"Not\u00edcias em Destaque\"},\"image\":{\"@id\":\"https:\/\/noticiasemdestaque.com\/cd\/#\/schema\/logo\/image\/\"}},{\"@type\":\"Person\",\"@id\":\"https:\/\/noticiasemdestaque.com\/cd\/#\/schema\/person\/3e6ba396ff5664a69c392f09a8e1504c\",\"name\":\"Not\u00edcias em Destaque\",\"url\":\"https:\/\/noticiasemdestaque.com\/cd\/?author=2\"}]}<\/script>\n<!-- \/ Yoast SEO plugin. -->","yoast_head_json":{"title":"Prefeitura de Camala\u00fa promove consultas oftalmol\u00f3gicas gratuitas em parceria com o Projeto Vis\u00e3o Total - Not&iacute;cias em Destaque","robots":{"index":"index","follow":"follow","max-snippet":"max-snippet:-1","max-image-preview":"max-image-preview:large","max-video-preview":"max-video-preview:-1"},"canonical":"https:\/\/noticiasemdestaque.com\/cd\/?p=77150","og_locale":"pt_BR","og_type":"article","og_title":"Prefeitura de Camala\u00fa promove consultas oftalmol\u00f3gicas gratuitas em parceria com o Projeto Vis\u00e3o Total - Not&iacute;cias em Destaque","og_description":"A popula\u00e7\u00e3o de Camala\u00fa ter\u00e1 acesso a uma importante a\u00e7\u00e3o voltada \u00e0 sa\u00fade ocular. Em parceria com o Projeto Vis\u00e3o Total, a prefeitura municipal realizar\u00e1 consultas oftalmol\u00f3gicas com uma s\u00e9rie de exames especializados, ampliando o cuidado com a vis\u00e3o dos cidad\u00e3os. De acordo com a programa\u00e7\u00e3o, os atendimentos acontecer\u00e3o em dois locais e datas distintas: no dia 20 de mar\u00e7o, na comunidade de Pindur\u00e3o, e no dia 21 de mar\u00e7o, no Centro de Especialidades Odontol\u00f3gicas (CEO). A iniciativa contempla diversos procedimentos, entre eles teste do olhinho, avalia\u00e7\u00e3o de acuidade visual, refra\u00e7\u00e3o completa, exame dos movimentos oculares, fundoscopia, biomicroscopia, medi\u00e7\u00e3o da press\u00e3o intraocular e ceratometria. Para participar, os interessados devem procurar o agente de sa\u00fade de sua localidade para obter mais informa\u00e7\u00f5es e realizar o agendamento. O prefeito Bira Mariano destacou a relev\u00e2ncia da a\u00e7\u00e3o para a popula\u00e7\u00e3o. \u201cCuidar da sa\u00fade da nossa popula\u00e7\u00e3o \u00e9 uma prioridade da nossa gest\u00e3o. Essa parceria com o Projeto Vis\u00e3o Total garante acesso a exames importantes e contribui diretamente para a qualidade de vida dos camalauenses\u201d, afirmou. A a\u00e7\u00e3o refor\u00e7a o compromisso da gest\u00e3o municipal em ampliar o acesso aos servi\u00e7os de sa\u00fade e promover iniciativas que impactem positivamente o bem-estar da popula\u00e7\u00e3o. Noticias em Destaque Fonte: Focando Para\u00edba","og_url":"https:\/\/noticiasemdestaque.com\/cd\/?p=77150","og_site_name":"Not&iacute;cias em Destaque","article_published_time":"2026-03-17T13:42:49+00:00","og_image":[{"width":1198,"height":1080,"url":"https:\/\/noticiasemdestaque.com\/cd\/wp-content\/uploads\/2026\/03\/WhatsApp-Image-2026-03-16-at-17.32.18-1198x1080-1.jpeg","type":"image\/jpeg"}],"author":"Not\u00edcias em Destaque","twitter_card":"summary_large_image","twitter_misc":{"Escrito por":"Not\u00edcias em Destaque","Est. tempo de leitura":"2 minutos"},"schema":{"@context":"https:\/\/schema.org","@graph":[{"@type":"Article","@id":"https:\/\/noticiasemdestaque.com\/cd\/?p=77150#article","isPartOf":{"@id":"https:\/\/noticiasemdestaque.com\/cd\/?p=77150"},"author":{"name":"Not\u00edcias em Destaque","@id":"https:\/\/noticiasemdestaque.com\/cd\/#\/schema\/person\/3e6ba396ff5664a69c392f09a8e1504c"},"headline":"Prefeitura de Camala\u00fa promove consultas oftalmol\u00f3gicas gratuitas em parceria com o Projeto Vis\u00e3o Total","datePublished":"2026-03-17T13:42:49+00:00","mainEntityOfPage":{"@id":"https:\/\/noticiasemdestaque.com\/cd\/?p=77150"},"wordCount":250,"publisher":{"@id":"https:\/\/noticiasemdestaque.com\/cd\/#organization"},"image":{"@id":"https:\/\/noticiasemdestaque.com\/cd\/?p=77150#primaryimage"},"thumbnailUrl":"https:\/\/noticiasemdestaque.com\/cd\/wp-content\/uploads\/2026\/03\/WhatsApp-Image-2026-03-16-at-17.32.18-1198x1080-1.jpeg","articleSection":["Cidades"],"inLanguage":"pt-BR"},{"@type":"WebPage","@id":"https:\/\/noticiasemdestaque.com\/cd\/?p=77150","url":"https:\/\/noticiasemdestaque.com\/cd\/?p=77150","name":"Prefeitura de Camala\u00fa promove consultas oftalmol\u00f3gicas gratuitas em parceria com o Projeto Vis\u00e3o Total - Not&iacute;cias em Destaque","isPartOf":{"@id":"https:\/\/noticiasemdestaque.com\/cd\/#website"},"primaryImageOfPage":{"@id":"https:\/\/noticiasemdestaque.com\/cd\/?p=77150#primaryimage"},"image":{"@id":"https:\/\/noticiasemdestaque.com\/cd\/?p=77150#primaryimage"},"thumbnailUrl":"https:\/\/noticiasemdestaque.com\/cd\/wp-content\/uploads\/2026\/03\/WhatsApp-Image-2026-03-16-at-17.32.18-1198x1080-1.jpeg","datePublished":"2026-03-17T13:42:49+00:00","breadcrumb":{"@id":"https:\/\/noticiasemdestaque.com\/cd\/?p=77150#breadcrumb"},"inLanguage":"pt-BR","potentialAction":[{"@type":"ReadAction","target":["https:\/\/noticiasemdestaque.com\/cd\/?p=77150"]}]},{"@type":"ImageObject","inLanguage":"pt-BR","@id":"https:\/\/noticiasemdestaque.com\/cd\/?p=77150#primaryimage","url":"https:\/\/noticiasemdestaque.com\/cd\/wp-content\/uploads\/2026\/03\/WhatsApp-Image-2026-03-16-at-17.32.18-1198x1080-1.jpeg","contentUrl":"https:\/\/noticiasemdestaque.com\/cd\/wp-content\/uploads\/2026\/03\/WhatsApp-Image-2026-03-16-at-17.32.18-1198x1080-1.jpeg","width":1198,"height":1080},{"@type":"BreadcrumbList","@id":"https:\/\/noticiasemdestaque.com\/cd\/?p=77150#breadcrumb","itemListElement":[{"@type":"ListItem","position":1,"name":"In\u00edcio","item":"https:\/\/noticiasemdestaque.com\/cd\/"},{"@type":"ListItem","position":2,"name":"Prefeitura de Camala\u00fa promove consultas oftalmol\u00f3gicas gratuitas em parceria com o Projeto Vis\u00e3o Total"}]},{"@type":"WebSite","@id":"https:\/\/noticiasemdestaque.com\/cd\/#website","url":"https:\/\/noticiasemdestaque.com\/cd\/","name":"Not&iacute;cias em Destaque","description":"","publisher":{"@id":"https:\/\/noticiasemdestaque.com\/cd\/#organization"},"potentialAction":[{"@type":"SearchAction","target":{"@type":"EntryPoint","urlTemplate":"https:\/\/noticiasemdestaque.com\/cd\/?s={search_term_string}"},"query-input":{"@type":"PropertyValueSpecification","valueRequired":true,"valueName":"search_term_string"}}],"inLanguage":"pt-BR"},{"@type":"Organization","@id":"https:\/\/noticiasemdestaque.com\/cd\/#organization","name":"Not\u00edcias em Destaque","url":"https:\/\/noticiasemdestaque.com\/cd\/","logo":{"@type":"ImageObject","inLanguage":"pt-BR","@id":"https:\/\/noticiasemdestaque.com\/cd\/#\/schema\/logo\/image\/","url":"https:\/\/noticiasemdestaque.com\/cd\/wp-content\/uploads\/2022\/05\/imagem-base-noticiasemdestaque.png","contentUrl":"https:\/\/noticiasemdestaque.com\/cd\/wp-content\/uploads\/2022\/05\/imagem-base-noticiasemdestaque.png","width":1200,"height":630,"caption":"Not\u00edcias em Destaque"},"image":{"@id":"https:\/\/noticiasemdestaque.com\/cd\/#\/schema\/logo\/image\/"}},{"@type":"Person","@id":"https:\/\/noticiasemdestaque.com\/cd\/#\/schema\/person\/3e6ba396ff5664a69c392f09a8e1504c","name":"Not\u00edcias em Destaque","url":"https:\/\/noticiasemdestaque.com\/cd\/?author=2"}]}},"jetpack_featured_media_url":"https:\/\/noticiasemdestaque.com\/cd\/wp-content\/uploads\/2026\/03\/WhatsApp-Image-2026-03-16-at-17.32.18-1198x1080-1.jpeg","jetpack_sharing_enabled":true,"_links":{"self":[{"href":"https:\/\/noticiasemdestaque.com\/cd\/index.php?rest_route=\/wp\/v2\/posts\/77150","targetHints":{"allow":["GET"]}}],"collection":[{"href":"https:\/\/noticiasemdestaque.com\/cd\/index.php?rest_route=\/wp\/v2\/posts"}],"about":[{"href":"https:\/\/noticiasemdestaque.com\/cd\/index.php?rest_route=\/wp\/v2\/types\/post"}],"author":[{"embeddable":true,"href":"https:\/\/noticiasemdestaque.com\/cd\/index.php?rest_route=\/wp\/v2\/users\/2"}],"replies":[{"embeddable":true,"href":"https:\/\/noticiasemdestaque.com\/cd\/index.php?rest_route=%2Fwp%2Fv2%2Fcomments&post=77150"}],"version-history":[{"count":1,"href":"https:\/\/noticiasemdestaque.com\/cd\/index.php?rest_route=\/wp\/v2\/posts\/77150\/revisions"}],"predecessor-version":[{"id":77152,"href":"https:\/\/noticiasemdestaque.com\/cd\/index.php?rest_route=\/wp\/v2\/posts\/77150\/revisions\/77152"}],"wp:featuredmedia":[{"embeddable":true,"href":"https:\/\/noticiasemdestaque.com\/cd\/index.php?rest_route=\/wp\/v2\/media\/77151"}],"wp:attachment":[{"href":"https:\/\/noticiasemdestaque.com\/cd\/index.php?rest_route=%2Fwp%2Fv2%2Fmedia&parent=77150"}],"wp:term":[{"taxonomy":"category","embeddable":true,"href":"https:\/\/noticiasemdestaque.com\/cd\/index.php?rest_route=%2Fwp%2Fv2%2Fcategories&post=77150"},{"taxonomy":"post_tag","embeddable":true,"href":"https:\/\/noticiasemdestaque.com\/cd\/index.php?rest_route=%2Fwp%2Fv2%2Ftags&post=77150"}],"curies":[{"name":"wp","href":"https:\/\/api.w.org\/{rel}","templated":true}]}}