{"id":77147,"date":"2026-03-17T10:28:36","date_gmt":"2026-03-17T13:28:36","guid":{"rendered":"https:\/\/noticiasemdestaque.com\/cd\/?p=77147"},"modified":"2026-03-17T10:28:36","modified_gmt":"2026-03-17T13:28:36","slug":"evento-tradicional-festa-de-sao-jose-fortalece-cultura-e-fe-em-coxixola-confira-programacao","status":"publish","type":"post","link":"https:\/\/noticiasemdestaque.com\/cd\/?p=77147","title":{"rendered":"Evento tradicional, Festa de S\u00e3o Jos\u00e9 fortalece cultura e f\u00e9 em Coxixola; Confira programa\u00e7\u00e3o"},"content":{"rendered":"<p><a href=\"https:\/\/noticiasemdestaque.com\/cd\/wp-content\/uploads\/2026\/03\/WhatsApp-Image-2026-03-16-at-17.43.11-1280x1080-1.jpeg\"><img fetchpriority=\"high\" decoding=\"async\" class=\" wp-image-77148 aligncenter\" src=\"https:\/\/noticiasemdestaque.com\/cd\/wp-content\/uploads\/2026\/03\/WhatsApp-Image-2026-03-16-at-17.43.11-1280x1080-1-300x253.jpeg\" alt=\"\" width=\"863\" height=\"728\" srcset=\"https:\/\/noticiasemdestaque.com\/cd\/wp-content\/uploads\/2026\/03\/WhatsApp-Image-2026-03-16-at-17.43.11-1280x1080-1-300x253.jpeg 300w, https:\/\/noticiasemdestaque.com\/cd\/wp-content\/uploads\/2026\/03\/WhatsApp-Image-2026-03-16-at-17.43.11-1280x1080-1-1024x864.jpeg 1024w, https:\/\/noticiasemdestaque.com\/cd\/wp-content\/uploads\/2026\/03\/WhatsApp-Image-2026-03-16-at-17.43.11-1280x1080-1-768x648.jpeg 768w, https:\/\/noticiasemdestaque.com\/cd\/wp-content\/uploads\/2026\/03\/WhatsApp-Image-2026-03-16-at-17.43.11-1280x1080-1.jpeg 1280w\" sizes=\"(max-width: 863px) 100vw, 863px\" \/><\/a><\/p>\n<p class=\"wp-block-paragraph\">O munic\u00edpio de Coxixola, no Cariri paraibano, j\u00e1 est\u00e1 em clima de celebra\u00e7\u00e3o com a divulga\u00e7\u00e3o oficial da programa\u00e7\u00e3o da tradicional Festa do Padroeiro S\u00e3o Jos\u00e9 2026. O evento come\u00e7a nesta quarta e segue at\u00e9 s\u00e1bado (21\/03) e promete reunir moradores e visitantes em momentos de f\u00e9, cultura e entretenimento.<\/p>\n<p class=\"wp-block-paragraph\">A programa\u00e7\u00e3o contar\u00e1 com shows em pra\u00e7a p\u00fablica, reunindo artistas de destaque regional. A abertura, amanh\u00e3, ficar\u00e1 por conta de Tiago Em\u00eddio. Na quinta-feira, sobe ao palco Gilsinho do Acordeon. J\u00e1 na sexta-feira, o p\u00fablico poder\u00e1 prestigiar o show de louvor com Teto Fonseca &amp; Banda. Encerrando as festividades, no s\u00e1bado, a anima\u00e7\u00e3o ficar\u00e1 por conta de Forr\u00f3 Kent e Nonato Neto, com in\u00edcio previsto a partir das 22h.<\/p>\n<p class=\"wp-block-paragraph\">Promovida pelo Governo Municipal de Coxixola, a festa \u00e9 considerada uma das mais importantes tradi\u00e7\u00f5es culturais e religiosas da cidade, movimentando a economia local e fortalecendo a identidade do povo coxixolense.<\/p>\n<blockquote>\n<p class=\"wp-block-paragraph\">O prefeito Nelsinho Honorato destacou a relev\u00e2ncia do evento e fez um convite \u00e0 popula\u00e7\u00e3o. \u201cA Festa de S\u00e3o Jos\u00e9 \u00e9 um momento muito especial para o nosso munic\u00edpio, pois une f\u00e9, tradi\u00e7\u00e3o e alegria. Estamos preparando tudo com muito carinho para receber nossa popula\u00e7\u00e3o e os visitantes. Convidamos todos a participarem dessa grande celebra\u00e7\u00e3o, que j\u00e1 faz parte da nossa hist\u00f3ria\u201d, afirmou.<\/p>\n<\/blockquote>\n<p class=\"wp-block-paragraph\">A expectativa \u00e9 de que o evento re\u00fana um grande p\u00fablico durante os quatro dias de programa\u00e7\u00e3o, consolidando mais uma edi\u00e7\u00e3o de sucesso da tradicional festa do padroeiro.<\/p>\n<p><strong>Noticias em Destaque<\/strong><\/p>\n<p class=\"wp-block-paragraph\" style=\"text-align: right;\"><em>Fonte: Focando Para\u00edba<\/em><\/p>\n","protected":false},"excerpt":{"rendered":"<p>O munic\u00edpio de Coxixola, no Cariri paraibano, j\u00e1 est\u00e1 em clima de celebra\u00e7\u00e3o com a divulga\u00e7\u00e3o oficial da programa\u00e7\u00e3o da tradicional Festa do Padroeiro S\u00e3o Jos\u00e9 2026. O evento come\u00e7a nesta quarta e segue at\u00e9 s\u00e1bado (21\/03) e promete reunir moradores e visitantes em momentos de f\u00e9, cultura e entretenimento. A programa\u00e7\u00e3o contar\u00e1 com shows em pra\u00e7a p\u00fablica, reunindo artistas de destaque regional. A abertura, amanh\u00e3, ficar\u00e1 por conta de Tiago Em\u00eddio. Na quinta-feira, sobe ao palco Gilsinho do Acordeon. J\u00e1 na sexta-feira, o p\u00fablico poder\u00e1 prestigiar o show de louvor com Teto Fonseca &amp; Banda. Encerrando as festividades, no s\u00e1bado, a anima\u00e7\u00e3o ficar\u00e1 por conta de Forr\u00f3 Kent e Nonato Neto, com in\u00edcio previsto a partir das 22h. Promovida pelo Governo Municipal de Coxixola, a festa \u00e9 considerada uma das mais importantes tradi\u00e7\u00f5es culturais e religiosas da cidade, movimentando a economia local e fortalecendo a identidade do povo coxixolense. O prefeito Nelsinho Honorato destacou a relev\u00e2ncia do evento e fez um convite \u00e0 popula\u00e7\u00e3o. \u201cA Festa de S\u00e3o Jos\u00e9 \u00e9 um momento muito especial para o nosso munic\u00edpio, pois une f\u00e9, tradi\u00e7\u00e3o e alegria. Estamos preparando tudo com muito carinho para receber nossa popula\u00e7\u00e3o e os visitantes. Convidamos todos a participarem dessa grande celebra\u00e7\u00e3o, que j\u00e1 faz parte da nossa hist\u00f3ria\u201d, afirmou. A expectativa \u00e9 de que o evento re\u00fana um grande p\u00fablico durante os quatro dias de programa\u00e7\u00e3o, consolidando mais uma edi\u00e7\u00e3o de sucesso da tradicional festa do padroeiro. Noticias em Destaque Fonte: Focando Para\u00edba<\/p>\n","protected":false},"author":2,"featured_media":77148,"comment_status":"closed","ping_status":"closed","sticky":false,"template":"","format":"standard","meta":{"_eb_attr":"","_jetpack_memberships_contains_paid_content":false,"footnotes":""},"categories":[4],"tags":[],"class_list":["post-77147","post","type-post","status-publish","format-standard","has-post-thumbnail","hentry","category-politica"],"yoast_head":"<!-- This site is optimized with the Yoast SEO plugin v26.5 - https:\/\/yoast.com\/wordpress\/plugins\/seo\/ -->\n<title>Evento tradicional, Festa de S\u00e3o Jos\u00e9 fortalece cultura e f\u00e9 em Coxixola; Confira programa\u00e7\u00e3o - Not&iacute;cias em Destaque<\/title>\n<meta name=\"robots\" content=\"index, follow, max-snippet:-1, max-image-preview:large, max-video-preview:-1\" \/>\n<link rel=\"canonical\" href=\"https:\/\/noticiasemdestaque.com\/cd\/?p=77147\" \/>\n<meta property=\"og:locale\" content=\"pt_BR\" \/>\n<meta property=\"og:type\" content=\"article\" \/>\n<meta property=\"og:title\" content=\"Evento tradicional, Festa de S\u00e3o Jos\u00e9 fortalece cultura e f\u00e9 em Coxixola; Confira programa\u00e7\u00e3o - Not&iacute;cias em Destaque\" \/>\n<meta property=\"og:description\" content=\"O munic\u00edpio de Coxixola, no Cariri paraibano, j\u00e1 est\u00e1 em clima de celebra\u00e7\u00e3o com a divulga\u00e7\u00e3o oficial da programa\u00e7\u00e3o da tradicional Festa do Padroeiro S\u00e3o Jos\u00e9 2026. O evento come\u00e7a nesta quarta e segue at\u00e9 s\u00e1bado (21\/03) e promete reunir moradores e visitantes em momentos de f\u00e9, cultura e entretenimento. A programa\u00e7\u00e3o contar\u00e1 com shows em pra\u00e7a p\u00fablica, reunindo artistas de destaque regional. A abertura, amanh\u00e3, ficar\u00e1 por conta de Tiago Em\u00eddio. Na quinta-feira, sobe ao palco Gilsinho do Acordeon. J\u00e1 na sexta-feira, o p\u00fablico poder\u00e1 prestigiar o show de louvor com Teto Fonseca &amp; Banda. Encerrando as festividades, no s\u00e1bado, a anima\u00e7\u00e3o ficar\u00e1 por conta de Forr\u00f3 Kent e Nonato Neto, com in\u00edcio previsto a partir das 22h. Promovida pelo Governo Municipal de Coxixola, a festa \u00e9 considerada uma das mais importantes tradi\u00e7\u00f5es culturais e religiosas da cidade, movimentando a economia local e fortalecendo a identidade do povo coxixolense. O prefeito Nelsinho Honorato destacou a relev\u00e2ncia do evento e fez um convite \u00e0 popula\u00e7\u00e3o. \u201cA Festa de S\u00e3o Jos\u00e9 \u00e9 um momento muito especial para o nosso munic\u00edpio, pois une f\u00e9, tradi\u00e7\u00e3o e alegria. Estamos preparando tudo com muito carinho para receber nossa popula\u00e7\u00e3o e os visitantes. Convidamos todos a participarem dessa grande celebra\u00e7\u00e3o, que j\u00e1 faz parte da nossa hist\u00f3ria\u201d, afirmou. A expectativa \u00e9 de que o evento re\u00fana um grande p\u00fablico durante os quatro dias de programa\u00e7\u00e3o, consolidando mais uma edi\u00e7\u00e3o de sucesso da tradicional festa do padroeiro. Noticias em Destaque Fonte: Focando Para\u00edba\" \/>\n<meta property=\"og:url\" content=\"https:\/\/noticiasemdestaque.com\/cd\/?p=77147\" \/>\n<meta property=\"og:site_name\" content=\"Not&iacute;cias em Destaque\" \/>\n<meta property=\"article:published_time\" content=\"2026-03-17T13:28:36+00:00\" \/>\n<meta property=\"og:image\" content=\"https:\/\/noticiasemdestaque.com\/cd\/wp-content\/uploads\/2026\/03\/WhatsApp-Image-2026-03-16-at-17.43.11-1280x1080-1.jpeg\" \/>\n\t<meta property=\"og:image:width\" content=\"1280\" \/>\n\t<meta property=\"og:image:height\" content=\"1080\" \/>\n\t<meta property=\"og:image:type\" content=\"image\/jpeg\" \/>\n<meta name=\"author\" content=\"Not\u00edcias em Destaque\" \/>\n<meta name=\"twitter:card\" content=\"summary_large_image\" \/>\n<meta name=\"twitter:label1\" content=\"Escrito por\" \/>\n\t<meta name=\"twitter:data1\" content=\"Not\u00edcias em Destaque\" \/>\n\t<meta name=\"twitter:label2\" content=\"Est. tempo de leitura\" \/>\n\t<meta name=\"twitter:data2\" content=\"2 minutos\" \/>\n<script type=\"application\/ld+json\" class=\"yoast-schema-graph\">{\"@context\":\"https:\/\/schema.org\",\"@graph\":[{\"@type\":\"Article\",\"@id\":\"https:\/\/noticiasemdestaque.com\/cd\/?p=77147#article\",\"isPartOf\":{\"@id\":\"https:\/\/noticiasemdestaque.com\/cd\/?p=77147\"},\"author\":{\"name\":\"Not\u00edcias em Destaque\",\"@id\":\"https:\/\/noticiasemdestaque.com\/cd\/#\/schema\/person\/3e6ba396ff5664a69c392f09a8e1504c\"},\"headline\":\"Evento tradicional, Festa de S\u00e3o Jos\u00e9 fortalece cultura e f\u00e9 em Coxixola; Confira programa\u00e7\u00e3o\",\"datePublished\":\"2026-03-17T13:28:36+00:00\",\"mainEntityOfPage\":{\"@id\":\"https:\/\/noticiasemdestaque.com\/cd\/?p=77147\"},\"wordCount\":286,\"publisher\":{\"@id\":\"https:\/\/noticiasemdestaque.com\/cd\/#organization\"},\"image\":{\"@id\":\"https:\/\/noticiasemdestaque.com\/cd\/?p=77147#primaryimage\"},\"thumbnailUrl\":\"https:\/\/noticiasemdestaque.com\/cd\/wp-content\/uploads\/2026\/03\/WhatsApp-Image-2026-03-16-at-17.43.11-1280x1080-1.jpeg\",\"articleSection\":[\"Pol\u00edtica\"],\"inLanguage\":\"pt-BR\"},{\"@type\":\"WebPage\",\"@id\":\"https:\/\/noticiasemdestaque.com\/cd\/?p=77147\",\"url\":\"https:\/\/noticiasemdestaque.com\/cd\/?p=77147\",\"name\":\"Evento tradicional, Festa de S\u00e3o Jos\u00e9 fortalece cultura e f\u00e9 em Coxixola; Confira programa\u00e7\u00e3o - Not&iacute;cias em Destaque\",\"isPartOf\":{\"@id\":\"https:\/\/noticiasemdestaque.com\/cd\/#website\"},\"primaryImageOfPage\":{\"@id\":\"https:\/\/noticiasemdestaque.com\/cd\/?p=77147#primaryimage\"},\"image\":{\"@id\":\"https:\/\/noticiasemdestaque.com\/cd\/?p=77147#primaryimage\"},\"thumbnailUrl\":\"https:\/\/noticiasemdestaque.com\/cd\/wp-content\/uploads\/2026\/03\/WhatsApp-Image-2026-03-16-at-17.43.11-1280x1080-1.jpeg\",\"datePublished\":\"2026-03-17T13:28:36+00:00\",\"breadcrumb\":{\"@id\":\"https:\/\/noticiasemdestaque.com\/cd\/?p=77147#breadcrumb\"},\"inLanguage\":\"pt-BR\",\"potentialAction\":[{\"@type\":\"ReadAction\",\"target\":[\"https:\/\/noticiasemdestaque.com\/cd\/?p=77147\"]}]},{\"@type\":\"ImageObject\",\"inLanguage\":\"pt-BR\",\"@id\":\"https:\/\/noticiasemdestaque.com\/cd\/?p=77147#primaryimage\",\"url\":\"https:\/\/noticiasemdestaque.com\/cd\/wp-content\/uploads\/2026\/03\/WhatsApp-Image-2026-03-16-at-17.43.11-1280x1080-1.jpeg\",\"contentUrl\":\"https:\/\/noticiasemdestaque.com\/cd\/wp-content\/uploads\/2026\/03\/WhatsApp-Image-2026-03-16-at-17.43.11-1280x1080-1.jpeg\",\"width\":1280,\"height\":1080},{\"@type\":\"BreadcrumbList\",\"@id\":\"https:\/\/noticiasemdestaque.com\/cd\/?p=77147#breadcrumb\",\"itemListElement\":[{\"@type\":\"ListItem\",\"position\":1,\"name\":\"In\u00edcio\",\"item\":\"https:\/\/noticiasemdestaque.com\/cd\/\"},{\"@type\":\"ListItem\",\"position\":2,\"name\":\"Evento tradicional, Festa de S\u00e3o Jos\u00e9 fortalece cultura e f\u00e9 em Coxixola; Confira programa\u00e7\u00e3o\"}]},{\"@type\":\"WebSite\",\"@id\":\"https:\/\/noticiasemdestaque.com\/cd\/#website\",\"url\":\"https:\/\/noticiasemdestaque.com\/cd\/\",\"name\":\"Not&iacute;cias em Destaque\",\"description\":\"\",\"publisher\":{\"@id\":\"https:\/\/noticiasemdestaque.com\/cd\/#organization\"},\"potentialAction\":[{\"@type\":\"SearchAction\",\"target\":{\"@type\":\"EntryPoint\",\"urlTemplate\":\"https:\/\/noticiasemdestaque.com\/cd\/?s={search_term_string}\"},\"query-input\":{\"@type\":\"PropertyValueSpecification\",\"valueRequired\":true,\"valueName\":\"search_term_string\"}}],\"inLanguage\":\"pt-BR\"},{\"@type\":\"Organization\",\"@id\":\"https:\/\/noticiasemdestaque.com\/cd\/#organization\",\"name\":\"Not\u00edcias em Destaque\",\"url\":\"https:\/\/noticiasemdestaque.com\/cd\/\",\"logo\":{\"@type\":\"ImageObject\",\"inLanguage\":\"pt-BR\",\"@id\":\"https:\/\/noticiasemdestaque.com\/cd\/#\/schema\/logo\/image\/\",\"url\":\"https:\/\/noticiasemdestaque.com\/cd\/wp-content\/uploads\/2022\/05\/imagem-base-noticiasemdestaque.png\",\"contentUrl\":\"https:\/\/noticiasemdestaque.com\/cd\/wp-content\/uploads\/2022\/05\/imagem-base-noticiasemdestaque.png\",\"width\":1200,\"height\":630,\"caption\":\"Not\u00edcias em Destaque\"},\"image\":{\"@id\":\"https:\/\/noticiasemdestaque.com\/cd\/#\/schema\/logo\/image\/\"}},{\"@type\":\"Person\",\"@id\":\"https:\/\/noticiasemdestaque.com\/cd\/#\/schema\/person\/3e6ba396ff5664a69c392f09a8e1504c\",\"name\":\"Not\u00edcias em Destaque\",\"url\":\"https:\/\/noticiasemdestaque.com\/cd\/?author=2\"}]}<\/script>\n<!-- \/ Yoast SEO plugin. -->","yoast_head_json":{"title":"Evento tradicional, Festa de S\u00e3o Jos\u00e9 fortalece cultura e f\u00e9 em Coxixola; Confira programa\u00e7\u00e3o - Not&iacute;cias em Destaque","robots":{"index":"index","follow":"follow","max-snippet":"max-snippet:-1","max-image-preview":"max-image-preview:large","max-video-preview":"max-video-preview:-1"},"canonical":"https:\/\/noticiasemdestaque.com\/cd\/?p=77147","og_locale":"pt_BR","og_type":"article","og_title":"Evento tradicional, Festa de S\u00e3o Jos\u00e9 fortalece cultura e f\u00e9 em Coxixola; Confira programa\u00e7\u00e3o - Not&iacute;cias em Destaque","og_description":"O munic\u00edpio de Coxixola, no Cariri paraibano, j\u00e1 est\u00e1 em clima de celebra\u00e7\u00e3o com a divulga\u00e7\u00e3o oficial da programa\u00e7\u00e3o da tradicional Festa do Padroeiro S\u00e3o Jos\u00e9 2026. O evento come\u00e7a nesta quarta e segue at\u00e9 s\u00e1bado (21\/03) e promete reunir moradores e visitantes em momentos de f\u00e9, cultura e entretenimento. A programa\u00e7\u00e3o contar\u00e1 com shows em pra\u00e7a p\u00fablica, reunindo artistas de destaque regional. A abertura, amanh\u00e3, ficar\u00e1 por conta de Tiago Em\u00eddio. Na quinta-feira, sobe ao palco Gilsinho do Acordeon. J\u00e1 na sexta-feira, o p\u00fablico poder\u00e1 prestigiar o show de louvor com Teto Fonseca &amp; Banda. Encerrando as festividades, no s\u00e1bado, a anima\u00e7\u00e3o ficar\u00e1 por conta de Forr\u00f3 Kent e Nonato Neto, com in\u00edcio previsto a partir das 22h. Promovida pelo Governo Municipal de Coxixola, a festa \u00e9 considerada uma das mais importantes tradi\u00e7\u00f5es culturais e religiosas da cidade, movimentando a economia local e fortalecendo a identidade do povo coxixolense. O prefeito Nelsinho Honorato destacou a relev\u00e2ncia do evento e fez um convite \u00e0 popula\u00e7\u00e3o. \u201cA Festa de S\u00e3o Jos\u00e9 \u00e9 um momento muito especial para o nosso munic\u00edpio, pois une f\u00e9, tradi\u00e7\u00e3o e alegria. Estamos preparando tudo com muito carinho para receber nossa popula\u00e7\u00e3o e os visitantes. Convidamos todos a participarem dessa grande celebra\u00e7\u00e3o, que j\u00e1 faz parte da nossa hist\u00f3ria\u201d, afirmou. A expectativa \u00e9 de que o evento re\u00fana um grande p\u00fablico durante os quatro dias de programa\u00e7\u00e3o, consolidando mais uma edi\u00e7\u00e3o de sucesso da tradicional festa do padroeiro. Noticias em Destaque Fonte: Focando Para\u00edba","og_url":"https:\/\/noticiasemdestaque.com\/cd\/?p=77147","og_site_name":"Not&iacute;cias em Destaque","article_published_time":"2026-03-17T13:28:36+00:00","og_image":[{"width":1280,"height":1080,"url":"https:\/\/noticiasemdestaque.com\/cd\/wp-content\/uploads\/2026\/03\/WhatsApp-Image-2026-03-16-at-17.43.11-1280x1080-1.jpeg","type":"image\/jpeg"}],"author":"Not\u00edcias em Destaque","twitter_card":"summary_large_image","twitter_misc":{"Escrito por":"Not\u00edcias em Destaque","Est. tempo de leitura":"2 minutos"},"schema":{"@context":"https:\/\/schema.org","@graph":[{"@type":"Article","@id":"https:\/\/noticiasemdestaque.com\/cd\/?p=77147#article","isPartOf":{"@id":"https:\/\/noticiasemdestaque.com\/cd\/?p=77147"},"author":{"name":"Not\u00edcias em Destaque","@id":"https:\/\/noticiasemdestaque.com\/cd\/#\/schema\/person\/3e6ba396ff5664a69c392f09a8e1504c"},"headline":"Evento tradicional, Festa de S\u00e3o Jos\u00e9 fortalece cultura e f\u00e9 em Coxixola; Confira programa\u00e7\u00e3o","datePublished":"2026-03-17T13:28:36+00:00","mainEntityOfPage":{"@id":"https:\/\/noticiasemdestaque.com\/cd\/?p=77147"},"wordCount":286,"publisher":{"@id":"https:\/\/noticiasemdestaque.com\/cd\/#organization"},"image":{"@id":"https:\/\/noticiasemdestaque.com\/cd\/?p=77147#primaryimage"},"thumbnailUrl":"https:\/\/noticiasemdestaque.com\/cd\/wp-content\/uploads\/2026\/03\/WhatsApp-Image-2026-03-16-at-17.43.11-1280x1080-1.jpeg","articleSection":["Pol\u00edtica"],"inLanguage":"pt-BR"},{"@type":"WebPage","@id":"https:\/\/noticiasemdestaque.com\/cd\/?p=77147","url":"https:\/\/noticiasemdestaque.com\/cd\/?p=77147","name":"Evento tradicional, Festa de S\u00e3o Jos\u00e9 fortalece cultura e f\u00e9 em Coxixola; Confira programa\u00e7\u00e3o - Not&iacute;cias em Destaque","isPartOf":{"@id":"https:\/\/noticiasemdestaque.com\/cd\/#website"},"primaryImageOfPage":{"@id":"https:\/\/noticiasemdestaque.com\/cd\/?p=77147#primaryimage"},"image":{"@id":"https:\/\/noticiasemdestaque.com\/cd\/?p=77147#primaryimage"},"thumbnailUrl":"https:\/\/noticiasemdestaque.com\/cd\/wp-content\/uploads\/2026\/03\/WhatsApp-Image-2026-03-16-at-17.43.11-1280x1080-1.jpeg","datePublished":"2026-03-17T13:28:36+00:00","breadcrumb":{"@id":"https:\/\/noticiasemdestaque.com\/cd\/?p=77147#breadcrumb"},"inLanguage":"pt-BR","potentialAction":[{"@type":"ReadAction","target":["https:\/\/noticiasemdestaque.com\/cd\/?p=77147"]}]},{"@type":"ImageObject","inLanguage":"pt-BR","@id":"https:\/\/noticiasemdestaque.com\/cd\/?p=77147#primaryimage","url":"https:\/\/noticiasemdestaque.com\/cd\/wp-content\/uploads\/2026\/03\/WhatsApp-Image-2026-03-16-at-17.43.11-1280x1080-1.jpeg","contentUrl":"https:\/\/noticiasemdestaque.com\/cd\/wp-content\/uploads\/2026\/03\/WhatsApp-Image-2026-03-16-at-17.43.11-1280x1080-1.jpeg","width":1280,"height":1080},{"@type":"BreadcrumbList","@id":"https:\/\/noticiasemdestaque.com\/cd\/?p=77147#breadcrumb","itemListElement":[{"@type":"ListItem","position":1,"name":"In\u00edcio","item":"https:\/\/noticiasemdestaque.com\/cd\/"},{"@type":"ListItem","position":2,"name":"Evento tradicional, Festa de S\u00e3o Jos\u00e9 fortalece cultura e f\u00e9 em Coxixola; Confira programa\u00e7\u00e3o"}]},{"@type":"WebSite","@id":"https:\/\/noticiasemdestaque.com\/cd\/#website","url":"https:\/\/noticiasemdestaque.com\/cd\/","name":"Not&iacute;cias em Destaque","description":"","publisher":{"@id":"https:\/\/noticiasemdestaque.com\/cd\/#organization"},"potentialAction":[{"@type":"SearchAction","target":{"@type":"EntryPoint","urlTemplate":"https:\/\/noticiasemdestaque.com\/cd\/?s={search_term_string}"},"query-input":{"@type":"PropertyValueSpecification","valueRequired":true,"valueName":"search_term_string"}}],"inLanguage":"pt-BR"},{"@type":"Organization","@id":"https:\/\/noticiasemdestaque.com\/cd\/#organization","name":"Not\u00edcias em Destaque","url":"https:\/\/noticiasemdestaque.com\/cd\/","logo":{"@type":"ImageObject","inLanguage":"pt-BR","@id":"https:\/\/noticiasemdestaque.com\/cd\/#\/schema\/logo\/image\/","url":"https:\/\/noticiasemdestaque.com\/cd\/wp-content\/uploads\/2022\/05\/imagem-base-noticiasemdestaque.png","contentUrl":"https:\/\/noticiasemdestaque.com\/cd\/wp-content\/uploads\/2022\/05\/imagem-base-noticiasemdestaque.png","width":1200,"height":630,"caption":"Not\u00edcias em Destaque"},"image":{"@id":"https:\/\/noticiasemdestaque.com\/cd\/#\/schema\/logo\/image\/"}},{"@type":"Person","@id":"https:\/\/noticiasemdestaque.com\/cd\/#\/schema\/person\/3e6ba396ff5664a69c392f09a8e1504c","name":"Not\u00edcias em Destaque","url":"https:\/\/noticiasemdestaque.com\/cd\/?author=2"}]}},"jetpack_featured_media_url":"https:\/\/noticiasemdestaque.com\/cd\/wp-content\/uploads\/2026\/03\/WhatsApp-Image-2026-03-16-at-17.43.11-1280x1080-1.jpeg","jetpack_sharing_enabled":true,"_links":{"self":[{"href":"https:\/\/noticiasemdestaque.com\/cd\/index.php?rest_route=\/wp\/v2\/posts\/77147","targetHints":{"allow":["GET"]}}],"collection":[{"href":"https:\/\/noticiasemdestaque.com\/cd\/index.php?rest_route=\/wp\/v2\/posts"}],"about":[{"href":"https:\/\/noticiasemdestaque.com\/cd\/index.php?rest_route=\/wp\/v2\/types\/post"}],"author":[{"embeddable":true,"href":"https:\/\/noticiasemdestaque.com\/cd\/index.php?rest_route=\/wp\/v2\/users\/2"}],"replies":[{"embeddable":true,"href":"https:\/\/noticiasemdestaque.com\/cd\/index.php?rest_route=%2Fwp%2Fv2%2Fcomments&post=77147"}],"version-history":[{"count":1,"href":"https:\/\/noticiasemdestaque.com\/cd\/index.php?rest_route=\/wp\/v2\/posts\/77147\/revisions"}],"predecessor-version":[{"id":77149,"href":"https:\/\/noticiasemdestaque.com\/cd\/index.php?rest_route=\/wp\/v2\/posts\/77147\/revisions\/77149"}],"wp:featuredmedia":[{"embeddable":true,"href":"https:\/\/noticiasemdestaque.com\/cd\/index.php?rest_route=\/wp\/v2\/media\/77148"}],"wp:attachment":[{"href":"https:\/\/noticiasemdestaque.com\/cd\/index.php?rest_route=%2Fwp%2Fv2%2Fmedia&parent=77147"}],"wp:term":[{"taxonomy":"category","embeddable":true,"href":"https:\/\/noticiasemdestaque.com\/cd\/index.php?rest_route=%2Fwp%2Fv2%2Fcategories&post=77147"},{"taxonomy":"post_tag","embeddable":true,"href":"https:\/\/noticiasemdestaque.com\/cd\/index.php?rest_route=%2Fwp%2Fv2%2Ftags&post=77147"}],"curies":[{"name":"wp","href":"https:\/\/api.w.org\/{rel}","templated":true}]}}