{"id":77133,"date":"2026-03-16T20:33:14","date_gmt":"2026-03-16T23:33:14","guid":{"rendered":"https:\/\/noticiasemdestaque.com\/cd\/?p=77133"},"modified":"2026-03-16T20:33:14","modified_gmt":"2026-03-16T23:33:14","slug":"prefeito-nelsinho-honorato-anuncia-data-para-comemoracao-da-festa-dos-32-anos-de-coxixola","status":"publish","type":"post","link":"https:\/\/noticiasemdestaque.com\/cd\/?p=77133","title":{"rendered":"Prefeito Nelsinho Honorato anuncia data para comemora\u00e7\u00e3o da festa dos 32 anos de Coxixola"},"content":{"rendered":"<p><a href=\"https:\/\/noticiasemdestaque.com\/cd\/wp-content\/uploads\/2026\/03\/WhatsApp-Image-2026-03-16-at-19.10.31.jpeg\"><img fetchpriority=\"high\" decoding=\"async\" class=\" wp-image-77134 aligncenter\" src=\"https:\/\/noticiasemdestaque.com\/cd\/wp-content\/uploads\/2026\/03\/WhatsApp-Image-2026-03-16-at-19.10.31-296x300.jpeg\" alt=\"\" width=\"891\" height=\"903\" srcset=\"https:\/\/noticiasemdestaque.com\/cd\/wp-content\/uploads\/2026\/03\/WhatsApp-Image-2026-03-16-at-19.10.31-296x300.jpeg 296w, https:\/\/noticiasemdestaque.com\/cd\/wp-content\/uploads\/2026\/03\/WhatsApp-Image-2026-03-16-at-19.10.31-1012x1024.jpeg 1012w, https:\/\/noticiasemdestaque.com\/cd\/wp-content\/uploads\/2026\/03\/WhatsApp-Image-2026-03-16-at-19.10.31-768x777.jpeg 768w, https:\/\/noticiasemdestaque.com\/cd\/wp-content\/uploads\/2026\/03\/WhatsApp-Image-2026-03-16-at-19.10.31.jpeg 1079w\" sizes=\"(max-width: 891px) 100vw, 891px\" \/><\/a><\/p>\n<p>O prefeito de Nelsinho Honorato anunciou a data oficial da grande festa em comemora\u00e7\u00e3o ao anivers\u00e1rio de 32 anos da cidade de Coxixola, no Cariri paraibano. De acordo com o gestor, a celebra\u00e7\u00e3o acontecer\u00e1 no dia 29 de abril e dever\u00e1 reunir a popula\u00e7\u00e3o e visitantes em um grande evento festivo.<\/p>\n<p>Segundo o prefeito, a gest\u00e3o municipal j\u00e1 est\u00e1 organizando a programa\u00e7\u00e3o para marcar mais um ano de emancipa\u00e7\u00e3o pol\u00edtica do munic\u00edpio, com uma festa especial preparada para os moradores e para todos que costumam prestigiar o evento.<\/p>\n<p>Nelsinho Honorato destacou que a administra\u00e7\u00e3o est\u00e1 trabalhando para realizar uma comemora\u00e7\u00e3o \u00e0 altura da hist\u00f3ria e da import\u00e2ncia de Coxixola.<\/p>\n<p>O gestor tamb\u00e9m adiantou que as atra\u00e7\u00f5es musicais que ir\u00e3o se apresentar na festa ser\u00e3o anunciadas em breve, aumentando a expectativa do p\u00fablico para a programa\u00e7\u00e3o deste ano.<\/p>\n<p>A festa de anivers\u00e1rio de Coxixola tradicionalmente movimenta a cidade, reunindo moradores, e milhares de visitantes.<\/p>\n<p><strong>Noticias em Destaque<\/strong><\/p>\n","protected":false},"excerpt":{"rendered":"<p>O prefeito de Nelsinho Honorato anunciou a data oficial da grande festa em comemora\u00e7\u00e3o ao anivers\u00e1rio de 32 anos da cidade de Coxixola, no Cariri paraibano. De acordo com o gestor, a celebra\u00e7\u00e3o acontecer\u00e1 no dia 29 de abril e dever\u00e1 reunir a popula\u00e7\u00e3o e visitantes em um grande evento festivo. Segundo o prefeito, a gest\u00e3o municipal j\u00e1 est\u00e1 organizando a programa\u00e7\u00e3o para marcar mais um ano de emancipa\u00e7\u00e3o pol\u00edtica do munic\u00edpio, com uma festa especial preparada para os moradores e para todos que costumam prestigiar o evento. Nelsinho Honorato destacou que a administra\u00e7\u00e3o est\u00e1 trabalhando para realizar uma comemora\u00e7\u00e3o \u00e0 altura da hist\u00f3ria e da import\u00e2ncia de Coxixola. O gestor tamb\u00e9m adiantou que as atra\u00e7\u00f5es musicais que ir\u00e3o se apresentar na festa ser\u00e3o anunciadas em breve, aumentando a expectativa do p\u00fablico para a programa\u00e7\u00e3o deste ano. A festa de anivers\u00e1rio de Coxixola tradicionalmente movimenta a cidade, reunindo moradores, e milhares de visitantes. Noticias em Destaque<\/p>\n","protected":false},"author":2,"featured_media":77134,"comment_status":"closed","ping_status":"closed","sticky":false,"template":"","format":"standard","meta":{"_eb_attr":"","_jetpack_memberships_contains_paid_content":false,"footnotes":""},"categories":[4],"tags":[],"class_list":["post-77133","post","type-post","status-publish","format-standard","has-post-thumbnail","hentry","category-politica"],"yoast_head":"<!-- This site is optimized with the Yoast SEO plugin v26.5 - https:\/\/yoast.com\/wordpress\/plugins\/seo\/ -->\n<title>Prefeito Nelsinho Honorato anuncia data para comemora\u00e7\u00e3o da festa dos 32 anos de Coxixola - Not&iacute;cias em Destaque<\/title>\n<meta name=\"robots\" content=\"index, follow, max-snippet:-1, max-image-preview:large, max-video-preview:-1\" \/>\n<link rel=\"canonical\" href=\"https:\/\/noticiasemdestaque.com\/cd\/?p=77133\" \/>\n<meta property=\"og:locale\" content=\"pt_BR\" \/>\n<meta property=\"og:type\" content=\"article\" \/>\n<meta property=\"og:title\" content=\"Prefeito Nelsinho Honorato anuncia data para comemora\u00e7\u00e3o da festa dos 32 anos de Coxixola - Not&iacute;cias em Destaque\" \/>\n<meta property=\"og:description\" content=\"O prefeito de Nelsinho Honorato anunciou a data oficial da grande festa em comemora\u00e7\u00e3o ao anivers\u00e1rio de 32 anos da cidade de Coxixola, no Cariri paraibano. De acordo com o gestor, a celebra\u00e7\u00e3o acontecer\u00e1 no dia 29 de abril e dever\u00e1 reunir a popula\u00e7\u00e3o e visitantes em um grande evento festivo. Segundo o prefeito, a gest\u00e3o municipal j\u00e1 est\u00e1 organizando a programa\u00e7\u00e3o para marcar mais um ano de emancipa\u00e7\u00e3o pol\u00edtica do munic\u00edpio, com uma festa especial preparada para os moradores e para todos que costumam prestigiar o evento. Nelsinho Honorato destacou que a administra\u00e7\u00e3o est\u00e1 trabalhando para realizar uma comemora\u00e7\u00e3o \u00e0 altura da hist\u00f3ria e da import\u00e2ncia de Coxixola. O gestor tamb\u00e9m adiantou que as atra\u00e7\u00f5es musicais que ir\u00e3o se apresentar na festa ser\u00e3o anunciadas em breve, aumentando a expectativa do p\u00fablico para a programa\u00e7\u00e3o deste ano. A festa de anivers\u00e1rio de Coxixola tradicionalmente movimenta a cidade, reunindo moradores, e milhares de visitantes. Noticias em Destaque\" \/>\n<meta property=\"og:url\" content=\"https:\/\/noticiasemdestaque.com\/cd\/?p=77133\" \/>\n<meta property=\"og:site_name\" content=\"Not&iacute;cias em Destaque\" \/>\n<meta property=\"article:published_time\" content=\"2026-03-16T23:33:14+00:00\" \/>\n<meta property=\"og:image\" content=\"https:\/\/noticiasemdestaque.com\/cd\/wp-content\/uploads\/2026\/03\/WhatsApp-Image-2026-03-16-at-19.10.31.jpeg\" \/>\n\t<meta property=\"og:image:width\" content=\"1079\" \/>\n\t<meta property=\"og:image:height\" content=\"1092\" \/>\n\t<meta property=\"og:image:type\" content=\"image\/jpeg\" \/>\n<meta name=\"author\" content=\"Not\u00edcias em Destaque\" \/>\n<meta name=\"twitter:card\" content=\"summary_large_image\" \/>\n<meta name=\"twitter:label1\" content=\"Escrito por\" \/>\n\t<meta name=\"twitter:data1\" content=\"Not\u00edcias em Destaque\" \/>\n\t<meta name=\"twitter:label2\" content=\"Est. tempo de leitura\" \/>\n\t<meta name=\"twitter:data2\" content=\"2 minutos\" \/>\n<script type=\"application\/ld+json\" class=\"yoast-schema-graph\">{\"@context\":\"https:\/\/schema.org\",\"@graph\":[{\"@type\":\"Article\",\"@id\":\"https:\/\/noticiasemdestaque.com\/cd\/?p=77133#article\",\"isPartOf\":{\"@id\":\"https:\/\/noticiasemdestaque.com\/cd\/?p=77133\"},\"author\":{\"name\":\"Not\u00edcias em Destaque\",\"@id\":\"https:\/\/noticiasemdestaque.com\/cd\/#\/schema\/person\/3e6ba396ff5664a69c392f09a8e1504c\"},\"headline\":\"Prefeito Nelsinho Honorato anuncia data para comemora\u00e7\u00e3o da festa dos 32 anos de Coxixola\",\"datePublished\":\"2026-03-16T23:33:14+00:00\",\"mainEntityOfPage\":{\"@id\":\"https:\/\/noticiasemdestaque.com\/cd\/?p=77133\"},\"wordCount\":187,\"publisher\":{\"@id\":\"https:\/\/noticiasemdestaque.com\/cd\/#organization\"},\"image\":{\"@id\":\"https:\/\/noticiasemdestaque.com\/cd\/?p=77133#primaryimage\"},\"thumbnailUrl\":\"https:\/\/noticiasemdestaque.com\/cd\/wp-content\/uploads\/2026\/03\/WhatsApp-Image-2026-03-16-at-19.10.31.jpeg\",\"articleSection\":[\"Pol\u00edtica\"],\"inLanguage\":\"pt-BR\"},{\"@type\":\"WebPage\",\"@id\":\"https:\/\/noticiasemdestaque.com\/cd\/?p=77133\",\"url\":\"https:\/\/noticiasemdestaque.com\/cd\/?p=77133\",\"name\":\"Prefeito Nelsinho Honorato anuncia data para comemora\u00e7\u00e3o da festa dos 32 anos de Coxixola - Not&iacute;cias em Destaque\",\"isPartOf\":{\"@id\":\"https:\/\/noticiasemdestaque.com\/cd\/#website\"},\"primaryImageOfPage\":{\"@id\":\"https:\/\/noticiasemdestaque.com\/cd\/?p=77133#primaryimage\"},\"image\":{\"@id\":\"https:\/\/noticiasemdestaque.com\/cd\/?p=77133#primaryimage\"},\"thumbnailUrl\":\"https:\/\/noticiasemdestaque.com\/cd\/wp-content\/uploads\/2026\/03\/WhatsApp-Image-2026-03-16-at-19.10.31.jpeg\",\"datePublished\":\"2026-03-16T23:33:14+00:00\",\"breadcrumb\":{\"@id\":\"https:\/\/noticiasemdestaque.com\/cd\/?p=77133#breadcrumb\"},\"inLanguage\":\"pt-BR\",\"potentialAction\":[{\"@type\":\"ReadAction\",\"target\":[\"https:\/\/noticiasemdestaque.com\/cd\/?p=77133\"]}]},{\"@type\":\"ImageObject\",\"inLanguage\":\"pt-BR\",\"@id\":\"https:\/\/noticiasemdestaque.com\/cd\/?p=77133#primaryimage\",\"url\":\"https:\/\/noticiasemdestaque.com\/cd\/wp-content\/uploads\/2026\/03\/WhatsApp-Image-2026-03-16-at-19.10.31.jpeg\",\"contentUrl\":\"https:\/\/noticiasemdestaque.com\/cd\/wp-content\/uploads\/2026\/03\/WhatsApp-Image-2026-03-16-at-19.10.31.jpeg\",\"width\":1079,\"height\":1092},{\"@type\":\"BreadcrumbList\",\"@id\":\"https:\/\/noticiasemdestaque.com\/cd\/?p=77133#breadcrumb\",\"itemListElement\":[{\"@type\":\"ListItem\",\"position\":1,\"name\":\"In\u00edcio\",\"item\":\"https:\/\/noticiasemdestaque.com\/cd\/\"},{\"@type\":\"ListItem\",\"position\":2,\"name\":\"Prefeito Nelsinho Honorato anuncia data para comemora\u00e7\u00e3o da festa dos 32 anos de Coxixola\"}]},{\"@type\":\"WebSite\",\"@id\":\"https:\/\/noticiasemdestaque.com\/cd\/#website\",\"url\":\"https:\/\/noticiasemdestaque.com\/cd\/\",\"name\":\"Not&iacute;cias em Destaque\",\"description\":\"\",\"publisher\":{\"@id\":\"https:\/\/noticiasemdestaque.com\/cd\/#organization\"},\"potentialAction\":[{\"@type\":\"SearchAction\",\"target\":{\"@type\":\"EntryPoint\",\"urlTemplate\":\"https:\/\/noticiasemdestaque.com\/cd\/?s={search_term_string}\"},\"query-input\":{\"@type\":\"PropertyValueSpecification\",\"valueRequired\":true,\"valueName\":\"search_term_string\"}}],\"inLanguage\":\"pt-BR\"},{\"@type\":\"Organization\",\"@id\":\"https:\/\/noticiasemdestaque.com\/cd\/#organization\",\"name\":\"Not\u00edcias em Destaque\",\"url\":\"https:\/\/noticiasemdestaque.com\/cd\/\",\"logo\":{\"@type\":\"ImageObject\",\"inLanguage\":\"pt-BR\",\"@id\":\"https:\/\/noticiasemdestaque.com\/cd\/#\/schema\/logo\/image\/\",\"url\":\"https:\/\/noticiasemdestaque.com\/cd\/wp-content\/uploads\/2022\/05\/imagem-base-noticiasemdestaque.png\",\"contentUrl\":\"https:\/\/noticiasemdestaque.com\/cd\/wp-content\/uploads\/2022\/05\/imagem-base-noticiasemdestaque.png\",\"width\":1200,\"height\":630,\"caption\":\"Not\u00edcias em Destaque\"},\"image\":{\"@id\":\"https:\/\/noticiasemdestaque.com\/cd\/#\/schema\/logo\/image\/\"}},{\"@type\":\"Person\",\"@id\":\"https:\/\/noticiasemdestaque.com\/cd\/#\/schema\/person\/3e6ba396ff5664a69c392f09a8e1504c\",\"name\":\"Not\u00edcias em Destaque\",\"url\":\"https:\/\/noticiasemdestaque.com\/cd\/?author=2\"}]}<\/script>\n<!-- \/ Yoast SEO plugin. -->","yoast_head_json":{"title":"Prefeito Nelsinho Honorato anuncia data para comemora\u00e7\u00e3o da festa dos 32 anos de Coxixola - Not&iacute;cias em Destaque","robots":{"index":"index","follow":"follow","max-snippet":"max-snippet:-1","max-image-preview":"max-image-preview:large","max-video-preview":"max-video-preview:-1"},"canonical":"https:\/\/noticiasemdestaque.com\/cd\/?p=77133","og_locale":"pt_BR","og_type":"article","og_title":"Prefeito Nelsinho Honorato anuncia data para comemora\u00e7\u00e3o da festa dos 32 anos de Coxixola - Not&iacute;cias em Destaque","og_description":"O prefeito de Nelsinho Honorato anunciou a data oficial da grande festa em comemora\u00e7\u00e3o ao anivers\u00e1rio de 32 anos da cidade de Coxixola, no Cariri paraibano. De acordo com o gestor, a celebra\u00e7\u00e3o acontecer\u00e1 no dia 29 de abril e dever\u00e1 reunir a popula\u00e7\u00e3o e visitantes em um grande evento festivo. Segundo o prefeito, a gest\u00e3o municipal j\u00e1 est\u00e1 organizando a programa\u00e7\u00e3o para marcar mais um ano de emancipa\u00e7\u00e3o pol\u00edtica do munic\u00edpio, com uma festa especial preparada para os moradores e para todos que costumam prestigiar o evento. Nelsinho Honorato destacou que a administra\u00e7\u00e3o est\u00e1 trabalhando para realizar uma comemora\u00e7\u00e3o \u00e0 altura da hist\u00f3ria e da import\u00e2ncia de Coxixola. O gestor tamb\u00e9m adiantou que as atra\u00e7\u00f5es musicais que ir\u00e3o se apresentar na festa ser\u00e3o anunciadas em breve, aumentando a expectativa do p\u00fablico para a programa\u00e7\u00e3o deste ano. A festa de anivers\u00e1rio de Coxixola tradicionalmente movimenta a cidade, reunindo moradores, e milhares de visitantes. Noticias em Destaque","og_url":"https:\/\/noticiasemdestaque.com\/cd\/?p=77133","og_site_name":"Not&iacute;cias em Destaque","article_published_time":"2026-03-16T23:33:14+00:00","og_image":[{"width":1079,"height":1092,"url":"https:\/\/noticiasemdestaque.com\/cd\/wp-content\/uploads\/2026\/03\/WhatsApp-Image-2026-03-16-at-19.10.31.jpeg","type":"image\/jpeg"}],"author":"Not\u00edcias em Destaque","twitter_card":"summary_large_image","twitter_misc":{"Escrito por":"Not\u00edcias em Destaque","Est. tempo de leitura":"2 minutos"},"schema":{"@context":"https:\/\/schema.org","@graph":[{"@type":"Article","@id":"https:\/\/noticiasemdestaque.com\/cd\/?p=77133#article","isPartOf":{"@id":"https:\/\/noticiasemdestaque.com\/cd\/?p=77133"},"author":{"name":"Not\u00edcias em Destaque","@id":"https:\/\/noticiasemdestaque.com\/cd\/#\/schema\/person\/3e6ba396ff5664a69c392f09a8e1504c"},"headline":"Prefeito Nelsinho Honorato anuncia data para comemora\u00e7\u00e3o da festa dos 32 anos de Coxixola","datePublished":"2026-03-16T23:33:14+00:00","mainEntityOfPage":{"@id":"https:\/\/noticiasemdestaque.com\/cd\/?p=77133"},"wordCount":187,"publisher":{"@id":"https:\/\/noticiasemdestaque.com\/cd\/#organization"},"image":{"@id":"https:\/\/noticiasemdestaque.com\/cd\/?p=77133#primaryimage"},"thumbnailUrl":"https:\/\/noticiasemdestaque.com\/cd\/wp-content\/uploads\/2026\/03\/WhatsApp-Image-2026-03-16-at-19.10.31.jpeg","articleSection":["Pol\u00edtica"],"inLanguage":"pt-BR"},{"@type":"WebPage","@id":"https:\/\/noticiasemdestaque.com\/cd\/?p=77133","url":"https:\/\/noticiasemdestaque.com\/cd\/?p=77133","name":"Prefeito Nelsinho Honorato anuncia data para comemora\u00e7\u00e3o da festa dos 32 anos de Coxixola - Not&iacute;cias em Destaque","isPartOf":{"@id":"https:\/\/noticiasemdestaque.com\/cd\/#website"},"primaryImageOfPage":{"@id":"https:\/\/noticiasemdestaque.com\/cd\/?p=77133#primaryimage"},"image":{"@id":"https:\/\/noticiasemdestaque.com\/cd\/?p=77133#primaryimage"},"thumbnailUrl":"https:\/\/noticiasemdestaque.com\/cd\/wp-content\/uploads\/2026\/03\/WhatsApp-Image-2026-03-16-at-19.10.31.jpeg","datePublished":"2026-03-16T23:33:14+00:00","breadcrumb":{"@id":"https:\/\/noticiasemdestaque.com\/cd\/?p=77133#breadcrumb"},"inLanguage":"pt-BR","potentialAction":[{"@type":"ReadAction","target":["https:\/\/noticiasemdestaque.com\/cd\/?p=77133"]}]},{"@type":"ImageObject","inLanguage":"pt-BR","@id":"https:\/\/noticiasemdestaque.com\/cd\/?p=77133#primaryimage","url":"https:\/\/noticiasemdestaque.com\/cd\/wp-content\/uploads\/2026\/03\/WhatsApp-Image-2026-03-16-at-19.10.31.jpeg","contentUrl":"https:\/\/noticiasemdestaque.com\/cd\/wp-content\/uploads\/2026\/03\/WhatsApp-Image-2026-03-16-at-19.10.31.jpeg","width":1079,"height":1092},{"@type":"BreadcrumbList","@id":"https:\/\/noticiasemdestaque.com\/cd\/?p=77133#breadcrumb","itemListElement":[{"@type":"ListItem","position":1,"name":"In\u00edcio","item":"https:\/\/noticiasemdestaque.com\/cd\/"},{"@type":"ListItem","position":2,"name":"Prefeito Nelsinho Honorato anuncia data para comemora\u00e7\u00e3o da festa dos 32 anos de Coxixola"}]},{"@type":"WebSite","@id":"https:\/\/noticiasemdestaque.com\/cd\/#website","url":"https:\/\/noticiasemdestaque.com\/cd\/","name":"Not&iacute;cias em Destaque","description":"","publisher":{"@id":"https:\/\/noticiasemdestaque.com\/cd\/#organization"},"potentialAction":[{"@type":"SearchAction","target":{"@type":"EntryPoint","urlTemplate":"https:\/\/noticiasemdestaque.com\/cd\/?s={search_term_string}"},"query-input":{"@type":"PropertyValueSpecification","valueRequired":true,"valueName":"search_term_string"}}],"inLanguage":"pt-BR"},{"@type":"Organization","@id":"https:\/\/noticiasemdestaque.com\/cd\/#organization","name":"Not\u00edcias em Destaque","url":"https:\/\/noticiasemdestaque.com\/cd\/","logo":{"@type":"ImageObject","inLanguage":"pt-BR","@id":"https:\/\/noticiasemdestaque.com\/cd\/#\/schema\/logo\/image\/","url":"https:\/\/noticiasemdestaque.com\/cd\/wp-content\/uploads\/2022\/05\/imagem-base-noticiasemdestaque.png","contentUrl":"https:\/\/noticiasemdestaque.com\/cd\/wp-content\/uploads\/2022\/05\/imagem-base-noticiasemdestaque.png","width":1200,"height":630,"caption":"Not\u00edcias em Destaque"},"image":{"@id":"https:\/\/noticiasemdestaque.com\/cd\/#\/schema\/logo\/image\/"}},{"@type":"Person","@id":"https:\/\/noticiasemdestaque.com\/cd\/#\/schema\/person\/3e6ba396ff5664a69c392f09a8e1504c","name":"Not\u00edcias em Destaque","url":"https:\/\/noticiasemdestaque.com\/cd\/?author=2"}]}},"jetpack_featured_media_url":"https:\/\/noticiasemdestaque.com\/cd\/wp-content\/uploads\/2026\/03\/WhatsApp-Image-2026-03-16-at-19.10.31.jpeg","jetpack_sharing_enabled":true,"_links":{"self":[{"href":"https:\/\/noticiasemdestaque.com\/cd\/index.php?rest_route=\/wp\/v2\/posts\/77133","targetHints":{"allow":["GET"]}}],"collection":[{"href":"https:\/\/noticiasemdestaque.com\/cd\/index.php?rest_route=\/wp\/v2\/posts"}],"about":[{"href":"https:\/\/noticiasemdestaque.com\/cd\/index.php?rest_route=\/wp\/v2\/types\/post"}],"author":[{"embeddable":true,"href":"https:\/\/noticiasemdestaque.com\/cd\/index.php?rest_route=\/wp\/v2\/users\/2"}],"replies":[{"embeddable":true,"href":"https:\/\/noticiasemdestaque.com\/cd\/index.php?rest_route=%2Fwp%2Fv2%2Fcomments&post=77133"}],"version-history":[{"count":1,"href":"https:\/\/noticiasemdestaque.com\/cd\/index.php?rest_route=\/wp\/v2\/posts\/77133\/revisions"}],"predecessor-version":[{"id":77135,"href":"https:\/\/noticiasemdestaque.com\/cd\/index.php?rest_route=\/wp\/v2\/posts\/77133\/revisions\/77135"}],"wp:featuredmedia":[{"embeddable":true,"href":"https:\/\/noticiasemdestaque.com\/cd\/index.php?rest_route=\/wp\/v2\/media\/77134"}],"wp:attachment":[{"href":"https:\/\/noticiasemdestaque.com\/cd\/index.php?rest_route=%2Fwp%2Fv2%2Fmedia&parent=77133"}],"wp:term":[{"taxonomy":"category","embeddable":true,"href":"https:\/\/noticiasemdestaque.com\/cd\/index.php?rest_route=%2Fwp%2Fv2%2Fcategories&post=77133"},{"taxonomy":"post_tag","embeddable":true,"href":"https:\/\/noticiasemdestaque.com\/cd\/index.php?rest_route=%2Fwp%2Fv2%2Ftags&post=77133"}],"curies":[{"name":"wp","href":"https:\/\/api.w.org\/{rel}","templated":true}]}}