{"id":7713,"date":"2018-02-01T07:00:48","date_gmt":"2018-02-01T10:00:48","guid":{"rendered":"http:\/\/caririemdestaque.com\/cd\/?p=7713"},"modified":"2018-02-01T07:20:16","modified_gmt":"2018-02-01T10:20:16","slug":"prefeito-eden-e-vereadores-participam-de-entrega-de-equipamentos-do-procase-em-associacao-rural-de-sume","status":"publish","type":"post","link":"https:\/\/noticiasemdestaque.com\/cd\/?p=7713","title":{"rendered":"Prefeito \u00c9den e vereadores participam de entrega de equipamentos do Procase em associa\u00e7\u00e3o rural de Sum\u00e9"},"content":{"rendered":"<p><a href=\"http:\/\/caririemdestaque.com\/cd\/wp-content\/uploads\/2018\/01\/DSC_0098.jpg\"><img fetchpriority=\"high\" decoding=\"async\" class=\"size-medium wp-image-7714 alignleft\" src=\"http:\/\/caririemdestaque.com\/cd\/wp-content\/uploads\/2018\/01\/DSC_0098-300x200.jpg\" alt=\"\" width=\"300\" height=\"200\" srcset=\"https:\/\/noticiasemdestaque.com\/cd\/wp-content\/uploads\/2018\/01\/DSC_0098-300x200.jpg 300w, https:\/\/noticiasemdestaque.com\/cd\/wp-content\/uploads\/2018\/01\/DSC_0098-768x511.jpg 768w, https:\/\/noticiasemdestaque.com\/cd\/wp-content\/uploads\/2018\/01\/DSC_0098.jpg 1024w, https:\/\/noticiasemdestaque.com\/cd\/wp-content\/uploads\/2018\/01\/DSC_0098-480x320.jpg 480w\" sizes=\"(max-width: 300px) 100vw, 300px\" \/><\/a>A comunidade rural do Assentamento Mandacaru, da Associa\u00e7\u00e3o Alvorada, zona rural de Sum\u00e9, recebeu na ter\u00e7a-feira (30\/01) alguns equipamentos agr\u00edcolas entregues pelo Projeto de Desenvolvimento Sustent\u00e1vel do Cariri, Serid\u00f3 e Curimata\u00fa (Procase).<\/p>\n<p>Objetivando incentivar a produ\u00e7\u00e3o e o armazenamento de forragem, os associados receberam uma caixa d\u2019\u00e1gua de fibra de vidro de cinco mil litros, uma bomba submersa, uma enfardadeira, uma ensiladeira acopl\u00e1vel ao trator, um silo tipo cincho e uma ro\u00e7adeira costal motorizada. Esses equipamentos integram o projeto produtivo apoiado pelo Procase.<\/p>\n<p>A entrega foi feita pela equipe do Procase atrav\u00e9s da Mobilizadora Social , Joseane Bezerra (Joia), a participa\u00e7\u00e3o do prefeito de Sum\u00e9, \u00c9den Duarte, do vice-prefeito, Dr\u00f3, do secret\u00e1rio de Obras e Agricultura, Isca Viana, dos vereadores Bomba, Br\u00edgida Xavier, Daniel L\u00eala e Ant\u00f4nio Carlos Sarmento.<\/p>\n<p>Em rela\u00e7\u00e3o ao projeto da Associa\u00e7\u00e3o Alvorada ainda ser\u00e3o entregues 40 matrizes caprinas com dois reprodutores e 10 mil raquetes de palmas.<\/p>\n<p>Ainda no Assentamento Mandacaru, o Governo do Estado estar\u00e1 investindo atrav\u00e9s de um projeto produtivo na Associa\u00e7\u00e3o SEMA.<\/p>\n<p>Coordenado por Aristeu Chaves, ex-prefeito de Camala\u00fa, o Procase \u00e9 fruto da parceria entre o Governo do Estado da Para\u00edba e o Fundo Internacional de Desenvolvimento Agr\u00edcola (Fida), beneficia 56 munic\u00edpios do semi\u00e1rido paraibano e visa fortalecer a agricultura familiar e contribuir para o desenvolvimento rural sustent\u00e1vel.<\/p>\n<p>https:\/\/www.facebook.com\/media\/set\/?set=a.1212956625504532.1073741907.1051584748308388&#038;type=3<\/p>\n<p><em><strong>Cariri em Destaque\u00a0<\/strong><\/em><\/p>\n<p>Ascom\/PMS<\/p>\n","protected":false},"excerpt":{"rendered":"<p>A comunidade rural do Assentamento Mandacaru, da Associa\u00e7\u00e3o Alvorada, zona rural de Sum\u00e9, recebeu na ter\u00e7a-feira (30\/01) alguns equipamentos agr\u00edcolas entregues pelo Projeto de Desenvolvimento Sustent\u00e1vel do Cariri, Serid\u00f3 e Curimata\u00fa (Procase). Objetivando incentivar a produ\u00e7\u00e3o e o armazenamento de forragem, os associados receberam uma caixa d\u2019\u00e1gua de fibra de vidro de cinco mil litros, uma bomba submersa, uma enfardadeira, uma ensiladeira acopl\u00e1vel ao trator, um silo tipo cincho e uma ro\u00e7adeira costal motorizada. Esses equipamentos integram o projeto produtivo apoiado pelo Procase. A entrega foi feita pela equipe do Procase atrav\u00e9s da Mobilizadora Social , Joseane Bezerra (Joia), a participa\u00e7\u00e3o do prefeito de Sum\u00e9, \u00c9den Duarte, do vice-prefeito, Dr\u00f3, do secret\u00e1rio de Obras e Agricultura, Isca Viana, dos vereadores Bomba, Br\u00edgida Xavier, Daniel L\u00eala e Ant\u00f4nio Carlos Sarmento. Em rela\u00e7\u00e3o ao projeto da Associa\u00e7\u00e3o Alvorada ainda ser\u00e3o entregues 40 matrizes caprinas com dois reprodutores e 10 mil raquetes de palmas. Ainda no Assentamento Mandacaru, o Governo do Estado estar\u00e1 investindo atrav\u00e9s de um projeto produtivo na Associa\u00e7\u00e3o SEMA. Coordenado por Aristeu Chaves, ex-prefeito de Camala\u00fa, o Procase \u00e9 fruto da parceria entre o Governo do Estado da Para\u00edba e o Fundo Internacional de Desenvolvimento Agr\u00edcola (Fida), beneficia 56 munic\u00edpios do semi\u00e1rido paraibano e visa fortalecer a agricultura familiar e contribuir para o desenvolvimento rural sustent\u00e1vel. https:\/\/www.facebook.com\/media\/set\/?set=a.1212956625504532.1073741907.1051584748308388&#038;type=3 Cariri em Destaque\u00a0 Ascom\/PMS<\/p>\n","protected":false},"author":2,"featured_media":7714,"comment_status":"closed","ping_status":"open","sticky":false,"template":"","format":"standard","meta":{"_eb_attr":"","_jetpack_memberships_contains_paid_content":false,"footnotes":""},"categories":[4],"tags":[],"class_list":["post-7713","post","type-post","status-publish","format-standard","has-post-thumbnail","hentry","category-politica"],"yoast_head":"<!-- This site is optimized with the Yoast SEO plugin v26.5 - https:\/\/yoast.com\/wordpress\/plugins\/seo\/ -->\n<title>Prefeito \u00c9den e vereadores participam de entrega de equipamentos do Procase em associa\u00e7\u00e3o rural de Sum\u00e9 - Not&iacute;cias em Destaque<\/title>\n<meta name=\"robots\" content=\"index, follow, max-snippet:-1, max-image-preview:large, max-video-preview:-1\" \/>\n<link rel=\"canonical\" href=\"https:\/\/noticiasemdestaque.com\/cd\/?p=7713\" \/>\n<meta property=\"og:locale\" content=\"pt_BR\" \/>\n<meta property=\"og:type\" content=\"article\" \/>\n<meta property=\"og:title\" content=\"Prefeito \u00c9den e vereadores participam de entrega de equipamentos do Procase em associa\u00e7\u00e3o rural de Sum\u00e9 - Not&iacute;cias em Destaque\" \/>\n<meta property=\"og:description\" content=\"A comunidade rural do Assentamento Mandacaru, da Associa\u00e7\u00e3o Alvorada, zona rural de Sum\u00e9, recebeu na ter\u00e7a-feira (30\/01) alguns equipamentos agr\u00edcolas entregues pelo Projeto de Desenvolvimento Sustent\u00e1vel do Cariri, Serid\u00f3 e Curimata\u00fa (Procase). Objetivando incentivar a produ\u00e7\u00e3o e o armazenamento de forragem, os associados receberam uma caixa d\u2019\u00e1gua de fibra de vidro de cinco mil litros, uma bomba submersa, uma enfardadeira, uma ensiladeira acopl\u00e1vel ao trator, um silo tipo cincho e uma ro\u00e7adeira costal motorizada. Esses equipamentos integram o projeto produtivo apoiado pelo Procase. A entrega foi feita pela equipe do Procase atrav\u00e9s da Mobilizadora Social , Joseane Bezerra (Joia), a participa\u00e7\u00e3o do prefeito de Sum\u00e9, \u00c9den Duarte, do vice-prefeito, Dr\u00f3, do secret\u00e1rio de Obras e Agricultura, Isca Viana, dos vereadores Bomba, Br\u00edgida Xavier, Daniel L\u00eala e Ant\u00f4nio Carlos Sarmento. Em rela\u00e7\u00e3o ao projeto da Associa\u00e7\u00e3o Alvorada ainda ser\u00e3o entregues 40 matrizes caprinas com dois reprodutores e 10 mil raquetes de palmas. Ainda no Assentamento Mandacaru, o Governo do Estado estar\u00e1 investindo atrav\u00e9s de um projeto produtivo na Associa\u00e7\u00e3o SEMA. Coordenado por Aristeu Chaves, ex-prefeito de Camala\u00fa, o Procase \u00e9 fruto da parceria entre o Governo do Estado da Para\u00edba e o Fundo Internacional de Desenvolvimento Agr\u00edcola (Fida), beneficia 56 munic\u00edpios do semi\u00e1rido paraibano e visa fortalecer a agricultura familiar e contribuir para o desenvolvimento rural sustent\u00e1vel. https:\/\/www.facebook.com\/media\/set\/?set=a.1212956625504532.1073741907.1051584748308388&#038;type=3 Cariri em Destaque\u00a0 Ascom\/PMS\" \/>\n<meta property=\"og:url\" content=\"https:\/\/noticiasemdestaque.com\/cd\/?p=7713\" \/>\n<meta property=\"og:site_name\" content=\"Not&iacute;cias em Destaque\" \/>\n<meta property=\"article:published_time\" content=\"2018-02-01T10:00:48+00:00\" \/>\n<meta property=\"article:modified_time\" content=\"2018-02-01T10:20:16+00:00\" \/>\n<meta property=\"og:image\" content=\"https:\/\/noticiasemdestaque.com\/cd\/wp-content\/uploads\/2018\/01\/DSC_0098.jpg\" \/>\n\t<meta property=\"og:image:width\" content=\"1024\" \/>\n\t<meta property=\"og:image:height\" content=\"681\" \/>\n\t<meta property=\"og:image:type\" content=\"image\/jpeg\" \/>\n<meta name=\"author\" content=\"Not\u00edcias em Destaque\" \/>\n<meta name=\"twitter:card\" content=\"summary_large_image\" \/>\n<meta name=\"twitter:label1\" content=\"Escrito por\" \/>\n\t<meta name=\"twitter:data1\" content=\"Not\u00edcias em Destaque\" \/>\n\t<meta name=\"twitter:label2\" content=\"Est. tempo de leitura\" \/>\n\t<meta name=\"twitter:data2\" content=\"1 minuto\" \/>\n<script type=\"application\/ld+json\" class=\"yoast-schema-graph\">{\"@context\":\"https:\/\/schema.org\",\"@graph\":[{\"@type\":\"Article\",\"@id\":\"https:\/\/noticiasemdestaque.com\/cd\/?p=7713#article\",\"isPartOf\":{\"@id\":\"https:\/\/noticiasemdestaque.com\/cd\/?p=7713\"},\"author\":{\"name\":\"Not\u00edcias em Destaque\",\"@id\":\"https:\/\/noticiasemdestaque.com\/cd\/#\/schema\/person\/4a81fb71f77579d059c3045891fa1786\"},\"headline\":\"Prefeito \u00c9den e vereadores participam de entrega de equipamentos do Procase em associa\u00e7\u00e3o rural de Sum\u00e9\",\"datePublished\":\"2018-02-01T10:00:48+00:00\",\"dateModified\":\"2018-02-01T10:20:16+00:00\",\"mainEntityOfPage\":{\"@id\":\"https:\/\/noticiasemdestaque.com\/cd\/?p=7713\"},\"wordCount\":266,\"publisher\":{\"@id\":\"https:\/\/noticiasemdestaque.com\/cd\/#organization\"},\"image\":{\"@id\":\"https:\/\/noticiasemdestaque.com\/cd\/?p=7713#primaryimage\"},\"thumbnailUrl\":\"https:\/\/noticiasemdestaque.com\/cd\/wp-content\/uploads\/2018\/01\/DSC_0098.jpg\",\"articleSection\":[\"Pol\u00edtica\"],\"inLanguage\":\"pt-BR\"},{\"@type\":\"WebPage\",\"@id\":\"https:\/\/noticiasemdestaque.com\/cd\/?p=7713\",\"url\":\"https:\/\/noticiasemdestaque.com\/cd\/?p=7713\",\"name\":\"Prefeito \u00c9den e vereadores participam de entrega de equipamentos do Procase em associa\u00e7\u00e3o rural de Sum\u00e9 - Not&iacute;cias em Destaque\",\"isPartOf\":{\"@id\":\"https:\/\/noticiasemdestaque.com\/cd\/#website\"},\"primaryImageOfPage\":{\"@id\":\"https:\/\/noticiasemdestaque.com\/cd\/?p=7713#primaryimage\"},\"image\":{\"@id\":\"https:\/\/noticiasemdestaque.com\/cd\/?p=7713#primaryimage\"},\"thumbnailUrl\":\"https:\/\/noticiasemdestaque.com\/cd\/wp-content\/uploads\/2018\/01\/DSC_0098.jpg\",\"datePublished\":\"2018-02-01T10:00:48+00:00\",\"dateModified\":\"2018-02-01T10:20:16+00:00\",\"breadcrumb\":{\"@id\":\"https:\/\/noticiasemdestaque.com\/cd\/?p=7713#breadcrumb\"},\"inLanguage\":\"pt-BR\",\"potentialAction\":[{\"@type\":\"ReadAction\",\"target\":[\"https:\/\/noticiasemdestaque.com\/cd\/?p=7713\"]}]},{\"@type\":\"ImageObject\",\"inLanguage\":\"pt-BR\",\"@id\":\"https:\/\/noticiasemdestaque.com\/cd\/?p=7713#primaryimage\",\"url\":\"https:\/\/noticiasemdestaque.com\/cd\/wp-content\/uploads\/2018\/01\/DSC_0098.jpg\",\"contentUrl\":\"https:\/\/noticiasemdestaque.com\/cd\/wp-content\/uploads\/2018\/01\/DSC_0098.jpg\",\"width\":1024,\"height\":681},{\"@type\":\"BreadcrumbList\",\"@id\":\"https:\/\/noticiasemdestaque.com\/cd\/?p=7713#breadcrumb\",\"itemListElement\":[{\"@type\":\"ListItem\",\"position\":1,\"name\":\"In\u00edcio\",\"item\":\"https:\/\/noticiasemdestaque.com\/cd\/\"},{\"@type\":\"ListItem\",\"position\":2,\"name\":\"Prefeito \u00c9den e vereadores participam de entrega de equipamentos do Procase em associa\u00e7\u00e3o rural de Sum\u00e9\"}]},{\"@type\":\"WebSite\",\"@id\":\"https:\/\/noticiasemdestaque.com\/cd\/#website\",\"url\":\"https:\/\/noticiasemdestaque.com\/cd\/\",\"name\":\"Not&iacute;cias em Destaque\",\"description\":\"\",\"publisher\":{\"@id\":\"https:\/\/noticiasemdestaque.com\/cd\/#organization\"},\"potentialAction\":[{\"@type\":\"SearchAction\",\"target\":{\"@type\":\"EntryPoint\",\"urlTemplate\":\"https:\/\/noticiasemdestaque.com\/cd\/?s={search_term_string}\"},\"query-input\":{\"@type\":\"PropertyValueSpecification\",\"valueRequired\":true,\"valueName\":\"search_term_string\"}}],\"inLanguage\":\"pt-BR\"},{\"@type\":\"Organization\",\"@id\":\"https:\/\/noticiasemdestaque.com\/cd\/#organization\",\"name\":\"Not\u00edcias em Destaque\",\"url\":\"https:\/\/noticiasemdestaque.com\/cd\/\",\"logo\":{\"@type\":\"ImageObject\",\"inLanguage\":\"pt-BR\",\"@id\":\"https:\/\/noticiasemdestaque.com\/cd\/#\/schema\/logo\/image\/\",\"url\":\"https:\/\/noticiasemdestaque.com\/cd\/wp-content\/uploads\/2022\/05\/imagem-base-noticiasemdestaque.png\",\"contentUrl\":\"https:\/\/noticiasemdestaque.com\/cd\/wp-content\/uploads\/2022\/05\/imagem-base-noticiasemdestaque.png\",\"width\":1200,\"height\":630,\"caption\":\"Not\u00edcias em Destaque\"},\"image\":{\"@id\":\"https:\/\/noticiasemdestaque.com\/cd\/#\/schema\/logo\/image\/\"}},{\"@type\":\"Person\",\"@id\":\"https:\/\/noticiasemdestaque.com\/cd\/#\/schema\/person\/4a81fb71f77579d059c3045891fa1786\",\"name\":\"Not\u00edcias em Destaque\",\"url\":\"https:\/\/noticiasemdestaque.com\/cd\/?author=2\"}]}<\/script>\n<!-- \/ Yoast SEO plugin. -->","yoast_head_json":{"title":"Prefeito \u00c9den e vereadores participam de entrega de equipamentos do Procase em associa\u00e7\u00e3o rural de Sum\u00e9 - Not&iacute;cias em Destaque","robots":{"index":"index","follow":"follow","max-snippet":"max-snippet:-1","max-image-preview":"max-image-preview:large","max-video-preview":"max-video-preview:-1"},"canonical":"https:\/\/noticiasemdestaque.com\/cd\/?p=7713","og_locale":"pt_BR","og_type":"article","og_title":"Prefeito \u00c9den e vereadores participam de entrega de equipamentos do Procase em associa\u00e7\u00e3o rural de Sum\u00e9 - Not&iacute;cias em Destaque","og_description":"A comunidade rural do Assentamento Mandacaru, da Associa\u00e7\u00e3o Alvorada, zona rural de Sum\u00e9, recebeu na ter\u00e7a-feira (30\/01) alguns equipamentos agr\u00edcolas entregues pelo Projeto de Desenvolvimento Sustent\u00e1vel do Cariri, Serid\u00f3 e Curimata\u00fa (Procase). Objetivando incentivar a produ\u00e7\u00e3o e o armazenamento de forragem, os associados receberam uma caixa d\u2019\u00e1gua de fibra de vidro de cinco mil litros, uma bomba submersa, uma enfardadeira, uma ensiladeira acopl\u00e1vel ao trator, um silo tipo cincho e uma ro\u00e7adeira costal motorizada. Esses equipamentos integram o projeto produtivo apoiado pelo Procase. A entrega foi feita pela equipe do Procase atrav\u00e9s da Mobilizadora Social , Joseane Bezerra (Joia), a participa\u00e7\u00e3o do prefeito de Sum\u00e9, \u00c9den Duarte, do vice-prefeito, Dr\u00f3, do secret\u00e1rio de Obras e Agricultura, Isca Viana, dos vereadores Bomba, Br\u00edgida Xavier, Daniel L\u00eala e Ant\u00f4nio Carlos Sarmento. Em rela\u00e7\u00e3o ao projeto da Associa\u00e7\u00e3o Alvorada ainda ser\u00e3o entregues 40 matrizes caprinas com dois reprodutores e 10 mil raquetes de palmas. Ainda no Assentamento Mandacaru, o Governo do Estado estar\u00e1 investindo atrav\u00e9s de um projeto produtivo na Associa\u00e7\u00e3o SEMA. Coordenado por Aristeu Chaves, ex-prefeito de Camala\u00fa, o Procase \u00e9 fruto da parceria entre o Governo do Estado da Para\u00edba e o Fundo Internacional de Desenvolvimento Agr\u00edcola (Fida), beneficia 56 munic\u00edpios do semi\u00e1rido paraibano e visa fortalecer a agricultura familiar e contribuir para o desenvolvimento rural sustent\u00e1vel. https:\/\/www.facebook.com\/media\/set\/?set=a.1212956625504532.1073741907.1051584748308388&#038;type=3 Cariri em Destaque\u00a0 Ascom\/PMS","og_url":"https:\/\/noticiasemdestaque.com\/cd\/?p=7713","og_site_name":"Not&iacute;cias em Destaque","article_published_time":"2018-02-01T10:00:48+00:00","article_modified_time":"2018-02-01T10:20:16+00:00","og_image":[{"width":1024,"height":681,"url":"https:\/\/noticiasemdestaque.com\/cd\/wp-content\/uploads\/2018\/01\/DSC_0098.jpg","type":"image\/jpeg"}],"author":"Not\u00edcias em Destaque","twitter_card":"summary_large_image","twitter_misc":{"Escrito por":"Not\u00edcias em Destaque","Est. tempo de leitura":"1 minuto"},"schema":{"@context":"https:\/\/schema.org","@graph":[{"@type":"Article","@id":"https:\/\/noticiasemdestaque.com\/cd\/?p=7713#article","isPartOf":{"@id":"https:\/\/noticiasemdestaque.com\/cd\/?p=7713"},"author":{"name":"Not\u00edcias em Destaque","@id":"https:\/\/noticiasemdestaque.com\/cd\/#\/schema\/person\/4a81fb71f77579d059c3045891fa1786"},"headline":"Prefeito \u00c9den e vereadores participam de entrega de equipamentos do Procase em associa\u00e7\u00e3o rural de Sum\u00e9","datePublished":"2018-02-01T10:00:48+00:00","dateModified":"2018-02-01T10:20:16+00:00","mainEntityOfPage":{"@id":"https:\/\/noticiasemdestaque.com\/cd\/?p=7713"},"wordCount":266,"publisher":{"@id":"https:\/\/noticiasemdestaque.com\/cd\/#organization"},"image":{"@id":"https:\/\/noticiasemdestaque.com\/cd\/?p=7713#primaryimage"},"thumbnailUrl":"https:\/\/noticiasemdestaque.com\/cd\/wp-content\/uploads\/2018\/01\/DSC_0098.jpg","articleSection":["Pol\u00edtica"],"inLanguage":"pt-BR"},{"@type":"WebPage","@id":"https:\/\/noticiasemdestaque.com\/cd\/?p=7713","url":"https:\/\/noticiasemdestaque.com\/cd\/?p=7713","name":"Prefeito \u00c9den e vereadores participam de entrega de equipamentos do Procase em associa\u00e7\u00e3o rural de Sum\u00e9 - Not&iacute;cias em Destaque","isPartOf":{"@id":"https:\/\/noticiasemdestaque.com\/cd\/#website"},"primaryImageOfPage":{"@id":"https:\/\/noticiasemdestaque.com\/cd\/?p=7713#primaryimage"},"image":{"@id":"https:\/\/noticiasemdestaque.com\/cd\/?p=7713#primaryimage"},"thumbnailUrl":"https:\/\/noticiasemdestaque.com\/cd\/wp-content\/uploads\/2018\/01\/DSC_0098.jpg","datePublished":"2018-02-01T10:00:48+00:00","dateModified":"2018-02-01T10:20:16+00:00","breadcrumb":{"@id":"https:\/\/noticiasemdestaque.com\/cd\/?p=7713#breadcrumb"},"inLanguage":"pt-BR","potentialAction":[{"@type":"ReadAction","target":["https:\/\/noticiasemdestaque.com\/cd\/?p=7713"]}]},{"@type":"ImageObject","inLanguage":"pt-BR","@id":"https:\/\/noticiasemdestaque.com\/cd\/?p=7713#primaryimage","url":"https:\/\/noticiasemdestaque.com\/cd\/wp-content\/uploads\/2018\/01\/DSC_0098.jpg","contentUrl":"https:\/\/noticiasemdestaque.com\/cd\/wp-content\/uploads\/2018\/01\/DSC_0098.jpg","width":1024,"height":681},{"@type":"BreadcrumbList","@id":"https:\/\/noticiasemdestaque.com\/cd\/?p=7713#breadcrumb","itemListElement":[{"@type":"ListItem","position":1,"name":"In\u00edcio","item":"https:\/\/noticiasemdestaque.com\/cd\/"},{"@type":"ListItem","position":2,"name":"Prefeito \u00c9den e vereadores participam de entrega de equipamentos do Procase em associa\u00e7\u00e3o rural de Sum\u00e9"}]},{"@type":"WebSite","@id":"https:\/\/noticiasemdestaque.com\/cd\/#website","url":"https:\/\/noticiasemdestaque.com\/cd\/","name":"Not&iacute;cias em Destaque","description":"","publisher":{"@id":"https:\/\/noticiasemdestaque.com\/cd\/#organization"},"potentialAction":[{"@type":"SearchAction","target":{"@type":"EntryPoint","urlTemplate":"https:\/\/noticiasemdestaque.com\/cd\/?s={search_term_string}"},"query-input":{"@type":"PropertyValueSpecification","valueRequired":true,"valueName":"search_term_string"}}],"inLanguage":"pt-BR"},{"@type":"Organization","@id":"https:\/\/noticiasemdestaque.com\/cd\/#organization","name":"Not\u00edcias em Destaque","url":"https:\/\/noticiasemdestaque.com\/cd\/","logo":{"@type":"ImageObject","inLanguage":"pt-BR","@id":"https:\/\/noticiasemdestaque.com\/cd\/#\/schema\/logo\/image\/","url":"https:\/\/noticiasemdestaque.com\/cd\/wp-content\/uploads\/2022\/05\/imagem-base-noticiasemdestaque.png","contentUrl":"https:\/\/noticiasemdestaque.com\/cd\/wp-content\/uploads\/2022\/05\/imagem-base-noticiasemdestaque.png","width":1200,"height":630,"caption":"Not\u00edcias em Destaque"},"image":{"@id":"https:\/\/noticiasemdestaque.com\/cd\/#\/schema\/logo\/image\/"}},{"@type":"Person","@id":"https:\/\/noticiasemdestaque.com\/cd\/#\/schema\/person\/4a81fb71f77579d059c3045891fa1786","name":"Not\u00edcias em Destaque","url":"https:\/\/noticiasemdestaque.com\/cd\/?author=2"}]}},"jetpack_featured_media_url":"https:\/\/noticiasemdestaque.com\/cd\/wp-content\/uploads\/2018\/01\/DSC_0098.jpg","jetpack_sharing_enabled":true,"_links":{"self":[{"href":"https:\/\/noticiasemdestaque.com\/cd\/index.php?rest_route=\/wp\/v2\/posts\/7713","targetHints":{"allow":["GET"]}}],"collection":[{"href":"https:\/\/noticiasemdestaque.com\/cd\/index.php?rest_route=\/wp\/v2\/posts"}],"about":[{"href":"https:\/\/noticiasemdestaque.com\/cd\/index.php?rest_route=\/wp\/v2\/types\/post"}],"author":[{"embeddable":true,"href":"https:\/\/noticiasemdestaque.com\/cd\/index.php?rest_route=\/wp\/v2\/users\/2"}],"replies":[{"embeddable":true,"href":"https:\/\/noticiasemdestaque.com\/cd\/index.php?rest_route=%2Fwp%2Fv2%2Fcomments&post=7713"}],"version-history":[{"count":2,"href":"https:\/\/noticiasemdestaque.com\/cd\/index.php?rest_route=\/wp\/v2\/posts\/7713\/revisions"}],"predecessor-version":[{"id":7716,"href":"https:\/\/noticiasemdestaque.com\/cd\/index.php?rest_route=\/wp\/v2\/posts\/7713\/revisions\/7716"}],"wp:featuredmedia":[{"embeddable":true,"href":"https:\/\/noticiasemdestaque.com\/cd\/index.php?rest_route=\/wp\/v2\/media\/7714"}],"wp:attachment":[{"href":"https:\/\/noticiasemdestaque.com\/cd\/index.php?rest_route=%2Fwp%2Fv2%2Fmedia&parent=7713"}],"wp:term":[{"taxonomy":"category","embeddable":true,"href":"https:\/\/noticiasemdestaque.com\/cd\/index.php?rest_route=%2Fwp%2Fv2%2Fcategories&post=7713"},{"taxonomy":"post_tag","embeddable":true,"href":"https:\/\/noticiasemdestaque.com\/cd\/index.php?rest_route=%2Fwp%2Fv2%2Ftags&post=7713"}],"curies":[{"name":"wp","href":"https:\/\/api.w.org\/{rel}","templated":true}]}}