{"id":77129,"date":"2026-03-16T15:53:54","date_gmt":"2026-03-16T18:53:54","guid":{"rendered":"https:\/\/noticiasemdestaque.com\/cd\/?p=77129"},"modified":"2026-03-16T15:53:54","modified_gmt":"2026-03-16T18:53:54","slug":"neymar-fica-fora-da-convocacao-de-ancelotti-para-selecao-brasileira","status":"publish","type":"post","link":"https:\/\/noticiasemdestaque.com\/cd\/?p=77129","title":{"rendered":"Neymar fica fora da convoca\u00e7\u00e3o de Ancelotti para Sele\u00e7\u00e3o Brasileira"},"content":{"rendered":"<div class=\"border-b pb-4 lg:border-b-0 lg:pb-0\" tabindex=\"1\">\n<p><a href=\"https:\/\/noticiasemdestaque.com\/cd\/wp-content\/uploads\/2026\/03\/download.webp\"><img fetchpriority=\"high\" decoding=\"async\" class=\" wp-image-77130 aligncenter\" src=\"https:\/\/noticiasemdestaque.com\/cd\/wp-content\/uploads\/2026\/03\/download-300x163.webp\" alt=\"\" width=\"780\" height=\"424\" srcset=\"https:\/\/noticiasemdestaque.com\/cd\/wp-content\/uploads\/2026\/03\/download-300x163.webp 300w, https:\/\/noticiasemdestaque.com\/cd\/wp-content\/uploads\/2026\/03\/download.webp 316w\" sizes=\"(max-width: 780px) 100vw, 780px\" \/><\/a><\/p>\n<p class=\"my-5 break-words group-[.isActiveSource]:text-xl\">O t\u00e9cnico Carlo Ancelotti anunciou nesta segunda-feira (16) os jogadores convocados para a Sele\u00e7\u00e3o Brasileira nos amistosos da Data Fifa de mar\u00e7o. O atacante Neymar n\u00e3o aparece na lista.<\/p>\n<p class=\"my-5 break-words group-[.isActiveSource]:text-xl\">A convoca\u00e7\u00e3o marca a \u00faltima oportunidade de testes antes da rela\u00e7\u00e3o final para a Copa do Mundo de 2026, prevista para a segunda quinzena de maio.<\/p>\n<p class=\"my-5 break-words group-[.isActiveSource]:text-xl\">O Brasil enfrenta Fran\u00e7a e Cro\u00e1cia nos dias 26 e 31 de mar\u00e7o. As partidas fazem parte da prepara\u00e7\u00e3o da equipe para o Mundial.<\/p>\n<p class=\"my-5 break-words group-[.isActiveSource]:text-xl\">A poss\u00edvel presen\u00e7a de\u00a0<a class=\"text-red-600 underline hover:text-red-500 font-medium break-words group-[.isActiveSource]:text-xl\" href=\"https:\/\/www.cnnbrasil.com.br\/esportes\/futebol\/santos\/galvao-reage-a-atuacao-de-neymar-antes-de-convocacao-da-selecao\/\" target=\"_self\" rel=\"\">Neymar<\/a>\u00a0era um dos temas entre torcedores antes do an\u00fancio da lista.<\/p>\n<p class=\"my-5 break-words group-[.isActiveSource]:text-xl\">O\u00a0<a class=\"text-red-600 underline hover:text-red-500 font-medium break-words group-[.isActiveSource]:text-xl\" href=\"https:\/\/www.cnnbrasil.com.br\/esportes\/futebol\/selecao-brasileira\/apos-empate-em-classico-neymar-comenta-expectativa-por-convocacao\/\" target=\"_self\" rel=\"\">camisa 10<\/a>\u00a0ficou longo per\u00edodo afastado da Sele\u00e7\u00e3o ap\u00f3s a grave les\u00e3o no joelho sofrida em outubro de 2023 e ainda busca retomar ritmo competitivo.<\/p>\n<p class=\"my-5 break-words group-[.isActiveSource]:text-xl\">A comiss\u00e3o t\u00e9cnica acompanha a condi\u00e7\u00e3o f\u00edsica do atacante enquanto define os \u00faltimos nomes do grupo para o ciclo da Copa.<\/p>\n<h2 class=\"text-2xl my-5 font-bold break-words\">Desejo \u00e9 voltar<\/h2>\n<p class=\"my-5 break-words group-[.isActiveSource]:text-xl\">Ap\u00f3s o\u00a0<a class=\"text-red-600 underline hover:text-red-500 font-medium break-words group-[.isActiveSource]:text-xl\" href=\"https:\/\/www.cnnbrasil.com.br\/esportes\/brasileirao\/com-neymar-apagado-santos-e-corinthians-empatam-em-classico-do-brasileirao\/\" target=\"_self\" rel=\"\">empate entre Santos e Corinthians<\/a>\u00a0por 1 a 1, neste domingo (15), pelo Campeonato Brasileiro, Neymar falou sobre a expectativa de voltar \u00e0 equipe nacional.<\/p>\n<blockquote>\n<p class=\"my-5 break-words group-[.isActiveSource]:text-xl\">\u201cEstou trabalhando para isso, obviamente meu desejo \u00e9 voltar \u00e0 Sele\u00e7\u00e3o e jogar uma Copa do Mundo. Isso cabe \u00e0 comiss\u00e3o escolher. Se eu estiver l\u00e1 ou n\u00e3o, sempre torcerei pela Sele\u00e7\u00e3o\u201d, comentou o jogador.<\/p>\n<\/blockquote>\n<p class=\"my-5 break-words group-[.isActiveSource]:text-xl\">A partida na Vila Belmiro foi a \u00faltima do atacante antes do an\u00fancio da convoca\u00e7\u00e3o desta segunda-feira.<\/p>\n<h2 class=\"text-2xl my-5 font-bold break-words\">Veja a convoca\u00e7\u00e3o da Sele\u00e7\u00e3o Brasileira<\/h2>\n<h3 class=\"text-xl my-5 font-bold break-words\">Goleiros<\/h3>\n<ul class=\"list-none [li&gt;&amp;]:pl-5\">\n<li class=\"[ul&gt;&amp;]:indent-5 mb-3 break-words [ul&gt;&amp;]:relative [ul&gt;&amp;]:before:absolute [ul&gt;&amp;]:before:left-1 [ul&gt;&amp;]:before:top-2 [ul&gt;&amp;]:before:w-2 [ul&gt;&amp;]:before:h-2 [ul&gt;&amp;]:before:bg-red-600 [ul&gt;&amp;]:before:rounded-full marker:inline group-[.isActiveSource]:text-xl\">Alisson &#8211; Liverpool<\/li>\n<li class=\"[ul&gt;&amp;]:indent-5 mb-3 break-words [ul&gt;&amp;]:relative [ul&gt;&amp;]:before:absolute [ul&gt;&amp;]:before:left-1 [ul&gt;&amp;]:before:top-2 [ul&gt;&amp;]:before:w-2 [ul&gt;&amp;]:before:h-2 [ul&gt;&amp;]:before:bg-red-600 [ul&gt;&amp;]:before:rounded-full marker:inline group-[.isActiveSource]:text-xl\">Bento &#8211; Al-Nassr<\/li>\n<li class=\"[ul&gt;&amp;]:indent-5 mb-3 break-words [ul&gt;&amp;]:relative [ul&gt;&amp;]:before:absolute [ul&gt;&amp;]:before:left-1 [ul&gt;&amp;]:before:top-2 [ul&gt;&amp;]:before:w-2 [ul&gt;&amp;]:before:h-2 [ul&gt;&amp;]:before:bg-red-600 [ul&gt;&amp;]:before:rounded-full marker:inline group-[.isActiveSource]:text-xl\">Ederson &#8211; Fenerbahce<\/li>\n<\/ul>\n<h3 class=\"text-xl my-5 font-bold break-words\">Laterais<\/h3>\n<ul class=\"list-none [li&gt;&amp;]:pl-5\">\n<li class=\"[ul&gt;&amp;]:indent-5 mb-3 break-words [ul&gt;&amp;]:relative [ul&gt;&amp;]:before:absolute [ul&gt;&amp;]:before:left-1 [ul&gt;&amp;]:before:top-2 [ul&gt;&amp;]:before:w-2 [ul&gt;&amp;]:before:h-2 [ul&gt;&amp;]:before:bg-red-600 [ul&gt;&amp;]:before:rounded-full marker:inline group-[.isActiveSource]:text-xl\">Alex Sandro &#8211; Flamengo<\/li>\n<li class=\"[ul&gt;&amp;]:indent-5 mb-3 break-words [ul&gt;&amp;]:relative [ul&gt;&amp;]:before:absolute [ul&gt;&amp;]:before:left-1 [ul&gt;&amp;]:before:top-2 [ul&gt;&amp;]:before:w-2 [ul&gt;&amp;]:before:h-2 [ul&gt;&amp;]:before:bg-red-600 [ul&gt;&amp;]:before:rounded-full marker:inline group-[.isActiveSource]:text-xl\">Danilo &#8211; Flamengo<\/li>\n<li class=\"[ul&gt;&amp;]:indent-5 mb-3 break-words [ul&gt;&amp;]:relative [ul&gt;&amp;]:before:absolute [ul&gt;&amp;]:before:left-1 [ul&gt;&amp;]:before:top-2 [ul&gt;&amp;]:before:w-2 [ul&gt;&amp;]:before:h-2 [ul&gt;&amp;]:before:bg-red-600 [ul&gt;&amp;]:before:rounded-full marker:inline group-[.isActiveSource]:text-xl\">Douglas Santos &#8211; Zenit<\/li>\n<li class=\"[ul&gt;&amp;]:indent-5 mb-3 break-words [ul&gt;&amp;]:relative [ul&gt;&amp;]:before:absolute [ul&gt;&amp;]:before:left-1 [ul&gt;&amp;]:before:top-2 [ul&gt;&amp;]:before:w-2 [ul&gt;&amp;]:before:h-2 [ul&gt;&amp;]:before:bg-red-600 [ul&gt;&amp;]:before:rounded-full marker:inline group-[.isActiveSource]:text-xl\">Wesley &#8211; Roma<\/li>\n<\/ul>\n<h3 class=\"text-xl my-5 font-bold break-words\">Zagueiros<\/h3>\n<ul class=\"list-none [li&gt;&amp;]:pl-5\">\n<li class=\"[ul&gt;&amp;]:indent-5 mb-3 break-words [ul&gt;&amp;]:relative [ul&gt;&amp;]:before:absolute [ul&gt;&amp;]:before:left-1 [ul&gt;&amp;]:before:top-2 [ul&gt;&amp;]:before:w-2 [ul&gt;&amp;]:before:h-2 [ul&gt;&amp;]:before:bg-red-600 [ul&gt;&amp;]:before:rounded-full marker:inline group-[.isActiveSource]:text-xl\">Bremer &#8211; Juventus<\/li>\n<li class=\"[ul&gt;&amp;]:indent-5 mb-3 break-words [ul&gt;&amp;]:relative [ul&gt;&amp;]:before:absolute [ul&gt;&amp;]:before:left-1 [ul&gt;&amp;]:before:top-2 [ul&gt;&amp;]:before:w-2 [ul&gt;&amp;]:before:h-2 [ul&gt;&amp;]:before:bg-red-600 [ul&gt;&amp;]:before:rounded-full marker:inline group-[.isActiveSource]:text-xl\">Gabriel Magalh\u00e3es &#8211; Arsenal<\/li>\n<li class=\"[ul&gt;&amp;]:indent-5 mb-3 break-words [ul&gt;&amp;]:relative [ul&gt;&amp;]:before:absolute [ul&gt;&amp;]:before:left-1 [ul&gt;&amp;]:before:top-2 [ul&gt;&amp;]:before:w-2 [ul&gt;&amp;]:before:h-2 [ul&gt;&amp;]:before:bg-red-600 [ul&gt;&amp;]:before:rounded-full marker:inline group-[.isActiveSource]:text-xl\">Iba\u00f1ez &#8211; Ah-Ahli<\/li>\n<li class=\"[ul&gt;&amp;]:indent-5 mb-3 break-words [ul&gt;&amp;]:relative [ul&gt;&amp;]:before:absolute [ul&gt;&amp;]:before:left-1 [ul&gt;&amp;]:before:top-2 [ul&gt;&amp;]:before:w-2 [ul&gt;&amp;]:before:h-2 [ul&gt;&amp;]:before:bg-red-600 [ul&gt;&amp;]:before:rounded-full marker:inline group-[.isActiveSource]:text-xl\">L\u00e9o Pereira &#8211; Flamengo<\/li>\n<li class=\"[ul&gt;&amp;]:indent-5 mb-3 break-words [ul&gt;&amp;]:relative [ul&gt;&amp;]:before:absolute [ul&gt;&amp;]:before:left-1 [ul&gt;&amp;]:before:top-2 [ul&gt;&amp;]:before:w-2 [ul&gt;&amp;]:before:h-2 [ul&gt;&amp;]:before:bg-red-600 [ul&gt;&amp;]:before:rounded-full marker:inline group-[.isActiveSource]:text-xl\">Marquinhos &#8211; PSG<\/li>\n<\/ul>\n<h3 class=\"text-xl my-5 font-bold break-words\">Meias<\/h3>\n<ul class=\"list-none [li&gt;&amp;]:pl-5\">\n<li class=\"[ul&gt;&amp;]:indent-5 mb-3 break-words [ul&gt;&amp;]:relative [ul&gt;&amp;]:before:absolute [ul&gt;&amp;]:before:left-1 [ul&gt;&amp;]:before:top-2 [ul&gt;&amp;]:before:w-2 [ul&gt;&amp;]:before:h-2 [ul&gt;&amp;]:before:bg-red-600 [ul&gt;&amp;]:before:rounded-full marker:inline group-[.isActiveSource]:text-xl\">Andrey Santos &#8211; Chelsea<\/li>\n<li class=\"[ul&gt;&amp;]:indent-5 mb-3 break-words [ul&gt;&amp;]:relative [ul&gt;&amp;]:before:absolute [ul&gt;&amp;]:before:left-1 [ul&gt;&amp;]:before:top-2 [ul&gt;&amp;]:before:w-2 [ul&gt;&amp;]:before:h-2 [ul&gt;&amp;]:before:bg-red-600 [ul&gt;&amp;]:before:rounded-full marker:inline group-[.isActiveSource]:text-xl\">Casemiro &#8211; Manchester United<\/li>\n<li class=\"[ul&gt;&amp;]:indent-5 mb-3 break-words [ul&gt;&amp;]:relative [ul&gt;&amp;]:before:absolute [ul&gt;&amp;]:before:left-1 [ul&gt;&amp;]:before:top-2 [ul&gt;&amp;]:before:w-2 [ul&gt;&amp;]:before:h-2 [ul&gt;&amp;]:before:bg-red-600 [ul&gt;&amp;]:before:rounded-full marker:inline group-[.isActiveSource]:text-xl\">Danilo &#8211; Botafogo<\/li>\n<li class=\"[ul&gt;&amp;]:indent-5 mb-3 break-words [ul&gt;&amp;]:relative [ul&gt;&amp;]:before:absolute [ul&gt;&amp;]:before:left-1 [ul&gt;&amp;]:before:top-2 [ul&gt;&amp;]:before:w-2 [ul&gt;&amp;]:before:h-2 [ul&gt;&amp;]:before:bg-red-600 [ul&gt;&amp;]:before:rounded-full marker:inline group-[.isActiveSource]:text-xl\">Fabinho &#8211; Al-Ittihad<\/li>\n<li class=\"[ul&gt;&amp;]:indent-5 mb-3 break-words [ul&gt;&amp;]:relative [ul&gt;&amp;]:before:absolute [ul&gt;&amp;]:before:left-1 [ul&gt;&amp;]:before:top-2 [ul&gt;&amp;]:before:w-2 [ul&gt;&amp;]:before:h-2 [ul&gt;&amp;]:before:bg-red-600 [ul&gt;&amp;]:before:rounded-full marker:inline group-[.isActiveSource]:text-xl\">Gabriel Sara &#8211; Galatasaray<\/li>\n<\/ul>\n<h3 class=\"text-xl my-5 font-bold break-words\">Atacantes<\/h3>\n<ul class=\"list-none [li&gt;&amp;]:pl-5\">\n<li class=\"[ul&gt;&amp;]:indent-5 mb-3 break-words [ul&gt;&amp;]:relative [ul&gt;&amp;]:before:absolute [ul&gt;&amp;]:before:left-1 [ul&gt;&amp;]:before:top-2 [ul&gt;&amp;]:before:w-2 [ul&gt;&amp;]:before:h-2 [ul&gt;&amp;]:before:bg-red-600 [ul&gt;&amp;]:before:rounded-full marker:inline group-[.isActiveSource]:text-xl\">Endrick &#8211; Lyon<\/li>\n<li class=\"[ul&gt;&amp;]:indent-5 mb-3 break-words [ul&gt;&amp;]:relative [ul&gt;&amp;]:before:absolute [ul&gt;&amp;]:before:left-1 [ul&gt;&amp;]:before:top-2 [ul&gt;&amp;]:before:w-2 [ul&gt;&amp;]:before:h-2 [ul&gt;&amp;]:before:bg-red-600 [ul&gt;&amp;]:before:rounded-full marker:inline group-[.isActiveSource]:text-xl\">Gabriel Martinelli &#8211; Arsenal<\/li>\n<li class=\"[ul&gt;&amp;]:indent-5 mb-3 break-words [ul&gt;&amp;]:relative [ul&gt;&amp;]:before:absolute [ul&gt;&amp;]:before:left-1 [ul&gt;&amp;]:before:top-2 [ul&gt;&amp;]:before:w-2 [ul&gt;&amp;]:before:h-2 [ul&gt;&amp;]:before:bg-red-600 [ul&gt;&amp;]:before:rounded-full marker:inline group-[.isActiveSource]:text-xl\">Igor Thiago &#8211; Brentford<\/li>\n<li class=\"[ul&gt;&amp;]:indent-5 mb-3 break-words [ul&gt;&amp;]:relative [ul&gt;&amp;]:before:absolute [ul&gt;&amp;]:before:left-1 [ul&gt;&amp;]:before:top-2 [ul&gt;&amp;]:before:w-2 [ul&gt;&amp;]:before:h-2 [ul&gt;&amp;]:before:bg-red-600 [ul&gt;&amp;]:before:rounded-full marker:inline group-[.isActiveSource]:text-xl\">Luiz Henrique &#8211; Zenit<\/li>\n<li class=\"[ul&gt;&amp;]:indent-5 mb-3 break-words [ul&gt;&amp;]:relative [ul&gt;&amp;]:before:absolute [ul&gt;&amp;]:before:left-1 [ul&gt;&amp;]:before:top-2 [ul&gt;&amp;]:before:w-2 [ul&gt;&amp;]:before:h-2 [ul&gt;&amp;]:before:bg-red-600 [ul&gt;&amp;]:before:rounded-full marker:inline group-[.isActiveSource]:text-xl\">Matheus Cunha &#8211; Manchester United<\/li>\n<li class=\"[ul&gt;&amp;]:indent-5 mb-3 break-words [ul&gt;&amp;]:relative [ul&gt;&amp;]:before:absolute [ul&gt;&amp;]:before:left-1 [ul&gt;&amp;]:before:top-2 [ul&gt;&amp;]:before:w-2 [ul&gt;&amp;]:before:h-2 [ul&gt;&amp;]:before:bg-red-600 [ul&gt;&amp;]:before:rounded-full marker:inline group-[.isActiveSource]:text-xl\">Raphinha &#8211; Barcelona<\/li>\n<li class=\"[ul&gt;&amp;]:indent-5 mb-3 break-words [ul&gt;&amp;]:relative [ul&gt;&amp;]:before:absolute [ul&gt;&amp;]:before:left-1 [ul&gt;&amp;]:before:top-2 [ul&gt;&amp;]:before:w-2 [ul&gt;&amp;]:before:h-2 [ul&gt;&amp;]:before:bg-red-600 [ul&gt;&amp;]:before:rounded-full marker:inline group-[.isActiveSource]:text-xl\">Rayan &#8211; Bournemouth<\/li>\n<li class=\"[ul&gt;&amp;]:indent-5 mb-3 break-words [ul&gt;&amp;]:relative [ul&gt;&amp;]:before:absolute [ul&gt;&amp;]:before:left-1 [ul&gt;&amp;]:before:top-2 [ul&gt;&amp;]:before:w-2 [ul&gt;&amp;]:before:h-2 [ul&gt;&amp;]:before:bg-red-600 [ul&gt;&amp;]:before:rounded-full marker:inline group-[.isActiveSource]:text-xl\">Vin\u00edcius J\u00fanior &#8211; Real Madrid<\/li>\n<li class=\"[ul&gt;&amp;]:indent-5 mb-3 break-words [ul&gt;&amp;]:relative [ul&gt;&amp;]:before:absolute [ul&gt;&amp;]:before:left-1 [ul&gt;&amp;]:before:top-2 [ul&gt;&amp;]:before:w-2 [ul&gt;&amp;]:before:h-2 [ul&gt;&amp;]:before:bg-red-600 [ul&gt;&amp;]:before:rounded-full marker:inline group-[.isActiveSource]:text-xl\">Jo\u00e3o Pedro &#8211; Chelsea<\/li>\n<\/ul>\n<p><strong>Noticias em Destaque<\/strong><\/p>\n<p style=\"text-align: right;\"><em>Fonte: CNN Brasil<\/em><\/p>\n<\/div>\n","protected":false},"excerpt":{"rendered":"<p>O t\u00e9cnico Carlo Ancelotti anunciou nesta segunda-feira (16) os jogadores convocados para a Sele\u00e7\u00e3o Brasileira nos amistosos da Data Fifa de mar\u00e7o. O atacante Neymar n\u00e3o aparece na lista. A convoca\u00e7\u00e3o marca a \u00faltima oportunidade de testes antes da rela\u00e7\u00e3o final para a Copa do Mundo de 2026, prevista para a segunda quinzena de maio. O Brasil enfrenta Fran\u00e7a e Cro\u00e1cia nos dias 26 e 31 de mar\u00e7o. As partidas fazem parte da prepara\u00e7\u00e3o da equipe para o Mundial. A poss\u00edvel presen\u00e7a de\u00a0Neymar\u00a0era um dos temas entre torcedores antes do an\u00fancio da lista. O\u00a0camisa 10\u00a0ficou longo per\u00edodo afastado da Sele\u00e7\u00e3o ap\u00f3s a grave les\u00e3o no joelho sofrida em outubro de 2023 e ainda busca retomar ritmo competitivo. A comiss\u00e3o t\u00e9cnica acompanha a condi\u00e7\u00e3o f\u00edsica do atacante enquanto define os \u00faltimos nomes do grupo para o ciclo da Copa. Desejo \u00e9 voltar Ap\u00f3s o\u00a0empate entre Santos e Corinthians\u00a0por 1 a 1, neste domingo (15), pelo Campeonato Brasileiro, Neymar falou sobre a expectativa de voltar \u00e0 equipe nacional. \u201cEstou trabalhando para isso, obviamente meu desejo \u00e9 voltar \u00e0 Sele\u00e7\u00e3o e jogar uma Copa do Mundo. Isso cabe \u00e0 comiss\u00e3o escolher. Se eu estiver l\u00e1 ou n\u00e3o, sempre torcerei pela Sele\u00e7\u00e3o\u201d, comentou o jogador. A partida na Vila Belmiro foi a \u00faltima do atacante antes do an\u00fancio da convoca\u00e7\u00e3o desta segunda-feira. Veja a convoca\u00e7\u00e3o da Sele\u00e7\u00e3o Brasileira Goleiros Alisson &#8211; Liverpool Bento &#8211; Al-Nassr Ederson &#8211; Fenerbahce Laterais Alex Sandro &#8211; Flamengo Danilo &#8211; Flamengo Douglas Santos &#8211; Zenit Wesley &#8211; Roma Zagueiros Bremer &#8211; Juventus Gabriel Magalh\u00e3es &#8211; Arsenal Iba\u00f1ez &#8211; Ah-Ahli L\u00e9o Pereira &#8211; Flamengo Marquinhos &#8211; PSG Meias Andrey Santos &#8211; Chelsea Casemiro &#8211; Manchester United Danilo &#8211; Botafogo Fabinho &#8211; Al-Ittihad Gabriel Sara &#8211; Galatasaray Atacantes Endrick &#8211; Lyon Gabriel Martinelli &#8211; Arsenal Igor Thiago &#8211; Brentford Luiz Henrique &#8211; Zenit Matheus Cunha &#8211; Manchester United Raphinha &#8211; Barcelona Rayan &#8211; Bournemouth Vin\u00edcius J\u00fanior &#8211; Real Madrid Jo\u00e3o Pedro &#8211; Chelsea Noticias em Destaque Fonte: CNN Brasil<\/p>\n","protected":false},"author":2,"featured_media":77131,"comment_status":"closed","ping_status":"closed","sticky":false,"template":"","format":"standard","meta":{"_eb_attr":"","_jetpack_memberships_contains_paid_content":false,"footnotes":""},"categories":[13],"tags":[],"class_list":["post-77129","post","type-post","status-publish","format-standard","has-post-thumbnail","hentry","category-esportes"],"yoast_head":"<!-- This site is optimized with the Yoast SEO plugin v26.5 - https:\/\/yoast.com\/wordpress\/plugins\/seo\/ -->\n<title>Neymar fica fora da convoca\u00e7\u00e3o de Ancelotti para Sele\u00e7\u00e3o Brasileira - Not&iacute;cias em Destaque<\/title>\n<meta name=\"robots\" content=\"index, follow, max-snippet:-1, max-image-preview:large, max-video-preview:-1\" \/>\n<link rel=\"canonical\" href=\"https:\/\/noticiasemdestaque.com\/cd\/?p=77129\" \/>\n<meta property=\"og:locale\" content=\"pt_BR\" \/>\n<meta property=\"og:type\" content=\"article\" \/>\n<meta property=\"og:title\" content=\"Neymar fica fora da convoca\u00e7\u00e3o de Ancelotti para Sele\u00e7\u00e3o Brasileira - Not&iacute;cias em Destaque\" \/>\n<meta property=\"og:description\" content=\"O t\u00e9cnico Carlo Ancelotti anunciou nesta segunda-feira (16) os jogadores convocados para a Sele\u00e7\u00e3o Brasileira nos amistosos da Data Fifa de mar\u00e7o. O atacante Neymar n\u00e3o aparece na lista. A convoca\u00e7\u00e3o marca a \u00faltima oportunidade de testes antes da rela\u00e7\u00e3o final para a Copa do Mundo de 2026, prevista para a segunda quinzena de maio. O Brasil enfrenta Fran\u00e7a e Cro\u00e1cia nos dias 26 e 31 de mar\u00e7o. As partidas fazem parte da prepara\u00e7\u00e3o da equipe para o Mundial. A poss\u00edvel presen\u00e7a de\u00a0Neymar\u00a0era um dos temas entre torcedores antes do an\u00fancio da lista. O\u00a0camisa 10\u00a0ficou longo per\u00edodo afastado da Sele\u00e7\u00e3o ap\u00f3s a grave les\u00e3o no joelho sofrida em outubro de 2023 e ainda busca retomar ritmo competitivo. A comiss\u00e3o t\u00e9cnica acompanha a condi\u00e7\u00e3o f\u00edsica do atacante enquanto define os \u00faltimos nomes do grupo para o ciclo da Copa. Desejo \u00e9 voltar Ap\u00f3s o\u00a0empate entre Santos e Corinthians\u00a0por 1 a 1, neste domingo (15), pelo Campeonato Brasileiro, Neymar falou sobre a expectativa de voltar \u00e0 equipe nacional. \u201cEstou trabalhando para isso, obviamente meu desejo \u00e9 voltar \u00e0 Sele\u00e7\u00e3o e jogar uma Copa do Mundo. Isso cabe \u00e0 comiss\u00e3o escolher. Se eu estiver l\u00e1 ou n\u00e3o, sempre torcerei pela Sele\u00e7\u00e3o\u201d, comentou o jogador. A partida na Vila Belmiro foi a \u00faltima do atacante antes do an\u00fancio da convoca\u00e7\u00e3o desta segunda-feira. Veja a convoca\u00e7\u00e3o da Sele\u00e7\u00e3o Brasileira Goleiros Alisson &#8211; Liverpool Bento &#8211; Al-Nassr Ederson &#8211; Fenerbahce Laterais Alex Sandro &#8211; Flamengo Danilo &#8211; Flamengo Douglas Santos &#8211; Zenit Wesley &#8211; Roma Zagueiros Bremer &#8211; Juventus Gabriel Magalh\u00e3es &#8211; Arsenal Iba\u00f1ez &#8211; Ah-Ahli L\u00e9o Pereira &#8211; Flamengo Marquinhos &#8211; PSG Meias Andrey Santos &#8211; Chelsea Casemiro &#8211; Manchester United Danilo &#8211; Botafogo Fabinho &#8211; Al-Ittihad Gabriel Sara &#8211; Galatasaray Atacantes Endrick &#8211; Lyon Gabriel Martinelli &#8211; Arsenal Igor Thiago &#8211; Brentford Luiz Henrique &#8211; Zenit Matheus Cunha &#8211; Manchester United Raphinha &#8211; Barcelona Rayan &#8211; Bournemouth Vin\u00edcius J\u00fanior &#8211; Real Madrid Jo\u00e3o Pedro &#8211; Chelsea Noticias em Destaque Fonte: CNN Brasil\" \/>\n<meta property=\"og:url\" content=\"https:\/\/noticiasemdestaque.com\/cd\/?p=77129\" \/>\n<meta property=\"og:site_name\" content=\"Not&iacute;cias em Destaque\" \/>\n<meta property=\"article:published_time\" content=\"2026-03-16T18:53:54+00:00\" \/>\n<meta property=\"og:image\" content=\"https:\/\/noticiasemdestaque.com\/cd\/wp-content\/uploads\/2026\/03\/175614305868ac9dd209d71_1756143058_3x2_rt.jpg\" \/>\n\t<meta property=\"og:image:width\" content=\"2400\" \/>\n\t<meta property=\"og:image:height\" content=\"1600\" \/>\n\t<meta property=\"og:image:type\" content=\"image\/jpeg\" \/>\n<meta name=\"author\" content=\"Not\u00edcias em Destaque\" \/>\n<meta name=\"twitter:card\" content=\"summary_large_image\" \/>\n<meta name=\"twitter:label1\" content=\"Escrito por\" \/>\n\t<meta name=\"twitter:data1\" content=\"Not\u00edcias em Destaque\" \/>\n\t<meta name=\"twitter:label2\" content=\"Est. tempo de leitura\" \/>\n\t<meta name=\"twitter:data2\" content=\"4 minutos\" \/>\n<script type=\"application\/ld+json\" class=\"yoast-schema-graph\">{\"@context\":\"https:\/\/schema.org\",\"@graph\":[{\"@type\":\"Article\",\"@id\":\"https:\/\/noticiasemdestaque.com\/cd\/?p=77129#article\",\"isPartOf\":{\"@id\":\"https:\/\/noticiasemdestaque.com\/cd\/?p=77129\"},\"author\":{\"name\":\"Not\u00edcias em Destaque\",\"@id\":\"https:\/\/noticiasemdestaque.com\/cd\/#\/schema\/person\/3e6ba396ff5664a69c392f09a8e1504c\"},\"headline\":\"Neymar fica fora da convoca\u00e7\u00e3o de Ancelotti para Sele\u00e7\u00e3o Brasileira\",\"datePublished\":\"2026-03-16T18:53:54+00:00\",\"mainEntityOfPage\":{\"@id\":\"https:\/\/noticiasemdestaque.com\/cd\/?p=77129\"},\"wordCount\":368,\"publisher\":{\"@id\":\"https:\/\/noticiasemdestaque.com\/cd\/#organization\"},\"image\":{\"@id\":\"https:\/\/noticiasemdestaque.com\/cd\/?p=77129#primaryimage\"},\"thumbnailUrl\":\"https:\/\/noticiasemdestaque.com\/cd\/wp-content\/uploads\/2026\/03\/175614305868ac9dd209d71_1756143058_3x2_rt.jpg\",\"articleSection\":[\"Esportes\"],\"inLanguage\":\"pt-BR\"},{\"@type\":\"WebPage\",\"@id\":\"https:\/\/noticiasemdestaque.com\/cd\/?p=77129\",\"url\":\"https:\/\/noticiasemdestaque.com\/cd\/?p=77129\",\"name\":\"Neymar fica fora da convoca\u00e7\u00e3o de Ancelotti para Sele\u00e7\u00e3o Brasileira - Not&iacute;cias em Destaque\",\"isPartOf\":{\"@id\":\"https:\/\/noticiasemdestaque.com\/cd\/#website\"},\"primaryImageOfPage\":{\"@id\":\"https:\/\/noticiasemdestaque.com\/cd\/?p=77129#primaryimage\"},\"image\":{\"@id\":\"https:\/\/noticiasemdestaque.com\/cd\/?p=77129#primaryimage\"},\"thumbnailUrl\":\"https:\/\/noticiasemdestaque.com\/cd\/wp-content\/uploads\/2026\/03\/175614305868ac9dd209d71_1756143058_3x2_rt.jpg\",\"datePublished\":\"2026-03-16T18:53:54+00:00\",\"breadcrumb\":{\"@id\":\"https:\/\/noticiasemdestaque.com\/cd\/?p=77129#breadcrumb\"},\"inLanguage\":\"pt-BR\",\"potentialAction\":[{\"@type\":\"ReadAction\",\"target\":[\"https:\/\/noticiasemdestaque.com\/cd\/?p=77129\"]}]},{\"@type\":\"ImageObject\",\"inLanguage\":\"pt-BR\",\"@id\":\"https:\/\/noticiasemdestaque.com\/cd\/?p=77129#primaryimage\",\"url\":\"https:\/\/noticiasemdestaque.com\/cd\/wp-content\/uploads\/2026\/03\/175614305868ac9dd209d71_1756143058_3x2_rt.jpg\",\"contentUrl\":\"https:\/\/noticiasemdestaque.com\/cd\/wp-content\/uploads\/2026\/03\/175614305868ac9dd209d71_1756143058_3x2_rt.jpg\",\"width\":2400,\"height\":1600},{\"@type\":\"BreadcrumbList\",\"@id\":\"https:\/\/noticiasemdestaque.com\/cd\/?p=77129#breadcrumb\",\"itemListElement\":[{\"@type\":\"ListItem\",\"position\":1,\"name\":\"In\u00edcio\",\"item\":\"https:\/\/noticiasemdestaque.com\/cd\/\"},{\"@type\":\"ListItem\",\"position\":2,\"name\":\"Neymar fica fora da convoca\u00e7\u00e3o de Ancelotti para Sele\u00e7\u00e3o Brasileira\"}]},{\"@type\":\"WebSite\",\"@id\":\"https:\/\/noticiasemdestaque.com\/cd\/#website\",\"url\":\"https:\/\/noticiasemdestaque.com\/cd\/\",\"name\":\"Not&iacute;cias em Destaque\",\"description\":\"\",\"publisher\":{\"@id\":\"https:\/\/noticiasemdestaque.com\/cd\/#organization\"},\"potentialAction\":[{\"@type\":\"SearchAction\",\"target\":{\"@type\":\"EntryPoint\",\"urlTemplate\":\"https:\/\/noticiasemdestaque.com\/cd\/?s={search_term_string}\"},\"query-input\":{\"@type\":\"PropertyValueSpecification\",\"valueRequired\":true,\"valueName\":\"search_term_string\"}}],\"inLanguage\":\"pt-BR\"},{\"@type\":\"Organization\",\"@id\":\"https:\/\/noticiasemdestaque.com\/cd\/#organization\",\"name\":\"Not\u00edcias em Destaque\",\"url\":\"https:\/\/noticiasemdestaque.com\/cd\/\",\"logo\":{\"@type\":\"ImageObject\",\"inLanguage\":\"pt-BR\",\"@id\":\"https:\/\/noticiasemdestaque.com\/cd\/#\/schema\/logo\/image\/\",\"url\":\"https:\/\/noticiasemdestaque.com\/cd\/wp-content\/uploads\/2022\/05\/imagem-base-noticiasemdestaque.png\",\"contentUrl\":\"https:\/\/noticiasemdestaque.com\/cd\/wp-content\/uploads\/2022\/05\/imagem-base-noticiasemdestaque.png\",\"width\":1200,\"height\":630,\"caption\":\"Not\u00edcias em Destaque\"},\"image\":{\"@id\":\"https:\/\/noticiasemdestaque.com\/cd\/#\/schema\/logo\/image\/\"}},{\"@type\":\"Person\",\"@id\":\"https:\/\/noticiasemdestaque.com\/cd\/#\/schema\/person\/3e6ba396ff5664a69c392f09a8e1504c\",\"name\":\"Not\u00edcias em Destaque\",\"url\":\"https:\/\/noticiasemdestaque.com\/cd\/?author=2\"}]}<\/script>\n<!-- \/ Yoast SEO plugin. -->","yoast_head_json":{"title":"Neymar fica fora da convoca\u00e7\u00e3o de Ancelotti para Sele\u00e7\u00e3o Brasileira - Not&iacute;cias em Destaque","robots":{"index":"index","follow":"follow","max-snippet":"max-snippet:-1","max-image-preview":"max-image-preview:large","max-video-preview":"max-video-preview:-1"},"canonical":"https:\/\/noticiasemdestaque.com\/cd\/?p=77129","og_locale":"pt_BR","og_type":"article","og_title":"Neymar fica fora da convoca\u00e7\u00e3o de Ancelotti para Sele\u00e7\u00e3o Brasileira - Not&iacute;cias em Destaque","og_description":"O t\u00e9cnico Carlo Ancelotti anunciou nesta segunda-feira (16) os jogadores convocados para a Sele\u00e7\u00e3o Brasileira nos amistosos da Data Fifa de mar\u00e7o. O atacante Neymar n\u00e3o aparece na lista. A convoca\u00e7\u00e3o marca a \u00faltima oportunidade de testes antes da rela\u00e7\u00e3o final para a Copa do Mundo de 2026, prevista para a segunda quinzena de maio. O Brasil enfrenta Fran\u00e7a e Cro\u00e1cia nos dias 26 e 31 de mar\u00e7o. As partidas fazem parte da prepara\u00e7\u00e3o da equipe para o Mundial. A poss\u00edvel presen\u00e7a de\u00a0Neymar\u00a0era um dos temas entre torcedores antes do an\u00fancio da lista. O\u00a0camisa 10\u00a0ficou longo per\u00edodo afastado da Sele\u00e7\u00e3o ap\u00f3s a grave les\u00e3o no joelho sofrida em outubro de 2023 e ainda busca retomar ritmo competitivo. A comiss\u00e3o t\u00e9cnica acompanha a condi\u00e7\u00e3o f\u00edsica do atacante enquanto define os \u00faltimos nomes do grupo para o ciclo da Copa. Desejo \u00e9 voltar Ap\u00f3s o\u00a0empate entre Santos e Corinthians\u00a0por 1 a 1, neste domingo (15), pelo Campeonato Brasileiro, Neymar falou sobre a expectativa de voltar \u00e0 equipe nacional. \u201cEstou trabalhando para isso, obviamente meu desejo \u00e9 voltar \u00e0 Sele\u00e7\u00e3o e jogar uma Copa do Mundo. Isso cabe \u00e0 comiss\u00e3o escolher. Se eu estiver l\u00e1 ou n\u00e3o, sempre torcerei pela Sele\u00e7\u00e3o\u201d, comentou o jogador. A partida na Vila Belmiro foi a \u00faltima do atacante antes do an\u00fancio da convoca\u00e7\u00e3o desta segunda-feira. Veja a convoca\u00e7\u00e3o da Sele\u00e7\u00e3o Brasileira Goleiros Alisson &#8211; Liverpool Bento &#8211; Al-Nassr Ederson &#8211; Fenerbahce Laterais Alex Sandro &#8211; Flamengo Danilo &#8211; Flamengo Douglas Santos &#8211; Zenit Wesley &#8211; Roma Zagueiros Bremer &#8211; Juventus Gabriel Magalh\u00e3es &#8211; Arsenal Iba\u00f1ez &#8211; Ah-Ahli L\u00e9o Pereira &#8211; Flamengo Marquinhos &#8211; PSG Meias Andrey Santos &#8211; Chelsea Casemiro &#8211; Manchester United Danilo &#8211; Botafogo Fabinho &#8211; Al-Ittihad Gabriel Sara &#8211; Galatasaray Atacantes Endrick &#8211; Lyon Gabriel Martinelli &#8211; Arsenal Igor Thiago &#8211; Brentford Luiz Henrique &#8211; Zenit Matheus Cunha &#8211; Manchester United Raphinha &#8211; Barcelona Rayan &#8211; Bournemouth Vin\u00edcius J\u00fanior &#8211; Real Madrid Jo\u00e3o Pedro &#8211; Chelsea Noticias em Destaque Fonte: CNN Brasil","og_url":"https:\/\/noticiasemdestaque.com\/cd\/?p=77129","og_site_name":"Not&iacute;cias em Destaque","article_published_time":"2026-03-16T18:53:54+00:00","og_image":[{"width":2400,"height":1600,"url":"https:\/\/noticiasemdestaque.com\/cd\/wp-content\/uploads\/2026\/03\/175614305868ac9dd209d71_1756143058_3x2_rt.jpg","type":"image\/jpeg"}],"author":"Not\u00edcias em Destaque","twitter_card":"summary_large_image","twitter_misc":{"Escrito por":"Not\u00edcias em Destaque","Est. tempo de leitura":"4 minutos"},"schema":{"@context":"https:\/\/schema.org","@graph":[{"@type":"Article","@id":"https:\/\/noticiasemdestaque.com\/cd\/?p=77129#article","isPartOf":{"@id":"https:\/\/noticiasemdestaque.com\/cd\/?p=77129"},"author":{"name":"Not\u00edcias em Destaque","@id":"https:\/\/noticiasemdestaque.com\/cd\/#\/schema\/person\/3e6ba396ff5664a69c392f09a8e1504c"},"headline":"Neymar fica fora da convoca\u00e7\u00e3o de Ancelotti para Sele\u00e7\u00e3o Brasileira","datePublished":"2026-03-16T18:53:54+00:00","mainEntityOfPage":{"@id":"https:\/\/noticiasemdestaque.com\/cd\/?p=77129"},"wordCount":368,"publisher":{"@id":"https:\/\/noticiasemdestaque.com\/cd\/#organization"},"image":{"@id":"https:\/\/noticiasemdestaque.com\/cd\/?p=77129#primaryimage"},"thumbnailUrl":"https:\/\/noticiasemdestaque.com\/cd\/wp-content\/uploads\/2026\/03\/175614305868ac9dd209d71_1756143058_3x2_rt.jpg","articleSection":["Esportes"],"inLanguage":"pt-BR"},{"@type":"WebPage","@id":"https:\/\/noticiasemdestaque.com\/cd\/?p=77129","url":"https:\/\/noticiasemdestaque.com\/cd\/?p=77129","name":"Neymar fica fora da convoca\u00e7\u00e3o de Ancelotti para Sele\u00e7\u00e3o Brasileira - Not&iacute;cias em Destaque","isPartOf":{"@id":"https:\/\/noticiasemdestaque.com\/cd\/#website"},"primaryImageOfPage":{"@id":"https:\/\/noticiasemdestaque.com\/cd\/?p=77129#primaryimage"},"image":{"@id":"https:\/\/noticiasemdestaque.com\/cd\/?p=77129#primaryimage"},"thumbnailUrl":"https:\/\/noticiasemdestaque.com\/cd\/wp-content\/uploads\/2026\/03\/175614305868ac9dd209d71_1756143058_3x2_rt.jpg","datePublished":"2026-03-16T18:53:54+00:00","breadcrumb":{"@id":"https:\/\/noticiasemdestaque.com\/cd\/?p=77129#breadcrumb"},"inLanguage":"pt-BR","potentialAction":[{"@type":"ReadAction","target":["https:\/\/noticiasemdestaque.com\/cd\/?p=77129"]}]},{"@type":"ImageObject","inLanguage":"pt-BR","@id":"https:\/\/noticiasemdestaque.com\/cd\/?p=77129#primaryimage","url":"https:\/\/noticiasemdestaque.com\/cd\/wp-content\/uploads\/2026\/03\/175614305868ac9dd209d71_1756143058_3x2_rt.jpg","contentUrl":"https:\/\/noticiasemdestaque.com\/cd\/wp-content\/uploads\/2026\/03\/175614305868ac9dd209d71_1756143058_3x2_rt.jpg","width":2400,"height":1600},{"@type":"BreadcrumbList","@id":"https:\/\/noticiasemdestaque.com\/cd\/?p=77129#breadcrumb","itemListElement":[{"@type":"ListItem","position":1,"name":"In\u00edcio","item":"https:\/\/noticiasemdestaque.com\/cd\/"},{"@type":"ListItem","position":2,"name":"Neymar fica fora da convoca\u00e7\u00e3o de Ancelotti para Sele\u00e7\u00e3o Brasileira"}]},{"@type":"WebSite","@id":"https:\/\/noticiasemdestaque.com\/cd\/#website","url":"https:\/\/noticiasemdestaque.com\/cd\/","name":"Not&iacute;cias em Destaque","description":"","publisher":{"@id":"https:\/\/noticiasemdestaque.com\/cd\/#organization"},"potentialAction":[{"@type":"SearchAction","target":{"@type":"EntryPoint","urlTemplate":"https:\/\/noticiasemdestaque.com\/cd\/?s={search_term_string}"},"query-input":{"@type":"PropertyValueSpecification","valueRequired":true,"valueName":"search_term_string"}}],"inLanguage":"pt-BR"},{"@type":"Organization","@id":"https:\/\/noticiasemdestaque.com\/cd\/#organization","name":"Not\u00edcias em Destaque","url":"https:\/\/noticiasemdestaque.com\/cd\/","logo":{"@type":"ImageObject","inLanguage":"pt-BR","@id":"https:\/\/noticiasemdestaque.com\/cd\/#\/schema\/logo\/image\/","url":"https:\/\/noticiasemdestaque.com\/cd\/wp-content\/uploads\/2022\/05\/imagem-base-noticiasemdestaque.png","contentUrl":"https:\/\/noticiasemdestaque.com\/cd\/wp-content\/uploads\/2022\/05\/imagem-base-noticiasemdestaque.png","width":1200,"height":630,"caption":"Not\u00edcias em Destaque"},"image":{"@id":"https:\/\/noticiasemdestaque.com\/cd\/#\/schema\/logo\/image\/"}},{"@type":"Person","@id":"https:\/\/noticiasemdestaque.com\/cd\/#\/schema\/person\/3e6ba396ff5664a69c392f09a8e1504c","name":"Not\u00edcias em Destaque","url":"https:\/\/noticiasemdestaque.com\/cd\/?author=2"}]}},"jetpack_featured_media_url":"https:\/\/noticiasemdestaque.com\/cd\/wp-content\/uploads\/2026\/03\/175614305868ac9dd209d71_1756143058_3x2_rt.jpg","jetpack_sharing_enabled":true,"_links":{"self":[{"href":"https:\/\/noticiasemdestaque.com\/cd\/index.php?rest_route=\/wp\/v2\/posts\/77129","targetHints":{"allow":["GET"]}}],"collection":[{"href":"https:\/\/noticiasemdestaque.com\/cd\/index.php?rest_route=\/wp\/v2\/posts"}],"about":[{"href":"https:\/\/noticiasemdestaque.com\/cd\/index.php?rest_route=\/wp\/v2\/types\/post"}],"author":[{"embeddable":true,"href":"https:\/\/noticiasemdestaque.com\/cd\/index.php?rest_route=\/wp\/v2\/users\/2"}],"replies":[{"embeddable":true,"href":"https:\/\/noticiasemdestaque.com\/cd\/index.php?rest_route=%2Fwp%2Fv2%2Fcomments&post=77129"}],"version-history":[{"count":1,"href":"https:\/\/noticiasemdestaque.com\/cd\/index.php?rest_route=\/wp\/v2\/posts\/77129\/revisions"}],"predecessor-version":[{"id":77132,"href":"https:\/\/noticiasemdestaque.com\/cd\/index.php?rest_route=\/wp\/v2\/posts\/77129\/revisions\/77132"}],"wp:featuredmedia":[{"embeddable":true,"href":"https:\/\/noticiasemdestaque.com\/cd\/index.php?rest_route=\/wp\/v2\/media\/77131"}],"wp:attachment":[{"href":"https:\/\/noticiasemdestaque.com\/cd\/index.php?rest_route=%2Fwp%2Fv2%2Fmedia&parent=77129"}],"wp:term":[{"taxonomy":"category","embeddable":true,"href":"https:\/\/noticiasemdestaque.com\/cd\/index.php?rest_route=%2Fwp%2Fv2%2Fcategories&post=77129"},{"taxonomy":"post_tag","embeddable":true,"href":"https:\/\/noticiasemdestaque.com\/cd\/index.php?rest_route=%2Fwp%2Fv2%2Ftags&post=77129"}],"curies":[{"name":"wp","href":"https:\/\/api.w.org\/{rel}","templated":true}]}}