{"id":77126,"date":"2026-03-16T15:46:29","date_gmt":"2026-03-16T18:46:29","guid":{"rendered":"https:\/\/noticiasemdestaque.com\/cd\/?p=77126"},"modified":"2026-03-16T15:46:29","modified_gmt":"2026-03-16T18:46:29","slug":"guarnicao-da-policia-militar-resgata-e-salva-vitima-de-afogamento-em-cidade-do-cariri","status":"publish","type":"post","link":"https:\/\/noticiasemdestaque.com\/cd\/?p=77126","title":{"rendered":"Guarni\u00e7\u00e3o da Pol\u00edcia Militar resgata e salva v\u00edtima de afogamento em cidade do Cariri"},"content":{"rendered":"<p><a href=\"https:\/\/noticiasemdestaque.com\/cd\/wp-content\/uploads\/2026\/03\/651433775_18536263780071250_3503237020769944727_n.jpg\"><img fetchpriority=\"high\" decoding=\"async\" class=\" wp-image-77127 aligncenter\" src=\"https:\/\/noticiasemdestaque.com\/cd\/wp-content\/uploads\/2026\/03\/651433775_18536263780071250_3503237020769944727_n-300x300.jpg\" alt=\"\" width=\"794\" height=\"794\" srcset=\"https:\/\/noticiasemdestaque.com\/cd\/wp-content\/uploads\/2026\/03\/651433775_18536263780071250_3503237020769944727_n-300x300.jpg 300w, https:\/\/noticiasemdestaque.com\/cd\/wp-content\/uploads\/2026\/03\/651433775_18536263780071250_3503237020769944727_n-1024x1024.jpg 1024w, https:\/\/noticiasemdestaque.com\/cd\/wp-content\/uploads\/2026\/03\/651433775_18536263780071250_3503237020769944727_n-150x150.jpg 150w, https:\/\/noticiasemdestaque.com\/cd\/wp-content\/uploads\/2026\/03\/651433775_18536263780071250_3503237020769944727_n-768x768.jpg 768w, https:\/\/noticiasemdestaque.com\/cd\/wp-content\/uploads\/2026\/03\/651433775_18536263780071250_3503237020769944727_n.jpg 1080w\" sizes=\"(max-width: 794px) 100vw, 794px\" \/><\/a><\/p>\n<p>A guarni\u00e7\u00e3o comandada pelo 1\u00ba Sargento Cleudo, tendo como patrulheiro o Cabo Cristiano, estava de servi\u00e7o no \u00faltimo domingo (15), na cidade de Camala\u00fa, realizando rondas no balne\u00e1rio do munic\u00edpio, onde acontecia um evento festivo.<\/p>\n<p>Em determinado momento, os policiais foram procurados por um cidad\u00e3o que informou que sua irm\u00e3 estaria se afogando em um local utilizado por populares para banho, situado por tr\u00e1s de uma barragem.<\/p>\n<p>De imediato, a guarni\u00e7\u00e3o se deslocou at\u00e9 o local indicado e conseguiu retirar a v\u00edtima da \u00e1gua. O resgate ocorreu em uma \u00e1rea de dif\u00edcil acesso, com grande quantidade de espinhos e vegeta\u00e7\u00e3o, sendo necess\u00e1rio o aux\u00edlio de um popular para conduzir a mulher at\u00e9 a viatura.<\/p>\n<p>Ap\u00f3s o salvamento, os policiais acionaram a ambul\u00e2ncia do munic\u00edpio. A equipe de sa\u00fade compareceu ao local, prestou os primeiros socorros e conduziu a v\u00edtima ao hospital da cidade para receber atendimento m\u00e9dico.<\/p>\n<p><strong>Noticias em Destaque<\/strong><\/p>\n<p style=\"text-align: right;\"><em>Com 95FM<\/em><\/p>\n","protected":false},"excerpt":{"rendered":"<p>A guarni\u00e7\u00e3o comandada pelo 1\u00ba Sargento Cleudo, tendo como patrulheiro o Cabo Cristiano, estava de servi\u00e7o no \u00faltimo domingo (15), na cidade de Camala\u00fa, realizando rondas no balne\u00e1rio do munic\u00edpio, onde acontecia um evento festivo. Em determinado momento, os policiais foram procurados por um cidad\u00e3o que informou que sua irm\u00e3 estaria se afogando em um local utilizado por populares para banho, situado por tr\u00e1s de uma barragem. De imediato, a guarni\u00e7\u00e3o se deslocou at\u00e9 o local indicado e conseguiu retirar a v\u00edtima da \u00e1gua. O resgate ocorreu em uma \u00e1rea de dif\u00edcil acesso, com grande quantidade de espinhos e vegeta\u00e7\u00e3o, sendo necess\u00e1rio o aux\u00edlio de um popular para conduzir a mulher at\u00e9 a viatura. Ap\u00f3s o salvamento, os policiais acionaram a ambul\u00e2ncia do munic\u00edpio. A equipe de sa\u00fade compareceu ao local, prestou os primeiros socorros e conduziu a v\u00edtima ao hospital da cidade para receber atendimento m\u00e9dico. Noticias em Destaque Com 95FM<\/p>\n","protected":false},"author":2,"featured_media":77127,"comment_status":"closed","ping_status":"closed","sticky":false,"template":"","format":"standard","meta":{"_eb_attr":"","_jetpack_memberships_contains_paid_content":false,"footnotes":""},"categories":[20],"tags":[],"class_list":["post-77126","post","type-post","status-publish","format-standard","has-post-thumbnail","hentry","category-policia"],"yoast_head":"<!-- This site is optimized with the Yoast SEO plugin v26.5 - https:\/\/yoast.com\/wordpress\/plugins\/seo\/ -->\n<title>Guarni\u00e7\u00e3o da Pol\u00edcia Militar resgata e salva v\u00edtima de afogamento em cidade do Cariri - Not&iacute;cias em Destaque<\/title>\n<meta name=\"robots\" content=\"index, follow, max-snippet:-1, max-image-preview:large, max-video-preview:-1\" \/>\n<link rel=\"canonical\" href=\"https:\/\/noticiasemdestaque.com\/cd\/?p=77126\" \/>\n<meta property=\"og:locale\" content=\"pt_BR\" \/>\n<meta property=\"og:type\" content=\"article\" \/>\n<meta property=\"og:title\" content=\"Guarni\u00e7\u00e3o da Pol\u00edcia Militar resgata e salva v\u00edtima de afogamento em cidade do Cariri - Not&iacute;cias em Destaque\" \/>\n<meta property=\"og:description\" content=\"A guarni\u00e7\u00e3o comandada pelo 1\u00ba Sargento Cleudo, tendo como patrulheiro o Cabo Cristiano, estava de servi\u00e7o no \u00faltimo domingo (15), na cidade de Camala\u00fa, realizando rondas no balne\u00e1rio do munic\u00edpio, onde acontecia um evento festivo. Em determinado momento, os policiais foram procurados por um cidad\u00e3o que informou que sua irm\u00e3 estaria se afogando em um local utilizado por populares para banho, situado por tr\u00e1s de uma barragem. De imediato, a guarni\u00e7\u00e3o se deslocou at\u00e9 o local indicado e conseguiu retirar a v\u00edtima da \u00e1gua. O resgate ocorreu em uma \u00e1rea de dif\u00edcil acesso, com grande quantidade de espinhos e vegeta\u00e7\u00e3o, sendo necess\u00e1rio o aux\u00edlio de um popular para conduzir a mulher at\u00e9 a viatura. Ap\u00f3s o salvamento, os policiais acionaram a ambul\u00e2ncia do munic\u00edpio. A equipe de sa\u00fade compareceu ao local, prestou os primeiros socorros e conduziu a v\u00edtima ao hospital da cidade para receber atendimento m\u00e9dico. Noticias em Destaque Com 95FM\" \/>\n<meta property=\"og:url\" content=\"https:\/\/noticiasemdestaque.com\/cd\/?p=77126\" \/>\n<meta property=\"og:site_name\" content=\"Not&iacute;cias em Destaque\" \/>\n<meta property=\"article:published_time\" content=\"2026-03-16T18:46:29+00:00\" \/>\n<meta property=\"og:image\" content=\"https:\/\/noticiasemdestaque.com\/cd\/wp-content\/uploads\/2026\/03\/651433775_18536263780071250_3503237020769944727_n.jpg\" \/>\n\t<meta property=\"og:image:width\" content=\"1080\" \/>\n\t<meta property=\"og:image:height\" content=\"1080\" \/>\n\t<meta property=\"og:image:type\" content=\"image\/jpeg\" \/>\n<meta name=\"author\" content=\"Not\u00edcias em Destaque\" \/>\n<meta name=\"twitter:card\" content=\"summary_large_image\" \/>\n<meta name=\"twitter:label1\" content=\"Escrito por\" \/>\n\t<meta name=\"twitter:data1\" content=\"Not\u00edcias em Destaque\" \/>\n\t<meta name=\"twitter:label2\" content=\"Est. tempo de leitura\" \/>\n\t<meta name=\"twitter:data2\" content=\"2 minutos\" \/>\n<script type=\"application\/ld+json\" class=\"yoast-schema-graph\">{\"@context\":\"https:\/\/schema.org\",\"@graph\":[{\"@type\":\"Article\",\"@id\":\"https:\/\/noticiasemdestaque.com\/cd\/?p=77126#article\",\"isPartOf\":{\"@id\":\"https:\/\/noticiasemdestaque.com\/cd\/?p=77126\"},\"author\":{\"name\":\"Not\u00edcias em Destaque\",\"@id\":\"https:\/\/noticiasemdestaque.com\/cd\/#\/schema\/person\/3e6ba396ff5664a69c392f09a8e1504c\"},\"headline\":\"Guarni\u00e7\u00e3o da Pol\u00edcia Militar resgata e salva v\u00edtima de afogamento em cidade do Cariri\",\"datePublished\":\"2026-03-16T18:46:29+00:00\",\"mainEntityOfPage\":{\"@id\":\"https:\/\/noticiasemdestaque.com\/cd\/?p=77126\"},\"wordCount\":185,\"publisher\":{\"@id\":\"https:\/\/noticiasemdestaque.com\/cd\/#organization\"},\"image\":{\"@id\":\"https:\/\/noticiasemdestaque.com\/cd\/?p=77126#primaryimage\"},\"thumbnailUrl\":\"https:\/\/noticiasemdestaque.com\/cd\/wp-content\/uploads\/2026\/03\/651433775_18536263780071250_3503237020769944727_n.jpg\",\"articleSection\":[\"Pol\u00edcia\"],\"inLanguage\":\"pt-BR\"},{\"@type\":\"WebPage\",\"@id\":\"https:\/\/noticiasemdestaque.com\/cd\/?p=77126\",\"url\":\"https:\/\/noticiasemdestaque.com\/cd\/?p=77126\",\"name\":\"Guarni\u00e7\u00e3o da Pol\u00edcia Militar resgata e salva v\u00edtima de afogamento em cidade do Cariri - Not&iacute;cias em Destaque\",\"isPartOf\":{\"@id\":\"https:\/\/noticiasemdestaque.com\/cd\/#website\"},\"primaryImageOfPage\":{\"@id\":\"https:\/\/noticiasemdestaque.com\/cd\/?p=77126#primaryimage\"},\"image\":{\"@id\":\"https:\/\/noticiasemdestaque.com\/cd\/?p=77126#primaryimage\"},\"thumbnailUrl\":\"https:\/\/noticiasemdestaque.com\/cd\/wp-content\/uploads\/2026\/03\/651433775_18536263780071250_3503237020769944727_n.jpg\",\"datePublished\":\"2026-03-16T18:46:29+00:00\",\"breadcrumb\":{\"@id\":\"https:\/\/noticiasemdestaque.com\/cd\/?p=77126#breadcrumb\"},\"inLanguage\":\"pt-BR\",\"potentialAction\":[{\"@type\":\"ReadAction\",\"target\":[\"https:\/\/noticiasemdestaque.com\/cd\/?p=77126\"]}]},{\"@type\":\"ImageObject\",\"inLanguage\":\"pt-BR\",\"@id\":\"https:\/\/noticiasemdestaque.com\/cd\/?p=77126#primaryimage\",\"url\":\"https:\/\/noticiasemdestaque.com\/cd\/wp-content\/uploads\/2026\/03\/651433775_18536263780071250_3503237020769944727_n.jpg\",\"contentUrl\":\"https:\/\/noticiasemdestaque.com\/cd\/wp-content\/uploads\/2026\/03\/651433775_18536263780071250_3503237020769944727_n.jpg\",\"width\":1080,\"height\":1080},{\"@type\":\"BreadcrumbList\",\"@id\":\"https:\/\/noticiasemdestaque.com\/cd\/?p=77126#breadcrumb\",\"itemListElement\":[{\"@type\":\"ListItem\",\"position\":1,\"name\":\"In\u00edcio\",\"item\":\"https:\/\/noticiasemdestaque.com\/cd\/\"},{\"@type\":\"ListItem\",\"position\":2,\"name\":\"Guarni\u00e7\u00e3o da Pol\u00edcia Militar resgata e salva v\u00edtima de afogamento em cidade do Cariri\"}]},{\"@type\":\"WebSite\",\"@id\":\"https:\/\/noticiasemdestaque.com\/cd\/#website\",\"url\":\"https:\/\/noticiasemdestaque.com\/cd\/\",\"name\":\"Not&iacute;cias em Destaque\",\"description\":\"\",\"publisher\":{\"@id\":\"https:\/\/noticiasemdestaque.com\/cd\/#organization\"},\"potentialAction\":[{\"@type\":\"SearchAction\",\"target\":{\"@type\":\"EntryPoint\",\"urlTemplate\":\"https:\/\/noticiasemdestaque.com\/cd\/?s={search_term_string}\"},\"query-input\":{\"@type\":\"PropertyValueSpecification\",\"valueRequired\":true,\"valueName\":\"search_term_string\"}}],\"inLanguage\":\"pt-BR\"},{\"@type\":\"Organization\",\"@id\":\"https:\/\/noticiasemdestaque.com\/cd\/#organization\",\"name\":\"Not\u00edcias em Destaque\",\"url\":\"https:\/\/noticiasemdestaque.com\/cd\/\",\"logo\":{\"@type\":\"ImageObject\",\"inLanguage\":\"pt-BR\",\"@id\":\"https:\/\/noticiasemdestaque.com\/cd\/#\/schema\/logo\/image\/\",\"url\":\"https:\/\/noticiasemdestaque.com\/cd\/wp-content\/uploads\/2022\/05\/imagem-base-noticiasemdestaque.png\",\"contentUrl\":\"https:\/\/noticiasemdestaque.com\/cd\/wp-content\/uploads\/2022\/05\/imagem-base-noticiasemdestaque.png\",\"width\":1200,\"height\":630,\"caption\":\"Not\u00edcias em Destaque\"},\"image\":{\"@id\":\"https:\/\/noticiasemdestaque.com\/cd\/#\/schema\/logo\/image\/\"}},{\"@type\":\"Person\",\"@id\":\"https:\/\/noticiasemdestaque.com\/cd\/#\/schema\/person\/3e6ba396ff5664a69c392f09a8e1504c\",\"name\":\"Not\u00edcias em Destaque\",\"url\":\"https:\/\/noticiasemdestaque.com\/cd\/?author=2\"}]}<\/script>\n<!-- \/ Yoast SEO plugin. -->","yoast_head_json":{"title":"Guarni\u00e7\u00e3o da Pol\u00edcia Militar resgata e salva v\u00edtima de afogamento em cidade do Cariri - Not&iacute;cias em Destaque","robots":{"index":"index","follow":"follow","max-snippet":"max-snippet:-1","max-image-preview":"max-image-preview:large","max-video-preview":"max-video-preview:-1"},"canonical":"https:\/\/noticiasemdestaque.com\/cd\/?p=77126","og_locale":"pt_BR","og_type":"article","og_title":"Guarni\u00e7\u00e3o da Pol\u00edcia Militar resgata e salva v\u00edtima de afogamento em cidade do Cariri - Not&iacute;cias em Destaque","og_description":"A guarni\u00e7\u00e3o comandada pelo 1\u00ba Sargento Cleudo, tendo como patrulheiro o Cabo Cristiano, estava de servi\u00e7o no \u00faltimo domingo (15), na cidade de Camala\u00fa, realizando rondas no balne\u00e1rio do munic\u00edpio, onde acontecia um evento festivo. Em determinado momento, os policiais foram procurados por um cidad\u00e3o que informou que sua irm\u00e3 estaria se afogando em um local utilizado por populares para banho, situado por tr\u00e1s de uma barragem. De imediato, a guarni\u00e7\u00e3o se deslocou at\u00e9 o local indicado e conseguiu retirar a v\u00edtima da \u00e1gua. O resgate ocorreu em uma \u00e1rea de dif\u00edcil acesso, com grande quantidade de espinhos e vegeta\u00e7\u00e3o, sendo necess\u00e1rio o aux\u00edlio de um popular para conduzir a mulher at\u00e9 a viatura. Ap\u00f3s o salvamento, os policiais acionaram a ambul\u00e2ncia do munic\u00edpio. A equipe de sa\u00fade compareceu ao local, prestou os primeiros socorros e conduziu a v\u00edtima ao hospital da cidade para receber atendimento m\u00e9dico. Noticias em Destaque Com 95FM","og_url":"https:\/\/noticiasemdestaque.com\/cd\/?p=77126","og_site_name":"Not&iacute;cias em Destaque","article_published_time":"2026-03-16T18:46:29+00:00","og_image":[{"width":1080,"height":1080,"url":"https:\/\/noticiasemdestaque.com\/cd\/wp-content\/uploads\/2026\/03\/651433775_18536263780071250_3503237020769944727_n.jpg","type":"image\/jpeg"}],"author":"Not\u00edcias em Destaque","twitter_card":"summary_large_image","twitter_misc":{"Escrito por":"Not\u00edcias em Destaque","Est. tempo de leitura":"2 minutos"},"schema":{"@context":"https:\/\/schema.org","@graph":[{"@type":"Article","@id":"https:\/\/noticiasemdestaque.com\/cd\/?p=77126#article","isPartOf":{"@id":"https:\/\/noticiasemdestaque.com\/cd\/?p=77126"},"author":{"name":"Not\u00edcias em Destaque","@id":"https:\/\/noticiasemdestaque.com\/cd\/#\/schema\/person\/3e6ba396ff5664a69c392f09a8e1504c"},"headline":"Guarni\u00e7\u00e3o da Pol\u00edcia Militar resgata e salva v\u00edtima de afogamento em cidade do Cariri","datePublished":"2026-03-16T18:46:29+00:00","mainEntityOfPage":{"@id":"https:\/\/noticiasemdestaque.com\/cd\/?p=77126"},"wordCount":185,"publisher":{"@id":"https:\/\/noticiasemdestaque.com\/cd\/#organization"},"image":{"@id":"https:\/\/noticiasemdestaque.com\/cd\/?p=77126#primaryimage"},"thumbnailUrl":"https:\/\/noticiasemdestaque.com\/cd\/wp-content\/uploads\/2026\/03\/651433775_18536263780071250_3503237020769944727_n.jpg","articleSection":["Pol\u00edcia"],"inLanguage":"pt-BR"},{"@type":"WebPage","@id":"https:\/\/noticiasemdestaque.com\/cd\/?p=77126","url":"https:\/\/noticiasemdestaque.com\/cd\/?p=77126","name":"Guarni\u00e7\u00e3o da Pol\u00edcia Militar resgata e salva v\u00edtima de afogamento em cidade do Cariri - Not&iacute;cias em Destaque","isPartOf":{"@id":"https:\/\/noticiasemdestaque.com\/cd\/#website"},"primaryImageOfPage":{"@id":"https:\/\/noticiasemdestaque.com\/cd\/?p=77126#primaryimage"},"image":{"@id":"https:\/\/noticiasemdestaque.com\/cd\/?p=77126#primaryimage"},"thumbnailUrl":"https:\/\/noticiasemdestaque.com\/cd\/wp-content\/uploads\/2026\/03\/651433775_18536263780071250_3503237020769944727_n.jpg","datePublished":"2026-03-16T18:46:29+00:00","breadcrumb":{"@id":"https:\/\/noticiasemdestaque.com\/cd\/?p=77126#breadcrumb"},"inLanguage":"pt-BR","potentialAction":[{"@type":"ReadAction","target":["https:\/\/noticiasemdestaque.com\/cd\/?p=77126"]}]},{"@type":"ImageObject","inLanguage":"pt-BR","@id":"https:\/\/noticiasemdestaque.com\/cd\/?p=77126#primaryimage","url":"https:\/\/noticiasemdestaque.com\/cd\/wp-content\/uploads\/2026\/03\/651433775_18536263780071250_3503237020769944727_n.jpg","contentUrl":"https:\/\/noticiasemdestaque.com\/cd\/wp-content\/uploads\/2026\/03\/651433775_18536263780071250_3503237020769944727_n.jpg","width":1080,"height":1080},{"@type":"BreadcrumbList","@id":"https:\/\/noticiasemdestaque.com\/cd\/?p=77126#breadcrumb","itemListElement":[{"@type":"ListItem","position":1,"name":"In\u00edcio","item":"https:\/\/noticiasemdestaque.com\/cd\/"},{"@type":"ListItem","position":2,"name":"Guarni\u00e7\u00e3o da Pol\u00edcia Militar resgata e salva v\u00edtima de afogamento em cidade do Cariri"}]},{"@type":"WebSite","@id":"https:\/\/noticiasemdestaque.com\/cd\/#website","url":"https:\/\/noticiasemdestaque.com\/cd\/","name":"Not&iacute;cias em Destaque","description":"","publisher":{"@id":"https:\/\/noticiasemdestaque.com\/cd\/#organization"},"potentialAction":[{"@type":"SearchAction","target":{"@type":"EntryPoint","urlTemplate":"https:\/\/noticiasemdestaque.com\/cd\/?s={search_term_string}"},"query-input":{"@type":"PropertyValueSpecification","valueRequired":true,"valueName":"search_term_string"}}],"inLanguage":"pt-BR"},{"@type":"Organization","@id":"https:\/\/noticiasemdestaque.com\/cd\/#organization","name":"Not\u00edcias em Destaque","url":"https:\/\/noticiasemdestaque.com\/cd\/","logo":{"@type":"ImageObject","inLanguage":"pt-BR","@id":"https:\/\/noticiasemdestaque.com\/cd\/#\/schema\/logo\/image\/","url":"https:\/\/noticiasemdestaque.com\/cd\/wp-content\/uploads\/2022\/05\/imagem-base-noticiasemdestaque.png","contentUrl":"https:\/\/noticiasemdestaque.com\/cd\/wp-content\/uploads\/2022\/05\/imagem-base-noticiasemdestaque.png","width":1200,"height":630,"caption":"Not\u00edcias em Destaque"},"image":{"@id":"https:\/\/noticiasemdestaque.com\/cd\/#\/schema\/logo\/image\/"}},{"@type":"Person","@id":"https:\/\/noticiasemdestaque.com\/cd\/#\/schema\/person\/3e6ba396ff5664a69c392f09a8e1504c","name":"Not\u00edcias em Destaque","url":"https:\/\/noticiasemdestaque.com\/cd\/?author=2"}]}},"jetpack_featured_media_url":"https:\/\/noticiasemdestaque.com\/cd\/wp-content\/uploads\/2026\/03\/651433775_18536263780071250_3503237020769944727_n.jpg","jetpack_sharing_enabled":true,"_links":{"self":[{"href":"https:\/\/noticiasemdestaque.com\/cd\/index.php?rest_route=\/wp\/v2\/posts\/77126","targetHints":{"allow":["GET"]}}],"collection":[{"href":"https:\/\/noticiasemdestaque.com\/cd\/index.php?rest_route=\/wp\/v2\/posts"}],"about":[{"href":"https:\/\/noticiasemdestaque.com\/cd\/index.php?rest_route=\/wp\/v2\/types\/post"}],"author":[{"embeddable":true,"href":"https:\/\/noticiasemdestaque.com\/cd\/index.php?rest_route=\/wp\/v2\/users\/2"}],"replies":[{"embeddable":true,"href":"https:\/\/noticiasemdestaque.com\/cd\/index.php?rest_route=%2Fwp%2Fv2%2Fcomments&post=77126"}],"version-history":[{"count":1,"href":"https:\/\/noticiasemdestaque.com\/cd\/index.php?rest_route=\/wp\/v2\/posts\/77126\/revisions"}],"predecessor-version":[{"id":77128,"href":"https:\/\/noticiasemdestaque.com\/cd\/index.php?rest_route=\/wp\/v2\/posts\/77126\/revisions\/77128"}],"wp:featuredmedia":[{"embeddable":true,"href":"https:\/\/noticiasemdestaque.com\/cd\/index.php?rest_route=\/wp\/v2\/media\/77127"}],"wp:attachment":[{"href":"https:\/\/noticiasemdestaque.com\/cd\/index.php?rest_route=%2Fwp%2Fv2%2Fmedia&parent=77126"}],"wp:term":[{"taxonomy":"category","embeddable":true,"href":"https:\/\/noticiasemdestaque.com\/cd\/index.php?rest_route=%2Fwp%2Fv2%2Fcategories&post=77126"},{"taxonomy":"post_tag","embeddable":true,"href":"https:\/\/noticiasemdestaque.com\/cd\/index.php?rest_route=%2Fwp%2Fv2%2Ftags&post=77126"}],"curies":[{"name":"wp","href":"https:\/\/api.w.org\/{rel}","templated":true}]}}