{"id":77116,"date":"2026-03-16T12:16:49","date_gmt":"2026-03-16T15:16:49","guid":{"rendered":"https:\/\/noticiasemdestaque.com\/cd\/?p=77116"},"modified":"2026-03-16T12:16:49","modified_gmt":"2026-03-16T15:16:49","slug":"prazo-para-enviar-declaracao-do-ir-comeca-na-proxima-segunda","status":"publish","type":"post","link":"https:\/\/noticiasemdestaque.com\/cd\/?p=77116","title":{"rendered":"Prazo para enviar declara\u00e7\u00e3o do IR come\u00e7a na pr\u00f3xima segunda"},"content":{"rendered":"<p style=\"text-align: center;\"><a href=\"https:\/\/noticiasemdestaque.com\/cd\/wp-content\/uploads\/2026\/03\/mca_abr_21031913348.webp\"><img fetchpriority=\"high\" decoding=\"async\" class=\"alignnone  wp-image-77118\" src=\"https:\/\/noticiasemdestaque.com\/cd\/wp-content\/uploads\/2026\/03\/mca_abr_21031913348-300x179.webp\" alt=\"\" width=\"1026\" height=\"612\" srcset=\"https:\/\/noticiasemdestaque.com\/cd\/wp-content\/uploads\/2026\/03\/mca_abr_21031913348-300x179.webp 300w, https:\/\/noticiasemdestaque.com\/cd\/wp-content\/uploads\/2026\/03\/mca_abr_21031913348-768x459.webp 768w\" sizes=\"(max-width: 1026px) 100vw, 1026px\" \/><\/a><\/p>\n<p><strong>O prazo para envio da Declara\u00e7\u00e3o de Ajuste Anual do Imposto sobre a Renda da Pessoa F\u00edsica (DIRPF) de 2026 come\u00e7a na pr\u00f3xima segunda-feira (23) e segue at\u00e9 o dia 29 de maio.\u00a0<\/strong><img decoding=\"async\" src=\"https:\/\/agenciabrasil.ebc.com.br\/ebc.png?id=1682030&amp;o=node\" \/><img decoding=\"async\" src=\"https:\/\/agenciabrasil.ebc.com.br\/ebc.gif?id=1682030&amp;o=node\" \/><\/p>\n<p>As informa\u00e7\u00f5es, referentes ao ano-calend\u00e1rio de 2025, foram publicadas nesta segunda-feira (16) pela Receita Federal por meio de<a href=\"https:\/\/www.in.gov.br\/en\/web\/dou\/-\/instrucao-normativa-rfb-n-2.312-de-13-de-marco-de-2026-692748727\" target=\"_blank\" rel=\"noopener\">\u00a0instru\u00e7\u00e3o normativa<\/a>\u00a0no\u00a0<em>Di\u00e1rio Oficial da Uni\u00e3o<\/em>.<\/p>\n<p>De acordo com o texto,\u00a0<strong>devem apresentar a declara\u00e7\u00e3o contribuintes residentes no Brasil que receberam rendimentos tribut\u00e1veis superiores a R$ 35.584 em 2025.\u00a0<\/strong><\/p>\n<p>Tamb\u00e9m est\u00e3o obrigadas a enviar a declara\u00e7\u00e3o pessoas que receberam rendimentos isentos, n\u00e3o tribut\u00e1veis ou tributados exclusivamente na fonte acima de R$ 200 mil.<\/p>\n<p>A obrigatoriedade tamb\u00e9m vale para investidores que fizeram opera\u00e7\u00f5es de aliena\u00e7\u00e3o em bolsas de valores, de mercadorias, de futuros e assemelhadas, cuja soma foi superior a R$ 40 mil ou que tiveram ganhos l\u00edquidos sujeitos \u00e0 tributa\u00e7\u00e3o.<\/p>\n<p>No caso da atividade rural, devem declarar os contribuintes que registraram receita bruta superior a R$ 177.920.<\/p>\n<p>De acordo com o texto, a declara\u00e7\u00e3o deve ser elaborada, exclusivamente, por meio dos seguintes canais:<\/p>\n<ul>\n<li>Programa Gerador da Declara\u00e7\u00e3o (PGD) relativo ao exerc\u00edcio de 2026, dispon\u00edvel para download no\u00a0<a href=\"http:\/\/www.gov.br\/receitafederal\" target=\"_blank\" rel=\"noopener\"><em>site<\/em>\u00a0da Secretaria Especial da Receita Federal<\/a>;<\/li>\n<li>servi\u00e7o Meu Imposto de Renda, tamb\u00e9m dispon\u00edvel no site da secretaria e em aplicativo da secretaria para dispositivos m\u00f3veis como tablets e smartphones.<\/li>\n<\/ul>\n<p><strong>Noticias em Destaque<\/strong><\/p>\n<p style=\"text-align: right;\"><em>Fonte: Ag\u00eancia Brasil<\/em><\/p>\n","protected":false},"excerpt":{"rendered":"<p>O prazo para envio da Declara\u00e7\u00e3o de Ajuste Anual do Imposto sobre a Renda da Pessoa F\u00edsica (DIRPF) de 2026 come\u00e7a na pr\u00f3xima segunda-feira (23) e segue at\u00e9 o dia 29 de maio.\u00a0 As informa\u00e7\u00f5es, referentes ao ano-calend\u00e1rio de 2025, foram publicadas nesta segunda-feira (16) pela Receita Federal por meio de\u00a0instru\u00e7\u00e3o normativa\u00a0no\u00a0Di\u00e1rio Oficial da Uni\u00e3o. De acordo com o texto,\u00a0devem apresentar a declara\u00e7\u00e3o contribuintes residentes no Brasil que receberam rendimentos tribut\u00e1veis superiores a R$ 35.584 em 2025.\u00a0 Tamb\u00e9m est\u00e3o obrigadas a enviar a declara\u00e7\u00e3o pessoas que receberam rendimentos isentos, n\u00e3o tribut\u00e1veis ou tributados exclusivamente na fonte acima de R$ 200 mil. A obrigatoriedade tamb\u00e9m vale para investidores que fizeram opera\u00e7\u00f5es de aliena\u00e7\u00e3o em bolsas de valores, de mercadorias, de futuros e assemelhadas, cuja soma foi superior a R$ 40 mil ou que tiveram ganhos l\u00edquidos sujeitos \u00e0 tributa\u00e7\u00e3o. No caso da atividade rural, devem declarar os contribuintes que registraram receita bruta superior a R$ 177.920. De acordo com o texto, a declara\u00e7\u00e3o deve ser elaborada, exclusivamente, por meio dos seguintes canais: Programa Gerador da Declara\u00e7\u00e3o (PGD) relativo ao exerc\u00edcio de 2026, dispon\u00edvel para download no\u00a0site\u00a0da Secretaria Especial da Receita Federal; servi\u00e7o Meu Imposto de Renda, tamb\u00e9m dispon\u00edvel no site da secretaria e em aplicativo da secretaria para dispositivos m\u00f3veis como tablets e smartphones. Noticias em Destaque Fonte: Ag\u00eancia Brasil<\/p>\n","protected":false},"author":2,"featured_media":77118,"comment_status":"closed","ping_status":"closed","sticky":false,"template":"","format":"standard","meta":{"_eb_attr":"","_jetpack_memberships_contains_paid_content":false,"footnotes":""},"categories":[12],"tags":[],"class_list":["post-77116","post","type-post","status-publish","format-standard","has-post-thumbnail","hentry","category-geral"],"yoast_head":"<!-- This site is optimized with the Yoast SEO plugin v26.5 - https:\/\/yoast.com\/wordpress\/plugins\/seo\/ -->\n<title>Prazo para enviar declara\u00e7\u00e3o do IR come\u00e7a na pr\u00f3xima segunda - Not&iacute;cias em Destaque<\/title>\n<meta name=\"robots\" content=\"index, follow, max-snippet:-1, max-image-preview:large, max-video-preview:-1\" \/>\n<link rel=\"canonical\" href=\"https:\/\/noticiasemdestaque.com\/cd\/?p=77116\" \/>\n<meta property=\"og:locale\" content=\"pt_BR\" \/>\n<meta property=\"og:type\" content=\"article\" \/>\n<meta property=\"og:title\" content=\"Prazo para enviar declara\u00e7\u00e3o do IR come\u00e7a na pr\u00f3xima segunda - Not&iacute;cias em Destaque\" \/>\n<meta property=\"og:description\" content=\"O prazo para envio da Declara\u00e7\u00e3o de Ajuste Anual do Imposto sobre a Renda da Pessoa F\u00edsica (DIRPF) de 2026 come\u00e7a na pr\u00f3xima segunda-feira (23) e segue at\u00e9 o dia 29 de maio.\u00a0 As informa\u00e7\u00f5es, referentes ao ano-calend\u00e1rio de 2025, foram publicadas nesta segunda-feira (16) pela Receita Federal por meio de\u00a0instru\u00e7\u00e3o normativa\u00a0no\u00a0Di\u00e1rio Oficial da Uni\u00e3o. De acordo com o texto,\u00a0devem apresentar a declara\u00e7\u00e3o contribuintes residentes no Brasil que receberam rendimentos tribut\u00e1veis superiores a R$ 35.584 em 2025.\u00a0 Tamb\u00e9m est\u00e3o obrigadas a enviar a declara\u00e7\u00e3o pessoas que receberam rendimentos isentos, n\u00e3o tribut\u00e1veis ou tributados exclusivamente na fonte acima de R$ 200 mil. A obrigatoriedade tamb\u00e9m vale para investidores que fizeram opera\u00e7\u00f5es de aliena\u00e7\u00e3o em bolsas de valores, de mercadorias, de futuros e assemelhadas, cuja soma foi superior a R$ 40 mil ou que tiveram ganhos l\u00edquidos sujeitos \u00e0 tributa\u00e7\u00e3o. No caso da atividade rural, devem declarar os contribuintes que registraram receita bruta superior a R$ 177.920. De acordo com o texto, a declara\u00e7\u00e3o deve ser elaborada, exclusivamente, por meio dos seguintes canais: Programa Gerador da Declara\u00e7\u00e3o (PGD) relativo ao exerc\u00edcio de 2026, dispon\u00edvel para download no\u00a0site\u00a0da Secretaria Especial da Receita Federal; servi\u00e7o Meu Imposto de Renda, tamb\u00e9m dispon\u00edvel no site da secretaria e em aplicativo da secretaria para dispositivos m\u00f3veis como tablets e smartphones. Noticias em Destaque Fonte: Ag\u00eancia Brasil\" \/>\n<meta property=\"og:url\" content=\"https:\/\/noticiasemdestaque.com\/cd\/?p=77116\" \/>\n<meta property=\"og:site_name\" content=\"Not&iacute;cias em Destaque\" \/>\n<meta property=\"article:published_time\" content=\"2026-03-16T15:16:49+00:00\" \/>\n<meta property=\"og:image\" content=\"https:\/\/noticiasemdestaque.com\/cd\/wp-content\/uploads\/2026\/03\/mca_abr_21031913348.webp\" \/>\n\t<meta property=\"og:image:width\" content=\"1170\" \/>\n\t<meta property=\"og:image:height\" content=\"700\" \/>\n\t<meta property=\"og:image:type\" content=\"image\/webp\" \/>\n<meta name=\"author\" content=\"Not\u00edcias em Destaque\" \/>\n<meta name=\"twitter:card\" content=\"summary_large_image\" \/>\n<meta name=\"twitter:label1\" content=\"Escrito por\" \/>\n\t<meta name=\"twitter:data1\" content=\"Not\u00edcias em Destaque\" \/>\n\t<meta name=\"twitter:label2\" content=\"Est. tempo de leitura\" \/>\n\t<meta name=\"twitter:data2\" content=\"3 minutos\" \/>\n<script type=\"application\/ld+json\" class=\"yoast-schema-graph\">{\"@context\":\"https:\/\/schema.org\",\"@graph\":[{\"@type\":\"Article\",\"@id\":\"https:\/\/noticiasemdestaque.com\/cd\/?p=77116#article\",\"isPartOf\":{\"@id\":\"https:\/\/noticiasemdestaque.com\/cd\/?p=77116\"},\"author\":{\"name\":\"Not\u00edcias em Destaque\",\"@id\":\"https:\/\/noticiasemdestaque.com\/cd\/#\/schema\/person\/3e6ba396ff5664a69c392f09a8e1504c\"},\"headline\":\"Prazo para enviar declara\u00e7\u00e3o do IR come\u00e7a na pr\u00f3xima segunda\",\"datePublished\":\"2026-03-16T15:16:49+00:00\",\"mainEntityOfPage\":{\"@id\":\"https:\/\/noticiasemdestaque.com\/cd\/?p=77116\"},\"wordCount\":256,\"publisher\":{\"@id\":\"https:\/\/noticiasemdestaque.com\/cd\/#organization\"},\"image\":{\"@id\":\"https:\/\/noticiasemdestaque.com\/cd\/?p=77116#primaryimage\"},\"thumbnailUrl\":\"https:\/\/noticiasemdestaque.com\/cd\/wp-content\/uploads\/2026\/03\/mca_abr_21031913348.webp\",\"articleSection\":[\"Geral\"],\"inLanguage\":\"pt-BR\"},{\"@type\":\"WebPage\",\"@id\":\"https:\/\/noticiasemdestaque.com\/cd\/?p=77116\",\"url\":\"https:\/\/noticiasemdestaque.com\/cd\/?p=77116\",\"name\":\"Prazo para enviar declara\u00e7\u00e3o do IR come\u00e7a na pr\u00f3xima segunda - Not&iacute;cias em Destaque\",\"isPartOf\":{\"@id\":\"https:\/\/noticiasemdestaque.com\/cd\/#website\"},\"primaryImageOfPage\":{\"@id\":\"https:\/\/noticiasemdestaque.com\/cd\/?p=77116#primaryimage\"},\"image\":{\"@id\":\"https:\/\/noticiasemdestaque.com\/cd\/?p=77116#primaryimage\"},\"thumbnailUrl\":\"https:\/\/noticiasemdestaque.com\/cd\/wp-content\/uploads\/2026\/03\/mca_abr_21031913348.webp\",\"datePublished\":\"2026-03-16T15:16:49+00:00\",\"breadcrumb\":{\"@id\":\"https:\/\/noticiasemdestaque.com\/cd\/?p=77116#breadcrumb\"},\"inLanguage\":\"pt-BR\",\"potentialAction\":[{\"@type\":\"ReadAction\",\"target\":[\"https:\/\/noticiasemdestaque.com\/cd\/?p=77116\"]}]},{\"@type\":\"ImageObject\",\"inLanguage\":\"pt-BR\",\"@id\":\"https:\/\/noticiasemdestaque.com\/cd\/?p=77116#primaryimage\",\"url\":\"https:\/\/noticiasemdestaque.com\/cd\/wp-content\/uploads\/2026\/03\/mca_abr_21031913348.webp\",\"contentUrl\":\"https:\/\/noticiasemdestaque.com\/cd\/wp-content\/uploads\/2026\/03\/mca_abr_21031913348.webp\",\"width\":1170,\"height\":700},{\"@type\":\"BreadcrumbList\",\"@id\":\"https:\/\/noticiasemdestaque.com\/cd\/?p=77116#breadcrumb\",\"itemListElement\":[{\"@type\":\"ListItem\",\"position\":1,\"name\":\"In\u00edcio\",\"item\":\"https:\/\/noticiasemdestaque.com\/cd\/\"},{\"@type\":\"ListItem\",\"position\":2,\"name\":\"Prazo para enviar declara\u00e7\u00e3o do IR come\u00e7a na pr\u00f3xima segunda\"}]},{\"@type\":\"WebSite\",\"@id\":\"https:\/\/noticiasemdestaque.com\/cd\/#website\",\"url\":\"https:\/\/noticiasemdestaque.com\/cd\/\",\"name\":\"Not&iacute;cias em Destaque\",\"description\":\"\",\"publisher\":{\"@id\":\"https:\/\/noticiasemdestaque.com\/cd\/#organization\"},\"potentialAction\":[{\"@type\":\"SearchAction\",\"target\":{\"@type\":\"EntryPoint\",\"urlTemplate\":\"https:\/\/noticiasemdestaque.com\/cd\/?s={search_term_string}\"},\"query-input\":{\"@type\":\"PropertyValueSpecification\",\"valueRequired\":true,\"valueName\":\"search_term_string\"}}],\"inLanguage\":\"pt-BR\"},{\"@type\":\"Organization\",\"@id\":\"https:\/\/noticiasemdestaque.com\/cd\/#organization\",\"name\":\"Not\u00edcias em Destaque\",\"url\":\"https:\/\/noticiasemdestaque.com\/cd\/\",\"logo\":{\"@type\":\"ImageObject\",\"inLanguage\":\"pt-BR\",\"@id\":\"https:\/\/noticiasemdestaque.com\/cd\/#\/schema\/logo\/image\/\",\"url\":\"https:\/\/noticiasemdestaque.com\/cd\/wp-content\/uploads\/2022\/05\/imagem-base-noticiasemdestaque.png\",\"contentUrl\":\"https:\/\/noticiasemdestaque.com\/cd\/wp-content\/uploads\/2022\/05\/imagem-base-noticiasemdestaque.png\",\"width\":1200,\"height\":630,\"caption\":\"Not\u00edcias em Destaque\"},\"image\":{\"@id\":\"https:\/\/noticiasemdestaque.com\/cd\/#\/schema\/logo\/image\/\"}},{\"@type\":\"Person\",\"@id\":\"https:\/\/noticiasemdestaque.com\/cd\/#\/schema\/person\/3e6ba396ff5664a69c392f09a8e1504c\",\"name\":\"Not\u00edcias em Destaque\",\"url\":\"https:\/\/noticiasemdestaque.com\/cd\/?author=2\"}]}<\/script>\n<!-- \/ Yoast SEO plugin. -->","yoast_head_json":{"title":"Prazo para enviar declara\u00e7\u00e3o do IR come\u00e7a na pr\u00f3xima segunda - Not&iacute;cias em Destaque","robots":{"index":"index","follow":"follow","max-snippet":"max-snippet:-1","max-image-preview":"max-image-preview:large","max-video-preview":"max-video-preview:-1"},"canonical":"https:\/\/noticiasemdestaque.com\/cd\/?p=77116","og_locale":"pt_BR","og_type":"article","og_title":"Prazo para enviar declara\u00e7\u00e3o do IR come\u00e7a na pr\u00f3xima segunda - Not&iacute;cias em Destaque","og_description":"O prazo para envio da Declara\u00e7\u00e3o de Ajuste Anual do Imposto sobre a Renda da Pessoa F\u00edsica (DIRPF) de 2026 come\u00e7a na pr\u00f3xima segunda-feira (23) e segue at\u00e9 o dia 29 de maio.\u00a0 As informa\u00e7\u00f5es, referentes ao ano-calend\u00e1rio de 2025, foram publicadas nesta segunda-feira (16) pela Receita Federal por meio de\u00a0instru\u00e7\u00e3o normativa\u00a0no\u00a0Di\u00e1rio Oficial da Uni\u00e3o. De acordo com o texto,\u00a0devem apresentar a declara\u00e7\u00e3o contribuintes residentes no Brasil que receberam rendimentos tribut\u00e1veis superiores a R$ 35.584 em 2025.\u00a0 Tamb\u00e9m est\u00e3o obrigadas a enviar a declara\u00e7\u00e3o pessoas que receberam rendimentos isentos, n\u00e3o tribut\u00e1veis ou tributados exclusivamente na fonte acima de R$ 200 mil. A obrigatoriedade tamb\u00e9m vale para investidores que fizeram opera\u00e7\u00f5es de aliena\u00e7\u00e3o em bolsas de valores, de mercadorias, de futuros e assemelhadas, cuja soma foi superior a R$ 40 mil ou que tiveram ganhos l\u00edquidos sujeitos \u00e0 tributa\u00e7\u00e3o. No caso da atividade rural, devem declarar os contribuintes que registraram receita bruta superior a R$ 177.920. De acordo com o texto, a declara\u00e7\u00e3o deve ser elaborada, exclusivamente, por meio dos seguintes canais: Programa Gerador da Declara\u00e7\u00e3o (PGD) relativo ao exerc\u00edcio de 2026, dispon\u00edvel para download no\u00a0site\u00a0da Secretaria Especial da Receita Federal; servi\u00e7o Meu Imposto de Renda, tamb\u00e9m dispon\u00edvel no site da secretaria e em aplicativo da secretaria para dispositivos m\u00f3veis como tablets e smartphones. Noticias em Destaque Fonte: Ag\u00eancia Brasil","og_url":"https:\/\/noticiasemdestaque.com\/cd\/?p=77116","og_site_name":"Not&iacute;cias em Destaque","article_published_time":"2026-03-16T15:16:49+00:00","og_image":[{"width":1170,"height":700,"url":"https:\/\/noticiasemdestaque.com\/cd\/wp-content\/uploads\/2026\/03\/mca_abr_21031913348.webp","type":"image\/webp"}],"author":"Not\u00edcias em Destaque","twitter_card":"summary_large_image","twitter_misc":{"Escrito por":"Not\u00edcias em Destaque","Est. tempo de leitura":"3 minutos"},"schema":{"@context":"https:\/\/schema.org","@graph":[{"@type":"Article","@id":"https:\/\/noticiasemdestaque.com\/cd\/?p=77116#article","isPartOf":{"@id":"https:\/\/noticiasemdestaque.com\/cd\/?p=77116"},"author":{"name":"Not\u00edcias em Destaque","@id":"https:\/\/noticiasemdestaque.com\/cd\/#\/schema\/person\/3e6ba396ff5664a69c392f09a8e1504c"},"headline":"Prazo para enviar declara\u00e7\u00e3o do IR come\u00e7a na pr\u00f3xima segunda","datePublished":"2026-03-16T15:16:49+00:00","mainEntityOfPage":{"@id":"https:\/\/noticiasemdestaque.com\/cd\/?p=77116"},"wordCount":256,"publisher":{"@id":"https:\/\/noticiasemdestaque.com\/cd\/#organization"},"image":{"@id":"https:\/\/noticiasemdestaque.com\/cd\/?p=77116#primaryimage"},"thumbnailUrl":"https:\/\/noticiasemdestaque.com\/cd\/wp-content\/uploads\/2026\/03\/mca_abr_21031913348.webp","articleSection":["Geral"],"inLanguage":"pt-BR"},{"@type":"WebPage","@id":"https:\/\/noticiasemdestaque.com\/cd\/?p=77116","url":"https:\/\/noticiasemdestaque.com\/cd\/?p=77116","name":"Prazo para enviar declara\u00e7\u00e3o do IR come\u00e7a na pr\u00f3xima segunda - Not&iacute;cias em Destaque","isPartOf":{"@id":"https:\/\/noticiasemdestaque.com\/cd\/#website"},"primaryImageOfPage":{"@id":"https:\/\/noticiasemdestaque.com\/cd\/?p=77116#primaryimage"},"image":{"@id":"https:\/\/noticiasemdestaque.com\/cd\/?p=77116#primaryimage"},"thumbnailUrl":"https:\/\/noticiasemdestaque.com\/cd\/wp-content\/uploads\/2026\/03\/mca_abr_21031913348.webp","datePublished":"2026-03-16T15:16:49+00:00","breadcrumb":{"@id":"https:\/\/noticiasemdestaque.com\/cd\/?p=77116#breadcrumb"},"inLanguage":"pt-BR","potentialAction":[{"@type":"ReadAction","target":["https:\/\/noticiasemdestaque.com\/cd\/?p=77116"]}]},{"@type":"ImageObject","inLanguage":"pt-BR","@id":"https:\/\/noticiasemdestaque.com\/cd\/?p=77116#primaryimage","url":"https:\/\/noticiasemdestaque.com\/cd\/wp-content\/uploads\/2026\/03\/mca_abr_21031913348.webp","contentUrl":"https:\/\/noticiasemdestaque.com\/cd\/wp-content\/uploads\/2026\/03\/mca_abr_21031913348.webp","width":1170,"height":700},{"@type":"BreadcrumbList","@id":"https:\/\/noticiasemdestaque.com\/cd\/?p=77116#breadcrumb","itemListElement":[{"@type":"ListItem","position":1,"name":"In\u00edcio","item":"https:\/\/noticiasemdestaque.com\/cd\/"},{"@type":"ListItem","position":2,"name":"Prazo para enviar declara\u00e7\u00e3o do IR come\u00e7a na pr\u00f3xima segunda"}]},{"@type":"WebSite","@id":"https:\/\/noticiasemdestaque.com\/cd\/#website","url":"https:\/\/noticiasemdestaque.com\/cd\/","name":"Not&iacute;cias em Destaque","description":"","publisher":{"@id":"https:\/\/noticiasemdestaque.com\/cd\/#organization"},"potentialAction":[{"@type":"SearchAction","target":{"@type":"EntryPoint","urlTemplate":"https:\/\/noticiasemdestaque.com\/cd\/?s={search_term_string}"},"query-input":{"@type":"PropertyValueSpecification","valueRequired":true,"valueName":"search_term_string"}}],"inLanguage":"pt-BR"},{"@type":"Organization","@id":"https:\/\/noticiasemdestaque.com\/cd\/#organization","name":"Not\u00edcias em Destaque","url":"https:\/\/noticiasemdestaque.com\/cd\/","logo":{"@type":"ImageObject","inLanguage":"pt-BR","@id":"https:\/\/noticiasemdestaque.com\/cd\/#\/schema\/logo\/image\/","url":"https:\/\/noticiasemdestaque.com\/cd\/wp-content\/uploads\/2022\/05\/imagem-base-noticiasemdestaque.png","contentUrl":"https:\/\/noticiasemdestaque.com\/cd\/wp-content\/uploads\/2022\/05\/imagem-base-noticiasemdestaque.png","width":1200,"height":630,"caption":"Not\u00edcias em Destaque"},"image":{"@id":"https:\/\/noticiasemdestaque.com\/cd\/#\/schema\/logo\/image\/"}},{"@type":"Person","@id":"https:\/\/noticiasemdestaque.com\/cd\/#\/schema\/person\/3e6ba396ff5664a69c392f09a8e1504c","name":"Not\u00edcias em Destaque","url":"https:\/\/noticiasemdestaque.com\/cd\/?author=2"}]}},"jetpack_featured_media_url":"https:\/\/noticiasemdestaque.com\/cd\/wp-content\/uploads\/2026\/03\/mca_abr_21031913348.webp","jetpack_sharing_enabled":true,"_links":{"self":[{"href":"https:\/\/noticiasemdestaque.com\/cd\/index.php?rest_route=\/wp\/v2\/posts\/77116","targetHints":{"allow":["GET"]}}],"collection":[{"href":"https:\/\/noticiasemdestaque.com\/cd\/index.php?rest_route=\/wp\/v2\/posts"}],"about":[{"href":"https:\/\/noticiasemdestaque.com\/cd\/index.php?rest_route=\/wp\/v2\/types\/post"}],"author":[{"embeddable":true,"href":"https:\/\/noticiasemdestaque.com\/cd\/index.php?rest_route=\/wp\/v2\/users\/2"}],"replies":[{"embeddable":true,"href":"https:\/\/noticiasemdestaque.com\/cd\/index.php?rest_route=%2Fwp%2Fv2%2Fcomments&post=77116"}],"version-history":[{"count":1,"href":"https:\/\/noticiasemdestaque.com\/cd\/index.php?rest_route=\/wp\/v2\/posts\/77116\/revisions"}],"predecessor-version":[{"id":77119,"href":"https:\/\/noticiasemdestaque.com\/cd\/index.php?rest_route=\/wp\/v2\/posts\/77116\/revisions\/77119"}],"wp:featuredmedia":[{"embeddable":true,"href":"https:\/\/noticiasemdestaque.com\/cd\/index.php?rest_route=\/wp\/v2\/media\/77118"}],"wp:attachment":[{"href":"https:\/\/noticiasemdestaque.com\/cd\/index.php?rest_route=%2Fwp%2Fv2%2Fmedia&parent=77116"}],"wp:term":[{"taxonomy":"category","embeddable":true,"href":"https:\/\/noticiasemdestaque.com\/cd\/index.php?rest_route=%2Fwp%2Fv2%2Fcategories&post=77116"},{"taxonomy":"post_tag","embeddable":true,"href":"https:\/\/noticiasemdestaque.com\/cd\/index.php?rest_route=%2Fwp%2Fv2%2Ftags&post=77116"}],"curies":[{"name":"wp","href":"https:\/\/api.w.org\/{rel}","templated":true}]}}