{"id":77113,"date":"2026-03-16T11:27:45","date_gmt":"2026-03-16T14:27:45","guid":{"rendered":"https:\/\/noticiasemdestaque.com\/cd\/?p=77113"},"modified":"2026-03-16T11:27:45","modified_gmt":"2026-03-16T14:27:45","slug":"prefeitura-de-camalau-libera-pagamento-da-bolsa-universitaria-referente-a-marco-de-2026","status":"publish","type":"post","link":"https:\/\/noticiasemdestaque.com\/cd\/?p=77113","title":{"rendered":"Prefeitura de Camala\u00fa libera pagamento da Bolsa Universit\u00e1ria referente a mar\u00e7o de 2026"},"content":{"rendered":"<p><a href=\"https:\/\/noticiasemdestaque.com\/cd\/wp-content\/uploads\/2026\/03\/real_moeda_dinheiro_mcajr_2904223667.webp\"><img fetchpriority=\"high\" decoding=\"async\" class=\" wp-image-77114 aligncenter\" src=\"https:\/\/noticiasemdestaque.com\/cd\/wp-content\/uploads\/2026\/03\/real_moeda_dinheiro_mcajr_2904223667-300x179.webp\" alt=\"\" width=\"861\" height=\"514\" srcset=\"https:\/\/noticiasemdestaque.com\/cd\/wp-content\/uploads\/2026\/03\/real_moeda_dinheiro_mcajr_2904223667-300x179.webp 300w, https:\/\/noticiasemdestaque.com\/cd\/wp-content\/uploads\/2026\/03\/real_moeda_dinheiro_mcajr_2904223667-1024x613.webp 1024w, https:\/\/noticiasemdestaque.com\/cd\/wp-content\/uploads\/2026\/03\/real_moeda_dinheiro_mcajr_2904223667-768x459.webp 768w, https:\/\/noticiasemdestaque.com\/cd\/wp-content\/uploads\/2026\/03\/real_moeda_dinheiro_mcajr_2904223667.webp 1170w\" sizes=\"(max-width: 861px) 100vw, 861px\" \/><\/a><\/p>\n<p>A Prefeitura de Camala\u00fa, no Cariri paraibano, informou que o pagamento da Bolsa Universit\u00e1ria referente ao m\u00eas de mar\u00e7o de 2026 j\u00e1 est\u00e1 dispon\u00edvel nas contas dos estudantes beneficiados pelo programa.<\/p>\n<p>De acordo com a gest\u00e3o municipal, o benef\u00edcio tem como objetivo apoiar os universit\u00e1rios do munic\u00edpio que estudam fora da cidade, contribuindo para custos como transporte, alimenta\u00e7\u00e3o e outras despesas relacionadas \u00e0 vida acad\u00eamica.<\/p>\n<p>A iniciativa faz parte das a\u00e7\u00f5es da administra\u00e7\u00e3o municipal voltadas para o fortalecimento da educa\u00e7\u00e3o e para o incentivo \u00e0 forma\u00e7\u00e3o profissional dos jovens camalauenses.<\/p>\n<p>O prefeito Bira Mariano destacou a import\u00e2ncia do programa para o desenvolvimento do munic\u00edpio e para o futuro dos estudantes.<\/p>\n<blockquote><p>\u201cNosso compromisso \u00e9 continuar apoiando os estudantes de Camala\u00fa, garantindo que eles tenham condi\u00e7\u00f5es de buscar sua forma\u00e7\u00e3o e realizar seus sonhos. Investir na educa\u00e7\u00e3o \u00e9 investir no futuro da nossa cidade\u201d, afirmou o prefeito Bira Mariano.<\/p><\/blockquote>\n<p>A Prefeitura refor\u00e7a que o programa da Bolsa Universit\u00e1ria \u00e9 uma das pol\u00edticas p\u00fablicas voltadas ao incentivo \u00e0 educa\u00e7\u00e3o no munic\u00edpio, contribuindo para ampliar oportunidades para os jovens.<\/p>\n<p><strong>Noticias em Destaque<\/strong><\/p>\n<p style=\"text-align: right;\"><em>Fonte: Cariri em A\u00e7\u00e3o<\/em><\/p>\n","protected":false},"excerpt":{"rendered":"<p>A Prefeitura de Camala\u00fa, no Cariri paraibano, informou que o pagamento da Bolsa Universit\u00e1ria referente ao m\u00eas de mar\u00e7o de 2026 j\u00e1 est\u00e1 dispon\u00edvel nas contas dos estudantes beneficiados pelo programa. De acordo com a gest\u00e3o municipal, o benef\u00edcio tem como objetivo apoiar os universit\u00e1rios do munic\u00edpio que estudam fora da cidade, contribuindo para custos como transporte, alimenta\u00e7\u00e3o e outras despesas relacionadas \u00e0 vida acad\u00eamica. A iniciativa faz parte das a\u00e7\u00f5es da administra\u00e7\u00e3o municipal voltadas para o fortalecimento da educa\u00e7\u00e3o e para o incentivo \u00e0 forma\u00e7\u00e3o profissional dos jovens camalauenses. O prefeito Bira Mariano destacou a import\u00e2ncia do programa para o desenvolvimento do munic\u00edpio e para o futuro dos estudantes. \u201cNosso compromisso \u00e9 continuar apoiando os estudantes de Camala\u00fa, garantindo que eles tenham condi\u00e7\u00f5es de buscar sua forma\u00e7\u00e3o e realizar seus sonhos. Investir na educa\u00e7\u00e3o \u00e9 investir no futuro da nossa cidade\u201d, afirmou o prefeito Bira Mariano. A Prefeitura refor\u00e7a que o programa da Bolsa Universit\u00e1ria \u00e9 uma das pol\u00edticas p\u00fablicas voltadas ao incentivo \u00e0 educa\u00e7\u00e3o no munic\u00edpio, contribuindo para ampliar oportunidades para os jovens. Noticias em Destaque Fonte: Cariri em A\u00e7\u00e3o<\/p>\n","protected":false},"author":2,"featured_media":77114,"comment_status":"closed","ping_status":"closed","sticky":false,"template":"","format":"standard","meta":{"_eb_attr":"","_jetpack_memberships_contains_paid_content":false,"footnotes":""},"categories":[3],"tags":[],"class_list":["post-77113","post","type-post","status-publish","format-standard","has-post-thumbnail","hentry","category-cidades"],"yoast_head":"<!-- This site is optimized with the Yoast SEO plugin v26.5 - https:\/\/yoast.com\/wordpress\/plugins\/seo\/ -->\n<title>Prefeitura de Camala\u00fa libera pagamento da Bolsa Universit\u00e1ria referente a mar\u00e7o de 2026 - Not&iacute;cias em Destaque<\/title>\n<meta name=\"robots\" content=\"index, follow, max-snippet:-1, max-image-preview:large, max-video-preview:-1\" \/>\n<link rel=\"canonical\" href=\"https:\/\/noticiasemdestaque.com\/cd\/?p=77113\" \/>\n<meta property=\"og:locale\" content=\"pt_BR\" \/>\n<meta property=\"og:type\" content=\"article\" \/>\n<meta property=\"og:title\" content=\"Prefeitura de Camala\u00fa libera pagamento da Bolsa Universit\u00e1ria referente a mar\u00e7o de 2026 - Not&iacute;cias em Destaque\" \/>\n<meta property=\"og:description\" content=\"A Prefeitura de Camala\u00fa, no Cariri paraibano, informou que o pagamento da Bolsa Universit\u00e1ria referente ao m\u00eas de mar\u00e7o de 2026 j\u00e1 est\u00e1 dispon\u00edvel nas contas dos estudantes beneficiados pelo programa. De acordo com a gest\u00e3o municipal, o benef\u00edcio tem como objetivo apoiar os universit\u00e1rios do munic\u00edpio que estudam fora da cidade, contribuindo para custos como transporte, alimenta\u00e7\u00e3o e outras despesas relacionadas \u00e0 vida acad\u00eamica. A iniciativa faz parte das a\u00e7\u00f5es da administra\u00e7\u00e3o municipal voltadas para o fortalecimento da educa\u00e7\u00e3o e para o incentivo \u00e0 forma\u00e7\u00e3o profissional dos jovens camalauenses. O prefeito Bira Mariano destacou a import\u00e2ncia do programa para o desenvolvimento do munic\u00edpio e para o futuro dos estudantes. \u201cNosso compromisso \u00e9 continuar apoiando os estudantes de Camala\u00fa, garantindo que eles tenham condi\u00e7\u00f5es de buscar sua forma\u00e7\u00e3o e realizar seus sonhos. Investir na educa\u00e7\u00e3o \u00e9 investir no futuro da nossa cidade\u201d, afirmou o prefeito Bira Mariano. A Prefeitura refor\u00e7a que o programa da Bolsa Universit\u00e1ria \u00e9 uma das pol\u00edticas p\u00fablicas voltadas ao incentivo \u00e0 educa\u00e7\u00e3o no munic\u00edpio, contribuindo para ampliar oportunidades para os jovens. Noticias em Destaque Fonte: Cariri em A\u00e7\u00e3o\" \/>\n<meta property=\"og:url\" content=\"https:\/\/noticiasemdestaque.com\/cd\/?p=77113\" \/>\n<meta property=\"og:site_name\" content=\"Not&iacute;cias em Destaque\" \/>\n<meta property=\"article:published_time\" content=\"2026-03-16T14:27:45+00:00\" \/>\n<meta property=\"og:image\" content=\"https:\/\/noticiasemdestaque.com\/cd\/wp-content\/uploads\/2026\/03\/real_moeda_dinheiro_mcajr_2904223667.webp\" \/>\n\t<meta property=\"og:image:width\" content=\"1170\" \/>\n\t<meta property=\"og:image:height\" content=\"700\" \/>\n\t<meta property=\"og:image:type\" content=\"image\/webp\" \/>\n<meta name=\"author\" content=\"Not\u00edcias em Destaque\" \/>\n<meta name=\"twitter:card\" content=\"summary_large_image\" \/>\n<meta name=\"twitter:label1\" content=\"Escrito por\" \/>\n\t<meta name=\"twitter:data1\" content=\"Not\u00edcias em Destaque\" \/>\n\t<meta name=\"twitter:label2\" content=\"Est. tempo de leitura\" \/>\n\t<meta name=\"twitter:data2\" content=\"2 minutos\" \/>\n<script type=\"application\/ld+json\" class=\"yoast-schema-graph\">{\"@context\":\"https:\/\/schema.org\",\"@graph\":[{\"@type\":\"Article\",\"@id\":\"https:\/\/noticiasemdestaque.com\/cd\/?p=77113#article\",\"isPartOf\":{\"@id\":\"https:\/\/noticiasemdestaque.com\/cd\/?p=77113\"},\"author\":{\"name\":\"Not\u00edcias em Destaque\",\"@id\":\"https:\/\/noticiasemdestaque.com\/cd\/#\/schema\/person\/3e6ba396ff5664a69c392f09a8e1504c\"},\"headline\":\"Prefeitura de Camala\u00fa libera pagamento da Bolsa Universit\u00e1ria referente a mar\u00e7o de 2026\",\"datePublished\":\"2026-03-16T14:27:45+00:00\",\"mainEntityOfPage\":{\"@id\":\"https:\/\/noticiasemdestaque.com\/cd\/?p=77113\"},\"wordCount\":215,\"publisher\":{\"@id\":\"https:\/\/noticiasemdestaque.com\/cd\/#organization\"},\"image\":{\"@id\":\"https:\/\/noticiasemdestaque.com\/cd\/?p=77113#primaryimage\"},\"thumbnailUrl\":\"https:\/\/noticiasemdestaque.com\/cd\/wp-content\/uploads\/2026\/03\/real_moeda_dinheiro_mcajr_2904223667.webp\",\"articleSection\":[\"Cidades\"],\"inLanguage\":\"pt-BR\"},{\"@type\":\"WebPage\",\"@id\":\"https:\/\/noticiasemdestaque.com\/cd\/?p=77113\",\"url\":\"https:\/\/noticiasemdestaque.com\/cd\/?p=77113\",\"name\":\"Prefeitura de Camala\u00fa libera pagamento da Bolsa Universit\u00e1ria referente a mar\u00e7o de 2026 - Not&iacute;cias em Destaque\",\"isPartOf\":{\"@id\":\"https:\/\/noticiasemdestaque.com\/cd\/#website\"},\"primaryImageOfPage\":{\"@id\":\"https:\/\/noticiasemdestaque.com\/cd\/?p=77113#primaryimage\"},\"image\":{\"@id\":\"https:\/\/noticiasemdestaque.com\/cd\/?p=77113#primaryimage\"},\"thumbnailUrl\":\"https:\/\/noticiasemdestaque.com\/cd\/wp-content\/uploads\/2026\/03\/real_moeda_dinheiro_mcajr_2904223667.webp\",\"datePublished\":\"2026-03-16T14:27:45+00:00\",\"breadcrumb\":{\"@id\":\"https:\/\/noticiasemdestaque.com\/cd\/?p=77113#breadcrumb\"},\"inLanguage\":\"pt-BR\",\"potentialAction\":[{\"@type\":\"ReadAction\",\"target\":[\"https:\/\/noticiasemdestaque.com\/cd\/?p=77113\"]}]},{\"@type\":\"ImageObject\",\"inLanguage\":\"pt-BR\",\"@id\":\"https:\/\/noticiasemdestaque.com\/cd\/?p=77113#primaryimage\",\"url\":\"https:\/\/noticiasemdestaque.com\/cd\/wp-content\/uploads\/2026\/03\/real_moeda_dinheiro_mcajr_2904223667.webp\",\"contentUrl\":\"https:\/\/noticiasemdestaque.com\/cd\/wp-content\/uploads\/2026\/03\/real_moeda_dinheiro_mcajr_2904223667.webp\",\"width\":1170,\"height\":700},{\"@type\":\"BreadcrumbList\",\"@id\":\"https:\/\/noticiasemdestaque.com\/cd\/?p=77113#breadcrumb\",\"itemListElement\":[{\"@type\":\"ListItem\",\"position\":1,\"name\":\"In\u00edcio\",\"item\":\"https:\/\/noticiasemdestaque.com\/cd\/\"},{\"@type\":\"ListItem\",\"position\":2,\"name\":\"Prefeitura de Camala\u00fa libera pagamento da Bolsa Universit\u00e1ria referente a mar\u00e7o de 2026\"}]},{\"@type\":\"WebSite\",\"@id\":\"https:\/\/noticiasemdestaque.com\/cd\/#website\",\"url\":\"https:\/\/noticiasemdestaque.com\/cd\/\",\"name\":\"Not&iacute;cias em Destaque\",\"description\":\"\",\"publisher\":{\"@id\":\"https:\/\/noticiasemdestaque.com\/cd\/#organization\"},\"potentialAction\":[{\"@type\":\"SearchAction\",\"target\":{\"@type\":\"EntryPoint\",\"urlTemplate\":\"https:\/\/noticiasemdestaque.com\/cd\/?s={search_term_string}\"},\"query-input\":{\"@type\":\"PropertyValueSpecification\",\"valueRequired\":true,\"valueName\":\"search_term_string\"}}],\"inLanguage\":\"pt-BR\"},{\"@type\":\"Organization\",\"@id\":\"https:\/\/noticiasemdestaque.com\/cd\/#organization\",\"name\":\"Not\u00edcias em Destaque\",\"url\":\"https:\/\/noticiasemdestaque.com\/cd\/\",\"logo\":{\"@type\":\"ImageObject\",\"inLanguage\":\"pt-BR\",\"@id\":\"https:\/\/noticiasemdestaque.com\/cd\/#\/schema\/logo\/image\/\",\"url\":\"https:\/\/noticiasemdestaque.com\/cd\/wp-content\/uploads\/2022\/05\/imagem-base-noticiasemdestaque.png\",\"contentUrl\":\"https:\/\/noticiasemdestaque.com\/cd\/wp-content\/uploads\/2022\/05\/imagem-base-noticiasemdestaque.png\",\"width\":1200,\"height\":630,\"caption\":\"Not\u00edcias em Destaque\"},\"image\":{\"@id\":\"https:\/\/noticiasemdestaque.com\/cd\/#\/schema\/logo\/image\/\"}},{\"@type\":\"Person\",\"@id\":\"https:\/\/noticiasemdestaque.com\/cd\/#\/schema\/person\/3e6ba396ff5664a69c392f09a8e1504c\",\"name\":\"Not\u00edcias em Destaque\",\"url\":\"https:\/\/noticiasemdestaque.com\/cd\/?author=2\"}]}<\/script>\n<!-- \/ Yoast SEO plugin. -->","yoast_head_json":{"title":"Prefeitura de Camala\u00fa libera pagamento da Bolsa Universit\u00e1ria referente a mar\u00e7o de 2026 - Not&iacute;cias em Destaque","robots":{"index":"index","follow":"follow","max-snippet":"max-snippet:-1","max-image-preview":"max-image-preview:large","max-video-preview":"max-video-preview:-1"},"canonical":"https:\/\/noticiasemdestaque.com\/cd\/?p=77113","og_locale":"pt_BR","og_type":"article","og_title":"Prefeitura de Camala\u00fa libera pagamento da Bolsa Universit\u00e1ria referente a mar\u00e7o de 2026 - Not&iacute;cias em Destaque","og_description":"A Prefeitura de Camala\u00fa, no Cariri paraibano, informou que o pagamento da Bolsa Universit\u00e1ria referente ao m\u00eas de mar\u00e7o de 2026 j\u00e1 est\u00e1 dispon\u00edvel nas contas dos estudantes beneficiados pelo programa. De acordo com a gest\u00e3o municipal, o benef\u00edcio tem como objetivo apoiar os universit\u00e1rios do munic\u00edpio que estudam fora da cidade, contribuindo para custos como transporte, alimenta\u00e7\u00e3o e outras despesas relacionadas \u00e0 vida acad\u00eamica. A iniciativa faz parte das a\u00e7\u00f5es da administra\u00e7\u00e3o municipal voltadas para o fortalecimento da educa\u00e7\u00e3o e para o incentivo \u00e0 forma\u00e7\u00e3o profissional dos jovens camalauenses. O prefeito Bira Mariano destacou a import\u00e2ncia do programa para o desenvolvimento do munic\u00edpio e para o futuro dos estudantes. \u201cNosso compromisso \u00e9 continuar apoiando os estudantes de Camala\u00fa, garantindo que eles tenham condi\u00e7\u00f5es de buscar sua forma\u00e7\u00e3o e realizar seus sonhos. Investir na educa\u00e7\u00e3o \u00e9 investir no futuro da nossa cidade\u201d, afirmou o prefeito Bira Mariano. A Prefeitura refor\u00e7a que o programa da Bolsa Universit\u00e1ria \u00e9 uma das pol\u00edticas p\u00fablicas voltadas ao incentivo \u00e0 educa\u00e7\u00e3o no munic\u00edpio, contribuindo para ampliar oportunidades para os jovens. Noticias em Destaque Fonte: Cariri em A\u00e7\u00e3o","og_url":"https:\/\/noticiasemdestaque.com\/cd\/?p=77113","og_site_name":"Not&iacute;cias em Destaque","article_published_time":"2026-03-16T14:27:45+00:00","og_image":[{"width":1170,"height":700,"url":"https:\/\/noticiasemdestaque.com\/cd\/wp-content\/uploads\/2026\/03\/real_moeda_dinheiro_mcajr_2904223667.webp","type":"image\/webp"}],"author":"Not\u00edcias em Destaque","twitter_card":"summary_large_image","twitter_misc":{"Escrito por":"Not\u00edcias em Destaque","Est. tempo de leitura":"2 minutos"},"schema":{"@context":"https:\/\/schema.org","@graph":[{"@type":"Article","@id":"https:\/\/noticiasemdestaque.com\/cd\/?p=77113#article","isPartOf":{"@id":"https:\/\/noticiasemdestaque.com\/cd\/?p=77113"},"author":{"name":"Not\u00edcias em Destaque","@id":"https:\/\/noticiasemdestaque.com\/cd\/#\/schema\/person\/3e6ba396ff5664a69c392f09a8e1504c"},"headline":"Prefeitura de Camala\u00fa libera pagamento da Bolsa Universit\u00e1ria referente a mar\u00e7o de 2026","datePublished":"2026-03-16T14:27:45+00:00","mainEntityOfPage":{"@id":"https:\/\/noticiasemdestaque.com\/cd\/?p=77113"},"wordCount":215,"publisher":{"@id":"https:\/\/noticiasemdestaque.com\/cd\/#organization"},"image":{"@id":"https:\/\/noticiasemdestaque.com\/cd\/?p=77113#primaryimage"},"thumbnailUrl":"https:\/\/noticiasemdestaque.com\/cd\/wp-content\/uploads\/2026\/03\/real_moeda_dinheiro_mcajr_2904223667.webp","articleSection":["Cidades"],"inLanguage":"pt-BR"},{"@type":"WebPage","@id":"https:\/\/noticiasemdestaque.com\/cd\/?p=77113","url":"https:\/\/noticiasemdestaque.com\/cd\/?p=77113","name":"Prefeitura de Camala\u00fa libera pagamento da Bolsa Universit\u00e1ria referente a mar\u00e7o de 2026 - Not&iacute;cias em Destaque","isPartOf":{"@id":"https:\/\/noticiasemdestaque.com\/cd\/#website"},"primaryImageOfPage":{"@id":"https:\/\/noticiasemdestaque.com\/cd\/?p=77113#primaryimage"},"image":{"@id":"https:\/\/noticiasemdestaque.com\/cd\/?p=77113#primaryimage"},"thumbnailUrl":"https:\/\/noticiasemdestaque.com\/cd\/wp-content\/uploads\/2026\/03\/real_moeda_dinheiro_mcajr_2904223667.webp","datePublished":"2026-03-16T14:27:45+00:00","breadcrumb":{"@id":"https:\/\/noticiasemdestaque.com\/cd\/?p=77113#breadcrumb"},"inLanguage":"pt-BR","potentialAction":[{"@type":"ReadAction","target":["https:\/\/noticiasemdestaque.com\/cd\/?p=77113"]}]},{"@type":"ImageObject","inLanguage":"pt-BR","@id":"https:\/\/noticiasemdestaque.com\/cd\/?p=77113#primaryimage","url":"https:\/\/noticiasemdestaque.com\/cd\/wp-content\/uploads\/2026\/03\/real_moeda_dinheiro_mcajr_2904223667.webp","contentUrl":"https:\/\/noticiasemdestaque.com\/cd\/wp-content\/uploads\/2026\/03\/real_moeda_dinheiro_mcajr_2904223667.webp","width":1170,"height":700},{"@type":"BreadcrumbList","@id":"https:\/\/noticiasemdestaque.com\/cd\/?p=77113#breadcrumb","itemListElement":[{"@type":"ListItem","position":1,"name":"In\u00edcio","item":"https:\/\/noticiasemdestaque.com\/cd\/"},{"@type":"ListItem","position":2,"name":"Prefeitura de Camala\u00fa libera pagamento da Bolsa Universit\u00e1ria referente a mar\u00e7o de 2026"}]},{"@type":"WebSite","@id":"https:\/\/noticiasemdestaque.com\/cd\/#website","url":"https:\/\/noticiasemdestaque.com\/cd\/","name":"Not&iacute;cias em Destaque","description":"","publisher":{"@id":"https:\/\/noticiasemdestaque.com\/cd\/#organization"},"potentialAction":[{"@type":"SearchAction","target":{"@type":"EntryPoint","urlTemplate":"https:\/\/noticiasemdestaque.com\/cd\/?s={search_term_string}"},"query-input":{"@type":"PropertyValueSpecification","valueRequired":true,"valueName":"search_term_string"}}],"inLanguage":"pt-BR"},{"@type":"Organization","@id":"https:\/\/noticiasemdestaque.com\/cd\/#organization","name":"Not\u00edcias em Destaque","url":"https:\/\/noticiasemdestaque.com\/cd\/","logo":{"@type":"ImageObject","inLanguage":"pt-BR","@id":"https:\/\/noticiasemdestaque.com\/cd\/#\/schema\/logo\/image\/","url":"https:\/\/noticiasemdestaque.com\/cd\/wp-content\/uploads\/2022\/05\/imagem-base-noticiasemdestaque.png","contentUrl":"https:\/\/noticiasemdestaque.com\/cd\/wp-content\/uploads\/2022\/05\/imagem-base-noticiasemdestaque.png","width":1200,"height":630,"caption":"Not\u00edcias em Destaque"},"image":{"@id":"https:\/\/noticiasemdestaque.com\/cd\/#\/schema\/logo\/image\/"}},{"@type":"Person","@id":"https:\/\/noticiasemdestaque.com\/cd\/#\/schema\/person\/3e6ba396ff5664a69c392f09a8e1504c","name":"Not\u00edcias em Destaque","url":"https:\/\/noticiasemdestaque.com\/cd\/?author=2"}]}},"jetpack_featured_media_url":"https:\/\/noticiasemdestaque.com\/cd\/wp-content\/uploads\/2026\/03\/real_moeda_dinheiro_mcajr_2904223667.webp","jetpack_sharing_enabled":true,"_links":{"self":[{"href":"https:\/\/noticiasemdestaque.com\/cd\/index.php?rest_route=\/wp\/v2\/posts\/77113","targetHints":{"allow":["GET"]}}],"collection":[{"href":"https:\/\/noticiasemdestaque.com\/cd\/index.php?rest_route=\/wp\/v2\/posts"}],"about":[{"href":"https:\/\/noticiasemdestaque.com\/cd\/index.php?rest_route=\/wp\/v2\/types\/post"}],"author":[{"embeddable":true,"href":"https:\/\/noticiasemdestaque.com\/cd\/index.php?rest_route=\/wp\/v2\/users\/2"}],"replies":[{"embeddable":true,"href":"https:\/\/noticiasemdestaque.com\/cd\/index.php?rest_route=%2Fwp%2Fv2%2Fcomments&post=77113"}],"version-history":[{"count":1,"href":"https:\/\/noticiasemdestaque.com\/cd\/index.php?rest_route=\/wp\/v2\/posts\/77113\/revisions"}],"predecessor-version":[{"id":77115,"href":"https:\/\/noticiasemdestaque.com\/cd\/index.php?rest_route=\/wp\/v2\/posts\/77113\/revisions\/77115"}],"wp:featuredmedia":[{"embeddable":true,"href":"https:\/\/noticiasemdestaque.com\/cd\/index.php?rest_route=\/wp\/v2\/media\/77114"}],"wp:attachment":[{"href":"https:\/\/noticiasemdestaque.com\/cd\/index.php?rest_route=%2Fwp%2Fv2%2Fmedia&parent=77113"}],"wp:term":[{"taxonomy":"category","embeddable":true,"href":"https:\/\/noticiasemdestaque.com\/cd\/index.php?rest_route=%2Fwp%2Fv2%2Fcategories&post=77113"},{"taxonomy":"post_tag","embeddable":true,"href":"https:\/\/noticiasemdestaque.com\/cd\/index.php?rest_route=%2Fwp%2Fv2%2Ftags&post=77113"}],"curies":[{"name":"wp","href":"https:\/\/api.w.org\/{rel}","templated":true}]}}