{"id":77110,"date":"2026-03-16T11:20:14","date_gmt":"2026-03-16T14:20:14","guid":{"rendered":"https:\/\/noticiasemdestaque.com\/cd\/?p=77110"},"modified":"2026-03-16T11:20:14","modified_gmt":"2026-03-16T14:20:14","slug":"prefeitura-de-sao-joao-do-tigre-realiza-programacao-especial-em-homenagem-ao-dia-da-mulher","status":"publish","type":"post","link":"https:\/\/noticiasemdestaque.com\/cd\/?p=77110","title":{"rendered":"Prefeitura de S\u00e3o Jo\u00e3o do Tigre realiza programa\u00e7\u00e3o especial em homenagem ao Dia da Mulher"},"content":{"rendered":"<p data-start=\"124\" data-end=\"444\"><a href=\"https:\/\/noticiasemdestaque.com\/cd\/wp-content\/uploads\/2026\/03\/WhatsApp-Image-2026-03-13-at-22.16.34.webp\"><img fetchpriority=\"high\" decoding=\"async\" class=\" wp-image-77111 aligncenter\" src=\"https:\/\/noticiasemdestaque.com\/cd\/wp-content\/uploads\/2026\/03\/WhatsApp-Image-2026-03-13-at-22.16.34-300x225.webp\" alt=\"\" width=\"891\" height=\"668\" srcset=\"https:\/\/noticiasemdestaque.com\/cd\/wp-content\/uploads\/2026\/03\/WhatsApp-Image-2026-03-13-at-22.16.34-300x225.webp 300w, https:\/\/noticiasemdestaque.com\/cd\/wp-content\/uploads\/2026\/03\/WhatsApp-Image-2026-03-13-at-22.16.34-1024x768.webp 1024w, https:\/\/noticiasemdestaque.com\/cd\/wp-content\/uploads\/2026\/03\/WhatsApp-Image-2026-03-13-at-22.16.34-768x576.webp 768w, https:\/\/noticiasemdestaque.com\/cd\/wp-content\/uploads\/2026\/03\/WhatsApp-Image-2026-03-13-at-22.16.34-1536x1152.webp 1536w, https:\/\/noticiasemdestaque.com\/cd\/wp-content\/uploads\/2026\/03\/WhatsApp-Image-2026-03-13-at-22.16.34.webp 1600w\" sizes=\"(max-width: 891px) 100vw, 891px\" \/><\/a><\/p>\n<p data-start=\"124\" data-end=\"444\">A Prefeitura de S\u00e3o Jo\u00e3o do Tigre, no Cariri paraibano, promoveu na noite desta sexta-feira (13) uma programa\u00e7\u00e3o especial em homenagem ao Dia Internacional da Mulher. O evento aconteceu no Gin\u00e1sio Poliesportivo do munic\u00edpio e reuniu dezenas de mulheres tigrenses em um momento de celebra\u00e7\u00e3o e reconhecimento.<\/p>\n<p data-start=\"446\" data-end=\"665\">A programa\u00e7\u00e3o contou com jantar especial, m\u00fasica ao vivo e entrega de brindes, proporcionando uma noite de confraterniza\u00e7\u00e3o e valoriza\u00e7\u00e3o das mulheres que contribuem diariamente para o desenvolvimento da comunidade.<\/p>\n<p data-start=\"667\" data-end=\"936\">O evento contou com a presen\u00e7a do prefeito M\u00e1rcio Leite, da vice-prefeita Aucilene Tutu, do presidente da C\u00e2mara Municipal, vereador Arn\u00f3bio Pereira, al\u00e9m de vereadores, secret\u00e1rios municipais, auxiliares da gest\u00e3o e um grande p\u00fablico feminino do munic\u00edpio.<\/p>\n<p data-start=\"667\" data-end=\"936\"><img decoding=\"async\" class=\"wp-image-311203 aligncenter lazyloaded\" src=\"https:\/\/www.caririemacao.com\/1\/wp-content\/uploads\/2026\/03\/d64a7454-c37f-432c-b66c-704d9dbe59ce-300x225.jpg\" sizes=\"(max-width: 359px) 100vw, 359px\" srcset=\"https:\/\/www.caririemacao.com\/1\/wp-content\/uploads\/2026\/03\/d64a7454-c37f-432c-b66c-704d9dbe59ce-300x225.jpg 300w, https:\/\/www.caririemacao.com\/1\/wp-content\/uploads\/2026\/03\/d64a7454-c37f-432c-b66c-704d9dbe59ce-1280x960.jpg 1280w, https:\/\/www.caririemacao.com\/1\/wp-content\/uploads\/2026\/03\/d64a7454-c37f-432c-b66c-704d9dbe59ce-768x576.jpg 768w, https:\/\/www.caririemacao.com\/1\/wp-content\/uploads\/2026\/03\/d64a7454-c37f-432c-b66c-704d9dbe59ce-1536x1152.jpg 1536w, https:\/\/www.caririemacao.com\/1\/wp-content\/uploads\/2026\/03\/d64a7454-c37f-432c-b66c-704d9dbe59ce.jpg 1600w\" alt=\"\" width=\"504\" height=\"378\" data-src=\"https:\/\/www.caririemacao.com\/1\/wp-content\/uploads\/2026\/03\/d64a7454-c37f-432c-b66c-704d9dbe59ce-300x225.jpg\" data-srcset=\"https:\/\/www.caririemacao.com\/1\/wp-content\/uploads\/2026\/03\/d64a7454-c37f-432c-b66c-704d9dbe59ce-300x225.jpg 300w, https:\/\/www.caririemacao.com\/1\/wp-content\/uploads\/2026\/03\/d64a7454-c37f-432c-b66c-704d9dbe59ce-1280x960.jpg 1280w, https:\/\/www.caririemacao.com\/1\/wp-content\/uploads\/2026\/03\/d64a7454-c37f-432c-b66c-704d9dbe59ce-768x576.jpg 768w, https:\/\/www.caririemacao.com\/1\/wp-content\/uploads\/2026\/03\/d64a7454-c37f-432c-b66c-704d9dbe59ce-1536x1152.jpg 1536w, https:\/\/www.caririemacao.com\/1\/wp-content\/uploads\/2026\/03\/d64a7454-c37f-432c-b66c-704d9dbe59ce.jpg 1600w\" data-sizes=\"(max-width: 359px) 100vw, 359px\" \/><\/p>\n<p data-start=\"938\" data-end=\"1053\">Durante a ocasi\u00e3o, o prefeito M\u00e1rcio Leite destacou a import\u00e2ncia da homenagem e comemorou o sucesso do evento.<\/p>\n<blockquote>\n<p data-start=\"1055\" data-end=\"1372\">\u201cFoi uma noite muito especial preparada com muito carinho para as mulheres de S\u00e3o Jo\u00e3o do Tigre. Elas t\u00eam um papel fundamental em nossa sociedade e merecem todo o reconhecimento e respeito. Ficamos muito felizes em ver esse momento de confraterniza\u00e7\u00e3o, alegria e valoriza\u00e7\u00e3o das mulheres tigrenses\u201d, afirmou o gestor.<\/p>\n<\/blockquote>\n<p data-start=\"1374\" data-end=\"1571\">A iniciativa teve como objetivo reconhecer a import\u00e2ncia das mulheres na sociedade e refor\u00e7ar o compromisso da gest\u00e3o municipal com pol\u00edticas de valoriza\u00e7\u00e3o e respeito \u00e0s mulheres do munic\u00edpio.<\/p>\n<p data-start=\"1573\" data-end=\"1788\" data-is-last-node=\"\" data-is-only-node=\"\">A noite foi marcada por momentos de integra\u00e7\u00e3o, celebra\u00e7\u00e3o e gratid\u00e3o, reunindo mulheres de diferentes comunidades de S\u00e3o Jo\u00e3o do Tigre para comemorar uma data dedicada \u00e0 luta, conquistas e valoriza\u00e7\u00e3o feminina.<\/p>\n<p data-start=\"1573\" data-end=\"1788\" data-is-last-node=\"\" data-is-only-node=\"\"><strong>Noticias em Destaque<\/strong><\/p>\n<p style=\"text-align: right;\" data-start=\"1573\" data-end=\"1788\" data-is-last-node=\"\" data-is-only-node=\"\"><em>Fonte: Cariri em A\u00e7\u00e3o<\/em><\/p>\n","protected":false},"excerpt":{"rendered":"<p>A Prefeitura de S\u00e3o Jo\u00e3o do Tigre, no Cariri paraibano, promoveu na noite desta sexta-feira (13) uma programa\u00e7\u00e3o especial em homenagem ao Dia Internacional da Mulher. O evento aconteceu no Gin\u00e1sio Poliesportivo do munic\u00edpio e reuniu dezenas de mulheres tigrenses em um momento de celebra\u00e7\u00e3o e reconhecimento. A programa\u00e7\u00e3o contou com jantar especial, m\u00fasica ao vivo e entrega de brindes, proporcionando uma noite de confraterniza\u00e7\u00e3o e valoriza\u00e7\u00e3o das mulheres que contribuem diariamente para o desenvolvimento da comunidade. O evento contou com a presen\u00e7a do prefeito M\u00e1rcio Leite, da vice-prefeita Aucilene Tutu, do presidente da C\u00e2mara Municipal, vereador Arn\u00f3bio Pereira, al\u00e9m de vereadores, secret\u00e1rios municipais, auxiliares da gest\u00e3o e um grande p\u00fablico feminino do munic\u00edpio. Durante a ocasi\u00e3o, o prefeito M\u00e1rcio Leite destacou a import\u00e2ncia da homenagem e comemorou o sucesso do evento. \u201cFoi uma noite muito especial preparada com muito carinho para as mulheres de S\u00e3o Jo\u00e3o do Tigre. Elas t\u00eam um papel fundamental em nossa sociedade e merecem todo o reconhecimento e respeito. Ficamos muito felizes em ver esse momento de confraterniza\u00e7\u00e3o, alegria e valoriza\u00e7\u00e3o das mulheres tigrenses\u201d, afirmou o gestor. A iniciativa teve como objetivo reconhecer a import\u00e2ncia das mulheres na sociedade e refor\u00e7ar o compromisso da gest\u00e3o municipal com pol\u00edticas de valoriza\u00e7\u00e3o e respeito \u00e0s mulheres do munic\u00edpio. A noite foi marcada por momentos de integra\u00e7\u00e3o, celebra\u00e7\u00e3o e gratid\u00e3o, reunindo mulheres de diferentes comunidades de S\u00e3o Jo\u00e3o do Tigre para comemorar uma data dedicada \u00e0 luta, conquistas e valoriza\u00e7\u00e3o feminina. Noticias em Destaque Fonte: Cariri em A\u00e7\u00e3o<\/p>\n","protected":false},"author":2,"featured_media":77111,"comment_status":"closed","ping_status":"closed","sticky":false,"template":"","format":"standard","meta":{"_eb_attr":"","_jetpack_memberships_contains_paid_content":false,"footnotes":""},"categories":[4],"tags":[],"class_list":["post-77110","post","type-post","status-publish","format-standard","has-post-thumbnail","hentry","category-politica"],"yoast_head":"<!-- This site is optimized with the Yoast SEO plugin v26.5 - https:\/\/yoast.com\/wordpress\/plugins\/seo\/ -->\n<title>Prefeitura de S\u00e3o Jo\u00e3o do Tigre realiza programa\u00e7\u00e3o especial em homenagem ao Dia da Mulher - Not&iacute;cias em Destaque<\/title>\n<meta name=\"robots\" content=\"index, follow, max-snippet:-1, max-image-preview:large, max-video-preview:-1\" \/>\n<link rel=\"canonical\" href=\"https:\/\/noticiasemdestaque.com\/cd\/?p=77110\" \/>\n<meta property=\"og:locale\" content=\"pt_BR\" \/>\n<meta property=\"og:type\" content=\"article\" \/>\n<meta property=\"og:title\" content=\"Prefeitura de S\u00e3o Jo\u00e3o do Tigre realiza programa\u00e7\u00e3o especial em homenagem ao Dia da Mulher - Not&iacute;cias em Destaque\" \/>\n<meta property=\"og:description\" content=\"A Prefeitura de S\u00e3o Jo\u00e3o do Tigre, no Cariri paraibano, promoveu na noite desta sexta-feira (13) uma programa\u00e7\u00e3o especial em homenagem ao Dia Internacional da Mulher. O evento aconteceu no Gin\u00e1sio Poliesportivo do munic\u00edpio e reuniu dezenas de mulheres tigrenses em um momento de celebra\u00e7\u00e3o e reconhecimento. A programa\u00e7\u00e3o contou com jantar especial, m\u00fasica ao vivo e entrega de brindes, proporcionando uma noite de confraterniza\u00e7\u00e3o e valoriza\u00e7\u00e3o das mulheres que contribuem diariamente para o desenvolvimento da comunidade. O evento contou com a presen\u00e7a do prefeito M\u00e1rcio Leite, da vice-prefeita Aucilene Tutu, do presidente da C\u00e2mara Municipal, vereador Arn\u00f3bio Pereira, al\u00e9m de vereadores, secret\u00e1rios municipais, auxiliares da gest\u00e3o e um grande p\u00fablico feminino do munic\u00edpio. Durante a ocasi\u00e3o, o prefeito M\u00e1rcio Leite destacou a import\u00e2ncia da homenagem e comemorou o sucesso do evento. \u201cFoi uma noite muito especial preparada com muito carinho para as mulheres de S\u00e3o Jo\u00e3o do Tigre. Elas t\u00eam um papel fundamental em nossa sociedade e merecem todo o reconhecimento e respeito. Ficamos muito felizes em ver esse momento de confraterniza\u00e7\u00e3o, alegria e valoriza\u00e7\u00e3o das mulheres tigrenses\u201d, afirmou o gestor. A iniciativa teve como objetivo reconhecer a import\u00e2ncia das mulheres na sociedade e refor\u00e7ar o compromisso da gest\u00e3o municipal com pol\u00edticas de valoriza\u00e7\u00e3o e respeito \u00e0s mulheres do munic\u00edpio. A noite foi marcada por momentos de integra\u00e7\u00e3o, celebra\u00e7\u00e3o e gratid\u00e3o, reunindo mulheres de diferentes comunidades de S\u00e3o Jo\u00e3o do Tigre para comemorar uma data dedicada \u00e0 luta, conquistas e valoriza\u00e7\u00e3o feminina. Noticias em Destaque Fonte: Cariri em A\u00e7\u00e3o\" \/>\n<meta property=\"og:url\" content=\"https:\/\/noticiasemdestaque.com\/cd\/?p=77110\" \/>\n<meta property=\"og:site_name\" content=\"Not&iacute;cias em Destaque\" \/>\n<meta property=\"article:published_time\" content=\"2026-03-16T14:20:14+00:00\" \/>\n<meta property=\"og:image\" content=\"https:\/\/noticiasemdestaque.com\/cd\/wp-content\/uploads\/2026\/03\/WhatsApp-Image-2026-03-13-at-22.16.34.webp\" \/>\n\t<meta property=\"og:image:width\" content=\"1600\" \/>\n\t<meta property=\"og:image:height\" content=\"1200\" \/>\n\t<meta property=\"og:image:type\" content=\"image\/webp\" \/>\n<meta name=\"author\" content=\"Not\u00edcias em Destaque\" \/>\n<meta name=\"twitter:card\" content=\"summary_large_image\" \/>\n<meta name=\"twitter:label1\" content=\"Escrito por\" \/>\n\t<meta name=\"twitter:data1\" content=\"Not\u00edcias em Destaque\" \/>\n\t<meta name=\"twitter:label2\" content=\"Est. tempo de leitura\" \/>\n\t<meta name=\"twitter:data2\" content=\"2 minutos\" \/>\n<script type=\"application\/ld+json\" class=\"yoast-schema-graph\">{\"@context\":\"https:\/\/schema.org\",\"@graph\":[{\"@type\":\"Article\",\"@id\":\"https:\/\/noticiasemdestaque.com\/cd\/?p=77110#article\",\"isPartOf\":{\"@id\":\"https:\/\/noticiasemdestaque.com\/cd\/?p=77110\"},\"author\":{\"name\":\"Not\u00edcias em Destaque\",\"@id\":\"https:\/\/noticiasemdestaque.com\/cd\/#\/schema\/person\/3e6ba396ff5664a69c392f09a8e1504c\"},\"headline\":\"Prefeitura de S\u00e3o Jo\u00e3o do Tigre realiza programa\u00e7\u00e3o especial em homenagem ao Dia da Mulher\",\"datePublished\":\"2026-03-16T14:20:14+00:00\",\"mainEntityOfPage\":{\"@id\":\"https:\/\/noticiasemdestaque.com\/cd\/?p=77110\"},\"wordCount\":306,\"publisher\":{\"@id\":\"https:\/\/noticiasemdestaque.com\/cd\/#organization\"},\"image\":{\"@id\":\"https:\/\/noticiasemdestaque.com\/cd\/?p=77110#primaryimage\"},\"thumbnailUrl\":\"https:\/\/noticiasemdestaque.com\/cd\/wp-content\/uploads\/2026\/03\/WhatsApp-Image-2026-03-13-at-22.16.34.webp\",\"articleSection\":[\"Pol\u00edtica\"],\"inLanguage\":\"pt-BR\"},{\"@type\":\"WebPage\",\"@id\":\"https:\/\/noticiasemdestaque.com\/cd\/?p=77110\",\"url\":\"https:\/\/noticiasemdestaque.com\/cd\/?p=77110\",\"name\":\"Prefeitura de S\u00e3o Jo\u00e3o do Tigre realiza programa\u00e7\u00e3o especial em homenagem ao Dia da Mulher - Not&iacute;cias em Destaque\",\"isPartOf\":{\"@id\":\"https:\/\/noticiasemdestaque.com\/cd\/#website\"},\"primaryImageOfPage\":{\"@id\":\"https:\/\/noticiasemdestaque.com\/cd\/?p=77110#primaryimage\"},\"image\":{\"@id\":\"https:\/\/noticiasemdestaque.com\/cd\/?p=77110#primaryimage\"},\"thumbnailUrl\":\"https:\/\/noticiasemdestaque.com\/cd\/wp-content\/uploads\/2026\/03\/WhatsApp-Image-2026-03-13-at-22.16.34.webp\",\"datePublished\":\"2026-03-16T14:20:14+00:00\",\"breadcrumb\":{\"@id\":\"https:\/\/noticiasemdestaque.com\/cd\/?p=77110#breadcrumb\"},\"inLanguage\":\"pt-BR\",\"potentialAction\":[{\"@type\":\"ReadAction\",\"target\":[\"https:\/\/noticiasemdestaque.com\/cd\/?p=77110\"]}]},{\"@type\":\"ImageObject\",\"inLanguage\":\"pt-BR\",\"@id\":\"https:\/\/noticiasemdestaque.com\/cd\/?p=77110#primaryimage\",\"url\":\"https:\/\/noticiasemdestaque.com\/cd\/wp-content\/uploads\/2026\/03\/WhatsApp-Image-2026-03-13-at-22.16.34.webp\",\"contentUrl\":\"https:\/\/noticiasemdestaque.com\/cd\/wp-content\/uploads\/2026\/03\/WhatsApp-Image-2026-03-13-at-22.16.34.webp\",\"width\":1600,\"height\":1200},{\"@type\":\"BreadcrumbList\",\"@id\":\"https:\/\/noticiasemdestaque.com\/cd\/?p=77110#breadcrumb\",\"itemListElement\":[{\"@type\":\"ListItem\",\"position\":1,\"name\":\"In\u00edcio\",\"item\":\"https:\/\/noticiasemdestaque.com\/cd\/\"},{\"@type\":\"ListItem\",\"position\":2,\"name\":\"Prefeitura de S\u00e3o Jo\u00e3o do Tigre realiza programa\u00e7\u00e3o especial em homenagem ao Dia da Mulher\"}]},{\"@type\":\"WebSite\",\"@id\":\"https:\/\/noticiasemdestaque.com\/cd\/#website\",\"url\":\"https:\/\/noticiasemdestaque.com\/cd\/\",\"name\":\"Not&iacute;cias em Destaque\",\"description\":\"\",\"publisher\":{\"@id\":\"https:\/\/noticiasemdestaque.com\/cd\/#organization\"},\"potentialAction\":[{\"@type\":\"SearchAction\",\"target\":{\"@type\":\"EntryPoint\",\"urlTemplate\":\"https:\/\/noticiasemdestaque.com\/cd\/?s={search_term_string}\"},\"query-input\":{\"@type\":\"PropertyValueSpecification\",\"valueRequired\":true,\"valueName\":\"search_term_string\"}}],\"inLanguage\":\"pt-BR\"},{\"@type\":\"Organization\",\"@id\":\"https:\/\/noticiasemdestaque.com\/cd\/#organization\",\"name\":\"Not\u00edcias em Destaque\",\"url\":\"https:\/\/noticiasemdestaque.com\/cd\/\",\"logo\":{\"@type\":\"ImageObject\",\"inLanguage\":\"pt-BR\",\"@id\":\"https:\/\/noticiasemdestaque.com\/cd\/#\/schema\/logo\/image\/\",\"url\":\"https:\/\/noticiasemdestaque.com\/cd\/wp-content\/uploads\/2022\/05\/imagem-base-noticiasemdestaque.png\",\"contentUrl\":\"https:\/\/noticiasemdestaque.com\/cd\/wp-content\/uploads\/2022\/05\/imagem-base-noticiasemdestaque.png\",\"width\":1200,\"height\":630,\"caption\":\"Not\u00edcias em Destaque\"},\"image\":{\"@id\":\"https:\/\/noticiasemdestaque.com\/cd\/#\/schema\/logo\/image\/\"}},{\"@type\":\"Person\",\"@id\":\"https:\/\/noticiasemdestaque.com\/cd\/#\/schema\/person\/3e6ba396ff5664a69c392f09a8e1504c\",\"name\":\"Not\u00edcias em Destaque\",\"url\":\"https:\/\/noticiasemdestaque.com\/cd\/?author=2\"}]}<\/script>\n<!-- \/ Yoast SEO plugin. -->","yoast_head_json":{"title":"Prefeitura de S\u00e3o Jo\u00e3o do Tigre realiza programa\u00e7\u00e3o especial em homenagem ao Dia da Mulher - Not&iacute;cias em Destaque","robots":{"index":"index","follow":"follow","max-snippet":"max-snippet:-1","max-image-preview":"max-image-preview:large","max-video-preview":"max-video-preview:-1"},"canonical":"https:\/\/noticiasemdestaque.com\/cd\/?p=77110","og_locale":"pt_BR","og_type":"article","og_title":"Prefeitura de S\u00e3o Jo\u00e3o do Tigre realiza programa\u00e7\u00e3o especial em homenagem ao Dia da Mulher - Not&iacute;cias em Destaque","og_description":"A Prefeitura de S\u00e3o Jo\u00e3o do Tigre, no Cariri paraibano, promoveu na noite desta sexta-feira (13) uma programa\u00e7\u00e3o especial em homenagem ao Dia Internacional da Mulher. O evento aconteceu no Gin\u00e1sio Poliesportivo do munic\u00edpio e reuniu dezenas de mulheres tigrenses em um momento de celebra\u00e7\u00e3o e reconhecimento. A programa\u00e7\u00e3o contou com jantar especial, m\u00fasica ao vivo e entrega de brindes, proporcionando uma noite de confraterniza\u00e7\u00e3o e valoriza\u00e7\u00e3o das mulheres que contribuem diariamente para o desenvolvimento da comunidade. O evento contou com a presen\u00e7a do prefeito M\u00e1rcio Leite, da vice-prefeita Aucilene Tutu, do presidente da C\u00e2mara Municipal, vereador Arn\u00f3bio Pereira, al\u00e9m de vereadores, secret\u00e1rios municipais, auxiliares da gest\u00e3o e um grande p\u00fablico feminino do munic\u00edpio. Durante a ocasi\u00e3o, o prefeito M\u00e1rcio Leite destacou a import\u00e2ncia da homenagem e comemorou o sucesso do evento. \u201cFoi uma noite muito especial preparada com muito carinho para as mulheres de S\u00e3o Jo\u00e3o do Tigre. Elas t\u00eam um papel fundamental em nossa sociedade e merecem todo o reconhecimento e respeito. Ficamos muito felizes em ver esse momento de confraterniza\u00e7\u00e3o, alegria e valoriza\u00e7\u00e3o das mulheres tigrenses\u201d, afirmou o gestor. A iniciativa teve como objetivo reconhecer a import\u00e2ncia das mulheres na sociedade e refor\u00e7ar o compromisso da gest\u00e3o municipal com pol\u00edticas de valoriza\u00e7\u00e3o e respeito \u00e0s mulheres do munic\u00edpio. A noite foi marcada por momentos de integra\u00e7\u00e3o, celebra\u00e7\u00e3o e gratid\u00e3o, reunindo mulheres de diferentes comunidades de S\u00e3o Jo\u00e3o do Tigre para comemorar uma data dedicada \u00e0 luta, conquistas e valoriza\u00e7\u00e3o feminina. Noticias em Destaque Fonte: Cariri em A\u00e7\u00e3o","og_url":"https:\/\/noticiasemdestaque.com\/cd\/?p=77110","og_site_name":"Not&iacute;cias em Destaque","article_published_time":"2026-03-16T14:20:14+00:00","og_image":[{"width":1600,"height":1200,"url":"https:\/\/noticiasemdestaque.com\/cd\/wp-content\/uploads\/2026\/03\/WhatsApp-Image-2026-03-13-at-22.16.34.webp","type":"image\/webp"}],"author":"Not\u00edcias em Destaque","twitter_card":"summary_large_image","twitter_misc":{"Escrito por":"Not\u00edcias em Destaque","Est. tempo de leitura":"2 minutos"},"schema":{"@context":"https:\/\/schema.org","@graph":[{"@type":"Article","@id":"https:\/\/noticiasemdestaque.com\/cd\/?p=77110#article","isPartOf":{"@id":"https:\/\/noticiasemdestaque.com\/cd\/?p=77110"},"author":{"name":"Not\u00edcias em Destaque","@id":"https:\/\/noticiasemdestaque.com\/cd\/#\/schema\/person\/3e6ba396ff5664a69c392f09a8e1504c"},"headline":"Prefeitura de S\u00e3o Jo\u00e3o do Tigre realiza programa\u00e7\u00e3o especial em homenagem ao Dia da Mulher","datePublished":"2026-03-16T14:20:14+00:00","mainEntityOfPage":{"@id":"https:\/\/noticiasemdestaque.com\/cd\/?p=77110"},"wordCount":306,"publisher":{"@id":"https:\/\/noticiasemdestaque.com\/cd\/#organization"},"image":{"@id":"https:\/\/noticiasemdestaque.com\/cd\/?p=77110#primaryimage"},"thumbnailUrl":"https:\/\/noticiasemdestaque.com\/cd\/wp-content\/uploads\/2026\/03\/WhatsApp-Image-2026-03-13-at-22.16.34.webp","articleSection":["Pol\u00edtica"],"inLanguage":"pt-BR"},{"@type":"WebPage","@id":"https:\/\/noticiasemdestaque.com\/cd\/?p=77110","url":"https:\/\/noticiasemdestaque.com\/cd\/?p=77110","name":"Prefeitura de S\u00e3o Jo\u00e3o do Tigre realiza programa\u00e7\u00e3o especial em homenagem ao Dia da Mulher - Not&iacute;cias em Destaque","isPartOf":{"@id":"https:\/\/noticiasemdestaque.com\/cd\/#website"},"primaryImageOfPage":{"@id":"https:\/\/noticiasemdestaque.com\/cd\/?p=77110#primaryimage"},"image":{"@id":"https:\/\/noticiasemdestaque.com\/cd\/?p=77110#primaryimage"},"thumbnailUrl":"https:\/\/noticiasemdestaque.com\/cd\/wp-content\/uploads\/2026\/03\/WhatsApp-Image-2026-03-13-at-22.16.34.webp","datePublished":"2026-03-16T14:20:14+00:00","breadcrumb":{"@id":"https:\/\/noticiasemdestaque.com\/cd\/?p=77110#breadcrumb"},"inLanguage":"pt-BR","potentialAction":[{"@type":"ReadAction","target":["https:\/\/noticiasemdestaque.com\/cd\/?p=77110"]}]},{"@type":"ImageObject","inLanguage":"pt-BR","@id":"https:\/\/noticiasemdestaque.com\/cd\/?p=77110#primaryimage","url":"https:\/\/noticiasemdestaque.com\/cd\/wp-content\/uploads\/2026\/03\/WhatsApp-Image-2026-03-13-at-22.16.34.webp","contentUrl":"https:\/\/noticiasemdestaque.com\/cd\/wp-content\/uploads\/2026\/03\/WhatsApp-Image-2026-03-13-at-22.16.34.webp","width":1600,"height":1200},{"@type":"BreadcrumbList","@id":"https:\/\/noticiasemdestaque.com\/cd\/?p=77110#breadcrumb","itemListElement":[{"@type":"ListItem","position":1,"name":"In\u00edcio","item":"https:\/\/noticiasemdestaque.com\/cd\/"},{"@type":"ListItem","position":2,"name":"Prefeitura de S\u00e3o Jo\u00e3o do Tigre realiza programa\u00e7\u00e3o especial em homenagem ao Dia da Mulher"}]},{"@type":"WebSite","@id":"https:\/\/noticiasemdestaque.com\/cd\/#website","url":"https:\/\/noticiasemdestaque.com\/cd\/","name":"Not&iacute;cias em Destaque","description":"","publisher":{"@id":"https:\/\/noticiasemdestaque.com\/cd\/#organization"},"potentialAction":[{"@type":"SearchAction","target":{"@type":"EntryPoint","urlTemplate":"https:\/\/noticiasemdestaque.com\/cd\/?s={search_term_string}"},"query-input":{"@type":"PropertyValueSpecification","valueRequired":true,"valueName":"search_term_string"}}],"inLanguage":"pt-BR"},{"@type":"Organization","@id":"https:\/\/noticiasemdestaque.com\/cd\/#organization","name":"Not\u00edcias em Destaque","url":"https:\/\/noticiasemdestaque.com\/cd\/","logo":{"@type":"ImageObject","inLanguage":"pt-BR","@id":"https:\/\/noticiasemdestaque.com\/cd\/#\/schema\/logo\/image\/","url":"https:\/\/noticiasemdestaque.com\/cd\/wp-content\/uploads\/2022\/05\/imagem-base-noticiasemdestaque.png","contentUrl":"https:\/\/noticiasemdestaque.com\/cd\/wp-content\/uploads\/2022\/05\/imagem-base-noticiasemdestaque.png","width":1200,"height":630,"caption":"Not\u00edcias em Destaque"},"image":{"@id":"https:\/\/noticiasemdestaque.com\/cd\/#\/schema\/logo\/image\/"}},{"@type":"Person","@id":"https:\/\/noticiasemdestaque.com\/cd\/#\/schema\/person\/3e6ba396ff5664a69c392f09a8e1504c","name":"Not\u00edcias em Destaque","url":"https:\/\/noticiasemdestaque.com\/cd\/?author=2"}]}},"jetpack_featured_media_url":"https:\/\/noticiasemdestaque.com\/cd\/wp-content\/uploads\/2026\/03\/WhatsApp-Image-2026-03-13-at-22.16.34.webp","jetpack_sharing_enabled":true,"_links":{"self":[{"href":"https:\/\/noticiasemdestaque.com\/cd\/index.php?rest_route=\/wp\/v2\/posts\/77110","targetHints":{"allow":["GET"]}}],"collection":[{"href":"https:\/\/noticiasemdestaque.com\/cd\/index.php?rest_route=\/wp\/v2\/posts"}],"about":[{"href":"https:\/\/noticiasemdestaque.com\/cd\/index.php?rest_route=\/wp\/v2\/types\/post"}],"author":[{"embeddable":true,"href":"https:\/\/noticiasemdestaque.com\/cd\/index.php?rest_route=\/wp\/v2\/users\/2"}],"replies":[{"embeddable":true,"href":"https:\/\/noticiasemdestaque.com\/cd\/index.php?rest_route=%2Fwp%2Fv2%2Fcomments&post=77110"}],"version-history":[{"count":1,"href":"https:\/\/noticiasemdestaque.com\/cd\/index.php?rest_route=\/wp\/v2\/posts\/77110\/revisions"}],"predecessor-version":[{"id":77112,"href":"https:\/\/noticiasemdestaque.com\/cd\/index.php?rest_route=\/wp\/v2\/posts\/77110\/revisions\/77112"}],"wp:featuredmedia":[{"embeddable":true,"href":"https:\/\/noticiasemdestaque.com\/cd\/index.php?rest_route=\/wp\/v2\/media\/77111"}],"wp:attachment":[{"href":"https:\/\/noticiasemdestaque.com\/cd\/index.php?rest_route=%2Fwp%2Fv2%2Fmedia&parent=77110"}],"wp:term":[{"taxonomy":"category","embeddable":true,"href":"https:\/\/noticiasemdestaque.com\/cd\/index.php?rest_route=%2Fwp%2Fv2%2Fcategories&post=77110"},{"taxonomy":"post_tag","embeddable":true,"href":"https:\/\/noticiasemdestaque.com\/cd\/index.php?rest_route=%2Fwp%2Fv2%2Ftags&post=77110"}],"curies":[{"name":"wp","href":"https:\/\/api.w.org\/{rel}","templated":true}]}}