{"id":77107,"date":"2026-03-15T21:57:28","date_gmt":"2026-03-16T00:57:28","guid":{"rendered":"https:\/\/noticiasemdestaque.com\/cd\/?p=77107"},"modified":"2026-03-15T21:57:28","modified_gmt":"2026-03-16T00:57:28","slug":"motociclista-perde-controle-de-moto-e-sofre-acidente-em-frente-ao-ifpb-na-pb-264-em-monteiro","status":"publish","type":"post","link":"https:\/\/noticiasemdestaque.com\/cd\/?p=77107","title":{"rendered":"Motociclista perde controle de moto e sofre acidente em frente ao IFPB, na PB-264, em Monteiro"},"content":{"rendered":"<p><a href=\"https:\/\/noticiasemdestaque.com\/cd\/wp-content\/uploads\/2026\/03\/Screenshot_20260315_002233_Instagram2.jpg\"><img fetchpriority=\"high\" decoding=\"async\" class=\" wp-image-77108 aligncenter\" src=\"https:\/\/noticiasemdestaque.com\/cd\/wp-content\/uploads\/2026\/03\/Screenshot_20260315_002233_Instagram2-297x300.jpg\" alt=\"\" width=\"920\" height=\"929\" srcset=\"https:\/\/noticiasemdestaque.com\/cd\/wp-content\/uploads\/2026\/03\/Screenshot_20260315_002233_Instagram2-297x300.jpg 297w, https:\/\/noticiasemdestaque.com\/cd\/wp-content\/uploads\/2026\/03\/Screenshot_20260315_002233_Instagram2-1015x1024.jpg 1015w, https:\/\/noticiasemdestaque.com\/cd\/wp-content\/uploads\/2026\/03\/Screenshot_20260315_002233_Instagram2-150x150.jpg 150w, https:\/\/noticiasemdestaque.com\/cd\/wp-content\/uploads\/2026\/03\/Screenshot_20260315_002233_Instagram2-768x775.jpg 768w, https:\/\/noticiasemdestaque.com\/cd\/wp-content\/uploads\/2026\/03\/Screenshot_20260315_002233_Instagram2.jpg 1061w\" sizes=\"(max-width: 920px) 100vw, 920px\" \/><\/a><\/p>\n<p>Um mulher ficou ferida ap\u00f3s perder o controle da motocicleta que conduzia na noite deste domingo (15), em Monteiro, no Cariri paraibano.<\/p>\n<p>O acidente aconteceu na rodovia PB-264, em frente ao Instituto Federal da Para\u00edba (IFPB). De acordo com informa\u00e7\u00f5es preliminares, a mulher perdeu o controle da moto e acabou caindo, sofrendo diversos ferimentos.<\/p>\n<p>O Servi\u00e7o de Atendimento M\u00f3vel de Urg\u00eancia (Samu) foi acionado e realizou os primeiros socorros ainda no local do acidente.<\/p>\n<p>Em seguida, a v\u00edtima foi encaminhada para o Hospital Regional Santa Filomena, em Monteiro, onde recebeu atendimento m\u00e9dico.<\/p>\n<p>As circunst\u00e2ncias que levaram \u00e0 perda de controle da motocicleta n\u00e3o foram informadas.<\/p>\n<p><strong>Noticias em Destaque<\/strong><\/p>\n<p style=\"text-align: right;\"><em>Fonte: O Pipoco<\/em><\/p>\n","protected":false},"excerpt":{"rendered":"<p>Um mulher ficou ferida ap\u00f3s perder o controle da motocicleta que conduzia na noite deste domingo (15), em Monteiro, no Cariri paraibano. O acidente aconteceu na rodovia PB-264, em frente ao Instituto Federal da Para\u00edba (IFPB). De acordo com informa\u00e7\u00f5es preliminares, a mulher perdeu o controle da moto e acabou caindo, sofrendo diversos ferimentos. O Servi\u00e7o de Atendimento M\u00f3vel de Urg\u00eancia (Samu) foi acionado e realizou os primeiros socorros ainda no local do acidente. Em seguida, a v\u00edtima foi encaminhada para o Hospital Regional Santa Filomena, em Monteiro, onde recebeu atendimento m\u00e9dico. As circunst\u00e2ncias que levaram \u00e0 perda de controle da motocicleta n\u00e3o foram informadas. Noticias em Destaque Fonte: O Pipoco<\/p>\n","protected":false},"author":2,"featured_media":77108,"comment_status":"closed","ping_status":"closed","sticky":false,"template":"","format":"standard","meta":{"_eb_attr":"","_jetpack_memberships_contains_paid_content":false,"footnotes":""},"categories":[20],"tags":[],"class_list":["post-77107","post","type-post","status-publish","format-standard","has-post-thumbnail","hentry","category-policia"],"yoast_head":"<!-- This site is optimized with the Yoast SEO plugin v26.5 - https:\/\/yoast.com\/wordpress\/plugins\/seo\/ -->\n<title>Motociclista perde controle de moto e sofre acidente em frente ao IFPB, na PB-264, em Monteiro - Not&iacute;cias em Destaque<\/title>\n<meta name=\"robots\" content=\"index, follow, max-snippet:-1, max-image-preview:large, max-video-preview:-1\" \/>\n<link rel=\"canonical\" href=\"https:\/\/noticiasemdestaque.com\/cd\/?p=77107\" \/>\n<meta property=\"og:locale\" content=\"pt_BR\" \/>\n<meta property=\"og:type\" content=\"article\" \/>\n<meta property=\"og:title\" content=\"Motociclista perde controle de moto e sofre acidente em frente ao IFPB, na PB-264, em Monteiro - Not&iacute;cias em Destaque\" \/>\n<meta property=\"og:description\" content=\"Um mulher ficou ferida ap\u00f3s perder o controle da motocicleta que conduzia na noite deste domingo (15), em Monteiro, no Cariri paraibano. O acidente aconteceu na rodovia PB-264, em frente ao Instituto Federal da Para\u00edba (IFPB). De acordo com informa\u00e7\u00f5es preliminares, a mulher perdeu o controle da moto e acabou caindo, sofrendo diversos ferimentos. O Servi\u00e7o de Atendimento M\u00f3vel de Urg\u00eancia (Samu) foi acionado e realizou os primeiros socorros ainda no local do acidente. Em seguida, a v\u00edtima foi encaminhada para o Hospital Regional Santa Filomena, em Monteiro, onde recebeu atendimento m\u00e9dico. As circunst\u00e2ncias que levaram \u00e0 perda de controle da motocicleta n\u00e3o foram informadas. Noticias em Destaque Fonte: O Pipoco\" \/>\n<meta property=\"og:url\" content=\"https:\/\/noticiasemdestaque.com\/cd\/?p=77107\" \/>\n<meta property=\"og:site_name\" content=\"Not&iacute;cias em Destaque\" \/>\n<meta property=\"article:published_time\" content=\"2026-03-16T00:57:28+00:00\" \/>\n<meta property=\"og:image\" content=\"https:\/\/noticiasemdestaque.com\/cd\/wp-content\/uploads\/2026\/03\/Screenshot_20260315_002233_Instagram2.jpg\" \/>\n\t<meta property=\"og:image:width\" content=\"1061\" \/>\n\t<meta property=\"og:image:height\" content=\"1070\" \/>\n\t<meta property=\"og:image:type\" content=\"image\/jpeg\" \/>\n<meta name=\"author\" content=\"Not\u00edcias em Destaque\" \/>\n<meta name=\"twitter:card\" content=\"summary_large_image\" \/>\n<meta name=\"twitter:label1\" content=\"Escrito por\" \/>\n\t<meta name=\"twitter:data1\" content=\"Not\u00edcias em Destaque\" \/>\n\t<meta name=\"twitter:label2\" content=\"Est. tempo de leitura\" \/>\n\t<meta name=\"twitter:data2\" content=\"2 minutos\" \/>\n<script type=\"application\/ld+json\" class=\"yoast-schema-graph\">{\"@context\":\"https:\/\/schema.org\",\"@graph\":[{\"@type\":\"Article\",\"@id\":\"https:\/\/noticiasemdestaque.com\/cd\/?p=77107#article\",\"isPartOf\":{\"@id\":\"https:\/\/noticiasemdestaque.com\/cd\/?p=77107\"},\"author\":{\"name\":\"Not\u00edcias em Destaque\",\"@id\":\"https:\/\/noticiasemdestaque.com\/cd\/#\/schema\/person\/3e6ba396ff5664a69c392f09a8e1504c\"},\"headline\":\"Motociclista perde controle de moto e sofre acidente em frente ao IFPB, na PB-264, em Monteiro\",\"datePublished\":\"2026-03-16T00:57:28+00:00\",\"mainEntityOfPage\":{\"@id\":\"https:\/\/noticiasemdestaque.com\/cd\/?p=77107\"},\"wordCount\":135,\"publisher\":{\"@id\":\"https:\/\/noticiasemdestaque.com\/cd\/#organization\"},\"image\":{\"@id\":\"https:\/\/noticiasemdestaque.com\/cd\/?p=77107#primaryimage\"},\"thumbnailUrl\":\"https:\/\/noticiasemdestaque.com\/cd\/wp-content\/uploads\/2026\/03\/Screenshot_20260315_002233_Instagram2.jpg\",\"articleSection\":[\"Pol\u00edcia\"],\"inLanguage\":\"pt-BR\"},{\"@type\":\"WebPage\",\"@id\":\"https:\/\/noticiasemdestaque.com\/cd\/?p=77107\",\"url\":\"https:\/\/noticiasemdestaque.com\/cd\/?p=77107\",\"name\":\"Motociclista perde controle de moto e sofre acidente em frente ao IFPB, na PB-264, em Monteiro - Not&iacute;cias em Destaque\",\"isPartOf\":{\"@id\":\"https:\/\/noticiasemdestaque.com\/cd\/#website\"},\"primaryImageOfPage\":{\"@id\":\"https:\/\/noticiasemdestaque.com\/cd\/?p=77107#primaryimage\"},\"image\":{\"@id\":\"https:\/\/noticiasemdestaque.com\/cd\/?p=77107#primaryimage\"},\"thumbnailUrl\":\"https:\/\/noticiasemdestaque.com\/cd\/wp-content\/uploads\/2026\/03\/Screenshot_20260315_002233_Instagram2.jpg\",\"datePublished\":\"2026-03-16T00:57:28+00:00\",\"breadcrumb\":{\"@id\":\"https:\/\/noticiasemdestaque.com\/cd\/?p=77107#breadcrumb\"},\"inLanguage\":\"pt-BR\",\"potentialAction\":[{\"@type\":\"ReadAction\",\"target\":[\"https:\/\/noticiasemdestaque.com\/cd\/?p=77107\"]}]},{\"@type\":\"ImageObject\",\"inLanguage\":\"pt-BR\",\"@id\":\"https:\/\/noticiasemdestaque.com\/cd\/?p=77107#primaryimage\",\"url\":\"https:\/\/noticiasemdestaque.com\/cd\/wp-content\/uploads\/2026\/03\/Screenshot_20260315_002233_Instagram2.jpg\",\"contentUrl\":\"https:\/\/noticiasemdestaque.com\/cd\/wp-content\/uploads\/2026\/03\/Screenshot_20260315_002233_Instagram2.jpg\",\"width\":1061,\"height\":1070},{\"@type\":\"BreadcrumbList\",\"@id\":\"https:\/\/noticiasemdestaque.com\/cd\/?p=77107#breadcrumb\",\"itemListElement\":[{\"@type\":\"ListItem\",\"position\":1,\"name\":\"In\u00edcio\",\"item\":\"https:\/\/noticiasemdestaque.com\/cd\/\"},{\"@type\":\"ListItem\",\"position\":2,\"name\":\"Motociclista perde controle de moto e sofre acidente em frente ao IFPB, na PB-264, em Monteiro\"}]},{\"@type\":\"WebSite\",\"@id\":\"https:\/\/noticiasemdestaque.com\/cd\/#website\",\"url\":\"https:\/\/noticiasemdestaque.com\/cd\/\",\"name\":\"Not&iacute;cias em Destaque\",\"description\":\"\",\"publisher\":{\"@id\":\"https:\/\/noticiasemdestaque.com\/cd\/#organization\"},\"potentialAction\":[{\"@type\":\"SearchAction\",\"target\":{\"@type\":\"EntryPoint\",\"urlTemplate\":\"https:\/\/noticiasemdestaque.com\/cd\/?s={search_term_string}\"},\"query-input\":{\"@type\":\"PropertyValueSpecification\",\"valueRequired\":true,\"valueName\":\"search_term_string\"}}],\"inLanguage\":\"pt-BR\"},{\"@type\":\"Organization\",\"@id\":\"https:\/\/noticiasemdestaque.com\/cd\/#organization\",\"name\":\"Not\u00edcias em Destaque\",\"url\":\"https:\/\/noticiasemdestaque.com\/cd\/\",\"logo\":{\"@type\":\"ImageObject\",\"inLanguage\":\"pt-BR\",\"@id\":\"https:\/\/noticiasemdestaque.com\/cd\/#\/schema\/logo\/image\/\",\"url\":\"https:\/\/noticiasemdestaque.com\/cd\/wp-content\/uploads\/2022\/05\/imagem-base-noticiasemdestaque.png\",\"contentUrl\":\"https:\/\/noticiasemdestaque.com\/cd\/wp-content\/uploads\/2022\/05\/imagem-base-noticiasemdestaque.png\",\"width\":1200,\"height\":630,\"caption\":\"Not\u00edcias em Destaque\"},\"image\":{\"@id\":\"https:\/\/noticiasemdestaque.com\/cd\/#\/schema\/logo\/image\/\"}},{\"@type\":\"Person\",\"@id\":\"https:\/\/noticiasemdestaque.com\/cd\/#\/schema\/person\/3e6ba396ff5664a69c392f09a8e1504c\",\"name\":\"Not\u00edcias em Destaque\",\"url\":\"https:\/\/noticiasemdestaque.com\/cd\/?author=2\"}]}<\/script>\n<!-- \/ Yoast SEO plugin. -->","yoast_head_json":{"title":"Motociclista perde controle de moto e sofre acidente em frente ao IFPB, na PB-264, em Monteiro - Not&iacute;cias em Destaque","robots":{"index":"index","follow":"follow","max-snippet":"max-snippet:-1","max-image-preview":"max-image-preview:large","max-video-preview":"max-video-preview:-1"},"canonical":"https:\/\/noticiasemdestaque.com\/cd\/?p=77107","og_locale":"pt_BR","og_type":"article","og_title":"Motociclista perde controle de moto e sofre acidente em frente ao IFPB, na PB-264, em Monteiro - Not&iacute;cias em Destaque","og_description":"Um mulher ficou ferida ap\u00f3s perder o controle da motocicleta que conduzia na noite deste domingo (15), em Monteiro, no Cariri paraibano. O acidente aconteceu na rodovia PB-264, em frente ao Instituto Federal da Para\u00edba (IFPB). De acordo com informa\u00e7\u00f5es preliminares, a mulher perdeu o controle da moto e acabou caindo, sofrendo diversos ferimentos. O Servi\u00e7o de Atendimento M\u00f3vel de Urg\u00eancia (Samu) foi acionado e realizou os primeiros socorros ainda no local do acidente. Em seguida, a v\u00edtima foi encaminhada para o Hospital Regional Santa Filomena, em Monteiro, onde recebeu atendimento m\u00e9dico. As circunst\u00e2ncias que levaram \u00e0 perda de controle da motocicleta n\u00e3o foram informadas. Noticias em Destaque Fonte: O Pipoco","og_url":"https:\/\/noticiasemdestaque.com\/cd\/?p=77107","og_site_name":"Not&iacute;cias em Destaque","article_published_time":"2026-03-16T00:57:28+00:00","og_image":[{"width":1061,"height":1070,"url":"https:\/\/noticiasemdestaque.com\/cd\/wp-content\/uploads\/2026\/03\/Screenshot_20260315_002233_Instagram2.jpg","type":"image\/jpeg"}],"author":"Not\u00edcias em Destaque","twitter_card":"summary_large_image","twitter_misc":{"Escrito por":"Not\u00edcias em Destaque","Est. tempo de leitura":"2 minutos"},"schema":{"@context":"https:\/\/schema.org","@graph":[{"@type":"Article","@id":"https:\/\/noticiasemdestaque.com\/cd\/?p=77107#article","isPartOf":{"@id":"https:\/\/noticiasemdestaque.com\/cd\/?p=77107"},"author":{"name":"Not\u00edcias em Destaque","@id":"https:\/\/noticiasemdestaque.com\/cd\/#\/schema\/person\/3e6ba396ff5664a69c392f09a8e1504c"},"headline":"Motociclista perde controle de moto e sofre acidente em frente ao IFPB, na PB-264, em Monteiro","datePublished":"2026-03-16T00:57:28+00:00","mainEntityOfPage":{"@id":"https:\/\/noticiasemdestaque.com\/cd\/?p=77107"},"wordCount":135,"publisher":{"@id":"https:\/\/noticiasemdestaque.com\/cd\/#organization"},"image":{"@id":"https:\/\/noticiasemdestaque.com\/cd\/?p=77107#primaryimage"},"thumbnailUrl":"https:\/\/noticiasemdestaque.com\/cd\/wp-content\/uploads\/2026\/03\/Screenshot_20260315_002233_Instagram2.jpg","articleSection":["Pol\u00edcia"],"inLanguage":"pt-BR"},{"@type":"WebPage","@id":"https:\/\/noticiasemdestaque.com\/cd\/?p=77107","url":"https:\/\/noticiasemdestaque.com\/cd\/?p=77107","name":"Motociclista perde controle de moto e sofre acidente em frente ao IFPB, na PB-264, em Monteiro - Not&iacute;cias em Destaque","isPartOf":{"@id":"https:\/\/noticiasemdestaque.com\/cd\/#website"},"primaryImageOfPage":{"@id":"https:\/\/noticiasemdestaque.com\/cd\/?p=77107#primaryimage"},"image":{"@id":"https:\/\/noticiasemdestaque.com\/cd\/?p=77107#primaryimage"},"thumbnailUrl":"https:\/\/noticiasemdestaque.com\/cd\/wp-content\/uploads\/2026\/03\/Screenshot_20260315_002233_Instagram2.jpg","datePublished":"2026-03-16T00:57:28+00:00","breadcrumb":{"@id":"https:\/\/noticiasemdestaque.com\/cd\/?p=77107#breadcrumb"},"inLanguage":"pt-BR","potentialAction":[{"@type":"ReadAction","target":["https:\/\/noticiasemdestaque.com\/cd\/?p=77107"]}]},{"@type":"ImageObject","inLanguage":"pt-BR","@id":"https:\/\/noticiasemdestaque.com\/cd\/?p=77107#primaryimage","url":"https:\/\/noticiasemdestaque.com\/cd\/wp-content\/uploads\/2026\/03\/Screenshot_20260315_002233_Instagram2.jpg","contentUrl":"https:\/\/noticiasemdestaque.com\/cd\/wp-content\/uploads\/2026\/03\/Screenshot_20260315_002233_Instagram2.jpg","width":1061,"height":1070},{"@type":"BreadcrumbList","@id":"https:\/\/noticiasemdestaque.com\/cd\/?p=77107#breadcrumb","itemListElement":[{"@type":"ListItem","position":1,"name":"In\u00edcio","item":"https:\/\/noticiasemdestaque.com\/cd\/"},{"@type":"ListItem","position":2,"name":"Motociclista perde controle de moto e sofre acidente em frente ao IFPB, na PB-264, em Monteiro"}]},{"@type":"WebSite","@id":"https:\/\/noticiasemdestaque.com\/cd\/#website","url":"https:\/\/noticiasemdestaque.com\/cd\/","name":"Not&iacute;cias em Destaque","description":"","publisher":{"@id":"https:\/\/noticiasemdestaque.com\/cd\/#organization"},"potentialAction":[{"@type":"SearchAction","target":{"@type":"EntryPoint","urlTemplate":"https:\/\/noticiasemdestaque.com\/cd\/?s={search_term_string}"},"query-input":{"@type":"PropertyValueSpecification","valueRequired":true,"valueName":"search_term_string"}}],"inLanguage":"pt-BR"},{"@type":"Organization","@id":"https:\/\/noticiasemdestaque.com\/cd\/#organization","name":"Not\u00edcias em Destaque","url":"https:\/\/noticiasemdestaque.com\/cd\/","logo":{"@type":"ImageObject","inLanguage":"pt-BR","@id":"https:\/\/noticiasemdestaque.com\/cd\/#\/schema\/logo\/image\/","url":"https:\/\/noticiasemdestaque.com\/cd\/wp-content\/uploads\/2022\/05\/imagem-base-noticiasemdestaque.png","contentUrl":"https:\/\/noticiasemdestaque.com\/cd\/wp-content\/uploads\/2022\/05\/imagem-base-noticiasemdestaque.png","width":1200,"height":630,"caption":"Not\u00edcias em Destaque"},"image":{"@id":"https:\/\/noticiasemdestaque.com\/cd\/#\/schema\/logo\/image\/"}},{"@type":"Person","@id":"https:\/\/noticiasemdestaque.com\/cd\/#\/schema\/person\/3e6ba396ff5664a69c392f09a8e1504c","name":"Not\u00edcias em Destaque","url":"https:\/\/noticiasemdestaque.com\/cd\/?author=2"}]}},"jetpack_featured_media_url":"https:\/\/noticiasemdestaque.com\/cd\/wp-content\/uploads\/2026\/03\/Screenshot_20260315_002233_Instagram2.jpg","jetpack_sharing_enabled":true,"_links":{"self":[{"href":"https:\/\/noticiasemdestaque.com\/cd\/index.php?rest_route=\/wp\/v2\/posts\/77107","targetHints":{"allow":["GET"]}}],"collection":[{"href":"https:\/\/noticiasemdestaque.com\/cd\/index.php?rest_route=\/wp\/v2\/posts"}],"about":[{"href":"https:\/\/noticiasemdestaque.com\/cd\/index.php?rest_route=\/wp\/v2\/types\/post"}],"author":[{"embeddable":true,"href":"https:\/\/noticiasemdestaque.com\/cd\/index.php?rest_route=\/wp\/v2\/users\/2"}],"replies":[{"embeddable":true,"href":"https:\/\/noticiasemdestaque.com\/cd\/index.php?rest_route=%2Fwp%2Fv2%2Fcomments&post=77107"}],"version-history":[{"count":1,"href":"https:\/\/noticiasemdestaque.com\/cd\/index.php?rest_route=\/wp\/v2\/posts\/77107\/revisions"}],"predecessor-version":[{"id":77109,"href":"https:\/\/noticiasemdestaque.com\/cd\/index.php?rest_route=\/wp\/v2\/posts\/77107\/revisions\/77109"}],"wp:featuredmedia":[{"embeddable":true,"href":"https:\/\/noticiasemdestaque.com\/cd\/index.php?rest_route=\/wp\/v2\/media\/77108"}],"wp:attachment":[{"href":"https:\/\/noticiasemdestaque.com\/cd\/index.php?rest_route=%2Fwp%2Fv2%2Fmedia&parent=77107"}],"wp:term":[{"taxonomy":"category","embeddable":true,"href":"https:\/\/noticiasemdestaque.com\/cd\/index.php?rest_route=%2Fwp%2Fv2%2Fcategories&post=77107"},{"taxonomy":"post_tag","embeddable":true,"href":"https:\/\/noticiasemdestaque.com\/cd\/index.php?rest_route=%2Fwp%2Fv2%2Ftags&post=77107"}],"curies":[{"name":"wp","href":"https:\/\/api.w.org\/{rel}","templated":true}]}}