{"id":77098,"date":"2026-03-15T00:03:54","date_gmt":"2026-03-15T03:03:54","guid":{"rendered":"https:\/\/noticiasemdestaque.com\/cd\/?p=77098"},"modified":"2026-03-15T00:03:54","modified_gmt":"2026-03-15T03:03:54","slug":"bolsonaro-deve-permanecer-internado-por-pelo-menos-sete-dias-dizem-medicos","status":"publish","type":"post","link":"https:\/\/noticiasemdestaque.com\/cd\/?p=77098","title":{"rendered":"Bolsonaro deve permanecer internado por pelo menos sete dias, dizem m\u00e9dicos"},"content":{"rendered":"<p><a href=\"https:\/\/noticiasemdestaque.com\/cd\/wp-content\/uploads\/2026\/03\/JairBolsonaro-PoliciaFederal-Depoimento-6-848x477-1-800x450-1-768x432-1.webp\"><img fetchpriority=\"high\" decoding=\"async\" class=\" wp-image-77099 aligncenter\" src=\"https:\/\/noticiasemdestaque.com\/cd\/wp-content\/uploads\/2026\/03\/JairBolsonaro-PoliciaFederal-Depoimento-6-848x477-1-800x450-1-768x432-1-300x169.webp\" alt=\"\" width=\"717\" height=\"404\" srcset=\"https:\/\/noticiasemdestaque.com\/cd\/wp-content\/uploads\/2026\/03\/JairBolsonaro-PoliciaFederal-Depoimento-6-848x477-1-800x450-1-768x432-1-300x169.webp 300w, https:\/\/noticiasemdestaque.com\/cd\/wp-content\/uploads\/2026\/03\/JairBolsonaro-PoliciaFederal-Depoimento-6-848x477-1-800x450-1-768x432-1.webp 768w\" sizes=\"(max-width: 717px) 100vw, 717px\" \/><\/a><\/p>\n<p>O ex-presidente\u00a0Jair Bolsonaro\u00a0deve permanecer internado no hospital por\u00a0pelo menos sete dias\u00a0para tratamento de uma pneumonia grave nos dois pulm\u00f5es diagnosticada nesta sexta-feira (13). Segundo a equipe m\u00e9dica dele, esse \u00e9 o tempo m\u00ednimo necess\u00e1rio para a administra\u00e7\u00e3o de antibi\u00f3ticos na veia.<\/p>\n<p>Os m\u00e9dicos afirmaram que\u00a0existe risco real de morte\u00a0e que o caso exige acompanhamento intensivo.<\/p>\n<p>De acordo com os m\u00e9dicos, o ciclo completo do tratamento deve durar entre sete e 14 dias, dependendo da evolu\u00e7\u00e3o cl\u00ednica de Bolsonaro. Caso o organismo n\u00e3o responda adequadamente nas primeiras 48 horas, poder\u00e1 ser necess\u00e1ria a troca da medica\u00e7\u00e3o \u2014 situa\u00e7\u00e3o que reinicia do zero a contagem do tempo de tratamento e de interna\u00e7\u00e3o.<\/p>\n<p>Ainda n\u00e3o h\u00e1 prazo definido nem mesmo para a sa\u00edda da UTI (Unidade de Terapia Intensiva), onde Bolsonaro permanece sob monitoramento cont\u00ednuo at\u00e9 que haja recupera\u00e7\u00e3o suficiente da fun\u00e7\u00e3o pulmonar e estabiliza\u00e7\u00e3o de seu estado geral.<\/p>\n<p><strong>Noticias em Destaque<\/strong><\/p>\n<p style=\"text-align: right;\"><em>Fonte: Portal Correio<\/em><\/p>\n","protected":false},"excerpt":{"rendered":"<p>O ex-presidente\u00a0Jair Bolsonaro\u00a0deve permanecer internado no hospital por\u00a0pelo menos sete dias\u00a0para tratamento de uma pneumonia grave nos dois pulm\u00f5es diagnosticada nesta sexta-feira (13). Segundo a equipe m\u00e9dica dele, esse \u00e9 o tempo m\u00ednimo necess\u00e1rio para a administra\u00e7\u00e3o de antibi\u00f3ticos na veia. Os m\u00e9dicos afirmaram que\u00a0existe risco real de morte\u00a0e que o caso exige acompanhamento intensivo. De acordo com os m\u00e9dicos, o ciclo completo do tratamento deve durar entre sete e 14 dias, dependendo da evolu\u00e7\u00e3o cl\u00ednica de Bolsonaro. Caso o organismo n\u00e3o responda adequadamente nas primeiras 48 horas, poder\u00e1 ser necess\u00e1ria a troca da medica\u00e7\u00e3o \u2014 situa\u00e7\u00e3o que reinicia do zero a contagem do tempo de tratamento e de interna\u00e7\u00e3o. Ainda n\u00e3o h\u00e1 prazo definido nem mesmo para a sa\u00edda da UTI (Unidade de Terapia Intensiva), onde Bolsonaro permanece sob monitoramento cont\u00ednuo at\u00e9 que haja recupera\u00e7\u00e3o suficiente da fun\u00e7\u00e3o pulmonar e estabiliza\u00e7\u00e3o de seu estado geral. Noticias em Destaque Fonte: Portal Correio<\/p>\n","protected":false},"author":2,"featured_media":77099,"comment_status":"closed","ping_status":"closed","sticky":false,"template":"","format":"standard","meta":{"_eb_attr":"","_jetpack_memberships_contains_paid_content":false,"footnotes":""},"categories":[4],"tags":[],"class_list":["post-77098","post","type-post","status-publish","format-standard","has-post-thumbnail","hentry","category-politica"],"yoast_head":"<!-- This site is optimized with the Yoast SEO plugin v26.5 - https:\/\/yoast.com\/wordpress\/plugins\/seo\/ -->\n<title>Bolsonaro deve permanecer internado por pelo menos sete dias, dizem m\u00e9dicos - Not&iacute;cias em Destaque<\/title>\n<meta name=\"robots\" content=\"index, follow, max-snippet:-1, max-image-preview:large, max-video-preview:-1\" \/>\n<link rel=\"canonical\" href=\"https:\/\/noticiasemdestaque.com\/cd\/?p=77098\" \/>\n<meta property=\"og:locale\" content=\"pt_BR\" \/>\n<meta property=\"og:type\" content=\"article\" \/>\n<meta property=\"og:title\" content=\"Bolsonaro deve permanecer internado por pelo menos sete dias, dizem m\u00e9dicos - Not&iacute;cias em Destaque\" \/>\n<meta property=\"og:description\" content=\"O ex-presidente\u00a0Jair Bolsonaro\u00a0deve permanecer internado no hospital por\u00a0pelo menos sete dias\u00a0para tratamento de uma pneumonia grave nos dois pulm\u00f5es diagnosticada nesta sexta-feira (13). Segundo a equipe m\u00e9dica dele, esse \u00e9 o tempo m\u00ednimo necess\u00e1rio para a administra\u00e7\u00e3o de antibi\u00f3ticos na veia. Os m\u00e9dicos afirmaram que\u00a0existe risco real de morte\u00a0e que o caso exige acompanhamento intensivo. De acordo com os m\u00e9dicos, o ciclo completo do tratamento deve durar entre sete e 14 dias, dependendo da evolu\u00e7\u00e3o cl\u00ednica de Bolsonaro. Caso o organismo n\u00e3o responda adequadamente nas primeiras 48 horas, poder\u00e1 ser necess\u00e1ria a troca da medica\u00e7\u00e3o \u2014 situa\u00e7\u00e3o que reinicia do zero a contagem do tempo de tratamento e de interna\u00e7\u00e3o. Ainda n\u00e3o h\u00e1 prazo definido nem mesmo para a sa\u00edda da UTI (Unidade de Terapia Intensiva), onde Bolsonaro permanece sob monitoramento cont\u00ednuo at\u00e9 que haja recupera\u00e7\u00e3o suficiente da fun\u00e7\u00e3o pulmonar e estabiliza\u00e7\u00e3o de seu estado geral. Noticias em Destaque Fonte: Portal Correio\" \/>\n<meta property=\"og:url\" content=\"https:\/\/noticiasemdestaque.com\/cd\/?p=77098\" \/>\n<meta property=\"og:site_name\" content=\"Not&iacute;cias em Destaque\" \/>\n<meta property=\"article:published_time\" content=\"2026-03-15T03:03:54+00:00\" \/>\n<meta property=\"og:image\" content=\"https:\/\/noticiasemdestaque.com\/cd\/wp-content\/uploads\/2026\/03\/JairBolsonaro-PoliciaFederal-Depoimento-6-848x477-1-800x450-1-768x432-1.webp\" \/>\n\t<meta property=\"og:image:width\" content=\"768\" \/>\n\t<meta property=\"og:image:height\" content=\"432\" \/>\n\t<meta property=\"og:image:type\" content=\"image\/webp\" \/>\n<meta name=\"author\" content=\"Not\u00edcias em Destaque\" \/>\n<meta name=\"twitter:card\" content=\"summary_large_image\" \/>\n<meta name=\"twitter:label1\" content=\"Escrito por\" \/>\n\t<meta name=\"twitter:data1\" content=\"Not\u00edcias em Destaque\" \/>\n\t<meta name=\"twitter:label2\" content=\"Est. tempo de leitura\" \/>\n\t<meta name=\"twitter:data2\" content=\"2 minutos\" \/>\n<script type=\"application\/ld+json\" class=\"yoast-schema-graph\">{\"@context\":\"https:\/\/schema.org\",\"@graph\":[{\"@type\":\"Article\",\"@id\":\"https:\/\/noticiasemdestaque.com\/cd\/?p=77098#article\",\"isPartOf\":{\"@id\":\"https:\/\/noticiasemdestaque.com\/cd\/?p=77098\"},\"author\":{\"name\":\"Not\u00edcias em Destaque\",\"@id\":\"https:\/\/noticiasemdestaque.com\/cd\/#\/schema\/person\/967a459378479d4fa07976fedd8a7b5e\"},\"headline\":\"Bolsonaro deve permanecer internado por pelo menos sete dias, dizem m\u00e9dicos\",\"datePublished\":\"2026-03-15T03:03:54+00:00\",\"mainEntityOfPage\":{\"@id\":\"https:\/\/noticiasemdestaque.com\/cd\/?p=77098\"},\"wordCount\":186,\"publisher\":{\"@id\":\"https:\/\/noticiasemdestaque.com\/cd\/#organization\"},\"image\":{\"@id\":\"https:\/\/noticiasemdestaque.com\/cd\/?p=77098#primaryimage\"},\"thumbnailUrl\":\"https:\/\/noticiasemdestaque.com\/cd\/wp-content\/uploads\/2026\/03\/JairBolsonaro-PoliciaFederal-Depoimento-6-848x477-1-800x450-1-768x432-1.webp\",\"articleSection\":[\"Pol\u00edtica\"],\"inLanguage\":\"pt-BR\"},{\"@type\":\"WebPage\",\"@id\":\"https:\/\/noticiasemdestaque.com\/cd\/?p=77098\",\"url\":\"https:\/\/noticiasemdestaque.com\/cd\/?p=77098\",\"name\":\"Bolsonaro deve permanecer internado por pelo menos sete dias, dizem m\u00e9dicos - Not&iacute;cias em Destaque\",\"isPartOf\":{\"@id\":\"https:\/\/noticiasemdestaque.com\/cd\/#website\"},\"primaryImageOfPage\":{\"@id\":\"https:\/\/noticiasemdestaque.com\/cd\/?p=77098#primaryimage\"},\"image\":{\"@id\":\"https:\/\/noticiasemdestaque.com\/cd\/?p=77098#primaryimage\"},\"thumbnailUrl\":\"https:\/\/noticiasemdestaque.com\/cd\/wp-content\/uploads\/2026\/03\/JairBolsonaro-PoliciaFederal-Depoimento-6-848x477-1-800x450-1-768x432-1.webp\",\"datePublished\":\"2026-03-15T03:03:54+00:00\",\"breadcrumb\":{\"@id\":\"https:\/\/noticiasemdestaque.com\/cd\/?p=77098#breadcrumb\"},\"inLanguage\":\"pt-BR\",\"potentialAction\":[{\"@type\":\"ReadAction\",\"target\":[\"https:\/\/noticiasemdestaque.com\/cd\/?p=77098\"]}]},{\"@type\":\"ImageObject\",\"inLanguage\":\"pt-BR\",\"@id\":\"https:\/\/noticiasemdestaque.com\/cd\/?p=77098#primaryimage\",\"url\":\"https:\/\/noticiasemdestaque.com\/cd\/wp-content\/uploads\/2026\/03\/JairBolsonaro-PoliciaFederal-Depoimento-6-848x477-1-800x450-1-768x432-1.webp\",\"contentUrl\":\"https:\/\/noticiasemdestaque.com\/cd\/wp-content\/uploads\/2026\/03\/JairBolsonaro-PoliciaFederal-Depoimento-6-848x477-1-800x450-1-768x432-1.webp\",\"width\":768,\"height\":432},{\"@type\":\"BreadcrumbList\",\"@id\":\"https:\/\/noticiasemdestaque.com\/cd\/?p=77098#breadcrumb\",\"itemListElement\":[{\"@type\":\"ListItem\",\"position\":1,\"name\":\"In\u00edcio\",\"item\":\"https:\/\/noticiasemdestaque.com\/cd\/\"},{\"@type\":\"ListItem\",\"position\":2,\"name\":\"Bolsonaro deve permanecer internado por pelo menos sete dias, dizem m\u00e9dicos\"}]},{\"@type\":\"WebSite\",\"@id\":\"https:\/\/noticiasemdestaque.com\/cd\/#website\",\"url\":\"https:\/\/noticiasemdestaque.com\/cd\/\",\"name\":\"Not&iacute;cias em Destaque\",\"description\":\"\",\"publisher\":{\"@id\":\"https:\/\/noticiasemdestaque.com\/cd\/#organization\"},\"potentialAction\":[{\"@type\":\"SearchAction\",\"target\":{\"@type\":\"EntryPoint\",\"urlTemplate\":\"https:\/\/noticiasemdestaque.com\/cd\/?s={search_term_string}\"},\"query-input\":{\"@type\":\"PropertyValueSpecification\",\"valueRequired\":true,\"valueName\":\"search_term_string\"}}],\"inLanguage\":\"pt-BR\"},{\"@type\":\"Organization\",\"@id\":\"https:\/\/noticiasemdestaque.com\/cd\/#organization\",\"name\":\"Not\u00edcias em Destaque\",\"url\":\"https:\/\/noticiasemdestaque.com\/cd\/\",\"logo\":{\"@type\":\"ImageObject\",\"inLanguage\":\"pt-BR\",\"@id\":\"https:\/\/noticiasemdestaque.com\/cd\/#\/schema\/logo\/image\/\",\"url\":\"https:\/\/noticiasemdestaque.com\/cd\/wp-content\/uploads\/2022\/05\/imagem-base-noticiasemdestaque.png\",\"contentUrl\":\"https:\/\/noticiasemdestaque.com\/cd\/wp-content\/uploads\/2022\/05\/imagem-base-noticiasemdestaque.png\",\"width\":1200,\"height\":630,\"caption\":\"Not\u00edcias em Destaque\"},\"image\":{\"@id\":\"https:\/\/noticiasemdestaque.com\/cd\/#\/schema\/logo\/image\/\"}},{\"@type\":\"Person\",\"@id\":\"https:\/\/noticiasemdestaque.com\/cd\/#\/schema\/person\/967a459378479d4fa07976fedd8a7b5e\",\"name\":\"Not\u00edcias em Destaque\",\"url\":\"https:\/\/noticiasemdestaque.com\/cd\/?author=2\"}]}<\/script>\n<!-- \/ Yoast SEO plugin. -->","yoast_head_json":{"title":"Bolsonaro deve permanecer internado por pelo menos sete dias, dizem m\u00e9dicos - Not&iacute;cias em Destaque","robots":{"index":"index","follow":"follow","max-snippet":"max-snippet:-1","max-image-preview":"max-image-preview:large","max-video-preview":"max-video-preview:-1"},"canonical":"https:\/\/noticiasemdestaque.com\/cd\/?p=77098","og_locale":"pt_BR","og_type":"article","og_title":"Bolsonaro deve permanecer internado por pelo menos sete dias, dizem m\u00e9dicos - Not&iacute;cias em Destaque","og_description":"O ex-presidente\u00a0Jair Bolsonaro\u00a0deve permanecer internado no hospital por\u00a0pelo menos sete dias\u00a0para tratamento de uma pneumonia grave nos dois pulm\u00f5es diagnosticada nesta sexta-feira (13). Segundo a equipe m\u00e9dica dele, esse \u00e9 o tempo m\u00ednimo necess\u00e1rio para a administra\u00e7\u00e3o de antibi\u00f3ticos na veia. Os m\u00e9dicos afirmaram que\u00a0existe risco real de morte\u00a0e que o caso exige acompanhamento intensivo. De acordo com os m\u00e9dicos, o ciclo completo do tratamento deve durar entre sete e 14 dias, dependendo da evolu\u00e7\u00e3o cl\u00ednica de Bolsonaro. Caso o organismo n\u00e3o responda adequadamente nas primeiras 48 horas, poder\u00e1 ser necess\u00e1ria a troca da medica\u00e7\u00e3o \u2014 situa\u00e7\u00e3o que reinicia do zero a contagem do tempo de tratamento e de interna\u00e7\u00e3o. Ainda n\u00e3o h\u00e1 prazo definido nem mesmo para a sa\u00edda da UTI (Unidade de Terapia Intensiva), onde Bolsonaro permanece sob monitoramento cont\u00ednuo at\u00e9 que haja recupera\u00e7\u00e3o suficiente da fun\u00e7\u00e3o pulmonar e estabiliza\u00e7\u00e3o de seu estado geral. Noticias em Destaque Fonte: Portal Correio","og_url":"https:\/\/noticiasemdestaque.com\/cd\/?p=77098","og_site_name":"Not&iacute;cias em Destaque","article_published_time":"2026-03-15T03:03:54+00:00","og_image":[{"width":768,"height":432,"url":"https:\/\/noticiasemdestaque.com\/cd\/wp-content\/uploads\/2026\/03\/JairBolsonaro-PoliciaFederal-Depoimento-6-848x477-1-800x450-1-768x432-1.webp","type":"image\/webp"}],"author":"Not\u00edcias em Destaque","twitter_card":"summary_large_image","twitter_misc":{"Escrito por":"Not\u00edcias em Destaque","Est. tempo de leitura":"2 minutos"},"schema":{"@context":"https:\/\/schema.org","@graph":[{"@type":"Article","@id":"https:\/\/noticiasemdestaque.com\/cd\/?p=77098#article","isPartOf":{"@id":"https:\/\/noticiasemdestaque.com\/cd\/?p=77098"},"author":{"name":"Not\u00edcias em Destaque","@id":"https:\/\/noticiasemdestaque.com\/cd\/#\/schema\/person\/967a459378479d4fa07976fedd8a7b5e"},"headline":"Bolsonaro deve permanecer internado por pelo menos sete dias, dizem m\u00e9dicos","datePublished":"2026-03-15T03:03:54+00:00","mainEntityOfPage":{"@id":"https:\/\/noticiasemdestaque.com\/cd\/?p=77098"},"wordCount":186,"publisher":{"@id":"https:\/\/noticiasemdestaque.com\/cd\/#organization"},"image":{"@id":"https:\/\/noticiasemdestaque.com\/cd\/?p=77098#primaryimage"},"thumbnailUrl":"https:\/\/noticiasemdestaque.com\/cd\/wp-content\/uploads\/2026\/03\/JairBolsonaro-PoliciaFederal-Depoimento-6-848x477-1-800x450-1-768x432-1.webp","articleSection":["Pol\u00edtica"],"inLanguage":"pt-BR"},{"@type":"WebPage","@id":"https:\/\/noticiasemdestaque.com\/cd\/?p=77098","url":"https:\/\/noticiasemdestaque.com\/cd\/?p=77098","name":"Bolsonaro deve permanecer internado por pelo menos sete dias, dizem m\u00e9dicos - Not&iacute;cias em Destaque","isPartOf":{"@id":"https:\/\/noticiasemdestaque.com\/cd\/#website"},"primaryImageOfPage":{"@id":"https:\/\/noticiasemdestaque.com\/cd\/?p=77098#primaryimage"},"image":{"@id":"https:\/\/noticiasemdestaque.com\/cd\/?p=77098#primaryimage"},"thumbnailUrl":"https:\/\/noticiasemdestaque.com\/cd\/wp-content\/uploads\/2026\/03\/JairBolsonaro-PoliciaFederal-Depoimento-6-848x477-1-800x450-1-768x432-1.webp","datePublished":"2026-03-15T03:03:54+00:00","breadcrumb":{"@id":"https:\/\/noticiasemdestaque.com\/cd\/?p=77098#breadcrumb"},"inLanguage":"pt-BR","potentialAction":[{"@type":"ReadAction","target":["https:\/\/noticiasemdestaque.com\/cd\/?p=77098"]}]},{"@type":"ImageObject","inLanguage":"pt-BR","@id":"https:\/\/noticiasemdestaque.com\/cd\/?p=77098#primaryimage","url":"https:\/\/noticiasemdestaque.com\/cd\/wp-content\/uploads\/2026\/03\/JairBolsonaro-PoliciaFederal-Depoimento-6-848x477-1-800x450-1-768x432-1.webp","contentUrl":"https:\/\/noticiasemdestaque.com\/cd\/wp-content\/uploads\/2026\/03\/JairBolsonaro-PoliciaFederal-Depoimento-6-848x477-1-800x450-1-768x432-1.webp","width":768,"height":432},{"@type":"BreadcrumbList","@id":"https:\/\/noticiasemdestaque.com\/cd\/?p=77098#breadcrumb","itemListElement":[{"@type":"ListItem","position":1,"name":"In\u00edcio","item":"https:\/\/noticiasemdestaque.com\/cd\/"},{"@type":"ListItem","position":2,"name":"Bolsonaro deve permanecer internado por pelo menos sete dias, dizem m\u00e9dicos"}]},{"@type":"WebSite","@id":"https:\/\/noticiasemdestaque.com\/cd\/#website","url":"https:\/\/noticiasemdestaque.com\/cd\/","name":"Not&iacute;cias em Destaque","description":"","publisher":{"@id":"https:\/\/noticiasemdestaque.com\/cd\/#organization"},"potentialAction":[{"@type":"SearchAction","target":{"@type":"EntryPoint","urlTemplate":"https:\/\/noticiasemdestaque.com\/cd\/?s={search_term_string}"},"query-input":{"@type":"PropertyValueSpecification","valueRequired":true,"valueName":"search_term_string"}}],"inLanguage":"pt-BR"},{"@type":"Organization","@id":"https:\/\/noticiasemdestaque.com\/cd\/#organization","name":"Not\u00edcias em Destaque","url":"https:\/\/noticiasemdestaque.com\/cd\/","logo":{"@type":"ImageObject","inLanguage":"pt-BR","@id":"https:\/\/noticiasemdestaque.com\/cd\/#\/schema\/logo\/image\/","url":"https:\/\/noticiasemdestaque.com\/cd\/wp-content\/uploads\/2022\/05\/imagem-base-noticiasemdestaque.png","contentUrl":"https:\/\/noticiasemdestaque.com\/cd\/wp-content\/uploads\/2022\/05\/imagem-base-noticiasemdestaque.png","width":1200,"height":630,"caption":"Not\u00edcias em Destaque"},"image":{"@id":"https:\/\/noticiasemdestaque.com\/cd\/#\/schema\/logo\/image\/"}},{"@type":"Person","@id":"https:\/\/noticiasemdestaque.com\/cd\/#\/schema\/person\/967a459378479d4fa07976fedd8a7b5e","name":"Not\u00edcias em Destaque","url":"https:\/\/noticiasemdestaque.com\/cd\/?author=2"}]}},"jetpack_featured_media_url":"https:\/\/noticiasemdestaque.com\/cd\/wp-content\/uploads\/2026\/03\/JairBolsonaro-PoliciaFederal-Depoimento-6-848x477-1-800x450-1-768x432-1.webp","jetpack_sharing_enabled":true,"_links":{"self":[{"href":"https:\/\/noticiasemdestaque.com\/cd\/index.php?rest_route=\/wp\/v2\/posts\/77098","targetHints":{"allow":["GET"]}}],"collection":[{"href":"https:\/\/noticiasemdestaque.com\/cd\/index.php?rest_route=\/wp\/v2\/posts"}],"about":[{"href":"https:\/\/noticiasemdestaque.com\/cd\/index.php?rest_route=\/wp\/v2\/types\/post"}],"author":[{"embeddable":true,"href":"https:\/\/noticiasemdestaque.com\/cd\/index.php?rest_route=\/wp\/v2\/users\/2"}],"replies":[{"embeddable":true,"href":"https:\/\/noticiasemdestaque.com\/cd\/index.php?rest_route=%2Fwp%2Fv2%2Fcomments&post=77098"}],"version-history":[{"count":1,"href":"https:\/\/noticiasemdestaque.com\/cd\/index.php?rest_route=\/wp\/v2\/posts\/77098\/revisions"}],"predecessor-version":[{"id":77100,"href":"https:\/\/noticiasemdestaque.com\/cd\/index.php?rest_route=\/wp\/v2\/posts\/77098\/revisions\/77100"}],"wp:featuredmedia":[{"embeddable":true,"href":"https:\/\/noticiasemdestaque.com\/cd\/index.php?rest_route=\/wp\/v2\/media\/77099"}],"wp:attachment":[{"href":"https:\/\/noticiasemdestaque.com\/cd\/index.php?rest_route=%2Fwp%2Fv2%2Fmedia&parent=77098"}],"wp:term":[{"taxonomy":"category","embeddable":true,"href":"https:\/\/noticiasemdestaque.com\/cd\/index.php?rest_route=%2Fwp%2Fv2%2Fcategories&post=77098"},{"taxonomy":"post_tag","embeddable":true,"href":"https:\/\/noticiasemdestaque.com\/cd\/index.php?rest_route=%2Fwp%2Fv2%2Ftags&post=77098"}],"curies":[{"name":"wp","href":"https:\/\/api.w.org\/{rel}","templated":true}]}}