{"id":77095,"date":"2026-03-14T23:29:55","date_gmt":"2026-03-15T02:29:55","guid":{"rendered":"https:\/\/noticiasemdestaque.com\/cd\/?p=77095"},"modified":"2026-03-14T23:30:05","modified_gmt":"2026-03-15T02:30:05","slug":"colisao-entre-motos-deixa-dois-homens-gravemente-feridos-na-zona-rural-de-monteiro","status":"publish","type":"post","link":"https:\/\/noticiasemdestaque.com\/cd\/?p=77095","title":{"rendered":"Colis\u00e3o entre motos deixa dois homens gravemente feridos na zona rural de Monteiro"},"content":{"rendered":"<p><a href=\"https:\/\/noticiasemdestaque.com\/cd\/wp-content\/uploads\/2026\/03\/samu_noite.jpg\"><img fetchpriority=\"high\" decoding=\"async\" class=\" wp-image-77096 aligncenter\" src=\"https:\/\/noticiasemdestaque.com\/cd\/wp-content\/uploads\/2026\/03\/samu_noite-300x200.jpg\" alt=\"\" width=\"878\" height=\"585\" srcset=\"https:\/\/noticiasemdestaque.com\/cd\/wp-content\/uploads\/2026\/03\/samu_noite-300x200.jpg 300w, https:\/\/noticiasemdestaque.com\/cd\/wp-content\/uploads\/2026\/03\/samu_noite-768x513.jpg 768w, https:\/\/noticiasemdestaque.com\/cd\/wp-content\/uploads\/2026\/03\/samu_noite.jpg 876w\" sizes=\"(max-width: 878px) 100vw, 878px\" \/><\/a><\/p>\n<p>Dois homens ficaram gravemente feridos ap\u00f3s uma colis\u00e3o entre duas motocicletas na noite deste s\u00e1bado (14), na zona rural do munic\u00edpio de Monteiro, no Cariri paraibano.<\/p>\n<p>De acordo com as primeiras informa\u00e7\u00f5es, o acidente aconteceu na rodovia PB-264, nas proximidades do S\u00edtio Serrote, no sentido do munic\u00edpio de Zabel\u00ea.<\/p>\n<p>Com o impacto da colis\u00e3o, as duas v\u00edtimas sofreram ferimentos graves. Um dos homens teve fratura exposta, enquanto o outro, devido \u00e0 gravidade do quadro cl\u00ednico, precisou ser entubado.<\/p>\n<p>Equipes do Servi\u00e7o de Atendimento M\u00f3vel de Urg\u00eancia (Samu) prestaram os primeiros socorros no local do acidente. Em seguida, os feridos foram encaminhados para o Hospital Regional de Monteiro.<\/p>\n<p>Segundo informa\u00e7\u00f5es iniciais, devido \u00e0 gravidade dos ferimentos, os dois homens dever\u00e3o ser transferidos para uma unidade hospitalar em Campina Grande para receber atendimento especializado.<\/p>\n<p>As circunst\u00e2ncias do acidente ainda dever\u00e3o ser apuradas.<\/p>\n<p><strong>Noticias em Destaque<\/strong><\/p>\n<p style=\"text-align: right;\"><em>Fonte: O Pipoco<\/em><\/p>\n","protected":false},"excerpt":{"rendered":"<p>Dois homens ficaram gravemente feridos ap\u00f3s uma colis\u00e3o entre duas motocicletas na noite deste s\u00e1bado (14), na zona rural do munic\u00edpio de Monteiro, no Cariri paraibano. De acordo com as primeiras informa\u00e7\u00f5es, o acidente aconteceu na rodovia PB-264, nas proximidades do S\u00edtio Serrote, no sentido do munic\u00edpio de Zabel\u00ea. Com o impacto da colis\u00e3o, as duas v\u00edtimas sofreram ferimentos graves. Um dos homens teve fratura exposta, enquanto o outro, devido \u00e0 gravidade do quadro cl\u00ednico, precisou ser entubado. Equipes do Servi\u00e7o de Atendimento M\u00f3vel de Urg\u00eancia (Samu) prestaram os primeiros socorros no local do acidente. Em seguida, os feridos foram encaminhados para o Hospital Regional de Monteiro. Segundo informa\u00e7\u00f5es iniciais, devido \u00e0 gravidade dos ferimentos, os dois homens dever\u00e3o ser transferidos para uma unidade hospitalar em Campina Grande para receber atendimento especializado. As circunst\u00e2ncias do acidente ainda dever\u00e3o ser apuradas. Noticias em Destaque Fonte: O Pipoco<\/p>\n","protected":false},"author":2,"featured_media":77096,"comment_status":"closed","ping_status":"closed","sticky":false,"template":"","format":"standard","meta":{"_eb_attr":"","_jetpack_memberships_contains_paid_content":false,"footnotes":""},"categories":[20],"tags":[],"class_list":["post-77095","post","type-post","status-publish","format-standard","has-post-thumbnail","hentry","category-policia"],"yoast_head":"<!-- This site is optimized with the Yoast SEO plugin v26.5 - https:\/\/yoast.com\/wordpress\/plugins\/seo\/ -->\n<title>Colis\u00e3o entre motos deixa dois homens gravemente feridos na zona rural de Monteiro - Not&iacute;cias em Destaque<\/title>\n<meta name=\"robots\" content=\"index, follow, max-snippet:-1, max-image-preview:large, max-video-preview:-1\" \/>\n<link rel=\"canonical\" href=\"https:\/\/noticiasemdestaque.com\/cd\/?p=77095\" \/>\n<meta property=\"og:locale\" content=\"pt_BR\" \/>\n<meta property=\"og:type\" content=\"article\" \/>\n<meta property=\"og:title\" content=\"Colis\u00e3o entre motos deixa dois homens gravemente feridos na zona rural de Monteiro - Not&iacute;cias em Destaque\" \/>\n<meta property=\"og:description\" content=\"Dois homens ficaram gravemente feridos ap\u00f3s uma colis\u00e3o entre duas motocicletas na noite deste s\u00e1bado (14), na zona rural do munic\u00edpio de Monteiro, no Cariri paraibano. De acordo com as primeiras informa\u00e7\u00f5es, o acidente aconteceu na rodovia PB-264, nas proximidades do S\u00edtio Serrote, no sentido do munic\u00edpio de Zabel\u00ea. Com o impacto da colis\u00e3o, as duas v\u00edtimas sofreram ferimentos graves. Um dos homens teve fratura exposta, enquanto o outro, devido \u00e0 gravidade do quadro cl\u00ednico, precisou ser entubado. Equipes do Servi\u00e7o de Atendimento M\u00f3vel de Urg\u00eancia (Samu) prestaram os primeiros socorros no local do acidente. Em seguida, os feridos foram encaminhados para o Hospital Regional de Monteiro. Segundo informa\u00e7\u00f5es iniciais, devido \u00e0 gravidade dos ferimentos, os dois homens dever\u00e3o ser transferidos para uma unidade hospitalar em Campina Grande para receber atendimento especializado. As circunst\u00e2ncias do acidente ainda dever\u00e3o ser apuradas. Noticias em Destaque Fonte: O Pipoco\" \/>\n<meta property=\"og:url\" content=\"https:\/\/noticiasemdestaque.com\/cd\/?p=77095\" \/>\n<meta property=\"og:site_name\" content=\"Not&iacute;cias em Destaque\" \/>\n<meta property=\"article:published_time\" content=\"2026-03-15T02:29:55+00:00\" \/>\n<meta property=\"article:modified_time\" content=\"2026-03-15T02:30:05+00:00\" \/>\n<meta property=\"og:image\" content=\"https:\/\/noticiasemdestaque.com\/cd\/wp-content\/uploads\/2026\/03\/samu_noite.jpg\" \/>\n\t<meta property=\"og:image:width\" content=\"876\" \/>\n\t<meta property=\"og:image:height\" content=\"585\" \/>\n\t<meta property=\"og:image:type\" content=\"image\/jpeg\" \/>\n<meta name=\"author\" content=\"Not\u00edcias em Destaque\" \/>\n<meta name=\"twitter:card\" content=\"summary_large_image\" \/>\n<meta name=\"twitter:label1\" content=\"Escrito por\" \/>\n\t<meta name=\"twitter:data1\" content=\"Not\u00edcias em Destaque\" \/>\n\t<meta name=\"twitter:label2\" content=\"Est. tempo de leitura\" \/>\n\t<meta name=\"twitter:data2\" content=\"2 minutos\" \/>\n<script type=\"application\/ld+json\" class=\"yoast-schema-graph\">{\"@context\":\"https:\/\/schema.org\",\"@graph\":[{\"@type\":\"Article\",\"@id\":\"https:\/\/noticiasemdestaque.com\/cd\/?p=77095#article\",\"isPartOf\":{\"@id\":\"https:\/\/noticiasemdestaque.com\/cd\/?p=77095\"},\"author\":{\"name\":\"Not\u00edcias em Destaque\",\"@id\":\"https:\/\/noticiasemdestaque.com\/cd\/#\/schema\/person\/967a459378479d4fa07976fedd8a7b5e\"},\"headline\":\"Colis\u00e3o entre motos deixa dois homens gravemente feridos na zona rural de Monteiro\",\"datePublished\":\"2026-03-15T02:29:55+00:00\",\"dateModified\":\"2026-03-15T02:30:05+00:00\",\"mainEntityOfPage\":{\"@id\":\"https:\/\/noticiasemdestaque.com\/cd\/?p=77095\"},\"wordCount\":174,\"publisher\":{\"@id\":\"https:\/\/noticiasemdestaque.com\/cd\/#organization\"},\"image\":{\"@id\":\"https:\/\/noticiasemdestaque.com\/cd\/?p=77095#primaryimage\"},\"thumbnailUrl\":\"https:\/\/noticiasemdestaque.com\/cd\/wp-content\/uploads\/2026\/03\/samu_noite.jpg\",\"articleSection\":[\"Pol\u00edcia\"],\"inLanguage\":\"pt-BR\"},{\"@type\":\"WebPage\",\"@id\":\"https:\/\/noticiasemdestaque.com\/cd\/?p=77095\",\"url\":\"https:\/\/noticiasemdestaque.com\/cd\/?p=77095\",\"name\":\"Colis\u00e3o entre motos deixa dois homens gravemente feridos na zona rural de Monteiro - Not&iacute;cias em Destaque\",\"isPartOf\":{\"@id\":\"https:\/\/noticiasemdestaque.com\/cd\/#website\"},\"primaryImageOfPage\":{\"@id\":\"https:\/\/noticiasemdestaque.com\/cd\/?p=77095#primaryimage\"},\"image\":{\"@id\":\"https:\/\/noticiasemdestaque.com\/cd\/?p=77095#primaryimage\"},\"thumbnailUrl\":\"https:\/\/noticiasemdestaque.com\/cd\/wp-content\/uploads\/2026\/03\/samu_noite.jpg\",\"datePublished\":\"2026-03-15T02:29:55+00:00\",\"dateModified\":\"2026-03-15T02:30:05+00:00\",\"breadcrumb\":{\"@id\":\"https:\/\/noticiasemdestaque.com\/cd\/?p=77095#breadcrumb\"},\"inLanguage\":\"pt-BR\",\"potentialAction\":[{\"@type\":\"ReadAction\",\"target\":[\"https:\/\/noticiasemdestaque.com\/cd\/?p=77095\"]}]},{\"@type\":\"ImageObject\",\"inLanguage\":\"pt-BR\",\"@id\":\"https:\/\/noticiasemdestaque.com\/cd\/?p=77095#primaryimage\",\"url\":\"https:\/\/noticiasemdestaque.com\/cd\/wp-content\/uploads\/2026\/03\/samu_noite.jpg\",\"contentUrl\":\"https:\/\/noticiasemdestaque.com\/cd\/wp-content\/uploads\/2026\/03\/samu_noite.jpg\",\"width\":876,\"height\":585},{\"@type\":\"BreadcrumbList\",\"@id\":\"https:\/\/noticiasemdestaque.com\/cd\/?p=77095#breadcrumb\",\"itemListElement\":[{\"@type\":\"ListItem\",\"position\":1,\"name\":\"In\u00edcio\",\"item\":\"https:\/\/noticiasemdestaque.com\/cd\/\"},{\"@type\":\"ListItem\",\"position\":2,\"name\":\"Colis\u00e3o entre motos deixa dois homens gravemente feridos na zona rural de Monteiro\"}]},{\"@type\":\"WebSite\",\"@id\":\"https:\/\/noticiasemdestaque.com\/cd\/#website\",\"url\":\"https:\/\/noticiasemdestaque.com\/cd\/\",\"name\":\"Not&iacute;cias em Destaque\",\"description\":\"\",\"publisher\":{\"@id\":\"https:\/\/noticiasemdestaque.com\/cd\/#organization\"},\"potentialAction\":[{\"@type\":\"SearchAction\",\"target\":{\"@type\":\"EntryPoint\",\"urlTemplate\":\"https:\/\/noticiasemdestaque.com\/cd\/?s={search_term_string}\"},\"query-input\":{\"@type\":\"PropertyValueSpecification\",\"valueRequired\":true,\"valueName\":\"search_term_string\"}}],\"inLanguage\":\"pt-BR\"},{\"@type\":\"Organization\",\"@id\":\"https:\/\/noticiasemdestaque.com\/cd\/#organization\",\"name\":\"Not\u00edcias em Destaque\",\"url\":\"https:\/\/noticiasemdestaque.com\/cd\/\",\"logo\":{\"@type\":\"ImageObject\",\"inLanguage\":\"pt-BR\",\"@id\":\"https:\/\/noticiasemdestaque.com\/cd\/#\/schema\/logo\/image\/\",\"url\":\"https:\/\/noticiasemdestaque.com\/cd\/wp-content\/uploads\/2022\/05\/imagem-base-noticiasemdestaque.png\",\"contentUrl\":\"https:\/\/noticiasemdestaque.com\/cd\/wp-content\/uploads\/2022\/05\/imagem-base-noticiasemdestaque.png\",\"width\":1200,\"height\":630,\"caption\":\"Not\u00edcias em Destaque\"},\"image\":{\"@id\":\"https:\/\/noticiasemdestaque.com\/cd\/#\/schema\/logo\/image\/\"}},{\"@type\":\"Person\",\"@id\":\"https:\/\/noticiasemdestaque.com\/cd\/#\/schema\/person\/967a459378479d4fa07976fedd8a7b5e\",\"name\":\"Not\u00edcias em Destaque\",\"url\":\"https:\/\/noticiasemdestaque.com\/cd\/?author=2\"}]}<\/script>\n<!-- \/ Yoast SEO plugin. -->","yoast_head_json":{"title":"Colis\u00e3o entre motos deixa dois homens gravemente feridos na zona rural de Monteiro - Not&iacute;cias em Destaque","robots":{"index":"index","follow":"follow","max-snippet":"max-snippet:-1","max-image-preview":"max-image-preview:large","max-video-preview":"max-video-preview:-1"},"canonical":"https:\/\/noticiasemdestaque.com\/cd\/?p=77095","og_locale":"pt_BR","og_type":"article","og_title":"Colis\u00e3o entre motos deixa dois homens gravemente feridos na zona rural de Monteiro - Not&iacute;cias em Destaque","og_description":"Dois homens ficaram gravemente feridos ap\u00f3s uma colis\u00e3o entre duas motocicletas na noite deste s\u00e1bado (14), na zona rural do munic\u00edpio de Monteiro, no Cariri paraibano. De acordo com as primeiras informa\u00e7\u00f5es, o acidente aconteceu na rodovia PB-264, nas proximidades do S\u00edtio Serrote, no sentido do munic\u00edpio de Zabel\u00ea. Com o impacto da colis\u00e3o, as duas v\u00edtimas sofreram ferimentos graves. Um dos homens teve fratura exposta, enquanto o outro, devido \u00e0 gravidade do quadro cl\u00ednico, precisou ser entubado. Equipes do Servi\u00e7o de Atendimento M\u00f3vel de Urg\u00eancia (Samu) prestaram os primeiros socorros no local do acidente. Em seguida, os feridos foram encaminhados para o Hospital Regional de Monteiro. Segundo informa\u00e7\u00f5es iniciais, devido \u00e0 gravidade dos ferimentos, os dois homens dever\u00e3o ser transferidos para uma unidade hospitalar em Campina Grande para receber atendimento especializado. As circunst\u00e2ncias do acidente ainda dever\u00e3o ser apuradas. Noticias em Destaque Fonte: O Pipoco","og_url":"https:\/\/noticiasemdestaque.com\/cd\/?p=77095","og_site_name":"Not&iacute;cias em Destaque","article_published_time":"2026-03-15T02:29:55+00:00","article_modified_time":"2026-03-15T02:30:05+00:00","og_image":[{"width":876,"height":585,"url":"https:\/\/noticiasemdestaque.com\/cd\/wp-content\/uploads\/2026\/03\/samu_noite.jpg","type":"image\/jpeg"}],"author":"Not\u00edcias em Destaque","twitter_card":"summary_large_image","twitter_misc":{"Escrito por":"Not\u00edcias em Destaque","Est. tempo de leitura":"2 minutos"},"schema":{"@context":"https:\/\/schema.org","@graph":[{"@type":"Article","@id":"https:\/\/noticiasemdestaque.com\/cd\/?p=77095#article","isPartOf":{"@id":"https:\/\/noticiasemdestaque.com\/cd\/?p=77095"},"author":{"name":"Not\u00edcias em Destaque","@id":"https:\/\/noticiasemdestaque.com\/cd\/#\/schema\/person\/967a459378479d4fa07976fedd8a7b5e"},"headline":"Colis\u00e3o entre motos deixa dois homens gravemente feridos na zona rural de Monteiro","datePublished":"2026-03-15T02:29:55+00:00","dateModified":"2026-03-15T02:30:05+00:00","mainEntityOfPage":{"@id":"https:\/\/noticiasemdestaque.com\/cd\/?p=77095"},"wordCount":174,"publisher":{"@id":"https:\/\/noticiasemdestaque.com\/cd\/#organization"},"image":{"@id":"https:\/\/noticiasemdestaque.com\/cd\/?p=77095#primaryimage"},"thumbnailUrl":"https:\/\/noticiasemdestaque.com\/cd\/wp-content\/uploads\/2026\/03\/samu_noite.jpg","articleSection":["Pol\u00edcia"],"inLanguage":"pt-BR"},{"@type":"WebPage","@id":"https:\/\/noticiasemdestaque.com\/cd\/?p=77095","url":"https:\/\/noticiasemdestaque.com\/cd\/?p=77095","name":"Colis\u00e3o entre motos deixa dois homens gravemente feridos na zona rural de Monteiro - Not&iacute;cias em Destaque","isPartOf":{"@id":"https:\/\/noticiasemdestaque.com\/cd\/#website"},"primaryImageOfPage":{"@id":"https:\/\/noticiasemdestaque.com\/cd\/?p=77095#primaryimage"},"image":{"@id":"https:\/\/noticiasemdestaque.com\/cd\/?p=77095#primaryimage"},"thumbnailUrl":"https:\/\/noticiasemdestaque.com\/cd\/wp-content\/uploads\/2026\/03\/samu_noite.jpg","datePublished":"2026-03-15T02:29:55+00:00","dateModified":"2026-03-15T02:30:05+00:00","breadcrumb":{"@id":"https:\/\/noticiasemdestaque.com\/cd\/?p=77095#breadcrumb"},"inLanguage":"pt-BR","potentialAction":[{"@type":"ReadAction","target":["https:\/\/noticiasemdestaque.com\/cd\/?p=77095"]}]},{"@type":"ImageObject","inLanguage":"pt-BR","@id":"https:\/\/noticiasemdestaque.com\/cd\/?p=77095#primaryimage","url":"https:\/\/noticiasemdestaque.com\/cd\/wp-content\/uploads\/2026\/03\/samu_noite.jpg","contentUrl":"https:\/\/noticiasemdestaque.com\/cd\/wp-content\/uploads\/2026\/03\/samu_noite.jpg","width":876,"height":585},{"@type":"BreadcrumbList","@id":"https:\/\/noticiasemdestaque.com\/cd\/?p=77095#breadcrumb","itemListElement":[{"@type":"ListItem","position":1,"name":"In\u00edcio","item":"https:\/\/noticiasemdestaque.com\/cd\/"},{"@type":"ListItem","position":2,"name":"Colis\u00e3o entre motos deixa dois homens gravemente feridos na zona rural de Monteiro"}]},{"@type":"WebSite","@id":"https:\/\/noticiasemdestaque.com\/cd\/#website","url":"https:\/\/noticiasemdestaque.com\/cd\/","name":"Not&iacute;cias em Destaque","description":"","publisher":{"@id":"https:\/\/noticiasemdestaque.com\/cd\/#organization"},"potentialAction":[{"@type":"SearchAction","target":{"@type":"EntryPoint","urlTemplate":"https:\/\/noticiasemdestaque.com\/cd\/?s={search_term_string}"},"query-input":{"@type":"PropertyValueSpecification","valueRequired":true,"valueName":"search_term_string"}}],"inLanguage":"pt-BR"},{"@type":"Organization","@id":"https:\/\/noticiasemdestaque.com\/cd\/#organization","name":"Not\u00edcias em Destaque","url":"https:\/\/noticiasemdestaque.com\/cd\/","logo":{"@type":"ImageObject","inLanguage":"pt-BR","@id":"https:\/\/noticiasemdestaque.com\/cd\/#\/schema\/logo\/image\/","url":"https:\/\/noticiasemdestaque.com\/cd\/wp-content\/uploads\/2022\/05\/imagem-base-noticiasemdestaque.png","contentUrl":"https:\/\/noticiasemdestaque.com\/cd\/wp-content\/uploads\/2022\/05\/imagem-base-noticiasemdestaque.png","width":1200,"height":630,"caption":"Not\u00edcias em Destaque"},"image":{"@id":"https:\/\/noticiasemdestaque.com\/cd\/#\/schema\/logo\/image\/"}},{"@type":"Person","@id":"https:\/\/noticiasemdestaque.com\/cd\/#\/schema\/person\/967a459378479d4fa07976fedd8a7b5e","name":"Not\u00edcias em Destaque","url":"https:\/\/noticiasemdestaque.com\/cd\/?author=2"}]}},"jetpack_featured_media_url":"https:\/\/noticiasemdestaque.com\/cd\/wp-content\/uploads\/2026\/03\/samu_noite.jpg","jetpack_sharing_enabled":true,"_links":{"self":[{"href":"https:\/\/noticiasemdestaque.com\/cd\/index.php?rest_route=\/wp\/v2\/posts\/77095","targetHints":{"allow":["GET"]}}],"collection":[{"href":"https:\/\/noticiasemdestaque.com\/cd\/index.php?rest_route=\/wp\/v2\/posts"}],"about":[{"href":"https:\/\/noticiasemdestaque.com\/cd\/index.php?rest_route=\/wp\/v2\/types\/post"}],"author":[{"embeddable":true,"href":"https:\/\/noticiasemdestaque.com\/cd\/index.php?rest_route=\/wp\/v2\/users\/2"}],"replies":[{"embeddable":true,"href":"https:\/\/noticiasemdestaque.com\/cd\/index.php?rest_route=%2Fwp%2Fv2%2Fcomments&post=77095"}],"version-history":[{"count":1,"href":"https:\/\/noticiasemdestaque.com\/cd\/index.php?rest_route=\/wp\/v2\/posts\/77095\/revisions"}],"predecessor-version":[{"id":77097,"href":"https:\/\/noticiasemdestaque.com\/cd\/index.php?rest_route=\/wp\/v2\/posts\/77095\/revisions\/77097"}],"wp:featuredmedia":[{"embeddable":true,"href":"https:\/\/noticiasemdestaque.com\/cd\/index.php?rest_route=\/wp\/v2\/media\/77096"}],"wp:attachment":[{"href":"https:\/\/noticiasemdestaque.com\/cd\/index.php?rest_route=%2Fwp%2Fv2%2Fmedia&parent=77095"}],"wp:term":[{"taxonomy":"category","embeddable":true,"href":"https:\/\/noticiasemdestaque.com\/cd\/index.php?rest_route=%2Fwp%2Fv2%2Fcategories&post=77095"},{"taxonomy":"post_tag","embeddable":true,"href":"https:\/\/noticiasemdestaque.com\/cd\/index.php?rest_route=%2Fwp%2Fv2%2Ftags&post=77095"}],"curies":[{"name":"wp","href":"https:\/\/api.w.org\/{rel}","templated":true}]}}