{"id":77090,"date":"2026-03-14T11:50:03","date_gmt":"2026-03-14T14:50:03","guid":{"rendered":"https:\/\/noticiasemdestaque.com\/cd\/?p=77090"},"modified":"2026-03-14T11:55:22","modified_gmt":"2026-03-14T14:55:22","slug":"prefeitura-de-serra-branca-anuncia-jonas-esticado-como-segunda-atracao-da-festa-de-67-anos-de-emancipacao-politica","status":"publish","type":"post","link":"https:\/\/noticiasemdestaque.com\/cd\/?p=77090","title":{"rendered":"Prefeitura de Serra Branca anuncia Jonas Esticado como segunda atra\u00e7\u00e3o da festa de 67 anos de emancipa\u00e7\u00e3o pol\u00edtica"},"content":{"rendered":"<p><a href=\"https:\/\/noticiasemdestaque.com\/cd\/wp-content\/uploads\/2026\/03\/fe945655-d831-45c0-add0-e71e8ad81cba.jpg\"><img fetchpriority=\"high\" decoding=\"async\" class=\" wp-image-77091 aligncenter\" src=\"https:\/\/noticiasemdestaque.com\/cd\/wp-content\/uploads\/2026\/03\/fe945655-d831-45c0-add0-e71e8ad81cba-225x300.jpg\" alt=\"\" width=\"901\" height=\"1201\" srcset=\"https:\/\/noticiasemdestaque.com\/cd\/wp-content\/uploads\/2026\/03\/fe945655-d831-45c0-add0-e71e8ad81cba-225x300.jpg 225w, https:\/\/noticiasemdestaque.com\/cd\/wp-content\/uploads\/2026\/03\/fe945655-d831-45c0-add0-e71e8ad81cba-768x1024.jpg 768w, https:\/\/noticiasemdestaque.com\/cd\/wp-content\/uploads\/2026\/03\/fe945655-d831-45c0-add0-e71e8ad81cba.jpg 1080w\" sizes=\"(max-width: 901px) 100vw, 901px\" \/><\/a><\/p>\n<p>A Prefeitura de Serra Branca anunciou oficialmente a segunda atra\u00e7\u00e3o da programa\u00e7\u00e3o cultural em comemora\u00e7\u00e3o aos 67 anos de emancipa\u00e7\u00e3o pol\u00edtica do munic\u00edpio. O cantor Jonas Esticado, um dos grandes nomes do forr\u00f3 contempor\u00e2neo no Brasil, est\u00e1 confirmado e ser\u00e1 respons\u00e1vel por abrir a s\u00e9rie de shows que ir\u00e3o marcar a tradicional festa da cidade.<\/p>\n<p>Conhecido nacionalmente por seus sucessos e por apresenta\u00e7\u00f5es que re\u00fanem multid\u00f5es, Jonas Esticado promete levar ao p\u00fablico de Serra Branca um show repleto de energia, romantismo e muito forr\u00f3, com um repert\u00f3rio que re\u00fane m\u00fasicas consagradas e hits que est\u00e3o entre os mais tocados do pa\u00eds.<\/p>\n<p>O prefeito de Serra Branca, Alexandre Pereira, destacou a alegria em poder confirmar o artista como parte da programa\u00e7\u00e3o comemorativa do munic\u00edpio: \u201c\u00c9 uma alegria muito grande poder anunciar Jonas Esticado como a primeira atra\u00e7\u00e3o da festa de 67 anos de Serra Branca. Temos certeza de que ser\u00e1 um grande show e um momento especial para o nosso povo\u201d, afirmou o prefeito.<\/p>\n<p>A gest\u00e3o municipal refor\u00e7a que a festa de emancipa\u00e7\u00e3o pol\u00edtica \u00e9 um dos eventos mais aguardados do calend\u00e1rio cultural da cidade, reunindo moradores e visitantes de toda a regi\u00e3o do Cariri paraibano.<\/p>\n<p>A programa\u00e7\u00e3o completa da festa dever\u00e1 ser divulgada nos pr\u00f3ximos dias pela Prefeitura de Serra Branca, que promete uma grande celebra\u00e7\u00e3o para marcar os 67 anos de hist\u00f3ria, desenvolvimento e conquistas do munic\u00edpio.<\/p>\n<p><strong>Noticias em Destaque<\/strong><\/p>\n<p style=\"text-align: right;\"><em>Fonte: SECOM\/PMSB<\/em><\/p>\n","protected":false},"excerpt":{"rendered":"<p>A Prefeitura de Serra Branca anunciou oficialmente a segunda atra\u00e7\u00e3o da programa\u00e7\u00e3o cultural em comemora\u00e7\u00e3o aos 67 anos de emancipa\u00e7\u00e3o pol\u00edtica do munic\u00edpio. O cantor Jonas Esticado, um dos grandes nomes do forr\u00f3 contempor\u00e2neo no Brasil, est\u00e1 confirmado e ser\u00e1 respons\u00e1vel por abrir a s\u00e9rie de shows que ir\u00e3o marcar a tradicional festa da cidade. Conhecido nacionalmente por seus sucessos e por apresenta\u00e7\u00f5es que re\u00fanem multid\u00f5es, Jonas Esticado promete levar ao p\u00fablico de Serra Branca um show repleto de energia, romantismo e muito forr\u00f3, com um repert\u00f3rio que re\u00fane m\u00fasicas consagradas e hits que est\u00e3o entre os mais tocados do pa\u00eds. O prefeito de Serra Branca, Alexandre Pereira, destacou a alegria em poder confirmar o artista como parte da programa\u00e7\u00e3o comemorativa do munic\u00edpio: \u201c\u00c9 uma alegria muito grande poder anunciar Jonas Esticado como a primeira atra\u00e7\u00e3o da festa de 67 anos de Serra Branca. Temos certeza de que ser\u00e1 um grande show e um momento especial para o nosso povo\u201d, afirmou o prefeito. A gest\u00e3o municipal refor\u00e7a que a festa de emancipa\u00e7\u00e3o pol\u00edtica \u00e9 um dos eventos mais aguardados do calend\u00e1rio cultural da cidade, reunindo moradores e visitantes de toda a regi\u00e3o do Cariri paraibano. A programa\u00e7\u00e3o completa da festa dever\u00e1 ser divulgada nos pr\u00f3ximos dias pela Prefeitura de Serra Branca, que promete uma grande celebra\u00e7\u00e3o para marcar os 67 anos de hist\u00f3ria, desenvolvimento e conquistas do munic\u00edpio. Noticias em Destaque Fonte: SECOM\/PMSB<\/p>\n","protected":false},"author":2,"featured_media":77091,"comment_status":"closed","ping_status":"closed","sticky":false,"template":"","format":"standard","meta":{"_eb_attr":"","_jetpack_memberships_contains_paid_content":false,"footnotes":""},"categories":[3],"tags":[],"class_list":["post-77090","post","type-post","status-publish","format-standard","has-post-thumbnail","hentry","category-cidades"],"yoast_head":"<!-- This site is optimized with the Yoast SEO plugin v26.5 - https:\/\/yoast.com\/wordpress\/plugins\/seo\/ -->\n<title>Prefeitura de Serra Branca anuncia Jonas Esticado como segunda atra\u00e7\u00e3o da festa de 67 anos de emancipa\u00e7\u00e3o pol\u00edtica - Not&iacute;cias em Destaque<\/title>\n<meta name=\"robots\" content=\"index, follow, max-snippet:-1, max-image-preview:large, max-video-preview:-1\" \/>\n<link rel=\"canonical\" href=\"https:\/\/noticiasemdestaque.com\/cd\/?p=77090\" \/>\n<meta property=\"og:locale\" content=\"pt_BR\" \/>\n<meta property=\"og:type\" content=\"article\" \/>\n<meta property=\"og:title\" content=\"Prefeitura de Serra Branca anuncia Jonas Esticado como segunda atra\u00e7\u00e3o da festa de 67 anos de emancipa\u00e7\u00e3o pol\u00edtica - Not&iacute;cias em Destaque\" \/>\n<meta property=\"og:description\" content=\"A Prefeitura de Serra Branca anunciou oficialmente a segunda atra\u00e7\u00e3o da programa\u00e7\u00e3o cultural em comemora\u00e7\u00e3o aos 67 anos de emancipa\u00e7\u00e3o pol\u00edtica do munic\u00edpio. O cantor Jonas Esticado, um dos grandes nomes do forr\u00f3 contempor\u00e2neo no Brasil, est\u00e1 confirmado e ser\u00e1 respons\u00e1vel por abrir a s\u00e9rie de shows que ir\u00e3o marcar a tradicional festa da cidade. Conhecido nacionalmente por seus sucessos e por apresenta\u00e7\u00f5es que re\u00fanem multid\u00f5es, Jonas Esticado promete levar ao p\u00fablico de Serra Branca um show repleto de energia, romantismo e muito forr\u00f3, com um repert\u00f3rio que re\u00fane m\u00fasicas consagradas e hits que est\u00e3o entre os mais tocados do pa\u00eds. O prefeito de Serra Branca, Alexandre Pereira, destacou a alegria em poder confirmar o artista como parte da programa\u00e7\u00e3o comemorativa do munic\u00edpio: \u201c\u00c9 uma alegria muito grande poder anunciar Jonas Esticado como a primeira atra\u00e7\u00e3o da festa de 67 anos de Serra Branca. Temos certeza de que ser\u00e1 um grande show e um momento especial para o nosso povo\u201d, afirmou o prefeito. A gest\u00e3o municipal refor\u00e7a que a festa de emancipa\u00e7\u00e3o pol\u00edtica \u00e9 um dos eventos mais aguardados do calend\u00e1rio cultural da cidade, reunindo moradores e visitantes de toda a regi\u00e3o do Cariri paraibano. A programa\u00e7\u00e3o completa da festa dever\u00e1 ser divulgada nos pr\u00f3ximos dias pela Prefeitura de Serra Branca, que promete uma grande celebra\u00e7\u00e3o para marcar os 67 anos de hist\u00f3ria, desenvolvimento e conquistas do munic\u00edpio. Noticias em Destaque Fonte: SECOM\/PMSB\" \/>\n<meta property=\"og:url\" content=\"https:\/\/noticiasemdestaque.com\/cd\/?p=77090\" \/>\n<meta property=\"og:site_name\" content=\"Not&iacute;cias em Destaque\" \/>\n<meta property=\"article:published_time\" content=\"2026-03-14T14:50:03+00:00\" \/>\n<meta property=\"article:modified_time\" content=\"2026-03-14T14:55:22+00:00\" \/>\n<meta property=\"og:image\" content=\"https:\/\/noticiasemdestaque.com\/cd\/wp-content\/uploads\/2026\/03\/fe945655-d831-45c0-add0-e71e8ad81cba.jpg\" \/>\n\t<meta property=\"og:image:width\" content=\"1080\" \/>\n\t<meta property=\"og:image:height\" content=\"1440\" \/>\n\t<meta property=\"og:image:type\" content=\"image\/jpeg\" \/>\n<meta name=\"author\" content=\"Not\u00edcias em Destaque\" \/>\n<meta name=\"twitter:card\" content=\"summary_large_image\" \/>\n<meta name=\"twitter:label1\" content=\"Escrito por\" \/>\n\t<meta name=\"twitter:data1\" content=\"Not\u00edcias em Destaque\" \/>\n\t<meta name=\"twitter:label2\" content=\"Est. tempo de leitura\" \/>\n\t<meta name=\"twitter:data2\" content=\"2 minutos\" \/>\n<script type=\"application\/ld+json\" class=\"yoast-schema-graph\">{\"@context\":\"https:\/\/schema.org\",\"@graph\":[{\"@type\":\"Article\",\"@id\":\"https:\/\/noticiasemdestaque.com\/cd\/?p=77090#article\",\"isPartOf\":{\"@id\":\"https:\/\/noticiasemdestaque.com\/cd\/?p=77090\"},\"author\":{\"name\":\"Not\u00edcias em Destaque\",\"@id\":\"https:\/\/noticiasemdestaque.com\/cd\/#\/schema\/person\/967a459378479d4fa07976fedd8a7b5e\"},\"headline\":\"Prefeitura de Serra Branca anuncia Jonas Esticado como segunda atra\u00e7\u00e3o da festa de 67 anos de emancipa\u00e7\u00e3o pol\u00edtica\",\"datePublished\":\"2026-03-14T14:50:03+00:00\",\"dateModified\":\"2026-03-14T14:55:22+00:00\",\"mainEntityOfPage\":{\"@id\":\"https:\/\/noticiasemdestaque.com\/cd\/?p=77090\"},\"wordCount\":282,\"publisher\":{\"@id\":\"https:\/\/noticiasemdestaque.com\/cd\/#organization\"},\"image\":{\"@id\":\"https:\/\/noticiasemdestaque.com\/cd\/?p=77090#primaryimage\"},\"thumbnailUrl\":\"https:\/\/noticiasemdestaque.com\/cd\/wp-content\/uploads\/2026\/03\/fe945655-d831-45c0-add0-e71e8ad81cba.jpg\",\"articleSection\":[\"Cidades\"],\"inLanguage\":\"pt-BR\"},{\"@type\":\"WebPage\",\"@id\":\"https:\/\/noticiasemdestaque.com\/cd\/?p=77090\",\"url\":\"https:\/\/noticiasemdestaque.com\/cd\/?p=77090\",\"name\":\"Prefeitura de Serra Branca anuncia Jonas Esticado como segunda atra\u00e7\u00e3o da festa de 67 anos de emancipa\u00e7\u00e3o pol\u00edtica - Not&iacute;cias em Destaque\",\"isPartOf\":{\"@id\":\"https:\/\/noticiasemdestaque.com\/cd\/#website\"},\"primaryImageOfPage\":{\"@id\":\"https:\/\/noticiasemdestaque.com\/cd\/?p=77090#primaryimage\"},\"image\":{\"@id\":\"https:\/\/noticiasemdestaque.com\/cd\/?p=77090#primaryimage\"},\"thumbnailUrl\":\"https:\/\/noticiasemdestaque.com\/cd\/wp-content\/uploads\/2026\/03\/fe945655-d831-45c0-add0-e71e8ad81cba.jpg\",\"datePublished\":\"2026-03-14T14:50:03+00:00\",\"dateModified\":\"2026-03-14T14:55:22+00:00\",\"breadcrumb\":{\"@id\":\"https:\/\/noticiasemdestaque.com\/cd\/?p=77090#breadcrumb\"},\"inLanguage\":\"pt-BR\",\"potentialAction\":[{\"@type\":\"ReadAction\",\"target\":[\"https:\/\/noticiasemdestaque.com\/cd\/?p=77090\"]}]},{\"@type\":\"ImageObject\",\"inLanguage\":\"pt-BR\",\"@id\":\"https:\/\/noticiasemdestaque.com\/cd\/?p=77090#primaryimage\",\"url\":\"https:\/\/noticiasemdestaque.com\/cd\/wp-content\/uploads\/2026\/03\/fe945655-d831-45c0-add0-e71e8ad81cba.jpg\",\"contentUrl\":\"https:\/\/noticiasemdestaque.com\/cd\/wp-content\/uploads\/2026\/03\/fe945655-d831-45c0-add0-e71e8ad81cba.jpg\",\"width\":1080,\"height\":1440},{\"@type\":\"BreadcrumbList\",\"@id\":\"https:\/\/noticiasemdestaque.com\/cd\/?p=77090#breadcrumb\",\"itemListElement\":[{\"@type\":\"ListItem\",\"position\":1,\"name\":\"In\u00edcio\",\"item\":\"https:\/\/noticiasemdestaque.com\/cd\/\"},{\"@type\":\"ListItem\",\"position\":2,\"name\":\"Prefeitura de Serra Branca anuncia Jonas Esticado como segunda atra\u00e7\u00e3o da festa de 67 anos de emancipa\u00e7\u00e3o pol\u00edtica\"}]},{\"@type\":\"WebSite\",\"@id\":\"https:\/\/noticiasemdestaque.com\/cd\/#website\",\"url\":\"https:\/\/noticiasemdestaque.com\/cd\/\",\"name\":\"Not&iacute;cias em Destaque\",\"description\":\"\",\"publisher\":{\"@id\":\"https:\/\/noticiasemdestaque.com\/cd\/#organization\"},\"potentialAction\":[{\"@type\":\"SearchAction\",\"target\":{\"@type\":\"EntryPoint\",\"urlTemplate\":\"https:\/\/noticiasemdestaque.com\/cd\/?s={search_term_string}\"},\"query-input\":{\"@type\":\"PropertyValueSpecification\",\"valueRequired\":true,\"valueName\":\"search_term_string\"}}],\"inLanguage\":\"pt-BR\"},{\"@type\":\"Organization\",\"@id\":\"https:\/\/noticiasemdestaque.com\/cd\/#organization\",\"name\":\"Not\u00edcias em Destaque\",\"url\":\"https:\/\/noticiasemdestaque.com\/cd\/\",\"logo\":{\"@type\":\"ImageObject\",\"inLanguage\":\"pt-BR\",\"@id\":\"https:\/\/noticiasemdestaque.com\/cd\/#\/schema\/logo\/image\/\",\"url\":\"https:\/\/noticiasemdestaque.com\/cd\/wp-content\/uploads\/2022\/05\/imagem-base-noticiasemdestaque.png\",\"contentUrl\":\"https:\/\/noticiasemdestaque.com\/cd\/wp-content\/uploads\/2022\/05\/imagem-base-noticiasemdestaque.png\",\"width\":1200,\"height\":630,\"caption\":\"Not\u00edcias em Destaque\"},\"image\":{\"@id\":\"https:\/\/noticiasemdestaque.com\/cd\/#\/schema\/logo\/image\/\"}},{\"@type\":\"Person\",\"@id\":\"https:\/\/noticiasemdestaque.com\/cd\/#\/schema\/person\/967a459378479d4fa07976fedd8a7b5e\",\"name\":\"Not\u00edcias em Destaque\",\"url\":\"https:\/\/noticiasemdestaque.com\/cd\/?author=2\"}]}<\/script>\n<!-- \/ Yoast SEO plugin. -->","yoast_head_json":{"title":"Prefeitura de Serra Branca anuncia Jonas Esticado como segunda atra\u00e7\u00e3o da festa de 67 anos de emancipa\u00e7\u00e3o pol\u00edtica - Not&iacute;cias em Destaque","robots":{"index":"index","follow":"follow","max-snippet":"max-snippet:-1","max-image-preview":"max-image-preview:large","max-video-preview":"max-video-preview:-1"},"canonical":"https:\/\/noticiasemdestaque.com\/cd\/?p=77090","og_locale":"pt_BR","og_type":"article","og_title":"Prefeitura de Serra Branca anuncia Jonas Esticado como segunda atra\u00e7\u00e3o da festa de 67 anos de emancipa\u00e7\u00e3o pol\u00edtica - Not&iacute;cias em Destaque","og_description":"A Prefeitura de Serra Branca anunciou oficialmente a segunda atra\u00e7\u00e3o da programa\u00e7\u00e3o cultural em comemora\u00e7\u00e3o aos 67 anos de emancipa\u00e7\u00e3o pol\u00edtica do munic\u00edpio. O cantor Jonas Esticado, um dos grandes nomes do forr\u00f3 contempor\u00e2neo no Brasil, est\u00e1 confirmado e ser\u00e1 respons\u00e1vel por abrir a s\u00e9rie de shows que ir\u00e3o marcar a tradicional festa da cidade. Conhecido nacionalmente por seus sucessos e por apresenta\u00e7\u00f5es que re\u00fanem multid\u00f5es, Jonas Esticado promete levar ao p\u00fablico de Serra Branca um show repleto de energia, romantismo e muito forr\u00f3, com um repert\u00f3rio que re\u00fane m\u00fasicas consagradas e hits que est\u00e3o entre os mais tocados do pa\u00eds. O prefeito de Serra Branca, Alexandre Pereira, destacou a alegria em poder confirmar o artista como parte da programa\u00e7\u00e3o comemorativa do munic\u00edpio: \u201c\u00c9 uma alegria muito grande poder anunciar Jonas Esticado como a primeira atra\u00e7\u00e3o da festa de 67 anos de Serra Branca. Temos certeza de que ser\u00e1 um grande show e um momento especial para o nosso povo\u201d, afirmou o prefeito. A gest\u00e3o municipal refor\u00e7a que a festa de emancipa\u00e7\u00e3o pol\u00edtica \u00e9 um dos eventos mais aguardados do calend\u00e1rio cultural da cidade, reunindo moradores e visitantes de toda a regi\u00e3o do Cariri paraibano. A programa\u00e7\u00e3o completa da festa dever\u00e1 ser divulgada nos pr\u00f3ximos dias pela Prefeitura de Serra Branca, que promete uma grande celebra\u00e7\u00e3o para marcar os 67 anos de hist\u00f3ria, desenvolvimento e conquistas do munic\u00edpio. Noticias em Destaque Fonte: SECOM\/PMSB","og_url":"https:\/\/noticiasemdestaque.com\/cd\/?p=77090","og_site_name":"Not&iacute;cias em Destaque","article_published_time":"2026-03-14T14:50:03+00:00","article_modified_time":"2026-03-14T14:55:22+00:00","og_image":[{"width":1080,"height":1440,"url":"https:\/\/noticiasemdestaque.com\/cd\/wp-content\/uploads\/2026\/03\/fe945655-d831-45c0-add0-e71e8ad81cba.jpg","type":"image\/jpeg"}],"author":"Not\u00edcias em Destaque","twitter_card":"summary_large_image","twitter_misc":{"Escrito por":"Not\u00edcias em Destaque","Est. tempo de leitura":"2 minutos"},"schema":{"@context":"https:\/\/schema.org","@graph":[{"@type":"Article","@id":"https:\/\/noticiasemdestaque.com\/cd\/?p=77090#article","isPartOf":{"@id":"https:\/\/noticiasemdestaque.com\/cd\/?p=77090"},"author":{"name":"Not\u00edcias em Destaque","@id":"https:\/\/noticiasemdestaque.com\/cd\/#\/schema\/person\/967a459378479d4fa07976fedd8a7b5e"},"headline":"Prefeitura de Serra Branca anuncia Jonas Esticado como segunda atra\u00e7\u00e3o da festa de 67 anos de emancipa\u00e7\u00e3o pol\u00edtica","datePublished":"2026-03-14T14:50:03+00:00","dateModified":"2026-03-14T14:55:22+00:00","mainEntityOfPage":{"@id":"https:\/\/noticiasemdestaque.com\/cd\/?p=77090"},"wordCount":282,"publisher":{"@id":"https:\/\/noticiasemdestaque.com\/cd\/#organization"},"image":{"@id":"https:\/\/noticiasemdestaque.com\/cd\/?p=77090#primaryimage"},"thumbnailUrl":"https:\/\/noticiasemdestaque.com\/cd\/wp-content\/uploads\/2026\/03\/fe945655-d831-45c0-add0-e71e8ad81cba.jpg","articleSection":["Cidades"],"inLanguage":"pt-BR"},{"@type":"WebPage","@id":"https:\/\/noticiasemdestaque.com\/cd\/?p=77090","url":"https:\/\/noticiasemdestaque.com\/cd\/?p=77090","name":"Prefeitura de Serra Branca anuncia Jonas Esticado como segunda atra\u00e7\u00e3o da festa de 67 anos de emancipa\u00e7\u00e3o pol\u00edtica - Not&iacute;cias em Destaque","isPartOf":{"@id":"https:\/\/noticiasemdestaque.com\/cd\/#website"},"primaryImageOfPage":{"@id":"https:\/\/noticiasemdestaque.com\/cd\/?p=77090#primaryimage"},"image":{"@id":"https:\/\/noticiasemdestaque.com\/cd\/?p=77090#primaryimage"},"thumbnailUrl":"https:\/\/noticiasemdestaque.com\/cd\/wp-content\/uploads\/2026\/03\/fe945655-d831-45c0-add0-e71e8ad81cba.jpg","datePublished":"2026-03-14T14:50:03+00:00","dateModified":"2026-03-14T14:55:22+00:00","breadcrumb":{"@id":"https:\/\/noticiasemdestaque.com\/cd\/?p=77090#breadcrumb"},"inLanguage":"pt-BR","potentialAction":[{"@type":"ReadAction","target":["https:\/\/noticiasemdestaque.com\/cd\/?p=77090"]}]},{"@type":"ImageObject","inLanguage":"pt-BR","@id":"https:\/\/noticiasemdestaque.com\/cd\/?p=77090#primaryimage","url":"https:\/\/noticiasemdestaque.com\/cd\/wp-content\/uploads\/2026\/03\/fe945655-d831-45c0-add0-e71e8ad81cba.jpg","contentUrl":"https:\/\/noticiasemdestaque.com\/cd\/wp-content\/uploads\/2026\/03\/fe945655-d831-45c0-add0-e71e8ad81cba.jpg","width":1080,"height":1440},{"@type":"BreadcrumbList","@id":"https:\/\/noticiasemdestaque.com\/cd\/?p=77090#breadcrumb","itemListElement":[{"@type":"ListItem","position":1,"name":"In\u00edcio","item":"https:\/\/noticiasemdestaque.com\/cd\/"},{"@type":"ListItem","position":2,"name":"Prefeitura de Serra Branca anuncia Jonas Esticado como segunda atra\u00e7\u00e3o da festa de 67 anos de emancipa\u00e7\u00e3o pol\u00edtica"}]},{"@type":"WebSite","@id":"https:\/\/noticiasemdestaque.com\/cd\/#website","url":"https:\/\/noticiasemdestaque.com\/cd\/","name":"Not&iacute;cias em Destaque","description":"","publisher":{"@id":"https:\/\/noticiasemdestaque.com\/cd\/#organization"},"potentialAction":[{"@type":"SearchAction","target":{"@type":"EntryPoint","urlTemplate":"https:\/\/noticiasemdestaque.com\/cd\/?s={search_term_string}"},"query-input":{"@type":"PropertyValueSpecification","valueRequired":true,"valueName":"search_term_string"}}],"inLanguage":"pt-BR"},{"@type":"Organization","@id":"https:\/\/noticiasemdestaque.com\/cd\/#organization","name":"Not\u00edcias em Destaque","url":"https:\/\/noticiasemdestaque.com\/cd\/","logo":{"@type":"ImageObject","inLanguage":"pt-BR","@id":"https:\/\/noticiasemdestaque.com\/cd\/#\/schema\/logo\/image\/","url":"https:\/\/noticiasemdestaque.com\/cd\/wp-content\/uploads\/2022\/05\/imagem-base-noticiasemdestaque.png","contentUrl":"https:\/\/noticiasemdestaque.com\/cd\/wp-content\/uploads\/2022\/05\/imagem-base-noticiasemdestaque.png","width":1200,"height":630,"caption":"Not\u00edcias em Destaque"},"image":{"@id":"https:\/\/noticiasemdestaque.com\/cd\/#\/schema\/logo\/image\/"}},{"@type":"Person","@id":"https:\/\/noticiasemdestaque.com\/cd\/#\/schema\/person\/967a459378479d4fa07976fedd8a7b5e","name":"Not\u00edcias em Destaque","url":"https:\/\/noticiasemdestaque.com\/cd\/?author=2"}]}},"jetpack_featured_media_url":"https:\/\/noticiasemdestaque.com\/cd\/wp-content\/uploads\/2026\/03\/fe945655-d831-45c0-add0-e71e8ad81cba.jpg","jetpack_sharing_enabled":true,"_links":{"self":[{"href":"https:\/\/noticiasemdestaque.com\/cd\/index.php?rest_route=\/wp\/v2\/posts\/77090","targetHints":{"allow":["GET"]}}],"collection":[{"href":"https:\/\/noticiasemdestaque.com\/cd\/index.php?rest_route=\/wp\/v2\/posts"}],"about":[{"href":"https:\/\/noticiasemdestaque.com\/cd\/index.php?rest_route=\/wp\/v2\/types\/post"}],"author":[{"embeddable":true,"href":"https:\/\/noticiasemdestaque.com\/cd\/index.php?rest_route=\/wp\/v2\/users\/2"}],"replies":[{"embeddable":true,"href":"https:\/\/noticiasemdestaque.com\/cd\/index.php?rest_route=%2Fwp%2Fv2%2Fcomments&post=77090"}],"version-history":[{"count":3,"href":"https:\/\/noticiasemdestaque.com\/cd\/index.php?rest_route=\/wp\/v2\/posts\/77090\/revisions"}],"predecessor-version":[{"id":77094,"href":"https:\/\/noticiasemdestaque.com\/cd\/index.php?rest_route=\/wp\/v2\/posts\/77090\/revisions\/77094"}],"wp:featuredmedia":[{"embeddable":true,"href":"https:\/\/noticiasemdestaque.com\/cd\/index.php?rest_route=\/wp\/v2\/media\/77091"}],"wp:attachment":[{"href":"https:\/\/noticiasemdestaque.com\/cd\/index.php?rest_route=%2Fwp%2Fv2%2Fmedia&parent=77090"}],"wp:term":[{"taxonomy":"category","embeddable":true,"href":"https:\/\/noticiasemdestaque.com\/cd\/index.php?rest_route=%2Fwp%2Fv2%2Fcategories&post=77090"},{"taxonomy":"post_tag","embeddable":true,"href":"https:\/\/noticiasemdestaque.com\/cd\/index.php?rest_route=%2Fwp%2Fv2%2Ftags&post=77090"}],"curies":[{"name":"wp","href":"https:\/\/api.w.org\/{rel}","templated":true}]}}