{"id":77087,"date":"2026-03-14T09:57:27","date_gmt":"2026-03-14T12:57:27","guid":{"rendered":"https:\/\/noticiasemdestaque.com\/cd\/?p=77087"},"modified":"2026-03-14T09:57:27","modified_gmt":"2026-03-14T12:57:27","slug":"municipio-de-sume-e-contemplado-com-selo-social-prefeitura-parceira-das-mulheres","status":"publish","type":"post","link":"https:\/\/noticiasemdestaque.com\/cd\/?p=77087","title":{"rendered":"Munic\u00edpio de Sum\u00e9 \u00e9 contemplado com Selo Social \u201cPrefeitura Parceira das Mulheres\u201d"},"content":{"rendered":"<p><a href=\"https:\/\/noticiasemdestaque.com\/cd\/wp-content\/uploads\/2026\/03\/10172714_755551444462486_1059789333_n-735x450-1.jpg\"><img fetchpriority=\"high\" decoding=\"async\" class=\" wp-image-77088 aligncenter\" src=\"https:\/\/noticiasemdestaque.com\/cd\/wp-content\/uploads\/2026\/03\/10172714_755551444462486_1059789333_n-735x450-1-300x184.jpg\" alt=\"\" width=\"902\" height=\"553\" srcset=\"https:\/\/noticiasemdestaque.com\/cd\/wp-content\/uploads\/2026\/03\/10172714_755551444462486_1059789333_n-735x450-1-300x184.jpg 300w, https:\/\/noticiasemdestaque.com\/cd\/wp-content\/uploads\/2026\/03\/10172714_755551444462486_1059789333_n-735x450-1.jpg 735w\" sizes=\"(max-width: 902px) 100vw, 902px\" \/><\/a><\/p>\n<p>O munic\u00edpio de Sum\u00e9 foi contemplado nesta sexta-feira (13) com o Selo Social \u201cPrefeitura Parceira das Mulheres\u201d, uma iniciativa do Governo da Para\u00edba, por meio da Secretaria de Estado das Mulheres e da Diversidade Humana (Semdh), da Secretaria de Estado da Articula\u00e7\u00e3o Municipal (Sedam) e da Federa\u00e7\u00e3o das Associa\u00e7\u00f5es dos Munic\u00edpios da Para\u00edba (Famup). A rela\u00e7\u00e3o dos munic\u00edpios que ser\u00e3o selados, foi publicada nesta sexta-feira, no Di\u00e1rio Oficial do Estado.<\/p>\n<p>A tem\u00e1tica desta edi\u00e7\u00e3o foi \u201cAno da Inclus\u00e3o e Acessibilidade\u201d. A avalia\u00e7\u00e3o dos munic\u00edpios foi feita sobre as a\u00e7\u00f5es que desenvolveram de 2025 at\u00e9 o in\u00edcio de 2026.<\/p>\n<p>Foram cinco Eixos, cada Eixo continha letras que versavam sobre a\u00e7\u00f5es ou cria\u00e7\u00e3o de projetos dentro da tem\u00e1tica. A ideia central era provocar os munic\u00edpios a alargarem as a\u00e7\u00f5es voltadas para os mais diversos perfis de Mulheres.<\/p>\n<p>A secret\u00e1ria da Assist\u00eancia Social, Elidiene Batista, comemorou a premia\u00e7\u00e3o e destacou a import\u00e2ncia da iniciativa para os munic\u00edpios. \u201cO Selo estimula a cria\u00e7\u00e3o e o fortalecimento de pol\u00edticas p\u00fablicas estruturantes, como a\u00e7\u00f5es de enfrentamento \u00e0 viol\u00eancia contra as Mulheres, promo\u00e7\u00e3o da autonomia econ\u00f4mica, amplia\u00e7\u00e3o do acesso a servi\u00e7os p\u00fablicos, al\u00e9m de atividades voltadas \u00e0 inclus\u00e3o de mulheres com defici\u00eancia, Mulheres do campo e de grupos historicamente invisibilizados\u201d, destacou.<\/p>\n<p>O Selo contribui para consolidar uma cultura institucional comprometida com a equidade de g\u00eanero, a justi\u00e7a social e o desenvolvimento inclusivo nos munic\u00edpios.\u00a0 \u00c9 uma valoriza\u00e7\u00e3o das boas pr\u00e1ticas na gest\u00e3o p\u00fablica, relacionada \u00e0s Mulheres.<\/p>\n<p>A premia\u00e7\u00e3o ser\u00e1 entregue no pr\u00f3ximo dia 24, em Jo\u00e3o Pessoa.<\/p>\n<p><strong>Noticias em Destaque<\/strong><\/p>\n<p style=\"text-align: right;\"><em>Fonte: Ascom PMS<\/em><\/p>\n<p style=\"text-align: right;\">13\/03\/2026<\/p>\n","protected":false},"excerpt":{"rendered":"<p>O munic\u00edpio de Sum\u00e9 foi contemplado nesta sexta-feira (13) com o Selo Social \u201cPrefeitura Parceira das Mulheres\u201d, uma iniciativa do Governo da Para\u00edba, por meio da Secretaria de Estado das Mulheres e da Diversidade Humana (Semdh), da Secretaria de Estado da Articula\u00e7\u00e3o Municipal (Sedam) e da Federa\u00e7\u00e3o das Associa\u00e7\u00f5es dos Munic\u00edpios da Para\u00edba (Famup). A rela\u00e7\u00e3o dos munic\u00edpios que ser\u00e3o selados, foi publicada nesta sexta-feira, no Di\u00e1rio Oficial do Estado. A tem\u00e1tica desta edi\u00e7\u00e3o foi \u201cAno da Inclus\u00e3o e Acessibilidade\u201d. A avalia\u00e7\u00e3o dos munic\u00edpios foi feita sobre as a\u00e7\u00f5es que desenvolveram de 2025 at\u00e9 o in\u00edcio de 2026. Foram cinco Eixos, cada Eixo continha letras que versavam sobre a\u00e7\u00f5es ou cria\u00e7\u00e3o de projetos dentro da tem\u00e1tica. A ideia central era provocar os munic\u00edpios a alargarem as a\u00e7\u00f5es voltadas para os mais diversos perfis de Mulheres. A secret\u00e1ria da Assist\u00eancia Social, Elidiene Batista, comemorou a premia\u00e7\u00e3o e destacou a import\u00e2ncia da iniciativa para os munic\u00edpios. \u201cO Selo estimula a cria\u00e7\u00e3o e o fortalecimento de pol\u00edticas p\u00fablicas estruturantes, como a\u00e7\u00f5es de enfrentamento \u00e0 viol\u00eancia contra as Mulheres, promo\u00e7\u00e3o da autonomia econ\u00f4mica, amplia\u00e7\u00e3o do acesso a servi\u00e7os p\u00fablicos, al\u00e9m de atividades voltadas \u00e0 inclus\u00e3o de mulheres com defici\u00eancia, Mulheres do campo e de grupos historicamente invisibilizados\u201d, destacou. O Selo contribui para consolidar uma cultura institucional comprometida com a equidade de g\u00eanero, a justi\u00e7a social e o desenvolvimento inclusivo nos munic\u00edpios.\u00a0 \u00c9 uma valoriza\u00e7\u00e3o das boas pr\u00e1ticas na gest\u00e3o p\u00fablica, relacionada \u00e0s Mulheres. A premia\u00e7\u00e3o ser\u00e1 entregue no pr\u00f3ximo dia 24, em Jo\u00e3o Pessoa. Noticias em Destaque Fonte: Ascom PMS 13\/03\/2026<\/p>\n","protected":false},"author":2,"featured_media":77088,"comment_status":"closed","ping_status":"closed","sticky":false,"template":"","format":"standard","meta":{"_eb_attr":"","_jetpack_memberships_contains_paid_content":false,"footnotes":""},"categories":[3],"tags":[],"class_list":["post-77087","post","type-post","status-publish","format-standard","has-post-thumbnail","hentry","category-cidades"],"yoast_head":"<!-- This site is optimized with the Yoast SEO plugin v26.5 - https:\/\/yoast.com\/wordpress\/plugins\/seo\/ -->\n<title>Munic\u00edpio de Sum\u00e9 \u00e9 contemplado com Selo Social \u201cPrefeitura Parceira das Mulheres\u201d - Not&iacute;cias em Destaque<\/title>\n<meta name=\"robots\" content=\"index, follow, max-snippet:-1, max-image-preview:large, max-video-preview:-1\" \/>\n<link rel=\"canonical\" href=\"https:\/\/noticiasemdestaque.com\/cd\/?p=77087\" \/>\n<meta property=\"og:locale\" content=\"pt_BR\" \/>\n<meta property=\"og:type\" content=\"article\" \/>\n<meta property=\"og:title\" content=\"Munic\u00edpio de Sum\u00e9 \u00e9 contemplado com Selo Social \u201cPrefeitura Parceira das Mulheres\u201d - Not&iacute;cias em Destaque\" \/>\n<meta property=\"og:description\" content=\"O munic\u00edpio de Sum\u00e9 foi contemplado nesta sexta-feira (13) com o Selo Social \u201cPrefeitura Parceira das Mulheres\u201d, uma iniciativa do Governo da Para\u00edba, por meio da Secretaria de Estado das Mulheres e da Diversidade Humana (Semdh), da Secretaria de Estado da Articula\u00e7\u00e3o Municipal (Sedam) e da Federa\u00e7\u00e3o das Associa\u00e7\u00f5es dos Munic\u00edpios da Para\u00edba (Famup). A rela\u00e7\u00e3o dos munic\u00edpios que ser\u00e3o selados, foi publicada nesta sexta-feira, no Di\u00e1rio Oficial do Estado. A tem\u00e1tica desta edi\u00e7\u00e3o foi \u201cAno da Inclus\u00e3o e Acessibilidade\u201d. A avalia\u00e7\u00e3o dos munic\u00edpios foi feita sobre as a\u00e7\u00f5es que desenvolveram de 2025 at\u00e9 o in\u00edcio de 2026. Foram cinco Eixos, cada Eixo continha letras que versavam sobre a\u00e7\u00f5es ou cria\u00e7\u00e3o de projetos dentro da tem\u00e1tica. A ideia central era provocar os munic\u00edpios a alargarem as a\u00e7\u00f5es voltadas para os mais diversos perfis de Mulheres. A secret\u00e1ria da Assist\u00eancia Social, Elidiene Batista, comemorou a premia\u00e7\u00e3o e destacou a import\u00e2ncia da iniciativa para os munic\u00edpios. \u201cO Selo estimula a cria\u00e7\u00e3o e o fortalecimento de pol\u00edticas p\u00fablicas estruturantes, como a\u00e7\u00f5es de enfrentamento \u00e0 viol\u00eancia contra as Mulheres, promo\u00e7\u00e3o da autonomia econ\u00f4mica, amplia\u00e7\u00e3o do acesso a servi\u00e7os p\u00fablicos, al\u00e9m de atividades voltadas \u00e0 inclus\u00e3o de mulheres com defici\u00eancia, Mulheres do campo e de grupos historicamente invisibilizados\u201d, destacou. O Selo contribui para consolidar uma cultura institucional comprometida com a equidade de g\u00eanero, a justi\u00e7a social e o desenvolvimento inclusivo nos munic\u00edpios.\u00a0 \u00c9 uma valoriza\u00e7\u00e3o das boas pr\u00e1ticas na gest\u00e3o p\u00fablica, relacionada \u00e0s Mulheres. A premia\u00e7\u00e3o ser\u00e1 entregue no pr\u00f3ximo dia 24, em Jo\u00e3o Pessoa. Noticias em Destaque Fonte: Ascom PMS 13\/03\/2026\" \/>\n<meta property=\"og:url\" content=\"https:\/\/noticiasemdestaque.com\/cd\/?p=77087\" \/>\n<meta property=\"og:site_name\" content=\"Not&iacute;cias em Destaque\" \/>\n<meta property=\"article:published_time\" content=\"2026-03-14T12:57:27+00:00\" \/>\n<meta property=\"og:image\" content=\"https:\/\/noticiasemdestaque.com\/cd\/wp-content\/uploads\/2026\/03\/10172714_755551444462486_1059789333_n-735x450-1.jpg\" \/>\n\t<meta property=\"og:image:width\" content=\"735\" \/>\n\t<meta property=\"og:image:height\" content=\"450\" \/>\n\t<meta property=\"og:image:type\" content=\"image\/jpeg\" \/>\n<meta name=\"author\" content=\"Not\u00edcias em Destaque\" \/>\n<meta name=\"twitter:card\" content=\"summary_large_image\" \/>\n<meta name=\"twitter:label1\" content=\"Escrito por\" \/>\n\t<meta name=\"twitter:data1\" content=\"Not\u00edcias em Destaque\" \/>\n\t<meta name=\"twitter:label2\" content=\"Est. tempo de leitura\" \/>\n\t<meta name=\"twitter:data2\" content=\"2 minutos\" \/>\n<script type=\"application\/ld+json\" class=\"yoast-schema-graph\">{\"@context\":\"https:\/\/schema.org\",\"@graph\":[{\"@type\":\"Article\",\"@id\":\"https:\/\/noticiasemdestaque.com\/cd\/?p=77087#article\",\"isPartOf\":{\"@id\":\"https:\/\/noticiasemdestaque.com\/cd\/?p=77087\"},\"author\":{\"name\":\"Not\u00edcias em Destaque\",\"@id\":\"https:\/\/noticiasemdestaque.com\/cd\/#\/schema\/person\/967a459378479d4fa07976fedd8a7b5e\"},\"headline\":\"Munic\u00edpio de Sum\u00e9 \u00e9 contemplado com Selo Social \u201cPrefeitura Parceira das Mulheres\u201d\",\"datePublished\":\"2026-03-14T12:57:27+00:00\",\"mainEntityOfPage\":{\"@id\":\"https:\/\/noticiasemdestaque.com\/cd\/?p=77087\"},\"wordCount\":312,\"publisher\":{\"@id\":\"https:\/\/noticiasemdestaque.com\/cd\/#organization\"},\"image\":{\"@id\":\"https:\/\/noticiasemdestaque.com\/cd\/?p=77087#primaryimage\"},\"thumbnailUrl\":\"https:\/\/noticiasemdestaque.com\/cd\/wp-content\/uploads\/2026\/03\/10172714_755551444462486_1059789333_n-735x450-1.jpg\",\"articleSection\":[\"Cidades\"],\"inLanguage\":\"pt-BR\"},{\"@type\":\"WebPage\",\"@id\":\"https:\/\/noticiasemdestaque.com\/cd\/?p=77087\",\"url\":\"https:\/\/noticiasemdestaque.com\/cd\/?p=77087\",\"name\":\"Munic\u00edpio de Sum\u00e9 \u00e9 contemplado com Selo Social \u201cPrefeitura Parceira das Mulheres\u201d - Not&iacute;cias em Destaque\",\"isPartOf\":{\"@id\":\"https:\/\/noticiasemdestaque.com\/cd\/#website\"},\"primaryImageOfPage\":{\"@id\":\"https:\/\/noticiasemdestaque.com\/cd\/?p=77087#primaryimage\"},\"image\":{\"@id\":\"https:\/\/noticiasemdestaque.com\/cd\/?p=77087#primaryimage\"},\"thumbnailUrl\":\"https:\/\/noticiasemdestaque.com\/cd\/wp-content\/uploads\/2026\/03\/10172714_755551444462486_1059789333_n-735x450-1.jpg\",\"datePublished\":\"2026-03-14T12:57:27+00:00\",\"breadcrumb\":{\"@id\":\"https:\/\/noticiasemdestaque.com\/cd\/?p=77087#breadcrumb\"},\"inLanguage\":\"pt-BR\",\"potentialAction\":[{\"@type\":\"ReadAction\",\"target\":[\"https:\/\/noticiasemdestaque.com\/cd\/?p=77087\"]}]},{\"@type\":\"ImageObject\",\"inLanguage\":\"pt-BR\",\"@id\":\"https:\/\/noticiasemdestaque.com\/cd\/?p=77087#primaryimage\",\"url\":\"https:\/\/noticiasemdestaque.com\/cd\/wp-content\/uploads\/2026\/03\/10172714_755551444462486_1059789333_n-735x450-1.jpg\",\"contentUrl\":\"https:\/\/noticiasemdestaque.com\/cd\/wp-content\/uploads\/2026\/03\/10172714_755551444462486_1059789333_n-735x450-1.jpg\",\"width\":735,\"height\":450},{\"@type\":\"BreadcrumbList\",\"@id\":\"https:\/\/noticiasemdestaque.com\/cd\/?p=77087#breadcrumb\",\"itemListElement\":[{\"@type\":\"ListItem\",\"position\":1,\"name\":\"In\u00edcio\",\"item\":\"https:\/\/noticiasemdestaque.com\/cd\/\"},{\"@type\":\"ListItem\",\"position\":2,\"name\":\"Munic\u00edpio de Sum\u00e9 \u00e9 contemplado com Selo Social \u201cPrefeitura Parceira das Mulheres\u201d\"}]},{\"@type\":\"WebSite\",\"@id\":\"https:\/\/noticiasemdestaque.com\/cd\/#website\",\"url\":\"https:\/\/noticiasemdestaque.com\/cd\/\",\"name\":\"Not&iacute;cias em Destaque\",\"description\":\"\",\"publisher\":{\"@id\":\"https:\/\/noticiasemdestaque.com\/cd\/#organization\"},\"potentialAction\":[{\"@type\":\"SearchAction\",\"target\":{\"@type\":\"EntryPoint\",\"urlTemplate\":\"https:\/\/noticiasemdestaque.com\/cd\/?s={search_term_string}\"},\"query-input\":{\"@type\":\"PropertyValueSpecification\",\"valueRequired\":true,\"valueName\":\"search_term_string\"}}],\"inLanguage\":\"pt-BR\"},{\"@type\":\"Organization\",\"@id\":\"https:\/\/noticiasemdestaque.com\/cd\/#organization\",\"name\":\"Not\u00edcias em Destaque\",\"url\":\"https:\/\/noticiasemdestaque.com\/cd\/\",\"logo\":{\"@type\":\"ImageObject\",\"inLanguage\":\"pt-BR\",\"@id\":\"https:\/\/noticiasemdestaque.com\/cd\/#\/schema\/logo\/image\/\",\"url\":\"https:\/\/noticiasemdestaque.com\/cd\/wp-content\/uploads\/2022\/05\/imagem-base-noticiasemdestaque.png\",\"contentUrl\":\"https:\/\/noticiasemdestaque.com\/cd\/wp-content\/uploads\/2022\/05\/imagem-base-noticiasemdestaque.png\",\"width\":1200,\"height\":630,\"caption\":\"Not\u00edcias em Destaque\"},\"image\":{\"@id\":\"https:\/\/noticiasemdestaque.com\/cd\/#\/schema\/logo\/image\/\"}},{\"@type\":\"Person\",\"@id\":\"https:\/\/noticiasemdestaque.com\/cd\/#\/schema\/person\/967a459378479d4fa07976fedd8a7b5e\",\"name\":\"Not\u00edcias em Destaque\",\"url\":\"https:\/\/noticiasemdestaque.com\/cd\/?author=2\"}]}<\/script>\n<!-- \/ Yoast SEO plugin. -->","yoast_head_json":{"title":"Munic\u00edpio de Sum\u00e9 \u00e9 contemplado com Selo Social \u201cPrefeitura Parceira das Mulheres\u201d - Not&iacute;cias em Destaque","robots":{"index":"index","follow":"follow","max-snippet":"max-snippet:-1","max-image-preview":"max-image-preview:large","max-video-preview":"max-video-preview:-1"},"canonical":"https:\/\/noticiasemdestaque.com\/cd\/?p=77087","og_locale":"pt_BR","og_type":"article","og_title":"Munic\u00edpio de Sum\u00e9 \u00e9 contemplado com Selo Social \u201cPrefeitura Parceira das Mulheres\u201d - Not&iacute;cias em Destaque","og_description":"O munic\u00edpio de Sum\u00e9 foi contemplado nesta sexta-feira (13) com o Selo Social \u201cPrefeitura Parceira das Mulheres\u201d, uma iniciativa do Governo da Para\u00edba, por meio da Secretaria de Estado das Mulheres e da Diversidade Humana (Semdh), da Secretaria de Estado da Articula\u00e7\u00e3o Municipal (Sedam) e da Federa\u00e7\u00e3o das Associa\u00e7\u00f5es dos Munic\u00edpios da Para\u00edba (Famup). A rela\u00e7\u00e3o dos munic\u00edpios que ser\u00e3o selados, foi publicada nesta sexta-feira, no Di\u00e1rio Oficial do Estado. A tem\u00e1tica desta edi\u00e7\u00e3o foi \u201cAno da Inclus\u00e3o e Acessibilidade\u201d. A avalia\u00e7\u00e3o dos munic\u00edpios foi feita sobre as a\u00e7\u00f5es que desenvolveram de 2025 at\u00e9 o in\u00edcio de 2026. Foram cinco Eixos, cada Eixo continha letras que versavam sobre a\u00e7\u00f5es ou cria\u00e7\u00e3o de projetos dentro da tem\u00e1tica. A ideia central era provocar os munic\u00edpios a alargarem as a\u00e7\u00f5es voltadas para os mais diversos perfis de Mulheres. A secret\u00e1ria da Assist\u00eancia Social, Elidiene Batista, comemorou a premia\u00e7\u00e3o e destacou a import\u00e2ncia da iniciativa para os munic\u00edpios. \u201cO Selo estimula a cria\u00e7\u00e3o e o fortalecimento de pol\u00edticas p\u00fablicas estruturantes, como a\u00e7\u00f5es de enfrentamento \u00e0 viol\u00eancia contra as Mulheres, promo\u00e7\u00e3o da autonomia econ\u00f4mica, amplia\u00e7\u00e3o do acesso a servi\u00e7os p\u00fablicos, al\u00e9m de atividades voltadas \u00e0 inclus\u00e3o de mulheres com defici\u00eancia, Mulheres do campo e de grupos historicamente invisibilizados\u201d, destacou. O Selo contribui para consolidar uma cultura institucional comprometida com a equidade de g\u00eanero, a justi\u00e7a social e o desenvolvimento inclusivo nos munic\u00edpios.\u00a0 \u00c9 uma valoriza\u00e7\u00e3o das boas pr\u00e1ticas na gest\u00e3o p\u00fablica, relacionada \u00e0s Mulheres. A premia\u00e7\u00e3o ser\u00e1 entregue no pr\u00f3ximo dia 24, em Jo\u00e3o Pessoa. Noticias em Destaque Fonte: Ascom PMS 13\/03\/2026","og_url":"https:\/\/noticiasemdestaque.com\/cd\/?p=77087","og_site_name":"Not&iacute;cias em Destaque","article_published_time":"2026-03-14T12:57:27+00:00","og_image":[{"width":735,"height":450,"url":"https:\/\/noticiasemdestaque.com\/cd\/wp-content\/uploads\/2026\/03\/10172714_755551444462486_1059789333_n-735x450-1.jpg","type":"image\/jpeg"}],"author":"Not\u00edcias em Destaque","twitter_card":"summary_large_image","twitter_misc":{"Escrito por":"Not\u00edcias em Destaque","Est. tempo de leitura":"2 minutos"},"schema":{"@context":"https:\/\/schema.org","@graph":[{"@type":"Article","@id":"https:\/\/noticiasemdestaque.com\/cd\/?p=77087#article","isPartOf":{"@id":"https:\/\/noticiasemdestaque.com\/cd\/?p=77087"},"author":{"name":"Not\u00edcias em Destaque","@id":"https:\/\/noticiasemdestaque.com\/cd\/#\/schema\/person\/967a459378479d4fa07976fedd8a7b5e"},"headline":"Munic\u00edpio de Sum\u00e9 \u00e9 contemplado com Selo Social \u201cPrefeitura Parceira das Mulheres\u201d","datePublished":"2026-03-14T12:57:27+00:00","mainEntityOfPage":{"@id":"https:\/\/noticiasemdestaque.com\/cd\/?p=77087"},"wordCount":312,"publisher":{"@id":"https:\/\/noticiasemdestaque.com\/cd\/#organization"},"image":{"@id":"https:\/\/noticiasemdestaque.com\/cd\/?p=77087#primaryimage"},"thumbnailUrl":"https:\/\/noticiasemdestaque.com\/cd\/wp-content\/uploads\/2026\/03\/10172714_755551444462486_1059789333_n-735x450-1.jpg","articleSection":["Cidades"],"inLanguage":"pt-BR"},{"@type":"WebPage","@id":"https:\/\/noticiasemdestaque.com\/cd\/?p=77087","url":"https:\/\/noticiasemdestaque.com\/cd\/?p=77087","name":"Munic\u00edpio de Sum\u00e9 \u00e9 contemplado com Selo Social \u201cPrefeitura Parceira das Mulheres\u201d - Not&iacute;cias em Destaque","isPartOf":{"@id":"https:\/\/noticiasemdestaque.com\/cd\/#website"},"primaryImageOfPage":{"@id":"https:\/\/noticiasemdestaque.com\/cd\/?p=77087#primaryimage"},"image":{"@id":"https:\/\/noticiasemdestaque.com\/cd\/?p=77087#primaryimage"},"thumbnailUrl":"https:\/\/noticiasemdestaque.com\/cd\/wp-content\/uploads\/2026\/03\/10172714_755551444462486_1059789333_n-735x450-1.jpg","datePublished":"2026-03-14T12:57:27+00:00","breadcrumb":{"@id":"https:\/\/noticiasemdestaque.com\/cd\/?p=77087#breadcrumb"},"inLanguage":"pt-BR","potentialAction":[{"@type":"ReadAction","target":["https:\/\/noticiasemdestaque.com\/cd\/?p=77087"]}]},{"@type":"ImageObject","inLanguage":"pt-BR","@id":"https:\/\/noticiasemdestaque.com\/cd\/?p=77087#primaryimage","url":"https:\/\/noticiasemdestaque.com\/cd\/wp-content\/uploads\/2026\/03\/10172714_755551444462486_1059789333_n-735x450-1.jpg","contentUrl":"https:\/\/noticiasemdestaque.com\/cd\/wp-content\/uploads\/2026\/03\/10172714_755551444462486_1059789333_n-735x450-1.jpg","width":735,"height":450},{"@type":"BreadcrumbList","@id":"https:\/\/noticiasemdestaque.com\/cd\/?p=77087#breadcrumb","itemListElement":[{"@type":"ListItem","position":1,"name":"In\u00edcio","item":"https:\/\/noticiasemdestaque.com\/cd\/"},{"@type":"ListItem","position":2,"name":"Munic\u00edpio de Sum\u00e9 \u00e9 contemplado com Selo Social \u201cPrefeitura Parceira das Mulheres\u201d"}]},{"@type":"WebSite","@id":"https:\/\/noticiasemdestaque.com\/cd\/#website","url":"https:\/\/noticiasemdestaque.com\/cd\/","name":"Not&iacute;cias em Destaque","description":"","publisher":{"@id":"https:\/\/noticiasemdestaque.com\/cd\/#organization"},"potentialAction":[{"@type":"SearchAction","target":{"@type":"EntryPoint","urlTemplate":"https:\/\/noticiasemdestaque.com\/cd\/?s={search_term_string}"},"query-input":{"@type":"PropertyValueSpecification","valueRequired":true,"valueName":"search_term_string"}}],"inLanguage":"pt-BR"},{"@type":"Organization","@id":"https:\/\/noticiasemdestaque.com\/cd\/#organization","name":"Not\u00edcias em Destaque","url":"https:\/\/noticiasemdestaque.com\/cd\/","logo":{"@type":"ImageObject","inLanguage":"pt-BR","@id":"https:\/\/noticiasemdestaque.com\/cd\/#\/schema\/logo\/image\/","url":"https:\/\/noticiasemdestaque.com\/cd\/wp-content\/uploads\/2022\/05\/imagem-base-noticiasemdestaque.png","contentUrl":"https:\/\/noticiasemdestaque.com\/cd\/wp-content\/uploads\/2022\/05\/imagem-base-noticiasemdestaque.png","width":1200,"height":630,"caption":"Not\u00edcias em Destaque"},"image":{"@id":"https:\/\/noticiasemdestaque.com\/cd\/#\/schema\/logo\/image\/"}},{"@type":"Person","@id":"https:\/\/noticiasemdestaque.com\/cd\/#\/schema\/person\/967a459378479d4fa07976fedd8a7b5e","name":"Not\u00edcias em Destaque","url":"https:\/\/noticiasemdestaque.com\/cd\/?author=2"}]}},"jetpack_featured_media_url":"https:\/\/noticiasemdestaque.com\/cd\/wp-content\/uploads\/2026\/03\/10172714_755551444462486_1059789333_n-735x450-1.jpg","jetpack_sharing_enabled":true,"_links":{"self":[{"href":"https:\/\/noticiasemdestaque.com\/cd\/index.php?rest_route=\/wp\/v2\/posts\/77087","targetHints":{"allow":["GET"]}}],"collection":[{"href":"https:\/\/noticiasemdestaque.com\/cd\/index.php?rest_route=\/wp\/v2\/posts"}],"about":[{"href":"https:\/\/noticiasemdestaque.com\/cd\/index.php?rest_route=\/wp\/v2\/types\/post"}],"author":[{"embeddable":true,"href":"https:\/\/noticiasemdestaque.com\/cd\/index.php?rest_route=\/wp\/v2\/users\/2"}],"replies":[{"embeddable":true,"href":"https:\/\/noticiasemdestaque.com\/cd\/index.php?rest_route=%2Fwp%2Fv2%2Fcomments&post=77087"}],"version-history":[{"count":1,"href":"https:\/\/noticiasemdestaque.com\/cd\/index.php?rest_route=\/wp\/v2\/posts\/77087\/revisions"}],"predecessor-version":[{"id":77089,"href":"https:\/\/noticiasemdestaque.com\/cd\/index.php?rest_route=\/wp\/v2\/posts\/77087\/revisions\/77089"}],"wp:featuredmedia":[{"embeddable":true,"href":"https:\/\/noticiasemdestaque.com\/cd\/index.php?rest_route=\/wp\/v2\/media\/77088"}],"wp:attachment":[{"href":"https:\/\/noticiasemdestaque.com\/cd\/index.php?rest_route=%2Fwp%2Fv2%2Fmedia&parent=77087"}],"wp:term":[{"taxonomy":"category","embeddable":true,"href":"https:\/\/noticiasemdestaque.com\/cd\/index.php?rest_route=%2Fwp%2Fv2%2Fcategories&post=77087"},{"taxonomy":"post_tag","embeddable":true,"href":"https:\/\/noticiasemdestaque.com\/cd\/index.php?rest_route=%2Fwp%2Fv2%2Ftags&post=77087"}],"curies":[{"name":"wp","href":"https:\/\/api.w.org\/{rel}","templated":true}]}}