{"id":77078,"date":"2026-03-13T21:14:11","date_gmt":"2026-03-14T00:14:11","guid":{"rendered":"https:\/\/noticiasemdestaque.com\/cd\/?p=77078"},"modified":"2026-03-13T21:14:11","modified_gmt":"2026-03-14T00:14:11","slug":"nabor-wanderley-anuncia-primeira-atracao-do-sao-joao-de-patos-2026","status":"publish","type":"post","link":"https:\/\/noticiasemdestaque.com\/cd\/?p=77078","title":{"rendered":"Nabor Wanderley anuncia primeira atra\u00e7\u00e3o do S\u00e3o Jo\u00e3o de Patos 2026"},"content":{"rendered":"<p><a href=\"https:\/\/noticiasemdestaque.com\/cd\/wp-content\/uploads\/2026\/03\/saojoaodepatos.webp\"><img fetchpriority=\"high\" decoding=\"async\" class=\" wp-image-77079 aligncenter\" src=\"https:\/\/noticiasemdestaque.com\/cd\/wp-content\/uploads\/2026\/03\/saojoaodepatos-300x164.webp\" alt=\"\" width=\"679\" height=\"371\" srcset=\"https:\/\/noticiasemdestaque.com\/cd\/wp-content\/uploads\/2026\/03\/saojoaodepatos-300x164.webp 300w, https:\/\/noticiasemdestaque.com\/cd\/wp-content\/uploads\/2026\/03\/saojoaodepatos-768x420.webp 768w, https:\/\/noticiasemdestaque.com\/cd\/wp-content\/uploads\/2026\/03\/saojoaodepatos.webp 984w\" sizes=\"(max-width: 679px) 100vw, 679px\" \/><\/a><\/p>\n<p>O prefeito de Patos, Nabor Wanderley, anunciou nesta sexta-feira (13\/3) a banda Calcinha Preta como a primeira atra\u00e7\u00e3o confirmada do S\u00e3o Jo\u00e3o de Patos 2026. O comunicado foi feito nas redes sociais.<\/p>\n<p>Segundo o gestor, a pr\u00f3xima edi\u00e7\u00e3o do evento dever\u00e1 contar com uma programa\u00e7\u00e3o marcada por apresenta\u00e7\u00f5es de forr\u00f3 e artistas nacionais durante o per\u00edodo junino na cidade.<\/p>\n<blockquote><p>\u201cO S\u00e3o Jo\u00e3o de Patos \u00e9 uma festa que j\u00e1 faz parte da identidade da nossa cidade e da Para\u00edba. Estamos preparando uma edi\u00e7\u00e3o hist\u00f3rica, com muito forr\u00f3 e grandes atra\u00e7\u00f5es para celebrar nossa cultura e receber bem quem vem festejar conosco\u201d, disse Nabor Wanderley.<\/p><\/blockquote>\n<p>O lan\u00e7amento completo da programa\u00e7\u00e3o do S\u00e3o Jo\u00e3o de Patos 2026 acontecer\u00e1 na segunda-feira (16\/3), \u00e0s 10h, no Patos Shopping.<\/p>\n<p><strong>Noticias em Destaque<\/strong><\/p>\n<p style=\"text-align: right;\"><em>Fonte: Blog Maurilio Junior<\/em><\/p>\n","protected":false},"excerpt":{"rendered":"<p>O prefeito de Patos, Nabor Wanderley, anunciou nesta sexta-feira (13\/3) a banda Calcinha Preta como a primeira atra\u00e7\u00e3o confirmada do S\u00e3o Jo\u00e3o de Patos 2026. O comunicado foi feito nas redes sociais. Segundo o gestor, a pr\u00f3xima edi\u00e7\u00e3o do evento dever\u00e1 contar com uma programa\u00e7\u00e3o marcada por apresenta\u00e7\u00f5es de forr\u00f3 e artistas nacionais durante o per\u00edodo junino na cidade. \u201cO S\u00e3o Jo\u00e3o de Patos \u00e9 uma festa que j\u00e1 faz parte da identidade da nossa cidade e da Para\u00edba. Estamos preparando uma edi\u00e7\u00e3o hist\u00f3rica, com muito forr\u00f3 e grandes atra\u00e7\u00f5es para celebrar nossa cultura e receber bem quem vem festejar conosco\u201d, disse Nabor Wanderley. O lan\u00e7amento completo da programa\u00e7\u00e3o do S\u00e3o Jo\u00e3o de Patos 2026 acontecer\u00e1 na segunda-feira (16\/3), \u00e0s 10h, no Patos Shopping. Noticias em Destaque Fonte: Blog Maurilio Junior<\/p>\n","protected":false},"author":2,"featured_media":77079,"comment_status":"closed","ping_status":"closed","sticky":false,"template":"","format":"standard","meta":{"_eb_attr":"","_jetpack_memberships_contains_paid_content":false,"footnotes":""},"categories":[3],"tags":[],"class_list":["post-77078","post","type-post","status-publish","format-standard","has-post-thumbnail","hentry","category-cidades"],"yoast_head":"<!-- This site is optimized with the Yoast SEO plugin v26.5 - https:\/\/yoast.com\/wordpress\/plugins\/seo\/ -->\n<title>Nabor Wanderley anuncia primeira atra\u00e7\u00e3o do S\u00e3o Jo\u00e3o de Patos 2026 - Not&iacute;cias em Destaque<\/title>\n<meta name=\"robots\" content=\"index, follow, max-snippet:-1, max-image-preview:large, max-video-preview:-1\" \/>\n<link rel=\"canonical\" href=\"https:\/\/noticiasemdestaque.com\/cd\/?p=77078\" \/>\n<meta property=\"og:locale\" content=\"pt_BR\" \/>\n<meta property=\"og:type\" content=\"article\" \/>\n<meta property=\"og:title\" content=\"Nabor Wanderley anuncia primeira atra\u00e7\u00e3o do S\u00e3o Jo\u00e3o de Patos 2026 - Not&iacute;cias em Destaque\" \/>\n<meta property=\"og:description\" content=\"O prefeito de Patos, Nabor Wanderley, anunciou nesta sexta-feira (13\/3) a banda Calcinha Preta como a primeira atra\u00e7\u00e3o confirmada do S\u00e3o Jo\u00e3o de Patos 2026. O comunicado foi feito nas redes sociais. Segundo o gestor, a pr\u00f3xima edi\u00e7\u00e3o do evento dever\u00e1 contar com uma programa\u00e7\u00e3o marcada por apresenta\u00e7\u00f5es de forr\u00f3 e artistas nacionais durante o per\u00edodo junino na cidade. \u201cO S\u00e3o Jo\u00e3o de Patos \u00e9 uma festa que j\u00e1 faz parte da identidade da nossa cidade e da Para\u00edba. Estamos preparando uma edi\u00e7\u00e3o hist\u00f3rica, com muito forr\u00f3 e grandes atra\u00e7\u00f5es para celebrar nossa cultura e receber bem quem vem festejar conosco\u201d, disse Nabor Wanderley. O lan\u00e7amento completo da programa\u00e7\u00e3o do S\u00e3o Jo\u00e3o de Patos 2026 acontecer\u00e1 na segunda-feira (16\/3), \u00e0s 10h, no Patos Shopping. Noticias em Destaque Fonte: Blog Maurilio Junior\" \/>\n<meta property=\"og:url\" content=\"https:\/\/noticiasemdestaque.com\/cd\/?p=77078\" \/>\n<meta property=\"og:site_name\" content=\"Not&iacute;cias em Destaque\" \/>\n<meta property=\"article:published_time\" content=\"2026-03-14T00:14:11+00:00\" \/>\n<meta property=\"og:image\" content=\"https:\/\/noticiasemdestaque.com\/cd\/wp-content\/uploads\/2026\/03\/saojoaodepatos.webp\" \/>\n\t<meta property=\"og:image:width\" content=\"984\" \/>\n\t<meta property=\"og:image:height\" content=\"538\" \/>\n\t<meta property=\"og:image:type\" content=\"image\/webp\" \/>\n<meta name=\"author\" content=\"Not\u00edcias em Destaque\" \/>\n<meta name=\"twitter:card\" content=\"summary_large_image\" \/>\n<meta name=\"twitter:label1\" content=\"Escrito por\" \/>\n\t<meta name=\"twitter:data1\" content=\"Not\u00edcias em Destaque\" \/>\n\t<meta name=\"twitter:label2\" content=\"Est. tempo de leitura\" \/>\n\t<meta name=\"twitter:data2\" content=\"1 minuto\" \/>\n<script type=\"application\/ld+json\" class=\"yoast-schema-graph\">{\"@context\":\"https:\/\/schema.org\",\"@graph\":[{\"@type\":\"Article\",\"@id\":\"https:\/\/noticiasemdestaque.com\/cd\/?p=77078#article\",\"isPartOf\":{\"@id\":\"https:\/\/noticiasemdestaque.com\/cd\/?p=77078\"},\"author\":{\"name\":\"Not\u00edcias em Destaque\",\"@id\":\"https:\/\/noticiasemdestaque.com\/cd\/#\/schema\/person\/967a459378479d4fa07976fedd8a7b5e\"},\"headline\":\"Nabor Wanderley anuncia primeira atra\u00e7\u00e3o do S\u00e3o Jo\u00e3o de Patos 2026\",\"datePublished\":\"2026-03-14T00:14:11+00:00\",\"mainEntityOfPage\":{\"@id\":\"https:\/\/noticiasemdestaque.com\/cd\/?p=77078\"},\"wordCount\":157,\"publisher\":{\"@id\":\"https:\/\/noticiasemdestaque.com\/cd\/#organization\"},\"image\":{\"@id\":\"https:\/\/noticiasemdestaque.com\/cd\/?p=77078#primaryimage\"},\"thumbnailUrl\":\"https:\/\/noticiasemdestaque.com\/cd\/wp-content\/uploads\/2026\/03\/saojoaodepatos.webp\",\"articleSection\":[\"Cidades\"],\"inLanguage\":\"pt-BR\"},{\"@type\":\"WebPage\",\"@id\":\"https:\/\/noticiasemdestaque.com\/cd\/?p=77078\",\"url\":\"https:\/\/noticiasemdestaque.com\/cd\/?p=77078\",\"name\":\"Nabor Wanderley anuncia primeira atra\u00e7\u00e3o do S\u00e3o Jo\u00e3o de Patos 2026 - Not&iacute;cias em Destaque\",\"isPartOf\":{\"@id\":\"https:\/\/noticiasemdestaque.com\/cd\/#website\"},\"primaryImageOfPage\":{\"@id\":\"https:\/\/noticiasemdestaque.com\/cd\/?p=77078#primaryimage\"},\"image\":{\"@id\":\"https:\/\/noticiasemdestaque.com\/cd\/?p=77078#primaryimage\"},\"thumbnailUrl\":\"https:\/\/noticiasemdestaque.com\/cd\/wp-content\/uploads\/2026\/03\/saojoaodepatos.webp\",\"datePublished\":\"2026-03-14T00:14:11+00:00\",\"breadcrumb\":{\"@id\":\"https:\/\/noticiasemdestaque.com\/cd\/?p=77078#breadcrumb\"},\"inLanguage\":\"pt-BR\",\"potentialAction\":[{\"@type\":\"ReadAction\",\"target\":[\"https:\/\/noticiasemdestaque.com\/cd\/?p=77078\"]}]},{\"@type\":\"ImageObject\",\"inLanguage\":\"pt-BR\",\"@id\":\"https:\/\/noticiasemdestaque.com\/cd\/?p=77078#primaryimage\",\"url\":\"https:\/\/noticiasemdestaque.com\/cd\/wp-content\/uploads\/2026\/03\/saojoaodepatos.webp\",\"contentUrl\":\"https:\/\/noticiasemdestaque.com\/cd\/wp-content\/uploads\/2026\/03\/saojoaodepatos.webp\",\"width\":984,\"height\":538},{\"@type\":\"BreadcrumbList\",\"@id\":\"https:\/\/noticiasemdestaque.com\/cd\/?p=77078#breadcrumb\",\"itemListElement\":[{\"@type\":\"ListItem\",\"position\":1,\"name\":\"In\u00edcio\",\"item\":\"https:\/\/noticiasemdestaque.com\/cd\/\"},{\"@type\":\"ListItem\",\"position\":2,\"name\":\"Nabor Wanderley anuncia primeira atra\u00e7\u00e3o do S\u00e3o Jo\u00e3o de Patos 2026\"}]},{\"@type\":\"WebSite\",\"@id\":\"https:\/\/noticiasemdestaque.com\/cd\/#website\",\"url\":\"https:\/\/noticiasemdestaque.com\/cd\/\",\"name\":\"Not&iacute;cias em Destaque\",\"description\":\"\",\"publisher\":{\"@id\":\"https:\/\/noticiasemdestaque.com\/cd\/#organization\"},\"potentialAction\":[{\"@type\":\"SearchAction\",\"target\":{\"@type\":\"EntryPoint\",\"urlTemplate\":\"https:\/\/noticiasemdestaque.com\/cd\/?s={search_term_string}\"},\"query-input\":{\"@type\":\"PropertyValueSpecification\",\"valueRequired\":true,\"valueName\":\"search_term_string\"}}],\"inLanguage\":\"pt-BR\"},{\"@type\":\"Organization\",\"@id\":\"https:\/\/noticiasemdestaque.com\/cd\/#organization\",\"name\":\"Not\u00edcias em Destaque\",\"url\":\"https:\/\/noticiasemdestaque.com\/cd\/\",\"logo\":{\"@type\":\"ImageObject\",\"inLanguage\":\"pt-BR\",\"@id\":\"https:\/\/noticiasemdestaque.com\/cd\/#\/schema\/logo\/image\/\",\"url\":\"https:\/\/noticiasemdestaque.com\/cd\/wp-content\/uploads\/2022\/05\/imagem-base-noticiasemdestaque.png\",\"contentUrl\":\"https:\/\/noticiasemdestaque.com\/cd\/wp-content\/uploads\/2022\/05\/imagem-base-noticiasemdestaque.png\",\"width\":1200,\"height\":630,\"caption\":\"Not\u00edcias em Destaque\"},\"image\":{\"@id\":\"https:\/\/noticiasemdestaque.com\/cd\/#\/schema\/logo\/image\/\"}},{\"@type\":\"Person\",\"@id\":\"https:\/\/noticiasemdestaque.com\/cd\/#\/schema\/person\/967a459378479d4fa07976fedd8a7b5e\",\"name\":\"Not\u00edcias em Destaque\",\"url\":\"https:\/\/noticiasemdestaque.com\/cd\/?author=2\"}]}<\/script>\n<!-- \/ Yoast SEO plugin. -->","yoast_head_json":{"title":"Nabor Wanderley anuncia primeira atra\u00e7\u00e3o do S\u00e3o Jo\u00e3o de Patos 2026 - Not&iacute;cias em Destaque","robots":{"index":"index","follow":"follow","max-snippet":"max-snippet:-1","max-image-preview":"max-image-preview:large","max-video-preview":"max-video-preview:-1"},"canonical":"https:\/\/noticiasemdestaque.com\/cd\/?p=77078","og_locale":"pt_BR","og_type":"article","og_title":"Nabor Wanderley anuncia primeira atra\u00e7\u00e3o do S\u00e3o Jo\u00e3o de Patos 2026 - Not&iacute;cias em Destaque","og_description":"O prefeito de Patos, Nabor Wanderley, anunciou nesta sexta-feira (13\/3) a banda Calcinha Preta como a primeira atra\u00e7\u00e3o confirmada do S\u00e3o Jo\u00e3o de Patos 2026. O comunicado foi feito nas redes sociais. Segundo o gestor, a pr\u00f3xima edi\u00e7\u00e3o do evento dever\u00e1 contar com uma programa\u00e7\u00e3o marcada por apresenta\u00e7\u00f5es de forr\u00f3 e artistas nacionais durante o per\u00edodo junino na cidade. \u201cO S\u00e3o Jo\u00e3o de Patos \u00e9 uma festa que j\u00e1 faz parte da identidade da nossa cidade e da Para\u00edba. Estamos preparando uma edi\u00e7\u00e3o hist\u00f3rica, com muito forr\u00f3 e grandes atra\u00e7\u00f5es para celebrar nossa cultura e receber bem quem vem festejar conosco\u201d, disse Nabor Wanderley. O lan\u00e7amento completo da programa\u00e7\u00e3o do S\u00e3o Jo\u00e3o de Patos 2026 acontecer\u00e1 na segunda-feira (16\/3), \u00e0s 10h, no Patos Shopping. Noticias em Destaque Fonte: Blog Maurilio Junior","og_url":"https:\/\/noticiasemdestaque.com\/cd\/?p=77078","og_site_name":"Not&iacute;cias em Destaque","article_published_time":"2026-03-14T00:14:11+00:00","og_image":[{"width":984,"height":538,"url":"https:\/\/noticiasemdestaque.com\/cd\/wp-content\/uploads\/2026\/03\/saojoaodepatos.webp","type":"image\/webp"}],"author":"Not\u00edcias em Destaque","twitter_card":"summary_large_image","twitter_misc":{"Escrito por":"Not\u00edcias em Destaque","Est. tempo de leitura":"1 minuto"},"schema":{"@context":"https:\/\/schema.org","@graph":[{"@type":"Article","@id":"https:\/\/noticiasemdestaque.com\/cd\/?p=77078#article","isPartOf":{"@id":"https:\/\/noticiasemdestaque.com\/cd\/?p=77078"},"author":{"name":"Not\u00edcias em Destaque","@id":"https:\/\/noticiasemdestaque.com\/cd\/#\/schema\/person\/967a459378479d4fa07976fedd8a7b5e"},"headline":"Nabor Wanderley anuncia primeira atra\u00e7\u00e3o do S\u00e3o Jo\u00e3o de Patos 2026","datePublished":"2026-03-14T00:14:11+00:00","mainEntityOfPage":{"@id":"https:\/\/noticiasemdestaque.com\/cd\/?p=77078"},"wordCount":157,"publisher":{"@id":"https:\/\/noticiasemdestaque.com\/cd\/#organization"},"image":{"@id":"https:\/\/noticiasemdestaque.com\/cd\/?p=77078#primaryimage"},"thumbnailUrl":"https:\/\/noticiasemdestaque.com\/cd\/wp-content\/uploads\/2026\/03\/saojoaodepatos.webp","articleSection":["Cidades"],"inLanguage":"pt-BR"},{"@type":"WebPage","@id":"https:\/\/noticiasemdestaque.com\/cd\/?p=77078","url":"https:\/\/noticiasemdestaque.com\/cd\/?p=77078","name":"Nabor Wanderley anuncia primeira atra\u00e7\u00e3o do S\u00e3o Jo\u00e3o de Patos 2026 - Not&iacute;cias em Destaque","isPartOf":{"@id":"https:\/\/noticiasemdestaque.com\/cd\/#website"},"primaryImageOfPage":{"@id":"https:\/\/noticiasemdestaque.com\/cd\/?p=77078#primaryimage"},"image":{"@id":"https:\/\/noticiasemdestaque.com\/cd\/?p=77078#primaryimage"},"thumbnailUrl":"https:\/\/noticiasemdestaque.com\/cd\/wp-content\/uploads\/2026\/03\/saojoaodepatos.webp","datePublished":"2026-03-14T00:14:11+00:00","breadcrumb":{"@id":"https:\/\/noticiasemdestaque.com\/cd\/?p=77078#breadcrumb"},"inLanguage":"pt-BR","potentialAction":[{"@type":"ReadAction","target":["https:\/\/noticiasemdestaque.com\/cd\/?p=77078"]}]},{"@type":"ImageObject","inLanguage":"pt-BR","@id":"https:\/\/noticiasemdestaque.com\/cd\/?p=77078#primaryimage","url":"https:\/\/noticiasemdestaque.com\/cd\/wp-content\/uploads\/2026\/03\/saojoaodepatos.webp","contentUrl":"https:\/\/noticiasemdestaque.com\/cd\/wp-content\/uploads\/2026\/03\/saojoaodepatos.webp","width":984,"height":538},{"@type":"BreadcrumbList","@id":"https:\/\/noticiasemdestaque.com\/cd\/?p=77078#breadcrumb","itemListElement":[{"@type":"ListItem","position":1,"name":"In\u00edcio","item":"https:\/\/noticiasemdestaque.com\/cd\/"},{"@type":"ListItem","position":2,"name":"Nabor Wanderley anuncia primeira atra\u00e7\u00e3o do S\u00e3o Jo\u00e3o de Patos 2026"}]},{"@type":"WebSite","@id":"https:\/\/noticiasemdestaque.com\/cd\/#website","url":"https:\/\/noticiasemdestaque.com\/cd\/","name":"Not&iacute;cias em Destaque","description":"","publisher":{"@id":"https:\/\/noticiasemdestaque.com\/cd\/#organization"},"potentialAction":[{"@type":"SearchAction","target":{"@type":"EntryPoint","urlTemplate":"https:\/\/noticiasemdestaque.com\/cd\/?s={search_term_string}"},"query-input":{"@type":"PropertyValueSpecification","valueRequired":true,"valueName":"search_term_string"}}],"inLanguage":"pt-BR"},{"@type":"Organization","@id":"https:\/\/noticiasemdestaque.com\/cd\/#organization","name":"Not\u00edcias em Destaque","url":"https:\/\/noticiasemdestaque.com\/cd\/","logo":{"@type":"ImageObject","inLanguage":"pt-BR","@id":"https:\/\/noticiasemdestaque.com\/cd\/#\/schema\/logo\/image\/","url":"https:\/\/noticiasemdestaque.com\/cd\/wp-content\/uploads\/2022\/05\/imagem-base-noticiasemdestaque.png","contentUrl":"https:\/\/noticiasemdestaque.com\/cd\/wp-content\/uploads\/2022\/05\/imagem-base-noticiasemdestaque.png","width":1200,"height":630,"caption":"Not\u00edcias em Destaque"},"image":{"@id":"https:\/\/noticiasemdestaque.com\/cd\/#\/schema\/logo\/image\/"}},{"@type":"Person","@id":"https:\/\/noticiasemdestaque.com\/cd\/#\/schema\/person\/967a459378479d4fa07976fedd8a7b5e","name":"Not\u00edcias em Destaque","url":"https:\/\/noticiasemdestaque.com\/cd\/?author=2"}]}},"jetpack_featured_media_url":"https:\/\/noticiasemdestaque.com\/cd\/wp-content\/uploads\/2026\/03\/saojoaodepatos.webp","jetpack_sharing_enabled":true,"_links":{"self":[{"href":"https:\/\/noticiasemdestaque.com\/cd\/index.php?rest_route=\/wp\/v2\/posts\/77078","targetHints":{"allow":["GET"]}}],"collection":[{"href":"https:\/\/noticiasemdestaque.com\/cd\/index.php?rest_route=\/wp\/v2\/posts"}],"about":[{"href":"https:\/\/noticiasemdestaque.com\/cd\/index.php?rest_route=\/wp\/v2\/types\/post"}],"author":[{"embeddable":true,"href":"https:\/\/noticiasemdestaque.com\/cd\/index.php?rest_route=\/wp\/v2\/users\/2"}],"replies":[{"embeddable":true,"href":"https:\/\/noticiasemdestaque.com\/cd\/index.php?rest_route=%2Fwp%2Fv2%2Fcomments&post=77078"}],"version-history":[{"count":1,"href":"https:\/\/noticiasemdestaque.com\/cd\/index.php?rest_route=\/wp\/v2\/posts\/77078\/revisions"}],"predecessor-version":[{"id":77080,"href":"https:\/\/noticiasemdestaque.com\/cd\/index.php?rest_route=\/wp\/v2\/posts\/77078\/revisions\/77080"}],"wp:featuredmedia":[{"embeddable":true,"href":"https:\/\/noticiasemdestaque.com\/cd\/index.php?rest_route=\/wp\/v2\/media\/77079"}],"wp:attachment":[{"href":"https:\/\/noticiasemdestaque.com\/cd\/index.php?rest_route=%2Fwp%2Fv2%2Fmedia&parent=77078"}],"wp:term":[{"taxonomy":"category","embeddable":true,"href":"https:\/\/noticiasemdestaque.com\/cd\/index.php?rest_route=%2Fwp%2Fv2%2Fcategories&post=77078"},{"taxonomy":"post_tag","embeddable":true,"href":"https:\/\/noticiasemdestaque.com\/cd\/index.php?rest_route=%2Fwp%2Fv2%2Ftags&post=77078"}],"curies":[{"name":"wp","href":"https:\/\/api.w.org\/{rel}","templated":true}]}}