{"id":77072,"date":"2026-03-13T16:07:01","date_gmt":"2026-03-13T19:07:01","guid":{"rendered":"https:\/\/noticiasemdestaque.com\/cd\/?p=77072"},"modified":"2026-03-13T16:07:01","modified_gmt":"2026-03-13T19:07:01","slug":"sume-garante-mais-r-10-milhoes-com-senador-efraim-apos-agenda-do-prefeito-em-brasilia","status":"publish","type":"post","link":"https:\/\/noticiasemdestaque.com\/cd\/?p=77072","title":{"rendered":"Sum\u00e9 garante mais R$ 10 milh\u00f5es com senador Efraim ap\u00f3s agenda do prefeito em Bras\u00edlia"},"content":{"rendered":"<p><a href=\"https:\/\/noticiasemdestaque.com\/cd\/wp-content\/uploads\/2026\/03\/WhatsApp-Image-2026-03-13-at-15.17.13-2.jpeg\"><img fetchpriority=\"high\" decoding=\"async\" class=\" wp-image-77073 aligncenter\" src=\"https:\/\/noticiasemdestaque.com\/cd\/wp-content\/uploads\/2026\/03\/WhatsApp-Image-2026-03-13-at-15.17.13-2-169x300.jpeg\" alt=\"\" width=\"731\" height=\"1298\" srcset=\"https:\/\/noticiasemdestaque.com\/cd\/wp-content\/uploads\/2026\/03\/WhatsApp-Image-2026-03-13-at-15.17.13-2-169x300.jpeg 169w, https:\/\/noticiasemdestaque.com\/cd\/wp-content\/uploads\/2026\/03\/WhatsApp-Image-2026-03-13-at-15.17.13-2-576x1024.jpeg 576w\" sizes=\"(max-width: 731px) 100vw, 731px\" \/><\/a><\/p>\n<p>Durante agenda em Bras\u00edlia, o prefeito Manezinho Louren\u00e7o participou de reuni\u00f5es com representantes da Para\u00edba no Congresso Nacional e em \u00f3rg\u00e3os do Governo Federal. Os encontros resultaram na garantia de R$ 10 milh\u00f5es em recursos para o munic\u00edpio, viabilizados por meio de parceria com o senador Efraim Filho e ser\u00e1 destinado \u00e0s \u00e1reas de infraestrutura, assist\u00eancia social, esporte e sa\u00fade.<\/p>\n<p>Na infraestrutura, o dinheiro ser\u00e1 usado no recapeamento de estradas vicinais (R$ 500 mil), na pavimenta\u00e7\u00e3o asf\u00e1ltica do Parque de Exposi\u00e7\u00f5es (R$ 2 milh\u00f5es) e na pavimenta\u00e7\u00e3o em paralelep\u00edpedo de vias do munic\u00edpio (R$ 1,5 milh\u00e3o).<\/p>\n<p>Para a Assist\u00eancia Social ser\u00e3o destinados R$ 500 mil para benef\u00edcios eventuais, voltados ao atendimento de fam\u00edlias em situa\u00e7\u00e3o de vulnerabilidade.<\/p>\n<p>No Esporte, R$ 500 mil v\u00e3o para a reforma do Gin\u00e1sio de Esportes Municipal e outros R$ 500 mil para a reforma do Est\u00e1dio \u201cO Jacint\u00e3o\u201d.<\/p>\n<p><a href=\"https:\/\/noticiasemdestaque.com\/cd\/wp-content\/uploads\/2026\/03\/WhatsApp-Image-2026-03-13-at-15.17.13-1.jpeg\"><img decoding=\"async\" class=\" wp-image-77074 aligncenter\" src=\"https:\/\/noticiasemdestaque.com\/cd\/wp-content\/uploads\/2026\/03\/WhatsApp-Image-2026-03-13-at-15.17.13-1-225x300.jpeg\" alt=\"\" width=\"568\" height=\"757\" srcset=\"https:\/\/noticiasemdestaque.com\/cd\/wp-content\/uploads\/2026\/03\/WhatsApp-Image-2026-03-13-at-15.17.13-1-225x300.jpeg 225w, https:\/\/noticiasemdestaque.com\/cd\/wp-content\/uploads\/2026\/03\/WhatsApp-Image-2026-03-13-at-15.17.13-1-768x1024.jpeg 768w, https:\/\/noticiasemdestaque.com\/cd\/wp-content\/uploads\/2026\/03\/WhatsApp-Image-2026-03-13-at-15.17.13-1-1152x1536.jpeg 1152w, https:\/\/noticiasemdestaque.com\/cd\/wp-content\/uploads\/2026\/03\/WhatsApp-Image-2026-03-13-at-15.17.13-1.jpeg 1200w\" sizes=\"(max-width: 568px) 100vw, 568px\" \/><\/a><\/p>\n<p>Na Sa\u00fade, o maior valor, R$ 3,8 milh\u00f5es, ser\u00e1 usado para custeio.<\/p>\n<p>Manezinho afirmou que a parceria com os representantes da Para\u00edba em Bras\u00edlia ajuda a trazer novos investimentos e ampliar a\u00e7\u00f5es no munic\u00edpio.<\/p>\n<p>Assinatura ODS &#8211; Ainda em Bras\u00edlia, Manezinho Louren\u00e7o participou de reuni\u00e3o na Secretaria Geral da Presid\u00eancia da Rep\u00fablica. Nessa ocasi\u00e3o, Sum\u00e9 assinou a ades\u00e3o aos Objetivos de Desenvolvimento Sustent\u00e1vel (ODS). Participaram da assinatura o secret\u00e1rio executivo da Comiss\u00e3o Nacional dos OD, Lavito Person Motta Bacarissa; coordenadora da iniciativa Meu Munic\u00edpio pelos ODS, Marina Muniz Cavalcantii e a assistente do Programa das Na\u00e7\u00f5es Unidas para o Desenvolvimento (PNUD) na Comiss\u00e3o Nacional dos ODS, Miriam Licnerski.<\/p>\n<p><a href=\"https:\/\/noticiasemdestaque.com\/cd\/wp-content\/uploads\/2026\/03\/WhatsApp-Image-2026-03-13-at-15.17.13.jpeg\"><img decoding=\"async\" class=\" wp-image-77075 aligncenter\" src=\"https:\/\/noticiasemdestaque.com\/cd\/wp-content\/uploads\/2026\/03\/WhatsApp-Image-2026-03-13-at-15.17.13-300x167.jpeg\" alt=\"\" width=\"681\" height=\"379\" srcset=\"https:\/\/noticiasemdestaque.com\/cd\/wp-content\/uploads\/2026\/03\/WhatsApp-Image-2026-03-13-at-15.17.13-300x167.jpeg 300w, https:\/\/noticiasemdestaque.com\/cd\/wp-content\/uploads\/2026\/03\/WhatsApp-Image-2026-03-13-at-15.17.13-1024x568.jpeg 1024w, https:\/\/noticiasemdestaque.com\/cd\/wp-content\/uploads\/2026\/03\/WhatsApp-Image-2026-03-13-at-15.17.13-768x426.jpeg 768w, https:\/\/noticiasemdestaque.com\/cd\/wp-content\/uploads\/2026\/03\/WhatsApp-Image-2026-03-13-at-15.17.13-1536x852.jpeg 1536w, https:\/\/noticiasemdestaque.com\/cd\/wp-content\/uploads\/2026\/03\/WhatsApp-Image-2026-03-13-at-15.17.13.jpeg 1600w\" sizes=\"(max-width: 681px) 100vw, 681px\" \/><\/a><\/p>\n<p>Minist\u00e9rio do Esporte \u2013 O prefeito e sua equipe tamb\u00e9m compareceram ao Minist\u00e9rio do Esporte, onde foram recebidos pelo secret\u00e1rio-executivo, Diego Galdino e seu chefe de gabinete, R\u00eanio Gomes.<\/p>\n<p><strong>Noticias em Destaque<\/strong><\/p>\n<p style=\"text-align: right;\"><em>Fonte: Ascom PMS<\/em><\/p>\n","protected":false},"excerpt":{"rendered":"<p>Durante agenda em Bras\u00edlia, o prefeito Manezinho Louren\u00e7o participou de reuni\u00f5es com representantes da Para\u00edba no Congresso Nacional e em \u00f3rg\u00e3os do Governo Federal. Os encontros resultaram na garantia de R$ 10 milh\u00f5es em recursos para o munic\u00edpio, viabilizados por meio de parceria com o senador Efraim Filho e ser\u00e1 destinado \u00e0s \u00e1reas de infraestrutura, assist\u00eancia social, esporte e sa\u00fade. Na infraestrutura, o dinheiro ser\u00e1 usado no recapeamento de estradas vicinais (R$ 500 mil), na pavimenta\u00e7\u00e3o asf\u00e1ltica do Parque de Exposi\u00e7\u00f5es (R$ 2 milh\u00f5es) e na pavimenta\u00e7\u00e3o em paralelep\u00edpedo de vias do munic\u00edpio (R$ 1,5 milh\u00e3o). Para a Assist\u00eancia Social ser\u00e3o destinados R$ 500 mil para benef\u00edcios eventuais, voltados ao atendimento de fam\u00edlias em situa\u00e7\u00e3o de vulnerabilidade. No Esporte, R$ 500 mil v\u00e3o para a reforma do Gin\u00e1sio de Esportes Municipal e outros R$ 500 mil para a reforma do Est\u00e1dio \u201cO Jacint\u00e3o\u201d. Na Sa\u00fade, o maior valor, R$ 3,8 milh\u00f5es, ser\u00e1 usado para custeio. Manezinho afirmou que a parceria com os representantes da Para\u00edba em Bras\u00edlia ajuda a trazer novos investimentos e ampliar a\u00e7\u00f5es no munic\u00edpio. Assinatura ODS &#8211; Ainda em Bras\u00edlia, Manezinho Louren\u00e7o participou de reuni\u00e3o na Secretaria Geral da Presid\u00eancia da Rep\u00fablica. Nessa ocasi\u00e3o, Sum\u00e9 assinou a ades\u00e3o aos Objetivos de Desenvolvimento Sustent\u00e1vel (ODS). Participaram da assinatura o secret\u00e1rio executivo da Comiss\u00e3o Nacional dos OD, Lavito Person Motta Bacarissa; coordenadora da iniciativa Meu Munic\u00edpio pelos ODS, Marina Muniz Cavalcantii e a assistente do Programa das Na\u00e7\u00f5es Unidas para o Desenvolvimento (PNUD) na Comiss\u00e3o Nacional dos ODS, Miriam Licnerski. Minist\u00e9rio do Esporte \u2013 O prefeito e sua equipe tamb\u00e9m compareceram ao Minist\u00e9rio do Esporte, onde foram recebidos pelo secret\u00e1rio-executivo, Diego Galdino e seu chefe de gabinete, R\u00eanio Gomes. Noticias em Destaque Fonte: Ascom PMS<\/p>\n","protected":false},"author":2,"featured_media":77073,"comment_status":"closed","ping_status":"closed","sticky":false,"template":"","format":"standard","meta":{"_eb_attr":"","_jetpack_memberships_contains_paid_content":false,"footnotes":""},"categories":[4],"tags":[],"class_list":["post-77072","post","type-post","status-publish","format-standard","has-post-thumbnail","hentry","category-politica"],"yoast_head":"<!-- This site is optimized with the Yoast SEO plugin v26.5 - https:\/\/yoast.com\/wordpress\/plugins\/seo\/ -->\n<title>Sum\u00e9 garante mais R$ 10 milh\u00f5es com senador Efraim ap\u00f3s agenda do prefeito em Bras\u00edlia - Not&iacute;cias em Destaque<\/title>\n<meta name=\"robots\" content=\"index, follow, max-snippet:-1, max-image-preview:large, max-video-preview:-1\" \/>\n<link rel=\"canonical\" href=\"https:\/\/noticiasemdestaque.com\/cd\/?p=77072\" \/>\n<meta property=\"og:locale\" content=\"pt_BR\" \/>\n<meta property=\"og:type\" content=\"article\" \/>\n<meta property=\"og:title\" content=\"Sum\u00e9 garante mais R$ 10 milh\u00f5es com senador Efraim ap\u00f3s agenda do prefeito em Bras\u00edlia - Not&iacute;cias em Destaque\" \/>\n<meta property=\"og:description\" content=\"Durante agenda em Bras\u00edlia, o prefeito Manezinho Louren\u00e7o participou de reuni\u00f5es com representantes da Para\u00edba no Congresso Nacional e em \u00f3rg\u00e3os do Governo Federal. Os encontros resultaram na garantia de R$ 10 milh\u00f5es em recursos para o munic\u00edpio, viabilizados por meio de parceria com o senador Efraim Filho e ser\u00e1 destinado \u00e0s \u00e1reas de infraestrutura, assist\u00eancia social, esporte e sa\u00fade. Na infraestrutura, o dinheiro ser\u00e1 usado no recapeamento de estradas vicinais (R$ 500 mil), na pavimenta\u00e7\u00e3o asf\u00e1ltica do Parque de Exposi\u00e7\u00f5es (R$ 2 milh\u00f5es) e na pavimenta\u00e7\u00e3o em paralelep\u00edpedo de vias do munic\u00edpio (R$ 1,5 milh\u00e3o). Para a Assist\u00eancia Social ser\u00e3o destinados R$ 500 mil para benef\u00edcios eventuais, voltados ao atendimento de fam\u00edlias em situa\u00e7\u00e3o de vulnerabilidade. No Esporte, R$ 500 mil v\u00e3o para a reforma do Gin\u00e1sio de Esportes Municipal e outros R$ 500 mil para a reforma do Est\u00e1dio \u201cO Jacint\u00e3o\u201d. Na Sa\u00fade, o maior valor, R$ 3,8 milh\u00f5es, ser\u00e1 usado para custeio. Manezinho afirmou que a parceria com os representantes da Para\u00edba em Bras\u00edlia ajuda a trazer novos investimentos e ampliar a\u00e7\u00f5es no munic\u00edpio. Assinatura ODS &#8211; Ainda em Bras\u00edlia, Manezinho Louren\u00e7o participou de reuni\u00e3o na Secretaria Geral da Presid\u00eancia da Rep\u00fablica. Nessa ocasi\u00e3o, Sum\u00e9 assinou a ades\u00e3o aos Objetivos de Desenvolvimento Sustent\u00e1vel (ODS). Participaram da assinatura o secret\u00e1rio executivo da Comiss\u00e3o Nacional dos OD, Lavito Person Motta Bacarissa; coordenadora da iniciativa Meu Munic\u00edpio pelos ODS, Marina Muniz Cavalcantii e a assistente do Programa das Na\u00e7\u00f5es Unidas para o Desenvolvimento (PNUD) na Comiss\u00e3o Nacional dos ODS, Miriam Licnerski. Minist\u00e9rio do Esporte \u2013 O prefeito e sua equipe tamb\u00e9m compareceram ao Minist\u00e9rio do Esporte, onde foram recebidos pelo secret\u00e1rio-executivo, Diego Galdino e seu chefe de gabinete, R\u00eanio Gomes. Noticias em Destaque Fonte: Ascom PMS\" \/>\n<meta property=\"og:url\" content=\"https:\/\/noticiasemdestaque.com\/cd\/?p=77072\" \/>\n<meta property=\"og:site_name\" content=\"Not&iacute;cias em Destaque\" \/>\n<meta property=\"article:published_time\" content=\"2026-03-13T19:07:01+00:00\" \/>\n<meta property=\"og:image\" content=\"https:\/\/noticiasemdestaque.com\/cd\/wp-content\/uploads\/2026\/03\/WhatsApp-Image-2026-03-13-at-15.17.13-2.jpeg\" \/>\n\t<meta property=\"og:image:width\" content=\"720\" \/>\n\t<meta property=\"og:image:height\" content=\"1280\" \/>\n\t<meta property=\"og:image:type\" content=\"image\/jpeg\" \/>\n<meta name=\"author\" content=\"Not\u00edcias em Destaque\" \/>\n<meta name=\"twitter:card\" content=\"summary_large_image\" \/>\n<meta name=\"twitter:label1\" content=\"Escrito por\" \/>\n\t<meta name=\"twitter:data1\" content=\"Not\u00edcias em Destaque\" \/>\n\t<meta name=\"twitter:label2\" content=\"Est. tempo de leitura\" \/>\n\t<meta name=\"twitter:data2\" content=\"3 minutos\" \/>\n<script type=\"application\/ld+json\" class=\"yoast-schema-graph\">{\"@context\":\"https:\/\/schema.org\",\"@graph\":[{\"@type\":\"Article\",\"@id\":\"https:\/\/noticiasemdestaque.com\/cd\/?p=77072#article\",\"isPartOf\":{\"@id\":\"https:\/\/noticiasemdestaque.com\/cd\/?p=77072\"},\"author\":{\"name\":\"Not\u00edcias em Destaque\",\"@id\":\"https:\/\/noticiasemdestaque.com\/cd\/#\/schema\/person\/967a459378479d4fa07976fedd8a7b5e\"},\"headline\":\"Sum\u00e9 garante mais R$ 10 milh\u00f5es com senador Efraim ap\u00f3s agenda do prefeito em Bras\u00edlia\",\"datePublished\":\"2026-03-13T19:07:01+00:00\",\"mainEntityOfPage\":{\"@id\":\"https:\/\/noticiasemdestaque.com\/cd\/?p=77072\"},\"wordCount\":344,\"publisher\":{\"@id\":\"https:\/\/noticiasemdestaque.com\/cd\/#organization\"},\"image\":{\"@id\":\"https:\/\/noticiasemdestaque.com\/cd\/?p=77072#primaryimage\"},\"thumbnailUrl\":\"https:\/\/noticiasemdestaque.com\/cd\/wp-content\/uploads\/2026\/03\/WhatsApp-Image-2026-03-13-at-15.17.13-2.jpeg\",\"articleSection\":[\"Pol\u00edtica\"],\"inLanguage\":\"pt-BR\"},{\"@type\":\"WebPage\",\"@id\":\"https:\/\/noticiasemdestaque.com\/cd\/?p=77072\",\"url\":\"https:\/\/noticiasemdestaque.com\/cd\/?p=77072\",\"name\":\"Sum\u00e9 garante mais R$ 10 milh\u00f5es com senador Efraim ap\u00f3s agenda do prefeito em Bras\u00edlia - Not&iacute;cias em Destaque\",\"isPartOf\":{\"@id\":\"https:\/\/noticiasemdestaque.com\/cd\/#website\"},\"primaryImageOfPage\":{\"@id\":\"https:\/\/noticiasemdestaque.com\/cd\/?p=77072#primaryimage\"},\"image\":{\"@id\":\"https:\/\/noticiasemdestaque.com\/cd\/?p=77072#primaryimage\"},\"thumbnailUrl\":\"https:\/\/noticiasemdestaque.com\/cd\/wp-content\/uploads\/2026\/03\/WhatsApp-Image-2026-03-13-at-15.17.13-2.jpeg\",\"datePublished\":\"2026-03-13T19:07:01+00:00\",\"breadcrumb\":{\"@id\":\"https:\/\/noticiasemdestaque.com\/cd\/?p=77072#breadcrumb\"},\"inLanguage\":\"pt-BR\",\"potentialAction\":[{\"@type\":\"ReadAction\",\"target\":[\"https:\/\/noticiasemdestaque.com\/cd\/?p=77072\"]}]},{\"@type\":\"ImageObject\",\"inLanguage\":\"pt-BR\",\"@id\":\"https:\/\/noticiasemdestaque.com\/cd\/?p=77072#primaryimage\",\"url\":\"https:\/\/noticiasemdestaque.com\/cd\/wp-content\/uploads\/2026\/03\/WhatsApp-Image-2026-03-13-at-15.17.13-2.jpeg\",\"contentUrl\":\"https:\/\/noticiasemdestaque.com\/cd\/wp-content\/uploads\/2026\/03\/WhatsApp-Image-2026-03-13-at-15.17.13-2.jpeg\",\"width\":720,\"height\":1280},{\"@type\":\"BreadcrumbList\",\"@id\":\"https:\/\/noticiasemdestaque.com\/cd\/?p=77072#breadcrumb\",\"itemListElement\":[{\"@type\":\"ListItem\",\"position\":1,\"name\":\"In\u00edcio\",\"item\":\"https:\/\/noticiasemdestaque.com\/cd\/\"},{\"@type\":\"ListItem\",\"position\":2,\"name\":\"Sum\u00e9 garante mais R$ 10 milh\u00f5es com senador Efraim ap\u00f3s agenda do prefeito em Bras\u00edlia\"}]},{\"@type\":\"WebSite\",\"@id\":\"https:\/\/noticiasemdestaque.com\/cd\/#website\",\"url\":\"https:\/\/noticiasemdestaque.com\/cd\/\",\"name\":\"Not&iacute;cias em Destaque\",\"description\":\"\",\"publisher\":{\"@id\":\"https:\/\/noticiasemdestaque.com\/cd\/#organization\"},\"potentialAction\":[{\"@type\":\"SearchAction\",\"target\":{\"@type\":\"EntryPoint\",\"urlTemplate\":\"https:\/\/noticiasemdestaque.com\/cd\/?s={search_term_string}\"},\"query-input\":{\"@type\":\"PropertyValueSpecification\",\"valueRequired\":true,\"valueName\":\"search_term_string\"}}],\"inLanguage\":\"pt-BR\"},{\"@type\":\"Organization\",\"@id\":\"https:\/\/noticiasemdestaque.com\/cd\/#organization\",\"name\":\"Not\u00edcias em Destaque\",\"url\":\"https:\/\/noticiasemdestaque.com\/cd\/\",\"logo\":{\"@type\":\"ImageObject\",\"inLanguage\":\"pt-BR\",\"@id\":\"https:\/\/noticiasemdestaque.com\/cd\/#\/schema\/logo\/image\/\",\"url\":\"https:\/\/noticiasemdestaque.com\/cd\/wp-content\/uploads\/2022\/05\/imagem-base-noticiasemdestaque.png\",\"contentUrl\":\"https:\/\/noticiasemdestaque.com\/cd\/wp-content\/uploads\/2022\/05\/imagem-base-noticiasemdestaque.png\",\"width\":1200,\"height\":630,\"caption\":\"Not\u00edcias em Destaque\"},\"image\":{\"@id\":\"https:\/\/noticiasemdestaque.com\/cd\/#\/schema\/logo\/image\/\"}},{\"@type\":\"Person\",\"@id\":\"https:\/\/noticiasemdestaque.com\/cd\/#\/schema\/person\/967a459378479d4fa07976fedd8a7b5e\",\"name\":\"Not\u00edcias em Destaque\",\"url\":\"https:\/\/noticiasemdestaque.com\/cd\/?author=2\"}]}<\/script>\n<!-- \/ Yoast SEO plugin. -->","yoast_head_json":{"title":"Sum\u00e9 garante mais R$ 10 milh\u00f5es com senador Efraim ap\u00f3s agenda do prefeito em Bras\u00edlia - Not&iacute;cias em Destaque","robots":{"index":"index","follow":"follow","max-snippet":"max-snippet:-1","max-image-preview":"max-image-preview:large","max-video-preview":"max-video-preview:-1"},"canonical":"https:\/\/noticiasemdestaque.com\/cd\/?p=77072","og_locale":"pt_BR","og_type":"article","og_title":"Sum\u00e9 garante mais R$ 10 milh\u00f5es com senador Efraim ap\u00f3s agenda do prefeito em Bras\u00edlia - Not&iacute;cias em Destaque","og_description":"Durante agenda em Bras\u00edlia, o prefeito Manezinho Louren\u00e7o participou de reuni\u00f5es com representantes da Para\u00edba no Congresso Nacional e em \u00f3rg\u00e3os do Governo Federal. Os encontros resultaram na garantia de R$ 10 milh\u00f5es em recursos para o munic\u00edpio, viabilizados por meio de parceria com o senador Efraim Filho e ser\u00e1 destinado \u00e0s \u00e1reas de infraestrutura, assist\u00eancia social, esporte e sa\u00fade. Na infraestrutura, o dinheiro ser\u00e1 usado no recapeamento de estradas vicinais (R$ 500 mil), na pavimenta\u00e7\u00e3o asf\u00e1ltica do Parque de Exposi\u00e7\u00f5es (R$ 2 milh\u00f5es) e na pavimenta\u00e7\u00e3o em paralelep\u00edpedo de vias do munic\u00edpio (R$ 1,5 milh\u00e3o). Para a Assist\u00eancia Social ser\u00e3o destinados R$ 500 mil para benef\u00edcios eventuais, voltados ao atendimento de fam\u00edlias em situa\u00e7\u00e3o de vulnerabilidade. No Esporte, R$ 500 mil v\u00e3o para a reforma do Gin\u00e1sio de Esportes Municipal e outros R$ 500 mil para a reforma do Est\u00e1dio \u201cO Jacint\u00e3o\u201d. Na Sa\u00fade, o maior valor, R$ 3,8 milh\u00f5es, ser\u00e1 usado para custeio. Manezinho afirmou que a parceria com os representantes da Para\u00edba em Bras\u00edlia ajuda a trazer novos investimentos e ampliar a\u00e7\u00f5es no munic\u00edpio. Assinatura ODS &#8211; Ainda em Bras\u00edlia, Manezinho Louren\u00e7o participou de reuni\u00e3o na Secretaria Geral da Presid\u00eancia da Rep\u00fablica. Nessa ocasi\u00e3o, Sum\u00e9 assinou a ades\u00e3o aos Objetivos de Desenvolvimento Sustent\u00e1vel (ODS). Participaram da assinatura o secret\u00e1rio executivo da Comiss\u00e3o Nacional dos OD, Lavito Person Motta Bacarissa; coordenadora da iniciativa Meu Munic\u00edpio pelos ODS, Marina Muniz Cavalcantii e a assistente do Programa das Na\u00e7\u00f5es Unidas para o Desenvolvimento (PNUD) na Comiss\u00e3o Nacional dos ODS, Miriam Licnerski. Minist\u00e9rio do Esporte \u2013 O prefeito e sua equipe tamb\u00e9m compareceram ao Minist\u00e9rio do Esporte, onde foram recebidos pelo secret\u00e1rio-executivo, Diego Galdino e seu chefe de gabinete, R\u00eanio Gomes. Noticias em Destaque Fonte: Ascom PMS","og_url":"https:\/\/noticiasemdestaque.com\/cd\/?p=77072","og_site_name":"Not&iacute;cias em Destaque","article_published_time":"2026-03-13T19:07:01+00:00","og_image":[{"width":720,"height":1280,"url":"https:\/\/noticiasemdestaque.com\/cd\/wp-content\/uploads\/2026\/03\/WhatsApp-Image-2026-03-13-at-15.17.13-2.jpeg","type":"image\/jpeg"}],"author":"Not\u00edcias em Destaque","twitter_card":"summary_large_image","twitter_misc":{"Escrito por":"Not\u00edcias em Destaque","Est. tempo de leitura":"3 minutos"},"schema":{"@context":"https:\/\/schema.org","@graph":[{"@type":"Article","@id":"https:\/\/noticiasemdestaque.com\/cd\/?p=77072#article","isPartOf":{"@id":"https:\/\/noticiasemdestaque.com\/cd\/?p=77072"},"author":{"name":"Not\u00edcias em Destaque","@id":"https:\/\/noticiasemdestaque.com\/cd\/#\/schema\/person\/967a459378479d4fa07976fedd8a7b5e"},"headline":"Sum\u00e9 garante mais R$ 10 milh\u00f5es com senador Efraim ap\u00f3s agenda do prefeito em Bras\u00edlia","datePublished":"2026-03-13T19:07:01+00:00","mainEntityOfPage":{"@id":"https:\/\/noticiasemdestaque.com\/cd\/?p=77072"},"wordCount":344,"publisher":{"@id":"https:\/\/noticiasemdestaque.com\/cd\/#organization"},"image":{"@id":"https:\/\/noticiasemdestaque.com\/cd\/?p=77072#primaryimage"},"thumbnailUrl":"https:\/\/noticiasemdestaque.com\/cd\/wp-content\/uploads\/2026\/03\/WhatsApp-Image-2026-03-13-at-15.17.13-2.jpeg","articleSection":["Pol\u00edtica"],"inLanguage":"pt-BR"},{"@type":"WebPage","@id":"https:\/\/noticiasemdestaque.com\/cd\/?p=77072","url":"https:\/\/noticiasemdestaque.com\/cd\/?p=77072","name":"Sum\u00e9 garante mais R$ 10 milh\u00f5es com senador Efraim ap\u00f3s agenda do prefeito em Bras\u00edlia - Not&iacute;cias em Destaque","isPartOf":{"@id":"https:\/\/noticiasemdestaque.com\/cd\/#website"},"primaryImageOfPage":{"@id":"https:\/\/noticiasemdestaque.com\/cd\/?p=77072#primaryimage"},"image":{"@id":"https:\/\/noticiasemdestaque.com\/cd\/?p=77072#primaryimage"},"thumbnailUrl":"https:\/\/noticiasemdestaque.com\/cd\/wp-content\/uploads\/2026\/03\/WhatsApp-Image-2026-03-13-at-15.17.13-2.jpeg","datePublished":"2026-03-13T19:07:01+00:00","breadcrumb":{"@id":"https:\/\/noticiasemdestaque.com\/cd\/?p=77072#breadcrumb"},"inLanguage":"pt-BR","potentialAction":[{"@type":"ReadAction","target":["https:\/\/noticiasemdestaque.com\/cd\/?p=77072"]}]},{"@type":"ImageObject","inLanguage":"pt-BR","@id":"https:\/\/noticiasemdestaque.com\/cd\/?p=77072#primaryimage","url":"https:\/\/noticiasemdestaque.com\/cd\/wp-content\/uploads\/2026\/03\/WhatsApp-Image-2026-03-13-at-15.17.13-2.jpeg","contentUrl":"https:\/\/noticiasemdestaque.com\/cd\/wp-content\/uploads\/2026\/03\/WhatsApp-Image-2026-03-13-at-15.17.13-2.jpeg","width":720,"height":1280},{"@type":"BreadcrumbList","@id":"https:\/\/noticiasemdestaque.com\/cd\/?p=77072#breadcrumb","itemListElement":[{"@type":"ListItem","position":1,"name":"In\u00edcio","item":"https:\/\/noticiasemdestaque.com\/cd\/"},{"@type":"ListItem","position":2,"name":"Sum\u00e9 garante mais R$ 10 milh\u00f5es com senador Efraim ap\u00f3s agenda do prefeito em Bras\u00edlia"}]},{"@type":"WebSite","@id":"https:\/\/noticiasemdestaque.com\/cd\/#website","url":"https:\/\/noticiasemdestaque.com\/cd\/","name":"Not&iacute;cias em Destaque","description":"","publisher":{"@id":"https:\/\/noticiasemdestaque.com\/cd\/#organization"},"potentialAction":[{"@type":"SearchAction","target":{"@type":"EntryPoint","urlTemplate":"https:\/\/noticiasemdestaque.com\/cd\/?s={search_term_string}"},"query-input":{"@type":"PropertyValueSpecification","valueRequired":true,"valueName":"search_term_string"}}],"inLanguage":"pt-BR"},{"@type":"Organization","@id":"https:\/\/noticiasemdestaque.com\/cd\/#organization","name":"Not\u00edcias em Destaque","url":"https:\/\/noticiasemdestaque.com\/cd\/","logo":{"@type":"ImageObject","inLanguage":"pt-BR","@id":"https:\/\/noticiasemdestaque.com\/cd\/#\/schema\/logo\/image\/","url":"https:\/\/noticiasemdestaque.com\/cd\/wp-content\/uploads\/2022\/05\/imagem-base-noticiasemdestaque.png","contentUrl":"https:\/\/noticiasemdestaque.com\/cd\/wp-content\/uploads\/2022\/05\/imagem-base-noticiasemdestaque.png","width":1200,"height":630,"caption":"Not\u00edcias em Destaque"},"image":{"@id":"https:\/\/noticiasemdestaque.com\/cd\/#\/schema\/logo\/image\/"}},{"@type":"Person","@id":"https:\/\/noticiasemdestaque.com\/cd\/#\/schema\/person\/967a459378479d4fa07976fedd8a7b5e","name":"Not\u00edcias em Destaque","url":"https:\/\/noticiasemdestaque.com\/cd\/?author=2"}]}},"jetpack_featured_media_url":"https:\/\/noticiasemdestaque.com\/cd\/wp-content\/uploads\/2026\/03\/WhatsApp-Image-2026-03-13-at-15.17.13-2.jpeg","jetpack_sharing_enabled":true,"_links":{"self":[{"href":"https:\/\/noticiasemdestaque.com\/cd\/index.php?rest_route=\/wp\/v2\/posts\/77072","targetHints":{"allow":["GET"]}}],"collection":[{"href":"https:\/\/noticiasemdestaque.com\/cd\/index.php?rest_route=\/wp\/v2\/posts"}],"about":[{"href":"https:\/\/noticiasemdestaque.com\/cd\/index.php?rest_route=\/wp\/v2\/types\/post"}],"author":[{"embeddable":true,"href":"https:\/\/noticiasemdestaque.com\/cd\/index.php?rest_route=\/wp\/v2\/users\/2"}],"replies":[{"embeddable":true,"href":"https:\/\/noticiasemdestaque.com\/cd\/index.php?rest_route=%2Fwp%2Fv2%2Fcomments&post=77072"}],"version-history":[{"count":2,"href":"https:\/\/noticiasemdestaque.com\/cd\/index.php?rest_route=\/wp\/v2\/posts\/77072\/revisions"}],"predecessor-version":[{"id":77077,"href":"https:\/\/noticiasemdestaque.com\/cd\/index.php?rest_route=\/wp\/v2\/posts\/77072\/revisions\/77077"}],"wp:featuredmedia":[{"embeddable":true,"href":"https:\/\/noticiasemdestaque.com\/cd\/index.php?rest_route=\/wp\/v2\/media\/77073"}],"wp:attachment":[{"href":"https:\/\/noticiasemdestaque.com\/cd\/index.php?rest_route=%2Fwp%2Fv2%2Fmedia&parent=77072"}],"wp:term":[{"taxonomy":"category","embeddable":true,"href":"https:\/\/noticiasemdestaque.com\/cd\/index.php?rest_route=%2Fwp%2Fv2%2Fcategories&post=77072"},{"taxonomy":"post_tag","embeddable":true,"href":"https:\/\/noticiasemdestaque.com\/cd\/index.php?rest_route=%2Fwp%2Fv2%2Ftags&post=77072"}],"curies":[{"name":"wp","href":"https:\/\/api.w.org\/{rel}","templated":true}]}}