{"id":77069,"date":"2026-03-13T14:39:13","date_gmt":"2026-03-13T17:39:13","guid":{"rendered":"https:\/\/noticiasemdestaque.com\/cd\/?p=77069"},"modified":"2026-03-13T14:39:20","modified_gmt":"2026-03-13T17:39:20","slug":"bolsonaro-esta-na-uti-com-broncopneumonia-diz-boletim-medico","status":"publish","type":"post","link":"https:\/\/noticiasemdestaque.com\/cd\/?p=77069","title":{"rendered":"Bolsonaro est\u00e1 na UTI com broncopneumonia, diz boletim m\u00e9dico"},"content":{"rendered":"<p><a href=\"https:\/\/noticiasemdestaque.com\/cd\/wp-content\/uploads\/2026\/03\/bolsonaro.webp\"><img fetchpriority=\"high\" decoding=\"async\" class=\" wp-image-77070 aligncenter\" src=\"https:\/\/noticiasemdestaque.com\/cd\/wp-content\/uploads\/2026\/03\/bolsonaro-300x169.webp\" alt=\"\" width=\"920\" height=\"518\" srcset=\"https:\/\/noticiasemdestaque.com\/cd\/wp-content\/uploads\/2026\/03\/bolsonaro-300x169.webp 300w, https:\/\/noticiasemdestaque.com\/cd\/wp-content\/uploads\/2026\/03\/bolsonaro.webp 640w\" sizes=\"(max-width: 920px) 100vw, 920px\" \/><\/a><\/p>\n<p class=\"wp-block-paragraph\">O ex-presidente Jair Bolsonaro (PL) est\u00e1 internado na UTI do hospital DF Star, em Bras\u00edlia, segundo o boletim m\u00e9dico divulgado hoje.<\/p>\n<p class=\"wp-block-paragraph\"><strong>O que aconteceu<\/strong><\/p>\n<p class=\"wp-block-paragraph\">Exames confirmaram que ele est\u00e1 com broncopneumonia bacteriana bilateral, diz o texto. \u201cEst\u00e1 em tratamento com antibioticoterapia venosa e suporte cl\u00ednico n\u00e3o invasivo\u201d, afirma o boletim. De acordo com os m\u00e9dicos, a broncopneumonia \u00e9 de \u201cprov\u00e1vel origem aspirativa\u201d.<\/p>\n<p class=\"wp-block-paragraph\">O ex-presidente foi levado ao hospital na manh\u00e3 de hoje com calafrios e v\u00f4mitos. Segundo a nota divulgada \u00e0 imprensa, Bolsonaro chegou \u00e0 unidade com febre alta e quadro de satura\u00e7\u00e3o de oxig\u00eanio. O boletim \u00e9 assinado pelos m\u00e9dicos Brasil Caiado (cardiologista), Ant\u00f4nio Aur\u00e9lio de Paiva Fagundes J\u00fanior (coordenador da UTI geral) e Allisson B. Barcelos Borges (diretor geral).<\/p>\n<p class=\"wp-block-paragraph\">Batalh\u00e3o comunicou STF da condu\u00e7\u00e3o de Bolsonaro ao hospital. O comandante Allenson Nascimento Lopes confirmou que o ex-presidente \u201capresentou um quadro s\u00fabito de mal-estar em sua cela\u201d. Segundo ele, a equipe m\u00e9dica de plant\u00e3o no pres\u00eddio foi \u201cimediatamente acionada\u201d e \u201cconstatou a necessidade de remo\u00e7\u00e3o hospitalar imediata\u201d.<\/p>\n<p class=\"wp-block-paragraph\">Moraes mandou a PMDF (Pol\u00edcia Militar do Distrito Federal) vigiar 24 horas a entrada da sala onde Bolsonaro est\u00e1 internado, no hospital DF Star.Ministro tamb\u00e9m proibiu a entrada de qualquer aparelho eletr\u00f4nico no recinto.<\/p>\n<p class=\"wp-block-paragraph\">Moraes autorizou que Michelle Bolsonaro entre no hospital como acompanhante de Bolsonaro. Tamb\u00e9m est\u00e3o autorizadas as visitas dos filhos do ex-presidente.<\/p>\n<p class=\"wp-block-paragraph\">O senador Fl\u00e1vio Bolsonaro (PL-RJ) pediu a transfer\u00eancia de Jair Bolsonaro (PL) para a pris\u00e3o domiciliar. \u201cO m\u00ednimo que ele deveria ter \u00e9 essa domiciliar humanit\u00e1ria, em casa, onde possa ter cuidado permanente da fam\u00edlia e assist\u00eancia t\u00e9cnica\u201d, disse a jornalistas ap\u00f3s visitar o pai. \u201cTem zilh\u00f5es de casos muito menos graves em que as pessoas est\u00e3o na domiciliar humanit\u00e1ria.\u201d<\/p>\n<p class=\"wp-block-paragraph\">\u00daltima passagem do ex-presidente pelo hospital foi no Natal, para uma cirurgia de h\u00e9rnia. Ele sofre com as sequelas da facada que levou no abd\u00f4men durante a campanha eleitoral de 2018. Desde ent\u00e3o, passou por diversas cirurgias \u2014a defesa pede a pris\u00e3o domiciliar de Bolsonaro desde que foi preso em novembro, mas em todas as solicita\u00e7\u00f5es o ministro do STF Alexandre de Moraes negou.<\/p>\n<p><strong>Noticias em Destaque<\/strong><\/p>\n<p class=\"wp-block-paragraph\" style=\"text-align: right;\"><em>Com UOL<\/em><\/p>\n","protected":false},"excerpt":{"rendered":"<p>O ex-presidente Jair Bolsonaro (PL) est\u00e1 internado na UTI do hospital DF Star, em Bras\u00edlia, segundo o boletim m\u00e9dico divulgado hoje. O que aconteceu Exames confirmaram que ele est\u00e1 com broncopneumonia bacteriana bilateral, diz o texto. \u201cEst\u00e1 em tratamento com antibioticoterapia venosa e suporte cl\u00ednico n\u00e3o invasivo\u201d, afirma o boletim. De acordo com os m\u00e9dicos, a broncopneumonia \u00e9 de \u201cprov\u00e1vel origem aspirativa\u201d. O ex-presidente foi levado ao hospital na manh\u00e3 de hoje com calafrios e v\u00f4mitos. Segundo a nota divulgada \u00e0 imprensa, Bolsonaro chegou \u00e0 unidade com febre alta e quadro de satura\u00e7\u00e3o de oxig\u00eanio. O boletim \u00e9 assinado pelos m\u00e9dicos Brasil Caiado (cardiologista), Ant\u00f4nio Aur\u00e9lio de Paiva Fagundes J\u00fanior (coordenador da UTI geral) e Allisson B. Barcelos Borges (diretor geral). Batalh\u00e3o comunicou STF da condu\u00e7\u00e3o de Bolsonaro ao hospital. O comandante Allenson Nascimento Lopes confirmou que o ex-presidente \u201capresentou um quadro s\u00fabito de mal-estar em sua cela\u201d. Segundo ele, a equipe m\u00e9dica de plant\u00e3o no pres\u00eddio foi \u201cimediatamente acionada\u201d e \u201cconstatou a necessidade de remo\u00e7\u00e3o hospitalar imediata\u201d. Moraes mandou a PMDF (Pol\u00edcia Militar do Distrito Federal) vigiar 24 horas a entrada da sala onde Bolsonaro est\u00e1 internado, no hospital DF Star.Ministro tamb\u00e9m proibiu a entrada de qualquer aparelho eletr\u00f4nico no recinto. Moraes autorizou que Michelle Bolsonaro entre no hospital como acompanhante de Bolsonaro. Tamb\u00e9m est\u00e3o autorizadas as visitas dos filhos do ex-presidente. O senador Fl\u00e1vio Bolsonaro (PL-RJ) pediu a transfer\u00eancia de Jair Bolsonaro (PL) para a pris\u00e3o domiciliar. \u201cO m\u00ednimo que ele deveria ter \u00e9 essa domiciliar humanit\u00e1ria, em casa, onde possa ter cuidado permanente da fam\u00edlia e assist\u00eancia t\u00e9cnica\u201d, disse a jornalistas ap\u00f3s visitar o pai. \u201cTem zilh\u00f5es de casos muito menos graves em que as pessoas est\u00e3o na domiciliar humanit\u00e1ria.\u201d \u00daltima passagem do ex-presidente pelo hospital foi no Natal, para uma cirurgia de h\u00e9rnia. Ele sofre com as sequelas da facada que levou no abd\u00f4men durante a campanha eleitoral de 2018. Desde ent\u00e3o, passou por diversas cirurgias \u2014a defesa pede a pris\u00e3o domiciliar de Bolsonaro desde que foi preso em novembro, mas em todas as solicita\u00e7\u00f5es o ministro do STF Alexandre de Moraes negou. Noticias em Destaque Com UOL<\/p>\n","protected":false},"author":2,"featured_media":77070,"comment_status":"closed","ping_status":"closed","sticky":false,"template":"","format":"standard","meta":{"_eb_attr":"","_jetpack_memberships_contains_paid_content":false,"footnotes":""},"categories":[12],"tags":[],"class_list":["post-77069","post","type-post","status-publish","format-standard","has-post-thumbnail","hentry","category-geral"],"yoast_head":"<!-- This site is optimized with the Yoast SEO plugin v26.5 - https:\/\/yoast.com\/wordpress\/plugins\/seo\/ -->\n<title>Bolsonaro est\u00e1 na UTI com broncopneumonia, diz boletim m\u00e9dico - Not&iacute;cias em Destaque<\/title>\n<meta name=\"robots\" content=\"index, follow, max-snippet:-1, max-image-preview:large, max-video-preview:-1\" \/>\n<link rel=\"canonical\" href=\"https:\/\/noticiasemdestaque.com\/cd\/?p=77069\" \/>\n<meta property=\"og:locale\" content=\"pt_BR\" \/>\n<meta property=\"og:type\" content=\"article\" \/>\n<meta property=\"og:title\" content=\"Bolsonaro est\u00e1 na UTI com broncopneumonia, diz boletim m\u00e9dico - Not&iacute;cias em Destaque\" \/>\n<meta property=\"og:description\" content=\"O ex-presidente Jair Bolsonaro (PL) est\u00e1 internado na UTI do hospital DF Star, em Bras\u00edlia, segundo o boletim m\u00e9dico divulgado hoje. O que aconteceu Exames confirmaram que ele est\u00e1 com broncopneumonia bacteriana bilateral, diz o texto. \u201cEst\u00e1 em tratamento com antibioticoterapia venosa e suporte cl\u00ednico n\u00e3o invasivo\u201d, afirma o boletim. De acordo com os m\u00e9dicos, a broncopneumonia \u00e9 de \u201cprov\u00e1vel origem aspirativa\u201d. O ex-presidente foi levado ao hospital na manh\u00e3 de hoje com calafrios e v\u00f4mitos. Segundo a nota divulgada \u00e0 imprensa, Bolsonaro chegou \u00e0 unidade com febre alta e quadro de satura\u00e7\u00e3o de oxig\u00eanio. O boletim \u00e9 assinado pelos m\u00e9dicos Brasil Caiado (cardiologista), Ant\u00f4nio Aur\u00e9lio de Paiva Fagundes J\u00fanior (coordenador da UTI geral) e Allisson B. Barcelos Borges (diretor geral). Batalh\u00e3o comunicou STF da condu\u00e7\u00e3o de Bolsonaro ao hospital. O comandante Allenson Nascimento Lopes confirmou que o ex-presidente \u201capresentou um quadro s\u00fabito de mal-estar em sua cela\u201d. Segundo ele, a equipe m\u00e9dica de plant\u00e3o no pres\u00eddio foi \u201cimediatamente acionada\u201d e \u201cconstatou a necessidade de remo\u00e7\u00e3o hospitalar imediata\u201d. Moraes mandou a PMDF (Pol\u00edcia Militar do Distrito Federal) vigiar 24 horas a entrada da sala onde Bolsonaro est\u00e1 internado, no hospital DF Star.Ministro tamb\u00e9m proibiu a entrada de qualquer aparelho eletr\u00f4nico no recinto. Moraes autorizou que Michelle Bolsonaro entre no hospital como acompanhante de Bolsonaro. Tamb\u00e9m est\u00e3o autorizadas as visitas dos filhos do ex-presidente. O senador Fl\u00e1vio Bolsonaro (PL-RJ) pediu a transfer\u00eancia de Jair Bolsonaro (PL) para a pris\u00e3o domiciliar. \u201cO m\u00ednimo que ele deveria ter \u00e9 essa domiciliar humanit\u00e1ria, em casa, onde possa ter cuidado permanente da fam\u00edlia e assist\u00eancia t\u00e9cnica\u201d, disse a jornalistas ap\u00f3s visitar o pai. \u201cTem zilh\u00f5es de casos muito menos graves em que as pessoas est\u00e3o na domiciliar humanit\u00e1ria.\u201d \u00daltima passagem do ex-presidente pelo hospital foi no Natal, para uma cirurgia de h\u00e9rnia. Ele sofre com as sequelas da facada que levou no abd\u00f4men durante a campanha eleitoral de 2018. Desde ent\u00e3o, passou por diversas cirurgias \u2014a defesa pede a pris\u00e3o domiciliar de Bolsonaro desde que foi preso em novembro, mas em todas as solicita\u00e7\u00f5es o ministro do STF Alexandre de Moraes negou. Noticias em Destaque Com UOL\" \/>\n<meta property=\"og:url\" content=\"https:\/\/noticiasemdestaque.com\/cd\/?p=77069\" \/>\n<meta property=\"og:site_name\" content=\"Not&iacute;cias em Destaque\" \/>\n<meta property=\"article:published_time\" content=\"2026-03-13T17:39:13+00:00\" \/>\n<meta property=\"article:modified_time\" content=\"2026-03-13T17:39:20+00:00\" \/>\n<meta property=\"og:image\" content=\"https:\/\/noticiasemdestaque.com\/cd\/wp-content\/uploads\/2026\/03\/bolsonaro.webp\" \/>\n\t<meta property=\"og:image:width\" content=\"640\" \/>\n\t<meta property=\"og:image:height\" content=\"360\" \/>\n\t<meta property=\"og:image:type\" content=\"image\/webp\" \/>\n<meta name=\"author\" content=\"Not\u00edcias em Destaque\" \/>\n<meta name=\"twitter:card\" content=\"summary_large_image\" \/>\n<meta name=\"twitter:label1\" content=\"Escrito por\" \/>\n\t<meta name=\"twitter:data1\" content=\"Not\u00edcias em Destaque\" \/>\n\t<meta name=\"twitter:label2\" content=\"Est. tempo de leitura\" \/>\n\t<meta name=\"twitter:data2\" content=\"3 minutos\" \/>\n<script type=\"application\/ld+json\" class=\"yoast-schema-graph\">{\"@context\":\"https:\/\/schema.org\",\"@graph\":[{\"@type\":\"Article\",\"@id\":\"https:\/\/noticiasemdestaque.com\/cd\/?p=77069#article\",\"isPartOf\":{\"@id\":\"https:\/\/noticiasemdestaque.com\/cd\/?p=77069\"},\"author\":{\"name\":\"Not\u00edcias em Destaque\",\"@id\":\"https:\/\/noticiasemdestaque.com\/cd\/#\/schema\/person\/967a459378479d4fa07976fedd8a7b5e\"},\"headline\":\"Bolsonaro est\u00e1 na UTI com broncopneumonia, diz boletim m\u00e9dico\",\"datePublished\":\"2026-03-13T17:39:13+00:00\",\"dateModified\":\"2026-03-13T17:39:20+00:00\",\"mainEntityOfPage\":{\"@id\":\"https:\/\/noticiasemdestaque.com\/cd\/?p=77069\"},\"wordCount\":398,\"publisher\":{\"@id\":\"https:\/\/noticiasemdestaque.com\/cd\/#organization\"},\"image\":{\"@id\":\"https:\/\/noticiasemdestaque.com\/cd\/?p=77069#primaryimage\"},\"thumbnailUrl\":\"https:\/\/noticiasemdestaque.com\/cd\/wp-content\/uploads\/2026\/03\/bolsonaro.webp\",\"articleSection\":[\"Geral\"],\"inLanguage\":\"pt-BR\"},{\"@type\":\"WebPage\",\"@id\":\"https:\/\/noticiasemdestaque.com\/cd\/?p=77069\",\"url\":\"https:\/\/noticiasemdestaque.com\/cd\/?p=77069\",\"name\":\"Bolsonaro est\u00e1 na UTI com broncopneumonia, diz boletim m\u00e9dico - Not&iacute;cias em Destaque\",\"isPartOf\":{\"@id\":\"https:\/\/noticiasemdestaque.com\/cd\/#website\"},\"primaryImageOfPage\":{\"@id\":\"https:\/\/noticiasemdestaque.com\/cd\/?p=77069#primaryimage\"},\"image\":{\"@id\":\"https:\/\/noticiasemdestaque.com\/cd\/?p=77069#primaryimage\"},\"thumbnailUrl\":\"https:\/\/noticiasemdestaque.com\/cd\/wp-content\/uploads\/2026\/03\/bolsonaro.webp\",\"datePublished\":\"2026-03-13T17:39:13+00:00\",\"dateModified\":\"2026-03-13T17:39:20+00:00\",\"breadcrumb\":{\"@id\":\"https:\/\/noticiasemdestaque.com\/cd\/?p=77069#breadcrumb\"},\"inLanguage\":\"pt-BR\",\"potentialAction\":[{\"@type\":\"ReadAction\",\"target\":[\"https:\/\/noticiasemdestaque.com\/cd\/?p=77069\"]}]},{\"@type\":\"ImageObject\",\"inLanguage\":\"pt-BR\",\"@id\":\"https:\/\/noticiasemdestaque.com\/cd\/?p=77069#primaryimage\",\"url\":\"https:\/\/noticiasemdestaque.com\/cd\/wp-content\/uploads\/2026\/03\/bolsonaro.webp\",\"contentUrl\":\"https:\/\/noticiasemdestaque.com\/cd\/wp-content\/uploads\/2026\/03\/bolsonaro.webp\",\"width\":640,\"height\":360},{\"@type\":\"BreadcrumbList\",\"@id\":\"https:\/\/noticiasemdestaque.com\/cd\/?p=77069#breadcrumb\",\"itemListElement\":[{\"@type\":\"ListItem\",\"position\":1,\"name\":\"In\u00edcio\",\"item\":\"https:\/\/noticiasemdestaque.com\/cd\/\"},{\"@type\":\"ListItem\",\"position\":2,\"name\":\"Bolsonaro est\u00e1 na UTI com broncopneumonia, diz boletim m\u00e9dico\"}]},{\"@type\":\"WebSite\",\"@id\":\"https:\/\/noticiasemdestaque.com\/cd\/#website\",\"url\":\"https:\/\/noticiasemdestaque.com\/cd\/\",\"name\":\"Not&iacute;cias em Destaque\",\"description\":\"\",\"publisher\":{\"@id\":\"https:\/\/noticiasemdestaque.com\/cd\/#organization\"},\"potentialAction\":[{\"@type\":\"SearchAction\",\"target\":{\"@type\":\"EntryPoint\",\"urlTemplate\":\"https:\/\/noticiasemdestaque.com\/cd\/?s={search_term_string}\"},\"query-input\":{\"@type\":\"PropertyValueSpecification\",\"valueRequired\":true,\"valueName\":\"search_term_string\"}}],\"inLanguage\":\"pt-BR\"},{\"@type\":\"Organization\",\"@id\":\"https:\/\/noticiasemdestaque.com\/cd\/#organization\",\"name\":\"Not\u00edcias em Destaque\",\"url\":\"https:\/\/noticiasemdestaque.com\/cd\/\",\"logo\":{\"@type\":\"ImageObject\",\"inLanguage\":\"pt-BR\",\"@id\":\"https:\/\/noticiasemdestaque.com\/cd\/#\/schema\/logo\/image\/\",\"url\":\"https:\/\/noticiasemdestaque.com\/cd\/wp-content\/uploads\/2022\/05\/imagem-base-noticiasemdestaque.png\",\"contentUrl\":\"https:\/\/noticiasemdestaque.com\/cd\/wp-content\/uploads\/2022\/05\/imagem-base-noticiasemdestaque.png\",\"width\":1200,\"height\":630,\"caption\":\"Not\u00edcias em Destaque\"},\"image\":{\"@id\":\"https:\/\/noticiasemdestaque.com\/cd\/#\/schema\/logo\/image\/\"}},{\"@type\":\"Person\",\"@id\":\"https:\/\/noticiasemdestaque.com\/cd\/#\/schema\/person\/967a459378479d4fa07976fedd8a7b5e\",\"name\":\"Not\u00edcias em Destaque\",\"url\":\"https:\/\/noticiasemdestaque.com\/cd\/?author=2\"}]}<\/script>\n<!-- \/ Yoast SEO plugin. -->","yoast_head_json":{"title":"Bolsonaro est\u00e1 na UTI com broncopneumonia, diz boletim m\u00e9dico - Not&iacute;cias em Destaque","robots":{"index":"index","follow":"follow","max-snippet":"max-snippet:-1","max-image-preview":"max-image-preview:large","max-video-preview":"max-video-preview:-1"},"canonical":"https:\/\/noticiasemdestaque.com\/cd\/?p=77069","og_locale":"pt_BR","og_type":"article","og_title":"Bolsonaro est\u00e1 na UTI com broncopneumonia, diz boletim m\u00e9dico - Not&iacute;cias em Destaque","og_description":"O ex-presidente Jair Bolsonaro (PL) est\u00e1 internado na UTI do hospital DF Star, em Bras\u00edlia, segundo o boletim m\u00e9dico divulgado hoje. O que aconteceu Exames confirmaram que ele est\u00e1 com broncopneumonia bacteriana bilateral, diz o texto. \u201cEst\u00e1 em tratamento com antibioticoterapia venosa e suporte cl\u00ednico n\u00e3o invasivo\u201d, afirma o boletim. De acordo com os m\u00e9dicos, a broncopneumonia \u00e9 de \u201cprov\u00e1vel origem aspirativa\u201d. O ex-presidente foi levado ao hospital na manh\u00e3 de hoje com calafrios e v\u00f4mitos. Segundo a nota divulgada \u00e0 imprensa, Bolsonaro chegou \u00e0 unidade com febre alta e quadro de satura\u00e7\u00e3o de oxig\u00eanio. O boletim \u00e9 assinado pelos m\u00e9dicos Brasil Caiado (cardiologista), Ant\u00f4nio Aur\u00e9lio de Paiva Fagundes J\u00fanior (coordenador da UTI geral) e Allisson B. Barcelos Borges (diretor geral). Batalh\u00e3o comunicou STF da condu\u00e7\u00e3o de Bolsonaro ao hospital. O comandante Allenson Nascimento Lopes confirmou que o ex-presidente \u201capresentou um quadro s\u00fabito de mal-estar em sua cela\u201d. Segundo ele, a equipe m\u00e9dica de plant\u00e3o no pres\u00eddio foi \u201cimediatamente acionada\u201d e \u201cconstatou a necessidade de remo\u00e7\u00e3o hospitalar imediata\u201d. Moraes mandou a PMDF (Pol\u00edcia Militar do Distrito Federal) vigiar 24 horas a entrada da sala onde Bolsonaro est\u00e1 internado, no hospital DF Star.Ministro tamb\u00e9m proibiu a entrada de qualquer aparelho eletr\u00f4nico no recinto. Moraes autorizou que Michelle Bolsonaro entre no hospital como acompanhante de Bolsonaro. Tamb\u00e9m est\u00e3o autorizadas as visitas dos filhos do ex-presidente. O senador Fl\u00e1vio Bolsonaro (PL-RJ) pediu a transfer\u00eancia de Jair Bolsonaro (PL) para a pris\u00e3o domiciliar. \u201cO m\u00ednimo que ele deveria ter \u00e9 essa domiciliar humanit\u00e1ria, em casa, onde possa ter cuidado permanente da fam\u00edlia e assist\u00eancia t\u00e9cnica\u201d, disse a jornalistas ap\u00f3s visitar o pai. \u201cTem zilh\u00f5es de casos muito menos graves em que as pessoas est\u00e3o na domiciliar humanit\u00e1ria.\u201d \u00daltima passagem do ex-presidente pelo hospital foi no Natal, para uma cirurgia de h\u00e9rnia. Ele sofre com as sequelas da facada que levou no abd\u00f4men durante a campanha eleitoral de 2018. Desde ent\u00e3o, passou por diversas cirurgias \u2014a defesa pede a pris\u00e3o domiciliar de Bolsonaro desde que foi preso em novembro, mas em todas as solicita\u00e7\u00f5es o ministro do STF Alexandre de Moraes negou. Noticias em Destaque Com UOL","og_url":"https:\/\/noticiasemdestaque.com\/cd\/?p=77069","og_site_name":"Not&iacute;cias em Destaque","article_published_time":"2026-03-13T17:39:13+00:00","article_modified_time":"2026-03-13T17:39:20+00:00","og_image":[{"width":640,"height":360,"url":"https:\/\/noticiasemdestaque.com\/cd\/wp-content\/uploads\/2026\/03\/bolsonaro.webp","type":"image\/webp"}],"author":"Not\u00edcias em Destaque","twitter_card":"summary_large_image","twitter_misc":{"Escrito por":"Not\u00edcias em Destaque","Est. tempo de leitura":"3 minutos"},"schema":{"@context":"https:\/\/schema.org","@graph":[{"@type":"Article","@id":"https:\/\/noticiasemdestaque.com\/cd\/?p=77069#article","isPartOf":{"@id":"https:\/\/noticiasemdestaque.com\/cd\/?p=77069"},"author":{"name":"Not\u00edcias em Destaque","@id":"https:\/\/noticiasemdestaque.com\/cd\/#\/schema\/person\/967a459378479d4fa07976fedd8a7b5e"},"headline":"Bolsonaro est\u00e1 na UTI com broncopneumonia, diz boletim m\u00e9dico","datePublished":"2026-03-13T17:39:13+00:00","dateModified":"2026-03-13T17:39:20+00:00","mainEntityOfPage":{"@id":"https:\/\/noticiasemdestaque.com\/cd\/?p=77069"},"wordCount":398,"publisher":{"@id":"https:\/\/noticiasemdestaque.com\/cd\/#organization"},"image":{"@id":"https:\/\/noticiasemdestaque.com\/cd\/?p=77069#primaryimage"},"thumbnailUrl":"https:\/\/noticiasemdestaque.com\/cd\/wp-content\/uploads\/2026\/03\/bolsonaro.webp","articleSection":["Geral"],"inLanguage":"pt-BR"},{"@type":"WebPage","@id":"https:\/\/noticiasemdestaque.com\/cd\/?p=77069","url":"https:\/\/noticiasemdestaque.com\/cd\/?p=77069","name":"Bolsonaro est\u00e1 na UTI com broncopneumonia, diz boletim m\u00e9dico - Not&iacute;cias em Destaque","isPartOf":{"@id":"https:\/\/noticiasemdestaque.com\/cd\/#website"},"primaryImageOfPage":{"@id":"https:\/\/noticiasemdestaque.com\/cd\/?p=77069#primaryimage"},"image":{"@id":"https:\/\/noticiasemdestaque.com\/cd\/?p=77069#primaryimage"},"thumbnailUrl":"https:\/\/noticiasemdestaque.com\/cd\/wp-content\/uploads\/2026\/03\/bolsonaro.webp","datePublished":"2026-03-13T17:39:13+00:00","dateModified":"2026-03-13T17:39:20+00:00","breadcrumb":{"@id":"https:\/\/noticiasemdestaque.com\/cd\/?p=77069#breadcrumb"},"inLanguage":"pt-BR","potentialAction":[{"@type":"ReadAction","target":["https:\/\/noticiasemdestaque.com\/cd\/?p=77069"]}]},{"@type":"ImageObject","inLanguage":"pt-BR","@id":"https:\/\/noticiasemdestaque.com\/cd\/?p=77069#primaryimage","url":"https:\/\/noticiasemdestaque.com\/cd\/wp-content\/uploads\/2026\/03\/bolsonaro.webp","contentUrl":"https:\/\/noticiasemdestaque.com\/cd\/wp-content\/uploads\/2026\/03\/bolsonaro.webp","width":640,"height":360},{"@type":"BreadcrumbList","@id":"https:\/\/noticiasemdestaque.com\/cd\/?p=77069#breadcrumb","itemListElement":[{"@type":"ListItem","position":1,"name":"In\u00edcio","item":"https:\/\/noticiasemdestaque.com\/cd\/"},{"@type":"ListItem","position":2,"name":"Bolsonaro est\u00e1 na UTI com broncopneumonia, diz boletim m\u00e9dico"}]},{"@type":"WebSite","@id":"https:\/\/noticiasemdestaque.com\/cd\/#website","url":"https:\/\/noticiasemdestaque.com\/cd\/","name":"Not&iacute;cias em Destaque","description":"","publisher":{"@id":"https:\/\/noticiasemdestaque.com\/cd\/#organization"},"potentialAction":[{"@type":"SearchAction","target":{"@type":"EntryPoint","urlTemplate":"https:\/\/noticiasemdestaque.com\/cd\/?s={search_term_string}"},"query-input":{"@type":"PropertyValueSpecification","valueRequired":true,"valueName":"search_term_string"}}],"inLanguage":"pt-BR"},{"@type":"Organization","@id":"https:\/\/noticiasemdestaque.com\/cd\/#organization","name":"Not\u00edcias em Destaque","url":"https:\/\/noticiasemdestaque.com\/cd\/","logo":{"@type":"ImageObject","inLanguage":"pt-BR","@id":"https:\/\/noticiasemdestaque.com\/cd\/#\/schema\/logo\/image\/","url":"https:\/\/noticiasemdestaque.com\/cd\/wp-content\/uploads\/2022\/05\/imagem-base-noticiasemdestaque.png","contentUrl":"https:\/\/noticiasemdestaque.com\/cd\/wp-content\/uploads\/2022\/05\/imagem-base-noticiasemdestaque.png","width":1200,"height":630,"caption":"Not\u00edcias em Destaque"},"image":{"@id":"https:\/\/noticiasemdestaque.com\/cd\/#\/schema\/logo\/image\/"}},{"@type":"Person","@id":"https:\/\/noticiasemdestaque.com\/cd\/#\/schema\/person\/967a459378479d4fa07976fedd8a7b5e","name":"Not\u00edcias em Destaque","url":"https:\/\/noticiasemdestaque.com\/cd\/?author=2"}]}},"jetpack_featured_media_url":"https:\/\/noticiasemdestaque.com\/cd\/wp-content\/uploads\/2026\/03\/bolsonaro.webp","jetpack_sharing_enabled":true,"_links":{"self":[{"href":"https:\/\/noticiasemdestaque.com\/cd\/index.php?rest_route=\/wp\/v2\/posts\/77069","targetHints":{"allow":["GET"]}}],"collection":[{"href":"https:\/\/noticiasemdestaque.com\/cd\/index.php?rest_route=\/wp\/v2\/posts"}],"about":[{"href":"https:\/\/noticiasemdestaque.com\/cd\/index.php?rest_route=\/wp\/v2\/types\/post"}],"author":[{"embeddable":true,"href":"https:\/\/noticiasemdestaque.com\/cd\/index.php?rest_route=\/wp\/v2\/users\/2"}],"replies":[{"embeddable":true,"href":"https:\/\/noticiasemdestaque.com\/cd\/index.php?rest_route=%2Fwp%2Fv2%2Fcomments&post=77069"}],"version-history":[{"count":1,"href":"https:\/\/noticiasemdestaque.com\/cd\/index.php?rest_route=\/wp\/v2\/posts\/77069\/revisions"}],"predecessor-version":[{"id":77071,"href":"https:\/\/noticiasemdestaque.com\/cd\/index.php?rest_route=\/wp\/v2\/posts\/77069\/revisions\/77071"}],"wp:featuredmedia":[{"embeddable":true,"href":"https:\/\/noticiasemdestaque.com\/cd\/index.php?rest_route=\/wp\/v2\/media\/77070"}],"wp:attachment":[{"href":"https:\/\/noticiasemdestaque.com\/cd\/index.php?rest_route=%2Fwp%2Fv2%2Fmedia&parent=77069"}],"wp:term":[{"taxonomy":"category","embeddable":true,"href":"https:\/\/noticiasemdestaque.com\/cd\/index.php?rest_route=%2Fwp%2Fv2%2Fcategories&post=77069"},{"taxonomy":"post_tag","embeddable":true,"href":"https:\/\/noticiasemdestaque.com\/cd\/index.php?rest_route=%2Fwp%2Fv2%2Ftags&post=77069"}],"curies":[{"name":"wp","href":"https:\/\/api.w.org\/{rel}","templated":true}]}}