{"id":77066,"date":"2026-03-13T11:04:35","date_gmt":"2026-03-13T14:04:35","guid":{"rendered":"https:\/\/noticiasemdestaque.com\/cd\/?p=77066"},"modified":"2026-03-13T11:04:35","modified_gmt":"2026-03-13T14:04:35","slug":"prefeito-da-prata-assina-convenio-de-mais-de-r-15-milhao-para-construcao-de-abatedouro-publico","status":"publish","type":"post","link":"https:\/\/noticiasemdestaque.com\/cd\/?p=77066","title":{"rendered":"Prefeito da Prata assina conv\u00eanio de mais de R$ 1,5 milh\u00e3o para constru\u00e7\u00e3o de abatedouro p\u00fablico"},"content":{"rendered":"<p><a href=\"https:\/\/noticiasemdestaque.com\/cd\/wp-content\/uploads\/2026\/03\/image.png\"><img fetchpriority=\"high\" decoding=\"async\" class=\" wp-image-77067 aligncenter\" src=\"https:\/\/noticiasemdestaque.com\/cd\/wp-content\/uploads\/2026\/03\/image-300x169.png\" alt=\"\" width=\"896\" height=\"505\" srcset=\"https:\/\/noticiasemdestaque.com\/cd\/wp-content\/uploads\/2026\/03\/image-300x169.png 300w, https:\/\/noticiasemdestaque.com\/cd\/wp-content\/uploads\/2026\/03\/image-1024x576.png 1024w, https:\/\/noticiasemdestaque.com\/cd\/wp-content\/uploads\/2026\/03\/image-768x432.png 768w, https:\/\/noticiasemdestaque.com\/cd\/wp-content\/uploads\/2026\/03\/image.png 1440w\" sizes=\"(max-width: 896px) 100vw, 896px\" \/><\/a><\/p>\n<p style=\"font-weight: 400;\">O prefeito Genivaldo Temb\u00f3rio, do munic\u00edpio de Prata, participou nesta semana de um importante evento em Monteiro, onde foi realizada a certifica\u00e7\u00e3o do SUSAF\/PB e tamb\u00e9m a assinatura de novos conv\u00eanios entre munic\u00edpios e o Governo do Estado.<\/p>\n<p style=\"font-weight: 400;\">Durante a programa\u00e7\u00e3o, o gestor assinou um conv\u00eanio com o Governo da Para\u00edba para a constru\u00e7\u00e3o de um abatedouro p\u00fablico no munic\u00edpio da Prata. O investimento \u00e9 de R$ 1.509.829,43, recurso que ser\u00e1 destinado \u00e0 implanta\u00e7\u00e3o da estrutura, considerada importante para fortalecer a cadeia produtiva local.<\/p>\n<p style=\"font-weight: 400;\">De acordo com o prefeito, a iniciativa representa um avan\u00e7o significativo para o desenvolvimento econ\u00f4mico do munic\u00edpio, especialmente para produtores rurais e trabalhadores ligados ao setor agropecu\u00e1rio.<\/p>\n<p style=\"font-weight: 400;\">Genivaldo Temb\u00f3rio tamb\u00e9m agradeceu o apoio do governador Jo\u00e3o Azev\u00eado e destacou a articula\u00e7\u00e3o da ex-prefeita Anna Lorena N\u00f3brega para a concretiza\u00e7\u00e3o do conv\u00eanio.<\/p>\n<p style=\"font-weight: 400;\">O gestor ainda reconheceu a parceria de representantes de institui\u00e7\u00f5es e \u00f3rg\u00e3os ligados ao desenvolvimento regional, entre eles Madalena Arruda, Joaquim Hugo Vieira, Pedro Martins e Ricardo Morato.<\/p>\n<p style=\"font-weight: 400;\">Segundo a gest\u00e3o municipal, a constru\u00e7\u00e3o do abatedouro deve contribuir para melhorar as condi\u00e7\u00f5es de abate, garantir mais seguran\u00e7a sanit\u00e1ria e fortalecer a economia local, beneficiando produtores e comerciantes da regi\u00e3o.<\/p>\n<p style=\"font-weight: 400;\"><strong>Noticias em Destaque<\/strong><\/p>\n<p style=\"font-weight: 400; text-align: right;\"><em>Fonte: Blog do Andr\u00e9<\/em><\/p>\n","protected":false},"excerpt":{"rendered":"<p>O prefeito Genivaldo Temb\u00f3rio, do munic\u00edpio de Prata, participou nesta semana de um importante evento em Monteiro, onde foi realizada a certifica\u00e7\u00e3o do SUSAF\/PB e tamb\u00e9m a assinatura de novos conv\u00eanios entre munic\u00edpios e o Governo do Estado. Durante a programa\u00e7\u00e3o, o gestor assinou um conv\u00eanio com o Governo da Para\u00edba para a constru\u00e7\u00e3o de um abatedouro p\u00fablico no munic\u00edpio da Prata. O investimento \u00e9 de R$ 1.509.829,43, recurso que ser\u00e1 destinado \u00e0 implanta\u00e7\u00e3o da estrutura, considerada importante para fortalecer a cadeia produtiva local. De acordo com o prefeito, a iniciativa representa um avan\u00e7o significativo para o desenvolvimento econ\u00f4mico do munic\u00edpio, especialmente para produtores rurais e trabalhadores ligados ao setor agropecu\u00e1rio. Genivaldo Temb\u00f3rio tamb\u00e9m agradeceu o apoio do governador Jo\u00e3o Azev\u00eado e destacou a articula\u00e7\u00e3o da ex-prefeita Anna Lorena N\u00f3brega para a concretiza\u00e7\u00e3o do conv\u00eanio. O gestor ainda reconheceu a parceria de representantes de institui\u00e7\u00f5es e \u00f3rg\u00e3os ligados ao desenvolvimento regional, entre eles Madalena Arruda, Joaquim Hugo Vieira, Pedro Martins e Ricardo Morato. Segundo a gest\u00e3o municipal, a constru\u00e7\u00e3o do abatedouro deve contribuir para melhorar as condi\u00e7\u00f5es de abate, garantir mais seguran\u00e7a sanit\u00e1ria e fortalecer a economia local, beneficiando produtores e comerciantes da regi\u00e3o. Noticias em Destaque Fonte: Blog do Andr\u00e9<\/p>\n","protected":false},"author":2,"featured_media":77067,"comment_status":"closed","ping_status":"closed","sticky":false,"template":"","format":"standard","meta":{"_eb_attr":"","_jetpack_memberships_contains_paid_content":false,"footnotes":""},"categories":[3],"tags":[],"class_list":["post-77066","post","type-post","status-publish","format-standard","has-post-thumbnail","hentry","category-cidades"],"yoast_head":"<!-- This site is optimized with the Yoast SEO plugin v26.5 - https:\/\/yoast.com\/wordpress\/plugins\/seo\/ -->\n<title>Prefeito da Prata assina conv\u00eanio de mais de R$ 1,5 milh\u00e3o para constru\u00e7\u00e3o de abatedouro p\u00fablico - Not&iacute;cias em Destaque<\/title>\n<meta name=\"robots\" content=\"index, follow, max-snippet:-1, max-image-preview:large, max-video-preview:-1\" \/>\n<link rel=\"canonical\" href=\"https:\/\/noticiasemdestaque.com\/cd\/?p=77066\" \/>\n<meta property=\"og:locale\" content=\"pt_BR\" \/>\n<meta property=\"og:type\" content=\"article\" \/>\n<meta property=\"og:title\" content=\"Prefeito da Prata assina conv\u00eanio de mais de R$ 1,5 milh\u00e3o para constru\u00e7\u00e3o de abatedouro p\u00fablico - Not&iacute;cias em Destaque\" \/>\n<meta property=\"og:description\" content=\"O prefeito Genivaldo Temb\u00f3rio, do munic\u00edpio de Prata, participou nesta semana de um importante evento em Monteiro, onde foi realizada a certifica\u00e7\u00e3o do SUSAF\/PB e tamb\u00e9m a assinatura de novos conv\u00eanios entre munic\u00edpios e o Governo do Estado. Durante a programa\u00e7\u00e3o, o gestor assinou um conv\u00eanio com o Governo da Para\u00edba para a constru\u00e7\u00e3o de um abatedouro p\u00fablico no munic\u00edpio da Prata. O investimento \u00e9 de R$ 1.509.829,43, recurso que ser\u00e1 destinado \u00e0 implanta\u00e7\u00e3o da estrutura, considerada importante para fortalecer a cadeia produtiva local. De acordo com o prefeito, a iniciativa representa um avan\u00e7o significativo para o desenvolvimento econ\u00f4mico do munic\u00edpio, especialmente para produtores rurais e trabalhadores ligados ao setor agropecu\u00e1rio. Genivaldo Temb\u00f3rio tamb\u00e9m agradeceu o apoio do governador Jo\u00e3o Azev\u00eado e destacou a articula\u00e7\u00e3o da ex-prefeita Anna Lorena N\u00f3brega para a concretiza\u00e7\u00e3o do conv\u00eanio. O gestor ainda reconheceu a parceria de representantes de institui\u00e7\u00f5es e \u00f3rg\u00e3os ligados ao desenvolvimento regional, entre eles Madalena Arruda, Joaquim Hugo Vieira, Pedro Martins e Ricardo Morato. Segundo a gest\u00e3o municipal, a constru\u00e7\u00e3o do abatedouro deve contribuir para melhorar as condi\u00e7\u00f5es de abate, garantir mais seguran\u00e7a sanit\u00e1ria e fortalecer a economia local, beneficiando produtores e comerciantes da regi\u00e3o. Noticias em Destaque Fonte: Blog do Andr\u00e9\" \/>\n<meta property=\"og:url\" content=\"https:\/\/noticiasemdestaque.com\/cd\/?p=77066\" \/>\n<meta property=\"og:site_name\" content=\"Not&iacute;cias em Destaque\" \/>\n<meta property=\"article:published_time\" content=\"2026-03-13T14:04:35+00:00\" \/>\n<meta property=\"og:image\" content=\"https:\/\/noticiasemdestaque.com\/cd\/wp-content\/uploads\/2026\/03\/image.png\" \/>\n\t<meta property=\"og:image:width\" content=\"1440\" \/>\n\t<meta property=\"og:image:height\" content=\"810\" \/>\n\t<meta property=\"og:image:type\" content=\"image\/png\" \/>\n<meta name=\"author\" content=\"Not\u00edcias em Destaque\" \/>\n<meta name=\"twitter:card\" content=\"summary_large_image\" \/>\n<meta name=\"twitter:label1\" content=\"Escrito por\" \/>\n\t<meta name=\"twitter:data1\" content=\"Not\u00edcias em Destaque\" \/>\n\t<meta name=\"twitter:label2\" content=\"Est. tempo de leitura\" \/>\n\t<meta name=\"twitter:data2\" content=\"2 minutos\" \/>\n<script type=\"application\/ld+json\" class=\"yoast-schema-graph\">{\"@context\":\"https:\/\/schema.org\",\"@graph\":[{\"@type\":\"Article\",\"@id\":\"https:\/\/noticiasemdestaque.com\/cd\/?p=77066#article\",\"isPartOf\":{\"@id\":\"https:\/\/noticiasemdestaque.com\/cd\/?p=77066\"},\"author\":{\"name\":\"Not\u00edcias em Destaque\",\"@id\":\"https:\/\/noticiasemdestaque.com\/cd\/#\/schema\/person\/967a459378479d4fa07976fedd8a7b5e\"},\"headline\":\"Prefeito da Prata assina conv\u00eanio de mais de R$ 1,5 milh\u00e3o para constru\u00e7\u00e3o de abatedouro p\u00fablico\",\"datePublished\":\"2026-03-13T14:04:35+00:00\",\"mainEntityOfPage\":{\"@id\":\"https:\/\/noticiasemdestaque.com\/cd\/?p=77066\"},\"wordCount\":251,\"publisher\":{\"@id\":\"https:\/\/noticiasemdestaque.com\/cd\/#organization\"},\"image\":{\"@id\":\"https:\/\/noticiasemdestaque.com\/cd\/?p=77066#primaryimage\"},\"thumbnailUrl\":\"https:\/\/noticiasemdestaque.com\/cd\/wp-content\/uploads\/2026\/03\/image.png\",\"articleSection\":[\"Cidades\"],\"inLanguage\":\"pt-BR\"},{\"@type\":\"WebPage\",\"@id\":\"https:\/\/noticiasemdestaque.com\/cd\/?p=77066\",\"url\":\"https:\/\/noticiasemdestaque.com\/cd\/?p=77066\",\"name\":\"Prefeito da Prata assina conv\u00eanio de mais de R$ 1,5 milh\u00e3o para constru\u00e7\u00e3o de abatedouro p\u00fablico - Not&iacute;cias em Destaque\",\"isPartOf\":{\"@id\":\"https:\/\/noticiasemdestaque.com\/cd\/#website\"},\"primaryImageOfPage\":{\"@id\":\"https:\/\/noticiasemdestaque.com\/cd\/?p=77066#primaryimage\"},\"image\":{\"@id\":\"https:\/\/noticiasemdestaque.com\/cd\/?p=77066#primaryimage\"},\"thumbnailUrl\":\"https:\/\/noticiasemdestaque.com\/cd\/wp-content\/uploads\/2026\/03\/image.png\",\"datePublished\":\"2026-03-13T14:04:35+00:00\",\"breadcrumb\":{\"@id\":\"https:\/\/noticiasemdestaque.com\/cd\/?p=77066#breadcrumb\"},\"inLanguage\":\"pt-BR\",\"potentialAction\":[{\"@type\":\"ReadAction\",\"target\":[\"https:\/\/noticiasemdestaque.com\/cd\/?p=77066\"]}]},{\"@type\":\"ImageObject\",\"inLanguage\":\"pt-BR\",\"@id\":\"https:\/\/noticiasemdestaque.com\/cd\/?p=77066#primaryimage\",\"url\":\"https:\/\/noticiasemdestaque.com\/cd\/wp-content\/uploads\/2026\/03\/image.png\",\"contentUrl\":\"https:\/\/noticiasemdestaque.com\/cd\/wp-content\/uploads\/2026\/03\/image.png\",\"width\":1440,\"height\":810},{\"@type\":\"BreadcrumbList\",\"@id\":\"https:\/\/noticiasemdestaque.com\/cd\/?p=77066#breadcrumb\",\"itemListElement\":[{\"@type\":\"ListItem\",\"position\":1,\"name\":\"In\u00edcio\",\"item\":\"https:\/\/noticiasemdestaque.com\/cd\/\"},{\"@type\":\"ListItem\",\"position\":2,\"name\":\"Prefeito da Prata assina conv\u00eanio de mais de R$ 1,5 milh\u00e3o para constru\u00e7\u00e3o de abatedouro p\u00fablico\"}]},{\"@type\":\"WebSite\",\"@id\":\"https:\/\/noticiasemdestaque.com\/cd\/#website\",\"url\":\"https:\/\/noticiasemdestaque.com\/cd\/\",\"name\":\"Not&iacute;cias em Destaque\",\"description\":\"\",\"publisher\":{\"@id\":\"https:\/\/noticiasemdestaque.com\/cd\/#organization\"},\"potentialAction\":[{\"@type\":\"SearchAction\",\"target\":{\"@type\":\"EntryPoint\",\"urlTemplate\":\"https:\/\/noticiasemdestaque.com\/cd\/?s={search_term_string}\"},\"query-input\":{\"@type\":\"PropertyValueSpecification\",\"valueRequired\":true,\"valueName\":\"search_term_string\"}}],\"inLanguage\":\"pt-BR\"},{\"@type\":\"Organization\",\"@id\":\"https:\/\/noticiasemdestaque.com\/cd\/#organization\",\"name\":\"Not\u00edcias em Destaque\",\"url\":\"https:\/\/noticiasemdestaque.com\/cd\/\",\"logo\":{\"@type\":\"ImageObject\",\"inLanguage\":\"pt-BR\",\"@id\":\"https:\/\/noticiasemdestaque.com\/cd\/#\/schema\/logo\/image\/\",\"url\":\"https:\/\/noticiasemdestaque.com\/cd\/wp-content\/uploads\/2022\/05\/imagem-base-noticiasemdestaque.png\",\"contentUrl\":\"https:\/\/noticiasemdestaque.com\/cd\/wp-content\/uploads\/2022\/05\/imagem-base-noticiasemdestaque.png\",\"width\":1200,\"height\":630,\"caption\":\"Not\u00edcias em Destaque\"},\"image\":{\"@id\":\"https:\/\/noticiasemdestaque.com\/cd\/#\/schema\/logo\/image\/\"}},{\"@type\":\"Person\",\"@id\":\"https:\/\/noticiasemdestaque.com\/cd\/#\/schema\/person\/967a459378479d4fa07976fedd8a7b5e\",\"name\":\"Not\u00edcias em Destaque\",\"url\":\"https:\/\/noticiasemdestaque.com\/cd\/?author=2\"}]}<\/script>\n<!-- \/ Yoast SEO plugin. -->","yoast_head_json":{"title":"Prefeito da Prata assina conv\u00eanio de mais de R$ 1,5 milh\u00e3o para constru\u00e7\u00e3o de abatedouro p\u00fablico - Not&iacute;cias em Destaque","robots":{"index":"index","follow":"follow","max-snippet":"max-snippet:-1","max-image-preview":"max-image-preview:large","max-video-preview":"max-video-preview:-1"},"canonical":"https:\/\/noticiasemdestaque.com\/cd\/?p=77066","og_locale":"pt_BR","og_type":"article","og_title":"Prefeito da Prata assina conv\u00eanio de mais de R$ 1,5 milh\u00e3o para constru\u00e7\u00e3o de abatedouro p\u00fablico - Not&iacute;cias em Destaque","og_description":"O prefeito Genivaldo Temb\u00f3rio, do munic\u00edpio de Prata, participou nesta semana de um importante evento em Monteiro, onde foi realizada a certifica\u00e7\u00e3o do SUSAF\/PB e tamb\u00e9m a assinatura de novos conv\u00eanios entre munic\u00edpios e o Governo do Estado. Durante a programa\u00e7\u00e3o, o gestor assinou um conv\u00eanio com o Governo da Para\u00edba para a constru\u00e7\u00e3o de um abatedouro p\u00fablico no munic\u00edpio da Prata. O investimento \u00e9 de R$ 1.509.829,43, recurso que ser\u00e1 destinado \u00e0 implanta\u00e7\u00e3o da estrutura, considerada importante para fortalecer a cadeia produtiva local. De acordo com o prefeito, a iniciativa representa um avan\u00e7o significativo para o desenvolvimento econ\u00f4mico do munic\u00edpio, especialmente para produtores rurais e trabalhadores ligados ao setor agropecu\u00e1rio. Genivaldo Temb\u00f3rio tamb\u00e9m agradeceu o apoio do governador Jo\u00e3o Azev\u00eado e destacou a articula\u00e7\u00e3o da ex-prefeita Anna Lorena N\u00f3brega para a concretiza\u00e7\u00e3o do conv\u00eanio. O gestor ainda reconheceu a parceria de representantes de institui\u00e7\u00f5es e \u00f3rg\u00e3os ligados ao desenvolvimento regional, entre eles Madalena Arruda, Joaquim Hugo Vieira, Pedro Martins e Ricardo Morato. Segundo a gest\u00e3o municipal, a constru\u00e7\u00e3o do abatedouro deve contribuir para melhorar as condi\u00e7\u00f5es de abate, garantir mais seguran\u00e7a sanit\u00e1ria e fortalecer a economia local, beneficiando produtores e comerciantes da regi\u00e3o. Noticias em Destaque Fonte: Blog do Andr\u00e9","og_url":"https:\/\/noticiasemdestaque.com\/cd\/?p=77066","og_site_name":"Not&iacute;cias em Destaque","article_published_time":"2026-03-13T14:04:35+00:00","og_image":[{"width":1440,"height":810,"url":"https:\/\/noticiasemdestaque.com\/cd\/wp-content\/uploads\/2026\/03\/image.png","type":"image\/png"}],"author":"Not\u00edcias em Destaque","twitter_card":"summary_large_image","twitter_misc":{"Escrito por":"Not\u00edcias em Destaque","Est. tempo de leitura":"2 minutos"},"schema":{"@context":"https:\/\/schema.org","@graph":[{"@type":"Article","@id":"https:\/\/noticiasemdestaque.com\/cd\/?p=77066#article","isPartOf":{"@id":"https:\/\/noticiasemdestaque.com\/cd\/?p=77066"},"author":{"name":"Not\u00edcias em Destaque","@id":"https:\/\/noticiasemdestaque.com\/cd\/#\/schema\/person\/967a459378479d4fa07976fedd8a7b5e"},"headline":"Prefeito da Prata assina conv\u00eanio de mais de R$ 1,5 milh\u00e3o para constru\u00e7\u00e3o de abatedouro p\u00fablico","datePublished":"2026-03-13T14:04:35+00:00","mainEntityOfPage":{"@id":"https:\/\/noticiasemdestaque.com\/cd\/?p=77066"},"wordCount":251,"publisher":{"@id":"https:\/\/noticiasemdestaque.com\/cd\/#organization"},"image":{"@id":"https:\/\/noticiasemdestaque.com\/cd\/?p=77066#primaryimage"},"thumbnailUrl":"https:\/\/noticiasemdestaque.com\/cd\/wp-content\/uploads\/2026\/03\/image.png","articleSection":["Cidades"],"inLanguage":"pt-BR"},{"@type":"WebPage","@id":"https:\/\/noticiasemdestaque.com\/cd\/?p=77066","url":"https:\/\/noticiasemdestaque.com\/cd\/?p=77066","name":"Prefeito da Prata assina conv\u00eanio de mais de R$ 1,5 milh\u00e3o para constru\u00e7\u00e3o de abatedouro p\u00fablico - Not&iacute;cias em Destaque","isPartOf":{"@id":"https:\/\/noticiasemdestaque.com\/cd\/#website"},"primaryImageOfPage":{"@id":"https:\/\/noticiasemdestaque.com\/cd\/?p=77066#primaryimage"},"image":{"@id":"https:\/\/noticiasemdestaque.com\/cd\/?p=77066#primaryimage"},"thumbnailUrl":"https:\/\/noticiasemdestaque.com\/cd\/wp-content\/uploads\/2026\/03\/image.png","datePublished":"2026-03-13T14:04:35+00:00","breadcrumb":{"@id":"https:\/\/noticiasemdestaque.com\/cd\/?p=77066#breadcrumb"},"inLanguage":"pt-BR","potentialAction":[{"@type":"ReadAction","target":["https:\/\/noticiasemdestaque.com\/cd\/?p=77066"]}]},{"@type":"ImageObject","inLanguage":"pt-BR","@id":"https:\/\/noticiasemdestaque.com\/cd\/?p=77066#primaryimage","url":"https:\/\/noticiasemdestaque.com\/cd\/wp-content\/uploads\/2026\/03\/image.png","contentUrl":"https:\/\/noticiasemdestaque.com\/cd\/wp-content\/uploads\/2026\/03\/image.png","width":1440,"height":810},{"@type":"BreadcrumbList","@id":"https:\/\/noticiasemdestaque.com\/cd\/?p=77066#breadcrumb","itemListElement":[{"@type":"ListItem","position":1,"name":"In\u00edcio","item":"https:\/\/noticiasemdestaque.com\/cd\/"},{"@type":"ListItem","position":2,"name":"Prefeito da Prata assina conv\u00eanio de mais de R$ 1,5 milh\u00e3o para constru\u00e7\u00e3o de abatedouro p\u00fablico"}]},{"@type":"WebSite","@id":"https:\/\/noticiasemdestaque.com\/cd\/#website","url":"https:\/\/noticiasemdestaque.com\/cd\/","name":"Not&iacute;cias em Destaque","description":"","publisher":{"@id":"https:\/\/noticiasemdestaque.com\/cd\/#organization"},"potentialAction":[{"@type":"SearchAction","target":{"@type":"EntryPoint","urlTemplate":"https:\/\/noticiasemdestaque.com\/cd\/?s={search_term_string}"},"query-input":{"@type":"PropertyValueSpecification","valueRequired":true,"valueName":"search_term_string"}}],"inLanguage":"pt-BR"},{"@type":"Organization","@id":"https:\/\/noticiasemdestaque.com\/cd\/#organization","name":"Not\u00edcias em Destaque","url":"https:\/\/noticiasemdestaque.com\/cd\/","logo":{"@type":"ImageObject","inLanguage":"pt-BR","@id":"https:\/\/noticiasemdestaque.com\/cd\/#\/schema\/logo\/image\/","url":"https:\/\/noticiasemdestaque.com\/cd\/wp-content\/uploads\/2022\/05\/imagem-base-noticiasemdestaque.png","contentUrl":"https:\/\/noticiasemdestaque.com\/cd\/wp-content\/uploads\/2022\/05\/imagem-base-noticiasemdestaque.png","width":1200,"height":630,"caption":"Not\u00edcias em Destaque"},"image":{"@id":"https:\/\/noticiasemdestaque.com\/cd\/#\/schema\/logo\/image\/"}},{"@type":"Person","@id":"https:\/\/noticiasemdestaque.com\/cd\/#\/schema\/person\/967a459378479d4fa07976fedd8a7b5e","name":"Not\u00edcias em Destaque","url":"https:\/\/noticiasemdestaque.com\/cd\/?author=2"}]}},"jetpack_featured_media_url":"https:\/\/noticiasemdestaque.com\/cd\/wp-content\/uploads\/2026\/03\/image.png","jetpack_sharing_enabled":true,"_links":{"self":[{"href":"https:\/\/noticiasemdestaque.com\/cd\/index.php?rest_route=\/wp\/v2\/posts\/77066","targetHints":{"allow":["GET"]}}],"collection":[{"href":"https:\/\/noticiasemdestaque.com\/cd\/index.php?rest_route=\/wp\/v2\/posts"}],"about":[{"href":"https:\/\/noticiasemdestaque.com\/cd\/index.php?rest_route=\/wp\/v2\/types\/post"}],"author":[{"embeddable":true,"href":"https:\/\/noticiasemdestaque.com\/cd\/index.php?rest_route=\/wp\/v2\/users\/2"}],"replies":[{"embeddable":true,"href":"https:\/\/noticiasemdestaque.com\/cd\/index.php?rest_route=%2Fwp%2Fv2%2Fcomments&post=77066"}],"version-history":[{"count":1,"href":"https:\/\/noticiasemdestaque.com\/cd\/index.php?rest_route=\/wp\/v2\/posts\/77066\/revisions"}],"predecessor-version":[{"id":77068,"href":"https:\/\/noticiasemdestaque.com\/cd\/index.php?rest_route=\/wp\/v2\/posts\/77066\/revisions\/77068"}],"wp:featuredmedia":[{"embeddable":true,"href":"https:\/\/noticiasemdestaque.com\/cd\/index.php?rest_route=\/wp\/v2\/media\/77067"}],"wp:attachment":[{"href":"https:\/\/noticiasemdestaque.com\/cd\/index.php?rest_route=%2Fwp%2Fv2%2Fmedia&parent=77066"}],"wp:term":[{"taxonomy":"category","embeddable":true,"href":"https:\/\/noticiasemdestaque.com\/cd\/index.php?rest_route=%2Fwp%2Fv2%2Fcategories&post=77066"},{"taxonomy":"post_tag","embeddable":true,"href":"https:\/\/noticiasemdestaque.com\/cd\/index.php?rest_route=%2Fwp%2Fv2%2Ftags&post=77066"}],"curies":[{"name":"wp","href":"https:\/\/api.w.org\/{rel}","templated":true}]}}