{"id":77059,"date":"2026-03-13T10:56:14","date_gmt":"2026-03-13T13:56:14","guid":{"rendered":"https:\/\/noticiasemdestaque.com\/cd\/?p=77059"},"modified":"2026-03-13T10:56:14","modified_gmt":"2026-03-13T13:56:14","slug":"eleicoes-2026-ex-prefeito-de-amparo-ze-arnaldo-declara-apoio-a-reeleicao-do-deputado-federal-wilson-santiago","status":"publish","type":"post","link":"https:\/\/noticiasemdestaque.com\/cd\/?p=77059","title":{"rendered":"ELEI\u00c7\u00d5ES 2026: ex-prefeito de Amparo, Z\u00e9 Arnaldo, declara apoio \u00e0 reelei\u00e7\u00e3o do deputado federal Wilson Santiago"},"content":{"rendered":"<p><a href=\"https:\/\/noticiasemdestaque.com\/cd\/wp-content\/uploads\/2026\/03\/WhatsApp-Image-2026-03-12-at-17.39.20-1-scaled-1-1920x1080-1.jpeg\"><img fetchpriority=\"high\" decoding=\"async\" class=\" wp-image-77060 aligncenter\" src=\"https:\/\/noticiasemdestaque.com\/cd\/wp-content\/uploads\/2026\/03\/WhatsApp-Image-2026-03-12-at-17.39.20-1-scaled-1-1920x1080-1-300x169.jpeg\" alt=\"\" width=\"934\" height=\"526\" srcset=\"https:\/\/noticiasemdestaque.com\/cd\/wp-content\/uploads\/2026\/03\/WhatsApp-Image-2026-03-12-at-17.39.20-1-scaled-1-1920x1080-1-300x169.jpeg 300w, https:\/\/noticiasemdestaque.com\/cd\/wp-content\/uploads\/2026\/03\/WhatsApp-Image-2026-03-12-at-17.39.20-1-scaled-1-1920x1080-1-1024x576.jpeg 1024w, https:\/\/noticiasemdestaque.com\/cd\/wp-content\/uploads\/2026\/03\/WhatsApp-Image-2026-03-12-at-17.39.20-1-scaled-1-1920x1080-1-768x432.jpeg 768w, https:\/\/noticiasemdestaque.com\/cd\/wp-content\/uploads\/2026\/03\/WhatsApp-Image-2026-03-12-at-17.39.20-1-scaled-1-1920x1080-1-1536x864.jpeg 1536w, https:\/\/noticiasemdestaque.com\/cd\/wp-content\/uploads\/2026\/03\/WhatsApp-Image-2026-03-12-at-17.39.20-1-scaled-1-1920x1080-1.jpeg 1920w\" sizes=\"(max-width: 934px) 100vw, 934px\" \/><\/a><\/p>\n<p class=\"wp-block-paragraph\">O ex-prefeito de Amparo, Z\u00e9 Arnaldo, anunciou oficialmente apoio \u00e0 reelei\u00e7\u00e3o do deputado federal Wilson Santiago (Republicanos). O an\u00fancio foi feito durante reuni\u00e3o realizada na tarde desta quinta-feira (12), em Jo\u00e3o Pessoa, ao lado do prefeito do munic\u00edpio, Tarcio Gabriel.<\/p>\n<p class=\"wp-block-paragraph\">Z\u00e9 Arnaldo administrou o munic\u00edpio entre os anos de 2013 e 2016 e \u00e9 reconhecido como uma importante lideran\u00e7a pol\u00edtica na cidade. Ele integra o grupo de situa\u00e7\u00e3o liderado pelo prefeito Tarcio Gabriel, que j\u00e1 apoia o parlamentar juntamente com vereadores da base aliada no munic\u00edpio.<\/p>\n<p class=\"wp-block-paragraph\">Durante o encontro, o deputado federal Wilson Santiago destacou a import\u00e2ncia da uni\u00e3o do grupo pol\u00edtico de Amparo em torno do projeto de continuidade de seu mandato na C\u00e2mara dos Deputados.<\/p>\n<blockquote>\n<p class=\"wp-block-paragraph\">\u201cFico muito feliz em receber o apoio do ex-prefeito Z\u00e9 Arnaldo, uma lideran\u00e7a respeitada em Amparo. Essa uni\u00e3o, junto ao prefeito Tarcio Gabriel e aos vereadores do grupo de situa\u00e7\u00e3o, fortalece ainda mais nosso trabalho. Seguiremos juntos, trabalhando para garantir mais investimentos e a\u00e7\u00f5es que melhorem a vida da popula\u00e7\u00e3o de Amparo\u201d, afirmou o deputado.<\/p>\n<\/blockquote>\n<p class=\"wp-block-paragraph\">O ex-prefeito Z\u00e9 Arnaldo ressaltou que a decis\u00e3o de apoiar Wilson Santiago foi motivada pelo trabalho realizado pelo parlamentar em benef\u00edcio do munic\u00edpio.<\/p>\n<blockquote>\n<p class=\"wp-block-paragraph\">\u201cDecidi apoiar o deputado Wilson Santiago em reconhecimento ao trabalho que ele tem realizado por Amparo. S\u00e3o a\u00e7\u00f5es e investimentos importantes que chegaram ao munic\u00edpio por meio de sua atua\u00e7\u00e3o em Bras\u00edlia, sempre em parceria com nossas lideran\u00e7as locais.\u201d, destacou.<\/p>\n<\/blockquote>\n<p class=\"wp-block-paragraph\">J\u00e1 o prefeito Tarcio Gabriel enfatizou que a chegada do ex-prefeito ao grupo refor\u00e7a ainda mais a uni\u00e3o das lideran\u00e7as pol\u00edticas do munic\u00edpio.<\/p>\n<blockquote>\n<p class=\"wp-block-paragraph\">\u201cO an\u00fancio de Z\u00e9 Arnaldo fortalece ainda mais o nosso grupo de situa\u00e7\u00e3o. Amparo ganha com essa uni\u00e3o em torno de um projeto que tem trazido resultados concretos para a nossa popula\u00e7\u00e3o, por meio da parceria com o deputado Wilson Santiago\u201d, afirmou o prefeito.<\/p>\n<\/blockquote>\n<p><strong>Noticias em Destaque<\/strong><\/p>\n<p style=\"text-align: right;\"><em>Fonte: Focando Para\u00edba<\/em><\/p>\n","protected":false},"excerpt":{"rendered":"<p>O ex-prefeito de Amparo, Z\u00e9 Arnaldo, anunciou oficialmente apoio \u00e0 reelei\u00e7\u00e3o do deputado federal Wilson Santiago (Republicanos). O an\u00fancio foi feito durante reuni\u00e3o realizada na tarde desta quinta-feira (12), em Jo\u00e3o Pessoa, ao lado do prefeito do munic\u00edpio, Tarcio Gabriel. Z\u00e9 Arnaldo administrou o munic\u00edpio entre os anos de 2013 e 2016 e \u00e9 reconhecido como uma importante lideran\u00e7a pol\u00edtica na cidade. Ele integra o grupo de situa\u00e7\u00e3o liderado pelo prefeito Tarcio Gabriel, que j\u00e1 apoia o parlamentar juntamente com vereadores da base aliada no munic\u00edpio. Durante o encontro, o deputado federal Wilson Santiago destacou a import\u00e2ncia da uni\u00e3o do grupo pol\u00edtico de Amparo em torno do projeto de continuidade de seu mandato na C\u00e2mara dos Deputados. \u201cFico muito feliz em receber o apoio do ex-prefeito Z\u00e9 Arnaldo, uma lideran\u00e7a respeitada em Amparo. Essa uni\u00e3o, junto ao prefeito Tarcio Gabriel e aos vereadores do grupo de situa\u00e7\u00e3o, fortalece ainda mais nosso trabalho. Seguiremos juntos, trabalhando para garantir mais investimentos e a\u00e7\u00f5es que melhorem a vida da popula\u00e7\u00e3o de Amparo\u201d, afirmou o deputado. O ex-prefeito Z\u00e9 Arnaldo ressaltou que a decis\u00e3o de apoiar Wilson Santiago foi motivada pelo trabalho realizado pelo parlamentar em benef\u00edcio do munic\u00edpio. \u201cDecidi apoiar o deputado Wilson Santiago em reconhecimento ao trabalho que ele tem realizado por Amparo. S\u00e3o a\u00e7\u00f5es e investimentos importantes que chegaram ao munic\u00edpio por meio de sua atua\u00e7\u00e3o em Bras\u00edlia, sempre em parceria com nossas lideran\u00e7as locais.\u201d, destacou. J\u00e1 o prefeito Tarcio Gabriel enfatizou que a chegada do ex-prefeito ao grupo refor\u00e7a ainda mais a uni\u00e3o das lideran\u00e7as pol\u00edticas do munic\u00edpio. \u201cO an\u00fancio de Z\u00e9 Arnaldo fortalece ainda mais o nosso grupo de situa\u00e7\u00e3o. Amparo ganha com essa uni\u00e3o em torno de um projeto que tem trazido resultados concretos para a nossa popula\u00e7\u00e3o, por meio da parceria com o deputado Wilson Santiago\u201d, afirmou o prefeito. Noticias em Destaque Fonte: Focando Para\u00edba<\/p>\n","protected":false},"author":2,"featured_media":77060,"comment_status":"closed","ping_status":"closed","sticky":false,"template":"","format":"standard","meta":{"_eb_attr":"","_jetpack_memberships_contains_paid_content":false,"footnotes":""},"categories":[4],"tags":[],"class_list":["post-77059","post","type-post","status-publish","format-standard","has-post-thumbnail","hentry","category-politica"],"yoast_head":"<!-- This site is optimized with the Yoast SEO plugin v26.5 - https:\/\/yoast.com\/wordpress\/plugins\/seo\/ -->\n<title>ELEI\u00c7\u00d5ES 2026: ex-prefeito de Amparo, Z\u00e9 Arnaldo, declara apoio \u00e0 reelei\u00e7\u00e3o do deputado federal Wilson Santiago - Not&iacute;cias em Destaque<\/title>\n<meta name=\"robots\" content=\"index, follow, max-snippet:-1, max-image-preview:large, max-video-preview:-1\" \/>\n<link rel=\"canonical\" href=\"https:\/\/noticiasemdestaque.com\/cd\/?p=77059\" \/>\n<meta property=\"og:locale\" content=\"pt_BR\" \/>\n<meta property=\"og:type\" content=\"article\" \/>\n<meta property=\"og:title\" content=\"ELEI\u00c7\u00d5ES 2026: ex-prefeito de Amparo, Z\u00e9 Arnaldo, declara apoio \u00e0 reelei\u00e7\u00e3o do deputado federal Wilson Santiago - Not&iacute;cias em Destaque\" \/>\n<meta property=\"og:description\" content=\"O ex-prefeito de Amparo, Z\u00e9 Arnaldo, anunciou oficialmente apoio \u00e0 reelei\u00e7\u00e3o do deputado federal Wilson Santiago (Republicanos). O an\u00fancio foi feito durante reuni\u00e3o realizada na tarde desta quinta-feira (12), em Jo\u00e3o Pessoa, ao lado do prefeito do munic\u00edpio, Tarcio Gabriel. Z\u00e9 Arnaldo administrou o munic\u00edpio entre os anos de 2013 e 2016 e \u00e9 reconhecido como uma importante lideran\u00e7a pol\u00edtica na cidade. Ele integra o grupo de situa\u00e7\u00e3o liderado pelo prefeito Tarcio Gabriel, que j\u00e1 apoia o parlamentar juntamente com vereadores da base aliada no munic\u00edpio. Durante o encontro, o deputado federal Wilson Santiago destacou a import\u00e2ncia da uni\u00e3o do grupo pol\u00edtico de Amparo em torno do projeto de continuidade de seu mandato na C\u00e2mara dos Deputados. \u201cFico muito feliz em receber o apoio do ex-prefeito Z\u00e9 Arnaldo, uma lideran\u00e7a respeitada em Amparo. Essa uni\u00e3o, junto ao prefeito Tarcio Gabriel e aos vereadores do grupo de situa\u00e7\u00e3o, fortalece ainda mais nosso trabalho. Seguiremos juntos, trabalhando para garantir mais investimentos e a\u00e7\u00f5es que melhorem a vida da popula\u00e7\u00e3o de Amparo\u201d, afirmou o deputado. O ex-prefeito Z\u00e9 Arnaldo ressaltou que a decis\u00e3o de apoiar Wilson Santiago foi motivada pelo trabalho realizado pelo parlamentar em benef\u00edcio do munic\u00edpio. \u201cDecidi apoiar o deputado Wilson Santiago em reconhecimento ao trabalho que ele tem realizado por Amparo. S\u00e3o a\u00e7\u00f5es e investimentos importantes que chegaram ao munic\u00edpio por meio de sua atua\u00e7\u00e3o em Bras\u00edlia, sempre em parceria com nossas lideran\u00e7as locais.\u201d, destacou. J\u00e1 o prefeito Tarcio Gabriel enfatizou que a chegada do ex-prefeito ao grupo refor\u00e7a ainda mais a uni\u00e3o das lideran\u00e7as pol\u00edticas do munic\u00edpio. \u201cO an\u00fancio de Z\u00e9 Arnaldo fortalece ainda mais o nosso grupo de situa\u00e7\u00e3o. Amparo ganha com essa uni\u00e3o em torno de um projeto que tem trazido resultados concretos para a nossa popula\u00e7\u00e3o, por meio da parceria com o deputado Wilson Santiago\u201d, afirmou o prefeito. Noticias em Destaque Fonte: Focando Para\u00edba\" \/>\n<meta property=\"og:url\" content=\"https:\/\/noticiasemdestaque.com\/cd\/?p=77059\" \/>\n<meta property=\"og:site_name\" content=\"Not&iacute;cias em Destaque\" \/>\n<meta property=\"article:published_time\" content=\"2026-03-13T13:56:14+00:00\" \/>\n<meta property=\"og:image\" content=\"https:\/\/noticiasemdestaque.com\/cd\/wp-content\/uploads\/2026\/03\/WhatsApp-Image-2026-03-12-at-17.39.20-1-scaled-1-1920x1080-1.jpeg\" \/>\n\t<meta property=\"og:image:width\" content=\"1920\" \/>\n\t<meta property=\"og:image:height\" content=\"1080\" \/>\n\t<meta property=\"og:image:type\" content=\"image\/jpeg\" \/>\n<meta name=\"author\" content=\"Not\u00edcias em Destaque\" \/>\n<meta name=\"twitter:card\" content=\"summary_large_image\" \/>\n<meta name=\"twitter:label1\" content=\"Escrito por\" \/>\n\t<meta name=\"twitter:data1\" content=\"Not\u00edcias em Destaque\" \/>\n\t<meta name=\"twitter:label2\" content=\"Est. tempo de leitura\" \/>\n\t<meta name=\"twitter:data2\" content=\"2 minutos\" \/>\n<script type=\"application\/ld+json\" class=\"yoast-schema-graph\">{\"@context\":\"https:\/\/schema.org\",\"@graph\":[{\"@type\":\"Article\",\"@id\":\"https:\/\/noticiasemdestaque.com\/cd\/?p=77059#article\",\"isPartOf\":{\"@id\":\"https:\/\/noticiasemdestaque.com\/cd\/?p=77059\"},\"author\":{\"name\":\"Not\u00edcias em Destaque\",\"@id\":\"https:\/\/noticiasemdestaque.com\/cd\/#\/schema\/person\/967a459378479d4fa07976fedd8a7b5e\"},\"headline\":\"ELEI\u00c7\u00d5ES 2026: ex-prefeito de Amparo, Z\u00e9 Arnaldo, declara apoio \u00e0 reelei\u00e7\u00e3o do deputado federal Wilson Santiago\",\"datePublished\":\"2026-03-13T13:56:14+00:00\",\"mainEntityOfPage\":{\"@id\":\"https:\/\/noticiasemdestaque.com\/cd\/?p=77059\"},\"wordCount\":357,\"publisher\":{\"@id\":\"https:\/\/noticiasemdestaque.com\/cd\/#organization\"},\"image\":{\"@id\":\"https:\/\/noticiasemdestaque.com\/cd\/?p=77059#primaryimage\"},\"thumbnailUrl\":\"https:\/\/noticiasemdestaque.com\/cd\/wp-content\/uploads\/2026\/03\/WhatsApp-Image-2026-03-12-at-17.39.20-1-scaled-1-1920x1080-1.jpeg\",\"articleSection\":[\"Pol\u00edtica\"],\"inLanguage\":\"pt-BR\"},{\"@type\":\"WebPage\",\"@id\":\"https:\/\/noticiasemdestaque.com\/cd\/?p=77059\",\"url\":\"https:\/\/noticiasemdestaque.com\/cd\/?p=77059\",\"name\":\"ELEI\u00c7\u00d5ES 2026: ex-prefeito de Amparo, Z\u00e9 Arnaldo, declara apoio \u00e0 reelei\u00e7\u00e3o do deputado federal Wilson Santiago - Not&iacute;cias em Destaque\",\"isPartOf\":{\"@id\":\"https:\/\/noticiasemdestaque.com\/cd\/#website\"},\"primaryImageOfPage\":{\"@id\":\"https:\/\/noticiasemdestaque.com\/cd\/?p=77059#primaryimage\"},\"image\":{\"@id\":\"https:\/\/noticiasemdestaque.com\/cd\/?p=77059#primaryimage\"},\"thumbnailUrl\":\"https:\/\/noticiasemdestaque.com\/cd\/wp-content\/uploads\/2026\/03\/WhatsApp-Image-2026-03-12-at-17.39.20-1-scaled-1-1920x1080-1.jpeg\",\"datePublished\":\"2026-03-13T13:56:14+00:00\",\"breadcrumb\":{\"@id\":\"https:\/\/noticiasemdestaque.com\/cd\/?p=77059#breadcrumb\"},\"inLanguage\":\"pt-BR\",\"potentialAction\":[{\"@type\":\"ReadAction\",\"target\":[\"https:\/\/noticiasemdestaque.com\/cd\/?p=77059\"]}]},{\"@type\":\"ImageObject\",\"inLanguage\":\"pt-BR\",\"@id\":\"https:\/\/noticiasemdestaque.com\/cd\/?p=77059#primaryimage\",\"url\":\"https:\/\/noticiasemdestaque.com\/cd\/wp-content\/uploads\/2026\/03\/WhatsApp-Image-2026-03-12-at-17.39.20-1-scaled-1-1920x1080-1.jpeg\",\"contentUrl\":\"https:\/\/noticiasemdestaque.com\/cd\/wp-content\/uploads\/2026\/03\/WhatsApp-Image-2026-03-12-at-17.39.20-1-scaled-1-1920x1080-1.jpeg\",\"width\":1920,\"height\":1080},{\"@type\":\"BreadcrumbList\",\"@id\":\"https:\/\/noticiasemdestaque.com\/cd\/?p=77059#breadcrumb\",\"itemListElement\":[{\"@type\":\"ListItem\",\"position\":1,\"name\":\"In\u00edcio\",\"item\":\"https:\/\/noticiasemdestaque.com\/cd\/\"},{\"@type\":\"ListItem\",\"position\":2,\"name\":\"ELEI\u00c7\u00d5ES 2026: ex-prefeito de Amparo, Z\u00e9 Arnaldo, declara apoio \u00e0 reelei\u00e7\u00e3o do deputado federal Wilson Santiago\"}]},{\"@type\":\"WebSite\",\"@id\":\"https:\/\/noticiasemdestaque.com\/cd\/#website\",\"url\":\"https:\/\/noticiasemdestaque.com\/cd\/\",\"name\":\"Not&iacute;cias em Destaque\",\"description\":\"\",\"publisher\":{\"@id\":\"https:\/\/noticiasemdestaque.com\/cd\/#organization\"},\"potentialAction\":[{\"@type\":\"SearchAction\",\"target\":{\"@type\":\"EntryPoint\",\"urlTemplate\":\"https:\/\/noticiasemdestaque.com\/cd\/?s={search_term_string}\"},\"query-input\":{\"@type\":\"PropertyValueSpecification\",\"valueRequired\":true,\"valueName\":\"search_term_string\"}}],\"inLanguage\":\"pt-BR\"},{\"@type\":\"Organization\",\"@id\":\"https:\/\/noticiasemdestaque.com\/cd\/#organization\",\"name\":\"Not\u00edcias em Destaque\",\"url\":\"https:\/\/noticiasemdestaque.com\/cd\/\",\"logo\":{\"@type\":\"ImageObject\",\"inLanguage\":\"pt-BR\",\"@id\":\"https:\/\/noticiasemdestaque.com\/cd\/#\/schema\/logo\/image\/\",\"url\":\"https:\/\/noticiasemdestaque.com\/cd\/wp-content\/uploads\/2022\/05\/imagem-base-noticiasemdestaque.png\",\"contentUrl\":\"https:\/\/noticiasemdestaque.com\/cd\/wp-content\/uploads\/2022\/05\/imagem-base-noticiasemdestaque.png\",\"width\":1200,\"height\":630,\"caption\":\"Not\u00edcias em Destaque\"},\"image\":{\"@id\":\"https:\/\/noticiasemdestaque.com\/cd\/#\/schema\/logo\/image\/\"}},{\"@type\":\"Person\",\"@id\":\"https:\/\/noticiasemdestaque.com\/cd\/#\/schema\/person\/967a459378479d4fa07976fedd8a7b5e\",\"name\":\"Not\u00edcias em Destaque\",\"url\":\"https:\/\/noticiasemdestaque.com\/cd\/?author=2\"}]}<\/script>\n<!-- \/ Yoast SEO plugin. -->","yoast_head_json":{"title":"ELEI\u00c7\u00d5ES 2026: ex-prefeito de Amparo, Z\u00e9 Arnaldo, declara apoio \u00e0 reelei\u00e7\u00e3o do deputado federal Wilson Santiago - Not&iacute;cias em Destaque","robots":{"index":"index","follow":"follow","max-snippet":"max-snippet:-1","max-image-preview":"max-image-preview:large","max-video-preview":"max-video-preview:-1"},"canonical":"https:\/\/noticiasemdestaque.com\/cd\/?p=77059","og_locale":"pt_BR","og_type":"article","og_title":"ELEI\u00c7\u00d5ES 2026: ex-prefeito de Amparo, Z\u00e9 Arnaldo, declara apoio \u00e0 reelei\u00e7\u00e3o do deputado federal Wilson Santiago - Not&iacute;cias em Destaque","og_description":"O ex-prefeito de Amparo, Z\u00e9 Arnaldo, anunciou oficialmente apoio \u00e0 reelei\u00e7\u00e3o do deputado federal Wilson Santiago (Republicanos). O an\u00fancio foi feito durante reuni\u00e3o realizada na tarde desta quinta-feira (12), em Jo\u00e3o Pessoa, ao lado do prefeito do munic\u00edpio, Tarcio Gabriel. Z\u00e9 Arnaldo administrou o munic\u00edpio entre os anos de 2013 e 2016 e \u00e9 reconhecido como uma importante lideran\u00e7a pol\u00edtica na cidade. Ele integra o grupo de situa\u00e7\u00e3o liderado pelo prefeito Tarcio Gabriel, que j\u00e1 apoia o parlamentar juntamente com vereadores da base aliada no munic\u00edpio. Durante o encontro, o deputado federal Wilson Santiago destacou a import\u00e2ncia da uni\u00e3o do grupo pol\u00edtico de Amparo em torno do projeto de continuidade de seu mandato na C\u00e2mara dos Deputados. \u201cFico muito feliz em receber o apoio do ex-prefeito Z\u00e9 Arnaldo, uma lideran\u00e7a respeitada em Amparo. Essa uni\u00e3o, junto ao prefeito Tarcio Gabriel e aos vereadores do grupo de situa\u00e7\u00e3o, fortalece ainda mais nosso trabalho. Seguiremos juntos, trabalhando para garantir mais investimentos e a\u00e7\u00f5es que melhorem a vida da popula\u00e7\u00e3o de Amparo\u201d, afirmou o deputado. O ex-prefeito Z\u00e9 Arnaldo ressaltou que a decis\u00e3o de apoiar Wilson Santiago foi motivada pelo trabalho realizado pelo parlamentar em benef\u00edcio do munic\u00edpio. \u201cDecidi apoiar o deputado Wilson Santiago em reconhecimento ao trabalho que ele tem realizado por Amparo. S\u00e3o a\u00e7\u00f5es e investimentos importantes que chegaram ao munic\u00edpio por meio de sua atua\u00e7\u00e3o em Bras\u00edlia, sempre em parceria com nossas lideran\u00e7as locais.\u201d, destacou. J\u00e1 o prefeito Tarcio Gabriel enfatizou que a chegada do ex-prefeito ao grupo refor\u00e7a ainda mais a uni\u00e3o das lideran\u00e7as pol\u00edticas do munic\u00edpio. \u201cO an\u00fancio de Z\u00e9 Arnaldo fortalece ainda mais o nosso grupo de situa\u00e7\u00e3o. Amparo ganha com essa uni\u00e3o em torno de um projeto que tem trazido resultados concretos para a nossa popula\u00e7\u00e3o, por meio da parceria com o deputado Wilson Santiago\u201d, afirmou o prefeito. Noticias em Destaque Fonte: Focando Para\u00edba","og_url":"https:\/\/noticiasemdestaque.com\/cd\/?p=77059","og_site_name":"Not&iacute;cias em Destaque","article_published_time":"2026-03-13T13:56:14+00:00","og_image":[{"width":1920,"height":1080,"url":"https:\/\/noticiasemdestaque.com\/cd\/wp-content\/uploads\/2026\/03\/WhatsApp-Image-2026-03-12-at-17.39.20-1-scaled-1-1920x1080-1.jpeg","type":"image\/jpeg"}],"author":"Not\u00edcias em Destaque","twitter_card":"summary_large_image","twitter_misc":{"Escrito por":"Not\u00edcias em Destaque","Est. tempo de leitura":"2 minutos"},"schema":{"@context":"https:\/\/schema.org","@graph":[{"@type":"Article","@id":"https:\/\/noticiasemdestaque.com\/cd\/?p=77059#article","isPartOf":{"@id":"https:\/\/noticiasemdestaque.com\/cd\/?p=77059"},"author":{"name":"Not\u00edcias em Destaque","@id":"https:\/\/noticiasemdestaque.com\/cd\/#\/schema\/person\/967a459378479d4fa07976fedd8a7b5e"},"headline":"ELEI\u00c7\u00d5ES 2026: ex-prefeito de Amparo, Z\u00e9 Arnaldo, declara apoio \u00e0 reelei\u00e7\u00e3o do deputado federal Wilson Santiago","datePublished":"2026-03-13T13:56:14+00:00","mainEntityOfPage":{"@id":"https:\/\/noticiasemdestaque.com\/cd\/?p=77059"},"wordCount":357,"publisher":{"@id":"https:\/\/noticiasemdestaque.com\/cd\/#organization"},"image":{"@id":"https:\/\/noticiasemdestaque.com\/cd\/?p=77059#primaryimage"},"thumbnailUrl":"https:\/\/noticiasemdestaque.com\/cd\/wp-content\/uploads\/2026\/03\/WhatsApp-Image-2026-03-12-at-17.39.20-1-scaled-1-1920x1080-1.jpeg","articleSection":["Pol\u00edtica"],"inLanguage":"pt-BR"},{"@type":"WebPage","@id":"https:\/\/noticiasemdestaque.com\/cd\/?p=77059","url":"https:\/\/noticiasemdestaque.com\/cd\/?p=77059","name":"ELEI\u00c7\u00d5ES 2026: ex-prefeito de Amparo, Z\u00e9 Arnaldo, declara apoio \u00e0 reelei\u00e7\u00e3o do deputado federal Wilson Santiago - Not&iacute;cias em Destaque","isPartOf":{"@id":"https:\/\/noticiasemdestaque.com\/cd\/#website"},"primaryImageOfPage":{"@id":"https:\/\/noticiasemdestaque.com\/cd\/?p=77059#primaryimage"},"image":{"@id":"https:\/\/noticiasemdestaque.com\/cd\/?p=77059#primaryimage"},"thumbnailUrl":"https:\/\/noticiasemdestaque.com\/cd\/wp-content\/uploads\/2026\/03\/WhatsApp-Image-2026-03-12-at-17.39.20-1-scaled-1-1920x1080-1.jpeg","datePublished":"2026-03-13T13:56:14+00:00","breadcrumb":{"@id":"https:\/\/noticiasemdestaque.com\/cd\/?p=77059#breadcrumb"},"inLanguage":"pt-BR","potentialAction":[{"@type":"ReadAction","target":["https:\/\/noticiasemdestaque.com\/cd\/?p=77059"]}]},{"@type":"ImageObject","inLanguage":"pt-BR","@id":"https:\/\/noticiasemdestaque.com\/cd\/?p=77059#primaryimage","url":"https:\/\/noticiasemdestaque.com\/cd\/wp-content\/uploads\/2026\/03\/WhatsApp-Image-2026-03-12-at-17.39.20-1-scaled-1-1920x1080-1.jpeg","contentUrl":"https:\/\/noticiasemdestaque.com\/cd\/wp-content\/uploads\/2026\/03\/WhatsApp-Image-2026-03-12-at-17.39.20-1-scaled-1-1920x1080-1.jpeg","width":1920,"height":1080},{"@type":"BreadcrumbList","@id":"https:\/\/noticiasemdestaque.com\/cd\/?p=77059#breadcrumb","itemListElement":[{"@type":"ListItem","position":1,"name":"In\u00edcio","item":"https:\/\/noticiasemdestaque.com\/cd\/"},{"@type":"ListItem","position":2,"name":"ELEI\u00c7\u00d5ES 2026: ex-prefeito de Amparo, Z\u00e9 Arnaldo, declara apoio \u00e0 reelei\u00e7\u00e3o do deputado federal Wilson Santiago"}]},{"@type":"WebSite","@id":"https:\/\/noticiasemdestaque.com\/cd\/#website","url":"https:\/\/noticiasemdestaque.com\/cd\/","name":"Not&iacute;cias em Destaque","description":"","publisher":{"@id":"https:\/\/noticiasemdestaque.com\/cd\/#organization"},"potentialAction":[{"@type":"SearchAction","target":{"@type":"EntryPoint","urlTemplate":"https:\/\/noticiasemdestaque.com\/cd\/?s={search_term_string}"},"query-input":{"@type":"PropertyValueSpecification","valueRequired":true,"valueName":"search_term_string"}}],"inLanguage":"pt-BR"},{"@type":"Organization","@id":"https:\/\/noticiasemdestaque.com\/cd\/#organization","name":"Not\u00edcias em Destaque","url":"https:\/\/noticiasemdestaque.com\/cd\/","logo":{"@type":"ImageObject","inLanguage":"pt-BR","@id":"https:\/\/noticiasemdestaque.com\/cd\/#\/schema\/logo\/image\/","url":"https:\/\/noticiasemdestaque.com\/cd\/wp-content\/uploads\/2022\/05\/imagem-base-noticiasemdestaque.png","contentUrl":"https:\/\/noticiasemdestaque.com\/cd\/wp-content\/uploads\/2022\/05\/imagem-base-noticiasemdestaque.png","width":1200,"height":630,"caption":"Not\u00edcias em Destaque"},"image":{"@id":"https:\/\/noticiasemdestaque.com\/cd\/#\/schema\/logo\/image\/"}},{"@type":"Person","@id":"https:\/\/noticiasemdestaque.com\/cd\/#\/schema\/person\/967a459378479d4fa07976fedd8a7b5e","name":"Not\u00edcias em Destaque","url":"https:\/\/noticiasemdestaque.com\/cd\/?author=2"}]}},"jetpack_featured_media_url":"https:\/\/noticiasemdestaque.com\/cd\/wp-content\/uploads\/2026\/03\/WhatsApp-Image-2026-03-12-at-17.39.20-1-scaled-1-1920x1080-1.jpeg","jetpack_sharing_enabled":true,"_links":{"self":[{"href":"https:\/\/noticiasemdestaque.com\/cd\/index.php?rest_route=\/wp\/v2\/posts\/77059","targetHints":{"allow":["GET"]}}],"collection":[{"href":"https:\/\/noticiasemdestaque.com\/cd\/index.php?rest_route=\/wp\/v2\/posts"}],"about":[{"href":"https:\/\/noticiasemdestaque.com\/cd\/index.php?rest_route=\/wp\/v2\/types\/post"}],"author":[{"embeddable":true,"href":"https:\/\/noticiasemdestaque.com\/cd\/index.php?rest_route=\/wp\/v2\/users\/2"}],"replies":[{"embeddable":true,"href":"https:\/\/noticiasemdestaque.com\/cd\/index.php?rest_route=%2Fwp%2Fv2%2Fcomments&post=77059"}],"version-history":[{"count":1,"href":"https:\/\/noticiasemdestaque.com\/cd\/index.php?rest_route=\/wp\/v2\/posts\/77059\/revisions"}],"predecessor-version":[{"id":77061,"href":"https:\/\/noticiasemdestaque.com\/cd\/index.php?rest_route=\/wp\/v2\/posts\/77059\/revisions\/77061"}],"wp:featuredmedia":[{"embeddable":true,"href":"https:\/\/noticiasemdestaque.com\/cd\/index.php?rest_route=\/wp\/v2\/media\/77060"}],"wp:attachment":[{"href":"https:\/\/noticiasemdestaque.com\/cd\/index.php?rest_route=%2Fwp%2Fv2%2Fmedia&parent=77059"}],"wp:term":[{"taxonomy":"category","embeddable":true,"href":"https:\/\/noticiasemdestaque.com\/cd\/index.php?rest_route=%2Fwp%2Fv2%2Fcategories&post=77059"},{"taxonomy":"post_tag","embeddable":true,"href":"https:\/\/noticiasemdestaque.com\/cd\/index.php?rest_route=%2Fwp%2Fv2%2Ftags&post=77059"}],"curies":[{"name":"wp","href":"https:\/\/api.w.org\/{rel}","templated":true}]}}