{"id":77046,"date":"2026-03-12T20:42:56","date_gmt":"2026-03-12T23:42:56","guid":{"rendered":"https:\/\/noticiasemdestaque.com\/cd\/?p=77046"},"modified":"2026-03-12T20:42:56","modified_gmt":"2026-03-12T23:42:56","slug":"prefeito-manezinho-garante-nova-emenda-parlamentar-para-fortalecer-investimentos","status":"publish","type":"post","link":"https:\/\/noticiasemdestaque.com\/cd\/?p=77046","title":{"rendered":"Prefeito Manezinho garante nova emenda parlamentar para fortalecer investimentos"},"content":{"rendered":"<p><a href=\"https:\/\/noticiasemdestaque.com\/cd\/wp-content\/uploads\/2026\/03\/WhatsApp-Image-2026-03-12-at-19.29.15-1.jpeg\"><img fetchpriority=\"high\" decoding=\"async\" class=\" wp-image-77047 aligncenter\" src=\"https:\/\/noticiasemdestaque.com\/cd\/wp-content\/uploads\/2026\/03\/WhatsApp-Image-2026-03-12-at-19.29.15-1-300x200.jpeg\" alt=\"\" width=\"731\" height=\"487\" srcset=\"https:\/\/noticiasemdestaque.com\/cd\/wp-content\/uploads\/2026\/03\/WhatsApp-Image-2026-03-12-at-19.29.15-1-300x200.jpeg 300w, https:\/\/noticiasemdestaque.com\/cd\/wp-content\/uploads\/2026\/03\/WhatsApp-Image-2026-03-12-at-19.29.15-1-768x512.jpeg 768w, https:\/\/noticiasemdestaque.com\/cd\/wp-content\/uploads\/2026\/03\/WhatsApp-Image-2026-03-12-at-19.29.15-1.jpeg 799w\" sizes=\"(max-width: 731px) 100vw, 731px\" \/><\/a><\/p>\n<p>O prefeito Manezinho Louren\u00e7o cumpre agenda administrativa em Bras\u00edlia esta semana e tem mantido reuni\u00f5es com parlamentares da bancada paraibana apresentando pleitos e conseguindo bons resultados para o munic\u00edpio.<\/p>\n<p>O primeiro compromisso do prefeito foi no Minist\u00e9rio do Turismo, onde esteve reunido com o ministro do Turismo, Gustavo Feliciano, para tratar sobre a Expo Sum\u00e9 2026, conseguindo recursos no valor de R$ 500 mil para a Terceira Edi\u00e7\u00e3o da Festa do munic\u00edpio, que abre o calend\u00e1rio de exposi\u00e7\u00f5es de caprinos e ovinos no Estado da Para\u00edba.<\/p>\n<p>Na ter\u00e7a-feira (10), o prefeito, acompanhado do vereador Branco Xiliu, foi recebido pelo senador Veneziano Vital e conseguiu importantes recursos que contribuir\u00e3o diretamente para o fortalecimento de a\u00e7\u00f5es e investimentos no munic\u00edpio.<\/p>\n<p>Na ordem de R$ 4,8 milh\u00f5es, o destino da emenda, ser\u00e3o aplicados em melhorias na sa\u00fade, infraestrutura, aquisi\u00e7\u00e3o de equipamentos, reforma de espa\u00e7os p\u00fablicos e apoio \u00e0 agricultura, garantindo mais qualidade nos servi\u00e7os oferecidos \u00e0 popula\u00e7\u00e3o.<\/p>\n<p><a href=\"https:\/\/noticiasemdestaque.com\/cd\/wp-content\/uploads\/2026\/03\/WhatsApp-Image-2026-03-12-at-19.29.15.jpeg\"><img decoding=\"async\" class=\" wp-image-77048 aligncenter\" src=\"https:\/\/noticiasemdestaque.com\/cd\/wp-content\/uploads\/2026\/03\/WhatsApp-Image-2026-03-12-at-19.29.15-300x225.jpeg\" alt=\"\" width=\"879\" height=\"659\" srcset=\"https:\/\/noticiasemdestaque.com\/cd\/wp-content\/uploads\/2026\/03\/WhatsApp-Image-2026-03-12-at-19.29.15-300x225.jpeg 300w, https:\/\/noticiasemdestaque.com\/cd\/wp-content\/uploads\/2026\/03\/WhatsApp-Image-2026-03-12-at-19.29.15-1024x768.jpeg 1024w, https:\/\/noticiasemdestaque.com\/cd\/wp-content\/uploads\/2026\/03\/WhatsApp-Image-2026-03-12-at-19.29.15-768x576.jpeg 768w, https:\/\/noticiasemdestaque.com\/cd\/wp-content\/uploads\/2026\/03\/WhatsApp-Image-2026-03-12-at-19.29.15-1536x1152.jpeg 1536w, https:\/\/noticiasemdestaque.com\/cd\/wp-content\/uploads\/2026\/03\/WhatsApp-Image-2026-03-12-at-19.29.15.jpeg 1600w\" sizes=\"(max-width: 879px) 100vw, 879px\" \/><\/a><\/p>\n<p>De acordo com o prefeito Manezinho, a parceria com representantes pol\u00edticos paraibanos \u00e9 fundamental para viabilizar novos investimentos e acelerar o desenvolvimento da cidade.<\/p>\n<p>\u201cEssa emenda chegar\u00e1 em um momento importante e vai contribuir para ampliar nossas a\u00e7\u00f5es. Um exemplo ser\u00e3o os R$ 500 mil a serem aplicados na reforma do Jacint\u00e3o. Com mais R$ 500 mil que o munic\u00edpio adquiriu anteriormente com o senador Efraim, e R$ 500 mil com o Minist\u00e9rio do Esporte, soma-se R$ 1,5 milh\u00e3o, para a gente come\u00e7ar essa reforma de forma estruturante e com qualidade\u201d, destacou o prefeito.<\/p>\n<p>O senador Veneziano refor\u00e7ou o compromisso com o munic\u00edpio e ressaltou a import\u00e2ncia de continuar apoiando iniciativas que promovam desenvolvimento e bem-estar para os moradores. Ele estar\u00e1 destinando da seguinte forma:<\/p>\n<p>&#8211; R$ 1 milh\u00e3o para a Sa\u00fade (MAC);<\/p>\n<p>&#8211; R$ 516 mil para o portal da cidade;<\/p>\n<p>&#8211; Mais de R$ 1 milh\u00e3o para custeio na sa\u00fade;<\/p>\n<p>&#8211; Caminh\u00e3o pipa pelo Promaq;<\/p>\n<p>&#8211; Retroescavadeira para a Associa\u00e7\u00e3o de criadores de caprinos e bovinos;<\/p>\n<p>&#8211; R$ 400 mil para pavimenta\u00e7\u00e3o;<\/p>\n<p>&#8211; R$ 400 mil para a assist\u00eancia social.<\/p>\n<p>O prefeito ainda segue em Bras\u00edlia, onde manter\u00e1 outras agendas em busca de mais recursos que possibilitem novos avan\u00e7os e melhorias para o munic\u00edpio.<\/p>\n<p><strong>Noticias em Destaque<\/strong><\/p>\n<p style=\"text-align: right;\"><em>Fonte: Ascom PMS<\/em><br \/>\n12\/03\/2026<\/p>\n","protected":false},"excerpt":{"rendered":"<p>O prefeito Manezinho Louren\u00e7o cumpre agenda administrativa em Bras\u00edlia esta semana e tem mantido reuni\u00f5es com parlamentares da bancada paraibana apresentando pleitos e conseguindo bons resultados para o munic\u00edpio. O primeiro compromisso do prefeito foi no Minist\u00e9rio do Turismo, onde esteve reunido com o ministro do Turismo, Gustavo Feliciano, para tratar sobre a Expo Sum\u00e9 2026, conseguindo recursos no valor de R$ 500 mil para a Terceira Edi\u00e7\u00e3o da Festa do munic\u00edpio, que abre o calend\u00e1rio de exposi\u00e7\u00f5es de caprinos e ovinos no Estado da Para\u00edba. Na ter\u00e7a-feira (10), o prefeito, acompanhado do vereador Branco Xiliu, foi recebido pelo senador Veneziano Vital e conseguiu importantes recursos que contribuir\u00e3o diretamente para o fortalecimento de a\u00e7\u00f5es e investimentos no munic\u00edpio. Na ordem de R$ 4,8 milh\u00f5es, o destino da emenda, ser\u00e3o aplicados em melhorias na sa\u00fade, infraestrutura, aquisi\u00e7\u00e3o de equipamentos, reforma de espa\u00e7os p\u00fablicos e apoio \u00e0 agricultura, garantindo mais qualidade nos servi\u00e7os oferecidos \u00e0 popula\u00e7\u00e3o. De acordo com o prefeito Manezinho, a parceria com representantes pol\u00edticos paraibanos \u00e9 fundamental para viabilizar novos investimentos e acelerar o desenvolvimento da cidade. \u201cEssa emenda chegar\u00e1 em um momento importante e vai contribuir para ampliar nossas a\u00e7\u00f5es. Um exemplo ser\u00e3o os R$ 500 mil a serem aplicados na reforma do Jacint\u00e3o. Com mais R$ 500 mil que o munic\u00edpio adquiriu anteriormente com o senador Efraim, e R$ 500 mil com o Minist\u00e9rio do Esporte, soma-se R$ 1,5 milh\u00e3o, para a gente come\u00e7ar essa reforma de forma estruturante e com qualidade\u201d, destacou o prefeito. O senador Veneziano refor\u00e7ou o compromisso com o munic\u00edpio e ressaltou a import\u00e2ncia de continuar apoiando iniciativas que promovam desenvolvimento e bem-estar para os moradores. Ele estar\u00e1 destinando da seguinte forma: &#8211; R$ 1 milh\u00e3o para a Sa\u00fade (MAC); &#8211; R$ 516 mil para o portal da cidade; &#8211; Mais de R$ 1 milh\u00e3o para custeio na sa\u00fade; &#8211; Caminh\u00e3o pipa pelo Promaq; &#8211; Retroescavadeira para a Associa\u00e7\u00e3o de criadores de caprinos e bovinos; &#8211; R$ 400 mil para pavimenta\u00e7\u00e3o; &#8211; R$ 400 mil para a assist\u00eancia social. O prefeito ainda segue em Bras\u00edlia, onde manter\u00e1 outras agendas em busca de mais recursos que possibilitem novos avan\u00e7os e melhorias para o munic\u00edpio. Noticias em Destaque Fonte: Ascom PMS 12\/03\/2026<\/p>\n","protected":false},"author":2,"featured_media":77047,"comment_status":"closed","ping_status":"closed","sticky":false,"template":"","format":"standard","meta":{"_eb_attr":"","_jetpack_memberships_contains_paid_content":false,"footnotes":""},"categories":[4],"tags":[],"class_list":["post-77046","post","type-post","status-publish","format-standard","has-post-thumbnail","hentry","category-politica"],"yoast_head":"<!-- This site is optimized with the Yoast SEO plugin v26.5 - https:\/\/yoast.com\/wordpress\/plugins\/seo\/ -->\n<title>Prefeito Manezinho garante nova emenda parlamentar para fortalecer investimentos - Not&iacute;cias em Destaque<\/title>\n<meta name=\"robots\" content=\"index, follow, max-snippet:-1, max-image-preview:large, max-video-preview:-1\" \/>\n<link rel=\"canonical\" href=\"https:\/\/noticiasemdestaque.com\/cd\/?p=77046\" \/>\n<meta property=\"og:locale\" content=\"pt_BR\" \/>\n<meta property=\"og:type\" content=\"article\" \/>\n<meta property=\"og:title\" content=\"Prefeito Manezinho garante nova emenda parlamentar para fortalecer investimentos - Not&iacute;cias em Destaque\" \/>\n<meta property=\"og:description\" content=\"O prefeito Manezinho Louren\u00e7o cumpre agenda administrativa em Bras\u00edlia esta semana e tem mantido reuni\u00f5es com parlamentares da bancada paraibana apresentando pleitos e conseguindo bons resultados para o munic\u00edpio. O primeiro compromisso do prefeito foi no Minist\u00e9rio do Turismo, onde esteve reunido com o ministro do Turismo, Gustavo Feliciano, para tratar sobre a Expo Sum\u00e9 2026, conseguindo recursos no valor de R$ 500 mil para a Terceira Edi\u00e7\u00e3o da Festa do munic\u00edpio, que abre o calend\u00e1rio de exposi\u00e7\u00f5es de caprinos e ovinos no Estado da Para\u00edba. Na ter\u00e7a-feira (10), o prefeito, acompanhado do vereador Branco Xiliu, foi recebido pelo senador Veneziano Vital e conseguiu importantes recursos que contribuir\u00e3o diretamente para o fortalecimento de a\u00e7\u00f5es e investimentos no munic\u00edpio. Na ordem de R$ 4,8 milh\u00f5es, o destino da emenda, ser\u00e3o aplicados em melhorias na sa\u00fade, infraestrutura, aquisi\u00e7\u00e3o de equipamentos, reforma de espa\u00e7os p\u00fablicos e apoio \u00e0 agricultura, garantindo mais qualidade nos servi\u00e7os oferecidos \u00e0 popula\u00e7\u00e3o. De acordo com o prefeito Manezinho, a parceria com representantes pol\u00edticos paraibanos \u00e9 fundamental para viabilizar novos investimentos e acelerar o desenvolvimento da cidade. \u201cEssa emenda chegar\u00e1 em um momento importante e vai contribuir para ampliar nossas a\u00e7\u00f5es. Um exemplo ser\u00e3o os R$ 500 mil a serem aplicados na reforma do Jacint\u00e3o. Com mais R$ 500 mil que o munic\u00edpio adquiriu anteriormente com o senador Efraim, e R$ 500 mil com o Minist\u00e9rio do Esporte, soma-se R$ 1,5 milh\u00e3o, para a gente come\u00e7ar essa reforma de forma estruturante e com qualidade\u201d, destacou o prefeito. O senador Veneziano refor\u00e7ou o compromisso com o munic\u00edpio e ressaltou a import\u00e2ncia de continuar apoiando iniciativas que promovam desenvolvimento e bem-estar para os moradores. Ele estar\u00e1 destinando da seguinte forma: &#8211; R$ 1 milh\u00e3o para a Sa\u00fade (MAC); &#8211; R$ 516 mil para o portal da cidade; &#8211; Mais de R$ 1 milh\u00e3o para custeio na sa\u00fade; &#8211; Caminh\u00e3o pipa pelo Promaq; &#8211; Retroescavadeira para a Associa\u00e7\u00e3o de criadores de caprinos e bovinos; &#8211; R$ 400 mil para pavimenta\u00e7\u00e3o; &#8211; R$ 400 mil para a assist\u00eancia social. O prefeito ainda segue em Bras\u00edlia, onde manter\u00e1 outras agendas em busca de mais recursos que possibilitem novos avan\u00e7os e melhorias para o munic\u00edpio. Noticias em Destaque Fonte: Ascom PMS 12\/03\/2026\" \/>\n<meta property=\"og:url\" content=\"https:\/\/noticiasemdestaque.com\/cd\/?p=77046\" \/>\n<meta property=\"og:site_name\" content=\"Not&iacute;cias em Destaque\" \/>\n<meta property=\"article:published_time\" content=\"2026-03-12T23:42:56+00:00\" \/>\n<meta property=\"og:image\" content=\"https:\/\/noticiasemdestaque.com\/cd\/wp-content\/uploads\/2026\/03\/WhatsApp-Image-2026-03-12-at-19.29.15-1.jpeg\" \/>\n\t<meta property=\"og:image:width\" content=\"799\" \/>\n\t<meta property=\"og:image:height\" content=\"533\" \/>\n\t<meta property=\"og:image:type\" content=\"image\/jpeg\" \/>\n<meta name=\"author\" content=\"Not\u00edcias em Destaque\" \/>\n<meta name=\"twitter:card\" content=\"summary_large_image\" \/>\n<meta name=\"twitter:label1\" content=\"Escrito por\" \/>\n\t<meta name=\"twitter:data1\" content=\"Not\u00edcias em Destaque\" \/>\n\t<meta name=\"twitter:label2\" content=\"Est. tempo de leitura\" \/>\n\t<meta name=\"twitter:data2\" content=\"3 minutos\" \/>\n<script type=\"application\/ld+json\" class=\"yoast-schema-graph\">{\"@context\":\"https:\/\/schema.org\",\"@graph\":[{\"@type\":\"Article\",\"@id\":\"https:\/\/noticiasemdestaque.com\/cd\/?p=77046#article\",\"isPartOf\":{\"@id\":\"https:\/\/noticiasemdestaque.com\/cd\/?p=77046\"},\"author\":{\"name\":\"Not\u00edcias em Destaque\",\"@id\":\"https:\/\/noticiasemdestaque.com\/cd\/#\/schema\/person\/9c05c6816b191977f47499b3494ace52\"},\"headline\":\"Prefeito Manezinho garante nova emenda parlamentar para fortalecer investimentos\",\"datePublished\":\"2026-03-12T23:42:56+00:00\",\"mainEntityOfPage\":{\"@id\":\"https:\/\/noticiasemdestaque.com\/cd\/?p=77046\"},\"wordCount\":403,\"publisher\":{\"@id\":\"https:\/\/noticiasemdestaque.com\/cd\/#organization\"},\"image\":{\"@id\":\"https:\/\/noticiasemdestaque.com\/cd\/?p=77046#primaryimage\"},\"thumbnailUrl\":\"https:\/\/noticiasemdestaque.com\/cd\/wp-content\/uploads\/2026\/03\/WhatsApp-Image-2026-03-12-at-19.29.15-1.jpeg\",\"articleSection\":[\"Pol\u00edtica\"],\"inLanguage\":\"pt-BR\"},{\"@type\":\"WebPage\",\"@id\":\"https:\/\/noticiasemdestaque.com\/cd\/?p=77046\",\"url\":\"https:\/\/noticiasemdestaque.com\/cd\/?p=77046\",\"name\":\"Prefeito Manezinho garante nova emenda parlamentar para fortalecer investimentos - Not&iacute;cias em Destaque\",\"isPartOf\":{\"@id\":\"https:\/\/noticiasemdestaque.com\/cd\/#website\"},\"primaryImageOfPage\":{\"@id\":\"https:\/\/noticiasemdestaque.com\/cd\/?p=77046#primaryimage\"},\"image\":{\"@id\":\"https:\/\/noticiasemdestaque.com\/cd\/?p=77046#primaryimage\"},\"thumbnailUrl\":\"https:\/\/noticiasemdestaque.com\/cd\/wp-content\/uploads\/2026\/03\/WhatsApp-Image-2026-03-12-at-19.29.15-1.jpeg\",\"datePublished\":\"2026-03-12T23:42:56+00:00\",\"breadcrumb\":{\"@id\":\"https:\/\/noticiasemdestaque.com\/cd\/?p=77046#breadcrumb\"},\"inLanguage\":\"pt-BR\",\"potentialAction\":[{\"@type\":\"ReadAction\",\"target\":[\"https:\/\/noticiasemdestaque.com\/cd\/?p=77046\"]}]},{\"@type\":\"ImageObject\",\"inLanguage\":\"pt-BR\",\"@id\":\"https:\/\/noticiasemdestaque.com\/cd\/?p=77046#primaryimage\",\"url\":\"https:\/\/noticiasemdestaque.com\/cd\/wp-content\/uploads\/2026\/03\/WhatsApp-Image-2026-03-12-at-19.29.15-1.jpeg\",\"contentUrl\":\"https:\/\/noticiasemdestaque.com\/cd\/wp-content\/uploads\/2026\/03\/WhatsApp-Image-2026-03-12-at-19.29.15-1.jpeg\",\"width\":799,\"height\":533},{\"@type\":\"BreadcrumbList\",\"@id\":\"https:\/\/noticiasemdestaque.com\/cd\/?p=77046#breadcrumb\",\"itemListElement\":[{\"@type\":\"ListItem\",\"position\":1,\"name\":\"In\u00edcio\",\"item\":\"https:\/\/noticiasemdestaque.com\/cd\/\"},{\"@type\":\"ListItem\",\"position\":2,\"name\":\"Prefeito Manezinho garante nova emenda parlamentar para fortalecer investimentos\"}]},{\"@type\":\"WebSite\",\"@id\":\"https:\/\/noticiasemdestaque.com\/cd\/#website\",\"url\":\"https:\/\/noticiasemdestaque.com\/cd\/\",\"name\":\"Not&iacute;cias em Destaque\",\"description\":\"\",\"publisher\":{\"@id\":\"https:\/\/noticiasemdestaque.com\/cd\/#organization\"},\"potentialAction\":[{\"@type\":\"SearchAction\",\"target\":{\"@type\":\"EntryPoint\",\"urlTemplate\":\"https:\/\/noticiasemdestaque.com\/cd\/?s={search_term_string}\"},\"query-input\":{\"@type\":\"PropertyValueSpecification\",\"valueRequired\":true,\"valueName\":\"search_term_string\"}}],\"inLanguage\":\"pt-BR\"},{\"@type\":\"Organization\",\"@id\":\"https:\/\/noticiasemdestaque.com\/cd\/#organization\",\"name\":\"Not\u00edcias em Destaque\",\"url\":\"https:\/\/noticiasemdestaque.com\/cd\/\",\"logo\":{\"@type\":\"ImageObject\",\"inLanguage\":\"pt-BR\",\"@id\":\"https:\/\/noticiasemdestaque.com\/cd\/#\/schema\/logo\/image\/\",\"url\":\"https:\/\/noticiasemdestaque.com\/cd\/wp-content\/uploads\/2022\/05\/imagem-base-noticiasemdestaque.png\",\"contentUrl\":\"https:\/\/noticiasemdestaque.com\/cd\/wp-content\/uploads\/2022\/05\/imagem-base-noticiasemdestaque.png\",\"width\":1200,\"height\":630,\"caption\":\"Not\u00edcias em Destaque\"},\"image\":{\"@id\":\"https:\/\/noticiasemdestaque.com\/cd\/#\/schema\/logo\/image\/\"}},{\"@type\":\"Person\",\"@id\":\"https:\/\/noticiasemdestaque.com\/cd\/#\/schema\/person\/9c05c6816b191977f47499b3494ace52\",\"name\":\"Not\u00edcias em Destaque\",\"url\":\"https:\/\/noticiasemdestaque.com\/cd\/?author=2\"}]}<\/script>\n<!-- \/ Yoast SEO plugin. -->","yoast_head_json":{"title":"Prefeito Manezinho garante nova emenda parlamentar para fortalecer investimentos - Not&iacute;cias em Destaque","robots":{"index":"index","follow":"follow","max-snippet":"max-snippet:-1","max-image-preview":"max-image-preview:large","max-video-preview":"max-video-preview:-1"},"canonical":"https:\/\/noticiasemdestaque.com\/cd\/?p=77046","og_locale":"pt_BR","og_type":"article","og_title":"Prefeito Manezinho garante nova emenda parlamentar para fortalecer investimentos - Not&iacute;cias em Destaque","og_description":"O prefeito Manezinho Louren\u00e7o cumpre agenda administrativa em Bras\u00edlia esta semana e tem mantido reuni\u00f5es com parlamentares da bancada paraibana apresentando pleitos e conseguindo bons resultados para o munic\u00edpio. O primeiro compromisso do prefeito foi no Minist\u00e9rio do Turismo, onde esteve reunido com o ministro do Turismo, Gustavo Feliciano, para tratar sobre a Expo Sum\u00e9 2026, conseguindo recursos no valor de R$ 500 mil para a Terceira Edi\u00e7\u00e3o da Festa do munic\u00edpio, que abre o calend\u00e1rio de exposi\u00e7\u00f5es de caprinos e ovinos no Estado da Para\u00edba. Na ter\u00e7a-feira (10), o prefeito, acompanhado do vereador Branco Xiliu, foi recebido pelo senador Veneziano Vital e conseguiu importantes recursos que contribuir\u00e3o diretamente para o fortalecimento de a\u00e7\u00f5es e investimentos no munic\u00edpio. Na ordem de R$ 4,8 milh\u00f5es, o destino da emenda, ser\u00e3o aplicados em melhorias na sa\u00fade, infraestrutura, aquisi\u00e7\u00e3o de equipamentos, reforma de espa\u00e7os p\u00fablicos e apoio \u00e0 agricultura, garantindo mais qualidade nos servi\u00e7os oferecidos \u00e0 popula\u00e7\u00e3o. De acordo com o prefeito Manezinho, a parceria com representantes pol\u00edticos paraibanos \u00e9 fundamental para viabilizar novos investimentos e acelerar o desenvolvimento da cidade. \u201cEssa emenda chegar\u00e1 em um momento importante e vai contribuir para ampliar nossas a\u00e7\u00f5es. Um exemplo ser\u00e3o os R$ 500 mil a serem aplicados na reforma do Jacint\u00e3o. Com mais R$ 500 mil que o munic\u00edpio adquiriu anteriormente com o senador Efraim, e R$ 500 mil com o Minist\u00e9rio do Esporte, soma-se R$ 1,5 milh\u00e3o, para a gente come\u00e7ar essa reforma de forma estruturante e com qualidade\u201d, destacou o prefeito. O senador Veneziano refor\u00e7ou o compromisso com o munic\u00edpio e ressaltou a import\u00e2ncia de continuar apoiando iniciativas que promovam desenvolvimento e bem-estar para os moradores. Ele estar\u00e1 destinando da seguinte forma: &#8211; R$ 1 milh\u00e3o para a Sa\u00fade (MAC); &#8211; R$ 516 mil para o portal da cidade; &#8211; Mais de R$ 1 milh\u00e3o para custeio na sa\u00fade; &#8211; Caminh\u00e3o pipa pelo Promaq; &#8211; Retroescavadeira para a Associa\u00e7\u00e3o de criadores de caprinos e bovinos; &#8211; R$ 400 mil para pavimenta\u00e7\u00e3o; &#8211; R$ 400 mil para a assist\u00eancia social. O prefeito ainda segue em Bras\u00edlia, onde manter\u00e1 outras agendas em busca de mais recursos que possibilitem novos avan\u00e7os e melhorias para o munic\u00edpio. Noticias em Destaque Fonte: Ascom PMS 12\/03\/2026","og_url":"https:\/\/noticiasemdestaque.com\/cd\/?p=77046","og_site_name":"Not&iacute;cias em Destaque","article_published_time":"2026-03-12T23:42:56+00:00","og_image":[{"width":799,"height":533,"url":"https:\/\/noticiasemdestaque.com\/cd\/wp-content\/uploads\/2026\/03\/WhatsApp-Image-2026-03-12-at-19.29.15-1.jpeg","type":"image\/jpeg"}],"author":"Not\u00edcias em Destaque","twitter_card":"summary_large_image","twitter_misc":{"Escrito por":"Not\u00edcias em Destaque","Est. tempo de leitura":"3 minutos"},"schema":{"@context":"https:\/\/schema.org","@graph":[{"@type":"Article","@id":"https:\/\/noticiasemdestaque.com\/cd\/?p=77046#article","isPartOf":{"@id":"https:\/\/noticiasemdestaque.com\/cd\/?p=77046"},"author":{"name":"Not\u00edcias em Destaque","@id":"https:\/\/noticiasemdestaque.com\/cd\/#\/schema\/person\/9c05c6816b191977f47499b3494ace52"},"headline":"Prefeito Manezinho garante nova emenda parlamentar para fortalecer investimentos","datePublished":"2026-03-12T23:42:56+00:00","mainEntityOfPage":{"@id":"https:\/\/noticiasemdestaque.com\/cd\/?p=77046"},"wordCount":403,"publisher":{"@id":"https:\/\/noticiasemdestaque.com\/cd\/#organization"},"image":{"@id":"https:\/\/noticiasemdestaque.com\/cd\/?p=77046#primaryimage"},"thumbnailUrl":"https:\/\/noticiasemdestaque.com\/cd\/wp-content\/uploads\/2026\/03\/WhatsApp-Image-2026-03-12-at-19.29.15-1.jpeg","articleSection":["Pol\u00edtica"],"inLanguage":"pt-BR"},{"@type":"WebPage","@id":"https:\/\/noticiasemdestaque.com\/cd\/?p=77046","url":"https:\/\/noticiasemdestaque.com\/cd\/?p=77046","name":"Prefeito Manezinho garante nova emenda parlamentar para fortalecer investimentos - Not&iacute;cias em Destaque","isPartOf":{"@id":"https:\/\/noticiasemdestaque.com\/cd\/#website"},"primaryImageOfPage":{"@id":"https:\/\/noticiasemdestaque.com\/cd\/?p=77046#primaryimage"},"image":{"@id":"https:\/\/noticiasemdestaque.com\/cd\/?p=77046#primaryimage"},"thumbnailUrl":"https:\/\/noticiasemdestaque.com\/cd\/wp-content\/uploads\/2026\/03\/WhatsApp-Image-2026-03-12-at-19.29.15-1.jpeg","datePublished":"2026-03-12T23:42:56+00:00","breadcrumb":{"@id":"https:\/\/noticiasemdestaque.com\/cd\/?p=77046#breadcrumb"},"inLanguage":"pt-BR","potentialAction":[{"@type":"ReadAction","target":["https:\/\/noticiasemdestaque.com\/cd\/?p=77046"]}]},{"@type":"ImageObject","inLanguage":"pt-BR","@id":"https:\/\/noticiasemdestaque.com\/cd\/?p=77046#primaryimage","url":"https:\/\/noticiasemdestaque.com\/cd\/wp-content\/uploads\/2026\/03\/WhatsApp-Image-2026-03-12-at-19.29.15-1.jpeg","contentUrl":"https:\/\/noticiasemdestaque.com\/cd\/wp-content\/uploads\/2026\/03\/WhatsApp-Image-2026-03-12-at-19.29.15-1.jpeg","width":799,"height":533},{"@type":"BreadcrumbList","@id":"https:\/\/noticiasemdestaque.com\/cd\/?p=77046#breadcrumb","itemListElement":[{"@type":"ListItem","position":1,"name":"In\u00edcio","item":"https:\/\/noticiasemdestaque.com\/cd\/"},{"@type":"ListItem","position":2,"name":"Prefeito Manezinho garante nova emenda parlamentar para fortalecer investimentos"}]},{"@type":"WebSite","@id":"https:\/\/noticiasemdestaque.com\/cd\/#website","url":"https:\/\/noticiasemdestaque.com\/cd\/","name":"Not&iacute;cias em Destaque","description":"","publisher":{"@id":"https:\/\/noticiasemdestaque.com\/cd\/#organization"},"potentialAction":[{"@type":"SearchAction","target":{"@type":"EntryPoint","urlTemplate":"https:\/\/noticiasemdestaque.com\/cd\/?s={search_term_string}"},"query-input":{"@type":"PropertyValueSpecification","valueRequired":true,"valueName":"search_term_string"}}],"inLanguage":"pt-BR"},{"@type":"Organization","@id":"https:\/\/noticiasemdestaque.com\/cd\/#organization","name":"Not\u00edcias em Destaque","url":"https:\/\/noticiasemdestaque.com\/cd\/","logo":{"@type":"ImageObject","inLanguage":"pt-BR","@id":"https:\/\/noticiasemdestaque.com\/cd\/#\/schema\/logo\/image\/","url":"https:\/\/noticiasemdestaque.com\/cd\/wp-content\/uploads\/2022\/05\/imagem-base-noticiasemdestaque.png","contentUrl":"https:\/\/noticiasemdestaque.com\/cd\/wp-content\/uploads\/2022\/05\/imagem-base-noticiasemdestaque.png","width":1200,"height":630,"caption":"Not\u00edcias em Destaque"},"image":{"@id":"https:\/\/noticiasemdestaque.com\/cd\/#\/schema\/logo\/image\/"}},{"@type":"Person","@id":"https:\/\/noticiasemdestaque.com\/cd\/#\/schema\/person\/9c05c6816b191977f47499b3494ace52","name":"Not\u00edcias em Destaque","url":"https:\/\/noticiasemdestaque.com\/cd\/?author=2"}]}},"jetpack_featured_media_url":"https:\/\/noticiasemdestaque.com\/cd\/wp-content\/uploads\/2026\/03\/WhatsApp-Image-2026-03-12-at-19.29.15-1.jpeg","jetpack_sharing_enabled":true,"_links":{"self":[{"href":"https:\/\/noticiasemdestaque.com\/cd\/index.php?rest_route=\/wp\/v2\/posts\/77046","targetHints":{"allow":["GET"]}}],"collection":[{"href":"https:\/\/noticiasemdestaque.com\/cd\/index.php?rest_route=\/wp\/v2\/posts"}],"about":[{"href":"https:\/\/noticiasemdestaque.com\/cd\/index.php?rest_route=\/wp\/v2\/types\/post"}],"author":[{"embeddable":true,"href":"https:\/\/noticiasemdestaque.com\/cd\/index.php?rest_route=\/wp\/v2\/users\/2"}],"replies":[{"embeddable":true,"href":"https:\/\/noticiasemdestaque.com\/cd\/index.php?rest_route=%2Fwp%2Fv2%2Fcomments&post=77046"}],"version-history":[{"count":1,"href":"https:\/\/noticiasemdestaque.com\/cd\/index.php?rest_route=\/wp\/v2\/posts\/77046\/revisions"}],"predecessor-version":[{"id":77049,"href":"https:\/\/noticiasemdestaque.com\/cd\/index.php?rest_route=\/wp\/v2\/posts\/77046\/revisions\/77049"}],"wp:featuredmedia":[{"embeddable":true,"href":"https:\/\/noticiasemdestaque.com\/cd\/index.php?rest_route=\/wp\/v2\/media\/77047"}],"wp:attachment":[{"href":"https:\/\/noticiasemdestaque.com\/cd\/index.php?rest_route=%2Fwp%2Fv2%2Fmedia&parent=77046"}],"wp:term":[{"taxonomy":"category","embeddable":true,"href":"https:\/\/noticiasemdestaque.com\/cd\/index.php?rest_route=%2Fwp%2Fv2%2Fcategories&post=77046"},{"taxonomy":"post_tag","embeddable":true,"href":"https:\/\/noticiasemdestaque.com\/cd\/index.php?rest_route=%2Fwp%2Fv2%2Ftags&post=77046"}],"curies":[{"name":"wp","href":"https:\/\/api.w.org\/{rel}","templated":true}]}}