{"id":77043,"date":"2026-03-12T18:53:22","date_gmt":"2026-03-12T21:53:22","guid":{"rendered":"https:\/\/noticiasemdestaque.com\/cd\/?p=77043"},"modified":"2026-03-12T18:53:22","modified_gmt":"2026-03-12T21:53:22","slug":"crianca-morre-apos-ser-picada-por-uma-cobra-em-salgadinho","status":"publish","type":"post","link":"https:\/\/noticiasemdestaque.com\/cd\/?p=77043","title":{"rendered":"Crian\u00e7a morre ap\u00f3s ser picada por uma cobra em Salgadinho"},"content":{"rendered":"<p><a href=\"https:\/\/noticiasemdestaque.com\/cd\/wp-content\/uploads\/2026\/03\/hospital-de-trauma-de-campina-grande.jpeg\"><img fetchpriority=\"high\" decoding=\"async\" class=\" wp-image-77044 aligncenter\" src=\"https:\/\/noticiasemdestaque.com\/cd\/wp-content\/uploads\/2026\/03\/hospital-de-trauma-de-campina-grande-300x169.jpeg\" alt=\"\" width=\"820\" height=\"462\" srcset=\"https:\/\/noticiasemdestaque.com\/cd\/wp-content\/uploads\/2026\/03\/hospital-de-trauma-de-campina-grande-300x169.jpeg 300w, https:\/\/noticiasemdestaque.com\/cd\/wp-content\/uploads\/2026\/03\/hospital-de-trauma-de-campina-grande-768x432.jpeg 768w, https:\/\/noticiasemdestaque.com\/cd\/wp-content\/uploads\/2026\/03\/hospital-de-trauma-de-campina-grande.jpeg 984w\" sizes=\"(max-width: 820px) 100vw, 820px\" \/><\/a><\/p>\n<p>Uma crian\u00e7a natural de\u00a0Salgadinho, no Cariri da Para\u00edba, morreu ap\u00f3s ser picada por uma cobra. A informa\u00e7\u00e3o foi divulgada nesta quinta-feira (12) pelo Hospital de Emerg\u00eancia e Trauma de\u00a0Campina Grande, para onde a v\u00edtima foi socorrida .<\/p>\n<p>A crian\u00e7a foi identificada por Israel Mateus de Oliveira, de seis anos. Segundo profissionais do hospital, a crian\u00e7a teria sofrido o ataque na manh\u00e3 da quarta-feira (11) e foi levada para uma unidade de sa\u00fade de\u00a0Tapero\u00e1.<\/p>\n<p>Depois, a crian\u00e7a foi conduzida por uma ambul\u00e2ncia do Samu para o Hospital de Trauma de Campina Grande, onde j\u00e1 chegou em estado grave.<\/p>\n<p>A unidade informou que o menino passou por procedimentos de emerg\u00eancia, mas n\u00e3o resistiu e morreu.<\/p>\n<p>A Prefeitura Municipal de Salgadinho divulgou uma nota de pesar lamentando a morte do menino.<\/p>\n<p><strong>Noticias em Destaque<\/strong><\/p>\n<p style=\"text-align: right;\"><em>Com G1\/PB<\/em><\/p>\n","protected":false},"excerpt":{"rendered":"<p>Uma crian\u00e7a natural de\u00a0Salgadinho, no Cariri da Para\u00edba, morreu ap\u00f3s ser picada por uma cobra. A informa\u00e7\u00e3o foi divulgada nesta quinta-feira (12) pelo Hospital de Emerg\u00eancia e Trauma de\u00a0Campina Grande, para onde a v\u00edtima foi socorrida . A crian\u00e7a foi identificada por Israel Mateus de Oliveira, de seis anos. Segundo profissionais do hospital, a crian\u00e7a teria sofrido o ataque na manh\u00e3 da quarta-feira (11) e foi levada para uma unidade de sa\u00fade de\u00a0Tapero\u00e1. Depois, a crian\u00e7a foi conduzida por uma ambul\u00e2ncia do Samu para o Hospital de Trauma de Campina Grande, onde j\u00e1 chegou em estado grave. A unidade informou que o menino passou por procedimentos de emerg\u00eancia, mas n\u00e3o resistiu e morreu. A Prefeitura Municipal de Salgadinho divulgou uma nota de pesar lamentando a morte do menino. Noticias em Destaque Com G1\/PB<\/p>\n","protected":false},"author":2,"featured_media":77044,"comment_status":"closed","ping_status":"closed","sticky":false,"template":"","format":"standard","meta":{"_eb_attr":"","_jetpack_memberships_contains_paid_content":false,"footnotes":""},"categories":[20],"tags":[],"class_list":["post-77043","post","type-post","status-publish","format-standard","has-post-thumbnail","hentry","category-policia"],"yoast_head":"<!-- This site is optimized with the Yoast SEO plugin v26.5 - https:\/\/yoast.com\/wordpress\/plugins\/seo\/ -->\n<title>Crian\u00e7a morre ap\u00f3s ser picada por uma cobra em Salgadinho - Not&iacute;cias em Destaque<\/title>\n<meta name=\"robots\" content=\"index, follow, max-snippet:-1, max-image-preview:large, max-video-preview:-1\" \/>\n<link rel=\"canonical\" href=\"https:\/\/noticiasemdestaque.com\/cd\/?p=77043\" \/>\n<meta property=\"og:locale\" content=\"pt_BR\" \/>\n<meta property=\"og:type\" content=\"article\" \/>\n<meta property=\"og:title\" content=\"Crian\u00e7a morre ap\u00f3s ser picada por uma cobra em Salgadinho - Not&iacute;cias em Destaque\" \/>\n<meta property=\"og:description\" content=\"Uma crian\u00e7a natural de\u00a0Salgadinho, no Cariri da Para\u00edba, morreu ap\u00f3s ser picada por uma cobra. A informa\u00e7\u00e3o foi divulgada nesta quinta-feira (12) pelo Hospital de Emerg\u00eancia e Trauma de\u00a0Campina Grande, para onde a v\u00edtima foi socorrida . A crian\u00e7a foi identificada por Israel Mateus de Oliveira, de seis anos. Segundo profissionais do hospital, a crian\u00e7a teria sofrido o ataque na manh\u00e3 da quarta-feira (11) e foi levada para uma unidade de sa\u00fade de\u00a0Tapero\u00e1. Depois, a crian\u00e7a foi conduzida por uma ambul\u00e2ncia do Samu para o Hospital de Trauma de Campina Grande, onde j\u00e1 chegou em estado grave. A unidade informou que o menino passou por procedimentos de emerg\u00eancia, mas n\u00e3o resistiu e morreu. A Prefeitura Municipal de Salgadinho divulgou uma nota de pesar lamentando a morte do menino. Noticias em Destaque Com G1\/PB\" \/>\n<meta property=\"og:url\" content=\"https:\/\/noticiasemdestaque.com\/cd\/?p=77043\" \/>\n<meta property=\"og:site_name\" content=\"Not&iacute;cias em Destaque\" \/>\n<meta property=\"article:published_time\" content=\"2026-03-12T21:53:22+00:00\" \/>\n<meta property=\"og:image\" content=\"https:\/\/noticiasemdestaque.com\/cd\/wp-content\/uploads\/2026\/03\/hospital-de-trauma-de-campina-grande.jpeg\" \/>\n\t<meta property=\"og:image:width\" content=\"984\" \/>\n\t<meta property=\"og:image:height\" content=\"554\" \/>\n\t<meta property=\"og:image:type\" content=\"image\/jpeg\" \/>\n<meta name=\"author\" content=\"Not\u00edcias em Destaque\" \/>\n<meta name=\"twitter:card\" content=\"summary_large_image\" \/>\n<meta name=\"twitter:label1\" content=\"Escrito por\" \/>\n\t<meta name=\"twitter:data1\" content=\"Not\u00edcias em Destaque\" \/>\n\t<meta name=\"twitter:label2\" content=\"Est. tempo de leitura\" \/>\n\t<meta name=\"twitter:data2\" content=\"2 minutos\" \/>\n<script type=\"application\/ld+json\" class=\"yoast-schema-graph\">{\"@context\":\"https:\/\/schema.org\",\"@graph\":[{\"@type\":\"Article\",\"@id\":\"https:\/\/noticiasemdestaque.com\/cd\/?p=77043#article\",\"isPartOf\":{\"@id\":\"https:\/\/noticiasemdestaque.com\/cd\/?p=77043\"},\"author\":{\"name\":\"Not\u00edcias em Destaque\",\"@id\":\"https:\/\/noticiasemdestaque.com\/cd\/#\/schema\/person\/9c05c6816b191977f47499b3494ace52\"},\"headline\":\"Crian\u00e7a morre ap\u00f3s ser picada por uma cobra em Salgadinho\",\"datePublished\":\"2026-03-12T21:53:22+00:00\",\"mainEntityOfPage\":{\"@id\":\"https:\/\/noticiasemdestaque.com\/cd\/?p=77043\"},\"wordCount\":159,\"publisher\":{\"@id\":\"https:\/\/noticiasemdestaque.com\/cd\/#organization\"},\"image\":{\"@id\":\"https:\/\/noticiasemdestaque.com\/cd\/?p=77043#primaryimage\"},\"thumbnailUrl\":\"https:\/\/noticiasemdestaque.com\/cd\/wp-content\/uploads\/2026\/03\/hospital-de-trauma-de-campina-grande.jpeg\",\"articleSection\":[\"Pol\u00edcia\"],\"inLanguage\":\"pt-BR\"},{\"@type\":\"WebPage\",\"@id\":\"https:\/\/noticiasemdestaque.com\/cd\/?p=77043\",\"url\":\"https:\/\/noticiasemdestaque.com\/cd\/?p=77043\",\"name\":\"Crian\u00e7a morre ap\u00f3s ser picada por uma cobra em Salgadinho - Not&iacute;cias em Destaque\",\"isPartOf\":{\"@id\":\"https:\/\/noticiasemdestaque.com\/cd\/#website\"},\"primaryImageOfPage\":{\"@id\":\"https:\/\/noticiasemdestaque.com\/cd\/?p=77043#primaryimage\"},\"image\":{\"@id\":\"https:\/\/noticiasemdestaque.com\/cd\/?p=77043#primaryimage\"},\"thumbnailUrl\":\"https:\/\/noticiasemdestaque.com\/cd\/wp-content\/uploads\/2026\/03\/hospital-de-trauma-de-campina-grande.jpeg\",\"datePublished\":\"2026-03-12T21:53:22+00:00\",\"breadcrumb\":{\"@id\":\"https:\/\/noticiasemdestaque.com\/cd\/?p=77043#breadcrumb\"},\"inLanguage\":\"pt-BR\",\"potentialAction\":[{\"@type\":\"ReadAction\",\"target\":[\"https:\/\/noticiasemdestaque.com\/cd\/?p=77043\"]}]},{\"@type\":\"ImageObject\",\"inLanguage\":\"pt-BR\",\"@id\":\"https:\/\/noticiasemdestaque.com\/cd\/?p=77043#primaryimage\",\"url\":\"https:\/\/noticiasemdestaque.com\/cd\/wp-content\/uploads\/2026\/03\/hospital-de-trauma-de-campina-grande.jpeg\",\"contentUrl\":\"https:\/\/noticiasemdestaque.com\/cd\/wp-content\/uploads\/2026\/03\/hospital-de-trauma-de-campina-grande.jpeg\",\"width\":984,\"height\":554},{\"@type\":\"BreadcrumbList\",\"@id\":\"https:\/\/noticiasemdestaque.com\/cd\/?p=77043#breadcrumb\",\"itemListElement\":[{\"@type\":\"ListItem\",\"position\":1,\"name\":\"In\u00edcio\",\"item\":\"https:\/\/noticiasemdestaque.com\/cd\/\"},{\"@type\":\"ListItem\",\"position\":2,\"name\":\"Crian\u00e7a morre ap\u00f3s ser picada por uma cobra em Salgadinho\"}]},{\"@type\":\"WebSite\",\"@id\":\"https:\/\/noticiasemdestaque.com\/cd\/#website\",\"url\":\"https:\/\/noticiasemdestaque.com\/cd\/\",\"name\":\"Not&iacute;cias em Destaque\",\"description\":\"\",\"publisher\":{\"@id\":\"https:\/\/noticiasemdestaque.com\/cd\/#organization\"},\"potentialAction\":[{\"@type\":\"SearchAction\",\"target\":{\"@type\":\"EntryPoint\",\"urlTemplate\":\"https:\/\/noticiasemdestaque.com\/cd\/?s={search_term_string}\"},\"query-input\":{\"@type\":\"PropertyValueSpecification\",\"valueRequired\":true,\"valueName\":\"search_term_string\"}}],\"inLanguage\":\"pt-BR\"},{\"@type\":\"Organization\",\"@id\":\"https:\/\/noticiasemdestaque.com\/cd\/#organization\",\"name\":\"Not\u00edcias em Destaque\",\"url\":\"https:\/\/noticiasemdestaque.com\/cd\/\",\"logo\":{\"@type\":\"ImageObject\",\"inLanguage\":\"pt-BR\",\"@id\":\"https:\/\/noticiasemdestaque.com\/cd\/#\/schema\/logo\/image\/\",\"url\":\"https:\/\/noticiasemdestaque.com\/cd\/wp-content\/uploads\/2022\/05\/imagem-base-noticiasemdestaque.png\",\"contentUrl\":\"https:\/\/noticiasemdestaque.com\/cd\/wp-content\/uploads\/2022\/05\/imagem-base-noticiasemdestaque.png\",\"width\":1200,\"height\":630,\"caption\":\"Not\u00edcias em Destaque\"},\"image\":{\"@id\":\"https:\/\/noticiasemdestaque.com\/cd\/#\/schema\/logo\/image\/\"}},{\"@type\":\"Person\",\"@id\":\"https:\/\/noticiasemdestaque.com\/cd\/#\/schema\/person\/9c05c6816b191977f47499b3494ace52\",\"name\":\"Not\u00edcias em Destaque\",\"url\":\"https:\/\/noticiasemdestaque.com\/cd\/?author=2\"}]}<\/script>\n<!-- \/ Yoast SEO plugin. -->","yoast_head_json":{"title":"Crian\u00e7a morre ap\u00f3s ser picada por uma cobra em Salgadinho - Not&iacute;cias em Destaque","robots":{"index":"index","follow":"follow","max-snippet":"max-snippet:-1","max-image-preview":"max-image-preview:large","max-video-preview":"max-video-preview:-1"},"canonical":"https:\/\/noticiasemdestaque.com\/cd\/?p=77043","og_locale":"pt_BR","og_type":"article","og_title":"Crian\u00e7a morre ap\u00f3s ser picada por uma cobra em Salgadinho - Not&iacute;cias em Destaque","og_description":"Uma crian\u00e7a natural de\u00a0Salgadinho, no Cariri da Para\u00edba, morreu ap\u00f3s ser picada por uma cobra. A informa\u00e7\u00e3o foi divulgada nesta quinta-feira (12) pelo Hospital de Emerg\u00eancia e Trauma de\u00a0Campina Grande, para onde a v\u00edtima foi socorrida . A crian\u00e7a foi identificada por Israel Mateus de Oliveira, de seis anos. Segundo profissionais do hospital, a crian\u00e7a teria sofrido o ataque na manh\u00e3 da quarta-feira (11) e foi levada para uma unidade de sa\u00fade de\u00a0Tapero\u00e1. Depois, a crian\u00e7a foi conduzida por uma ambul\u00e2ncia do Samu para o Hospital de Trauma de Campina Grande, onde j\u00e1 chegou em estado grave. A unidade informou que o menino passou por procedimentos de emerg\u00eancia, mas n\u00e3o resistiu e morreu. A Prefeitura Municipal de Salgadinho divulgou uma nota de pesar lamentando a morte do menino. Noticias em Destaque Com G1\/PB","og_url":"https:\/\/noticiasemdestaque.com\/cd\/?p=77043","og_site_name":"Not&iacute;cias em Destaque","article_published_time":"2026-03-12T21:53:22+00:00","og_image":[{"width":984,"height":554,"url":"https:\/\/noticiasemdestaque.com\/cd\/wp-content\/uploads\/2026\/03\/hospital-de-trauma-de-campina-grande.jpeg","type":"image\/jpeg"}],"author":"Not\u00edcias em Destaque","twitter_card":"summary_large_image","twitter_misc":{"Escrito por":"Not\u00edcias em Destaque","Est. tempo de leitura":"2 minutos"},"schema":{"@context":"https:\/\/schema.org","@graph":[{"@type":"Article","@id":"https:\/\/noticiasemdestaque.com\/cd\/?p=77043#article","isPartOf":{"@id":"https:\/\/noticiasemdestaque.com\/cd\/?p=77043"},"author":{"name":"Not\u00edcias em Destaque","@id":"https:\/\/noticiasemdestaque.com\/cd\/#\/schema\/person\/9c05c6816b191977f47499b3494ace52"},"headline":"Crian\u00e7a morre ap\u00f3s ser picada por uma cobra em Salgadinho","datePublished":"2026-03-12T21:53:22+00:00","mainEntityOfPage":{"@id":"https:\/\/noticiasemdestaque.com\/cd\/?p=77043"},"wordCount":159,"publisher":{"@id":"https:\/\/noticiasemdestaque.com\/cd\/#organization"},"image":{"@id":"https:\/\/noticiasemdestaque.com\/cd\/?p=77043#primaryimage"},"thumbnailUrl":"https:\/\/noticiasemdestaque.com\/cd\/wp-content\/uploads\/2026\/03\/hospital-de-trauma-de-campina-grande.jpeg","articleSection":["Pol\u00edcia"],"inLanguage":"pt-BR"},{"@type":"WebPage","@id":"https:\/\/noticiasemdestaque.com\/cd\/?p=77043","url":"https:\/\/noticiasemdestaque.com\/cd\/?p=77043","name":"Crian\u00e7a morre ap\u00f3s ser picada por uma cobra em Salgadinho - Not&iacute;cias em Destaque","isPartOf":{"@id":"https:\/\/noticiasemdestaque.com\/cd\/#website"},"primaryImageOfPage":{"@id":"https:\/\/noticiasemdestaque.com\/cd\/?p=77043#primaryimage"},"image":{"@id":"https:\/\/noticiasemdestaque.com\/cd\/?p=77043#primaryimage"},"thumbnailUrl":"https:\/\/noticiasemdestaque.com\/cd\/wp-content\/uploads\/2026\/03\/hospital-de-trauma-de-campina-grande.jpeg","datePublished":"2026-03-12T21:53:22+00:00","breadcrumb":{"@id":"https:\/\/noticiasemdestaque.com\/cd\/?p=77043#breadcrumb"},"inLanguage":"pt-BR","potentialAction":[{"@type":"ReadAction","target":["https:\/\/noticiasemdestaque.com\/cd\/?p=77043"]}]},{"@type":"ImageObject","inLanguage":"pt-BR","@id":"https:\/\/noticiasemdestaque.com\/cd\/?p=77043#primaryimage","url":"https:\/\/noticiasemdestaque.com\/cd\/wp-content\/uploads\/2026\/03\/hospital-de-trauma-de-campina-grande.jpeg","contentUrl":"https:\/\/noticiasemdestaque.com\/cd\/wp-content\/uploads\/2026\/03\/hospital-de-trauma-de-campina-grande.jpeg","width":984,"height":554},{"@type":"BreadcrumbList","@id":"https:\/\/noticiasemdestaque.com\/cd\/?p=77043#breadcrumb","itemListElement":[{"@type":"ListItem","position":1,"name":"In\u00edcio","item":"https:\/\/noticiasemdestaque.com\/cd\/"},{"@type":"ListItem","position":2,"name":"Crian\u00e7a morre ap\u00f3s ser picada por uma cobra em Salgadinho"}]},{"@type":"WebSite","@id":"https:\/\/noticiasemdestaque.com\/cd\/#website","url":"https:\/\/noticiasemdestaque.com\/cd\/","name":"Not&iacute;cias em Destaque","description":"","publisher":{"@id":"https:\/\/noticiasemdestaque.com\/cd\/#organization"},"potentialAction":[{"@type":"SearchAction","target":{"@type":"EntryPoint","urlTemplate":"https:\/\/noticiasemdestaque.com\/cd\/?s={search_term_string}"},"query-input":{"@type":"PropertyValueSpecification","valueRequired":true,"valueName":"search_term_string"}}],"inLanguage":"pt-BR"},{"@type":"Organization","@id":"https:\/\/noticiasemdestaque.com\/cd\/#organization","name":"Not\u00edcias em Destaque","url":"https:\/\/noticiasemdestaque.com\/cd\/","logo":{"@type":"ImageObject","inLanguage":"pt-BR","@id":"https:\/\/noticiasemdestaque.com\/cd\/#\/schema\/logo\/image\/","url":"https:\/\/noticiasemdestaque.com\/cd\/wp-content\/uploads\/2022\/05\/imagem-base-noticiasemdestaque.png","contentUrl":"https:\/\/noticiasemdestaque.com\/cd\/wp-content\/uploads\/2022\/05\/imagem-base-noticiasemdestaque.png","width":1200,"height":630,"caption":"Not\u00edcias em Destaque"},"image":{"@id":"https:\/\/noticiasemdestaque.com\/cd\/#\/schema\/logo\/image\/"}},{"@type":"Person","@id":"https:\/\/noticiasemdestaque.com\/cd\/#\/schema\/person\/9c05c6816b191977f47499b3494ace52","name":"Not\u00edcias em Destaque","url":"https:\/\/noticiasemdestaque.com\/cd\/?author=2"}]}},"jetpack_featured_media_url":"https:\/\/noticiasemdestaque.com\/cd\/wp-content\/uploads\/2026\/03\/hospital-de-trauma-de-campina-grande.jpeg","jetpack_sharing_enabled":true,"_links":{"self":[{"href":"https:\/\/noticiasemdestaque.com\/cd\/index.php?rest_route=\/wp\/v2\/posts\/77043","targetHints":{"allow":["GET"]}}],"collection":[{"href":"https:\/\/noticiasemdestaque.com\/cd\/index.php?rest_route=\/wp\/v2\/posts"}],"about":[{"href":"https:\/\/noticiasemdestaque.com\/cd\/index.php?rest_route=\/wp\/v2\/types\/post"}],"author":[{"embeddable":true,"href":"https:\/\/noticiasemdestaque.com\/cd\/index.php?rest_route=\/wp\/v2\/users\/2"}],"replies":[{"embeddable":true,"href":"https:\/\/noticiasemdestaque.com\/cd\/index.php?rest_route=%2Fwp%2Fv2%2Fcomments&post=77043"}],"version-history":[{"count":1,"href":"https:\/\/noticiasemdestaque.com\/cd\/index.php?rest_route=\/wp\/v2\/posts\/77043\/revisions"}],"predecessor-version":[{"id":77045,"href":"https:\/\/noticiasemdestaque.com\/cd\/index.php?rest_route=\/wp\/v2\/posts\/77043\/revisions\/77045"}],"wp:featuredmedia":[{"embeddable":true,"href":"https:\/\/noticiasemdestaque.com\/cd\/index.php?rest_route=\/wp\/v2\/media\/77044"}],"wp:attachment":[{"href":"https:\/\/noticiasemdestaque.com\/cd\/index.php?rest_route=%2Fwp%2Fv2%2Fmedia&parent=77043"}],"wp:term":[{"taxonomy":"category","embeddable":true,"href":"https:\/\/noticiasemdestaque.com\/cd\/index.php?rest_route=%2Fwp%2Fv2%2Fcategories&post=77043"},{"taxonomy":"post_tag","embeddable":true,"href":"https:\/\/noticiasemdestaque.com\/cd\/index.php?rest_route=%2Fwp%2Fv2%2Ftags&post=77043"}],"curies":[{"name":"wp","href":"https:\/\/api.w.org\/{rel}","templated":true}]}}