{"id":77031,"date":"2026-03-12T11:17:36","date_gmt":"2026-03-12T14:17:36","guid":{"rendered":"https:\/\/noticiasemdestaque.com\/cd\/?p=77031"},"modified":"2026-03-12T11:17:36","modified_gmt":"2026-03-12T14:17:36","slug":"unicir-abre-nova-turma-do-curso-tecnico-em-enfermagem-em-monteiro","status":"publish","type":"post","link":"https:\/\/noticiasemdestaque.com\/cd\/?p=77031","title":{"rendered":"UNICIR abre nova turma do Curso T\u00e9cnico em Enfermagem em Monteiro"},"content":{"rendered":"<p><a href=\"https:\/\/noticiasemdestaque.com\/cd\/wp-content\/uploads\/2026\/03\/WhatsApp-Image-2026-03-12-at-09.28.41.jpeg\"><img fetchpriority=\"high\" decoding=\"async\" class=\" wp-image-77032 aligncenter\" src=\"https:\/\/noticiasemdestaque.com\/cd\/wp-content\/uploads\/2026\/03\/WhatsApp-Image-2026-03-12-at-09.28.41-240x300.jpeg\" alt=\"\" width=\"922\" height=\"1153\" srcset=\"https:\/\/noticiasemdestaque.com\/cd\/wp-content\/uploads\/2026\/03\/WhatsApp-Image-2026-03-12-at-09.28.41-240x300.jpeg 240w, https:\/\/noticiasemdestaque.com\/cd\/wp-content\/uploads\/2026\/03\/WhatsApp-Image-2026-03-12-at-09.28.41-819x1024.jpeg 819w, https:\/\/noticiasemdestaque.com\/cd\/wp-content\/uploads\/2026\/03\/WhatsApp-Image-2026-03-12-at-09.28.41-768x960.jpeg 768w, https:\/\/noticiasemdestaque.com\/cd\/wp-content\/uploads\/2026\/03\/WhatsApp-Image-2026-03-12-at-09.28.41.jpeg 1080w\" sizes=\"(max-width: 922px) 100vw, 922px\" \/><\/a><\/p>\n<p>A UNICIR \u2013 Faculdade do Cariri est\u00e1 com inscri\u00e7\u00f5es abertas para uma nova turma do Curso T\u00e9cnico em Enfermagem no munic\u00edpio de Monteiro. A iniciativa busca ampliar a forma\u00e7\u00e3o de profissionais qualificados para atuar na \u00e1rea da sa\u00fade na regi\u00e3o do Cariri paraibano.<\/p>\n<p>De acordo com a institui\u00e7\u00e3o, o curso oferece ensino de qualidade, com foco na pr\u00e1tica e na prepara\u00e7\u00e3o para o mercado de trabalho, permitindo que os estudantes adquiram conhecimentos te\u00f3ricos e experi\u00eancia profissional durante a forma\u00e7\u00e3o.<\/p>\n<p>Entre os diferenciais do curso est\u00e3o o reconhecimento pelo Minist\u00e9rio da Educa\u00e7\u00e3o, al\u00e9m da valida\u00e7\u00e3o pela 5\u00aa Ger\u00eancia Regional de Ensino do Estado. Os alunos tamb\u00e9m contam com est\u00e1gios autorizados pela Rede Escola, garantindo viv\u00eancia pr\u00e1tica em ambientes de sa\u00fade.<\/p>\n<p>Outro destaque \u00e9 que a matr\u00edcula \u00e9 gratuita, facilitando o acesso de novos estudantes \u00e0 qualifica\u00e7\u00e3o profissional.<\/p>\n<p>A nova turma ter\u00e1 in\u00edcio no dia 14 de mar\u00e7o, com dura\u00e7\u00e3o de dois anos. As aulas ser\u00e3o realizadas aos s\u00e1bados, nos hor\u00e1rios das 8h \u00e0s 12h e das 13h \u00e0s 18h. A turma ser\u00e1 ofertada em Monteiro, atendendo estudantes de toda a regi\u00e3o.<\/p>\n<p>Os interessados podem obter mais informa\u00e7\u00f5es e realizar a inscri\u00e7\u00e3o entrando em contato pelo telefone (83) 99615-8223, com Rafael Santos.<\/p>\n<p>A proposta da UNICIR \u00e9 oferecer um curso t\u00e9cnico com padr\u00e3o de ensino superior, contribuindo para a forma\u00e7\u00e3o de profissionais preparados para atuar no sistema de sa\u00fade e atender \u00e0s demandas da popula\u00e7\u00e3o do Cariri.<\/p>\n<p><strong>Noticias em Destaque<\/strong><\/p>\n","protected":false},"excerpt":{"rendered":"<p>A UNICIR \u2013 Faculdade do Cariri est\u00e1 com inscri\u00e7\u00f5es abertas para uma nova turma do Curso T\u00e9cnico em Enfermagem no munic\u00edpio de Monteiro. A iniciativa busca ampliar a forma\u00e7\u00e3o de profissionais qualificados para atuar na \u00e1rea da sa\u00fade na regi\u00e3o do Cariri paraibano. De acordo com a institui\u00e7\u00e3o, o curso oferece ensino de qualidade, com foco na pr\u00e1tica e na prepara\u00e7\u00e3o para o mercado de trabalho, permitindo que os estudantes adquiram conhecimentos te\u00f3ricos e experi\u00eancia profissional durante a forma\u00e7\u00e3o. Entre os diferenciais do curso est\u00e3o o reconhecimento pelo Minist\u00e9rio da Educa\u00e7\u00e3o, al\u00e9m da valida\u00e7\u00e3o pela 5\u00aa Ger\u00eancia Regional de Ensino do Estado. Os alunos tamb\u00e9m contam com est\u00e1gios autorizados pela Rede Escola, garantindo viv\u00eancia pr\u00e1tica em ambientes de sa\u00fade. Outro destaque \u00e9 que a matr\u00edcula \u00e9 gratuita, facilitando o acesso de novos estudantes \u00e0 qualifica\u00e7\u00e3o profissional. A nova turma ter\u00e1 in\u00edcio no dia 14 de mar\u00e7o, com dura\u00e7\u00e3o de dois anos. As aulas ser\u00e3o realizadas aos s\u00e1bados, nos hor\u00e1rios das 8h \u00e0s 12h e das 13h \u00e0s 18h. A turma ser\u00e1 ofertada em Monteiro, atendendo estudantes de toda a regi\u00e3o. Os interessados podem obter mais informa\u00e7\u00f5es e realizar a inscri\u00e7\u00e3o entrando em contato pelo telefone (83) 99615-8223, com Rafael Santos. A proposta da UNICIR \u00e9 oferecer um curso t\u00e9cnico com padr\u00e3o de ensino superior, contribuindo para a forma\u00e7\u00e3o de profissionais preparados para atuar no sistema de sa\u00fade e atender \u00e0s demandas da popula\u00e7\u00e3o do Cariri. Noticias em Destaque<\/p>\n","protected":false},"author":2,"featured_media":77032,"comment_status":"closed","ping_status":"closed","sticky":false,"template":"","format":"standard","meta":{"_eb_attr":"","_jetpack_memberships_contains_paid_content":false,"footnotes":""},"categories":[6],"tags":[],"class_list":["post-77031","post","type-post","status-publish","format-standard","has-post-thumbnail","hentry","category-educacao"],"yoast_head":"<!-- This site is optimized with the Yoast SEO plugin v26.5 - https:\/\/yoast.com\/wordpress\/plugins\/seo\/ -->\n<title>UNICIR abre nova turma do Curso T\u00e9cnico em Enfermagem em Monteiro - Not&iacute;cias em Destaque<\/title>\n<meta name=\"robots\" content=\"index, follow, max-snippet:-1, max-image-preview:large, max-video-preview:-1\" \/>\n<link rel=\"canonical\" href=\"https:\/\/noticiasemdestaque.com\/cd\/?p=77031\" \/>\n<meta property=\"og:locale\" content=\"pt_BR\" \/>\n<meta property=\"og:type\" content=\"article\" \/>\n<meta property=\"og:title\" content=\"UNICIR abre nova turma do Curso T\u00e9cnico em Enfermagem em Monteiro - Not&iacute;cias em Destaque\" \/>\n<meta property=\"og:description\" content=\"A UNICIR \u2013 Faculdade do Cariri est\u00e1 com inscri\u00e7\u00f5es abertas para uma nova turma do Curso T\u00e9cnico em Enfermagem no munic\u00edpio de Monteiro. A iniciativa busca ampliar a forma\u00e7\u00e3o de profissionais qualificados para atuar na \u00e1rea da sa\u00fade na regi\u00e3o do Cariri paraibano. De acordo com a institui\u00e7\u00e3o, o curso oferece ensino de qualidade, com foco na pr\u00e1tica e na prepara\u00e7\u00e3o para o mercado de trabalho, permitindo que os estudantes adquiram conhecimentos te\u00f3ricos e experi\u00eancia profissional durante a forma\u00e7\u00e3o. Entre os diferenciais do curso est\u00e3o o reconhecimento pelo Minist\u00e9rio da Educa\u00e7\u00e3o, al\u00e9m da valida\u00e7\u00e3o pela 5\u00aa Ger\u00eancia Regional de Ensino do Estado. Os alunos tamb\u00e9m contam com est\u00e1gios autorizados pela Rede Escola, garantindo viv\u00eancia pr\u00e1tica em ambientes de sa\u00fade. Outro destaque \u00e9 que a matr\u00edcula \u00e9 gratuita, facilitando o acesso de novos estudantes \u00e0 qualifica\u00e7\u00e3o profissional. A nova turma ter\u00e1 in\u00edcio no dia 14 de mar\u00e7o, com dura\u00e7\u00e3o de dois anos. As aulas ser\u00e3o realizadas aos s\u00e1bados, nos hor\u00e1rios das 8h \u00e0s 12h e das 13h \u00e0s 18h. A turma ser\u00e1 ofertada em Monteiro, atendendo estudantes de toda a regi\u00e3o. Os interessados podem obter mais informa\u00e7\u00f5es e realizar a inscri\u00e7\u00e3o entrando em contato pelo telefone (83) 99615-8223, com Rafael Santos. A proposta da UNICIR \u00e9 oferecer um curso t\u00e9cnico com padr\u00e3o de ensino superior, contribuindo para a forma\u00e7\u00e3o de profissionais preparados para atuar no sistema de sa\u00fade e atender \u00e0s demandas da popula\u00e7\u00e3o do Cariri. Noticias em Destaque\" \/>\n<meta property=\"og:url\" content=\"https:\/\/noticiasemdestaque.com\/cd\/?p=77031\" \/>\n<meta property=\"og:site_name\" content=\"Not&iacute;cias em Destaque\" \/>\n<meta property=\"article:published_time\" content=\"2026-03-12T14:17:36+00:00\" \/>\n<meta property=\"og:image\" content=\"https:\/\/noticiasemdestaque.com\/cd\/wp-content\/uploads\/2026\/03\/WhatsApp-Image-2026-03-12-at-09.28.41.jpeg\" \/>\n\t<meta property=\"og:image:width\" content=\"1080\" \/>\n\t<meta property=\"og:image:height\" content=\"1350\" \/>\n\t<meta property=\"og:image:type\" content=\"image\/jpeg\" \/>\n<meta name=\"author\" content=\"Not\u00edcias em Destaque\" \/>\n<meta name=\"twitter:card\" content=\"summary_large_image\" \/>\n<meta name=\"twitter:label1\" content=\"Escrito por\" \/>\n\t<meta name=\"twitter:data1\" content=\"Not\u00edcias em Destaque\" \/>\n\t<meta name=\"twitter:label2\" content=\"Est. tempo de leitura\" \/>\n\t<meta name=\"twitter:data2\" content=\"2 minutos\" \/>\n<script type=\"application\/ld+json\" class=\"yoast-schema-graph\">{\"@context\":\"https:\/\/schema.org\",\"@graph\":[{\"@type\":\"Article\",\"@id\":\"https:\/\/noticiasemdestaque.com\/cd\/?p=77031#article\",\"isPartOf\":{\"@id\":\"https:\/\/noticiasemdestaque.com\/cd\/?p=77031\"},\"author\":{\"name\":\"Not\u00edcias em Destaque\",\"@id\":\"https:\/\/noticiasemdestaque.com\/cd\/#\/schema\/person\/9c05c6816b191977f47499b3494ace52\"},\"headline\":\"UNICIR abre nova turma do Curso T\u00e9cnico em Enfermagem em Monteiro\",\"datePublished\":\"2026-03-12T14:17:36+00:00\",\"mainEntityOfPage\":{\"@id\":\"https:\/\/noticiasemdestaque.com\/cd\/?p=77031\"},\"wordCount\":281,\"publisher\":{\"@id\":\"https:\/\/noticiasemdestaque.com\/cd\/#organization\"},\"image\":{\"@id\":\"https:\/\/noticiasemdestaque.com\/cd\/?p=77031#primaryimage\"},\"thumbnailUrl\":\"https:\/\/noticiasemdestaque.com\/cd\/wp-content\/uploads\/2026\/03\/WhatsApp-Image-2026-03-12-at-09.28.41.jpeg\",\"articleSection\":[\"Educa\u00e7\u00e3o\"],\"inLanguage\":\"pt-BR\"},{\"@type\":\"WebPage\",\"@id\":\"https:\/\/noticiasemdestaque.com\/cd\/?p=77031\",\"url\":\"https:\/\/noticiasemdestaque.com\/cd\/?p=77031\",\"name\":\"UNICIR abre nova turma do Curso T\u00e9cnico em Enfermagem em Monteiro - Not&iacute;cias em Destaque\",\"isPartOf\":{\"@id\":\"https:\/\/noticiasemdestaque.com\/cd\/#website\"},\"primaryImageOfPage\":{\"@id\":\"https:\/\/noticiasemdestaque.com\/cd\/?p=77031#primaryimage\"},\"image\":{\"@id\":\"https:\/\/noticiasemdestaque.com\/cd\/?p=77031#primaryimage\"},\"thumbnailUrl\":\"https:\/\/noticiasemdestaque.com\/cd\/wp-content\/uploads\/2026\/03\/WhatsApp-Image-2026-03-12-at-09.28.41.jpeg\",\"datePublished\":\"2026-03-12T14:17:36+00:00\",\"breadcrumb\":{\"@id\":\"https:\/\/noticiasemdestaque.com\/cd\/?p=77031#breadcrumb\"},\"inLanguage\":\"pt-BR\",\"potentialAction\":[{\"@type\":\"ReadAction\",\"target\":[\"https:\/\/noticiasemdestaque.com\/cd\/?p=77031\"]}]},{\"@type\":\"ImageObject\",\"inLanguage\":\"pt-BR\",\"@id\":\"https:\/\/noticiasemdestaque.com\/cd\/?p=77031#primaryimage\",\"url\":\"https:\/\/noticiasemdestaque.com\/cd\/wp-content\/uploads\/2026\/03\/WhatsApp-Image-2026-03-12-at-09.28.41.jpeg\",\"contentUrl\":\"https:\/\/noticiasemdestaque.com\/cd\/wp-content\/uploads\/2026\/03\/WhatsApp-Image-2026-03-12-at-09.28.41.jpeg\",\"width\":1080,\"height\":1350},{\"@type\":\"BreadcrumbList\",\"@id\":\"https:\/\/noticiasemdestaque.com\/cd\/?p=77031#breadcrumb\",\"itemListElement\":[{\"@type\":\"ListItem\",\"position\":1,\"name\":\"In\u00edcio\",\"item\":\"https:\/\/noticiasemdestaque.com\/cd\/\"},{\"@type\":\"ListItem\",\"position\":2,\"name\":\"UNICIR abre nova turma do Curso T\u00e9cnico em Enfermagem em Monteiro\"}]},{\"@type\":\"WebSite\",\"@id\":\"https:\/\/noticiasemdestaque.com\/cd\/#website\",\"url\":\"https:\/\/noticiasemdestaque.com\/cd\/\",\"name\":\"Not&iacute;cias em Destaque\",\"description\":\"\",\"publisher\":{\"@id\":\"https:\/\/noticiasemdestaque.com\/cd\/#organization\"},\"potentialAction\":[{\"@type\":\"SearchAction\",\"target\":{\"@type\":\"EntryPoint\",\"urlTemplate\":\"https:\/\/noticiasemdestaque.com\/cd\/?s={search_term_string}\"},\"query-input\":{\"@type\":\"PropertyValueSpecification\",\"valueRequired\":true,\"valueName\":\"search_term_string\"}}],\"inLanguage\":\"pt-BR\"},{\"@type\":\"Organization\",\"@id\":\"https:\/\/noticiasemdestaque.com\/cd\/#organization\",\"name\":\"Not\u00edcias em Destaque\",\"url\":\"https:\/\/noticiasemdestaque.com\/cd\/\",\"logo\":{\"@type\":\"ImageObject\",\"inLanguage\":\"pt-BR\",\"@id\":\"https:\/\/noticiasemdestaque.com\/cd\/#\/schema\/logo\/image\/\",\"url\":\"https:\/\/noticiasemdestaque.com\/cd\/wp-content\/uploads\/2022\/05\/imagem-base-noticiasemdestaque.png\",\"contentUrl\":\"https:\/\/noticiasemdestaque.com\/cd\/wp-content\/uploads\/2022\/05\/imagem-base-noticiasemdestaque.png\",\"width\":1200,\"height\":630,\"caption\":\"Not\u00edcias em Destaque\"},\"image\":{\"@id\":\"https:\/\/noticiasemdestaque.com\/cd\/#\/schema\/logo\/image\/\"}},{\"@type\":\"Person\",\"@id\":\"https:\/\/noticiasemdestaque.com\/cd\/#\/schema\/person\/9c05c6816b191977f47499b3494ace52\",\"name\":\"Not\u00edcias em Destaque\",\"url\":\"https:\/\/noticiasemdestaque.com\/cd\/?author=2\"}]}<\/script>\n<!-- \/ Yoast SEO plugin. -->","yoast_head_json":{"title":"UNICIR abre nova turma do Curso T\u00e9cnico em Enfermagem em Monteiro - Not&iacute;cias em Destaque","robots":{"index":"index","follow":"follow","max-snippet":"max-snippet:-1","max-image-preview":"max-image-preview:large","max-video-preview":"max-video-preview:-1"},"canonical":"https:\/\/noticiasemdestaque.com\/cd\/?p=77031","og_locale":"pt_BR","og_type":"article","og_title":"UNICIR abre nova turma do Curso T\u00e9cnico em Enfermagem em Monteiro - Not&iacute;cias em Destaque","og_description":"A UNICIR \u2013 Faculdade do Cariri est\u00e1 com inscri\u00e7\u00f5es abertas para uma nova turma do Curso T\u00e9cnico em Enfermagem no munic\u00edpio de Monteiro. A iniciativa busca ampliar a forma\u00e7\u00e3o de profissionais qualificados para atuar na \u00e1rea da sa\u00fade na regi\u00e3o do Cariri paraibano. De acordo com a institui\u00e7\u00e3o, o curso oferece ensino de qualidade, com foco na pr\u00e1tica e na prepara\u00e7\u00e3o para o mercado de trabalho, permitindo que os estudantes adquiram conhecimentos te\u00f3ricos e experi\u00eancia profissional durante a forma\u00e7\u00e3o. Entre os diferenciais do curso est\u00e3o o reconhecimento pelo Minist\u00e9rio da Educa\u00e7\u00e3o, al\u00e9m da valida\u00e7\u00e3o pela 5\u00aa Ger\u00eancia Regional de Ensino do Estado. Os alunos tamb\u00e9m contam com est\u00e1gios autorizados pela Rede Escola, garantindo viv\u00eancia pr\u00e1tica em ambientes de sa\u00fade. Outro destaque \u00e9 que a matr\u00edcula \u00e9 gratuita, facilitando o acesso de novos estudantes \u00e0 qualifica\u00e7\u00e3o profissional. A nova turma ter\u00e1 in\u00edcio no dia 14 de mar\u00e7o, com dura\u00e7\u00e3o de dois anos. As aulas ser\u00e3o realizadas aos s\u00e1bados, nos hor\u00e1rios das 8h \u00e0s 12h e das 13h \u00e0s 18h. A turma ser\u00e1 ofertada em Monteiro, atendendo estudantes de toda a regi\u00e3o. Os interessados podem obter mais informa\u00e7\u00f5es e realizar a inscri\u00e7\u00e3o entrando em contato pelo telefone (83) 99615-8223, com Rafael Santos. A proposta da UNICIR \u00e9 oferecer um curso t\u00e9cnico com padr\u00e3o de ensino superior, contribuindo para a forma\u00e7\u00e3o de profissionais preparados para atuar no sistema de sa\u00fade e atender \u00e0s demandas da popula\u00e7\u00e3o do Cariri. Noticias em Destaque","og_url":"https:\/\/noticiasemdestaque.com\/cd\/?p=77031","og_site_name":"Not&iacute;cias em Destaque","article_published_time":"2026-03-12T14:17:36+00:00","og_image":[{"width":1080,"height":1350,"url":"https:\/\/noticiasemdestaque.com\/cd\/wp-content\/uploads\/2026\/03\/WhatsApp-Image-2026-03-12-at-09.28.41.jpeg","type":"image\/jpeg"}],"author":"Not\u00edcias em Destaque","twitter_card":"summary_large_image","twitter_misc":{"Escrito por":"Not\u00edcias em Destaque","Est. tempo de leitura":"2 minutos"},"schema":{"@context":"https:\/\/schema.org","@graph":[{"@type":"Article","@id":"https:\/\/noticiasemdestaque.com\/cd\/?p=77031#article","isPartOf":{"@id":"https:\/\/noticiasemdestaque.com\/cd\/?p=77031"},"author":{"name":"Not\u00edcias em Destaque","@id":"https:\/\/noticiasemdestaque.com\/cd\/#\/schema\/person\/9c05c6816b191977f47499b3494ace52"},"headline":"UNICIR abre nova turma do Curso T\u00e9cnico em Enfermagem em Monteiro","datePublished":"2026-03-12T14:17:36+00:00","mainEntityOfPage":{"@id":"https:\/\/noticiasemdestaque.com\/cd\/?p=77031"},"wordCount":281,"publisher":{"@id":"https:\/\/noticiasemdestaque.com\/cd\/#organization"},"image":{"@id":"https:\/\/noticiasemdestaque.com\/cd\/?p=77031#primaryimage"},"thumbnailUrl":"https:\/\/noticiasemdestaque.com\/cd\/wp-content\/uploads\/2026\/03\/WhatsApp-Image-2026-03-12-at-09.28.41.jpeg","articleSection":["Educa\u00e7\u00e3o"],"inLanguage":"pt-BR"},{"@type":"WebPage","@id":"https:\/\/noticiasemdestaque.com\/cd\/?p=77031","url":"https:\/\/noticiasemdestaque.com\/cd\/?p=77031","name":"UNICIR abre nova turma do Curso T\u00e9cnico em Enfermagem em Monteiro - Not&iacute;cias em Destaque","isPartOf":{"@id":"https:\/\/noticiasemdestaque.com\/cd\/#website"},"primaryImageOfPage":{"@id":"https:\/\/noticiasemdestaque.com\/cd\/?p=77031#primaryimage"},"image":{"@id":"https:\/\/noticiasemdestaque.com\/cd\/?p=77031#primaryimage"},"thumbnailUrl":"https:\/\/noticiasemdestaque.com\/cd\/wp-content\/uploads\/2026\/03\/WhatsApp-Image-2026-03-12-at-09.28.41.jpeg","datePublished":"2026-03-12T14:17:36+00:00","breadcrumb":{"@id":"https:\/\/noticiasemdestaque.com\/cd\/?p=77031#breadcrumb"},"inLanguage":"pt-BR","potentialAction":[{"@type":"ReadAction","target":["https:\/\/noticiasemdestaque.com\/cd\/?p=77031"]}]},{"@type":"ImageObject","inLanguage":"pt-BR","@id":"https:\/\/noticiasemdestaque.com\/cd\/?p=77031#primaryimage","url":"https:\/\/noticiasemdestaque.com\/cd\/wp-content\/uploads\/2026\/03\/WhatsApp-Image-2026-03-12-at-09.28.41.jpeg","contentUrl":"https:\/\/noticiasemdestaque.com\/cd\/wp-content\/uploads\/2026\/03\/WhatsApp-Image-2026-03-12-at-09.28.41.jpeg","width":1080,"height":1350},{"@type":"BreadcrumbList","@id":"https:\/\/noticiasemdestaque.com\/cd\/?p=77031#breadcrumb","itemListElement":[{"@type":"ListItem","position":1,"name":"In\u00edcio","item":"https:\/\/noticiasemdestaque.com\/cd\/"},{"@type":"ListItem","position":2,"name":"UNICIR abre nova turma do Curso T\u00e9cnico em Enfermagem em Monteiro"}]},{"@type":"WebSite","@id":"https:\/\/noticiasemdestaque.com\/cd\/#website","url":"https:\/\/noticiasemdestaque.com\/cd\/","name":"Not&iacute;cias em Destaque","description":"","publisher":{"@id":"https:\/\/noticiasemdestaque.com\/cd\/#organization"},"potentialAction":[{"@type":"SearchAction","target":{"@type":"EntryPoint","urlTemplate":"https:\/\/noticiasemdestaque.com\/cd\/?s={search_term_string}"},"query-input":{"@type":"PropertyValueSpecification","valueRequired":true,"valueName":"search_term_string"}}],"inLanguage":"pt-BR"},{"@type":"Organization","@id":"https:\/\/noticiasemdestaque.com\/cd\/#organization","name":"Not\u00edcias em Destaque","url":"https:\/\/noticiasemdestaque.com\/cd\/","logo":{"@type":"ImageObject","inLanguage":"pt-BR","@id":"https:\/\/noticiasemdestaque.com\/cd\/#\/schema\/logo\/image\/","url":"https:\/\/noticiasemdestaque.com\/cd\/wp-content\/uploads\/2022\/05\/imagem-base-noticiasemdestaque.png","contentUrl":"https:\/\/noticiasemdestaque.com\/cd\/wp-content\/uploads\/2022\/05\/imagem-base-noticiasemdestaque.png","width":1200,"height":630,"caption":"Not\u00edcias em Destaque"},"image":{"@id":"https:\/\/noticiasemdestaque.com\/cd\/#\/schema\/logo\/image\/"}},{"@type":"Person","@id":"https:\/\/noticiasemdestaque.com\/cd\/#\/schema\/person\/9c05c6816b191977f47499b3494ace52","name":"Not\u00edcias em Destaque","url":"https:\/\/noticiasemdestaque.com\/cd\/?author=2"}]}},"jetpack_featured_media_url":"https:\/\/noticiasemdestaque.com\/cd\/wp-content\/uploads\/2026\/03\/WhatsApp-Image-2026-03-12-at-09.28.41.jpeg","jetpack_sharing_enabled":true,"_links":{"self":[{"href":"https:\/\/noticiasemdestaque.com\/cd\/index.php?rest_route=\/wp\/v2\/posts\/77031","targetHints":{"allow":["GET"]}}],"collection":[{"href":"https:\/\/noticiasemdestaque.com\/cd\/index.php?rest_route=\/wp\/v2\/posts"}],"about":[{"href":"https:\/\/noticiasemdestaque.com\/cd\/index.php?rest_route=\/wp\/v2\/types\/post"}],"author":[{"embeddable":true,"href":"https:\/\/noticiasemdestaque.com\/cd\/index.php?rest_route=\/wp\/v2\/users\/2"}],"replies":[{"embeddable":true,"href":"https:\/\/noticiasemdestaque.com\/cd\/index.php?rest_route=%2Fwp%2Fv2%2Fcomments&post=77031"}],"version-history":[{"count":1,"href":"https:\/\/noticiasemdestaque.com\/cd\/index.php?rest_route=\/wp\/v2\/posts\/77031\/revisions"}],"predecessor-version":[{"id":77033,"href":"https:\/\/noticiasemdestaque.com\/cd\/index.php?rest_route=\/wp\/v2\/posts\/77031\/revisions\/77033"}],"wp:featuredmedia":[{"embeddable":true,"href":"https:\/\/noticiasemdestaque.com\/cd\/index.php?rest_route=\/wp\/v2\/media\/77032"}],"wp:attachment":[{"href":"https:\/\/noticiasemdestaque.com\/cd\/index.php?rest_route=%2Fwp%2Fv2%2Fmedia&parent=77031"}],"wp:term":[{"taxonomy":"category","embeddable":true,"href":"https:\/\/noticiasemdestaque.com\/cd\/index.php?rest_route=%2Fwp%2Fv2%2Fcategories&post=77031"},{"taxonomy":"post_tag","embeddable":true,"href":"https:\/\/noticiasemdestaque.com\/cd\/index.php?rest_route=%2Fwp%2Fv2%2Ftags&post=77031"}],"curies":[{"name":"wp","href":"https:\/\/api.w.org\/{rel}","templated":true}]}}