{"id":77028,"date":"2026-03-12T11:08:56","date_gmt":"2026-03-12T14:08:56","guid":{"rendered":"https:\/\/noticiasemdestaque.com\/cd\/?p=77028"},"modified":"2026-03-12T11:08:56","modified_gmt":"2026-03-12T14:08:56","slug":"saude-de-sume-amplia-oferta-de-especialidades-medicas-e-fortalece-atendimento-a-populacao","status":"publish","type":"post","link":"https:\/\/noticiasemdestaque.com\/cd\/?p=77028","title":{"rendered":"Sa\u00fade de Sum\u00e9 amplia oferta de especialidades m\u00e9dicas e fortalece atendimento \u00e0 popula\u00e7\u00e3o"},"content":{"rendered":"<p><a href=\"https:\/\/noticiasemdestaque.com\/cd\/wp-content\/uploads\/2026\/03\/WhatsApp-Image-2026-03-12-at-09.27.36.jpeg\"><img fetchpriority=\"high\" decoding=\"async\" class=\" wp-image-77029 aligncenter\" src=\"https:\/\/noticiasemdestaque.com\/cd\/wp-content\/uploads\/2026\/03\/WhatsApp-Image-2026-03-12-at-09.27.36-300x225.jpeg\" alt=\"\" width=\"873\" height=\"655\" srcset=\"https:\/\/noticiasemdestaque.com\/cd\/wp-content\/uploads\/2026\/03\/WhatsApp-Image-2026-03-12-at-09.27.36-300x225.jpeg 300w, https:\/\/noticiasemdestaque.com\/cd\/wp-content\/uploads\/2026\/03\/WhatsApp-Image-2026-03-12-at-09.27.36-1024x768.jpeg 1024w, https:\/\/noticiasemdestaque.com\/cd\/wp-content\/uploads\/2026\/03\/WhatsApp-Image-2026-03-12-at-09.27.36-768x576.jpeg 768w, https:\/\/noticiasemdestaque.com\/cd\/wp-content\/uploads\/2026\/03\/WhatsApp-Image-2026-03-12-at-09.27.36.jpeg 1280w\" sizes=\"(max-width: 873px) 100vw, 873px\" \/><\/a><\/p>\n<p>A Prefeitura de Sum\u00e9, por meio da Secretaria de Sa\u00fade, segue fortalecendo os atendimentos de especialidades m\u00e9dicas na rede p\u00fablica municipal, refor\u00e7ando o compromisso, a continuidade dos servi\u00e7os e maior celeridade nas filas de espera.<\/p>\n<p>Nesta semana, a Secretaria divulgou o calend\u00e1rio de atendimentos m\u00e9dicos especializados para o m\u00eas de mar\u00e7o. S\u00e3o atendimentos ofertados diretamente pelo munic\u00edpio, que v\u00e3o al\u00e9m dos j\u00e1 existentes pelo Cons\u00f3rcio Intermunicipal de Sa\u00fade (Cisco). Outras parcerias com cl\u00ednicas m\u00e9dicas est\u00e3o sendo feitas, principalmente para a realiza\u00e7\u00e3o de resson\u00e2ncias.<\/p>\n<p>A iniciativa une esfor\u00e7os de toda a rede de sa\u00fade que aproveita a capacidade instalada existente, trabalhando para que a popula\u00e7\u00e3o sumeense tenha acesso a um atendimento especializado cada vez mais r\u00e1pido, eficiente e humanizado.<\/p>\n<p>Todas as consultas s\u00e3o pr\u00e9-agendadas na Secretaria de Sa\u00fade, mediante guia de encaminhamento da unidade b\u00e1sica. Al\u00e9m da pediatria, psiquiatria e pneumologia j\u00e1 implantadas, este m\u00eas, a Secretaria traz ainda as especialidades em neurologia e angiologia.<\/p>\n<p>Para a secret\u00e1ria de Sa\u00fade, Niedja Rodrigues, a amplia\u00e7\u00e3o busca atender a uma demanda crescente da popula\u00e7\u00e3o, contribuindo at\u00e9 para um diagn\u00f3stico mais r\u00e1pido. \u201cMuitos pacientes est\u00e3o aguardando h\u00e1 um tempo na fila do SUS por esse atendimento. Ent\u00e3o, a gest\u00e3o municipal est\u00e1 trazendo esses especialistas para reduzir o tempo de espera e ampliar os servi\u00e7os no nosso munic\u00edpio\u201d, informou.<\/p>\n<p>Confira o cronograma de atendimentos para este m\u00eas:<\/p>\n<p>12\/03 &#8211; Pediatra &#8211; Hospital<\/p>\n<p>12\/03 &#8211; Pneumologista &#8211; Hospital<\/p>\n<p>13\/03 &#8211; Pediatra &#8211; Centro de Especialidades<\/p>\n<p>18\/03 &#8211; Psiquiatra &#8211; CAPS<\/p>\n<p>25\/03 &#8211; Psiquiatra &#8211; Centro de Especialidades<\/p>\n<p>25\/03 &#8211; Neurologista &#8211; Hospital<\/p>\n<p>31\/03 &#8211; Angiologista &#8211; Hospital<\/p>\n<p><strong>Noticias em Destaque<\/strong><\/p>\n<p style=\"text-align: right;\"><em>Fonte: Ascom PMS<\/em><\/p>\n","protected":false},"excerpt":{"rendered":"<p>A Prefeitura de Sum\u00e9, por meio da Secretaria de Sa\u00fade, segue fortalecendo os atendimentos de especialidades m\u00e9dicas na rede p\u00fablica municipal, refor\u00e7ando o compromisso, a continuidade dos servi\u00e7os e maior celeridade nas filas de espera. Nesta semana, a Secretaria divulgou o calend\u00e1rio de atendimentos m\u00e9dicos especializados para o m\u00eas de mar\u00e7o. S\u00e3o atendimentos ofertados diretamente pelo munic\u00edpio, que v\u00e3o al\u00e9m dos j\u00e1 existentes pelo Cons\u00f3rcio Intermunicipal de Sa\u00fade (Cisco). Outras parcerias com cl\u00ednicas m\u00e9dicas est\u00e3o sendo feitas, principalmente para a realiza\u00e7\u00e3o de resson\u00e2ncias. A iniciativa une esfor\u00e7os de toda a rede de sa\u00fade que aproveita a capacidade instalada existente, trabalhando para que a popula\u00e7\u00e3o sumeense tenha acesso a um atendimento especializado cada vez mais r\u00e1pido, eficiente e humanizado. Todas as consultas s\u00e3o pr\u00e9-agendadas na Secretaria de Sa\u00fade, mediante guia de encaminhamento da unidade b\u00e1sica. Al\u00e9m da pediatria, psiquiatria e pneumologia j\u00e1 implantadas, este m\u00eas, a Secretaria traz ainda as especialidades em neurologia e angiologia. Para a secret\u00e1ria de Sa\u00fade, Niedja Rodrigues, a amplia\u00e7\u00e3o busca atender a uma demanda crescente da popula\u00e7\u00e3o, contribuindo at\u00e9 para um diagn\u00f3stico mais r\u00e1pido. \u201cMuitos pacientes est\u00e3o aguardando h\u00e1 um tempo na fila do SUS por esse atendimento. Ent\u00e3o, a gest\u00e3o municipal est\u00e1 trazendo esses especialistas para reduzir o tempo de espera e ampliar os servi\u00e7os no nosso munic\u00edpio\u201d, informou. Confira o cronograma de atendimentos para este m\u00eas: 12\/03 &#8211; Pediatra &#8211; Hospital 12\/03 &#8211; Pneumologista &#8211; Hospital 13\/03 &#8211; Pediatra &#8211; Centro de Especialidades 18\/03 &#8211; Psiquiatra &#8211; CAPS 25\/03 &#8211; Psiquiatra &#8211; Centro de Especialidades 25\/03 &#8211; Neurologista &#8211; Hospital 31\/03 &#8211; Angiologista &#8211; Hospital Noticias em Destaque Fonte: Ascom PMS<\/p>\n","protected":false},"author":2,"featured_media":77029,"comment_status":"closed","ping_status":"closed","sticky":false,"template":"","format":"standard","meta":{"_eb_attr":"","_jetpack_memberships_contains_paid_content":false,"footnotes":""},"categories":[3],"tags":[],"class_list":["post-77028","post","type-post","status-publish","format-standard","has-post-thumbnail","hentry","category-cidades"],"yoast_head":"<!-- This site is optimized with the Yoast SEO plugin v26.5 - https:\/\/yoast.com\/wordpress\/plugins\/seo\/ -->\n<title>Sa\u00fade de Sum\u00e9 amplia oferta de especialidades m\u00e9dicas e fortalece atendimento \u00e0 popula\u00e7\u00e3o - Not&iacute;cias em Destaque<\/title>\n<meta name=\"robots\" content=\"index, follow, max-snippet:-1, max-image-preview:large, max-video-preview:-1\" \/>\n<link rel=\"canonical\" href=\"https:\/\/noticiasemdestaque.com\/cd\/?p=77028\" \/>\n<meta property=\"og:locale\" content=\"pt_BR\" \/>\n<meta property=\"og:type\" content=\"article\" \/>\n<meta property=\"og:title\" content=\"Sa\u00fade de Sum\u00e9 amplia oferta de especialidades m\u00e9dicas e fortalece atendimento \u00e0 popula\u00e7\u00e3o - Not&iacute;cias em Destaque\" \/>\n<meta property=\"og:description\" content=\"A Prefeitura de Sum\u00e9, por meio da Secretaria de Sa\u00fade, segue fortalecendo os atendimentos de especialidades m\u00e9dicas na rede p\u00fablica municipal, refor\u00e7ando o compromisso, a continuidade dos servi\u00e7os e maior celeridade nas filas de espera. Nesta semana, a Secretaria divulgou o calend\u00e1rio de atendimentos m\u00e9dicos especializados para o m\u00eas de mar\u00e7o. S\u00e3o atendimentos ofertados diretamente pelo munic\u00edpio, que v\u00e3o al\u00e9m dos j\u00e1 existentes pelo Cons\u00f3rcio Intermunicipal de Sa\u00fade (Cisco). Outras parcerias com cl\u00ednicas m\u00e9dicas est\u00e3o sendo feitas, principalmente para a realiza\u00e7\u00e3o de resson\u00e2ncias. A iniciativa une esfor\u00e7os de toda a rede de sa\u00fade que aproveita a capacidade instalada existente, trabalhando para que a popula\u00e7\u00e3o sumeense tenha acesso a um atendimento especializado cada vez mais r\u00e1pido, eficiente e humanizado. Todas as consultas s\u00e3o pr\u00e9-agendadas na Secretaria de Sa\u00fade, mediante guia de encaminhamento da unidade b\u00e1sica. Al\u00e9m da pediatria, psiquiatria e pneumologia j\u00e1 implantadas, este m\u00eas, a Secretaria traz ainda as especialidades em neurologia e angiologia. Para a secret\u00e1ria de Sa\u00fade, Niedja Rodrigues, a amplia\u00e7\u00e3o busca atender a uma demanda crescente da popula\u00e7\u00e3o, contribuindo at\u00e9 para um diagn\u00f3stico mais r\u00e1pido. \u201cMuitos pacientes est\u00e3o aguardando h\u00e1 um tempo na fila do SUS por esse atendimento. Ent\u00e3o, a gest\u00e3o municipal est\u00e1 trazendo esses especialistas para reduzir o tempo de espera e ampliar os servi\u00e7os no nosso munic\u00edpio\u201d, informou. Confira o cronograma de atendimentos para este m\u00eas: 12\/03 &#8211; Pediatra &#8211; Hospital 12\/03 &#8211; Pneumologista &#8211; Hospital 13\/03 &#8211; Pediatra &#8211; Centro de Especialidades 18\/03 &#8211; Psiquiatra &#8211; CAPS 25\/03 &#8211; Psiquiatra &#8211; Centro de Especialidades 25\/03 &#8211; Neurologista &#8211; Hospital 31\/03 &#8211; Angiologista &#8211; Hospital Noticias em Destaque Fonte: Ascom PMS\" \/>\n<meta property=\"og:url\" content=\"https:\/\/noticiasemdestaque.com\/cd\/?p=77028\" \/>\n<meta property=\"og:site_name\" content=\"Not&iacute;cias em Destaque\" \/>\n<meta property=\"article:published_time\" content=\"2026-03-12T14:08:56+00:00\" \/>\n<meta property=\"og:image\" content=\"https:\/\/noticiasemdestaque.com\/cd\/wp-content\/uploads\/2026\/03\/WhatsApp-Image-2026-03-12-at-09.27.36.jpeg\" \/>\n\t<meta property=\"og:image:width\" content=\"1280\" \/>\n\t<meta property=\"og:image:height\" content=\"960\" \/>\n\t<meta property=\"og:image:type\" content=\"image\/jpeg\" \/>\n<meta name=\"author\" content=\"Not\u00edcias em Destaque\" \/>\n<meta name=\"twitter:card\" content=\"summary_large_image\" \/>\n<meta name=\"twitter:label1\" content=\"Escrito por\" \/>\n\t<meta name=\"twitter:data1\" content=\"Not\u00edcias em Destaque\" \/>\n\t<meta name=\"twitter:label2\" content=\"Est. tempo de leitura\" \/>\n\t<meta name=\"twitter:data2\" content=\"2 minutos\" \/>\n<script type=\"application\/ld+json\" class=\"yoast-schema-graph\">{\"@context\":\"https:\/\/schema.org\",\"@graph\":[{\"@type\":\"Article\",\"@id\":\"https:\/\/noticiasemdestaque.com\/cd\/?p=77028#article\",\"isPartOf\":{\"@id\":\"https:\/\/noticiasemdestaque.com\/cd\/?p=77028\"},\"author\":{\"name\":\"Not\u00edcias em Destaque\",\"@id\":\"https:\/\/noticiasemdestaque.com\/cd\/#\/schema\/person\/9c05c6816b191977f47499b3494ace52\"},\"headline\":\"Sa\u00fade de Sum\u00e9 amplia oferta de especialidades m\u00e9dicas e fortalece atendimento \u00e0 popula\u00e7\u00e3o\",\"datePublished\":\"2026-03-12T14:08:56+00:00\",\"mainEntityOfPage\":{\"@id\":\"https:\/\/noticiasemdestaque.com\/cd\/?p=77028\"},\"wordCount\":317,\"publisher\":{\"@id\":\"https:\/\/noticiasemdestaque.com\/cd\/#organization\"},\"image\":{\"@id\":\"https:\/\/noticiasemdestaque.com\/cd\/?p=77028#primaryimage\"},\"thumbnailUrl\":\"https:\/\/noticiasemdestaque.com\/cd\/wp-content\/uploads\/2026\/03\/WhatsApp-Image-2026-03-12-at-09.27.36.jpeg\",\"articleSection\":[\"Cidades\"],\"inLanguage\":\"pt-BR\"},{\"@type\":\"WebPage\",\"@id\":\"https:\/\/noticiasemdestaque.com\/cd\/?p=77028\",\"url\":\"https:\/\/noticiasemdestaque.com\/cd\/?p=77028\",\"name\":\"Sa\u00fade de Sum\u00e9 amplia oferta de especialidades m\u00e9dicas e fortalece atendimento \u00e0 popula\u00e7\u00e3o - Not&iacute;cias em Destaque\",\"isPartOf\":{\"@id\":\"https:\/\/noticiasemdestaque.com\/cd\/#website\"},\"primaryImageOfPage\":{\"@id\":\"https:\/\/noticiasemdestaque.com\/cd\/?p=77028#primaryimage\"},\"image\":{\"@id\":\"https:\/\/noticiasemdestaque.com\/cd\/?p=77028#primaryimage\"},\"thumbnailUrl\":\"https:\/\/noticiasemdestaque.com\/cd\/wp-content\/uploads\/2026\/03\/WhatsApp-Image-2026-03-12-at-09.27.36.jpeg\",\"datePublished\":\"2026-03-12T14:08:56+00:00\",\"breadcrumb\":{\"@id\":\"https:\/\/noticiasemdestaque.com\/cd\/?p=77028#breadcrumb\"},\"inLanguage\":\"pt-BR\",\"potentialAction\":[{\"@type\":\"ReadAction\",\"target\":[\"https:\/\/noticiasemdestaque.com\/cd\/?p=77028\"]}]},{\"@type\":\"ImageObject\",\"inLanguage\":\"pt-BR\",\"@id\":\"https:\/\/noticiasemdestaque.com\/cd\/?p=77028#primaryimage\",\"url\":\"https:\/\/noticiasemdestaque.com\/cd\/wp-content\/uploads\/2026\/03\/WhatsApp-Image-2026-03-12-at-09.27.36.jpeg\",\"contentUrl\":\"https:\/\/noticiasemdestaque.com\/cd\/wp-content\/uploads\/2026\/03\/WhatsApp-Image-2026-03-12-at-09.27.36.jpeg\",\"width\":1280,\"height\":960},{\"@type\":\"BreadcrumbList\",\"@id\":\"https:\/\/noticiasemdestaque.com\/cd\/?p=77028#breadcrumb\",\"itemListElement\":[{\"@type\":\"ListItem\",\"position\":1,\"name\":\"In\u00edcio\",\"item\":\"https:\/\/noticiasemdestaque.com\/cd\/\"},{\"@type\":\"ListItem\",\"position\":2,\"name\":\"Sa\u00fade de Sum\u00e9 amplia oferta de especialidades m\u00e9dicas e fortalece atendimento \u00e0 popula\u00e7\u00e3o\"}]},{\"@type\":\"WebSite\",\"@id\":\"https:\/\/noticiasemdestaque.com\/cd\/#website\",\"url\":\"https:\/\/noticiasemdestaque.com\/cd\/\",\"name\":\"Not&iacute;cias em Destaque\",\"description\":\"\",\"publisher\":{\"@id\":\"https:\/\/noticiasemdestaque.com\/cd\/#organization\"},\"potentialAction\":[{\"@type\":\"SearchAction\",\"target\":{\"@type\":\"EntryPoint\",\"urlTemplate\":\"https:\/\/noticiasemdestaque.com\/cd\/?s={search_term_string}\"},\"query-input\":{\"@type\":\"PropertyValueSpecification\",\"valueRequired\":true,\"valueName\":\"search_term_string\"}}],\"inLanguage\":\"pt-BR\"},{\"@type\":\"Organization\",\"@id\":\"https:\/\/noticiasemdestaque.com\/cd\/#organization\",\"name\":\"Not\u00edcias em Destaque\",\"url\":\"https:\/\/noticiasemdestaque.com\/cd\/\",\"logo\":{\"@type\":\"ImageObject\",\"inLanguage\":\"pt-BR\",\"@id\":\"https:\/\/noticiasemdestaque.com\/cd\/#\/schema\/logo\/image\/\",\"url\":\"https:\/\/noticiasemdestaque.com\/cd\/wp-content\/uploads\/2022\/05\/imagem-base-noticiasemdestaque.png\",\"contentUrl\":\"https:\/\/noticiasemdestaque.com\/cd\/wp-content\/uploads\/2022\/05\/imagem-base-noticiasemdestaque.png\",\"width\":1200,\"height\":630,\"caption\":\"Not\u00edcias em Destaque\"},\"image\":{\"@id\":\"https:\/\/noticiasemdestaque.com\/cd\/#\/schema\/logo\/image\/\"}},{\"@type\":\"Person\",\"@id\":\"https:\/\/noticiasemdestaque.com\/cd\/#\/schema\/person\/9c05c6816b191977f47499b3494ace52\",\"name\":\"Not\u00edcias em Destaque\",\"url\":\"https:\/\/noticiasemdestaque.com\/cd\/?author=2\"}]}<\/script>\n<!-- \/ Yoast SEO plugin. -->","yoast_head_json":{"title":"Sa\u00fade de Sum\u00e9 amplia oferta de especialidades m\u00e9dicas e fortalece atendimento \u00e0 popula\u00e7\u00e3o - Not&iacute;cias em Destaque","robots":{"index":"index","follow":"follow","max-snippet":"max-snippet:-1","max-image-preview":"max-image-preview:large","max-video-preview":"max-video-preview:-1"},"canonical":"https:\/\/noticiasemdestaque.com\/cd\/?p=77028","og_locale":"pt_BR","og_type":"article","og_title":"Sa\u00fade de Sum\u00e9 amplia oferta de especialidades m\u00e9dicas e fortalece atendimento \u00e0 popula\u00e7\u00e3o - Not&iacute;cias em Destaque","og_description":"A Prefeitura de Sum\u00e9, por meio da Secretaria de Sa\u00fade, segue fortalecendo os atendimentos de especialidades m\u00e9dicas na rede p\u00fablica municipal, refor\u00e7ando o compromisso, a continuidade dos servi\u00e7os e maior celeridade nas filas de espera. Nesta semana, a Secretaria divulgou o calend\u00e1rio de atendimentos m\u00e9dicos especializados para o m\u00eas de mar\u00e7o. S\u00e3o atendimentos ofertados diretamente pelo munic\u00edpio, que v\u00e3o al\u00e9m dos j\u00e1 existentes pelo Cons\u00f3rcio Intermunicipal de Sa\u00fade (Cisco). Outras parcerias com cl\u00ednicas m\u00e9dicas est\u00e3o sendo feitas, principalmente para a realiza\u00e7\u00e3o de resson\u00e2ncias. A iniciativa une esfor\u00e7os de toda a rede de sa\u00fade que aproveita a capacidade instalada existente, trabalhando para que a popula\u00e7\u00e3o sumeense tenha acesso a um atendimento especializado cada vez mais r\u00e1pido, eficiente e humanizado. Todas as consultas s\u00e3o pr\u00e9-agendadas na Secretaria de Sa\u00fade, mediante guia de encaminhamento da unidade b\u00e1sica. Al\u00e9m da pediatria, psiquiatria e pneumologia j\u00e1 implantadas, este m\u00eas, a Secretaria traz ainda as especialidades em neurologia e angiologia. Para a secret\u00e1ria de Sa\u00fade, Niedja Rodrigues, a amplia\u00e7\u00e3o busca atender a uma demanda crescente da popula\u00e7\u00e3o, contribuindo at\u00e9 para um diagn\u00f3stico mais r\u00e1pido. \u201cMuitos pacientes est\u00e3o aguardando h\u00e1 um tempo na fila do SUS por esse atendimento. Ent\u00e3o, a gest\u00e3o municipal est\u00e1 trazendo esses especialistas para reduzir o tempo de espera e ampliar os servi\u00e7os no nosso munic\u00edpio\u201d, informou. Confira o cronograma de atendimentos para este m\u00eas: 12\/03 &#8211; Pediatra &#8211; Hospital 12\/03 &#8211; Pneumologista &#8211; Hospital 13\/03 &#8211; Pediatra &#8211; Centro de Especialidades 18\/03 &#8211; Psiquiatra &#8211; CAPS 25\/03 &#8211; Psiquiatra &#8211; Centro de Especialidades 25\/03 &#8211; Neurologista &#8211; Hospital 31\/03 &#8211; Angiologista &#8211; Hospital Noticias em Destaque Fonte: Ascom PMS","og_url":"https:\/\/noticiasemdestaque.com\/cd\/?p=77028","og_site_name":"Not&iacute;cias em Destaque","article_published_time":"2026-03-12T14:08:56+00:00","og_image":[{"width":1280,"height":960,"url":"https:\/\/noticiasemdestaque.com\/cd\/wp-content\/uploads\/2026\/03\/WhatsApp-Image-2026-03-12-at-09.27.36.jpeg","type":"image\/jpeg"}],"author":"Not\u00edcias em Destaque","twitter_card":"summary_large_image","twitter_misc":{"Escrito por":"Not\u00edcias em Destaque","Est. tempo de leitura":"2 minutos"},"schema":{"@context":"https:\/\/schema.org","@graph":[{"@type":"Article","@id":"https:\/\/noticiasemdestaque.com\/cd\/?p=77028#article","isPartOf":{"@id":"https:\/\/noticiasemdestaque.com\/cd\/?p=77028"},"author":{"name":"Not\u00edcias em Destaque","@id":"https:\/\/noticiasemdestaque.com\/cd\/#\/schema\/person\/9c05c6816b191977f47499b3494ace52"},"headline":"Sa\u00fade de Sum\u00e9 amplia oferta de especialidades m\u00e9dicas e fortalece atendimento \u00e0 popula\u00e7\u00e3o","datePublished":"2026-03-12T14:08:56+00:00","mainEntityOfPage":{"@id":"https:\/\/noticiasemdestaque.com\/cd\/?p=77028"},"wordCount":317,"publisher":{"@id":"https:\/\/noticiasemdestaque.com\/cd\/#organization"},"image":{"@id":"https:\/\/noticiasemdestaque.com\/cd\/?p=77028#primaryimage"},"thumbnailUrl":"https:\/\/noticiasemdestaque.com\/cd\/wp-content\/uploads\/2026\/03\/WhatsApp-Image-2026-03-12-at-09.27.36.jpeg","articleSection":["Cidades"],"inLanguage":"pt-BR"},{"@type":"WebPage","@id":"https:\/\/noticiasemdestaque.com\/cd\/?p=77028","url":"https:\/\/noticiasemdestaque.com\/cd\/?p=77028","name":"Sa\u00fade de Sum\u00e9 amplia oferta de especialidades m\u00e9dicas e fortalece atendimento \u00e0 popula\u00e7\u00e3o - Not&iacute;cias em Destaque","isPartOf":{"@id":"https:\/\/noticiasemdestaque.com\/cd\/#website"},"primaryImageOfPage":{"@id":"https:\/\/noticiasemdestaque.com\/cd\/?p=77028#primaryimage"},"image":{"@id":"https:\/\/noticiasemdestaque.com\/cd\/?p=77028#primaryimage"},"thumbnailUrl":"https:\/\/noticiasemdestaque.com\/cd\/wp-content\/uploads\/2026\/03\/WhatsApp-Image-2026-03-12-at-09.27.36.jpeg","datePublished":"2026-03-12T14:08:56+00:00","breadcrumb":{"@id":"https:\/\/noticiasemdestaque.com\/cd\/?p=77028#breadcrumb"},"inLanguage":"pt-BR","potentialAction":[{"@type":"ReadAction","target":["https:\/\/noticiasemdestaque.com\/cd\/?p=77028"]}]},{"@type":"ImageObject","inLanguage":"pt-BR","@id":"https:\/\/noticiasemdestaque.com\/cd\/?p=77028#primaryimage","url":"https:\/\/noticiasemdestaque.com\/cd\/wp-content\/uploads\/2026\/03\/WhatsApp-Image-2026-03-12-at-09.27.36.jpeg","contentUrl":"https:\/\/noticiasemdestaque.com\/cd\/wp-content\/uploads\/2026\/03\/WhatsApp-Image-2026-03-12-at-09.27.36.jpeg","width":1280,"height":960},{"@type":"BreadcrumbList","@id":"https:\/\/noticiasemdestaque.com\/cd\/?p=77028#breadcrumb","itemListElement":[{"@type":"ListItem","position":1,"name":"In\u00edcio","item":"https:\/\/noticiasemdestaque.com\/cd\/"},{"@type":"ListItem","position":2,"name":"Sa\u00fade de Sum\u00e9 amplia oferta de especialidades m\u00e9dicas e fortalece atendimento \u00e0 popula\u00e7\u00e3o"}]},{"@type":"WebSite","@id":"https:\/\/noticiasemdestaque.com\/cd\/#website","url":"https:\/\/noticiasemdestaque.com\/cd\/","name":"Not&iacute;cias em Destaque","description":"","publisher":{"@id":"https:\/\/noticiasemdestaque.com\/cd\/#organization"},"potentialAction":[{"@type":"SearchAction","target":{"@type":"EntryPoint","urlTemplate":"https:\/\/noticiasemdestaque.com\/cd\/?s={search_term_string}"},"query-input":{"@type":"PropertyValueSpecification","valueRequired":true,"valueName":"search_term_string"}}],"inLanguage":"pt-BR"},{"@type":"Organization","@id":"https:\/\/noticiasemdestaque.com\/cd\/#organization","name":"Not\u00edcias em Destaque","url":"https:\/\/noticiasemdestaque.com\/cd\/","logo":{"@type":"ImageObject","inLanguage":"pt-BR","@id":"https:\/\/noticiasemdestaque.com\/cd\/#\/schema\/logo\/image\/","url":"https:\/\/noticiasemdestaque.com\/cd\/wp-content\/uploads\/2022\/05\/imagem-base-noticiasemdestaque.png","contentUrl":"https:\/\/noticiasemdestaque.com\/cd\/wp-content\/uploads\/2022\/05\/imagem-base-noticiasemdestaque.png","width":1200,"height":630,"caption":"Not\u00edcias em Destaque"},"image":{"@id":"https:\/\/noticiasemdestaque.com\/cd\/#\/schema\/logo\/image\/"}},{"@type":"Person","@id":"https:\/\/noticiasemdestaque.com\/cd\/#\/schema\/person\/9c05c6816b191977f47499b3494ace52","name":"Not\u00edcias em Destaque","url":"https:\/\/noticiasemdestaque.com\/cd\/?author=2"}]}},"jetpack_featured_media_url":"https:\/\/noticiasemdestaque.com\/cd\/wp-content\/uploads\/2026\/03\/WhatsApp-Image-2026-03-12-at-09.27.36.jpeg","jetpack_sharing_enabled":true,"_links":{"self":[{"href":"https:\/\/noticiasemdestaque.com\/cd\/index.php?rest_route=\/wp\/v2\/posts\/77028","targetHints":{"allow":["GET"]}}],"collection":[{"href":"https:\/\/noticiasemdestaque.com\/cd\/index.php?rest_route=\/wp\/v2\/posts"}],"about":[{"href":"https:\/\/noticiasemdestaque.com\/cd\/index.php?rest_route=\/wp\/v2\/types\/post"}],"author":[{"embeddable":true,"href":"https:\/\/noticiasemdestaque.com\/cd\/index.php?rest_route=\/wp\/v2\/users\/2"}],"replies":[{"embeddable":true,"href":"https:\/\/noticiasemdestaque.com\/cd\/index.php?rest_route=%2Fwp%2Fv2%2Fcomments&post=77028"}],"version-history":[{"count":1,"href":"https:\/\/noticiasemdestaque.com\/cd\/index.php?rest_route=\/wp\/v2\/posts\/77028\/revisions"}],"predecessor-version":[{"id":77030,"href":"https:\/\/noticiasemdestaque.com\/cd\/index.php?rest_route=\/wp\/v2\/posts\/77028\/revisions\/77030"}],"wp:featuredmedia":[{"embeddable":true,"href":"https:\/\/noticiasemdestaque.com\/cd\/index.php?rest_route=\/wp\/v2\/media\/77029"}],"wp:attachment":[{"href":"https:\/\/noticiasemdestaque.com\/cd\/index.php?rest_route=%2Fwp%2Fv2%2Fmedia&parent=77028"}],"wp:term":[{"taxonomy":"category","embeddable":true,"href":"https:\/\/noticiasemdestaque.com\/cd\/index.php?rest_route=%2Fwp%2Fv2%2Fcategories&post=77028"},{"taxonomy":"post_tag","embeddable":true,"href":"https:\/\/noticiasemdestaque.com\/cd\/index.php?rest_route=%2Fwp%2Fv2%2Ftags&post=77028"}],"curies":[{"name":"wp","href":"https:\/\/api.w.org\/{rel}","templated":true}]}}